{"id":1878,"date":"2024-10-31T20:18:08","date_gmt":"2024-10-31T19:18:08","guid":{"rendered":"https:\/\/vieassociative.be\/actualites\/mon-offre-amazon-preferee-du-jour-le-combo-robot-aspirateur-et-vadrouille-roborock-q5-pro\/"},"modified":"2024-10-31T20:18:08","modified_gmt":"2024-10-31T19:18:08","slug":"mon-offre-amazon-preferee-du-jour-le-combo-robot-aspirateur-et-vadrouille-roborock-q5-pro","status":"publish","type":"post","link":"https:\/\/vieassociative.be\/actualites\/mon-offre-amazon-preferee-du-jour-le-combo-robot-aspirateur-et-vadrouille-roborock-q5-pro\/","title":{"rendered":"Mon offre Amazon pr\u00e9f\u00e9r\u00e9e du jour : le combo robot aspirateur et vadrouille Roborock Q5 Pro"},"content":{"rendered":"<div class=\"mt-4 leading-6 md:mb-8\">Ce robot aspirateur et laveur \u00e9conomique avec LiDAR \u00e9tait correct au prix fort, mais \u00e0 160 $, c&rsquo;est une bonne affaire.<\/div>\n<p><\/p>\n<p>Il existe plusieurs niveaux de robots aspirateurs\u00a0: plus la fourchette de prix est \u00e9lev\u00e9e, moins vous devez effectuer de travail manuel. Habituellement, pour moins de 250 $, vous obtenez l&rsquo;essentiel avec juste un aspirateur, une application d\u00e9cente et aucun LiDAR pour cartographier votre maison ou des fonctionnalit\u00e9s sophistiqu\u00e9es. Mais pour une dur\u00e9e limit\u00e9e, vous pouvez obtenir le Roborock Q5 Pro pour <strong>159,99\u00a0$<\/strong> (\u00e0 l\u2019origine 249,99 $), son prix le plus bas jamais enregistr\u00e9, selon les outils de v\u00e9rification des prix. Le Q5 Pro peut \u00e9galement nettoyer, dispose d&rsquo;un LiDAR pour cartographier votre maison, peut effectuer des nettoyages localis\u00e9s et des zones interdites, et dispose d&rsquo;une double brosse pour un meilleur nettoyage.<\/p>\n<p>Je continuerai \u00e0 le dire chaque fois que j&rsquo;en aurai l&rsquo;occasion\u00a0: les iRobots sont des produits trop chers qui fonctionnent sous leur marque depuis trop longtemps. Il y a une raison pour laquelle ils ne publient pas leur puissance d&rsquo;aspiration (ils ne sont pas comp\u00e9titifs). L&rsquo;\u00e9quivalent d&rsquo;iRobot en termes de prix est le Roomba Y011, et il n&rsquo;a pas de fonctionnalit\u00e9s LiDAR, double brosse ou application pour effectuer des nettoyages localis\u00e9s ou des zones interdites. Il vaut mieux opter pour le Roborock Q5 Pro, qui poss\u00e8de toutes ces fonctionnalit\u00e9s.<\/p>\n<p>Roborock a \u00e9t\u00e9 l&rsquo;une des nombreuses nouvelles marques d&rsquo;aspirateurs robots qui ont innov\u00e9 et repouss\u00e9 les normes de la technologie des aspirateurs robots, tandis qu&rsquo;iRobot est devenu complaisant. Leur application est conviviale et, avec le LiDAR, cartographie votre maison afin que vous puissiez indiquer au Q5 Pro o\u00f9 nettoyer et o\u00f9 ne pas le faire. Le Q5 Pro a une puissance d\u2019aspiration de 5 500 Pa et une batterie de 240 minutes, ce qui est des sp\u00e9cifications impressionnantes pour son prix actuel. <\/p>\n<p>Comme il s&rsquo;agit d&rsquo;un robot \u00e9conomique, il n&rsquo;y a pas de fonction de vidage automatique, vous devrez donc vider manuellement le bac \u00e0 poussi\u00e8re lorsqu&rsquo;il se remplit (mais il est sans sac, vous n&rsquo;aurez donc pas \u00e0 d\u00e9penser d&rsquo;argent pour de nouveaux sacs, contrairement \u00e0 certains <em>autre<\/em> marques). Il nettoie \u00e9galement automatiquement en raison de sa conception, ce qui signifie que vous devrez retirer manuellement le tampon de nettoyage si vous souhaitez simplement passer l&rsquo;aspirateur. <\/p>\n<p>Pour son prix actuel, vous ne trouverez pas de meilleur rapport qualit\u00e9-prix sur aucun autre robot aspirateur. <\/p>\n","protected":false},"excerpt":{"rendered":"<p>Ce robot aspirateur et laveur \u00e9conomique avec LiDAR \u00e9tait correct au prix fort, mais \u00e0 160 $, c&rsquo;est une bonne affaire. Il existe plusieurs niveaux<\/p>\n","protected":false},"author":1,"featured_media":1879,"comment_status":"","ping_status":"","sticky":false,"template":"","format":"standard","meta":{"footnotes":""},"categories":[40],"tags":[51,306,1384,53,49,50,52,630,2565,1385,1387],"class_list":["post-1878","post","type-post","status-publish","format-standard","has-post-thumbnail","hentry","category-maison","tag-amazon","tag-aspirateur","tag-combo","tag-jour","tag-mon","tag-offre","tag-preferee","tag-pro","tag-roborock","tag-robot","tag-vadrouille","generate-columns","tablet-grid-50","mobile-grid-100","grid-parent","grid-33"],"yoast_head":"<!-- This site is optimized with the Yoast SEO plugin v24.0 - https:\/\/yoast.com\/wordpress\/plugins\/seo\/ -->\n<title>Mon offre Amazon pr\u00e9f\u00e9r\u00e9e du jour : le combo robot aspirateur et vadrouille Roborock Q5 Pro | Vie Associative<\/title>\n<meta name=\"robots\" content=\"index, follow, max-snippet:-1, max-image-preview:large, max-video-preview:-1\" \/>\n<link rel=\"canonical\" href=\"https:\/\/vieassociative.be\/actualites\/mon-offre-amazon-preferee-du-jour-le-combo-robot-aspirateur-et-vadrouille-roborock-q5-pro\/\" \/>\n<meta property=\"og:locale\" content=\"fr_FR\" \/>\n<meta property=\"og:type\" content=\"article\" \/>\n<meta property=\"og:title\" content=\"Mon offre Amazon pr\u00e9f\u00e9r\u00e9e du jour : le combo robot aspirateur et vadrouille Roborock Q5 Pro | Vie Associative\" \/>\n<meta property=\"og:description\" content=\"Ce robot aspirateur et laveur \u00e9conomique avec LiDAR \u00e9tait correct au prix fort, mais \u00e0 160 $, c&rsquo;est une bonne affaire. Il existe plusieurs niveaux\" \/>\n<meta property=\"og:url\" content=\"https:\/\/vieassociative.be\/actualites\/mon-offre-amazon-preferee-du-jour-le-combo-robot-aspirateur-et-vadrouille-roborock-q5-pro\/\" \/>\n<meta property=\"og:site_name\" content=\"Vie Associative\" \/>\n<meta property=\"article:published_time\" content=\"2024-10-31T19:18:08+00:00\" \/>\n<meta property=\"og:image\" content=\"https:\/\/vieassociative.be\/actualites\/wp-content\/uploads\/2024\/09\/header_backgroundk-01-e1726694325946.png\" \/>\n\t<meta property=\"og:image:width\" content=\"279\" \/>\n\t<meta property=\"og:image:height\" content=\"92\" \/>\n\t<meta property=\"og:image:type\" content=\"image\/png\" \/>\n<meta name=\"author\" content=\"Julien\" \/>\n<meta name=\"twitter:card\" content=\"summary_large_image\" \/>\n<meta name=\"twitter:label1\" content=\"\u00c9crit par\" \/>\n\t<meta name=\"twitter:data1\" content=\"Julien\" \/>\n\t<meta name=\"twitter:label2\" content=\"Dur\u00e9e de lecture est.\" \/>\n\t<meta name=\"twitter:data2\" content=\"2 minutes\" \/>\n<script type=\"application\/ld+json\" class=\"yoast-schema-graph\">{\"@context\":\"https:\/\/schema.org\",\"@graph\":[{\"@type\":\"Article\",\"@id\":\"https:\/\/vieassociative.be\/actualites\/mon-offre-amazon-preferee-du-jour-le-combo-robot-aspirateur-et-vadrouille-roborock-q5-pro\/#article\",\"isPartOf\":{\"@id\":\"https:\/\/vieassociative.be\/actualites\/mon-offre-amazon-preferee-du-jour-le-combo-robot-aspirateur-et-vadrouille-roborock-q5-pro\/\"},\"author\":{\"name\":\"Julien\",\"@id\":\"https:\/\/vieassociative.be\/actualites\/#\/schema\/person\/b87ac4f82f9d4e7b7cec7395b679edc4\"},\"headline\":\"Mon offre Amazon pr\u00e9f\u00e9r\u00e9e du jour : le combo robot aspirateur et vadrouille Roborock Q5 Pro\",\"datePublished\":\"2024-10-31T19:18:08+00:00\",\"dateModified\":\"2024-10-31T19:18:08+00:00\",\"mainEntityOfPage\":{\"@id\":\"https:\/\/vieassociative.be\/actualites\/mon-offre-amazon-preferee-du-jour-le-combo-robot-aspirateur-et-vadrouille-roborock-q5-pro\/\"},\"wordCount\":436,\"publisher\":{\"@id\":\"https:\/\/vieassociative.be\/actualites\/#organization\"},\"image\":{\"@id\":\"https:\/\/vieassociative.be\/actualites\/mon-offre-amazon-preferee-du-jour-le-combo-robot-aspirateur-et-vadrouille-roborock-q5-pro\/#primaryimage\"},\"thumbnailUrl\":\"https:\/\/vieassociative.be\/actualites\/wp-content\/uploads\/2024\/10\/Mon-offre-Amazon-preferee-du-jour-le-combo-robot.png\",\"keywords\":[\"Amazon\",\"aspirateur\",\"combo\",\"jour\",\"Mon\",\"offre\",\"pr\u00e9f\u00e9r\u00e9e\",\"Pro\",\"Roborock\",\"robot\",\"vadrouille\"],\"articleSection\":[\"Maison\"],\"inLanguage\":\"fr-BE\"},{\"@type\":\"WebPage\",\"@id\":\"https:\/\/vieassociative.be\/actualites\/mon-offre-amazon-preferee-du-jour-le-combo-robot-aspirateur-et-vadrouille-roborock-q5-pro\/\",\"url\":\"https:\/\/vieassociative.be\/actualites\/mon-offre-amazon-preferee-du-jour-le-combo-robot-aspirateur-et-vadrouille-roborock-q5-pro\/\",\"name\":\"Mon offre Amazon pr\u00e9f\u00e9r\u00e9e du jour : le combo robot aspirateur et vadrouille Roborock Q5 Pro | Vie Associative\",\"isPartOf\":{\"@id\":\"https:\/\/vieassociative.be\/actualites\/#website\"},\"primaryImageOfPage\":{\"@id\":\"https:\/\/vieassociative.be\/actualites\/mon-offre-amazon-preferee-du-jour-le-combo-robot-aspirateur-et-vadrouille-roborock-q5-pro\/#primaryimage\"},\"image\":{\"@id\":\"https:\/\/vieassociative.be\/actualites\/mon-offre-amazon-preferee-du-jour-le-combo-robot-aspirateur-et-vadrouille-roborock-q5-pro\/#primaryimage\"},\"thumbnailUrl\":\"https:\/\/vieassociative.be\/actualites\/wp-content\/uploads\/2024\/10\/Mon-offre-Amazon-preferee-du-jour-le-combo-robot.png\",\"datePublished\":\"2024-10-31T19:18:08+00:00\",\"dateModified\":\"2024-10-31T19:18:08+00:00\",\"breadcrumb\":{\"@id\":\"https:\/\/vieassociative.be\/actualites\/mon-offre-amazon-preferee-du-jour-le-combo-robot-aspirateur-et-vadrouille-roborock-q5-pro\/#breadcrumb\"},\"inLanguage\":\"fr-BE\",\"potentialAction\":[{\"@type\":\"ReadAction\",\"target\":[\"https:\/\/vieassociative.be\/actualites\/mon-offre-amazon-preferee-du-jour-le-combo-robot-aspirateur-et-vadrouille-roborock-q5-pro\/\"]}]},{\"@type\":\"ImageObject\",\"inLanguage\":\"fr-BE\",\"@id\":\"https:\/\/vieassociative.be\/actualites\/mon-offre-amazon-preferee-du-jour-le-combo-robot-aspirateur-et-vadrouille-roborock-q5-pro\/#primaryimage\",\"url\":\"https:\/\/vieassociative.be\/actualites\/wp-content\/uploads\/2024\/10\/Mon-offre-Amazon-preferee-du-jour-le-combo-robot.png\",\"contentUrl\":\"https:\/\/vieassociative.be\/actualites\/wp-content\/uploads\/2024\/10\/Mon-offre-Amazon-preferee-du-jour-le-combo-robot.png\",\"width\":1200,\"height\":675,\"caption\":\"Mon offre Amazon pr\u00e9f\u00e9r\u00e9e du jour : le combo robot aspirateur et vadrouille Roborock Q5 Pro\"},{\"@type\":\"BreadcrumbList\",\"@id\":\"https:\/\/vieassociative.be\/actualites\/mon-offre-amazon-preferee-du-jour-le-combo-robot-aspirateur-et-vadrouille-roborock-q5-pro\/#breadcrumb\",\"itemListElement\":[{\"@type\":\"ListItem\",\"position\":1,\"name\":\"Accueil\",\"item\":\"https:\/\/vieassociative.be\/actualites\/\"},{\"@type\":\"ListItem\",\"position\":2,\"name\":\"Mon offre Amazon pr\u00e9f\u00e9r\u00e9e du jour : le combo robot aspirateur et vadrouille Roborock Q5 Pro\"}]},{\"@type\":\"WebSite\",\"@id\":\"https:\/\/vieassociative.be\/actualites\/#website\",\"url\":\"https:\/\/vieassociative.be\/actualites\/\",\"name\":\"Vie Associative\",\"description\":\"\",\"publisher\":{\"@id\":\"https:\/\/vieassociative.be\/actualites\/#organization\"},\"potentialAction\":[{\"@type\":\"SearchAction\",\"target\":{\"@type\":\"EntryPoint\",\"urlTemplate\":\"https:\/\/vieassociative.be\/actualites\/?s={search_term_string}\"},\"query-input\":{\"@type\":\"PropertyValueSpecification\",\"valueRequired\":true,\"valueName\":\"search_term_string\"}}],\"inLanguage\":\"fr-BE\"},{\"@type\":\"Organization\",\"@id\":\"https:\/\/vieassociative.be\/actualites\/#organization\",\"name\":\"Vie Associative\",\"url\":\"https:\/\/vieassociative.be\/actualites\/\",\"logo\":{\"@type\":\"ImageObject\",\"inLanguage\":\"fr-BE\",\"@id\":\"https:\/\/vieassociative.be\/actualites\/#\/schema\/logo\/image\/\",\"url\":\"https:\/\/vieassociative.be\/actualites\/wp-content\/uploads\/2024\/09\/cropped-vieassociative_favicon.ico.png\",\"contentUrl\":\"https:\/\/vieassociative.be\/actualites\/wp-content\/uploads\/2024\/09\/cropped-vieassociative_favicon.ico.png\",\"width\":512,\"height\":512,\"caption\":\"Vie Associative\"},\"image\":{\"@id\":\"https:\/\/vieassociative.be\/actualites\/#\/schema\/logo\/image\/\"}},{\"@type\":\"Person\",\"@id\":\"https:\/\/vieassociative.be\/actualites\/#\/schema\/person\/b87ac4f82f9d4e7b7cec7395b679edc4\",\"name\":\"Julien\",\"image\":{\"@type\":\"ImageObject\",\"inLanguage\":\"fr-BE\",\"@id\":\"https:\/\/vieassociative.be\/actualites\/#\/schema\/person\/image\/\",\"url\":\"https:\/\/vieassociative.be\/actualites\/wp-content\/uploads\/2024\/09\/vie-associative-1-150x150.jpg\",\"contentUrl\":\"https:\/\/vieassociative.be\/actualites\/wp-content\/uploads\/2024\/09\/vie-associative-1-150x150.jpg\",\"caption\":\"Julien\"},\"description\":\"Je suis Julien, r\u00e9dacteur pour Vie Associative. Passionn\u00e9 par le monde associatif depuis plus de 10 ans, j'ai \u00e0 c\u0153ur de partager des histoires inspirantes et de mettre en lumi\u00e8re les initiatives locales. Mon objectif est de sensibiliser et d'encourager l'engagement communautaire \u00e0 travers mes articles.\",\"sameAs\":[\"https:\/\/vieassociative.be\/\"]}]}<\/script>\n<!-- \/ Yoast SEO plugin. -->","yoast_head_json":{"title":"Mon offre Amazon pr\u00e9f\u00e9r\u00e9e du jour : le combo robot aspirateur et vadrouille Roborock Q5 Pro | Vie Associative","robots":{"index":"index","follow":"follow","max-snippet":"max-snippet:-1","max-image-preview":"max-image-preview:large","max-video-preview":"max-video-preview:-1"},"canonical":"https:\/\/vieassociative.be\/actualites\/mon-offre-amazon-preferee-du-jour-le-combo-robot-aspirateur-et-vadrouille-roborock-q5-pro\/","og_locale":"fr_FR","og_type":"article","og_title":"Mon offre Amazon pr\u00e9f\u00e9r\u00e9e du jour : le combo robot aspirateur et vadrouille Roborock Q5 Pro | Vie Associative","og_description":"Ce robot aspirateur et laveur \u00e9conomique avec LiDAR \u00e9tait correct au prix fort, mais \u00e0 160 $, c&rsquo;est une bonne affaire. Il existe plusieurs niveaux","og_url":"https:\/\/vieassociative.be\/actualites\/mon-offre-amazon-preferee-du-jour-le-combo-robot-aspirateur-et-vadrouille-roborock-q5-pro\/","og_site_name":"Vie Associative","article_published_time":"2024-10-31T19:18:08+00:00","og_image":[{"width":279,"height":92,"url":"https:\/\/vieassociative.be\/actualites\/wp-content\/uploads\/2024\/09\/header_backgroundk-01-e1726694325946.png","type":"image\/png"}],"author":"Julien","twitter_card":"summary_large_image","twitter_misc":{"\u00c9crit par":"Julien","Dur\u00e9e de lecture est.":"2 minutes"},"schema":{"@context":"https:\/\/schema.org","@graph":[{"@type":"Article","@id":"https:\/\/vieassociative.be\/actualites\/mon-offre-amazon-preferee-du-jour-le-combo-robot-aspirateur-et-vadrouille-roborock-q5-pro\/#article","isPartOf":{"@id":"https:\/\/vieassociative.be\/actualites\/mon-offre-amazon-preferee-du-jour-le-combo-robot-aspirateur-et-vadrouille-roborock-q5-pro\/"},"author":{"name":"Julien","@id":"https:\/\/vieassociative.be\/actualites\/#\/schema\/person\/b87ac4f82f9d4e7b7cec7395b679edc4"},"headline":"Mon offre Amazon pr\u00e9f\u00e9r\u00e9e du jour : le combo robot aspirateur et vadrouille Roborock Q5 Pro","datePublished":"2024-10-31T19:18:08+00:00","dateModified":"2024-10-31T19:18:08+00:00","mainEntityOfPage":{"@id":"https:\/\/vieassociative.be\/actualites\/mon-offre-amazon-preferee-du-jour-le-combo-robot-aspirateur-et-vadrouille-roborock-q5-pro\/"},"wordCount":436,"publisher":{"@id":"https:\/\/vieassociative.be\/actualites\/#organization"},"image":{"@id":"https:\/\/vieassociative.be\/actualites\/mon-offre-amazon-preferee-du-jour-le-combo-robot-aspirateur-et-vadrouille-roborock-q5-pro\/#primaryimage"},"thumbnailUrl":"https:\/\/vieassociative.be\/actualites\/wp-content\/uploads\/2024\/10\/Mon-offre-Amazon-preferee-du-jour-le-combo-robot.png","keywords":["Amazon","aspirateur","combo","jour","Mon","offre","pr\u00e9f\u00e9r\u00e9e","Pro","Roborock","robot","vadrouille"],"articleSection":["Maison"],"inLanguage":"fr-BE"},{"@type":"WebPage","@id":"https:\/\/vieassociative.be\/actualites\/mon-offre-amazon-preferee-du-jour-le-combo-robot-aspirateur-et-vadrouille-roborock-q5-pro\/","url":"https:\/\/vieassociative.be\/actualites\/mon-offre-amazon-preferee-du-jour-le-combo-robot-aspirateur-et-vadrouille-roborock-q5-pro\/","name":"Mon offre Amazon pr\u00e9f\u00e9r\u00e9e du jour : le combo robot aspirateur et vadrouille Roborock Q5 Pro | Vie Associative","isPartOf":{"@id":"https:\/\/vieassociative.be\/actualites\/#website"},"primaryImageOfPage":{"@id":"https:\/\/vieassociative.be\/actualites\/mon-offre-amazon-preferee-du-jour-le-combo-robot-aspirateur-et-vadrouille-roborock-q5-pro\/#primaryimage"},"image":{"@id":"https:\/\/vieassociative.be\/actualites\/mon-offre-amazon-preferee-du-jour-le-combo-robot-aspirateur-et-vadrouille-roborock-q5-pro\/#primaryimage"},"thumbnailUrl":"https:\/\/vieassociative.be\/actualites\/wp-content\/uploads\/2024\/10\/Mon-offre-Amazon-preferee-du-jour-le-combo-robot.png","datePublished":"2024-10-31T19:18:08+00:00","dateModified":"2024-10-31T19:18:08+00:00","breadcrumb":{"@id":"https:\/\/vieassociative.be\/actualites\/mon-offre-amazon-preferee-du-jour-le-combo-robot-aspirateur-et-vadrouille-roborock-q5-pro\/#breadcrumb"},"inLanguage":"fr-BE","potentialAction":[{"@type":"ReadAction","target":["https:\/\/vieassociative.be\/actualites\/mon-offre-amazon-preferee-du-jour-le-combo-robot-aspirateur-et-vadrouille-roborock-q5-pro\/"]}]},{"@type":"ImageObject","inLanguage":"fr-BE","@id":"https:\/\/vieassociative.be\/actualites\/mon-offre-amazon-preferee-du-jour-le-combo-robot-aspirateur-et-vadrouille-roborock-q5-pro\/#primaryimage","url":"https:\/\/vieassociative.be\/actualites\/wp-content\/uploads\/2024\/10\/Mon-offre-Amazon-preferee-du-jour-le-combo-robot.png","contentUrl":"https:\/\/vieassociative.be\/actualites\/wp-content\/uploads\/2024\/10\/Mon-offre-Amazon-preferee-du-jour-le-combo-robot.png","width":1200,"height":675,"caption":"Mon offre Amazon pr\u00e9f\u00e9r\u00e9e du jour : le combo robot aspirateur et vadrouille Roborock Q5 Pro"},{"@type":"BreadcrumbList","@id":"https:\/\/vieassociative.be\/actualites\/mon-offre-amazon-preferee-du-jour-le-combo-robot-aspirateur-et-vadrouille-roborock-q5-pro\/#breadcrumb","itemListElement":[{"@type":"ListItem","position":1,"name":"Accueil","item":"https:\/\/vieassociative.be\/actualites\/"},{"@type":"ListItem","position":2,"name":"Mon offre Amazon pr\u00e9f\u00e9r\u00e9e du jour : le combo robot aspirateur et vadrouille Roborock Q5 Pro"}]},{"@type":"WebSite","@id":"https:\/\/vieassociative.be\/actualites\/#website","url":"https:\/\/vieassociative.be\/actualites\/","name":"Vie Associative","description":"","publisher":{"@id":"https:\/\/vieassociative.be\/actualites\/#organization"},"potentialAction":[{"@type":"SearchAction","target":{"@type":"EntryPoint","urlTemplate":"https:\/\/vieassociative.be\/actualites\/?s={search_term_string}"},"query-input":{"@type":"PropertyValueSpecification","valueRequired":true,"valueName":"search_term_string"}}],"inLanguage":"fr-BE"},{"@type":"Organization","@id":"https:\/\/vieassociative.be\/actualites\/#organization","name":"Vie Associative","url":"https:\/\/vieassociative.be\/actualites\/","logo":{"@type":"ImageObject","inLanguage":"fr-BE","@id":"https:\/\/vieassociative.be\/actualites\/#\/schema\/logo\/image\/","url":"https:\/\/vieassociative.be\/actualites\/wp-content\/uploads\/2024\/09\/cropped-vieassociative_favicon.ico.png","contentUrl":"https:\/\/vieassociative.be\/actualites\/wp-content\/uploads\/2024\/09\/cropped-vieassociative_favicon.ico.png","width":512,"height":512,"caption":"Vie Associative"},"image":{"@id":"https:\/\/vieassociative.be\/actualites\/#\/schema\/logo\/image\/"}},{"@type":"Person","@id":"https:\/\/vieassociative.be\/actualites\/#\/schema\/person\/b87ac4f82f9d4e7b7cec7395b679edc4","name":"Julien","image":{"@type":"ImageObject","inLanguage":"fr-BE","@id":"https:\/\/vieassociative.be\/actualites\/#\/schema\/person\/image\/","url":"https:\/\/vieassociative.be\/actualites\/wp-content\/uploads\/2024\/09\/vie-associative-1-150x150.jpg","contentUrl":"https:\/\/vieassociative.be\/actualites\/wp-content\/uploads\/2024\/09\/vie-associative-1-150x150.jpg","caption":"Julien"},"description":"Je suis Julien, r\u00e9dacteur pour Vie Associative. Passionn\u00e9 par le monde associatif depuis plus de 10 ans, j'ai \u00e0 c\u0153ur de partager des histoires inspirantes et de mettre en lumi\u00e8re les initiatives locales. Mon objectif est de sensibiliser et d'encourager l'engagement communautaire \u00e0 travers mes articles.","sameAs":["https:\/\/vieassociative.be\/"]}]}},"_links":{"self":[{"href":"https:\/\/vieassociative.be\/actualites\/wp-json\/wp\/v2\/posts\/1878"}],"collection":[{"href":"https:\/\/vieassociative.be\/actualites\/wp-json\/wp\/v2\/posts"}],"about":[{"href":"https:\/\/vieassociative.be\/actualites\/wp-json\/wp\/v2\/types\/post"}],"author":[{"embeddable":true,"href":"https:\/\/vieassociative.be\/actualites\/wp-json\/wp\/v2\/users\/1"}],"replies":[{"embeddable":true,"href":"https:\/\/vieassociative.be\/actualites\/wp-json\/wp\/v2\/comments?post=1878"}],"version-history":[{"count":0,"href":"https:\/\/vieassociative.be\/actualites\/wp-json\/wp\/v2\/posts\/1878\/revisions"}],"wp:featuredmedia":[{"embeddable":true,"href":"https:\/\/vieassociative.be\/actualites\/wp-json\/wp\/v2\/media\/1879"}],"wp:attachment":[{"href":"https:\/\/vieassociative.be\/actualites\/wp-json\/wp\/v2\/media?parent=1878"}],"wp:term":[{"taxonomy":"category","embeddable":true,"href":"https:\/\/vieassociative.be\/actualites\/wp-json\/wp\/v2\/categories?post=1878"},{"taxonomy":"post_tag","embeddable":true,"href":"https:\/\/vieassociative.be\/actualites\/wp-json\/wp\/v2\/tags?post=1878"}],"curies":[{"name":"wp","href":"https:\/\/api.w.org\/{rel}","templated":true}]}}