{"id":1872,"date":"2024-10-31T17:17:18","date_gmt":"2024-10-31T16:17:18","guid":{"rendered":"https:\/\/vieassociative.be\/actualites\/il-sagit-de-la-meilleure-offre-nintendo-switch-oled-black-friday-a-ce-jour\/"},"modified":"2024-10-31T17:17:18","modified_gmt":"2024-10-31T16:17:18","slug":"il-sagit-de-la-meilleure-offre-nintendo-switch-oled-black-friday-a-ce-jour","status":"publish","type":"post","link":"https:\/\/vieassociative.be\/actualites\/il-sagit-de-la-meilleure-offre-nintendo-switch-oled-black-friday-a-ce-jour\/","title":{"rendered":"Il s\u2019agit de la meilleure offre Nintendo Switch OLED Black Friday \u00e0 ce jour"},"content":{"rendered":"<div class=\"mt-4 leading-6 md:mb-8\">Obtenez la Nintendo Switch OLED de Dell, plus une carte-cadeau de 75 $, avec cette premi\u00e8re offre du Black Friday.<\/div>\n<p><\/p>\n<p>Dell a r\u00e9cemment publi\u00e9 un accord pour le <strong>Xbox S\u00e9rie X<\/strong> pour son prix le plus bas \u00e0 ce jour, en plus d&rsquo;obtenir une carte-cadeau \u00e9lectronique Dell de 75 $. Maintenant, ils ont conclu un accord similaire pour la Nintendo Switch OLED : vous pouvez obtenir le dernier mod\u00e8le de Switch pour <strong>349,99\u00a0$<\/strong> avec une carte-cadeau \u00e9lectronique de 75 $. <\/p>\n<p><strong>Les premi\u00e8res offres du Black Friday de Dell<\/strong> sont d\u00e9j\u00e0 en ligne, o\u00f9 vous pouvez trouver des r\u00e9ductions sur <strong>ordinateurs portables<\/strong>, <strong>ordinateurs de bureau<\/strong>, <strong>PC de jeu<\/strong>, <strong>moniteurs<\/strong>et <strong>autres accessoires<\/strong>. L&rsquo;accord Nintendo Switch fait partie des offres Dell Black Friday, mais on ne sait pas combien de temps il durera. La carte-cadeau \u00e9lectronique de 75 $ est une offre sp\u00e9ciale qui vous sera envoy\u00e9e par courrier \u00e9lectronique dans les 20 jours suivant votre achat. Il ne peut \u00eatre utilis\u00e9 que pour acheter des marchandises ou des services sur Dell.com (mais le site vend des accessoires et des jeux Nintendo). La carte cadeau expire 90 jours apr\u00e8s avoir \u00e9t\u00e9 \u00e9mise, alors utilisez-la pendant la vente du Black Friday si vous souhaitez en tirer le meilleur parti. Vous pouvez en savoir plus sur les conditions g\u00e9n\u00e9rales de la promotion des cartes cadeaux \u00e9lectroniques. <strong>ici<\/strong>.<\/p>\n<h2 id=\"this-is-the-best-deal-for-the-nintendo-switch-oled\">C&rsquo;est la meilleure offre pour la Nintendo Switch OLED<\/h2>\n<p>Bien que le prix du mod\u00e8le OLED de Dell ne soit pas r\u00e9duit par rapport \u00e0 son prix habituel de 349,99 $, la carte-cadeau de 75 $ en fait la meilleure offre disponible. Bien que vous puissiez trouver d&rsquo;autres offres, telles que des vendeurs tiers Walmart qui la vendent \u00e0 moindre co\u00fbt, si vous pr\u00e9voyez d&rsquo;utiliser la carte-cadeau de 75 $ pour d&rsquo;autres articles que vous envisagez d&rsquo;acheter de toute fa\u00e7on, comme le Pro Controller ou tout autre jeu Switch suppl\u00e9mentaire, ceci l&rsquo;accord finit par vous faire \u00e9conomiser le plus d&rsquo;argent. <\/p>\n<p>Vous n&rsquo;avez pas besoin d&rsquo;\u00eatre membre du programme Dell Rewards pour profiter de cette offre\u00a0; vous pouvez soit cr\u00e9er un compte, soit payer en tant qu&rsquo;invit\u00e9. Gardez \u00e0 l\u2019esprit que l\u2019e-mail que vous utilisez pour l\u2019achat sera celui o\u00f9 vous recevrez la carte cadeau.<\/p>\n","protected":false},"excerpt":{"rendered":"<p>Obtenez la Nintendo Switch OLED de Dell, plus une carte-cadeau de 75 $, avec cette premi\u00e8re offre du Black Friday. Dell a r\u00e9cemment publi\u00e9 un<\/p>\n","protected":false},"author":1,"featured_media":1873,"comment_status":"","ping_status":"","sticky":false,"template":"","format":"standard","meta":{"footnotes":""},"categories":[36],"tags":[73,1255,53,530,1389,50,2558,2557,1390],"class_list":["post-1872","post","type-post","status-publish","format-standard","has-post-thumbnail","hentry","category-divertissement","tag-black","tag-friday","tag-jour","tag-meilleure","tag-nintendo","tag-offre","tag-oled","tag-sagit","tag-switch","generate-columns","tablet-grid-50","mobile-grid-100","grid-parent","grid-33"],"yoast_head":"<!-- This site is optimized with the Yoast SEO plugin v24.0 - https:\/\/yoast.com\/wordpress\/plugins\/seo\/ -->\n<title>Il s\u2019agit de la meilleure offre Nintendo Switch OLED Black Friday \u00e0 ce jour | Vie Associative<\/title>\n<meta name=\"robots\" content=\"index, follow, max-snippet:-1, max-image-preview:large, max-video-preview:-1\" \/>\n<link rel=\"canonical\" href=\"https:\/\/vieassociative.be\/actualites\/il-sagit-de-la-meilleure-offre-nintendo-switch-oled-black-friday-a-ce-jour\/\" \/>\n<meta property=\"og:locale\" content=\"fr_FR\" \/>\n<meta property=\"og:type\" content=\"article\" \/>\n<meta property=\"og:title\" content=\"Il s\u2019agit de la meilleure offre Nintendo Switch OLED Black Friday \u00e0 ce jour | Vie Associative\" \/>\n<meta property=\"og:description\" content=\"Obtenez la Nintendo Switch OLED de Dell, plus une carte-cadeau de 75 $, avec cette premi\u00e8re offre du Black Friday. Dell a r\u00e9cemment publi\u00e9 un\" \/>\n<meta property=\"og:url\" content=\"https:\/\/vieassociative.be\/actualites\/il-sagit-de-la-meilleure-offre-nintendo-switch-oled-black-friday-a-ce-jour\/\" \/>\n<meta property=\"og:site_name\" content=\"Vie Associative\" \/>\n<meta property=\"article:published_time\" content=\"2024-10-31T16:17:18+00:00\" \/>\n<meta property=\"og:image\" content=\"https:\/\/vieassociative.be\/actualites\/wp-content\/uploads\/2024\/09\/header_backgroundk-01-e1726694325946.png\" \/>\n\t<meta property=\"og:image:width\" content=\"279\" \/>\n\t<meta property=\"og:image:height\" content=\"92\" \/>\n\t<meta property=\"og:image:type\" content=\"image\/png\" \/>\n<meta name=\"author\" content=\"Julien\" \/>\n<meta name=\"twitter:card\" content=\"summary_large_image\" \/>\n<meta name=\"twitter:label1\" content=\"\u00c9crit par\" \/>\n\t<meta name=\"twitter:data1\" content=\"Julien\" \/>\n\t<meta name=\"twitter:label2\" content=\"Dur\u00e9e de lecture est.\" \/>\n\t<meta name=\"twitter:data2\" content=\"2 minutes\" \/>\n<script type=\"application\/ld+json\" class=\"yoast-schema-graph\">{\"@context\":\"https:\/\/schema.org\",\"@graph\":[{\"@type\":\"Article\",\"@id\":\"https:\/\/vieassociative.be\/actualites\/il-sagit-de-la-meilleure-offre-nintendo-switch-oled-black-friday-a-ce-jour\/#article\",\"isPartOf\":{\"@id\":\"https:\/\/vieassociative.be\/actualites\/il-sagit-de-la-meilleure-offre-nintendo-switch-oled-black-friday-a-ce-jour\/\"},\"author\":{\"name\":\"Julien\",\"@id\":\"https:\/\/vieassociative.be\/actualites\/#\/schema\/person\/b87ac4f82f9d4e7b7cec7395b679edc4\"},\"headline\":\"Il s\u2019agit de la meilleure offre Nintendo Switch OLED Black Friday \u00e0 ce jour\",\"datePublished\":\"2024-10-31T16:17:18+00:00\",\"dateModified\":\"2024-10-31T16:17:18+00:00\",\"mainEntityOfPage\":{\"@id\":\"https:\/\/vieassociative.be\/actualites\/il-sagit-de-la-meilleure-offre-nintendo-switch-oled-black-friday-a-ce-jour\/\"},\"wordCount\":393,\"publisher\":{\"@id\":\"https:\/\/vieassociative.be\/actualites\/#organization\"},\"image\":{\"@id\":\"https:\/\/vieassociative.be\/actualites\/il-sagit-de-la-meilleure-offre-nintendo-switch-oled-black-friday-a-ce-jour\/#primaryimage\"},\"thumbnailUrl\":\"https:\/\/vieassociative.be\/actualites\/wp-content\/uploads\/2024\/10\/Il-sagit-de-la-meilleure-offre-Nintendo-Switch-OLED-Black.webp.webp\",\"keywords\":[\"Black\",\"Friday\",\"jour\",\"meilleure\",\"Nintendo\",\"offre\",\"OLED\",\"sagit\",\"Switch\"],\"articleSection\":[\"Divertissement\"],\"inLanguage\":\"fr-BE\"},{\"@type\":\"WebPage\",\"@id\":\"https:\/\/vieassociative.be\/actualites\/il-sagit-de-la-meilleure-offre-nintendo-switch-oled-black-friday-a-ce-jour\/\",\"url\":\"https:\/\/vieassociative.be\/actualites\/il-sagit-de-la-meilleure-offre-nintendo-switch-oled-black-friday-a-ce-jour\/\",\"name\":\"Il s\u2019agit de la meilleure offre Nintendo Switch OLED Black Friday \u00e0 ce jour | Vie Associative\",\"isPartOf\":{\"@id\":\"https:\/\/vieassociative.be\/actualites\/#website\"},\"primaryImageOfPage\":{\"@id\":\"https:\/\/vieassociative.be\/actualites\/il-sagit-de-la-meilleure-offre-nintendo-switch-oled-black-friday-a-ce-jour\/#primaryimage\"},\"image\":{\"@id\":\"https:\/\/vieassociative.be\/actualites\/il-sagit-de-la-meilleure-offre-nintendo-switch-oled-black-friday-a-ce-jour\/#primaryimage\"},\"thumbnailUrl\":\"https:\/\/vieassociative.be\/actualites\/wp-content\/uploads\/2024\/10\/Il-sagit-de-la-meilleure-offre-Nintendo-Switch-OLED-Black.webp.webp\",\"datePublished\":\"2024-10-31T16:17:18+00:00\",\"dateModified\":\"2024-10-31T16:17:18+00:00\",\"breadcrumb\":{\"@id\":\"https:\/\/vieassociative.be\/actualites\/il-sagit-de-la-meilleure-offre-nintendo-switch-oled-black-friday-a-ce-jour\/#breadcrumb\"},\"inLanguage\":\"fr-BE\",\"potentialAction\":[{\"@type\":\"ReadAction\",\"target\":[\"https:\/\/vieassociative.be\/actualites\/il-sagit-de-la-meilleure-offre-nintendo-switch-oled-black-friday-a-ce-jour\/\"]}]},{\"@type\":\"ImageObject\",\"inLanguage\":\"fr-BE\",\"@id\":\"https:\/\/vieassociative.be\/actualites\/il-sagit-de-la-meilleure-offre-nintendo-switch-oled-black-friday-a-ce-jour\/#primaryimage\",\"url\":\"https:\/\/vieassociative.be\/actualites\/wp-content\/uploads\/2024\/10\/Il-sagit-de-la-meilleure-offre-Nintendo-Switch-OLED-Black.webp.webp\",\"contentUrl\":\"https:\/\/vieassociative.be\/actualites\/wp-content\/uploads\/2024\/10\/Il-sagit-de-la-meilleure-offre-Nintendo-Switch-OLED-Black.webp.webp\",\"width\":1200,\"height\":675,\"caption\":\"Il s\u2019agit de la meilleure offre Nintendo Switch OLED Black Friday \u00e0 ce jour\"},{\"@type\":\"BreadcrumbList\",\"@id\":\"https:\/\/vieassociative.be\/actualites\/il-sagit-de-la-meilleure-offre-nintendo-switch-oled-black-friday-a-ce-jour\/#breadcrumb\",\"itemListElement\":[{\"@type\":\"ListItem\",\"position\":1,\"name\":\"Accueil\",\"item\":\"https:\/\/vieassociative.be\/actualites\/\"},{\"@type\":\"ListItem\",\"position\":2,\"name\":\"Il s\u2019agit de la meilleure offre Nintendo Switch OLED Black Friday \u00e0 ce jour\"}]},{\"@type\":\"WebSite\",\"@id\":\"https:\/\/vieassociative.be\/actualites\/#website\",\"url\":\"https:\/\/vieassociative.be\/actualites\/\",\"name\":\"Vie Associative\",\"description\":\"\",\"publisher\":{\"@id\":\"https:\/\/vieassociative.be\/actualites\/#organization\"},\"potentialAction\":[{\"@type\":\"SearchAction\",\"target\":{\"@type\":\"EntryPoint\",\"urlTemplate\":\"https:\/\/vieassociative.be\/actualites\/?s={search_term_string}\"},\"query-input\":{\"@type\":\"PropertyValueSpecification\",\"valueRequired\":true,\"valueName\":\"search_term_string\"}}],\"inLanguage\":\"fr-BE\"},{\"@type\":\"Organization\",\"@id\":\"https:\/\/vieassociative.be\/actualites\/#organization\",\"name\":\"Vie Associative\",\"url\":\"https:\/\/vieassociative.be\/actualites\/\",\"logo\":{\"@type\":\"ImageObject\",\"inLanguage\":\"fr-BE\",\"@id\":\"https:\/\/vieassociative.be\/actualites\/#\/schema\/logo\/image\/\",\"url\":\"https:\/\/vieassociative.be\/actualites\/wp-content\/uploads\/2024\/09\/cropped-vieassociative_favicon.ico.png\",\"contentUrl\":\"https:\/\/vieassociative.be\/actualites\/wp-content\/uploads\/2024\/09\/cropped-vieassociative_favicon.ico.png\",\"width\":512,\"height\":512,\"caption\":\"Vie Associative\"},\"image\":{\"@id\":\"https:\/\/vieassociative.be\/actualites\/#\/schema\/logo\/image\/\"}},{\"@type\":\"Person\",\"@id\":\"https:\/\/vieassociative.be\/actualites\/#\/schema\/person\/b87ac4f82f9d4e7b7cec7395b679edc4\",\"name\":\"Julien\",\"image\":{\"@type\":\"ImageObject\",\"inLanguage\":\"fr-BE\",\"@id\":\"https:\/\/vieassociative.be\/actualites\/#\/schema\/person\/image\/\",\"url\":\"https:\/\/vieassociative.be\/actualites\/wp-content\/uploads\/2024\/09\/vie-associative-1-150x150.jpg\",\"contentUrl\":\"https:\/\/vieassociative.be\/actualites\/wp-content\/uploads\/2024\/09\/vie-associative-1-150x150.jpg\",\"caption\":\"Julien\"},\"description\":\"Je suis Julien, r\u00e9dacteur pour Vie Associative. Passionn\u00e9 par le monde associatif depuis plus de 10 ans, j'ai \u00e0 c\u0153ur de partager des histoires inspirantes et de mettre en lumi\u00e8re les initiatives locales. Mon objectif est de sensibiliser et d'encourager l'engagement communautaire \u00e0 travers mes articles.\",\"sameAs\":[\"https:\/\/vieassociative.be\/\"]}]}<\/script>\n<!-- \/ Yoast SEO plugin. -->","yoast_head_json":{"title":"Il s\u2019agit de la meilleure offre Nintendo Switch OLED Black Friday \u00e0 ce jour | Vie Associative","robots":{"index":"index","follow":"follow","max-snippet":"max-snippet:-1","max-image-preview":"max-image-preview:large","max-video-preview":"max-video-preview:-1"},"canonical":"https:\/\/vieassociative.be\/actualites\/il-sagit-de-la-meilleure-offre-nintendo-switch-oled-black-friday-a-ce-jour\/","og_locale":"fr_FR","og_type":"article","og_title":"Il s\u2019agit de la meilleure offre Nintendo Switch OLED Black Friday \u00e0 ce jour | Vie Associative","og_description":"Obtenez la Nintendo Switch OLED de Dell, plus une carte-cadeau de 75 $, avec cette premi\u00e8re offre du Black Friday. Dell a r\u00e9cemment publi\u00e9 un","og_url":"https:\/\/vieassociative.be\/actualites\/il-sagit-de-la-meilleure-offre-nintendo-switch-oled-black-friday-a-ce-jour\/","og_site_name":"Vie Associative","article_published_time":"2024-10-31T16:17:18+00:00","og_image":[{"width":279,"height":92,"url":"https:\/\/vieassociative.be\/actualites\/wp-content\/uploads\/2024\/09\/header_backgroundk-01-e1726694325946.png","type":"image\/png"}],"author":"Julien","twitter_card":"summary_large_image","twitter_misc":{"\u00c9crit par":"Julien","Dur\u00e9e de lecture est.":"2 minutes"},"schema":{"@context":"https:\/\/schema.org","@graph":[{"@type":"Article","@id":"https:\/\/vieassociative.be\/actualites\/il-sagit-de-la-meilleure-offre-nintendo-switch-oled-black-friday-a-ce-jour\/#article","isPartOf":{"@id":"https:\/\/vieassociative.be\/actualites\/il-sagit-de-la-meilleure-offre-nintendo-switch-oled-black-friday-a-ce-jour\/"},"author":{"name":"Julien","@id":"https:\/\/vieassociative.be\/actualites\/#\/schema\/person\/b87ac4f82f9d4e7b7cec7395b679edc4"},"headline":"Il s\u2019agit de la meilleure offre Nintendo Switch OLED Black Friday \u00e0 ce jour","datePublished":"2024-10-31T16:17:18+00:00","dateModified":"2024-10-31T16:17:18+00:00","mainEntityOfPage":{"@id":"https:\/\/vieassociative.be\/actualites\/il-sagit-de-la-meilleure-offre-nintendo-switch-oled-black-friday-a-ce-jour\/"},"wordCount":393,"publisher":{"@id":"https:\/\/vieassociative.be\/actualites\/#organization"},"image":{"@id":"https:\/\/vieassociative.be\/actualites\/il-sagit-de-la-meilleure-offre-nintendo-switch-oled-black-friday-a-ce-jour\/#primaryimage"},"thumbnailUrl":"https:\/\/vieassociative.be\/actualites\/wp-content\/uploads\/2024\/10\/Il-sagit-de-la-meilleure-offre-Nintendo-Switch-OLED-Black.webp.webp","keywords":["Black","Friday","jour","meilleure","Nintendo","offre","OLED","sagit","Switch"],"articleSection":["Divertissement"],"inLanguage":"fr-BE"},{"@type":"WebPage","@id":"https:\/\/vieassociative.be\/actualites\/il-sagit-de-la-meilleure-offre-nintendo-switch-oled-black-friday-a-ce-jour\/","url":"https:\/\/vieassociative.be\/actualites\/il-sagit-de-la-meilleure-offre-nintendo-switch-oled-black-friday-a-ce-jour\/","name":"Il s\u2019agit de la meilleure offre Nintendo Switch OLED Black Friday \u00e0 ce jour | Vie Associative","isPartOf":{"@id":"https:\/\/vieassociative.be\/actualites\/#website"},"primaryImageOfPage":{"@id":"https:\/\/vieassociative.be\/actualites\/il-sagit-de-la-meilleure-offre-nintendo-switch-oled-black-friday-a-ce-jour\/#primaryimage"},"image":{"@id":"https:\/\/vieassociative.be\/actualites\/il-sagit-de-la-meilleure-offre-nintendo-switch-oled-black-friday-a-ce-jour\/#primaryimage"},"thumbnailUrl":"https:\/\/vieassociative.be\/actualites\/wp-content\/uploads\/2024\/10\/Il-sagit-de-la-meilleure-offre-Nintendo-Switch-OLED-Black.webp.webp","datePublished":"2024-10-31T16:17:18+00:00","dateModified":"2024-10-31T16:17:18+00:00","breadcrumb":{"@id":"https:\/\/vieassociative.be\/actualites\/il-sagit-de-la-meilleure-offre-nintendo-switch-oled-black-friday-a-ce-jour\/#breadcrumb"},"inLanguage":"fr-BE","potentialAction":[{"@type":"ReadAction","target":["https:\/\/vieassociative.be\/actualites\/il-sagit-de-la-meilleure-offre-nintendo-switch-oled-black-friday-a-ce-jour\/"]}]},{"@type":"ImageObject","inLanguage":"fr-BE","@id":"https:\/\/vieassociative.be\/actualites\/il-sagit-de-la-meilleure-offre-nintendo-switch-oled-black-friday-a-ce-jour\/#primaryimage","url":"https:\/\/vieassociative.be\/actualites\/wp-content\/uploads\/2024\/10\/Il-sagit-de-la-meilleure-offre-Nintendo-Switch-OLED-Black.webp.webp","contentUrl":"https:\/\/vieassociative.be\/actualites\/wp-content\/uploads\/2024\/10\/Il-sagit-de-la-meilleure-offre-Nintendo-Switch-OLED-Black.webp.webp","width":1200,"height":675,"caption":"Il s\u2019agit de la meilleure offre Nintendo Switch OLED Black Friday \u00e0 ce jour"},{"@type":"BreadcrumbList","@id":"https:\/\/vieassociative.be\/actualites\/il-sagit-de-la-meilleure-offre-nintendo-switch-oled-black-friday-a-ce-jour\/#breadcrumb","itemListElement":[{"@type":"ListItem","position":1,"name":"Accueil","item":"https:\/\/vieassociative.be\/actualites\/"},{"@type":"ListItem","position":2,"name":"Il s\u2019agit de la meilleure offre Nintendo Switch OLED Black Friday \u00e0 ce jour"}]},{"@type":"WebSite","@id":"https:\/\/vieassociative.be\/actualites\/#website","url":"https:\/\/vieassociative.be\/actualites\/","name":"Vie Associative","description":"","publisher":{"@id":"https:\/\/vieassociative.be\/actualites\/#organization"},"potentialAction":[{"@type":"SearchAction","target":{"@type":"EntryPoint","urlTemplate":"https:\/\/vieassociative.be\/actualites\/?s={search_term_string}"},"query-input":{"@type":"PropertyValueSpecification","valueRequired":true,"valueName":"search_term_string"}}],"inLanguage":"fr-BE"},{"@type":"Organization","@id":"https:\/\/vieassociative.be\/actualites\/#organization","name":"Vie Associative","url":"https:\/\/vieassociative.be\/actualites\/","logo":{"@type":"ImageObject","inLanguage":"fr-BE","@id":"https:\/\/vieassociative.be\/actualites\/#\/schema\/logo\/image\/","url":"https:\/\/vieassociative.be\/actualites\/wp-content\/uploads\/2024\/09\/cropped-vieassociative_favicon.ico.png","contentUrl":"https:\/\/vieassociative.be\/actualites\/wp-content\/uploads\/2024\/09\/cropped-vieassociative_favicon.ico.png","width":512,"height":512,"caption":"Vie Associative"},"image":{"@id":"https:\/\/vieassociative.be\/actualites\/#\/schema\/logo\/image\/"}},{"@type":"Person","@id":"https:\/\/vieassociative.be\/actualites\/#\/schema\/person\/b87ac4f82f9d4e7b7cec7395b679edc4","name":"Julien","image":{"@type":"ImageObject","inLanguage":"fr-BE","@id":"https:\/\/vieassociative.be\/actualites\/#\/schema\/person\/image\/","url":"https:\/\/vieassociative.be\/actualites\/wp-content\/uploads\/2024\/09\/vie-associative-1-150x150.jpg","contentUrl":"https:\/\/vieassociative.be\/actualites\/wp-content\/uploads\/2024\/09\/vie-associative-1-150x150.jpg","caption":"Julien"},"description":"Je suis Julien, r\u00e9dacteur pour Vie Associative. Passionn\u00e9 par le monde associatif depuis plus de 10 ans, j'ai \u00e0 c\u0153ur de partager des histoires inspirantes et de mettre en lumi\u00e8re les initiatives locales. Mon objectif est de sensibiliser et d'encourager l'engagement communautaire \u00e0 travers mes articles.","sameAs":["https:\/\/vieassociative.be\/"]}]}},"_links":{"self":[{"href":"https:\/\/vieassociative.be\/actualites\/wp-json\/wp\/v2\/posts\/1872"}],"collection":[{"href":"https:\/\/vieassociative.be\/actualites\/wp-json\/wp\/v2\/posts"}],"about":[{"href":"https:\/\/vieassociative.be\/actualites\/wp-json\/wp\/v2\/types\/post"}],"author":[{"embeddable":true,"href":"https:\/\/vieassociative.be\/actualites\/wp-json\/wp\/v2\/users\/1"}],"replies":[{"embeddable":true,"href":"https:\/\/vieassociative.be\/actualites\/wp-json\/wp\/v2\/comments?post=1872"}],"version-history":[{"count":0,"href":"https:\/\/vieassociative.be\/actualites\/wp-json\/wp\/v2\/posts\/1872\/revisions"}],"wp:featuredmedia":[{"embeddable":true,"href":"https:\/\/vieassociative.be\/actualites\/wp-json\/wp\/v2\/media\/1873"}],"wp:attachment":[{"href":"https:\/\/vieassociative.be\/actualites\/wp-json\/wp\/v2\/media?parent=1872"}],"wp:term":[{"taxonomy":"category","embeddable":true,"href":"https:\/\/vieassociative.be\/actualites\/wp-json\/wp\/v2\/categories?post=1872"},{"taxonomy":"post_tag","embeddable":true,"href":"https:\/\/vieassociative.be\/actualites\/wp-json\/wp\/v2\/tags?post=1872"}],"curies":[{"name":"wp","href":"https:\/\/api.w.org\/{rel}","templated":true}]}}