{"id":1870,"date":"2024-10-31T15:22:02","date_gmt":"2024-10-31T14:22:02","guid":{"rendered":"https:\/\/vieassociative.be\/actualites\/la-dg-doit-economiser-ou-paasch-met-il-le-crayon-rouge\/"},"modified":"2024-10-31T15:22:02","modified_gmt":"2024-10-31T14:22:02","slug":"la-dg-doit-economiser-ou-paasch-met-il-le-crayon-rouge","status":"publish","type":"post","link":"https:\/\/vieassociative.be\/actualites\/la-dg-doit-economiser-ou-paasch-met-il-le-crayon-rouge\/","title":{"rendered":"La DG doit \u00e9conomiser : o\u00f9 Paasch met-il le crayon rouge ?"},"content":{"rendered":"<p><strong>Le DG doit \u00e9conomiser ! Ce n\u2019est plus seulement ce que dit aujourd\u2019hui le citoyen moyen, mais aussi le Premier ministre Oliver Paasch. La question passionnante est de savoir o\u00f9 le nouveau gouvernement de ProDG, CSP et PFF mettra le crayon rouge.<\/strong><\/p>\n<p><span id=\"more-400658\"><\/span>Comme chacun le sait, l&rsquo;Union europ\u00e9enne a demand\u00e9 \u00e0 la Belgique d&rsquo;\u00e9conomiser des ressources budg\u00e9taires d&rsquo;environ 28 milliards d&rsquo;euros dans les ann\u00e9es \u00e0 venir. La DG devra \u00e9galement participer \u00e0 cette d\u00e9monstration de force en mati\u00e8re de politique financi\u00e8re.<\/p>\n<p>Plus pr\u00e9cis\u00e9ment, cela est li\u00e9 \u00e0 l&rsquo;objectif de r\u00e9duire les d\u00e9penses primaires nettes de la DG de 6 pour cent entre 2025 et 2029. Par rapport \u00e0 2024, l&rsquo;ann\u00e9e de r\u00e9f\u00e9rence r\u00e9elle pour l&rsquo;UE, les d\u00e9penses primaires nettes de la DG devraient diminuer de pr\u00e8s de 29 % d&rsquo;ici 2029.<\/p>\n<div id=\"attachment_391762\" class=\"wp-caption alignleft\" style=\"max-width: 300px\"><img fetchpriority=\"high\" decoding=\"async\" class=\"wp-image-391762 size-medium\" src=\"https:\/\/vieassociative.be\/actualites\/wp-content\/uploads\/2024\/10\/La-DG-doit-economiser-ou-Paasch-met-il-le-crayon.jpg\" alt=\"\" width=\"300\" height=\"201\"  ><\/p>\n<p class=\"wp-caption-text\">Les quatre ministres de la DG (de gauche \u00e0 droite) Gregor Freches (PFF), Lydia Klinkenberg (ProDG), Oliver Paasch (ProDG) et J\u00e9r\u00f4me Franssen (CSP). Photo : Patrick von Staufenberg<\/p>\n<\/div>\n<p>Cela signifie que les m\u00e9nages de 2025 et 2026 seront notamment des m\u00e9nages d\u2019\u00e9pargne. Dans les deux prochaines ann\u00e9es, 15 millions d&rsquo;euros devraient \u00eatre \u00e9conomis\u00e9s en d\u00e9penses courantes et au moins 4,5 millions d&rsquo;euros annuels en frais de personnel pour le service public d\u00e9pendant de la DG. \u00ab R\u00e9current \u00bb pourrait \u00eatre traduit par \u00ab continu \u00bb ou \u00ab se r\u00e9p\u00e9tant chaque ann\u00e9e \u00bb.<\/p>\n<p>Le gouvernement n\u00e9gocie depuis plusieurs semaines les mesures d&rsquo;\u00e9conomies sp\u00e9cifiques avec les syndicats au sein du comit\u00e9 sectoriel comp\u00e9tent. Les quatre ministres souhaitent informer le public des r\u00e9sultats des n\u00e9gociations lors d&rsquo;une conf\u00e9rence de presse jeudi 7 novembre prochain.<\/p>\n<p>Si l&rsquo;on regarde de plus pr\u00e8s le \u00ab Moniteur financier \u00bb de la DG &#8211; et tout le monde peut le faire via ostbelgienlive.be &#8211; on constate que certains postes de d\u00e9penses pourraient \u00eatre cibl\u00e9s par le gouvernement Paasch, par exemple dans les domaines de la culture et des m\u00e9dias, notamment pour nommer ces deux-l\u00e0. Voici quelques exemples (2024)\u00a0:<\/p>\n<p><strong>CULTURE<\/strong><\/p>\n<ul>\n<li><strong>IKB\u00a0:<\/strong> 301 056 euros<\/li>\n<li><strong>Agora\u00a0:<\/strong> 579 320 euros<\/li>\n<li><strong>Chudoscnik Sunergia:<\/strong> 556 478 euros<\/li>\n<li><strong>Soci\u00e9t\u00e9 Ir\u00e8ne K. :<\/strong> 312 757 euros<\/li>\n<li><strong>Eastbelgica VoG\u00a0:<\/strong> 224 965 euros<\/li>\n<li><strong>Meakusma VoG\u00a0:<\/strong> 179 420 euros<\/li>\n<\/ul>\n<p><strong>M\u00c9DIAS<\/strong><\/p>\n<ul>\n<li><strong>BRF\u00a0:<\/strong> 6 793 000 euros<\/li>\n<li><strong>Support presse pour Grenz-Echo :<\/strong> 347 000 euros<\/li>\n<li><strong>Don au Conseil des M\u00e9dias :<\/strong> 209 000 euros<\/li>\n<\/ul>\n<p><em><strong>Sur le sujet, voir aussi l&rsquo;article suivant sur l&rsquo;OD :<\/strong><\/em><\/p>\n<div class=\"responsive-embed widescreen\">\n<blockquote class=\"wp-embedded-content\" data-secret=\"KB1tgi83tS\">\n<p>Oliver Paasch au PDG : \u00ab Il va falloir \u00e9conomiser \u00bb<\/p>\n<\/blockquote>\n<p><iframe loading=\"lazy\" class=\"wp-embedded-content\" sandbox=\"allow-scripts\" security=\"restricted\" style=\"position: absolute; visibility: hidden;\" title=\"\u201eOliver Paasch im PDG: \u201eWir werden sparen m\u00fcssen\u201c\u201c \u2014 Ostbelgien Direkt\" src=\"https:\/\/ostbelgiendirekt.be\/about:blank\" data-secret=\"KB1tgi83tS\" width=\"500\" height=\"282\" frameborder=\"0\" marginwidth=\"0\" marginheight=\"0\" scrolling=\"no\" data-rocket-lazyload=\"fitvidscompatible\" data-lazy-src=\"https:\/\/ostbelgiendirekt.be\/paasch-im-pdg-einsparungen-400138\/embed#?secret=067EudQCZd#?secret=KB1tgi83tS\"><\/iframe><noscript><iframe class=\"wp-embedded-content\" sandbox=\"allow-scripts\" security=\"restricted\" style=\"position: absolute; visibility: hidden;\" title=\"\u201eOliver Paasch im PDG: \u201eWir werden sparen m\u00fcssen\u201c\u201c \u2014 Ostbelgien Direkt\" src=\"https:\/\/ostbelgiendirekt.be\/paasch-im-pdg-einsparungen-400138\/embed#?secret=067EudQCZd#?secret=KB1tgi83tS\" data-secret=\"KB1tgi83tS\" width=\"500\" height=\"282\" frameborder=\"0\" marginwidth=\"0\" marginheight=\"0\" scrolling=\"no\"><\/iframe><\/noscript><\/p>\n<\/div>\n","protected":false},"excerpt":{"rendered":"<p>Le DG doit \u00e9conomiser ! Ce n\u2019est plus seulement ce que dit aujourd\u2019hui le citoyen moyen, mais aussi le Premier ministre Oliver Paasch. La question<\/p>\n","protected":false},"author":1,"featured_media":1871,"comment_status":"","ping_status":"","sticky":false,"template":"","format":"standard","meta":{"footnotes":""},"categories":[298],"tags":[2555,2552,1992,2554,841,2553,2556],"class_list":["post-1870","post","type-post","status-publish","format-standard","has-post-thumbnail","hentry","category-belgique","tag-crayon","tag-doit","tag-economiser","tag-metil","tag-ou","tag-paasch","tag-rouge","generate-columns","tablet-grid-50","mobile-grid-100","grid-parent","grid-33"],"yoast_head":"<!-- This site is optimized with the Yoast SEO plugin v24.0 - https:\/\/yoast.com\/wordpress\/plugins\/seo\/ -->\n<title>La DG doit \u00e9conomiser : o\u00f9 Paasch met-il le crayon rouge ? | Vie Associative<\/title>\n<meta name=\"robots\" content=\"index, follow, max-snippet:-1, max-image-preview:large, max-video-preview:-1\" \/>\n<link rel=\"canonical\" href=\"https:\/\/vieassociative.be\/actualites\/la-dg-doit-economiser-ou-paasch-met-il-le-crayon-rouge\/\" \/>\n<meta property=\"og:locale\" content=\"fr_FR\" \/>\n<meta property=\"og:type\" content=\"article\" \/>\n<meta property=\"og:title\" content=\"La DG doit \u00e9conomiser : o\u00f9 Paasch met-il le crayon rouge ? | Vie Associative\" \/>\n<meta property=\"og:description\" content=\"Le DG doit \u00e9conomiser ! Ce n\u2019est plus seulement ce que dit aujourd\u2019hui le citoyen moyen, mais aussi le Premier ministre Oliver Paasch. La question\" \/>\n<meta property=\"og:url\" content=\"https:\/\/vieassociative.be\/actualites\/la-dg-doit-economiser-ou-paasch-met-il-le-crayon-rouge\/\" \/>\n<meta property=\"og:site_name\" content=\"Vie Associative\" \/>\n<meta property=\"article:published_time\" content=\"2024-10-31T14:22:02+00:00\" \/>\n<meta property=\"og:image\" content=\"https:\/\/vieassociative.be\/actualites\/wp-content\/uploads\/2024\/10\/La-DG-doit-economiser-ou-Paasch-met-il-le-crayon.jpg\" \/>\n<meta name=\"author\" content=\"Julien\" \/>\n<meta name=\"twitter:card\" content=\"summary_large_image\" \/>\n<meta name=\"twitter:label1\" content=\"\u00c9crit par\" \/>\n\t<meta name=\"twitter:data1\" content=\"Julien\" \/>\n\t<meta name=\"twitter:label2\" content=\"Dur\u00e9e de lecture est.\" \/>\n\t<meta name=\"twitter:data2\" content=\"2 minutes\" \/>\n<script type=\"application\/ld+json\" class=\"yoast-schema-graph\">{\"@context\":\"https:\/\/schema.org\",\"@graph\":[{\"@type\":\"Article\",\"@id\":\"https:\/\/vieassociative.be\/actualites\/la-dg-doit-economiser-ou-paasch-met-il-le-crayon-rouge\/#article\",\"isPartOf\":{\"@id\":\"https:\/\/vieassociative.be\/actualites\/la-dg-doit-economiser-ou-paasch-met-il-le-crayon-rouge\/\"},\"author\":{\"name\":\"Julien\",\"@id\":\"https:\/\/vieassociative.be\/actualites\/#\/schema\/person\/b87ac4f82f9d4e7b7cec7395b679edc4\"},\"headline\":\"La DG doit \u00e9conomiser : o\u00f9 Paasch met-il le crayon rouge ?\",\"datePublished\":\"2024-10-31T14:22:02+00:00\",\"dateModified\":\"2024-10-31T14:22:02+00:00\",\"mainEntityOfPage\":{\"@id\":\"https:\/\/vieassociative.be\/actualites\/la-dg-doit-economiser-ou-paasch-met-il-le-crayon-rouge\/\"},\"wordCount\":411,\"publisher\":{\"@id\":\"https:\/\/vieassociative.be\/actualites\/#organization\"},\"image\":{\"@id\":\"https:\/\/vieassociative.be\/actualites\/la-dg-doit-economiser-ou-paasch-met-il-le-crayon-rouge\/#primaryimage\"},\"thumbnailUrl\":\"https:\/\/vieassociative.be\/actualites\/wp-content\/uploads\/2024\/10\/1730384522_La-DG-doit-economiser-ou-Paasch-met-il-le-crayon.jpg\",\"keywords\":[\"crayon\",\"doit\",\"\u00e9conomiser\",\"metil\",\"o\u00f9\",\"Paasch\",\"rouge\"],\"articleSection\":[\"Belgique\"],\"inLanguage\":\"fr-BE\"},{\"@type\":\"WebPage\",\"@id\":\"https:\/\/vieassociative.be\/actualites\/la-dg-doit-economiser-ou-paasch-met-il-le-crayon-rouge\/\",\"url\":\"https:\/\/vieassociative.be\/actualites\/la-dg-doit-economiser-ou-paasch-met-il-le-crayon-rouge\/\",\"name\":\"La DG doit \u00e9conomiser : o\u00f9 Paasch met-il le crayon rouge ? | Vie Associative\",\"isPartOf\":{\"@id\":\"https:\/\/vieassociative.be\/actualites\/#website\"},\"primaryImageOfPage\":{\"@id\":\"https:\/\/vieassociative.be\/actualites\/la-dg-doit-economiser-ou-paasch-met-il-le-crayon-rouge\/#primaryimage\"},\"image\":{\"@id\":\"https:\/\/vieassociative.be\/actualites\/la-dg-doit-economiser-ou-paasch-met-il-le-crayon-rouge\/#primaryimage\"},\"thumbnailUrl\":\"https:\/\/vieassociative.be\/actualites\/wp-content\/uploads\/2024\/10\/1730384522_La-DG-doit-economiser-ou-Paasch-met-il-le-crayon.jpg\",\"datePublished\":\"2024-10-31T14:22:02+00:00\",\"dateModified\":\"2024-10-31T14:22:02+00:00\",\"breadcrumb\":{\"@id\":\"https:\/\/vieassociative.be\/actualites\/la-dg-doit-economiser-ou-paasch-met-il-le-crayon-rouge\/#breadcrumb\"},\"inLanguage\":\"fr-BE\",\"potentialAction\":[{\"@type\":\"ReadAction\",\"target\":[\"https:\/\/vieassociative.be\/actualites\/la-dg-doit-economiser-ou-paasch-met-il-le-crayon-rouge\/\"]}]},{\"@type\":\"ImageObject\",\"inLanguage\":\"fr-BE\",\"@id\":\"https:\/\/vieassociative.be\/actualites\/la-dg-doit-economiser-ou-paasch-met-il-le-crayon-rouge\/#primaryimage\",\"url\":\"https:\/\/vieassociative.be\/actualites\/wp-content\/uploads\/2024\/10\/1730384522_La-DG-doit-economiser-ou-Paasch-met-il-le-crayon.jpg\",\"contentUrl\":\"https:\/\/vieassociative.be\/actualites\/wp-content\/uploads\/2024\/10\/1730384522_La-DG-doit-economiser-ou-Paasch-met-il-le-crayon.jpg\",\"width\":1200,\"height\":800,\"caption\":\"La DG doit \u00e9conomiser : o\u00f9 Paasch met-il le crayon rouge ?\"},{\"@type\":\"BreadcrumbList\",\"@id\":\"https:\/\/vieassociative.be\/actualites\/la-dg-doit-economiser-ou-paasch-met-il-le-crayon-rouge\/#breadcrumb\",\"itemListElement\":[{\"@type\":\"ListItem\",\"position\":1,\"name\":\"Accueil\",\"item\":\"https:\/\/vieassociative.be\/actualites\/\"},{\"@type\":\"ListItem\",\"position\":2,\"name\":\"La DG doit \u00e9conomiser : o\u00f9 Paasch met-il le crayon rouge ?\"}]},{\"@type\":\"WebSite\",\"@id\":\"https:\/\/vieassociative.be\/actualites\/#website\",\"url\":\"https:\/\/vieassociative.be\/actualites\/\",\"name\":\"Vie Associative\",\"description\":\"\",\"publisher\":{\"@id\":\"https:\/\/vieassociative.be\/actualites\/#organization\"},\"potentialAction\":[{\"@type\":\"SearchAction\",\"target\":{\"@type\":\"EntryPoint\",\"urlTemplate\":\"https:\/\/vieassociative.be\/actualites\/?s={search_term_string}\"},\"query-input\":{\"@type\":\"PropertyValueSpecification\",\"valueRequired\":true,\"valueName\":\"search_term_string\"}}],\"inLanguage\":\"fr-BE\"},{\"@type\":\"Organization\",\"@id\":\"https:\/\/vieassociative.be\/actualites\/#organization\",\"name\":\"Vie Associative\",\"url\":\"https:\/\/vieassociative.be\/actualites\/\",\"logo\":{\"@type\":\"ImageObject\",\"inLanguage\":\"fr-BE\",\"@id\":\"https:\/\/vieassociative.be\/actualites\/#\/schema\/logo\/image\/\",\"url\":\"https:\/\/vieassociative.be\/actualites\/wp-content\/uploads\/2024\/09\/cropped-vieassociative_favicon.ico.png\",\"contentUrl\":\"https:\/\/vieassociative.be\/actualites\/wp-content\/uploads\/2024\/09\/cropped-vieassociative_favicon.ico.png\",\"width\":512,\"height\":512,\"caption\":\"Vie Associative\"},\"image\":{\"@id\":\"https:\/\/vieassociative.be\/actualites\/#\/schema\/logo\/image\/\"}},{\"@type\":\"Person\",\"@id\":\"https:\/\/vieassociative.be\/actualites\/#\/schema\/person\/b87ac4f82f9d4e7b7cec7395b679edc4\",\"name\":\"Julien\",\"image\":{\"@type\":\"ImageObject\",\"inLanguage\":\"fr-BE\",\"@id\":\"https:\/\/vieassociative.be\/actualites\/#\/schema\/person\/image\/\",\"url\":\"https:\/\/vieassociative.be\/actualites\/wp-content\/uploads\/2024\/09\/vie-associative-1-150x150.jpg\",\"contentUrl\":\"https:\/\/vieassociative.be\/actualites\/wp-content\/uploads\/2024\/09\/vie-associative-1-150x150.jpg\",\"caption\":\"Julien\"},\"description\":\"Je suis Julien, r\u00e9dacteur pour Vie Associative. Passionn\u00e9 par le monde associatif depuis plus de 10 ans, j'ai \u00e0 c\u0153ur de partager des histoires inspirantes et de mettre en lumi\u00e8re les initiatives locales. Mon objectif est de sensibiliser et d'encourager l'engagement communautaire \u00e0 travers mes articles.\",\"sameAs\":[\"https:\/\/vieassociative.be\/\"]}]}<\/script>\n<!-- \/ Yoast SEO plugin. -->","yoast_head_json":{"title":"La DG doit \u00e9conomiser : o\u00f9 Paasch met-il le crayon rouge ? | Vie Associative","robots":{"index":"index","follow":"follow","max-snippet":"max-snippet:-1","max-image-preview":"max-image-preview:large","max-video-preview":"max-video-preview:-1"},"canonical":"https:\/\/vieassociative.be\/actualites\/la-dg-doit-economiser-ou-paasch-met-il-le-crayon-rouge\/","og_locale":"fr_FR","og_type":"article","og_title":"La DG doit \u00e9conomiser : o\u00f9 Paasch met-il le crayon rouge ? | Vie Associative","og_description":"Le DG doit \u00e9conomiser ! Ce n\u2019est plus seulement ce que dit aujourd\u2019hui le citoyen moyen, mais aussi le Premier ministre Oliver Paasch. La question","og_url":"https:\/\/vieassociative.be\/actualites\/la-dg-doit-economiser-ou-paasch-met-il-le-crayon-rouge\/","og_site_name":"Vie Associative","article_published_time":"2024-10-31T14:22:02+00:00","og_image":[{"url":"https:\/\/vieassociative.be\/actualites\/wp-content\/uploads\/2024\/10\/La-DG-doit-economiser-ou-Paasch-met-il-le-crayon.jpg","type":"","width":"","height":""}],"author":"Julien","twitter_card":"summary_large_image","twitter_misc":{"\u00c9crit par":"Julien","Dur\u00e9e de lecture est.":"2 minutes"},"schema":{"@context":"https:\/\/schema.org","@graph":[{"@type":"Article","@id":"https:\/\/vieassociative.be\/actualites\/la-dg-doit-economiser-ou-paasch-met-il-le-crayon-rouge\/#article","isPartOf":{"@id":"https:\/\/vieassociative.be\/actualites\/la-dg-doit-economiser-ou-paasch-met-il-le-crayon-rouge\/"},"author":{"name":"Julien","@id":"https:\/\/vieassociative.be\/actualites\/#\/schema\/person\/b87ac4f82f9d4e7b7cec7395b679edc4"},"headline":"La DG doit \u00e9conomiser : o\u00f9 Paasch met-il le crayon rouge ?","datePublished":"2024-10-31T14:22:02+00:00","dateModified":"2024-10-31T14:22:02+00:00","mainEntityOfPage":{"@id":"https:\/\/vieassociative.be\/actualites\/la-dg-doit-economiser-ou-paasch-met-il-le-crayon-rouge\/"},"wordCount":411,"publisher":{"@id":"https:\/\/vieassociative.be\/actualites\/#organization"},"image":{"@id":"https:\/\/vieassociative.be\/actualites\/la-dg-doit-economiser-ou-paasch-met-il-le-crayon-rouge\/#primaryimage"},"thumbnailUrl":"https:\/\/vieassociative.be\/actualites\/wp-content\/uploads\/2024\/10\/1730384522_La-DG-doit-economiser-ou-Paasch-met-il-le-crayon.jpg","keywords":["crayon","doit","\u00e9conomiser","metil","o\u00f9","Paasch","rouge"],"articleSection":["Belgique"],"inLanguage":"fr-BE"},{"@type":"WebPage","@id":"https:\/\/vieassociative.be\/actualites\/la-dg-doit-economiser-ou-paasch-met-il-le-crayon-rouge\/","url":"https:\/\/vieassociative.be\/actualites\/la-dg-doit-economiser-ou-paasch-met-il-le-crayon-rouge\/","name":"La DG doit \u00e9conomiser : o\u00f9 Paasch met-il le crayon rouge ? | Vie Associative","isPartOf":{"@id":"https:\/\/vieassociative.be\/actualites\/#website"},"primaryImageOfPage":{"@id":"https:\/\/vieassociative.be\/actualites\/la-dg-doit-economiser-ou-paasch-met-il-le-crayon-rouge\/#primaryimage"},"image":{"@id":"https:\/\/vieassociative.be\/actualites\/la-dg-doit-economiser-ou-paasch-met-il-le-crayon-rouge\/#primaryimage"},"thumbnailUrl":"https:\/\/vieassociative.be\/actualites\/wp-content\/uploads\/2024\/10\/1730384522_La-DG-doit-economiser-ou-Paasch-met-il-le-crayon.jpg","datePublished":"2024-10-31T14:22:02+00:00","dateModified":"2024-10-31T14:22:02+00:00","breadcrumb":{"@id":"https:\/\/vieassociative.be\/actualites\/la-dg-doit-economiser-ou-paasch-met-il-le-crayon-rouge\/#breadcrumb"},"inLanguage":"fr-BE","potentialAction":[{"@type":"ReadAction","target":["https:\/\/vieassociative.be\/actualites\/la-dg-doit-economiser-ou-paasch-met-il-le-crayon-rouge\/"]}]},{"@type":"ImageObject","inLanguage":"fr-BE","@id":"https:\/\/vieassociative.be\/actualites\/la-dg-doit-economiser-ou-paasch-met-il-le-crayon-rouge\/#primaryimage","url":"https:\/\/vieassociative.be\/actualites\/wp-content\/uploads\/2024\/10\/1730384522_La-DG-doit-economiser-ou-Paasch-met-il-le-crayon.jpg","contentUrl":"https:\/\/vieassociative.be\/actualites\/wp-content\/uploads\/2024\/10\/1730384522_La-DG-doit-economiser-ou-Paasch-met-il-le-crayon.jpg","width":1200,"height":800,"caption":"La DG doit \u00e9conomiser : o\u00f9 Paasch met-il le crayon rouge ?"},{"@type":"BreadcrumbList","@id":"https:\/\/vieassociative.be\/actualites\/la-dg-doit-economiser-ou-paasch-met-il-le-crayon-rouge\/#breadcrumb","itemListElement":[{"@type":"ListItem","position":1,"name":"Accueil","item":"https:\/\/vieassociative.be\/actualites\/"},{"@type":"ListItem","position":2,"name":"La DG doit \u00e9conomiser : o\u00f9 Paasch met-il le crayon rouge ?"}]},{"@type":"WebSite","@id":"https:\/\/vieassociative.be\/actualites\/#website","url":"https:\/\/vieassociative.be\/actualites\/","name":"Vie Associative","description":"","publisher":{"@id":"https:\/\/vieassociative.be\/actualites\/#organization"},"potentialAction":[{"@type":"SearchAction","target":{"@type":"EntryPoint","urlTemplate":"https:\/\/vieassociative.be\/actualites\/?s={search_term_string}"},"query-input":{"@type":"PropertyValueSpecification","valueRequired":true,"valueName":"search_term_string"}}],"inLanguage":"fr-BE"},{"@type":"Organization","@id":"https:\/\/vieassociative.be\/actualites\/#organization","name":"Vie Associative","url":"https:\/\/vieassociative.be\/actualites\/","logo":{"@type":"ImageObject","inLanguage":"fr-BE","@id":"https:\/\/vieassociative.be\/actualites\/#\/schema\/logo\/image\/","url":"https:\/\/vieassociative.be\/actualites\/wp-content\/uploads\/2024\/09\/cropped-vieassociative_favicon.ico.png","contentUrl":"https:\/\/vieassociative.be\/actualites\/wp-content\/uploads\/2024\/09\/cropped-vieassociative_favicon.ico.png","width":512,"height":512,"caption":"Vie Associative"},"image":{"@id":"https:\/\/vieassociative.be\/actualites\/#\/schema\/logo\/image\/"}},{"@type":"Person","@id":"https:\/\/vieassociative.be\/actualites\/#\/schema\/person\/b87ac4f82f9d4e7b7cec7395b679edc4","name":"Julien","image":{"@type":"ImageObject","inLanguage":"fr-BE","@id":"https:\/\/vieassociative.be\/actualites\/#\/schema\/person\/image\/","url":"https:\/\/vieassociative.be\/actualites\/wp-content\/uploads\/2024\/09\/vie-associative-1-150x150.jpg","contentUrl":"https:\/\/vieassociative.be\/actualites\/wp-content\/uploads\/2024\/09\/vie-associative-1-150x150.jpg","caption":"Julien"},"description":"Je suis Julien, r\u00e9dacteur pour Vie Associative. Passionn\u00e9 par le monde associatif depuis plus de 10 ans, j'ai \u00e0 c\u0153ur de partager des histoires inspirantes et de mettre en lumi\u00e8re les initiatives locales. Mon objectif est de sensibiliser et d'encourager l'engagement communautaire \u00e0 travers mes articles.","sameAs":["https:\/\/vieassociative.be\/"]}]}},"_links":{"self":[{"href":"https:\/\/vieassociative.be\/actualites\/wp-json\/wp\/v2\/posts\/1870"}],"collection":[{"href":"https:\/\/vieassociative.be\/actualites\/wp-json\/wp\/v2\/posts"}],"about":[{"href":"https:\/\/vieassociative.be\/actualites\/wp-json\/wp\/v2\/types\/post"}],"author":[{"embeddable":true,"href":"https:\/\/vieassociative.be\/actualites\/wp-json\/wp\/v2\/users\/1"}],"replies":[{"embeddable":true,"href":"https:\/\/vieassociative.be\/actualites\/wp-json\/wp\/v2\/comments?post=1870"}],"version-history":[{"count":0,"href":"https:\/\/vieassociative.be\/actualites\/wp-json\/wp\/v2\/posts\/1870\/revisions"}],"wp:featuredmedia":[{"embeddable":true,"href":"https:\/\/vieassociative.be\/actualites\/wp-json\/wp\/v2\/media\/1871"}],"wp:attachment":[{"href":"https:\/\/vieassociative.be\/actualites\/wp-json\/wp\/v2\/media?parent=1870"}],"wp:term":[{"taxonomy":"category","embeddable":true,"href":"https:\/\/vieassociative.be\/actualites\/wp-json\/wp\/v2\/categories?post=1870"},{"taxonomy":"post_tag","embeddable":true,"href":"https:\/\/vieassociative.be\/actualites\/wp-json\/wp\/v2\/tags?post=1870"}],"curies":[{"name":"wp","href":"https:\/\/api.w.org\/{rel}","templated":true}]}}