{"id":1864,"date":"2024-10-31T12:17:34","date_gmt":"2024-10-31T11:17:34","guid":{"rendered":"https:\/\/vieassociative.be\/actualites\/ces-parcs-a-theme-exigent-desormais-que-les-preadolescents-et-les-adolescents-soient-supervises-par-un-adulte\/"},"modified":"2024-10-31T12:17:34","modified_gmt":"2024-10-31T11:17:34","slug":"ces-parcs-a-theme-exigent-desormais-que-les-preadolescents-et-les-adolescents-soient-supervises-par-un-adulte","status":"publish","type":"post","link":"https:\/\/vieassociative.be\/actualites\/ces-parcs-a-theme-exigent-desormais-que-les-preadolescents-et-les-adolescents-soient-supervises-par-un-adulte\/","title":{"rendered":"Ces parcs \u00e0 th\u00e8me exigent d\u00e9sormais que les pr\u00e9adolescents et les adolescents soient supervis\u00e9s par un adulte"},"content":{"rendered":"<div class=\"mt-4 leading-6 md:mb-8\">Certains comportements indisciplin\u00e9s r\u00e9cents dans les parcs \u00e0 th\u00e8me ont conduit \u00e0 des politiques d&rsquo;admission plus strictes.<\/div>\n<p><\/p>\n<p>Quelques (ou beaucoup) pommes pourries ont r\u00e9ussi \u00e0 g\u00e2cher le plaisir de nombreux adolescents, pr\u00e9adolescents et parents \u00e0 travers les \u00c9tats-Unis. Plusieurs parcs \u00e0 th\u00e8me populaires ont d\u00e9cid\u00e9 de resserrer l&rsquo;\u00e2ge minimum requis pour entrer dans le parc sans surveillance parentale apr\u00e8s une augmentation des \u00ab comportements indisciplin\u00e9s \u00bb ces derni\u00e8res ann\u00e9es.<\/p>\n<p>Les bagarres dans les parcs \u00e0 th\u00e8me sont rares, mais elles surviennent. Les parcs Disney ont r\u00e9cemment retenu l&rsquo;attention en mati\u00e8re de combats, et la plupart d&rsquo;entre eux n&rsquo;impliquent pas des adolescents, mais des adultes. Des altercations comme cette bagarre entre adultes pour l&rsquo;espace pour regarder des feux d&rsquo;artifice, cette bagarre massive de Peter Pan&rsquo;s Flight et cette bagarre entre fr\u00e8res et s\u0153urs et leurs proches (pour n&rsquo;en nommer que quelques-uns) ont mis les parcs \u00e0 th\u00e8me \u00e0 travers le pays en \u00e9tat d&rsquo;alerte. <\/p>\n<p>M\u00eame si les adultes font la une des journaux, cela ne veut pas dire que les adolescents sont innocents. De multiples bagarres entre groupes d&rsquo;adolescents \u00e0 Knott&rsquo;s Berry Farm \u00e0 Buena Park, en Californie, ont provoqu\u00e9 un tel d\u00e9sordre que le parc a d\u00e9cid\u00e9 de fermer trois heures plus t\u00f4t. Puis, en avril, une bagarre massive entre environ 150 adolescents dans un parc \u00e0 th\u00e8me de Kansas City a \u00e9clat\u00e9 \u00e0 l&rsquo;int\u00e9rieur et s&rsquo;est poursuivie \u00e0 l&rsquo;ext\u00e9rieur, sur le parking. <\/p>\n<p>Peut-\u00eatre que les perturbations provoqu\u00e9es par les adolescents sont la goutte d&rsquo;eau qui a fait d\u00e9border le vase pour de nombreux parcs \u00e0 th\u00e8me. Ou peut-\u00eatre qu\u2019ils sont un bouc \u00e9missaire facile pour montrer qu\u2019ils s\u2019attaquent \u00e0 un probl\u00e8me devenu incontr\u00f4lable. Bien qu&rsquo;il n&rsquo;y ait pas de politique g\u00e9n\u00e9rale d&rsquo;accompagnement pour tous les parcs, un nouveau plancher d&rsquo;entr\u00e9e a \u00e9t\u00e9 sur\u00e9lev\u00e9 apr\u00e8s que la s\u00e9curit\u00e9 du personnel et des autres invit\u00e9s ait \u00e9t\u00e9 prioritaire apr\u00e8s les altercations physiques de ces derni\u00e8res ann\u00e9es.<\/p>\n<div class=\"mx-auto mt-8 w-full max-w-4xl\">\n<div id=\"video-container-ROcGIiqRsl4\"><\/div>\n<\/div>\n<h2 id=\"cedar-fair-parks\">Parcs de la Foire du C\u00e8dre<\/h2>\n<p>Knott&rsquo;s Berry Farm, le parc \u00e0 th\u00e8me de 57 acres situ\u00e9 \u00e0 Buena Park, en Californie, a r\u00e9cemment modifi\u00e9 sa politique en mati\u00e8re de chaperons. Leur dernier changement de politique intervenu apr\u00e8s l&rsquo;incident d&rsquo;avril impliquant les adolescents a fait en sorte que \u00ab tous les invit\u00e9s \u00e2g\u00e9s de 15 ans ou moins doivent \u00eatre accompagn\u00e9s d&rsquo;un accompagnateur \u00e2g\u00e9 d&rsquo;au moins 21 ans afin d&rsquo;\u00eatre admis ou de rester dans le parc apr\u00e8s \u00bb. 16 heures, heure locale, pour fermer \u00bb, selon leur code de conduite. <\/p>\n<p>L&rsquo;accompagnateur ne peut accompagner pas plus de 10 personnes \u00e2g\u00e9es de 15 ans ou moins par jour. Si des invit\u00e9s \u00e2g\u00e9s de 15 ans ou moins sont retrouv\u00e9s non accompagn\u00e9s, ils seront expuls\u00e9s du parc. <\/p>\n<p>Les parcs suivants, comme Knott&rsquo;s Berry Farm, font partie de la famille Cedar Fair Entertainment Company et ont mis en \u0153uvre la m\u00eame politique d&rsquo;accompagnement apr\u00e8s avoir \u00e9t\u00e9 t\u00e9moins d&rsquo;incidents violents dans leurs parcs\u00a0:<\/p>\n<ul>\n<li>\n<p>Kings Dominion, Virginie <\/p>\n<\/li>\n<li>\n<p>Mondes de plaisir, Missouri<\/p>\n<\/li>\n<li>\n<p>  \u00cele Kings, Ohio<\/p>\n<\/li>\n<li>\n<p>  Carowinds, Caroline du Nord<\/p>\n<\/li>\n<li>\n<p>  La Grande Am\u00e9rique de Californie, Californie<\/p>\n<\/li>\n<\/ul>\n<p>Les parcs Disney de Californie et de Floride n&rsquo;ont vu aucun changement dans leurs politiques d&rsquo;accompagnement, malgr\u00e9 leurs gros titres indisciplin\u00e9s. Leur politique stipule que \u00ab les invit\u00e9s de moins de 14 ans doivent \u00eatre accompagn\u00e9s d\u2019un invit\u00e9 \u00e2g\u00e9 de 14 ans ou plus pour entrer dans un parc \u00e0 th\u00e8me \u00bb. <\/p>\n<p>Pendant ce temps, les parcs Universal Orlando n&rsquo;ont pas d&rsquo;\u00e2ge minimum publi\u00e9 sp\u00e9cifique pour les invit\u00e9s, mais ils recommandent aux invit\u00e9s de moins de 14 ans d&rsquo;\u00eatre surveill\u00e9s par une personne \u00e2g\u00e9e de 14 ans ou plus. Si vous envisagez de laisser votre enfant fr\u00e9quenter un parc \u00e0 th\u00e8me sans adulte, assurez-vous de lire le code de conduite du parc. <\/p>\n","protected":false},"excerpt":{"rendered":"<p>Certains comportements indisciplin\u00e9s r\u00e9cents dans les parcs \u00e0 th\u00e8me ont conduit \u00e0 des politiques d&rsquo;admission plus strictes. Quelques (ou beaucoup) pommes pourries ont r\u00e9ussi \u00e0<\/p>\n","protected":false},"author":1,"featured_media":1865,"comment_status":"","ping_status":"","sticky":false,"template":"","format":"standard","meta":{"footnotes":""},"categories":[37],"tags":[869,2546,248,6,2542,14,676,2540,2543,2544,2545,2541],"class_list":["post-1864","post","type-post","status-publish","format-standard","has-post-thumbnail","hentry","category-famille","tag-adolescents","tag-adulte","tag-ces","tag-desormais","tag-exigent","tag-les","tag-par","tag-parcs","tag-preadolescents","tag-soient","tag-supervises","tag-theme","generate-columns","tablet-grid-50","mobile-grid-100","grid-parent","grid-33"],"yoast_head":"<!-- This site is optimized with the Yoast SEO plugin v24.0 - https:\/\/yoast.com\/wordpress\/plugins\/seo\/ -->\n<title>Ces parcs \u00e0 th\u00e8me exigent d\u00e9sormais que les pr\u00e9adolescents et les adolescents soient supervis\u00e9s par un adulte | Vie Associative<\/title>\n<meta name=\"robots\" content=\"index, follow, max-snippet:-1, max-image-preview:large, max-video-preview:-1\" \/>\n<link rel=\"canonical\" href=\"https:\/\/vieassociative.be\/actualites\/ces-parcs-a-theme-exigent-desormais-que-les-preadolescents-et-les-adolescents-soient-supervises-par-un-adulte\/\" \/>\n<meta property=\"og:locale\" content=\"fr_FR\" \/>\n<meta property=\"og:type\" content=\"article\" \/>\n<meta property=\"og:title\" content=\"Ces parcs \u00e0 th\u00e8me exigent d\u00e9sormais que les pr\u00e9adolescents et les adolescents soient supervis\u00e9s par un adulte | Vie Associative\" \/>\n<meta property=\"og:description\" content=\"Certains comportements indisciplin\u00e9s r\u00e9cents dans les parcs \u00e0 th\u00e8me ont conduit \u00e0 des politiques d&rsquo;admission plus strictes. Quelques (ou beaucoup) pommes pourries ont r\u00e9ussi \u00e0\" \/>\n<meta property=\"og:url\" content=\"https:\/\/vieassociative.be\/actualites\/ces-parcs-a-theme-exigent-desormais-que-les-preadolescents-et-les-adolescents-soient-supervises-par-un-adulte\/\" \/>\n<meta property=\"og:site_name\" content=\"Vie Associative\" \/>\n<meta property=\"article:published_time\" content=\"2024-10-31T11:17:34+00:00\" \/>\n<meta property=\"og:image\" content=\"https:\/\/vieassociative.be\/actualites\/wp-content\/uploads\/2024\/09\/header_backgroundk-01-e1726694325946.png\" \/>\n\t<meta property=\"og:image:width\" content=\"279\" \/>\n\t<meta property=\"og:image:height\" content=\"92\" \/>\n\t<meta property=\"og:image:type\" content=\"image\/png\" \/>\n<meta name=\"author\" content=\"Julien\" \/>\n<meta name=\"twitter:card\" content=\"summary_large_image\" \/>\n<meta name=\"twitter:label1\" content=\"\u00c9crit par\" \/>\n\t<meta name=\"twitter:data1\" content=\"Julien\" \/>\n\t<meta name=\"twitter:label2\" content=\"Dur\u00e9e de lecture est.\" \/>\n\t<meta name=\"twitter:data2\" content=\"3 minutes\" \/>\n<script type=\"application\/ld+json\" class=\"yoast-schema-graph\">{\"@context\":\"https:\/\/schema.org\",\"@graph\":[{\"@type\":\"Article\",\"@id\":\"https:\/\/vieassociative.be\/actualites\/ces-parcs-a-theme-exigent-desormais-que-les-preadolescents-et-les-adolescents-soient-supervises-par-un-adulte\/#article\",\"isPartOf\":{\"@id\":\"https:\/\/vieassociative.be\/actualites\/ces-parcs-a-theme-exigent-desormais-que-les-preadolescents-et-les-adolescents-soient-supervises-par-un-adulte\/\"},\"author\":{\"name\":\"Julien\",\"@id\":\"https:\/\/vieassociative.be\/actualites\/#\/schema\/person\/b87ac4f82f9d4e7b7cec7395b679edc4\"},\"headline\":\"Ces parcs \u00e0 th\u00e8me exigent d\u00e9sormais que les pr\u00e9adolescents et les adolescents soient supervis\u00e9s par un adulte\",\"datePublished\":\"2024-10-31T11:17:34+00:00\",\"dateModified\":\"2024-10-31T11:17:34+00:00\",\"mainEntityOfPage\":{\"@id\":\"https:\/\/vieassociative.be\/actualites\/ces-parcs-a-theme-exigent-desormais-que-les-preadolescents-et-les-adolescents-soient-supervises-par-un-adulte\/\"},\"wordCount\":700,\"publisher\":{\"@id\":\"https:\/\/vieassociative.be\/actualites\/#organization\"},\"image\":{\"@id\":\"https:\/\/vieassociative.be\/actualites\/ces-parcs-a-theme-exigent-desormais-que-les-preadolescents-et-les-adolescents-soient-supervises-par-un-adulte\/#primaryimage\"},\"thumbnailUrl\":\"https:\/\/vieassociative.be\/actualites\/wp-content\/uploads\/2024\/10\/Ces-parcs-a-theme-exigent-desormais-que-les-preadolescents-et.jpg\",\"keywords\":[\"adolescents\",\"adulte\",\"ces\",\"d\u00e9sormais\",\"exigent\",\"Les\",\"par\",\"parcs\",\"pr\u00e9adolescents\",\"soient\",\"supervis\u00e9s\",\"th\u00e8me\"],\"articleSection\":[\"Famille\"],\"inLanguage\":\"fr-BE\"},{\"@type\":\"WebPage\",\"@id\":\"https:\/\/vieassociative.be\/actualites\/ces-parcs-a-theme-exigent-desormais-que-les-preadolescents-et-les-adolescents-soient-supervises-par-un-adulte\/\",\"url\":\"https:\/\/vieassociative.be\/actualites\/ces-parcs-a-theme-exigent-desormais-que-les-preadolescents-et-les-adolescents-soient-supervises-par-un-adulte\/\",\"name\":\"Ces parcs \u00e0 th\u00e8me exigent d\u00e9sormais que les pr\u00e9adolescents et les adolescents soient supervis\u00e9s par un adulte | Vie Associative\",\"isPartOf\":{\"@id\":\"https:\/\/vieassociative.be\/actualites\/#website\"},\"primaryImageOfPage\":{\"@id\":\"https:\/\/vieassociative.be\/actualites\/ces-parcs-a-theme-exigent-desormais-que-les-preadolescents-et-les-adolescents-soient-supervises-par-un-adulte\/#primaryimage\"},\"image\":{\"@id\":\"https:\/\/vieassociative.be\/actualites\/ces-parcs-a-theme-exigent-desormais-que-les-preadolescents-et-les-adolescents-soient-supervises-par-un-adulte\/#primaryimage\"},\"thumbnailUrl\":\"https:\/\/vieassociative.be\/actualites\/wp-content\/uploads\/2024\/10\/Ces-parcs-a-theme-exigent-desormais-que-les-preadolescents-et.jpg\",\"datePublished\":\"2024-10-31T11:17:34+00:00\",\"dateModified\":\"2024-10-31T11:17:34+00:00\",\"breadcrumb\":{\"@id\":\"https:\/\/vieassociative.be\/actualites\/ces-parcs-a-theme-exigent-desormais-que-les-preadolescents-et-les-adolescents-soient-supervises-par-un-adulte\/#breadcrumb\"},\"inLanguage\":\"fr-BE\",\"potentialAction\":[{\"@type\":\"ReadAction\",\"target\":[\"https:\/\/vieassociative.be\/actualites\/ces-parcs-a-theme-exigent-desormais-que-les-preadolescents-et-les-adolescents-soient-supervises-par-un-adulte\/\"]}]},{\"@type\":\"ImageObject\",\"inLanguage\":\"fr-BE\",\"@id\":\"https:\/\/vieassociative.be\/actualites\/ces-parcs-a-theme-exigent-desormais-que-les-preadolescents-et-les-adolescents-soient-supervises-par-un-adulte\/#primaryimage\",\"url\":\"https:\/\/vieassociative.be\/actualites\/wp-content\/uploads\/2024\/10\/Ces-parcs-a-theme-exigent-desormais-que-les-preadolescents-et.jpg\",\"contentUrl\":\"https:\/\/vieassociative.be\/actualites\/wp-content\/uploads\/2024\/10\/Ces-parcs-a-theme-exigent-desormais-que-les-preadolescents-et.jpg\",\"width\":1200,\"height\":675,\"caption\":\"Ces parcs \u00e0 th\u00e8me exigent d\u00e9sormais que les pr\u00e9adolescents et les adolescents soient supervis\u00e9s par un adulte\"},{\"@type\":\"BreadcrumbList\",\"@id\":\"https:\/\/vieassociative.be\/actualites\/ces-parcs-a-theme-exigent-desormais-que-les-preadolescents-et-les-adolescents-soient-supervises-par-un-adulte\/#breadcrumb\",\"itemListElement\":[{\"@type\":\"ListItem\",\"position\":1,\"name\":\"Accueil\",\"item\":\"https:\/\/vieassociative.be\/actualites\/\"},{\"@type\":\"ListItem\",\"position\":2,\"name\":\"Ces parcs \u00e0 th\u00e8me exigent d\u00e9sormais que les pr\u00e9adolescents et les adolescents soient supervis\u00e9s par un adulte\"}]},{\"@type\":\"WebSite\",\"@id\":\"https:\/\/vieassociative.be\/actualites\/#website\",\"url\":\"https:\/\/vieassociative.be\/actualites\/\",\"name\":\"Vie Associative\",\"description\":\"\",\"publisher\":{\"@id\":\"https:\/\/vieassociative.be\/actualites\/#organization\"},\"potentialAction\":[{\"@type\":\"SearchAction\",\"target\":{\"@type\":\"EntryPoint\",\"urlTemplate\":\"https:\/\/vieassociative.be\/actualites\/?s={search_term_string}\"},\"query-input\":{\"@type\":\"PropertyValueSpecification\",\"valueRequired\":true,\"valueName\":\"search_term_string\"}}],\"inLanguage\":\"fr-BE\"},{\"@type\":\"Organization\",\"@id\":\"https:\/\/vieassociative.be\/actualites\/#organization\",\"name\":\"Vie Associative\",\"url\":\"https:\/\/vieassociative.be\/actualites\/\",\"logo\":{\"@type\":\"ImageObject\",\"inLanguage\":\"fr-BE\",\"@id\":\"https:\/\/vieassociative.be\/actualites\/#\/schema\/logo\/image\/\",\"url\":\"https:\/\/vieassociative.be\/actualites\/wp-content\/uploads\/2024\/09\/cropped-vieassociative_favicon.ico.png\",\"contentUrl\":\"https:\/\/vieassociative.be\/actualites\/wp-content\/uploads\/2024\/09\/cropped-vieassociative_favicon.ico.png\",\"width\":512,\"height\":512,\"caption\":\"Vie Associative\"},\"image\":{\"@id\":\"https:\/\/vieassociative.be\/actualites\/#\/schema\/logo\/image\/\"}},{\"@type\":\"Person\",\"@id\":\"https:\/\/vieassociative.be\/actualites\/#\/schema\/person\/b87ac4f82f9d4e7b7cec7395b679edc4\",\"name\":\"Julien\",\"image\":{\"@type\":\"ImageObject\",\"inLanguage\":\"fr-BE\",\"@id\":\"https:\/\/vieassociative.be\/actualites\/#\/schema\/person\/image\/\",\"url\":\"https:\/\/vieassociative.be\/actualites\/wp-content\/uploads\/2024\/09\/vie-associative-1-150x150.jpg\",\"contentUrl\":\"https:\/\/vieassociative.be\/actualites\/wp-content\/uploads\/2024\/09\/vie-associative-1-150x150.jpg\",\"caption\":\"Julien\"},\"description\":\"Je suis Julien, r\u00e9dacteur pour Vie Associative. Passionn\u00e9 par le monde associatif depuis plus de 10 ans, j'ai \u00e0 c\u0153ur de partager des histoires inspirantes et de mettre en lumi\u00e8re les initiatives locales. Mon objectif est de sensibiliser et d'encourager l'engagement communautaire \u00e0 travers mes articles.\",\"sameAs\":[\"https:\/\/vieassociative.be\/\"]}]}<\/script>\n<!-- \/ Yoast SEO plugin. -->","yoast_head_json":{"title":"Ces parcs \u00e0 th\u00e8me exigent d\u00e9sormais que les pr\u00e9adolescents et les adolescents soient supervis\u00e9s par un adulte | Vie Associative","robots":{"index":"index","follow":"follow","max-snippet":"max-snippet:-1","max-image-preview":"max-image-preview:large","max-video-preview":"max-video-preview:-1"},"canonical":"https:\/\/vieassociative.be\/actualites\/ces-parcs-a-theme-exigent-desormais-que-les-preadolescents-et-les-adolescents-soient-supervises-par-un-adulte\/","og_locale":"fr_FR","og_type":"article","og_title":"Ces parcs \u00e0 th\u00e8me exigent d\u00e9sormais que les pr\u00e9adolescents et les adolescents soient supervis\u00e9s par un adulte | Vie Associative","og_description":"Certains comportements indisciplin\u00e9s r\u00e9cents dans les parcs \u00e0 th\u00e8me ont conduit \u00e0 des politiques d&rsquo;admission plus strictes. Quelques (ou beaucoup) pommes pourries ont r\u00e9ussi \u00e0","og_url":"https:\/\/vieassociative.be\/actualites\/ces-parcs-a-theme-exigent-desormais-que-les-preadolescents-et-les-adolescents-soient-supervises-par-un-adulte\/","og_site_name":"Vie Associative","article_published_time":"2024-10-31T11:17:34+00:00","og_image":[{"width":279,"height":92,"url":"https:\/\/vieassociative.be\/actualites\/wp-content\/uploads\/2024\/09\/header_backgroundk-01-e1726694325946.png","type":"image\/png"}],"author":"Julien","twitter_card":"summary_large_image","twitter_misc":{"\u00c9crit par":"Julien","Dur\u00e9e de lecture est.":"3 minutes"},"schema":{"@context":"https:\/\/schema.org","@graph":[{"@type":"Article","@id":"https:\/\/vieassociative.be\/actualites\/ces-parcs-a-theme-exigent-desormais-que-les-preadolescents-et-les-adolescents-soient-supervises-par-un-adulte\/#article","isPartOf":{"@id":"https:\/\/vieassociative.be\/actualites\/ces-parcs-a-theme-exigent-desormais-que-les-preadolescents-et-les-adolescents-soient-supervises-par-un-adulte\/"},"author":{"name":"Julien","@id":"https:\/\/vieassociative.be\/actualites\/#\/schema\/person\/b87ac4f82f9d4e7b7cec7395b679edc4"},"headline":"Ces parcs \u00e0 th\u00e8me exigent d\u00e9sormais que les pr\u00e9adolescents et les adolescents soient supervis\u00e9s par un adulte","datePublished":"2024-10-31T11:17:34+00:00","dateModified":"2024-10-31T11:17:34+00:00","mainEntityOfPage":{"@id":"https:\/\/vieassociative.be\/actualites\/ces-parcs-a-theme-exigent-desormais-que-les-preadolescents-et-les-adolescents-soient-supervises-par-un-adulte\/"},"wordCount":700,"publisher":{"@id":"https:\/\/vieassociative.be\/actualites\/#organization"},"image":{"@id":"https:\/\/vieassociative.be\/actualites\/ces-parcs-a-theme-exigent-desormais-que-les-preadolescents-et-les-adolescents-soient-supervises-par-un-adulte\/#primaryimage"},"thumbnailUrl":"https:\/\/vieassociative.be\/actualites\/wp-content\/uploads\/2024\/10\/Ces-parcs-a-theme-exigent-desormais-que-les-preadolescents-et.jpg","keywords":["adolescents","adulte","ces","d\u00e9sormais","exigent","Les","par","parcs","pr\u00e9adolescents","soient","supervis\u00e9s","th\u00e8me"],"articleSection":["Famille"],"inLanguage":"fr-BE"},{"@type":"WebPage","@id":"https:\/\/vieassociative.be\/actualites\/ces-parcs-a-theme-exigent-desormais-que-les-preadolescents-et-les-adolescents-soient-supervises-par-un-adulte\/","url":"https:\/\/vieassociative.be\/actualites\/ces-parcs-a-theme-exigent-desormais-que-les-preadolescents-et-les-adolescents-soient-supervises-par-un-adulte\/","name":"Ces parcs \u00e0 th\u00e8me exigent d\u00e9sormais que les pr\u00e9adolescents et les adolescents soient supervis\u00e9s par un adulte | Vie Associative","isPartOf":{"@id":"https:\/\/vieassociative.be\/actualites\/#website"},"primaryImageOfPage":{"@id":"https:\/\/vieassociative.be\/actualites\/ces-parcs-a-theme-exigent-desormais-que-les-preadolescents-et-les-adolescents-soient-supervises-par-un-adulte\/#primaryimage"},"image":{"@id":"https:\/\/vieassociative.be\/actualites\/ces-parcs-a-theme-exigent-desormais-que-les-preadolescents-et-les-adolescents-soient-supervises-par-un-adulte\/#primaryimage"},"thumbnailUrl":"https:\/\/vieassociative.be\/actualites\/wp-content\/uploads\/2024\/10\/Ces-parcs-a-theme-exigent-desormais-que-les-preadolescents-et.jpg","datePublished":"2024-10-31T11:17:34+00:00","dateModified":"2024-10-31T11:17:34+00:00","breadcrumb":{"@id":"https:\/\/vieassociative.be\/actualites\/ces-parcs-a-theme-exigent-desormais-que-les-preadolescents-et-les-adolescents-soient-supervises-par-un-adulte\/#breadcrumb"},"inLanguage":"fr-BE","potentialAction":[{"@type":"ReadAction","target":["https:\/\/vieassociative.be\/actualites\/ces-parcs-a-theme-exigent-desormais-que-les-preadolescents-et-les-adolescents-soient-supervises-par-un-adulte\/"]}]},{"@type":"ImageObject","inLanguage":"fr-BE","@id":"https:\/\/vieassociative.be\/actualites\/ces-parcs-a-theme-exigent-desormais-que-les-preadolescents-et-les-adolescents-soient-supervises-par-un-adulte\/#primaryimage","url":"https:\/\/vieassociative.be\/actualites\/wp-content\/uploads\/2024\/10\/Ces-parcs-a-theme-exigent-desormais-que-les-preadolescents-et.jpg","contentUrl":"https:\/\/vieassociative.be\/actualites\/wp-content\/uploads\/2024\/10\/Ces-parcs-a-theme-exigent-desormais-que-les-preadolescents-et.jpg","width":1200,"height":675,"caption":"Ces parcs \u00e0 th\u00e8me exigent d\u00e9sormais que les pr\u00e9adolescents et les adolescents soient supervis\u00e9s par un adulte"},{"@type":"BreadcrumbList","@id":"https:\/\/vieassociative.be\/actualites\/ces-parcs-a-theme-exigent-desormais-que-les-preadolescents-et-les-adolescents-soient-supervises-par-un-adulte\/#breadcrumb","itemListElement":[{"@type":"ListItem","position":1,"name":"Accueil","item":"https:\/\/vieassociative.be\/actualites\/"},{"@type":"ListItem","position":2,"name":"Ces parcs \u00e0 th\u00e8me exigent d\u00e9sormais que les pr\u00e9adolescents et les adolescents soient supervis\u00e9s par un adulte"}]},{"@type":"WebSite","@id":"https:\/\/vieassociative.be\/actualites\/#website","url":"https:\/\/vieassociative.be\/actualites\/","name":"Vie Associative","description":"","publisher":{"@id":"https:\/\/vieassociative.be\/actualites\/#organization"},"potentialAction":[{"@type":"SearchAction","target":{"@type":"EntryPoint","urlTemplate":"https:\/\/vieassociative.be\/actualites\/?s={search_term_string}"},"query-input":{"@type":"PropertyValueSpecification","valueRequired":true,"valueName":"search_term_string"}}],"inLanguage":"fr-BE"},{"@type":"Organization","@id":"https:\/\/vieassociative.be\/actualites\/#organization","name":"Vie Associative","url":"https:\/\/vieassociative.be\/actualites\/","logo":{"@type":"ImageObject","inLanguage":"fr-BE","@id":"https:\/\/vieassociative.be\/actualites\/#\/schema\/logo\/image\/","url":"https:\/\/vieassociative.be\/actualites\/wp-content\/uploads\/2024\/09\/cropped-vieassociative_favicon.ico.png","contentUrl":"https:\/\/vieassociative.be\/actualites\/wp-content\/uploads\/2024\/09\/cropped-vieassociative_favicon.ico.png","width":512,"height":512,"caption":"Vie Associative"},"image":{"@id":"https:\/\/vieassociative.be\/actualites\/#\/schema\/logo\/image\/"}},{"@type":"Person","@id":"https:\/\/vieassociative.be\/actualites\/#\/schema\/person\/b87ac4f82f9d4e7b7cec7395b679edc4","name":"Julien","image":{"@type":"ImageObject","inLanguage":"fr-BE","@id":"https:\/\/vieassociative.be\/actualites\/#\/schema\/person\/image\/","url":"https:\/\/vieassociative.be\/actualites\/wp-content\/uploads\/2024\/09\/vie-associative-1-150x150.jpg","contentUrl":"https:\/\/vieassociative.be\/actualites\/wp-content\/uploads\/2024\/09\/vie-associative-1-150x150.jpg","caption":"Julien"},"description":"Je suis Julien, r\u00e9dacteur pour Vie Associative. Passionn\u00e9 par le monde associatif depuis plus de 10 ans, j'ai \u00e0 c\u0153ur de partager des histoires inspirantes et de mettre en lumi\u00e8re les initiatives locales. Mon objectif est de sensibiliser et d'encourager l'engagement communautaire \u00e0 travers mes articles.","sameAs":["https:\/\/vieassociative.be\/"]}]}},"_links":{"self":[{"href":"https:\/\/vieassociative.be\/actualites\/wp-json\/wp\/v2\/posts\/1864"}],"collection":[{"href":"https:\/\/vieassociative.be\/actualites\/wp-json\/wp\/v2\/posts"}],"about":[{"href":"https:\/\/vieassociative.be\/actualites\/wp-json\/wp\/v2\/types\/post"}],"author":[{"embeddable":true,"href":"https:\/\/vieassociative.be\/actualites\/wp-json\/wp\/v2\/users\/1"}],"replies":[{"embeddable":true,"href":"https:\/\/vieassociative.be\/actualites\/wp-json\/wp\/v2\/comments?post=1864"}],"version-history":[{"count":0,"href":"https:\/\/vieassociative.be\/actualites\/wp-json\/wp\/v2\/posts\/1864\/revisions"}],"wp:featuredmedia":[{"embeddable":true,"href":"https:\/\/vieassociative.be\/actualites\/wp-json\/wp\/v2\/media\/1865"}],"wp:attachment":[{"href":"https:\/\/vieassociative.be\/actualites\/wp-json\/wp\/v2\/media?parent=1864"}],"wp:term":[{"taxonomy":"category","embeddable":true,"href":"https:\/\/vieassociative.be\/actualites\/wp-json\/wp\/v2\/categories?post=1864"},{"taxonomy":"post_tag","embeddable":true,"href":"https:\/\/vieassociative.be\/actualites\/wp-json\/wp\/v2\/tags?post=1864"}],"curies":[{"name":"wp","href":"https:\/\/api.w.org\/{rel}","templated":true}]}}