{"id":1850,"date":"2024-10-31T03:16:56","date_gmt":"2024-10-31T02:16:56","guid":{"rendered":"https:\/\/vieassociative.be\/actualites\/las-eupen-resiste-pendant-une-heure-face-au-champion-en-titre-lequipe-de-deuxieme-division-sincline-0-3-face-a-lunion-saint-gilloise\/"},"modified":"2024-10-31T03:16:56","modified_gmt":"2024-10-31T02:16:56","slug":"las-eupen-resiste-pendant-une-heure-face-au-champion-en-titre-lequipe-de-deuxieme-division-sincline-0-3-face-a-lunion-saint-gilloise","status":"publish","type":"post","link":"https:\/\/vieassociative.be\/actualites\/las-eupen-resiste-pendant-une-heure-face-au-champion-en-titre-lequipe-de-deuxieme-division-sincline-0-3-face-a-lunion-saint-gilloise\/","title":{"rendered":"L&rsquo;AS Eupen r\u00e9siste pendant une heure face au champion en titre : l&rsquo;\u00e9quipe de deuxi\u00e8me division s&rsquo;incline 0-3 face \u00e0 l&rsquo;Union Saint-Gilloise"},"content":{"rendered":"<p><strong>Pas de surprise au stade Kehrweg : en 1\/16 de finale de la coupe nationale, l&rsquo;AS Eupen de deuxi\u00e8me division s&rsquo;est inclin\u00e9 3-0 face \u00e0 l&rsquo;Union Saint-Gilloise, championne en titre. Les noirs et blancs ont pu le faire pendant une heure<br \/>\nLe score \u00e9tait de 0-0 avant qu&rsquo;un penalty des visiteurs ne rompe le n\u0153ud. <\/strong><\/p>\n<p><span id=\"more-400696\"><\/span>Les deux \u00e9quipes avaient quelque chose \u00e0 rattraper : l&rsquo;AS Eupen s&rsquo;est inclin\u00e9 0-1 contre la derni\u00e8re \u00e9quipe de Lokeren-Temse dimanche. Pendant ce temps, l&rsquo;Union Saint-Gilloise a \u00e9galement subi une d\u00e9faite \u00e0 domicile : l&rsquo;\u00e9quipe bruxelloise s&rsquo;est inclin\u00e9e 1:3 contre le Cercle Bruges.<\/p>\n<p>Mardi, deux \u00e9quipes de deuxi\u00e8me division, Zulte Waregem et Patro Eisden, ont \u00e9limin\u00e9 deux \u00e9quipes de la Jupiler Pro League, Dender et Charleroi, ce qui montre que tout est possible dans un match de coupe.<\/p>\n<div id=\"attachment_292430\" class=\"wp-caption alignleft\" style=\"max-width: 300px\"><img fetchpriority=\"high\" decoding=\"async\" class=\"wp-image-292430 size-medium\" src=\"https:\/\/vieassociative.be\/actualites\/wp-content\/uploads\/2024\/10\/LAS-Eupen-resiste-pendant-une-heure-face-au-champion-en.jpeg\" alt=\"\" width=\"300\" height=\"200\"><\/p>\n<p class=\"wp-caption-text\">Le gardien d&rsquo;Eupen Abdul Manaf Nurudeen. Photo de : Belga<\/p>\n<\/div>\n<p>L&rsquo;entra\u00eeneur-chef de l&rsquo;Union, S\u00e9bastien Pocognoli, a donn\u00e9 sa chance \u00e0 certains jeunes joueurs lors de ce match de coupe. Ait El Hadj \u00e9tait une nouvelle fois titulaire dans le onze jaune-bleu, ce qui n&rsquo;\u00e9tait plus arriv\u00e9 depuis le 15 septembre. Le jeune Kamiel Van De Perre entra pour la premi\u00e8re fois en jeu.<\/p>\n<p>L&rsquo;entra\u00eeneur de l&rsquo;AS, Mersad Selimbegovic, a \u00e9galement mis davantage l&rsquo;accent sur la jeunesse. Le onze de d\u00e9part ressemblait \u00e0 ceci : Nurudeen \u2013 Van Genechten, Paeshuyse, Gorenc, Costa \u2013 Baiye, Di Matteo, Alloh \u2013 Pantovic, D\u00e9om \u2013 Gedikli.<\/p>\n<p>Apr\u00e8s seulement quatre minutes, Nurudeen a \u00e9t\u00e9 interpell\u00e9 pour la premi\u00e8re fois. Les choses sont devenues vraiment dangereuses pour le gardien de l&rsquo;AS apr\u00e8s 14 minutes lorsque le jeune milieu de terrain Van De Perre a r\u00e9cup\u00e9r\u00e9 le ballon dans la surface de r\u00e9paration d&rsquo;Eupen, mais heureusement pour les h\u00f4tes, il l&rsquo;a mis sur le poteau.<\/p>\n<p>L&rsquo;Union Saint-Gilloise aurait d\u00fb prendre l&rsquo;avantage d\u00e8s la 27e minute : Niang envoyait Rodriguez en profondeur d&rsquo;une passe en profondeur. L&rsquo;attaquant \u00e9quatorien s&rsquo;est pr\u00e9sent\u00e9 seul devant Nurudeen, mais n&rsquo;a touch\u00e9 que le poteau, \u00e9vitant ainsi \u00e0 l&rsquo;\u00e9quipe d&rsquo;Eupen de prendre une deuxi\u00e8me fois du retard.<\/p>\n<p>L&rsquo;Union \u00e9tait largement sup\u00e9rieure, mais le score \u00e9tait toujours de 0-0, ce que Nurudeen a brillamment d\u00e9fendu \u00e0 la 37e minute. Peu de temps apr\u00e8s, AS d\u00e9cochait son premier corner de l&rsquo;autre c\u00f4t\u00e9.<\/p>\n<div id=\"attachment_400721\" class=\"wp-caption alignleft\" style=\"max-width: 300px\"><img decoding=\"async\" class=\"wp-image-400721 size-medium\" src=\"https:\/\/vieassociative.be\/actualites\/wp-content\/uploads\/2024\/10\/LAS-Eupen-resiste-pendant-une-heure-face-au-champion-en.jpg\" alt=\"\" width=\"300\" height=\"200\"  ><\/p>\n<p class=\"wp-caption-text\">Emrehan Gedikili, d&rsquo;Eupen, \u00e9tait titulaire. Photo de : Belga<\/p>\n<\/div>\n<p>Il s&rsquo;agissait d&rsquo;un match nul et vierge jusqu&rsquo;au coup de sifflet de la mi-temps. L&rsquo;Union a domin\u00e9 et AS a surtout couru apr\u00e8s le ballon. Le message a sauv\u00e9 les h\u00f4tes \u00e0 deux reprises.<\/p>\n<p>Apr\u00e8s le d\u00e9but de la seconde p\u00e9riode, l&rsquo;AS Eupen semblait un peu plus confiant et semait \u00e9galement plusieurs fois dangereux devant le but de Moris. Gedikli a eu une excellente occasion apr\u00e8s que Leysen ait renvoy\u00e9 le ballon beaucoup trop court \u00e0 son gardien, mais Burgess a r\u00e9ussi \u00e0 arr\u00eater l&rsquo;attaquant d&rsquo;Eupen.<\/p>\n<p>Apr\u00e8s une heure de jeu, un penalty sauvait le favori de la capitale : apr\u00e8s une faute de Dalla Costa sur David, l&rsquo;arbitre accordait un penalty, que le Canadien lui-m\u00eame transformait en toute s\u00e9curit\u00e9, portant le score \u00e0 0-1.<\/p>\n<p>Dix minutes plus tard, c&rsquo;est encore David qui a d\u00e9jou\u00e9 Nurudeen. C&rsquo;\u00e9tait donc 0:2. Et \u00e0 la 83e minute, le rempla\u00e7ant Kabangu a port\u00e9 le score \u00e0 0-3.<\/p>\n<p>Samedi \u00e0 16h00, l&rsquo;AS Eupen accueillera en bas du classement de la Challenger Pro League l&rsquo;\u00e9quipe U23 du RSC Anderlecht. (cr\u00e9er)<\/p>\n","protected":false},"excerpt":{"rendered":"<p>Pas de surprise au stade Kehrweg : en 1\/16 de finale de la coupe nationale, l&rsquo;AS Eupen de deuxi\u00e8me division s&rsquo;est inclin\u00e9 3-0 face \u00e0<\/p>\n","protected":false},"author":1,"featured_media":1851,"comment_status":"","ping_status":"","sticky":false,"template":"","format":"standard","meta":{"footnotes":""},"categories":[298],"tags":[2524,2525,2526,2329,733,2523,2353,537,1143,198,2522,2502,2527,2504,110],"class_list":["post-1850","post","type-post","status-publish","format-standard","has-post-thumbnail","hentry","category-belgique","tag-champion","tag-deuxieme","tag-division","tag-eupen","tag-face","tag-heure","tag-las","tag-lequipe","tag-lunion","tag-pendant","tag-resiste","tag-saintgilloise","tag-sincline","tag-titre","tag-une","generate-columns","tablet-grid-50","mobile-grid-100","grid-parent","grid-33"],"yoast_head":"<!-- This site is optimized with the Yoast SEO plugin v24.0 - https:\/\/yoast.com\/wordpress\/plugins\/seo\/ -->\n<title>L&#039;AS Eupen r\u00e9siste pendant une heure face au champion en titre : l&#039;\u00e9quipe de deuxi\u00e8me division s&#039;incline 0-3 face \u00e0 l&#039;Union Saint-Gilloise | Vie Associative<\/title>\n<meta name=\"robots\" content=\"index, follow, max-snippet:-1, max-image-preview:large, max-video-preview:-1\" \/>\n<link rel=\"canonical\" href=\"https:\/\/vieassociative.be\/actualites\/las-eupen-resiste-pendant-une-heure-face-au-champion-en-titre-lequipe-de-deuxieme-division-sincline-0-3-face-a-lunion-saint-gilloise\/\" \/>\n<meta property=\"og:locale\" content=\"fr_FR\" \/>\n<meta property=\"og:type\" content=\"article\" \/>\n<meta property=\"og:title\" content=\"L&#039;AS Eupen r\u00e9siste pendant une heure face au champion en titre : l&#039;\u00e9quipe de deuxi\u00e8me division s&#039;incline 0-3 face \u00e0 l&#039;Union Saint-Gilloise | Vie Associative\" \/>\n<meta property=\"og:description\" content=\"Pas de surprise au stade Kehrweg : en 1\/16 de finale de la coupe nationale, l&rsquo;AS Eupen de deuxi\u00e8me division s&rsquo;est inclin\u00e9 3-0 face \u00e0\" \/>\n<meta property=\"og:url\" content=\"https:\/\/vieassociative.be\/actualites\/las-eupen-resiste-pendant-une-heure-face-au-champion-en-titre-lequipe-de-deuxieme-division-sincline-0-3-face-a-lunion-saint-gilloise\/\" \/>\n<meta property=\"og:site_name\" content=\"Vie Associative\" \/>\n<meta property=\"article:published_time\" content=\"2024-10-31T02:16:56+00:00\" \/>\n<meta property=\"og:image\" content=\"https:\/\/vieassociative.be\/actualites\/wp-content\/uploads\/2024\/10\/LAS-Eupen-resiste-pendant-une-heure-face-au-champion-en.jpeg\" \/>\n<meta name=\"author\" content=\"Julien\" \/>\n<meta name=\"twitter:card\" content=\"summary_large_image\" \/>\n<meta name=\"twitter:label1\" content=\"\u00c9crit par\" \/>\n\t<meta name=\"twitter:data1\" content=\"Julien\" \/>\n\t<meta name=\"twitter:label2\" content=\"Dur\u00e9e de lecture est.\" \/>\n\t<meta name=\"twitter:data2\" content=\"3 minutes\" \/>\n<script type=\"application\/ld+json\" class=\"yoast-schema-graph\">{\"@context\":\"https:\/\/schema.org\",\"@graph\":[{\"@type\":\"Article\",\"@id\":\"https:\/\/vieassociative.be\/actualites\/las-eupen-resiste-pendant-une-heure-face-au-champion-en-titre-lequipe-de-deuxieme-division-sincline-0-3-face-a-lunion-saint-gilloise\/#article\",\"isPartOf\":{\"@id\":\"https:\/\/vieassociative.be\/actualites\/las-eupen-resiste-pendant-une-heure-face-au-champion-en-titre-lequipe-de-deuxieme-division-sincline-0-3-face-a-lunion-saint-gilloise\/\"},\"author\":{\"name\":\"Julien\",\"@id\":\"https:\/\/vieassociative.be\/actualites\/#\/schema\/person\/b87ac4f82f9d4e7b7cec7395b679edc4\"},\"headline\":\"L&rsquo;AS Eupen r\u00e9siste pendant une heure face au champion en titre : l&rsquo;\u00e9quipe de deuxi\u00e8me division s&rsquo;incline 0-3 face \u00e0 l&rsquo;Union Saint-Gilloise\",\"datePublished\":\"2024-10-31T02:16:56+00:00\",\"dateModified\":\"2024-10-31T02:16:56+00:00\",\"mainEntityOfPage\":{\"@id\":\"https:\/\/vieassociative.be\/actualites\/las-eupen-resiste-pendant-une-heure-face-au-champion-en-titre-lequipe-de-deuxieme-division-sincline-0-3-face-a-lunion-saint-gilloise\/\"},\"wordCount\":630,\"publisher\":{\"@id\":\"https:\/\/vieassociative.be\/actualites\/#organization\"},\"image\":{\"@id\":\"https:\/\/vieassociative.be\/actualites\/las-eupen-resiste-pendant-une-heure-face-au-champion-en-titre-lequipe-de-deuxieme-division-sincline-0-3-face-a-lunion-saint-gilloise\/#primaryimage\"},\"thumbnailUrl\":\"https:\/\/vieassociative.be\/actualites\/wp-content\/uploads\/2024\/10\/1730341016_LAS-Eupen-resiste-pendant-une-heure-face-au-champion-en.jpg\",\"keywords\":[\"champion\",\"deuxi\u00e8me\",\"division\",\"Eupen\",\"face\",\"heure\",\"lAS\",\"l\u00e9quipe\",\"lUnion\",\"pendant\",\"r\u00e9siste\",\"SaintGilloise\",\"sincline\",\"titre\",\"une\"],\"articleSection\":[\"Belgique\"],\"inLanguage\":\"fr-BE\"},{\"@type\":\"WebPage\",\"@id\":\"https:\/\/vieassociative.be\/actualites\/las-eupen-resiste-pendant-une-heure-face-au-champion-en-titre-lequipe-de-deuxieme-division-sincline-0-3-face-a-lunion-saint-gilloise\/\",\"url\":\"https:\/\/vieassociative.be\/actualites\/las-eupen-resiste-pendant-une-heure-face-au-champion-en-titre-lequipe-de-deuxieme-division-sincline-0-3-face-a-lunion-saint-gilloise\/\",\"name\":\"L'AS Eupen r\u00e9siste pendant une heure face au champion en titre : l'\u00e9quipe de deuxi\u00e8me division s'incline 0-3 face \u00e0 l'Union Saint-Gilloise | Vie Associative\",\"isPartOf\":{\"@id\":\"https:\/\/vieassociative.be\/actualites\/#website\"},\"primaryImageOfPage\":{\"@id\":\"https:\/\/vieassociative.be\/actualites\/las-eupen-resiste-pendant-une-heure-face-au-champion-en-titre-lequipe-de-deuxieme-division-sincline-0-3-face-a-lunion-saint-gilloise\/#primaryimage\"},\"image\":{\"@id\":\"https:\/\/vieassociative.be\/actualites\/las-eupen-resiste-pendant-une-heure-face-au-champion-en-titre-lequipe-de-deuxieme-division-sincline-0-3-face-a-lunion-saint-gilloise\/#primaryimage\"},\"thumbnailUrl\":\"https:\/\/vieassociative.be\/actualites\/wp-content\/uploads\/2024\/10\/1730341016_LAS-Eupen-resiste-pendant-une-heure-face-au-champion-en.jpg\",\"datePublished\":\"2024-10-31T02:16:56+00:00\",\"dateModified\":\"2024-10-31T02:16:56+00:00\",\"breadcrumb\":{\"@id\":\"https:\/\/vieassociative.be\/actualites\/las-eupen-resiste-pendant-une-heure-face-au-champion-en-titre-lequipe-de-deuxieme-division-sincline-0-3-face-a-lunion-saint-gilloise\/#breadcrumb\"},\"inLanguage\":\"fr-BE\",\"potentialAction\":[{\"@type\":\"ReadAction\",\"target\":[\"https:\/\/vieassociative.be\/actualites\/las-eupen-resiste-pendant-une-heure-face-au-champion-en-titre-lequipe-de-deuxieme-division-sincline-0-3-face-a-lunion-saint-gilloise\/\"]}]},{\"@type\":\"ImageObject\",\"inLanguage\":\"fr-BE\",\"@id\":\"https:\/\/vieassociative.be\/actualites\/las-eupen-resiste-pendant-une-heure-face-au-champion-en-titre-lequipe-de-deuxieme-division-sincline-0-3-face-a-lunion-saint-gilloise\/#primaryimage\",\"url\":\"https:\/\/vieassociative.be\/actualites\/wp-content\/uploads\/2024\/10\/1730341016_LAS-Eupen-resiste-pendant-une-heure-face-au-champion-en.jpg\",\"contentUrl\":\"https:\/\/vieassociative.be\/actualites\/wp-content\/uploads\/2024\/10\/1730341016_LAS-Eupen-resiste-pendant-une-heure-face-au-champion-en.jpg\",\"width\":1200,\"height\":800,\"caption\":\"L'AS Eupen r\u00e9siste pendant une heure face au champion en titre : l'\u00e9quipe de deuxi\u00e8me division s'incline 0-3 face \u00e0 l'Union Saint-Gilloise\"},{\"@type\":\"BreadcrumbList\",\"@id\":\"https:\/\/vieassociative.be\/actualites\/las-eupen-resiste-pendant-une-heure-face-au-champion-en-titre-lequipe-de-deuxieme-division-sincline-0-3-face-a-lunion-saint-gilloise\/#breadcrumb\",\"itemListElement\":[{\"@type\":\"ListItem\",\"position\":1,\"name\":\"Accueil\",\"item\":\"https:\/\/vieassociative.be\/actualites\/\"},{\"@type\":\"ListItem\",\"position\":2,\"name\":\"L&rsquo;AS Eupen r\u00e9siste pendant une heure face au champion en titre : l&rsquo;\u00e9quipe de deuxi\u00e8me division s&rsquo;incline 0-3 face \u00e0 l&rsquo;Union Saint-Gilloise\"}]},{\"@type\":\"WebSite\",\"@id\":\"https:\/\/vieassociative.be\/actualites\/#website\",\"url\":\"https:\/\/vieassociative.be\/actualites\/\",\"name\":\"Vie Associative\",\"description\":\"\",\"publisher\":{\"@id\":\"https:\/\/vieassociative.be\/actualites\/#organization\"},\"potentialAction\":[{\"@type\":\"SearchAction\",\"target\":{\"@type\":\"EntryPoint\",\"urlTemplate\":\"https:\/\/vieassociative.be\/actualites\/?s={search_term_string}\"},\"query-input\":{\"@type\":\"PropertyValueSpecification\",\"valueRequired\":true,\"valueName\":\"search_term_string\"}}],\"inLanguage\":\"fr-BE\"},{\"@type\":\"Organization\",\"@id\":\"https:\/\/vieassociative.be\/actualites\/#organization\",\"name\":\"Vie Associative\",\"url\":\"https:\/\/vieassociative.be\/actualites\/\",\"logo\":{\"@type\":\"ImageObject\",\"inLanguage\":\"fr-BE\",\"@id\":\"https:\/\/vieassociative.be\/actualites\/#\/schema\/logo\/image\/\",\"url\":\"https:\/\/vieassociative.be\/actualites\/wp-content\/uploads\/2024\/09\/cropped-vieassociative_favicon.ico.png\",\"contentUrl\":\"https:\/\/vieassociative.be\/actualites\/wp-content\/uploads\/2024\/09\/cropped-vieassociative_favicon.ico.png\",\"width\":512,\"height\":512,\"caption\":\"Vie Associative\"},\"image\":{\"@id\":\"https:\/\/vieassociative.be\/actualites\/#\/schema\/logo\/image\/\"}},{\"@type\":\"Person\",\"@id\":\"https:\/\/vieassociative.be\/actualites\/#\/schema\/person\/b87ac4f82f9d4e7b7cec7395b679edc4\",\"name\":\"Julien\",\"image\":{\"@type\":\"ImageObject\",\"inLanguage\":\"fr-BE\",\"@id\":\"https:\/\/vieassociative.be\/actualites\/#\/schema\/person\/image\/\",\"url\":\"https:\/\/vieassociative.be\/actualites\/wp-content\/uploads\/2024\/09\/vie-associative-1-150x150.jpg\",\"contentUrl\":\"https:\/\/vieassociative.be\/actualites\/wp-content\/uploads\/2024\/09\/vie-associative-1-150x150.jpg\",\"caption\":\"Julien\"},\"description\":\"Je suis Julien, r\u00e9dacteur pour Vie Associative. Passionn\u00e9 par le monde associatif depuis plus de 10 ans, j'ai \u00e0 c\u0153ur de partager des histoires inspirantes et de mettre en lumi\u00e8re les initiatives locales. Mon objectif est de sensibiliser et d'encourager l'engagement communautaire \u00e0 travers mes articles.\",\"sameAs\":[\"https:\/\/vieassociative.be\/\"]}]}<\/script>\n<!-- \/ Yoast SEO plugin. -->","yoast_head_json":{"title":"L'AS Eupen r\u00e9siste pendant une heure face au champion en titre : l'\u00e9quipe de deuxi\u00e8me division s'incline 0-3 face \u00e0 l'Union Saint-Gilloise | Vie Associative","robots":{"index":"index","follow":"follow","max-snippet":"max-snippet:-1","max-image-preview":"max-image-preview:large","max-video-preview":"max-video-preview:-1"},"canonical":"https:\/\/vieassociative.be\/actualites\/las-eupen-resiste-pendant-une-heure-face-au-champion-en-titre-lequipe-de-deuxieme-division-sincline-0-3-face-a-lunion-saint-gilloise\/","og_locale":"fr_FR","og_type":"article","og_title":"L'AS Eupen r\u00e9siste pendant une heure face au champion en titre : l'\u00e9quipe de deuxi\u00e8me division s'incline 0-3 face \u00e0 l'Union Saint-Gilloise | Vie Associative","og_description":"Pas de surprise au stade Kehrweg : en 1\/16 de finale de la coupe nationale, l&rsquo;AS Eupen de deuxi\u00e8me division s&rsquo;est inclin\u00e9 3-0 face \u00e0","og_url":"https:\/\/vieassociative.be\/actualites\/las-eupen-resiste-pendant-une-heure-face-au-champion-en-titre-lequipe-de-deuxieme-division-sincline-0-3-face-a-lunion-saint-gilloise\/","og_site_name":"Vie Associative","article_published_time":"2024-10-31T02:16:56+00:00","og_image":[{"url":"https:\/\/vieassociative.be\/actualites\/wp-content\/uploads\/2024\/10\/LAS-Eupen-resiste-pendant-une-heure-face-au-champion-en.jpeg","type":"","width":"","height":""}],"author":"Julien","twitter_card":"summary_large_image","twitter_misc":{"\u00c9crit par":"Julien","Dur\u00e9e de lecture est.":"3 minutes"},"schema":{"@context":"https:\/\/schema.org","@graph":[{"@type":"Article","@id":"https:\/\/vieassociative.be\/actualites\/las-eupen-resiste-pendant-une-heure-face-au-champion-en-titre-lequipe-de-deuxieme-division-sincline-0-3-face-a-lunion-saint-gilloise\/#article","isPartOf":{"@id":"https:\/\/vieassociative.be\/actualites\/las-eupen-resiste-pendant-une-heure-face-au-champion-en-titre-lequipe-de-deuxieme-division-sincline-0-3-face-a-lunion-saint-gilloise\/"},"author":{"name":"Julien","@id":"https:\/\/vieassociative.be\/actualites\/#\/schema\/person\/b87ac4f82f9d4e7b7cec7395b679edc4"},"headline":"L&rsquo;AS Eupen r\u00e9siste pendant une heure face au champion en titre : l&rsquo;\u00e9quipe de deuxi\u00e8me division s&rsquo;incline 0-3 face \u00e0 l&rsquo;Union Saint-Gilloise","datePublished":"2024-10-31T02:16:56+00:00","dateModified":"2024-10-31T02:16:56+00:00","mainEntityOfPage":{"@id":"https:\/\/vieassociative.be\/actualites\/las-eupen-resiste-pendant-une-heure-face-au-champion-en-titre-lequipe-de-deuxieme-division-sincline-0-3-face-a-lunion-saint-gilloise\/"},"wordCount":630,"publisher":{"@id":"https:\/\/vieassociative.be\/actualites\/#organization"},"image":{"@id":"https:\/\/vieassociative.be\/actualites\/las-eupen-resiste-pendant-une-heure-face-au-champion-en-titre-lequipe-de-deuxieme-division-sincline-0-3-face-a-lunion-saint-gilloise\/#primaryimage"},"thumbnailUrl":"https:\/\/vieassociative.be\/actualites\/wp-content\/uploads\/2024\/10\/1730341016_LAS-Eupen-resiste-pendant-une-heure-face-au-champion-en.jpg","keywords":["champion","deuxi\u00e8me","division","Eupen","face","heure","lAS","l\u00e9quipe","lUnion","pendant","r\u00e9siste","SaintGilloise","sincline","titre","une"],"articleSection":["Belgique"],"inLanguage":"fr-BE"},{"@type":"WebPage","@id":"https:\/\/vieassociative.be\/actualites\/las-eupen-resiste-pendant-une-heure-face-au-champion-en-titre-lequipe-de-deuxieme-division-sincline-0-3-face-a-lunion-saint-gilloise\/","url":"https:\/\/vieassociative.be\/actualites\/las-eupen-resiste-pendant-une-heure-face-au-champion-en-titre-lequipe-de-deuxieme-division-sincline-0-3-face-a-lunion-saint-gilloise\/","name":"L'AS Eupen r\u00e9siste pendant une heure face au champion en titre : l'\u00e9quipe de deuxi\u00e8me division s'incline 0-3 face \u00e0 l'Union Saint-Gilloise | Vie Associative","isPartOf":{"@id":"https:\/\/vieassociative.be\/actualites\/#website"},"primaryImageOfPage":{"@id":"https:\/\/vieassociative.be\/actualites\/las-eupen-resiste-pendant-une-heure-face-au-champion-en-titre-lequipe-de-deuxieme-division-sincline-0-3-face-a-lunion-saint-gilloise\/#primaryimage"},"image":{"@id":"https:\/\/vieassociative.be\/actualites\/las-eupen-resiste-pendant-une-heure-face-au-champion-en-titre-lequipe-de-deuxieme-division-sincline-0-3-face-a-lunion-saint-gilloise\/#primaryimage"},"thumbnailUrl":"https:\/\/vieassociative.be\/actualites\/wp-content\/uploads\/2024\/10\/1730341016_LAS-Eupen-resiste-pendant-une-heure-face-au-champion-en.jpg","datePublished":"2024-10-31T02:16:56+00:00","dateModified":"2024-10-31T02:16:56+00:00","breadcrumb":{"@id":"https:\/\/vieassociative.be\/actualites\/las-eupen-resiste-pendant-une-heure-face-au-champion-en-titre-lequipe-de-deuxieme-division-sincline-0-3-face-a-lunion-saint-gilloise\/#breadcrumb"},"inLanguage":"fr-BE","potentialAction":[{"@type":"ReadAction","target":["https:\/\/vieassociative.be\/actualites\/las-eupen-resiste-pendant-une-heure-face-au-champion-en-titre-lequipe-de-deuxieme-division-sincline-0-3-face-a-lunion-saint-gilloise\/"]}]},{"@type":"ImageObject","inLanguage":"fr-BE","@id":"https:\/\/vieassociative.be\/actualites\/las-eupen-resiste-pendant-une-heure-face-au-champion-en-titre-lequipe-de-deuxieme-division-sincline-0-3-face-a-lunion-saint-gilloise\/#primaryimage","url":"https:\/\/vieassociative.be\/actualites\/wp-content\/uploads\/2024\/10\/1730341016_LAS-Eupen-resiste-pendant-une-heure-face-au-champion-en.jpg","contentUrl":"https:\/\/vieassociative.be\/actualites\/wp-content\/uploads\/2024\/10\/1730341016_LAS-Eupen-resiste-pendant-une-heure-face-au-champion-en.jpg","width":1200,"height":800,"caption":"L'AS Eupen r\u00e9siste pendant une heure face au champion en titre : l'\u00e9quipe de deuxi\u00e8me division s'incline 0-3 face \u00e0 l'Union Saint-Gilloise"},{"@type":"BreadcrumbList","@id":"https:\/\/vieassociative.be\/actualites\/las-eupen-resiste-pendant-une-heure-face-au-champion-en-titre-lequipe-de-deuxieme-division-sincline-0-3-face-a-lunion-saint-gilloise\/#breadcrumb","itemListElement":[{"@type":"ListItem","position":1,"name":"Accueil","item":"https:\/\/vieassociative.be\/actualites\/"},{"@type":"ListItem","position":2,"name":"L&rsquo;AS Eupen r\u00e9siste pendant une heure face au champion en titre : l&rsquo;\u00e9quipe de deuxi\u00e8me division s&rsquo;incline 0-3 face \u00e0 l&rsquo;Union Saint-Gilloise"}]},{"@type":"WebSite","@id":"https:\/\/vieassociative.be\/actualites\/#website","url":"https:\/\/vieassociative.be\/actualites\/","name":"Vie Associative","description":"","publisher":{"@id":"https:\/\/vieassociative.be\/actualites\/#organization"},"potentialAction":[{"@type":"SearchAction","target":{"@type":"EntryPoint","urlTemplate":"https:\/\/vieassociative.be\/actualites\/?s={search_term_string}"},"query-input":{"@type":"PropertyValueSpecification","valueRequired":true,"valueName":"search_term_string"}}],"inLanguage":"fr-BE"},{"@type":"Organization","@id":"https:\/\/vieassociative.be\/actualites\/#organization","name":"Vie Associative","url":"https:\/\/vieassociative.be\/actualites\/","logo":{"@type":"ImageObject","inLanguage":"fr-BE","@id":"https:\/\/vieassociative.be\/actualites\/#\/schema\/logo\/image\/","url":"https:\/\/vieassociative.be\/actualites\/wp-content\/uploads\/2024\/09\/cropped-vieassociative_favicon.ico.png","contentUrl":"https:\/\/vieassociative.be\/actualites\/wp-content\/uploads\/2024\/09\/cropped-vieassociative_favicon.ico.png","width":512,"height":512,"caption":"Vie Associative"},"image":{"@id":"https:\/\/vieassociative.be\/actualites\/#\/schema\/logo\/image\/"}},{"@type":"Person","@id":"https:\/\/vieassociative.be\/actualites\/#\/schema\/person\/b87ac4f82f9d4e7b7cec7395b679edc4","name":"Julien","image":{"@type":"ImageObject","inLanguage":"fr-BE","@id":"https:\/\/vieassociative.be\/actualites\/#\/schema\/person\/image\/","url":"https:\/\/vieassociative.be\/actualites\/wp-content\/uploads\/2024\/09\/vie-associative-1-150x150.jpg","contentUrl":"https:\/\/vieassociative.be\/actualites\/wp-content\/uploads\/2024\/09\/vie-associative-1-150x150.jpg","caption":"Julien"},"description":"Je suis Julien, r\u00e9dacteur pour Vie Associative. Passionn\u00e9 par le monde associatif depuis plus de 10 ans, j'ai \u00e0 c\u0153ur de partager des histoires inspirantes et de mettre en lumi\u00e8re les initiatives locales. Mon objectif est de sensibiliser et d'encourager l'engagement communautaire \u00e0 travers mes articles.","sameAs":["https:\/\/vieassociative.be\/"]}]}},"_links":{"self":[{"href":"https:\/\/vieassociative.be\/actualites\/wp-json\/wp\/v2\/posts\/1850"}],"collection":[{"href":"https:\/\/vieassociative.be\/actualites\/wp-json\/wp\/v2\/posts"}],"about":[{"href":"https:\/\/vieassociative.be\/actualites\/wp-json\/wp\/v2\/types\/post"}],"author":[{"embeddable":true,"href":"https:\/\/vieassociative.be\/actualites\/wp-json\/wp\/v2\/users\/1"}],"replies":[{"embeddable":true,"href":"https:\/\/vieassociative.be\/actualites\/wp-json\/wp\/v2\/comments?post=1850"}],"version-history":[{"count":0,"href":"https:\/\/vieassociative.be\/actualites\/wp-json\/wp\/v2\/posts\/1850\/revisions"}],"wp:featuredmedia":[{"embeddable":true,"href":"https:\/\/vieassociative.be\/actualites\/wp-json\/wp\/v2\/media\/1851"}],"wp:attachment":[{"href":"https:\/\/vieassociative.be\/actualites\/wp-json\/wp\/v2\/media?parent=1850"}],"wp:term":[{"taxonomy":"category","embeddable":true,"href":"https:\/\/vieassociative.be\/actualites\/wp-json\/wp\/v2\/categories?post=1850"},{"taxonomy":"post_tag","embeddable":true,"href":"https:\/\/vieassociative.be\/actualites\/wp-json\/wp\/v2\/tags?post=1850"}],"curies":[{"name":"wp","href":"https:\/\/api.w.org\/{rel}","templated":true}]}}