{"id":1838,"date":"2024-10-30T20:19:34","date_gmt":"2024-10-30T19:19:34","guid":{"rendered":"https:\/\/vieassociative.be\/actualites\/apple-a-decouvert-lune-des-failles-de-securite-critiques-de-chrome\/"},"modified":"2024-10-30T20:19:34","modified_gmt":"2024-10-30T19:19:34","slug":"apple-a-decouvert-lune-des-failles-de-securite-critiques-de-chrome","status":"publish","type":"post","link":"https:\/\/vieassociative.be\/actualites\/apple-a-decouvert-lune-des-failles-de-securite-critiques-de-chrome\/","title":{"rendered":"Apple a d\u00e9couvert l&rsquo;une des failles de s\u00e9curit\u00e9 \u00ab critiques \u00bb de Chrome"},"content":{"rendered":"<div class=\"mt-4 leading-6 md:mb-8\">Eh bien, eh bien. Comment les tables tournantes&#8230;<\/div>\n<p><\/p>\n<p>Mardi, Google a publi\u00e9 une nouvelle mise \u00e0 jour pour Chrome, la mettant \u00e0 niveau vers la version 130.0.6723.91\/.92 pour Windows et Mac, et 130.0.6723.91 pour Linux. Lorsque vous installez la mise \u00e0 jour et actualisez votre navigateur, vous ne serez pas accueilli avec une nouvelle interface utilisateur ni une poign\u00e9e de nouvelles fonctionnalit\u00e9s ou modifications. Au lieu de cela, vous ex\u00e9cuterez un navigateur qui corrige deux vuln\u00e9rabilit\u00e9s de s\u00e9curit\u00e9 trouv\u00e9es dans les anciennes versions.<\/p>\n<p>L\u2019une de ces vuln\u00e9rabilit\u00e9s de s\u00e9curit\u00e9 est qualifi\u00e9e de gravit\u00e9 \u00ab \u00e9lev\u00e9e \u00bb. Suivi comme CVE-2024-10488, il s&rsquo;agit d&rsquo;une vuln\u00e9rabilit\u00e9 d&rsquo;utilisation apr\u00e8s utilisation gratuite dans WebRTC, un protocole de communication en temps r\u00e9el pour les navigateurs Web. Lorsqu&rsquo;il est utilis\u00e9 apr\u00e8s des failles libres, un programme ne parvient pas \u00e0 effacer le pointeur vers un emplacement m\u00e9moire apr\u00e8s avoir lib\u00e9r\u00e9 cet emplacement m\u00e9moire, ce qui permet \u00e0 des acteurs malveillants d&rsquo;exploiter la faille et d&rsquo;attaquer le programme.  <\/p>\n<p>L\u2019autre d\u00e9faut m\u2019int\u00e9resse cependant un peu plus. CVE-2024-10487 est \u00e9tiquet\u00e9 comme \u00e9tant de gravit\u00e9 \u00ab\u00a0Critique\u00a0\u00bb et constitue une \u00e9criture hors limites dans Dawn, l&rsquo;impl\u00e9mentation open source de WebGPU dans Chrome. Une faille d&rsquo;\u00e9criture hors limites se produit lorsqu&rsquo;un programme \u00e9crit en dehors de la m\u00e9moire qui lui est allou\u00e9e. Un attaquant peut profiter de cette situation pour planter le programme et ex\u00e9cuter son propre code.<\/p>\n<p>Mais ce qui rend CVE-2024-10487 int\u00e9ressant, ce n&rsquo;est pas qu&rsquo;il s&rsquo;agisse d&rsquo;une faille d&rsquo;\u00e9criture hors limites, ni qu&rsquo;elle soit critique : c&rsquo;est qu&rsquo;Apple l&rsquo;a d\u00e9couverte. Google attribue \u00e0 SEAR, l&rsquo;\u00e9quipe d&rsquo;ing\u00e9nierie et d&rsquo;architecture de s\u00e9curit\u00e9 d&rsquo;Apple, l&rsquo;identification de la vuln\u00e9rabilit\u00e9 le 23 octobre. <\/p>\n<p>S&rsquo;il est amusant de constater qu&rsquo;Apple, un concurrent \u00e9vident de Google, a d\u00e9couvert une faille dans le navigateur mondialement connu de l&rsquo;entreprise, ce n&rsquo;est pas la premi\u00e8re fois que ce type de situation se produit. En fait, la semaine derni\u00e8re, j&rsquo;ai \u00e9crit sur la fa\u00e7on dont Microsoft avait d\u00e9couvert une faille de s\u00e9curit\u00e9 majeure dans Safari. Apple a int\u00e9gr\u00e9 ce correctif de s\u00e9curit\u00e9 dans la version plus large de macOS Sequoia, contrairement \u00e0 Google, qui a publi\u00e9 cette petite mise \u00e0 jour de Chrome sp\u00e9cifiquement pour fournir ces deux correctifs de s\u00e9curit\u00e9 aux utilisateurs.<\/p>\n<p>La v\u00e9rit\u00e9 est que m\u00eame si Microsoft, Google et Apple sont tous des concurrents, les grandes entreprises technologiques partagent de nombreux int\u00e9r\u00eats communs, notamment en mati\u00e8re de confidentialit\u00e9 et de s\u00e9curit\u00e9. M\u00eame si Apple aimerait que tout le monde utilise Safari, <em>beaucoup<\/em> Les utilisateurs de Mac naviguent sur le Web avec Chrome \u00e0 la place, et avoir ces nombreux utilisateurs ex\u00e9cutant un navigateur compromis sur leur Mac serait une mauvaise chose. <\/p>\n<p>Alors que les gros titres technologiques soulignent fr\u00e9quemment les domaines o\u00f9 les entreprises rivalisent et se battent \u2013 \u200b\u200biPhone et Android, ChatGPT (et Copilot) et Gemini, macOS et Windows, etc. \u2013 il est rafra\u00eechissant de voir qu&rsquo;il arrive encore parfois que ces entreprises travaillent ensemble au nom de l&rsquo;am\u00e9lioration. la technologie pour tout le monde.   <\/p>\n","protected":false},"excerpt":{"rendered":"<p>Eh bien, eh bien. Comment les tables tournantes&#8230; Mardi, Google a publi\u00e9 une nouvelle mise \u00e0 jour pour Chrome, la mettant \u00e0 niveau vers la<\/p>\n","protected":false},"author":1,"featured_media":1839,"comment_status":"","ping_status":"","sticky":false,"template":"","format":"standard","meta":{"footnotes":""},"categories":[13],"tags":[54,2499,2510,2073,29,2509,1820,151],"class_list":["post-1838","post","type-post","status-publish","format-standard","has-post-thumbnail","hentry","category-technologie","tag-apple","tag-chrome","tag-critiques","tag-decouvert","tag-des","tag-failles","tag-lune","tag-securite","generate-columns","tablet-grid-50","mobile-grid-100","grid-parent","grid-33"],"yoast_head":"<!-- This site is optimized with the Yoast SEO plugin v24.0 - https:\/\/yoast.com\/wordpress\/plugins\/seo\/ -->\n<title>Apple a d\u00e9couvert l&#039;une des failles de s\u00e9curit\u00e9 \u00ab critiques \u00bb de Chrome | Vie Associative<\/title>\n<meta name=\"robots\" content=\"index, follow, max-snippet:-1, max-image-preview:large, max-video-preview:-1\" \/>\n<link rel=\"canonical\" href=\"https:\/\/vieassociative.be\/actualites\/apple-a-decouvert-lune-des-failles-de-securite-critiques-de-chrome\/\" \/>\n<meta property=\"og:locale\" content=\"fr_FR\" \/>\n<meta property=\"og:type\" content=\"article\" \/>\n<meta property=\"og:title\" content=\"Apple a d\u00e9couvert l&#039;une des failles de s\u00e9curit\u00e9 \u00ab critiques \u00bb de Chrome | Vie Associative\" \/>\n<meta property=\"og:description\" content=\"Eh bien, eh bien. Comment les tables tournantes&#8230; Mardi, Google a publi\u00e9 une nouvelle mise \u00e0 jour pour Chrome, la mettant \u00e0 niveau vers la\" \/>\n<meta property=\"og:url\" content=\"https:\/\/vieassociative.be\/actualites\/apple-a-decouvert-lune-des-failles-de-securite-critiques-de-chrome\/\" \/>\n<meta property=\"og:site_name\" content=\"Vie Associative\" \/>\n<meta property=\"article:published_time\" content=\"2024-10-30T19:19:34+00:00\" \/>\n<meta property=\"og:image\" content=\"https:\/\/vieassociative.be\/actualites\/wp-content\/uploads\/2024\/09\/header_backgroundk-01-e1726694325946.png\" \/>\n\t<meta property=\"og:image:width\" content=\"279\" \/>\n\t<meta property=\"og:image:height\" content=\"92\" \/>\n\t<meta property=\"og:image:type\" content=\"image\/png\" \/>\n<meta name=\"author\" content=\"Julien\" \/>\n<meta name=\"twitter:card\" content=\"summary_large_image\" \/>\n<meta name=\"twitter:label1\" content=\"\u00c9crit par\" \/>\n\t<meta name=\"twitter:data1\" content=\"Julien\" \/>\n\t<meta name=\"twitter:label2\" content=\"Dur\u00e9e de lecture est.\" \/>\n\t<meta name=\"twitter:data2\" content=\"3 minutes\" \/>\n<script type=\"application\/ld+json\" class=\"yoast-schema-graph\">{\"@context\":\"https:\/\/schema.org\",\"@graph\":[{\"@type\":\"Article\",\"@id\":\"https:\/\/vieassociative.be\/actualites\/apple-a-decouvert-lune-des-failles-de-securite-critiques-de-chrome\/#article\",\"isPartOf\":{\"@id\":\"https:\/\/vieassociative.be\/actualites\/apple-a-decouvert-lune-des-failles-de-securite-critiques-de-chrome\/\"},\"author\":{\"name\":\"Julien\",\"@id\":\"https:\/\/vieassociative.be\/actualites\/#\/schema\/person\/b87ac4f82f9d4e7b7cec7395b679edc4\"},\"headline\":\"Apple a d\u00e9couvert l&rsquo;une des failles de s\u00e9curit\u00e9 \u00ab critiques \u00bb de Chrome\",\"datePublished\":\"2024-10-30T19:19:34+00:00\",\"dateModified\":\"2024-10-30T19:19:34+00:00\",\"mainEntityOfPage\":{\"@id\":\"https:\/\/vieassociative.be\/actualites\/apple-a-decouvert-lune-des-failles-de-securite-critiques-de-chrome\/\"},\"wordCount\":573,\"publisher\":{\"@id\":\"https:\/\/vieassociative.be\/actualites\/#organization\"},\"image\":{\"@id\":\"https:\/\/vieassociative.be\/actualites\/apple-a-decouvert-lune-des-failles-de-securite-critiques-de-chrome\/#primaryimage\"},\"thumbnailUrl\":\"https:\/\/vieassociative.be\/actualites\/wp-content\/uploads\/2024\/10\/Apple-a-decouvert-lune-des-failles-de-securite-critiques.png\",\"keywords\":[\"Apple\",\"Chrome\",\"critiques\",\"d\u00e9couvert\",\"Des\",\"failles\",\"lune\",\"s\u00e9curit\u00e9\"],\"articleSection\":[\"Technologie\"],\"inLanguage\":\"fr-BE\"},{\"@type\":\"WebPage\",\"@id\":\"https:\/\/vieassociative.be\/actualites\/apple-a-decouvert-lune-des-failles-de-securite-critiques-de-chrome\/\",\"url\":\"https:\/\/vieassociative.be\/actualites\/apple-a-decouvert-lune-des-failles-de-securite-critiques-de-chrome\/\",\"name\":\"Apple a d\u00e9couvert l'une des failles de s\u00e9curit\u00e9 \u00ab critiques \u00bb de Chrome | Vie Associative\",\"isPartOf\":{\"@id\":\"https:\/\/vieassociative.be\/actualites\/#website\"},\"primaryImageOfPage\":{\"@id\":\"https:\/\/vieassociative.be\/actualites\/apple-a-decouvert-lune-des-failles-de-securite-critiques-de-chrome\/#primaryimage\"},\"image\":{\"@id\":\"https:\/\/vieassociative.be\/actualites\/apple-a-decouvert-lune-des-failles-de-securite-critiques-de-chrome\/#primaryimage\"},\"thumbnailUrl\":\"https:\/\/vieassociative.be\/actualites\/wp-content\/uploads\/2024\/10\/Apple-a-decouvert-lune-des-failles-de-securite-critiques.png\",\"datePublished\":\"2024-10-30T19:19:34+00:00\",\"dateModified\":\"2024-10-30T19:19:34+00:00\",\"breadcrumb\":{\"@id\":\"https:\/\/vieassociative.be\/actualites\/apple-a-decouvert-lune-des-failles-de-securite-critiques-de-chrome\/#breadcrumb\"},\"inLanguage\":\"fr-BE\",\"potentialAction\":[{\"@type\":\"ReadAction\",\"target\":[\"https:\/\/vieassociative.be\/actualites\/apple-a-decouvert-lune-des-failles-de-securite-critiques-de-chrome\/\"]}]},{\"@type\":\"ImageObject\",\"inLanguage\":\"fr-BE\",\"@id\":\"https:\/\/vieassociative.be\/actualites\/apple-a-decouvert-lune-des-failles-de-securite-critiques-de-chrome\/#primaryimage\",\"url\":\"https:\/\/vieassociative.be\/actualites\/wp-content\/uploads\/2024\/10\/Apple-a-decouvert-lune-des-failles-de-securite-critiques.png\",\"contentUrl\":\"https:\/\/vieassociative.be\/actualites\/wp-content\/uploads\/2024\/10\/Apple-a-decouvert-lune-des-failles-de-securite-critiques.png\",\"width\":1200,\"height\":675,\"caption\":\"Apple a d\u00e9couvert l'une des failles de s\u00e9curit\u00e9 \u00ab critiques \u00bb de Chrome\"},{\"@type\":\"BreadcrumbList\",\"@id\":\"https:\/\/vieassociative.be\/actualites\/apple-a-decouvert-lune-des-failles-de-securite-critiques-de-chrome\/#breadcrumb\",\"itemListElement\":[{\"@type\":\"ListItem\",\"position\":1,\"name\":\"Accueil\",\"item\":\"https:\/\/vieassociative.be\/actualites\/\"},{\"@type\":\"ListItem\",\"position\":2,\"name\":\"Apple a d\u00e9couvert l&rsquo;une des failles de s\u00e9curit\u00e9 \u00ab critiques \u00bb de Chrome\"}]},{\"@type\":\"WebSite\",\"@id\":\"https:\/\/vieassociative.be\/actualites\/#website\",\"url\":\"https:\/\/vieassociative.be\/actualites\/\",\"name\":\"Vie Associative\",\"description\":\"\",\"publisher\":{\"@id\":\"https:\/\/vieassociative.be\/actualites\/#organization\"},\"potentialAction\":[{\"@type\":\"SearchAction\",\"target\":{\"@type\":\"EntryPoint\",\"urlTemplate\":\"https:\/\/vieassociative.be\/actualites\/?s={search_term_string}\"},\"query-input\":{\"@type\":\"PropertyValueSpecification\",\"valueRequired\":true,\"valueName\":\"search_term_string\"}}],\"inLanguage\":\"fr-BE\"},{\"@type\":\"Organization\",\"@id\":\"https:\/\/vieassociative.be\/actualites\/#organization\",\"name\":\"Vie Associative\",\"url\":\"https:\/\/vieassociative.be\/actualites\/\",\"logo\":{\"@type\":\"ImageObject\",\"inLanguage\":\"fr-BE\",\"@id\":\"https:\/\/vieassociative.be\/actualites\/#\/schema\/logo\/image\/\",\"url\":\"https:\/\/vieassociative.be\/actualites\/wp-content\/uploads\/2024\/09\/cropped-vieassociative_favicon.ico.png\",\"contentUrl\":\"https:\/\/vieassociative.be\/actualites\/wp-content\/uploads\/2024\/09\/cropped-vieassociative_favicon.ico.png\",\"width\":512,\"height\":512,\"caption\":\"Vie Associative\"},\"image\":{\"@id\":\"https:\/\/vieassociative.be\/actualites\/#\/schema\/logo\/image\/\"}},{\"@type\":\"Person\",\"@id\":\"https:\/\/vieassociative.be\/actualites\/#\/schema\/person\/b87ac4f82f9d4e7b7cec7395b679edc4\",\"name\":\"Julien\",\"image\":{\"@type\":\"ImageObject\",\"inLanguage\":\"fr-BE\",\"@id\":\"https:\/\/vieassociative.be\/actualites\/#\/schema\/person\/image\/\",\"url\":\"https:\/\/vieassociative.be\/actualites\/wp-content\/uploads\/2024\/09\/vie-associative-1-150x150.jpg\",\"contentUrl\":\"https:\/\/vieassociative.be\/actualites\/wp-content\/uploads\/2024\/09\/vie-associative-1-150x150.jpg\",\"caption\":\"Julien\"},\"description\":\"Je suis Julien, r\u00e9dacteur pour Vie Associative. Passionn\u00e9 par le monde associatif depuis plus de 10 ans, j'ai \u00e0 c\u0153ur de partager des histoires inspirantes et de mettre en lumi\u00e8re les initiatives locales. Mon objectif est de sensibiliser et d'encourager l'engagement communautaire \u00e0 travers mes articles.\",\"sameAs\":[\"https:\/\/vieassociative.be\/\"]}]}<\/script>\n<!-- \/ Yoast SEO plugin. -->","yoast_head_json":{"title":"Apple a d\u00e9couvert l'une des failles de s\u00e9curit\u00e9 \u00ab critiques \u00bb de Chrome | Vie Associative","robots":{"index":"index","follow":"follow","max-snippet":"max-snippet:-1","max-image-preview":"max-image-preview:large","max-video-preview":"max-video-preview:-1"},"canonical":"https:\/\/vieassociative.be\/actualites\/apple-a-decouvert-lune-des-failles-de-securite-critiques-de-chrome\/","og_locale":"fr_FR","og_type":"article","og_title":"Apple a d\u00e9couvert l'une des failles de s\u00e9curit\u00e9 \u00ab critiques \u00bb de Chrome | Vie Associative","og_description":"Eh bien, eh bien. Comment les tables tournantes&#8230; Mardi, Google a publi\u00e9 une nouvelle mise \u00e0 jour pour Chrome, la mettant \u00e0 niveau vers la","og_url":"https:\/\/vieassociative.be\/actualites\/apple-a-decouvert-lune-des-failles-de-securite-critiques-de-chrome\/","og_site_name":"Vie Associative","article_published_time":"2024-10-30T19:19:34+00:00","og_image":[{"width":279,"height":92,"url":"https:\/\/vieassociative.be\/actualites\/wp-content\/uploads\/2024\/09\/header_backgroundk-01-e1726694325946.png","type":"image\/png"}],"author":"Julien","twitter_card":"summary_large_image","twitter_misc":{"\u00c9crit par":"Julien","Dur\u00e9e de lecture est.":"3 minutes"},"schema":{"@context":"https:\/\/schema.org","@graph":[{"@type":"Article","@id":"https:\/\/vieassociative.be\/actualites\/apple-a-decouvert-lune-des-failles-de-securite-critiques-de-chrome\/#article","isPartOf":{"@id":"https:\/\/vieassociative.be\/actualites\/apple-a-decouvert-lune-des-failles-de-securite-critiques-de-chrome\/"},"author":{"name":"Julien","@id":"https:\/\/vieassociative.be\/actualites\/#\/schema\/person\/b87ac4f82f9d4e7b7cec7395b679edc4"},"headline":"Apple a d\u00e9couvert l&rsquo;une des failles de s\u00e9curit\u00e9 \u00ab critiques \u00bb de Chrome","datePublished":"2024-10-30T19:19:34+00:00","dateModified":"2024-10-30T19:19:34+00:00","mainEntityOfPage":{"@id":"https:\/\/vieassociative.be\/actualites\/apple-a-decouvert-lune-des-failles-de-securite-critiques-de-chrome\/"},"wordCount":573,"publisher":{"@id":"https:\/\/vieassociative.be\/actualites\/#organization"},"image":{"@id":"https:\/\/vieassociative.be\/actualites\/apple-a-decouvert-lune-des-failles-de-securite-critiques-de-chrome\/#primaryimage"},"thumbnailUrl":"https:\/\/vieassociative.be\/actualites\/wp-content\/uploads\/2024\/10\/Apple-a-decouvert-lune-des-failles-de-securite-critiques.png","keywords":["Apple","Chrome","critiques","d\u00e9couvert","Des","failles","lune","s\u00e9curit\u00e9"],"articleSection":["Technologie"],"inLanguage":"fr-BE"},{"@type":"WebPage","@id":"https:\/\/vieassociative.be\/actualites\/apple-a-decouvert-lune-des-failles-de-securite-critiques-de-chrome\/","url":"https:\/\/vieassociative.be\/actualites\/apple-a-decouvert-lune-des-failles-de-securite-critiques-de-chrome\/","name":"Apple a d\u00e9couvert l'une des failles de s\u00e9curit\u00e9 \u00ab critiques \u00bb de Chrome | Vie Associative","isPartOf":{"@id":"https:\/\/vieassociative.be\/actualites\/#website"},"primaryImageOfPage":{"@id":"https:\/\/vieassociative.be\/actualites\/apple-a-decouvert-lune-des-failles-de-securite-critiques-de-chrome\/#primaryimage"},"image":{"@id":"https:\/\/vieassociative.be\/actualites\/apple-a-decouvert-lune-des-failles-de-securite-critiques-de-chrome\/#primaryimage"},"thumbnailUrl":"https:\/\/vieassociative.be\/actualites\/wp-content\/uploads\/2024\/10\/Apple-a-decouvert-lune-des-failles-de-securite-critiques.png","datePublished":"2024-10-30T19:19:34+00:00","dateModified":"2024-10-30T19:19:34+00:00","breadcrumb":{"@id":"https:\/\/vieassociative.be\/actualites\/apple-a-decouvert-lune-des-failles-de-securite-critiques-de-chrome\/#breadcrumb"},"inLanguage":"fr-BE","potentialAction":[{"@type":"ReadAction","target":["https:\/\/vieassociative.be\/actualites\/apple-a-decouvert-lune-des-failles-de-securite-critiques-de-chrome\/"]}]},{"@type":"ImageObject","inLanguage":"fr-BE","@id":"https:\/\/vieassociative.be\/actualites\/apple-a-decouvert-lune-des-failles-de-securite-critiques-de-chrome\/#primaryimage","url":"https:\/\/vieassociative.be\/actualites\/wp-content\/uploads\/2024\/10\/Apple-a-decouvert-lune-des-failles-de-securite-critiques.png","contentUrl":"https:\/\/vieassociative.be\/actualites\/wp-content\/uploads\/2024\/10\/Apple-a-decouvert-lune-des-failles-de-securite-critiques.png","width":1200,"height":675,"caption":"Apple a d\u00e9couvert l'une des failles de s\u00e9curit\u00e9 \u00ab critiques \u00bb de Chrome"},{"@type":"BreadcrumbList","@id":"https:\/\/vieassociative.be\/actualites\/apple-a-decouvert-lune-des-failles-de-securite-critiques-de-chrome\/#breadcrumb","itemListElement":[{"@type":"ListItem","position":1,"name":"Accueil","item":"https:\/\/vieassociative.be\/actualites\/"},{"@type":"ListItem","position":2,"name":"Apple a d\u00e9couvert l&rsquo;une des failles de s\u00e9curit\u00e9 \u00ab critiques \u00bb de Chrome"}]},{"@type":"WebSite","@id":"https:\/\/vieassociative.be\/actualites\/#website","url":"https:\/\/vieassociative.be\/actualites\/","name":"Vie Associative","description":"","publisher":{"@id":"https:\/\/vieassociative.be\/actualites\/#organization"},"potentialAction":[{"@type":"SearchAction","target":{"@type":"EntryPoint","urlTemplate":"https:\/\/vieassociative.be\/actualites\/?s={search_term_string}"},"query-input":{"@type":"PropertyValueSpecification","valueRequired":true,"valueName":"search_term_string"}}],"inLanguage":"fr-BE"},{"@type":"Organization","@id":"https:\/\/vieassociative.be\/actualites\/#organization","name":"Vie Associative","url":"https:\/\/vieassociative.be\/actualites\/","logo":{"@type":"ImageObject","inLanguage":"fr-BE","@id":"https:\/\/vieassociative.be\/actualites\/#\/schema\/logo\/image\/","url":"https:\/\/vieassociative.be\/actualites\/wp-content\/uploads\/2024\/09\/cropped-vieassociative_favicon.ico.png","contentUrl":"https:\/\/vieassociative.be\/actualites\/wp-content\/uploads\/2024\/09\/cropped-vieassociative_favicon.ico.png","width":512,"height":512,"caption":"Vie Associative"},"image":{"@id":"https:\/\/vieassociative.be\/actualites\/#\/schema\/logo\/image\/"}},{"@type":"Person","@id":"https:\/\/vieassociative.be\/actualites\/#\/schema\/person\/b87ac4f82f9d4e7b7cec7395b679edc4","name":"Julien","image":{"@type":"ImageObject","inLanguage":"fr-BE","@id":"https:\/\/vieassociative.be\/actualites\/#\/schema\/person\/image\/","url":"https:\/\/vieassociative.be\/actualites\/wp-content\/uploads\/2024\/09\/vie-associative-1-150x150.jpg","contentUrl":"https:\/\/vieassociative.be\/actualites\/wp-content\/uploads\/2024\/09\/vie-associative-1-150x150.jpg","caption":"Julien"},"description":"Je suis Julien, r\u00e9dacteur pour Vie Associative. Passionn\u00e9 par le monde associatif depuis plus de 10 ans, j'ai \u00e0 c\u0153ur de partager des histoires inspirantes et de mettre en lumi\u00e8re les initiatives locales. Mon objectif est de sensibiliser et d'encourager l'engagement communautaire \u00e0 travers mes articles.","sameAs":["https:\/\/vieassociative.be\/"]}]}},"_links":{"self":[{"href":"https:\/\/vieassociative.be\/actualites\/wp-json\/wp\/v2\/posts\/1838"}],"collection":[{"href":"https:\/\/vieassociative.be\/actualites\/wp-json\/wp\/v2\/posts"}],"about":[{"href":"https:\/\/vieassociative.be\/actualites\/wp-json\/wp\/v2\/types\/post"}],"author":[{"embeddable":true,"href":"https:\/\/vieassociative.be\/actualites\/wp-json\/wp\/v2\/users\/1"}],"replies":[{"embeddable":true,"href":"https:\/\/vieassociative.be\/actualites\/wp-json\/wp\/v2\/comments?post=1838"}],"version-history":[{"count":0,"href":"https:\/\/vieassociative.be\/actualites\/wp-json\/wp\/v2\/posts\/1838\/revisions"}],"wp:featuredmedia":[{"embeddable":true,"href":"https:\/\/vieassociative.be\/actualites\/wp-json\/wp\/v2\/media\/1839"}],"wp:attachment":[{"href":"https:\/\/vieassociative.be\/actualites\/wp-json\/wp\/v2\/media?parent=1838"}],"wp:term":[{"taxonomy":"category","embeddable":true,"href":"https:\/\/vieassociative.be\/actualites\/wp-json\/wp\/v2\/categories?post=1838"},{"taxonomy":"post_tag","embeddable":true,"href":"https:\/\/vieassociative.be\/actualites\/wp-json\/wp\/v2\/tags?post=1838"}],"curies":[{"name":"wp","href":"https:\/\/api.w.org\/{rel}","templated":true}]}}