{"id":1808,"date":"2024-10-30T02:17:53","date_gmt":"2024-10-30T01:17:53","guid":{"rendered":"https:\/\/vieassociative.be\/actualites\/ce-que-les-gens-se-trompent-cette-semaine-la-fin-du-monde-est-prevue-pour-2025\/"},"modified":"2024-10-30T02:17:53","modified_gmt":"2024-10-30T01:17:53","slug":"ce-que-les-gens-se-trompent-cette-semaine-la-fin-du-monde-est-prevue-pour-2025","status":"publish","type":"post","link":"https:\/\/vieassociative.be\/actualites\/ce-que-les-gens-se-trompent-cette-semaine-la-fin-du-monde-est-prevue-pour-2025\/","title":{"rendered":"Ce que les gens se trompent cette semaine\u00a0: la fin du monde est pr\u00e9vue pour 2025"},"content":{"rendered":"<div class=\"mt-4 leading-6 md:mb-8\">Nous devrions \u00eatre tellement chanceux.<\/div>\n<p><\/p>\n<p>Vous planifiez d\u00e9j\u00e0 vos r\u00e9solutions pour 2025 ? Pas si vite : ce tweet de <em>Le New York Post<\/em> a \u00e9t\u00e9 vu plus de 15 millions de fois :<\/p>\n<blockquote class=\"twitterEmbed twitter-tweet\"><p>\n    <a rel=\"nofollow noopener\" class=\"text-gray-600\" href=\"https:\/\/twitter.com\/nypost\/status\/1810703741965779172\" title=\"open in a new window\" target=\"_blank\"><\/p>\n<p>        Ce Tweet est actuellement indisponible. Il est peut-\u00eatre en cours de chargement ou a \u00e9t\u00e9 supprim\u00e9.<br \/>\n    <\/a>\n<\/p><\/blockquote>\n<p>Baba Vanga, une voyante aveugle originaire de Bulgarie, n&rsquo;est pas la seule \u00e0 pr\u00e9dire que la Fin des Temps commencera l&rsquo;ann\u00e9e prochaine. Le m\u00e9dium fran\u00e7ais Nostradamus a \u00e9galement pr\u00e9dit qu\u2019un \u00e9v\u00e9nement d\u00e9sastreux se produirait en Europe l\u2019ann\u00e9e prochaine \u2013 du moins selon <em>Le temps de l&rsquo;Inde<\/em>&#8211; et c&rsquo;\u00e9tait au 16\u00e8me si\u00e8cle ! <\/p>\n<p>Avec deux des meilleurs m\u00e9diums de tous les temps pr\u00e9disant la m\u00eame chose, nous devrions s\u00fbrement tous encaisser nos 401k et dire \u00e0 notre famille comment nous <em>vraiment<\/em> ce que je ressens pour eux, n&rsquo;est-ce pas ? Non, nous ne devrions pas l\u2019\u00eatre. <\/p>\n<h2 id=\"who-was-baba-vanga\">Qui \u00e9tait Baba Vanga ?<\/h2>\n<p>N\u00e9e Vangeliya Pandeva Gushterova en 1911 en Bulgarie, la jeunesse de Baba Vanga s&rsquo;est d\u00e9roul\u00e9e sans incident jusqu&rsquo;\u00e0 l&rsquo;\u00e2ge de 12 ans, lorsqu&rsquo;une \u00ab tornade \u00bb l&rsquo;aurait soulev\u00e9e dans le ciel et l&rsquo;aurait jet\u00e9e dans un champ voisin. Vanga est devenue aveugle \u00e0 cause des blessures caus\u00e9es par l&rsquo;incident, mais apr\u00e8s avoir perdu la vue, elle a commenc\u00e9 \u00e0 faire des pr\u00e9dictions et aurait commenc\u00e9 \u00e0 gu\u00e9rir les gens. Dans les ann\u00e9es 1940, des gens de toute la Bulgarie rendaient visite \u00e0 Baba Vanga, principalement pour lui demander si leurs proches \u00e9taient morts pendant la Seconde Guerre mondiale et, si oui, o\u00f9 ils \u00e9taient tomb\u00e9s. <\/p>\n<p>Vanga a \u00e9t\u00e9 prise suffisamment au s\u00e9rieux pour que l&rsquo;Institut de suggestologie au nom g\u00e9nial (qui fait partie de l&rsquo;Acad\u00e9mie bulgare des sciences) l&rsquo;ait \u00e9tudi\u00e9e tout au long des ann\u00e9es 1960 et 1970, essayant de prouver qu&rsquo;elle \u00e9tait plus qu&rsquo;une simple femme \u00e9trange. Vanga elle-m\u00eame est d\u00e9c\u00e9d\u00e9e en 1996 d&rsquo;un cancer du sein (qu&rsquo;elle avait, je suppose, vu venir). Mort ou pas, l&rsquo;h\u00e9ritage de Vanga perdure. Elle compte de nombreux adeptes en Bulgarie et en Mac\u00e9doine du Nord, et notamment en Russie.<\/p>\n<h2 id=\"the-supposedly-successful-predictions-of-baba-vanga\">Les pr\u00e9dictions pr\u00e9tendument r\u00e9ussies de Baba Vanga<\/h2>\n<p>Selon les croyants, Vanga a pr\u00e9dit avec pr\u00e9cision ce qui suit :<\/p>\n<ul>\n<li>\n<p>La mont\u00e9e de l&rsquo;\u00c9tat islamique<\/p>\n<\/li>\n<li>\n<p>Mort de la princesse Diana<\/p>\n<\/li>\n<li>\n<p>11\/09<\/p>\n<\/li>\n<li>\n<p>Le r\u00e9chauffement climatique<\/p>\n<\/li>\n<li>\n<p>Le tsunami du lendemain de No\u00ebl 2004<\/p>\n<\/li>\n<li>\n<p>La catastrophe de Tchernobyl<\/p>\n<\/li>\n<li>\n<p>Brexit<\/p>\n<\/li>\n<li>\n<p>La pr\u00e9sidence de Barack Obama<\/p>\n<\/li>\n<\/ul>\n<p>Le probl\u00e8me avec ces (et toutes les autres) pr\u00e9dictions de Vanga, c&rsquo;est que Vanga \u00e9tait soit analphab\u00e8te, soit semi-alphab\u00e8te, donc elle n&rsquo;a rien \u00e9crit. Contrairement \u00e0 Nostradamus, qui a publi\u00e9 des vers bizarres (et une recette de gel\u00e9e de cerises) ouverts \u00e0 l&rsquo;interpr\u00e9tation et \u00e0 la mauvaise traduction, toutes les pr\u00e9dictions de Vanya sont bas\u00e9es sur ce que les gens ont dit. <em>dit<\/em> leur a-t-elle dit apr\u00e8s coup. Quelqu&rsquo;un qui lui a rendu visite une fois dirait : \u00ab Elle m&rsquo;a totalement parl\u00e9 du r\u00e9chauffement climatique en 1967 ! \u00bb (Le r\u00e9chauffement climatique a \u00e9t\u00e9 avanc\u00e9 pour la premi\u00e8re fois dans un article scientifique en 1896.)<\/p>\n<p>Contrairement \u00e0 la plupart des m\u00e9diums, Vanga b\u00e9n\u00e9ficiait du soutien de vrais universitaires, en particulier Georgi Lozanov. Les m\u00e9thodes de suggestologie de Lozanov ont \u00e9t\u00e9 \u00e9tudi\u00e9es par l&rsquo;UNESCO et finalement d\u00e9clar\u00e9es \u00ab la m\u00e9thode d&rsquo;apprentissage la plus culturellement int\u00e9grale et la plus efficace \u00bb dans l&rsquo;acquisition d&rsquo;une langue seconde. Mais Lozanov a \u00e9galement \u00e9tudi\u00e9 la parapsychologie et la clairvoyance, dont aucune ne r\u00e9siste \u00e0 l\u2019examen scientifique. Pourtant, \u00eatre connect\u00e9 \u00e0 un v\u00e9ritable intellectuel est le genre d\u2019influence dont un voyant a besoin pour vivre \u00e0 perp\u00e9tuit\u00e9, et le d\u00e9sir de prot\u00e9ger la r\u00e9putation de Lozanov pourrait expliquer certaines des pr\u00e9dictions post-hoc. <\/p>\n<p>Cependant, il ne s\u2019agit pas uniquement de coups de couteau apr\u00e8s coup. Parfois, des gens, y compris la ni\u00e8ce de Vanga, ont fait des pr\u00e9dictions sur <em>l&rsquo;avenir<\/em> qui sont cens\u00e9s venir de Vanga, comme celui sur la fin des temps \u00e0 partir de 2025. Alors que personne ne peut dire avec certitude que la fin du monde <em>ne le fera pas<\/em> Commen\u00e7ons l\u2019ann\u00e9e prochaine (du moins pas avant de voir qui remportera l\u2019\u00e9lection pr\u00e9sidentielle am\u00e9ricaine la semaine prochaine), nous pouvons examiner les pr\u00e9dictions ant\u00e9rieures de Vanga pour voir comment elle s\u2019en est sortie. <\/p>\n<h2 id=\"vagueness-the-psychics-most-reliable-friend\">Le flou\u00a0: l&rsquo;ami le plus fiable du m\u00e9dium<\/h2>\n<p>En 2023, une liste compl\u00e8te de pr\u00e9visions Vanga a \u00e9t\u00e9 publi\u00e9e pour 2024. Les voici\u00a0:<\/p>\n<ul>\n<li>\n<p>Une tentative d&rsquo;assassinat de Vladimir Poutine.<\/p>\n<\/li>\n<li>\n<p>Un \u00ab grand pays \u00bb proc\u00e9dera \u00e0 des essais ou \u00e0 des attaques d\u2019armes biologiques.<\/p>\n<\/li>\n<li>\n<p>Une crise \u00e9conomique mondiale.<\/p>\n<\/li>\n<li>\n<p>\u00c9v\u00e9nements m\u00e9t\u00e9orologiques terrifiants et catastrophes naturelles. <\/p>\n<\/li>\n<li>\n<p>Une avanc\u00e9e majeure dans l\u2019informatique quantique.<\/p>\n<\/li>\n<\/ul>\n<p>Plus la pr\u00e9vision est pr\u00e9cise, plus il est facile de la d\u00e9mystifier, de sorte que certaines d&rsquo;entre elles ne sont que de vagues gadgets : des \u00e9v\u00e9nements m\u00e9t\u00e9orologiques terrifiants se produisent chaque ann\u00e9e, Vanga ; c&rsquo;est juste une pr\u00e9diction faible. Le reste de la liste contient des \u00e9l\u00e9ments sur lesquels il aurait sembl\u00e9 plausible de parier pour 2024, mais ils <em>cela ne s&rsquo;est toujours pas produit<\/em>\u00e0 moins que nous ne soyons dans quelques mois. <\/p>\n<p>M\u00eame une pr\u00e9diction correcte aurait suffi \u00e0 convaincre des millions de personnes du pouvoir de Vanga ; mais m\u00eame obtenir un taux de 0\u00a0% correct ne dissuadera probablement pas beaucoup de gens\u00a0; il y a toujours l&rsquo;ann\u00e9e prochaine. <\/p>\n<h2 id=\"the-unsuccessful-predictions-of-baba-vanga\">Les pr\u00e9dictions infructueuses de Baba Vanga<\/h2>\n<p>Lorsque les pr\u00e9dictions de Vanga sont plus pr\u00e9cises, le taux de r\u00e9ussite diminue consid\u00e9rablement. Voici quelques rat\u00e9s notables\u00a0:<\/p>\n<ul>\n<li>\n<p>Isis n\u2019a pas envahi l\u2019Europe en 2016.<\/p>\n<\/li>\n<li>\n<p>Barack Obama n&rsquo;\u00e9tait pas le dernier pr\u00e9sident des \u00c9tats-Unis (malheureusement)<\/p>\n<\/li>\n<li>\n<p>Les extraterrestres n\u2019ont pas atterri sur terre en 2023 et n\u2019ont pas d\u00e9clench\u00e9 une guerre avec l\u2019humanit\u00e9. <\/p>\n<\/li>\n<li>\n<p>La Troisi\u00e8me Guerre mondiale n\u2019a pas commenc\u00e9 en 2010, ni ne s\u2019est termin\u00e9e en 2014. <\/p>\n<\/li>\n<\/ul>\n<p>Il y en a plus, mais vous pouvez probablement voir une tendance : chaque fois qu&rsquo;un adepte de Vanya donne une date pr\u00e9cise dans le futur, elle s&rsquo;av\u00e8re erron\u00e9e. Vous verrez le m\u00eame sch\u00e9ma avec Nostradamus, sans parler de toutes les autres personnes qui disent pouvoir pr\u00e9dire l\u2019avenir. Parce que personne, pas m\u00eame les dames bulgares aveugles ou les myst\u00e9rieux astrologues fran\u00e7ais des ann\u00e9es 1500, ne peut r\u00e9ellement voir l&rsquo;avenir, parce que l&rsquo;avenir n&rsquo;a pas eu lieu, donc il n&rsquo;y a rien \u00e0 voir. <\/p>\n<h2 id=\"how-the-world-will-end-starting-in-2025-according-to-baba-vanga\">Comment le monde finira \u00e0 partir de 2025, selon Baba Vanga<\/h2>\n<p>Juste pour le plaisir, voici la chronologie des \u00e9v\u00e9nements \u00e0 venir, selon Baba Vanga :<\/p>\n<ul>\n<li>\n<p><strong>2025\u00a0:<\/strong> Un conflit en Europe d\u00e9vastera la population du continent.<\/p>\n<\/li>\n<li>\n<p><strong>2028\u00a0:<\/strong> L&rsquo;humanit\u00e9 commencera \u00e0 \u00ab explorer V\u00e9nus comme source d&rsquo;\u00e9nergie \u00bb. <\/p>\n<\/li>\n<li>\n<p><strong>2033\u00a0: <\/strong>Les calottes glaciaires polaires vont fondre, ce qui \u00e9l\u00e8vera le niveau de la mer \u00e0 des hauteurs consid\u00e9rables dans le monde entier.<\/p>\n<\/li>\n<li>\n<p><strong>2076\u00a0:<\/strong> Le communisme se propagera dans les pays du monde entier.<\/p>\n<\/li>\n<li>\n<p><strong>21h30\u00a0:<\/strong> Les humains \u00e9tabliront des contacts avec des extraterrestres.<\/p>\n<\/li>\n<li>\n<p><strong>2170\u00a0: <\/strong>Une s\u00e9cheresse d\u00e9vastera une grande partie du monde.<\/p>\n<\/li>\n<li>\n<p><strong>3005\u00a0:<\/strong> La Terre entrera en guerre contre une civilisation sur Mars.<\/p>\n<\/li>\n<li>\n<p><strong>3797\u00a0: <\/strong>Les humains devront quitter la Terre car elle est devenue inhabitable.<\/p>\n<\/li>\n<li>\n<p><strong>5079\u00a0:<\/strong> Le monde finira.<\/p>\n<\/li>\n<\/ul>\n<h2 id=\"how-the-world-will-end-according-to-me\">Comment le monde finira, selon moi<\/h2>\n<p>Contrairement \u00e0 Baba Vanya et Nostradamus, je peux <em>avec pr\u00e9cision<\/em> pr\u00e9dire la fin du monde. Vous voyez, j&rsquo;ai \u00e9t\u00e9 renvers\u00e9 par une Toyota Corolla en 1994 et je me suis r\u00e9veill\u00e9 avec la capacit\u00e9 d&rsquo;envisager mon avenir personnel. Posez votre main sur l&rsquo;\u00e9cran pour que je puisse lire votre aura et nous commencerons\u00a0:<\/p>\n<p>Je vois quelque chose\u00a0; quelque chose <em>terrible<\/em>! C&rsquo;est la fin du monde ! Et c&rsquo;est pour bient\u00f4t ! Au cours des 60 ou peut-\u00eatre 80 prochaines ann\u00e9es, tout deviendra sombre et le monde prendra fin \u2013 pour vous en particulier. Probablement dans une chambre d&rsquo;h\u00f4pital entour\u00e9e d&rsquo;infirmi\u00e8res auxiliaires d\u00e9sint\u00e9ress\u00e9es.<\/p>\n<p>Veuillez nous contacter au 2084 (ou plus tard) pour me faire savoir si j&rsquo;avais raison.<\/p>\n<p><script async src=\"https:\/\/platform.twitter.com\/widgets.js\" charset=\"utf-8\"><\/script><\/p>\n","protected":false},"excerpt":{"rendered":"<p>Nous devrions \u00eatre tellement chanceux. Vous planifiez d\u00e9j\u00e0 vos r\u00e9solutions pour 2025 ? Pas si vite : ce tweet de Le New York Post a<\/p>\n","protected":false},"author":1,"featured_media":1809,"comment_status":"","ping_status":"","sticky":false,"template":"","format":"standard","meta":{"footnotes":""},"categories":[36],"tags":[206,76,1908,1046,14,237,81,2470,1348,2469],"class_list":["post-1808","post","type-post","status-publish","format-standard","has-post-thumbnail","hentry","category-divertissement","tag-cette","tag-est","tag-fin","tag-gens","tag-les","tag-monde","tag-pour","tag-prevue","tag-semaine","tag-trompent","generate-columns","tablet-grid-50","mobile-grid-100","grid-parent","grid-33"],"yoast_head":"<!-- This site is optimized with the Yoast SEO plugin v24.0 - https:\/\/yoast.com\/wordpress\/plugins\/seo\/ -->\n<title>Ce que les gens se trompent cette semaine\u00a0: la fin du monde est pr\u00e9vue pour 2025 | Vie Associative<\/title>\n<meta name=\"robots\" content=\"index, follow, max-snippet:-1, max-image-preview:large, max-video-preview:-1\" \/>\n<link rel=\"canonical\" href=\"https:\/\/vieassociative.be\/actualites\/ce-que-les-gens-se-trompent-cette-semaine-la-fin-du-monde-est-prevue-pour-2025\/\" \/>\n<meta property=\"og:locale\" content=\"fr_FR\" \/>\n<meta property=\"og:type\" content=\"article\" \/>\n<meta property=\"og:title\" content=\"Ce que les gens se trompent cette semaine\u00a0: la fin du monde est pr\u00e9vue pour 2025 | Vie Associative\" \/>\n<meta property=\"og:description\" content=\"Nous devrions \u00eatre tellement chanceux. Vous planifiez d\u00e9j\u00e0 vos r\u00e9solutions pour 2025 ? Pas si vite : ce tweet de Le New York Post a\" \/>\n<meta property=\"og:url\" content=\"https:\/\/vieassociative.be\/actualites\/ce-que-les-gens-se-trompent-cette-semaine-la-fin-du-monde-est-prevue-pour-2025\/\" \/>\n<meta property=\"og:site_name\" content=\"Vie Associative\" \/>\n<meta property=\"article:published_time\" content=\"2024-10-30T01:17:53+00:00\" \/>\n<meta property=\"og:image\" content=\"https:\/\/vieassociative.be\/actualites\/wp-content\/uploads\/2024\/09\/header_backgroundk-01-e1726694325946.png\" \/>\n\t<meta property=\"og:image:width\" content=\"279\" \/>\n\t<meta property=\"og:image:height\" content=\"92\" \/>\n\t<meta property=\"og:image:type\" content=\"image\/png\" \/>\n<meta name=\"author\" content=\"Julien\" \/>\n<meta name=\"twitter:card\" content=\"summary_large_image\" \/>\n<meta name=\"twitter:label1\" content=\"\u00c9crit par\" \/>\n\t<meta name=\"twitter:data1\" content=\"Julien\" \/>\n\t<meta name=\"twitter:label2\" content=\"Dur\u00e9e de lecture est.\" \/>\n\t<meta name=\"twitter:data2\" content=\"7 minutes\" \/>\n<script type=\"application\/ld+json\" class=\"yoast-schema-graph\">{\"@context\":\"https:\/\/schema.org\",\"@graph\":[{\"@type\":\"Article\",\"@id\":\"https:\/\/vieassociative.be\/actualites\/ce-que-les-gens-se-trompent-cette-semaine-la-fin-du-monde-est-prevue-pour-2025\/#article\",\"isPartOf\":{\"@id\":\"https:\/\/vieassociative.be\/actualites\/ce-que-les-gens-se-trompent-cette-semaine-la-fin-du-monde-est-prevue-pour-2025\/\"},\"author\":{\"name\":\"Julien\",\"@id\":\"https:\/\/vieassociative.be\/actualites\/#\/schema\/person\/b87ac4f82f9d4e7b7cec7395b679edc4\"},\"headline\":\"Ce que les gens se trompent cette semaine\u00a0: la fin du monde est pr\u00e9vue pour 2025\",\"datePublished\":\"2024-10-30T01:17:53+00:00\",\"dateModified\":\"2024-10-30T01:17:53+00:00\",\"mainEntityOfPage\":{\"@id\":\"https:\/\/vieassociative.be\/actualites\/ce-que-les-gens-se-trompent-cette-semaine-la-fin-du-monde-est-prevue-pour-2025\/\"},\"wordCount\":1414,\"publisher\":{\"@id\":\"https:\/\/vieassociative.be\/actualites\/#organization\"},\"image\":{\"@id\":\"https:\/\/vieassociative.be\/actualites\/ce-que-les-gens-se-trompent-cette-semaine-la-fin-du-monde-est-prevue-pour-2025\/#primaryimage\"},\"thumbnailUrl\":\"https:\/\/vieassociative.be\/actualites\/wp-content\/uploads\/2024\/10\/Ce-que-les-gens-se-trompent-cette-semaine-la-fin.jpg\",\"keywords\":[\"cette\",\"est\",\"fin\",\"gens\",\"Les\",\"monde\",\"pour\",\"pr\u00e9vue\",\"semaine\",\"trompent\"],\"articleSection\":[\"Divertissement\"],\"inLanguage\":\"fr-BE\"},{\"@type\":\"WebPage\",\"@id\":\"https:\/\/vieassociative.be\/actualites\/ce-que-les-gens-se-trompent-cette-semaine-la-fin-du-monde-est-prevue-pour-2025\/\",\"url\":\"https:\/\/vieassociative.be\/actualites\/ce-que-les-gens-se-trompent-cette-semaine-la-fin-du-monde-est-prevue-pour-2025\/\",\"name\":\"Ce que les gens se trompent cette semaine\u00a0: la fin du monde est pr\u00e9vue pour 2025 | Vie Associative\",\"isPartOf\":{\"@id\":\"https:\/\/vieassociative.be\/actualites\/#website\"},\"primaryImageOfPage\":{\"@id\":\"https:\/\/vieassociative.be\/actualites\/ce-que-les-gens-se-trompent-cette-semaine-la-fin-du-monde-est-prevue-pour-2025\/#primaryimage\"},\"image\":{\"@id\":\"https:\/\/vieassociative.be\/actualites\/ce-que-les-gens-se-trompent-cette-semaine-la-fin-du-monde-est-prevue-pour-2025\/#primaryimage\"},\"thumbnailUrl\":\"https:\/\/vieassociative.be\/actualites\/wp-content\/uploads\/2024\/10\/Ce-que-les-gens-se-trompent-cette-semaine-la-fin.jpg\",\"datePublished\":\"2024-10-30T01:17:53+00:00\",\"dateModified\":\"2024-10-30T01:17:53+00:00\",\"breadcrumb\":{\"@id\":\"https:\/\/vieassociative.be\/actualites\/ce-que-les-gens-se-trompent-cette-semaine-la-fin-du-monde-est-prevue-pour-2025\/#breadcrumb\"},\"inLanguage\":\"fr-BE\",\"potentialAction\":[{\"@type\":\"ReadAction\",\"target\":[\"https:\/\/vieassociative.be\/actualites\/ce-que-les-gens-se-trompent-cette-semaine-la-fin-du-monde-est-prevue-pour-2025\/\"]}]},{\"@type\":\"ImageObject\",\"inLanguage\":\"fr-BE\",\"@id\":\"https:\/\/vieassociative.be\/actualites\/ce-que-les-gens-se-trompent-cette-semaine-la-fin-du-monde-est-prevue-pour-2025\/#primaryimage\",\"url\":\"https:\/\/vieassociative.be\/actualites\/wp-content\/uploads\/2024\/10\/Ce-que-les-gens-se-trompent-cette-semaine-la-fin.jpg\",\"contentUrl\":\"https:\/\/vieassociative.be\/actualites\/wp-content\/uploads\/2024\/10\/Ce-que-les-gens-se-trompent-cette-semaine-la-fin.jpg\",\"width\":1200,\"height\":675,\"caption\":\"Ce que les gens se trompent cette semaine\u00a0: la fin du monde est pr\u00e9vue pour 2025\"},{\"@type\":\"BreadcrumbList\",\"@id\":\"https:\/\/vieassociative.be\/actualites\/ce-que-les-gens-se-trompent-cette-semaine-la-fin-du-monde-est-prevue-pour-2025\/#breadcrumb\",\"itemListElement\":[{\"@type\":\"ListItem\",\"position\":1,\"name\":\"Accueil\",\"item\":\"https:\/\/vieassociative.be\/actualites\/\"},{\"@type\":\"ListItem\",\"position\":2,\"name\":\"Ce que les gens se trompent cette semaine\u00a0: la fin du monde est pr\u00e9vue pour 2025\"}]},{\"@type\":\"WebSite\",\"@id\":\"https:\/\/vieassociative.be\/actualites\/#website\",\"url\":\"https:\/\/vieassociative.be\/actualites\/\",\"name\":\"Vie Associative\",\"description\":\"\",\"publisher\":{\"@id\":\"https:\/\/vieassociative.be\/actualites\/#organization\"},\"potentialAction\":[{\"@type\":\"SearchAction\",\"target\":{\"@type\":\"EntryPoint\",\"urlTemplate\":\"https:\/\/vieassociative.be\/actualites\/?s={search_term_string}\"},\"query-input\":{\"@type\":\"PropertyValueSpecification\",\"valueRequired\":true,\"valueName\":\"search_term_string\"}}],\"inLanguage\":\"fr-BE\"},{\"@type\":\"Organization\",\"@id\":\"https:\/\/vieassociative.be\/actualites\/#organization\",\"name\":\"Vie Associative\",\"url\":\"https:\/\/vieassociative.be\/actualites\/\",\"logo\":{\"@type\":\"ImageObject\",\"inLanguage\":\"fr-BE\",\"@id\":\"https:\/\/vieassociative.be\/actualites\/#\/schema\/logo\/image\/\",\"url\":\"https:\/\/vieassociative.be\/actualites\/wp-content\/uploads\/2024\/09\/cropped-vieassociative_favicon.ico.png\",\"contentUrl\":\"https:\/\/vieassociative.be\/actualites\/wp-content\/uploads\/2024\/09\/cropped-vieassociative_favicon.ico.png\",\"width\":512,\"height\":512,\"caption\":\"Vie Associative\"},\"image\":{\"@id\":\"https:\/\/vieassociative.be\/actualites\/#\/schema\/logo\/image\/\"}},{\"@type\":\"Person\",\"@id\":\"https:\/\/vieassociative.be\/actualites\/#\/schema\/person\/b87ac4f82f9d4e7b7cec7395b679edc4\",\"name\":\"Julien\",\"image\":{\"@type\":\"ImageObject\",\"inLanguage\":\"fr-BE\",\"@id\":\"https:\/\/vieassociative.be\/actualites\/#\/schema\/person\/image\/\",\"url\":\"https:\/\/vieassociative.be\/actualites\/wp-content\/uploads\/2024\/09\/vie-associative-1-150x150.jpg\",\"contentUrl\":\"https:\/\/vieassociative.be\/actualites\/wp-content\/uploads\/2024\/09\/vie-associative-1-150x150.jpg\",\"caption\":\"Julien\"},\"description\":\"Je suis Julien, r\u00e9dacteur pour Vie Associative. Passionn\u00e9 par le monde associatif depuis plus de 10 ans, j'ai \u00e0 c\u0153ur de partager des histoires inspirantes et de mettre en lumi\u00e8re les initiatives locales. Mon objectif est de sensibiliser et d'encourager l'engagement communautaire \u00e0 travers mes articles.\",\"sameAs\":[\"https:\/\/vieassociative.be\/\"]}]}<\/script>\n<!-- \/ Yoast SEO plugin. -->","yoast_head_json":{"title":"Ce que les gens se trompent cette semaine\u00a0: la fin du monde est pr\u00e9vue pour 2025 | Vie Associative","robots":{"index":"index","follow":"follow","max-snippet":"max-snippet:-1","max-image-preview":"max-image-preview:large","max-video-preview":"max-video-preview:-1"},"canonical":"https:\/\/vieassociative.be\/actualites\/ce-que-les-gens-se-trompent-cette-semaine-la-fin-du-monde-est-prevue-pour-2025\/","og_locale":"fr_FR","og_type":"article","og_title":"Ce que les gens se trompent cette semaine\u00a0: la fin du monde est pr\u00e9vue pour 2025 | Vie Associative","og_description":"Nous devrions \u00eatre tellement chanceux. Vous planifiez d\u00e9j\u00e0 vos r\u00e9solutions pour 2025 ? Pas si vite : ce tweet de Le New York Post a","og_url":"https:\/\/vieassociative.be\/actualites\/ce-que-les-gens-se-trompent-cette-semaine-la-fin-du-monde-est-prevue-pour-2025\/","og_site_name":"Vie Associative","article_published_time":"2024-10-30T01:17:53+00:00","og_image":[{"width":279,"height":92,"url":"https:\/\/vieassociative.be\/actualites\/wp-content\/uploads\/2024\/09\/header_backgroundk-01-e1726694325946.png","type":"image\/png"}],"author":"Julien","twitter_card":"summary_large_image","twitter_misc":{"\u00c9crit par":"Julien","Dur\u00e9e de lecture est.":"7 minutes"},"schema":{"@context":"https:\/\/schema.org","@graph":[{"@type":"Article","@id":"https:\/\/vieassociative.be\/actualites\/ce-que-les-gens-se-trompent-cette-semaine-la-fin-du-monde-est-prevue-pour-2025\/#article","isPartOf":{"@id":"https:\/\/vieassociative.be\/actualites\/ce-que-les-gens-se-trompent-cette-semaine-la-fin-du-monde-est-prevue-pour-2025\/"},"author":{"name":"Julien","@id":"https:\/\/vieassociative.be\/actualites\/#\/schema\/person\/b87ac4f82f9d4e7b7cec7395b679edc4"},"headline":"Ce que les gens se trompent cette semaine\u00a0: la fin du monde est pr\u00e9vue pour 2025","datePublished":"2024-10-30T01:17:53+00:00","dateModified":"2024-10-30T01:17:53+00:00","mainEntityOfPage":{"@id":"https:\/\/vieassociative.be\/actualites\/ce-que-les-gens-se-trompent-cette-semaine-la-fin-du-monde-est-prevue-pour-2025\/"},"wordCount":1414,"publisher":{"@id":"https:\/\/vieassociative.be\/actualites\/#organization"},"image":{"@id":"https:\/\/vieassociative.be\/actualites\/ce-que-les-gens-se-trompent-cette-semaine-la-fin-du-monde-est-prevue-pour-2025\/#primaryimage"},"thumbnailUrl":"https:\/\/vieassociative.be\/actualites\/wp-content\/uploads\/2024\/10\/Ce-que-les-gens-se-trompent-cette-semaine-la-fin.jpg","keywords":["cette","est","fin","gens","Les","monde","pour","pr\u00e9vue","semaine","trompent"],"articleSection":["Divertissement"],"inLanguage":"fr-BE"},{"@type":"WebPage","@id":"https:\/\/vieassociative.be\/actualites\/ce-que-les-gens-se-trompent-cette-semaine-la-fin-du-monde-est-prevue-pour-2025\/","url":"https:\/\/vieassociative.be\/actualites\/ce-que-les-gens-se-trompent-cette-semaine-la-fin-du-monde-est-prevue-pour-2025\/","name":"Ce que les gens se trompent cette semaine\u00a0: la fin du monde est pr\u00e9vue pour 2025 | Vie Associative","isPartOf":{"@id":"https:\/\/vieassociative.be\/actualites\/#website"},"primaryImageOfPage":{"@id":"https:\/\/vieassociative.be\/actualites\/ce-que-les-gens-se-trompent-cette-semaine-la-fin-du-monde-est-prevue-pour-2025\/#primaryimage"},"image":{"@id":"https:\/\/vieassociative.be\/actualites\/ce-que-les-gens-se-trompent-cette-semaine-la-fin-du-monde-est-prevue-pour-2025\/#primaryimage"},"thumbnailUrl":"https:\/\/vieassociative.be\/actualites\/wp-content\/uploads\/2024\/10\/Ce-que-les-gens-se-trompent-cette-semaine-la-fin.jpg","datePublished":"2024-10-30T01:17:53+00:00","dateModified":"2024-10-30T01:17:53+00:00","breadcrumb":{"@id":"https:\/\/vieassociative.be\/actualites\/ce-que-les-gens-se-trompent-cette-semaine-la-fin-du-monde-est-prevue-pour-2025\/#breadcrumb"},"inLanguage":"fr-BE","potentialAction":[{"@type":"ReadAction","target":["https:\/\/vieassociative.be\/actualites\/ce-que-les-gens-se-trompent-cette-semaine-la-fin-du-monde-est-prevue-pour-2025\/"]}]},{"@type":"ImageObject","inLanguage":"fr-BE","@id":"https:\/\/vieassociative.be\/actualites\/ce-que-les-gens-se-trompent-cette-semaine-la-fin-du-monde-est-prevue-pour-2025\/#primaryimage","url":"https:\/\/vieassociative.be\/actualites\/wp-content\/uploads\/2024\/10\/Ce-que-les-gens-se-trompent-cette-semaine-la-fin.jpg","contentUrl":"https:\/\/vieassociative.be\/actualites\/wp-content\/uploads\/2024\/10\/Ce-que-les-gens-se-trompent-cette-semaine-la-fin.jpg","width":1200,"height":675,"caption":"Ce que les gens se trompent cette semaine\u00a0: la fin du monde est pr\u00e9vue pour 2025"},{"@type":"BreadcrumbList","@id":"https:\/\/vieassociative.be\/actualites\/ce-que-les-gens-se-trompent-cette-semaine-la-fin-du-monde-est-prevue-pour-2025\/#breadcrumb","itemListElement":[{"@type":"ListItem","position":1,"name":"Accueil","item":"https:\/\/vieassociative.be\/actualites\/"},{"@type":"ListItem","position":2,"name":"Ce que les gens se trompent cette semaine\u00a0: la fin du monde est pr\u00e9vue pour 2025"}]},{"@type":"WebSite","@id":"https:\/\/vieassociative.be\/actualites\/#website","url":"https:\/\/vieassociative.be\/actualites\/","name":"Vie Associative","description":"","publisher":{"@id":"https:\/\/vieassociative.be\/actualites\/#organization"},"potentialAction":[{"@type":"SearchAction","target":{"@type":"EntryPoint","urlTemplate":"https:\/\/vieassociative.be\/actualites\/?s={search_term_string}"},"query-input":{"@type":"PropertyValueSpecification","valueRequired":true,"valueName":"search_term_string"}}],"inLanguage":"fr-BE"},{"@type":"Organization","@id":"https:\/\/vieassociative.be\/actualites\/#organization","name":"Vie Associative","url":"https:\/\/vieassociative.be\/actualites\/","logo":{"@type":"ImageObject","inLanguage":"fr-BE","@id":"https:\/\/vieassociative.be\/actualites\/#\/schema\/logo\/image\/","url":"https:\/\/vieassociative.be\/actualites\/wp-content\/uploads\/2024\/09\/cropped-vieassociative_favicon.ico.png","contentUrl":"https:\/\/vieassociative.be\/actualites\/wp-content\/uploads\/2024\/09\/cropped-vieassociative_favicon.ico.png","width":512,"height":512,"caption":"Vie Associative"},"image":{"@id":"https:\/\/vieassociative.be\/actualites\/#\/schema\/logo\/image\/"}},{"@type":"Person","@id":"https:\/\/vieassociative.be\/actualites\/#\/schema\/person\/b87ac4f82f9d4e7b7cec7395b679edc4","name":"Julien","image":{"@type":"ImageObject","inLanguage":"fr-BE","@id":"https:\/\/vieassociative.be\/actualites\/#\/schema\/person\/image\/","url":"https:\/\/vieassociative.be\/actualites\/wp-content\/uploads\/2024\/09\/vie-associative-1-150x150.jpg","contentUrl":"https:\/\/vieassociative.be\/actualites\/wp-content\/uploads\/2024\/09\/vie-associative-1-150x150.jpg","caption":"Julien"},"description":"Je suis Julien, r\u00e9dacteur pour Vie Associative. Passionn\u00e9 par le monde associatif depuis plus de 10 ans, j'ai \u00e0 c\u0153ur de partager des histoires inspirantes et de mettre en lumi\u00e8re les initiatives locales. Mon objectif est de sensibiliser et d'encourager l'engagement communautaire \u00e0 travers mes articles.","sameAs":["https:\/\/vieassociative.be\/"]}]}},"_links":{"self":[{"href":"https:\/\/vieassociative.be\/actualites\/wp-json\/wp\/v2\/posts\/1808"}],"collection":[{"href":"https:\/\/vieassociative.be\/actualites\/wp-json\/wp\/v2\/posts"}],"about":[{"href":"https:\/\/vieassociative.be\/actualites\/wp-json\/wp\/v2\/types\/post"}],"author":[{"embeddable":true,"href":"https:\/\/vieassociative.be\/actualites\/wp-json\/wp\/v2\/users\/1"}],"replies":[{"embeddable":true,"href":"https:\/\/vieassociative.be\/actualites\/wp-json\/wp\/v2\/comments?post=1808"}],"version-history":[{"count":0,"href":"https:\/\/vieassociative.be\/actualites\/wp-json\/wp\/v2\/posts\/1808\/revisions"}],"wp:featuredmedia":[{"embeddable":true,"href":"https:\/\/vieassociative.be\/actualites\/wp-json\/wp\/v2\/media\/1809"}],"wp:attachment":[{"href":"https:\/\/vieassociative.be\/actualites\/wp-json\/wp\/v2\/media?parent=1808"}],"wp:term":[{"taxonomy":"category","embeddable":true,"href":"https:\/\/vieassociative.be\/actualites\/wp-json\/wp\/v2\/categories?post=1808"},{"taxonomy":"post_tag","embeddable":true,"href":"https:\/\/vieassociative.be\/actualites\/wp-json\/wp\/v2\/tags?post=1808"}],"curies":[{"name":"wp","href":"https:\/\/api.w.org\/{rel}","templated":true}]}}