{"id":1790,"date":"2024-10-29T15:17:57","date_gmt":"2024-10-29T14:17:57","guid":{"rendered":"https:\/\/vieassociative.be\/actualites\/tour-de-france-2025-depart-de-lille-retour-a-paris-mont-ventoux-et-pas-de-detour-a-letranger\/"},"modified":"2024-10-29T15:17:57","modified_gmt":"2024-10-29T14:17:57","slug":"tour-de-france-2025-depart-de-lille-retour-a-paris-mont-ventoux-et-pas-de-detour-a-letranger","status":"publish","type":"post","link":"https:\/\/vieassociative.be\/actualites\/tour-de-france-2025-depart-de-lille-retour-a-paris-mont-ventoux-et-pas-de-detour-a-letranger\/","title":{"rendered":"Tour de France 2025 : D\u00e9part de Lille, retour \u00e0 Paris, Mont Ventoux et pas de d\u00e9tour \u00e0 l&rsquo;\u00e9tranger"},"content":{"rendered":"<p><strong>Apr\u00e8s quelques innovations cette ann\u00e9e, le monde du cyclisme s&rsquo;attend l&rsquo;ann\u00e9e prochaine \u00e0 un Tour de France classique &#8211; sans d\u00e9placement \u00e0 l&rsquo;\u00e9tranger. En 2025, une destination \u00e9tape longtemps ignor\u00e9e reviendra.<\/strong><\/p>\n<p><span id=\"more-400588\"><\/span>Lors du 112e Tour de France l&rsquo;ann\u00e9e prochaine, les meilleurs cyclistes professionnels peuvent s&rsquo;attendre \u00e0 un tour de France classique avec deux revenants, un contre-la-montre en montagne passionnant et une troisi\u00e8me semaine exigeante.<\/p>\n<p>36 ans apr\u00e8s la derni\u00e8re ascension de Luchon-Superbagn\u00e8res, le domaine skiable des Pyr\u00e9n\u00e9es fera son retour en 2025, et le mythique Mont Ventoux sera \u00e9galement au programme. <\/p>\n<\/p>\n<div id=\"attachment_392053\" class=\"wp-caption alignleft\" style=\"max-width: 300px\"><img fetchpriority=\"high\" decoding=\"async\" class=\"wp-image-392053 size-medium\" src=\"https:\/\/vieassociative.be\/actualites\/wp-content\/uploads\/2024\/10\/Tour-de-France-2025-Depart-de-Lille-retour-a.jpg\" alt=\"\" width=\"300\" height=\"200\"><\/p>\n<p class=\"wp-caption-text\">21 juillet 2024, France, Nice : le vainqueur de l&rsquo;\u00e9tape slov\u00e8ne Tadej Pogacar (M) dans le maillot jaune du leader g\u00e9n\u00e9ral, le deuxi\u00e8me Danois Jonas Vingegaard (l) et le troisi\u00e8me belge Remco Evenepoel c\u00e9l\u00e8brent sur le podium. Photo : Daniel Cole\/AP<\/p>\n<\/div>\n<p>Les organisateurs d&rsquo;ASO l&rsquo;ont annonc\u00e9 lors de la pr\u00e9sentation du parcours mardi au Palais de Congr\u00e8s de Paris. Pour la premi\u00e8re fois depuis cinq ans, la \u00ab Grande Boucle \u00bb et ses 3 320 kilom\u00e8tres se d\u00e9rouleront sans d\u00e9placement \u00e0 l&rsquo;\u00e9tranger.<\/p>\n<p>Au total, les favoris autour du champion en titre Tadej Pogacar, de l&rsquo;ancien vainqueur du Tour Jonas Vingegaard et du troisi\u00e8me de cette ann\u00e9e Remco Evenepoel doivent franchir, entre autres, six \u00e9tapes de montagne et deux contre-la-montre. 51 550 m\u00e8tres de d\u00e9nivel\u00e9 sont \u00e0 venir, soit pr\u00e8s de 700 m\u00e8tres de moins que cette ann\u00e9e.<\/p>\n<p>Le contre-la-montre en montagne de la 13\u00e8me \u00e9tape entre Loudenville et l&rsquo;a\u00e9rodrome de Peyragudes dans les Pyr\u00e9n\u00e9es, connu de la s\u00e9rie de films de James Bond, est attendu avec une impatience particuli\u00e8re. Les favoris \u00e0 la victoire risquent d\u2019y avoir un duel \u00e2pre.<\/p>\n<\/p>\n<div id=\"attachment_400592\" class=\"wp-caption alignleft\" style=\"max-width: 261px\"><img decoding=\"async\" class=\"wp-image-400592 size-medium\" src=\"https:\/\/vieassociative.be\/actualites\/wp-content\/uploads\/2024\/10\/Tour-de-France-2025-Depart-de-Lille-retour-a.jpeg\" alt=\"\" width=\"261\" height=\"300\"><\/p>\n<p class=\"wp-caption-text\">Le parcours du Tour de France 2025 (cliquez sur la carte pour l&rsquo;agrandir). Source : letour.fr<\/p>\n<\/div>\n<p><b>\u2013 La tourn\u00e9e se termine \u00e0 nouveau sur les Champs-\u00c9lys\u00e9es \u00e0 Paris : <\/b><br \/>\nLa 14\u00e8me \u00e9tape est \u00e9galement difficile. Apr\u00e8s le d\u00e9part, nous nous dirigeons de Pau vers Superbagn\u00e8res \u2013 un d\u00e9nivel\u00e9 tr\u00e8s exigeant de 4 950 m\u00e8tres. Pour des raisons logistiques, la destination n&rsquo;a pas \u00e9t\u00e9 incluse pendant longtemps. Dans les ann\u00e9es 1980, le Fran\u00e7ais Laurent Fignon et l&rsquo;Am\u00e9ricain Greg LeMond, son adversaire de longue date, se sont livr\u00e9s des duels l\u00e9gendaires. \u00ab\u00a0Le parcours promet une journ\u00e9e de course mouvement\u00e9e\u00a0\u00bb, a d\u00e9clar\u00e9 Christian Prudhomme, directeur du tour.<\/p>\n<p>La troisi\u00e8me semaine en particulier conviendra probablement au triple vainqueur du Tour Pogacar et repr\u00e9sente un grand d\u00e9fi pour de nombreux sprinteurs, m\u00eame pour arriver avant l&rsquo;expiration du d\u00e9lai. Le 18\u00e8me tron\u00e7on jusqu&rsquo;au Col de la Loze, l&rsquo;\u00e9tape reine de cette ann\u00e9e, comporte \u00e0 lui seul un d\u00e9nivel\u00e9 relev\u00e9 de 5 500 m\u00e8tres. Les deux \u00e9tapes suivantes comptent chacune plus de 4 500 m\u00e8tres de d\u00e9nivel\u00e9.<\/p>\n<p>Apr\u00e8s trois d\u00e9parts \u00e9trangers ces trois derni\u00e8res ann\u00e9es \u00e0 Copenhague, Bilbao et Florence, le Grand D\u00e9part a de nouveau lieu en France. Apr\u00e8s le d\u00e9part pr\u00e9vu depuis longtemps le 5 juillet dans la m\u00e9tropole du nord de la France, Lille, ce sont les villes de Caen, Toulouse et Montpellier qui attendent les 21 \u00e9tapes. Traditionnellement, le spectacle se termine \u00e0 Paris sur les Champs-\u00c9lys\u00e9es, apr\u00e8s que la tourn\u00e9e ait \u00e9t\u00e9 report\u00e9e \u00e0 la finale \u00e0 Nice l&rsquo;ann\u00e9e derni\u00e8re en raison des Jeux Olympiques.<\/p>\n<p><b>\u2013 Le tour f\u00e9minin d\u00e9marre en Bretagne : <\/b>Le tour f\u00e9minin d\u00e9marre en Bretagne en 2025 avec neuf \u00e9tapes, soit une de plus que cette ann\u00e9e. Apr\u00e8s le Grand D\u00e9part de Vannes le 26 juillet, les coureurs professionnels traversent entre autres les villes de Brest et d&rsquo;Angers, avant de terminer le tour apr\u00e8s avoir conquis le c\u00e9l\u00e8bre col de Joux-Plane dans le domaine skiable de Ch\u00e2tel.<\/p>\n","protected":false},"excerpt":{"rendered":"<p>Apr\u00e8s quelques innovations cette ann\u00e9e, le monde du cyclisme s&rsquo;attend l&rsquo;ann\u00e9e prochaine \u00e0 un Tour de France classique &#8211; sans d\u00e9placement \u00e0 l&rsquo;\u00e9tranger. En 2025,<\/p>\n","protected":false},"author":1,"featured_media":1791,"comment_status":"","ping_status":"","sticky":false,"template":"","format":"standard","meta":{"footnotes":""},"categories":[298],"tags":[2445,2450,2444,2451,2446,2448,2447,126,787,2443,2449],"class_list":["post-1790","post","type-post","status-publish","format-standard","has-post-thumbnail","hentry","category-belgique","tag-depart","tag-detour","tag-france","tag-letranger","tag-lille","tag-mont","tag-paris","tag-pas","tag-retour","tag-tour","tag-ventoux","generate-columns","tablet-grid-50","mobile-grid-100","grid-parent","grid-33"],"yoast_head":"<!-- This site is optimized with the Yoast SEO plugin v24.0 - https:\/\/yoast.com\/wordpress\/plugins\/seo\/ -->\n<title>Tour de France 2025 : D\u00e9part de Lille, retour \u00e0 Paris, Mont Ventoux et pas de d\u00e9tour \u00e0 l&#039;\u00e9tranger | Vie Associative<\/title>\n<meta name=\"robots\" content=\"index, follow, max-snippet:-1, max-image-preview:large, max-video-preview:-1\" \/>\n<link rel=\"canonical\" href=\"https:\/\/vieassociative.be\/actualites\/tour-de-france-2025-depart-de-lille-retour-a-paris-mont-ventoux-et-pas-de-detour-a-letranger\/\" \/>\n<meta property=\"og:locale\" content=\"fr_FR\" \/>\n<meta property=\"og:type\" content=\"article\" \/>\n<meta property=\"og:title\" content=\"Tour de France 2025 : D\u00e9part de Lille, retour \u00e0 Paris, Mont Ventoux et pas de d\u00e9tour \u00e0 l&#039;\u00e9tranger | Vie Associative\" \/>\n<meta property=\"og:description\" content=\"Apr\u00e8s quelques innovations cette ann\u00e9e, le monde du cyclisme s&rsquo;attend l&rsquo;ann\u00e9e prochaine \u00e0 un Tour de France classique &#8211; sans d\u00e9placement \u00e0 l&rsquo;\u00e9tranger. En 2025,\" \/>\n<meta property=\"og:url\" content=\"https:\/\/vieassociative.be\/actualites\/tour-de-france-2025-depart-de-lille-retour-a-paris-mont-ventoux-et-pas-de-detour-a-letranger\/\" \/>\n<meta property=\"og:site_name\" content=\"Vie Associative\" \/>\n<meta property=\"article:published_time\" content=\"2024-10-29T14:17:57+00:00\" \/>\n<meta property=\"og:image\" content=\"https:\/\/vieassociative.be\/actualites\/wp-content\/uploads\/2024\/10\/Tour-de-France-2025-Depart-de-Lille-retour-a.jpg\" \/>\n<meta name=\"author\" content=\"Julien\" \/>\n<meta name=\"twitter:card\" content=\"summary_large_image\" \/>\n<meta name=\"twitter:label1\" content=\"\u00c9crit par\" \/>\n\t<meta name=\"twitter:data1\" content=\"Julien\" \/>\n\t<meta name=\"twitter:label2\" content=\"Dur\u00e9e de lecture est.\" \/>\n\t<meta name=\"twitter:data2\" content=\"3 minutes\" \/>\n<script type=\"application\/ld+json\" class=\"yoast-schema-graph\">{\"@context\":\"https:\/\/schema.org\",\"@graph\":[{\"@type\":\"Article\",\"@id\":\"https:\/\/vieassociative.be\/actualites\/tour-de-france-2025-depart-de-lille-retour-a-paris-mont-ventoux-et-pas-de-detour-a-letranger\/#article\",\"isPartOf\":{\"@id\":\"https:\/\/vieassociative.be\/actualites\/tour-de-france-2025-depart-de-lille-retour-a-paris-mont-ventoux-et-pas-de-detour-a-letranger\/\"},\"author\":{\"name\":\"Julien\",\"@id\":\"https:\/\/vieassociative.be\/actualites\/#\/schema\/person\/b87ac4f82f9d4e7b7cec7395b679edc4\"},\"headline\":\"Tour de France 2025 : D\u00e9part de Lille, retour \u00e0 Paris, Mont Ventoux et pas de d\u00e9tour \u00e0 l&rsquo;\u00e9tranger\",\"datePublished\":\"2024-10-29T14:17:57+00:00\",\"dateModified\":\"2024-10-29T14:17:57+00:00\",\"mainEntityOfPage\":{\"@id\":\"https:\/\/vieassociative.be\/actualites\/tour-de-france-2025-depart-de-lille-retour-a-paris-mont-ventoux-et-pas-de-detour-a-letranger\/\"},\"wordCount\":677,\"publisher\":{\"@id\":\"https:\/\/vieassociative.be\/actualites\/#organization\"},\"image\":{\"@id\":\"https:\/\/vieassociative.be\/actualites\/tour-de-france-2025-depart-de-lille-retour-a-paris-mont-ventoux-et-pas-de-detour-a-letranger\/#primaryimage\"},\"thumbnailUrl\":\"https:\/\/vieassociative.be\/actualites\/wp-content\/uploads\/2024\/10\/1730211477_Tour-de-France-2025-Depart-de-Lille-retour-a.jpg\",\"keywords\":[\"D\u00e9part\",\"d\u00e9tour\",\"France\",\"l\u00e9tranger\",\"Lille\",\"Mont\",\"Paris\",\"pas\",\"retour\",\"Tour\",\"Ventoux\"],\"articleSection\":[\"Belgique\"],\"inLanguage\":\"fr-BE\"},{\"@type\":\"WebPage\",\"@id\":\"https:\/\/vieassociative.be\/actualites\/tour-de-france-2025-depart-de-lille-retour-a-paris-mont-ventoux-et-pas-de-detour-a-letranger\/\",\"url\":\"https:\/\/vieassociative.be\/actualites\/tour-de-france-2025-depart-de-lille-retour-a-paris-mont-ventoux-et-pas-de-detour-a-letranger\/\",\"name\":\"Tour de France 2025 : D\u00e9part de Lille, retour \u00e0 Paris, Mont Ventoux et pas de d\u00e9tour \u00e0 l'\u00e9tranger | Vie Associative\",\"isPartOf\":{\"@id\":\"https:\/\/vieassociative.be\/actualites\/#website\"},\"primaryImageOfPage\":{\"@id\":\"https:\/\/vieassociative.be\/actualites\/tour-de-france-2025-depart-de-lille-retour-a-paris-mont-ventoux-et-pas-de-detour-a-letranger\/#primaryimage\"},\"image\":{\"@id\":\"https:\/\/vieassociative.be\/actualites\/tour-de-france-2025-depart-de-lille-retour-a-paris-mont-ventoux-et-pas-de-detour-a-letranger\/#primaryimage\"},\"thumbnailUrl\":\"https:\/\/vieassociative.be\/actualites\/wp-content\/uploads\/2024\/10\/1730211477_Tour-de-France-2025-Depart-de-Lille-retour-a.jpg\",\"datePublished\":\"2024-10-29T14:17:57+00:00\",\"dateModified\":\"2024-10-29T14:17:57+00:00\",\"breadcrumb\":{\"@id\":\"https:\/\/vieassociative.be\/actualites\/tour-de-france-2025-depart-de-lille-retour-a-paris-mont-ventoux-et-pas-de-detour-a-letranger\/#breadcrumb\"},\"inLanguage\":\"fr-BE\",\"potentialAction\":[{\"@type\":\"ReadAction\",\"target\":[\"https:\/\/vieassociative.be\/actualites\/tour-de-france-2025-depart-de-lille-retour-a-paris-mont-ventoux-et-pas-de-detour-a-letranger\/\"]}]},{\"@type\":\"ImageObject\",\"inLanguage\":\"fr-BE\",\"@id\":\"https:\/\/vieassociative.be\/actualites\/tour-de-france-2025-depart-de-lille-retour-a-paris-mont-ventoux-et-pas-de-detour-a-letranger\/#primaryimage\",\"url\":\"https:\/\/vieassociative.be\/actualites\/wp-content\/uploads\/2024\/10\/1730211477_Tour-de-France-2025-Depart-de-Lille-retour-a.jpg\",\"contentUrl\":\"https:\/\/vieassociative.be\/actualites\/wp-content\/uploads\/2024\/10\/1730211477_Tour-de-France-2025-Depart-de-Lille-retour-a.jpg\",\"width\":1200,\"height\":800,\"caption\":\"Tour de France 2025 : D\u00e9part de Lille, retour \u00e0 Paris, Mont Ventoux et pas de d\u00e9tour \u00e0 l'\u00e9tranger\"},{\"@type\":\"BreadcrumbList\",\"@id\":\"https:\/\/vieassociative.be\/actualites\/tour-de-france-2025-depart-de-lille-retour-a-paris-mont-ventoux-et-pas-de-detour-a-letranger\/#breadcrumb\",\"itemListElement\":[{\"@type\":\"ListItem\",\"position\":1,\"name\":\"Accueil\",\"item\":\"https:\/\/vieassociative.be\/actualites\/\"},{\"@type\":\"ListItem\",\"position\":2,\"name\":\"Tour de France 2025 : D\u00e9part de Lille, retour \u00e0 Paris, Mont Ventoux et pas de d\u00e9tour \u00e0 l&rsquo;\u00e9tranger\"}]},{\"@type\":\"WebSite\",\"@id\":\"https:\/\/vieassociative.be\/actualites\/#website\",\"url\":\"https:\/\/vieassociative.be\/actualites\/\",\"name\":\"Vie Associative\",\"description\":\"\",\"publisher\":{\"@id\":\"https:\/\/vieassociative.be\/actualites\/#organization\"},\"potentialAction\":[{\"@type\":\"SearchAction\",\"target\":{\"@type\":\"EntryPoint\",\"urlTemplate\":\"https:\/\/vieassociative.be\/actualites\/?s={search_term_string}\"},\"query-input\":{\"@type\":\"PropertyValueSpecification\",\"valueRequired\":true,\"valueName\":\"search_term_string\"}}],\"inLanguage\":\"fr-BE\"},{\"@type\":\"Organization\",\"@id\":\"https:\/\/vieassociative.be\/actualites\/#organization\",\"name\":\"Vie Associative\",\"url\":\"https:\/\/vieassociative.be\/actualites\/\",\"logo\":{\"@type\":\"ImageObject\",\"inLanguage\":\"fr-BE\",\"@id\":\"https:\/\/vieassociative.be\/actualites\/#\/schema\/logo\/image\/\",\"url\":\"https:\/\/vieassociative.be\/actualites\/wp-content\/uploads\/2024\/09\/cropped-vieassociative_favicon.ico.png\",\"contentUrl\":\"https:\/\/vieassociative.be\/actualites\/wp-content\/uploads\/2024\/09\/cropped-vieassociative_favicon.ico.png\",\"width\":512,\"height\":512,\"caption\":\"Vie Associative\"},\"image\":{\"@id\":\"https:\/\/vieassociative.be\/actualites\/#\/schema\/logo\/image\/\"}},{\"@type\":\"Person\",\"@id\":\"https:\/\/vieassociative.be\/actualites\/#\/schema\/person\/b87ac4f82f9d4e7b7cec7395b679edc4\",\"name\":\"Julien\",\"image\":{\"@type\":\"ImageObject\",\"inLanguage\":\"fr-BE\",\"@id\":\"https:\/\/vieassociative.be\/actualites\/#\/schema\/person\/image\/\",\"url\":\"https:\/\/vieassociative.be\/actualites\/wp-content\/uploads\/2024\/09\/vie-associative-1-150x150.jpg\",\"contentUrl\":\"https:\/\/vieassociative.be\/actualites\/wp-content\/uploads\/2024\/09\/vie-associative-1-150x150.jpg\",\"caption\":\"Julien\"},\"description\":\"Je suis Julien, r\u00e9dacteur pour Vie Associative. Passionn\u00e9 par le monde associatif depuis plus de 10 ans, j'ai \u00e0 c\u0153ur de partager des histoires inspirantes et de mettre en lumi\u00e8re les initiatives locales. Mon objectif est de sensibiliser et d'encourager l'engagement communautaire \u00e0 travers mes articles.\",\"sameAs\":[\"https:\/\/vieassociative.be\/\"]}]}<\/script>\n<!-- \/ Yoast SEO plugin. -->","yoast_head_json":{"title":"Tour de France 2025 : D\u00e9part de Lille, retour \u00e0 Paris, Mont Ventoux et pas de d\u00e9tour \u00e0 l'\u00e9tranger | Vie Associative","robots":{"index":"index","follow":"follow","max-snippet":"max-snippet:-1","max-image-preview":"max-image-preview:large","max-video-preview":"max-video-preview:-1"},"canonical":"https:\/\/vieassociative.be\/actualites\/tour-de-france-2025-depart-de-lille-retour-a-paris-mont-ventoux-et-pas-de-detour-a-letranger\/","og_locale":"fr_FR","og_type":"article","og_title":"Tour de France 2025 : D\u00e9part de Lille, retour \u00e0 Paris, Mont Ventoux et pas de d\u00e9tour \u00e0 l'\u00e9tranger | Vie Associative","og_description":"Apr\u00e8s quelques innovations cette ann\u00e9e, le monde du cyclisme s&rsquo;attend l&rsquo;ann\u00e9e prochaine \u00e0 un Tour de France classique &#8211; sans d\u00e9placement \u00e0 l&rsquo;\u00e9tranger. En 2025,","og_url":"https:\/\/vieassociative.be\/actualites\/tour-de-france-2025-depart-de-lille-retour-a-paris-mont-ventoux-et-pas-de-detour-a-letranger\/","og_site_name":"Vie Associative","article_published_time":"2024-10-29T14:17:57+00:00","og_image":[{"url":"https:\/\/vieassociative.be\/actualites\/wp-content\/uploads\/2024\/10\/Tour-de-France-2025-Depart-de-Lille-retour-a.jpg","type":"","width":"","height":""}],"author":"Julien","twitter_card":"summary_large_image","twitter_misc":{"\u00c9crit par":"Julien","Dur\u00e9e de lecture est.":"3 minutes"},"schema":{"@context":"https:\/\/schema.org","@graph":[{"@type":"Article","@id":"https:\/\/vieassociative.be\/actualites\/tour-de-france-2025-depart-de-lille-retour-a-paris-mont-ventoux-et-pas-de-detour-a-letranger\/#article","isPartOf":{"@id":"https:\/\/vieassociative.be\/actualites\/tour-de-france-2025-depart-de-lille-retour-a-paris-mont-ventoux-et-pas-de-detour-a-letranger\/"},"author":{"name":"Julien","@id":"https:\/\/vieassociative.be\/actualites\/#\/schema\/person\/b87ac4f82f9d4e7b7cec7395b679edc4"},"headline":"Tour de France 2025 : D\u00e9part de Lille, retour \u00e0 Paris, Mont Ventoux et pas de d\u00e9tour \u00e0 l&rsquo;\u00e9tranger","datePublished":"2024-10-29T14:17:57+00:00","dateModified":"2024-10-29T14:17:57+00:00","mainEntityOfPage":{"@id":"https:\/\/vieassociative.be\/actualites\/tour-de-france-2025-depart-de-lille-retour-a-paris-mont-ventoux-et-pas-de-detour-a-letranger\/"},"wordCount":677,"publisher":{"@id":"https:\/\/vieassociative.be\/actualites\/#organization"},"image":{"@id":"https:\/\/vieassociative.be\/actualites\/tour-de-france-2025-depart-de-lille-retour-a-paris-mont-ventoux-et-pas-de-detour-a-letranger\/#primaryimage"},"thumbnailUrl":"https:\/\/vieassociative.be\/actualites\/wp-content\/uploads\/2024\/10\/1730211477_Tour-de-France-2025-Depart-de-Lille-retour-a.jpg","keywords":["D\u00e9part","d\u00e9tour","France","l\u00e9tranger","Lille","Mont","Paris","pas","retour","Tour","Ventoux"],"articleSection":["Belgique"],"inLanguage":"fr-BE"},{"@type":"WebPage","@id":"https:\/\/vieassociative.be\/actualites\/tour-de-france-2025-depart-de-lille-retour-a-paris-mont-ventoux-et-pas-de-detour-a-letranger\/","url":"https:\/\/vieassociative.be\/actualites\/tour-de-france-2025-depart-de-lille-retour-a-paris-mont-ventoux-et-pas-de-detour-a-letranger\/","name":"Tour de France 2025 : D\u00e9part de Lille, retour \u00e0 Paris, Mont Ventoux et pas de d\u00e9tour \u00e0 l'\u00e9tranger | Vie Associative","isPartOf":{"@id":"https:\/\/vieassociative.be\/actualites\/#website"},"primaryImageOfPage":{"@id":"https:\/\/vieassociative.be\/actualites\/tour-de-france-2025-depart-de-lille-retour-a-paris-mont-ventoux-et-pas-de-detour-a-letranger\/#primaryimage"},"image":{"@id":"https:\/\/vieassociative.be\/actualites\/tour-de-france-2025-depart-de-lille-retour-a-paris-mont-ventoux-et-pas-de-detour-a-letranger\/#primaryimage"},"thumbnailUrl":"https:\/\/vieassociative.be\/actualites\/wp-content\/uploads\/2024\/10\/1730211477_Tour-de-France-2025-Depart-de-Lille-retour-a.jpg","datePublished":"2024-10-29T14:17:57+00:00","dateModified":"2024-10-29T14:17:57+00:00","breadcrumb":{"@id":"https:\/\/vieassociative.be\/actualites\/tour-de-france-2025-depart-de-lille-retour-a-paris-mont-ventoux-et-pas-de-detour-a-letranger\/#breadcrumb"},"inLanguage":"fr-BE","potentialAction":[{"@type":"ReadAction","target":["https:\/\/vieassociative.be\/actualites\/tour-de-france-2025-depart-de-lille-retour-a-paris-mont-ventoux-et-pas-de-detour-a-letranger\/"]}]},{"@type":"ImageObject","inLanguage":"fr-BE","@id":"https:\/\/vieassociative.be\/actualites\/tour-de-france-2025-depart-de-lille-retour-a-paris-mont-ventoux-et-pas-de-detour-a-letranger\/#primaryimage","url":"https:\/\/vieassociative.be\/actualites\/wp-content\/uploads\/2024\/10\/1730211477_Tour-de-France-2025-Depart-de-Lille-retour-a.jpg","contentUrl":"https:\/\/vieassociative.be\/actualites\/wp-content\/uploads\/2024\/10\/1730211477_Tour-de-France-2025-Depart-de-Lille-retour-a.jpg","width":1200,"height":800,"caption":"Tour de France 2025 : D\u00e9part de Lille, retour \u00e0 Paris, Mont Ventoux et pas de d\u00e9tour \u00e0 l'\u00e9tranger"},{"@type":"BreadcrumbList","@id":"https:\/\/vieassociative.be\/actualites\/tour-de-france-2025-depart-de-lille-retour-a-paris-mont-ventoux-et-pas-de-detour-a-letranger\/#breadcrumb","itemListElement":[{"@type":"ListItem","position":1,"name":"Accueil","item":"https:\/\/vieassociative.be\/actualites\/"},{"@type":"ListItem","position":2,"name":"Tour de France 2025 : D\u00e9part de Lille, retour \u00e0 Paris, Mont Ventoux et pas de d\u00e9tour \u00e0 l&rsquo;\u00e9tranger"}]},{"@type":"WebSite","@id":"https:\/\/vieassociative.be\/actualites\/#website","url":"https:\/\/vieassociative.be\/actualites\/","name":"Vie Associative","description":"","publisher":{"@id":"https:\/\/vieassociative.be\/actualites\/#organization"},"potentialAction":[{"@type":"SearchAction","target":{"@type":"EntryPoint","urlTemplate":"https:\/\/vieassociative.be\/actualites\/?s={search_term_string}"},"query-input":{"@type":"PropertyValueSpecification","valueRequired":true,"valueName":"search_term_string"}}],"inLanguage":"fr-BE"},{"@type":"Organization","@id":"https:\/\/vieassociative.be\/actualites\/#organization","name":"Vie Associative","url":"https:\/\/vieassociative.be\/actualites\/","logo":{"@type":"ImageObject","inLanguage":"fr-BE","@id":"https:\/\/vieassociative.be\/actualites\/#\/schema\/logo\/image\/","url":"https:\/\/vieassociative.be\/actualites\/wp-content\/uploads\/2024\/09\/cropped-vieassociative_favicon.ico.png","contentUrl":"https:\/\/vieassociative.be\/actualites\/wp-content\/uploads\/2024\/09\/cropped-vieassociative_favicon.ico.png","width":512,"height":512,"caption":"Vie Associative"},"image":{"@id":"https:\/\/vieassociative.be\/actualites\/#\/schema\/logo\/image\/"}},{"@type":"Person","@id":"https:\/\/vieassociative.be\/actualites\/#\/schema\/person\/b87ac4f82f9d4e7b7cec7395b679edc4","name":"Julien","image":{"@type":"ImageObject","inLanguage":"fr-BE","@id":"https:\/\/vieassociative.be\/actualites\/#\/schema\/person\/image\/","url":"https:\/\/vieassociative.be\/actualites\/wp-content\/uploads\/2024\/09\/vie-associative-1-150x150.jpg","contentUrl":"https:\/\/vieassociative.be\/actualites\/wp-content\/uploads\/2024\/09\/vie-associative-1-150x150.jpg","caption":"Julien"},"description":"Je suis Julien, r\u00e9dacteur pour Vie Associative. Passionn\u00e9 par le monde associatif depuis plus de 10 ans, j'ai \u00e0 c\u0153ur de partager des histoires inspirantes et de mettre en lumi\u00e8re les initiatives locales. Mon objectif est de sensibiliser et d'encourager l'engagement communautaire \u00e0 travers mes articles.","sameAs":["https:\/\/vieassociative.be\/"]}]}},"_links":{"self":[{"href":"https:\/\/vieassociative.be\/actualites\/wp-json\/wp\/v2\/posts\/1790"}],"collection":[{"href":"https:\/\/vieassociative.be\/actualites\/wp-json\/wp\/v2\/posts"}],"about":[{"href":"https:\/\/vieassociative.be\/actualites\/wp-json\/wp\/v2\/types\/post"}],"author":[{"embeddable":true,"href":"https:\/\/vieassociative.be\/actualites\/wp-json\/wp\/v2\/users\/1"}],"replies":[{"embeddable":true,"href":"https:\/\/vieassociative.be\/actualites\/wp-json\/wp\/v2\/comments?post=1790"}],"version-history":[{"count":0,"href":"https:\/\/vieassociative.be\/actualites\/wp-json\/wp\/v2\/posts\/1790\/revisions"}],"wp:featuredmedia":[{"embeddable":true,"href":"https:\/\/vieassociative.be\/actualites\/wp-json\/wp\/v2\/media\/1791"}],"wp:attachment":[{"href":"https:\/\/vieassociative.be\/actualites\/wp-json\/wp\/v2\/media?parent=1790"}],"wp:term":[{"taxonomy":"category","embeddable":true,"href":"https:\/\/vieassociative.be\/actualites\/wp-json\/wp\/v2\/categories?post=1790"},{"taxonomy":"post_tag","embeddable":true,"href":"https:\/\/vieassociative.be\/actualites\/wp-json\/wp\/v2\/tags?post=1790"}],"curies":[{"name":"wp","href":"https:\/\/api.w.org\/{rel}","templated":true}]}}