{"id":1770,"date":"2024-10-29T03:17:34","date_gmt":"2024-10-29T02:17:34","guid":{"rendered":"https:\/\/vieassociative.be\/actualites\/ballon-dor-rodri-et-bonmati-font-la-fete-beckenbauer-honore\/"},"modified":"2024-10-29T03:17:34","modified_gmt":"2024-10-29T02:17:34","slug":"ballon-dor-rodri-et-bonmati-font-la-fete-beckenbauer-honore","status":"publish","type":"post","link":"https:\/\/vieassociative.be\/actualites\/ballon-dor-rodri-et-bonmati-font-la-fete-beckenbauer-honore\/","title":{"rendered":"Ballon d&rsquo;Or : Rodri et Bonmat\u00ed font la f\u00eate \u2013 Beckenbauer honor\u00e9"},"content":{"rendered":"<p><strong>Rodri a men\u00e9 Manchester City au championnat et l&rsquo;Espagne au titre de Championnat d&rsquo;Europe, tandis qu&rsquo;Aitana Bonmat\u00ed a excell\u00e9 au FC Barcelone. Tous deux seront honor\u00e9s \u00e0 Paris \u2013 Franz Beckenbauer sera honor\u00e9 au pr\u00e9alable.<\/strong><\/p>\n<p><span id=\"more-400560\"><\/span>Apr\u00e8s des minutes \u00e9mouvantes \u00e0 la m\u00e9moire de Franz Beckenbauer, le champion d&rsquo;Europe espagnol Rodri a re\u00e7u le Ballon d&rsquo;Or pour sa saison exceptionnelle. Le joueur de 28 ans originaire de Manchester City a re\u00e7u le prix lundi soir au Th\u00e9\u00e2tre du Ch\u00e2telet \u00e0 Paris.<\/p>\n<p>Parmi les footballeuses, Aitana Bonmat\u00ed du FC Barcelone s&rsquo;est impos\u00e9e. Auparavant, les c\u00e9l\u00e9brit\u00e9s sportives rassembl\u00e9es, ainsi que la veuve Heidi Beckenbauer et les enfants Joel et Francesca, avaient comm\u00e9mor\u00e9 l&rsquo;ic\u00f4ne allemande d\u00e9c\u00e9d\u00e9e en janvier.<\/p>\n<p>Beckenbauer \u00e9tait un \u00ab homme unique avec un grand c\u0153ur \u00bb, a d\u00e9clar\u00e9 Heidi Beckenbauer. La chanson \u00ab Personne ne peut s\u00e9parer les bons amis \u00bb, chant\u00e9e par l&rsquo;ancien champion du monde en 1966, a \u00e9t\u00e9 entendue dans la grande salle. D\u2019anciennes photos et vid\u00e9os ont \u00e9t\u00e9 projet\u00e9es avant que l\u2019attention ne revienne au pr\u00e9sent du football.<\/p>\n<div id=\"attachment_400564\" class=\"wp-caption alignleft\" style=\"max-width: 300px\"><img fetchpriority=\"high\" decoding=\"async\" class=\"wp-image-400564 size-medium\" src=\"https:\/\/vieassociative.be\/actualites\/wp-content\/uploads\/2024\/10\/Ballon-dOr-Rodri-et-Bonmati-font-la-fete-\u2013.jpg\" alt=\"\" width=\"300\" height=\"200\"><\/p>\n<p class=\"wp-caption-text\">28 octobre 2024, France, Paris : Aitana Bonmati de Barcelone re\u00e7oit le ballon d&rsquo;Or f\u00e9minin 2024 au Th\u00e9\u00e2tre du Chatelet. Photo : Michel Euler\/AP<\/p>\n<\/div>\n<p><strong>\u2013 O\u00f9 sont les vraies stars ?<\/strong> Rodri a remport\u00e9 pour la premi\u00e8re fois l&rsquo;\u00e9lection des journalistes, organis\u00e9e conjointement par \u00ab France Football \u00bb et l&rsquo;Union europ\u00e9enne de football UEFA, devant les stars du Real Madrid Vin\u00edcius J\u00fanior, Jude Bellingham et Dani Carvajal. Peut-\u00eatre parce qu&rsquo;aucun joueur du Real n&rsquo;a remport\u00e9 le prix principal, il semble qu&rsquo;aucun repr\u00e9sentant madril\u00e8ne ne soit pr\u00e9sent \u00e0 Paris &#8211; pas m\u00eame Kylian Mbapp\u00e9, qui a remport\u00e9 le prix du meilleur buteur la saison derni\u00e8re avec Harry Kane du Bayern Munich.<\/p>\n<p>Parmi les footballeuses, Bonmat\u00ed a battu ses co\u00e9quipi\u00e8res de Barcelone Caroline Graham Hansen et Salma Paralluelo. Le trio a remport\u00e9 ensemble le championnat, la cat\u00e9gorie reine et la coupe.<\/p>\n<p><strong>\u2013 Rodri a excell\u00e9 et est absent depuis longtemps :<\/strong> Rodri a remport\u00e9 le championnat d&rsquo;Angleterre avec Man City la saison derni\u00e8re et a men\u00e9 l&rsquo;\u00e9quipe nationale espagnole au titre de champion d&rsquo;Europe en Allemagne cet \u00e9t\u00e9. La saison en cours a d\u00e9but\u00e9 par un choc pour l&rsquo;Espagnol : Rodri s&rsquo;est gravement bless\u00e9 au genou en septembre et sera absent plusieurs mois. Il a accept\u00e9 son Ballon d&rsquo;Or avec des b\u00e9quilles.<\/p>\n<p>Le Ballon d&rsquo;Or est d\u00e9cern\u00e9 depuis 1956 et a longtemps \u00e9t\u00e9 la r\u00e9compense du meilleur joueur europ\u00e9en. De 2010 \u00e0 2015, le Ballon d&rsquo;Or a \u00e9t\u00e9 d\u00e9cern\u00e9 au footballeur mondial gr\u00e2ce \u00e0 une coop\u00e9ration entre le groupe de m\u00e9dias fran\u00e7ais Groupe Amaury, auquel appartient \u00ab France Football \u00bb, et l&rsquo;association mondiale FIFA. La collaboration avec l&rsquo;UEFA est en place depuis cette ann\u00e9e : l&rsquo;organisation fa\u00eeti\u00e8re n&rsquo;a plus le choix exclusif du Footballeur europ\u00e9en de l&rsquo;ann\u00e9e. (dpa)<\/p>\n","protected":false},"excerpt":{"rendered":"<p>Rodri a men\u00e9 Manchester City au championnat et l&rsquo;Espagne au titre de Championnat d&rsquo;Europe, tandis qu&rsquo;Aitana Bonmat\u00ed a excell\u00e9 au FC Barcelone. Tous deux seront<\/p>\n","protected":false},"author":1,"featured_media":1771,"comment_status":"","ping_status":"","sticky":false,"template":"","format":"standard","meta":{"footnotes":""},"categories":[298],"tags":[2408,2412,2411,2409,1485,749,2413,2410],"class_list":["post-1770","post","type-post","status-publish","format-standard","has-post-thumbnail","hentry","category-belgique","tag-ballon","tag-beckenbauer","tag-bonmati","tag-dor","tag-fete","tag-font","tag-honore","tag-rodri","generate-columns","tablet-grid-50","mobile-grid-100","grid-parent","grid-33"],"yoast_head":"<!-- This site is optimized with the Yoast SEO plugin v24.0 - https:\/\/yoast.com\/wordpress\/plugins\/seo\/ -->\n<title>Ballon d&#039;Or : Rodri et Bonmat\u00ed font la f\u00eate \u2013 Beckenbauer honor\u00e9 | Vie Associative<\/title>\n<meta name=\"robots\" content=\"index, follow, max-snippet:-1, max-image-preview:large, max-video-preview:-1\" \/>\n<link rel=\"canonical\" href=\"https:\/\/vieassociative.be\/actualites\/ballon-dor-rodri-et-bonmati-font-la-fete-beckenbauer-honore\/\" \/>\n<meta property=\"og:locale\" content=\"fr_FR\" \/>\n<meta property=\"og:type\" content=\"article\" \/>\n<meta property=\"og:title\" content=\"Ballon d&#039;Or : Rodri et Bonmat\u00ed font la f\u00eate \u2013 Beckenbauer honor\u00e9 | Vie Associative\" \/>\n<meta property=\"og:description\" content=\"Rodri a men\u00e9 Manchester City au championnat et l&rsquo;Espagne au titre de Championnat d&rsquo;Europe, tandis qu&rsquo;Aitana Bonmat\u00ed a excell\u00e9 au FC Barcelone. Tous deux seront\" \/>\n<meta property=\"og:url\" content=\"https:\/\/vieassociative.be\/actualites\/ballon-dor-rodri-et-bonmati-font-la-fete-beckenbauer-honore\/\" \/>\n<meta property=\"og:site_name\" content=\"Vie Associative\" \/>\n<meta property=\"article:published_time\" content=\"2024-10-29T02:17:34+00:00\" \/>\n<meta property=\"og:image\" content=\"https:\/\/vieassociative.be\/actualites\/wp-content\/uploads\/2024\/09\/header_backgroundk-01-e1726694325946.png\" \/>\n\t<meta property=\"og:image:width\" content=\"279\" \/>\n\t<meta property=\"og:image:height\" content=\"92\" \/>\n\t<meta property=\"og:image:type\" content=\"image\/png\" \/>\n<meta name=\"author\" content=\"Julien\" \/>\n<meta name=\"twitter:card\" content=\"summary_large_image\" \/>\n<meta name=\"twitter:label1\" content=\"\u00c9crit par\" \/>\n\t<meta name=\"twitter:data1\" content=\"Julien\" \/>\n\t<meta name=\"twitter:label2\" content=\"Dur\u00e9e de lecture est.\" \/>\n\t<meta name=\"twitter:data2\" content=\"2 minutes\" \/>\n<script type=\"application\/ld+json\" class=\"yoast-schema-graph\">{\"@context\":\"https:\/\/schema.org\",\"@graph\":[{\"@type\":\"Article\",\"@id\":\"https:\/\/vieassociative.be\/actualites\/ballon-dor-rodri-et-bonmati-font-la-fete-beckenbauer-honore\/#article\",\"isPartOf\":{\"@id\":\"https:\/\/vieassociative.be\/actualites\/ballon-dor-rodri-et-bonmati-font-la-fete-beckenbauer-honore\/\"},\"author\":{\"name\":\"Julien\",\"@id\":\"https:\/\/vieassociative.be\/actualites\/#\/schema\/person\/b87ac4f82f9d4e7b7cec7395b679edc4\"},\"headline\":\"Ballon d&rsquo;Or : Rodri et Bonmat\u00ed font la f\u00eate \u2013 Beckenbauer honor\u00e9\",\"datePublished\":\"2024-10-29T02:17:34+00:00\",\"dateModified\":\"2024-10-29T02:17:34+00:00\",\"mainEntityOfPage\":{\"@id\":\"https:\/\/vieassociative.be\/actualites\/ballon-dor-rodri-et-bonmati-font-la-fete-beckenbauer-honore\/\"},\"wordCount\":526,\"publisher\":{\"@id\":\"https:\/\/vieassociative.be\/actualites\/#organization\"},\"image\":{\"@id\":\"https:\/\/vieassociative.be\/actualites\/ballon-dor-rodri-et-bonmati-font-la-fete-beckenbauer-honore\/#primaryimage\"},\"thumbnailUrl\":\"https:\/\/vieassociative.be\/actualites\/wp-content\/uploads\/2024\/10\/1730168254_Ballon-dOr-Rodri-et-Bonmati-font-la-fete-\u2013.jpg\",\"keywords\":[\"Ballon\",\"Beckenbauer\",\"Bonmat\u00ed\",\"dOr\",\"f\u00eate\",\"font\",\"honor\u00e9\",\"Rodri\"],\"articleSection\":[\"Belgique\"],\"inLanguage\":\"fr-BE\"},{\"@type\":\"WebPage\",\"@id\":\"https:\/\/vieassociative.be\/actualites\/ballon-dor-rodri-et-bonmati-font-la-fete-beckenbauer-honore\/\",\"url\":\"https:\/\/vieassociative.be\/actualites\/ballon-dor-rodri-et-bonmati-font-la-fete-beckenbauer-honore\/\",\"name\":\"Ballon d'Or : Rodri et Bonmat\u00ed font la f\u00eate \u2013 Beckenbauer honor\u00e9 | Vie Associative\",\"isPartOf\":{\"@id\":\"https:\/\/vieassociative.be\/actualites\/#website\"},\"primaryImageOfPage\":{\"@id\":\"https:\/\/vieassociative.be\/actualites\/ballon-dor-rodri-et-bonmati-font-la-fete-beckenbauer-honore\/#primaryimage\"},\"image\":{\"@id\":\"https:\/\/vieassociative.be\/actualites\/ballon-dor-rodri-et-bonmati-font-la-fete-beckenbauer-honore\/#primaryimage\"},\"thumbnailUrl\":\"https:\/\/vieassociative.be\/actualites\/wp-content\/uploads\/2024\/10\/1730168254_Ballon-dOr-Rodri-et-Bonmati-font-la-fete-\u2013.jpg\",\"datePublished\":\"2024-10-29T02:17:34+00:00\",\"dateModified\":\"2024-10-29T02:17:34+00:00\",\"breadcrumb\":{\"@id\":\"https:\/\/vieassociative.be\/actualites\/ballon-dor-rodri-et-bonmati-font-la-fete-beckenbauer-honore\/#breadcrumb\"},\"inLanguage\":\"fr-BE\",\"potentialAction\":[{\"@type\":\"ReadAction\",\"target\":[\"https:\/\/vieassociative.be\/actualites\/ballon-dor-rodri-et-bonmati-font-la-fete-beckenbauer-honore\/\"]}]},{\"@type\":\"ImageObject\",\"inLanguage\":\"fr-BE\",\"@id\":\"https:\/\/vieassociative.be\/actualites\/ballon-dor-rodri-et-bonmati-font-la-fete-beckenbauer-honore\/#primaryimage\",\"url\":\"https:\/\/vieassociative.be\/actualites\/wp-content\/uploads\/2024\/10\/1730168254_Ballon-dOr-Rodri-et-Bonmati-font-la-fete-\u2013.jpg\",\"contentUrl\":\"https:\/\/vieassociative.be\/actualites\/wp-content\/uploads\/2024\/10\/1730168254_Ballon-dOr-Rodri-et-Bonmati-font-la-fete-\u2013.jpg\",\"width\":1200,\"height\":800,\"caption\":\"Ballon d'Or : Rodri et Bonmat\u00ed font la f\u00eate \u2013 Beckenbauer honor\u00e9\"},{\"@type\":\"BreadcrumbList\",\"@id\":\"https:\/\/vieassociative.be\/actualites\/ballon-dor-rodri-et-bonmati-font-la-fete-beckenbauer-honore\/#breadcrumb\",\"itemListElement\":[{\"@type\":\"ListItem\",\"position\":1,\"name\":\"Accueil\",\"item\":\"https:\/\/vieassociative.be\/actualites\/\"},{\"@type\":\"ListItem\",\"position\":2,\"name\":\"Ballon d&rsquo;Or : Rodri et Bonmat\u00ed font la f\u00eate \u2013 Beckenbauer honor\u00e9\"}]},{\"@type\":\"WebSite\",\"@id\":\"https:\/\/vieassociative.be\/actualites\/#website\",\"url\":\"https:\/\/vieassociative.be\/actualites\/\",\"name\":\"Vie Associative\",\"description\":\"\",\"publisher\":{\"@id\":\"https:\/\/vieassociative.be\/actualites\/#organization\"},\"potentialAction\":[{\"@type\":\"SearchAction\",\"target\":{\"@type\":\"EntryPoint\",\"urlTemplate\":\"https:\/\/vieassociative.be\/actualites\/?s={search_term_string}\"},\"query-input\":{\"@type\":\"PropertyValueSpecification\",\"valueRequired\":true,\"valueName\":\"search_term_string\"}}],\"inLanguage\":\"fr-BE\"},{\"@type\":\"Organization\",\"@id\":\"https:\/\/vieassociative.be\/actualites\/#organization\",\"name\":\"Vie Associative\",\"url\":\"https:\/\/vieassociative.be\/actualites\/\",\"logo\":{\"@type\":\"ImageObject\",\"inLanguage\":\"fr-BE\",\"@id\":\"https:\/\/vieassociative.be\/actualites\/#\/schema\/logo\/image\/\",\"url\":\"https:\/\/vieassociative.be\/actualites\/wp-content\/uploads\/2024\/09\/cropped-vieassociative_favicon.ico.png\",\"contentUrl\":\"https:\/\/vieassociative.be\/actualites\/wp-content\/uploads\/2024\/09\/cropped-vieassociative_favicon.ico.png\",\"width\":512,\"height\":512,\"caption\":\"Vie Associative\"},\"image\":{\"@id\":\"https:\/\/vieassociative.be\/actualites\/#\/schema\/logo\/image\/\"}},{\"@type\":\"Person\",\"@id\":\"https:\/\/vieassociative.be\/actualites\/#\/schema\/person\/b87ac4f82f9d4e7b7cec7395b679edc4\",\"name\":\"Julien\",\"image\":{\"@type\":\"ImageObject\",\"inLanguage\":\"fr-BE\",\"@id\":\"https:\/\/vieassociative.be\/actualites\/#\/schema\/person\/image\/\",\"url\":\"https:\/\/vieassociative.be\/actualites\/wp-content\/uploads\/2024\/09\/vie-associative-1-150x150.jpg\",\"contentUrl\":\"https:\/\/vieassociative.be\/actualites\/wp-content\/uploads\/2024\/09\/vie-associative-1-150x150.jpg\",\"caption\":\"Julien\"},\"description\":\"Je suis Julien, r\u00e9dacteur pour Vie Associative. Passionn\u00e9 par le monde associatif depuis plus de 10 ans, j'ai \u00e0 c\u0153ur de partager des histoires inspirantes et de mettre en lumi\u00e8re les initiatives locales. Mon objectif est de sensibiliser et d'encourager l'engagement communautaire \u00e0 travers mes articles.\",\"sameAs\":[\"https:\/\/vieassociative.be\/\"]}]}<\/script>\n<!-- \/ Yoast SEO plugin. -->","yoast_head_json":{"title":"Ballon d'Or : Rodri et Bonmat\u00ed font la f\u00eate \u2013 Beckenbauer honor\u00e9 | Vie Associative","robots":{"index":"index","follow":"follow","max-snippet":"max-snippet:-1","max-image-preview":"max-image-preview:large","max-video-preview":"max-video-preview:-1"},"canonical":"https:\/\/vieassociative.be\/actualites\/ballon-dor-rodri-et-bonmati-font-la-fete-beckenbauer-honore\/","og_locale":"fr_FR","og_type":"article","og_title":"Ballon d'Or : Rodri et Bonmat\u00ed font la f\u00eate \u2013 Beckenbauer honor\u00e9 | Vie Associative","og_description":"Rodri a men\u00e9 Manchester City au championnat et l&rsquo;Espagne au titre de Championnat d&rsquo;Europe, tandis qu&rsquo;Aitana Bonmat\u00ed a excell\u00e9 au FC Barcelone. Tous deux seront","og_url":"https:\/\/vieassociative.be\/actualites\/ballon-dor-rodri-et-bonmati-font-la-fete-beckenbauer-honore\/","og_site_name":"Vie Associative","article_published_time":"2024-10-29T02:17:34+00:00","og_image":[{"width":279,"height":92,"url":"https:\/\/vieassociative.be\/actualites\/wp-content\/uploads\/2024\/09\/header_backgroundk-01-e1726694325946.png","type":"image\/png"}],"author":"Julien","twitter_card":"summary_large_image","twitter_misc":{"\u00c9crit par":"Julien","Dur\u00e9e de lecture est.":"2 minutes"},"schema":{"@context":"https:\/\/schema.org","@graph":[{"@type":"Article","@id":"https:\/\/vieassociative.be\/actualites\/ballon-dor-rodri-et-bonmati-font-la-fete-beckenbauer-honore\/#article","isPartOf":{"@id":"https:\/\/vieassociative.be\/actualites\/ballon-dor-rodri-et-bonmati-font-la-fete-beckenbauer-honore\/"},"author":{"name":"Julien","@id":"https:\/\/vieassociative.be\/actualites\/#\/schema\/person\/b87ac4f82f9d4e7b7cec7395b679edc4"},"headline":"Ballon d&rsquo;Or : Rodri et Bonmat\u00ed font la f\u00eate \u2013 Beckenbauer honor\u00e9","datePublished":"2024-10-29T02:17:34+00:00","dateModified":"2024-10-29T02:17:34+00:00","mainEntityOfPage":{"@id":"https:\/\/vieassociative.be\/actualites\/ballon-dor-rodri-et-bonmati-font-la-fete-beckenbauer-honore\/"},"wordCount":526,"publisher":{"@id":"https:\/\/vieassociative.be\/actualites\/#organization"},"image":{"@id":"https:\/\/vieassociative.be\/actualites\/ballon-dor-rodri-et-bonmati-font-la-fete-beckenbauer-honore\/#primaryimage"},"thumbnailUrl":"https:\/\/vieassociative.be\/actualites\/wp-content\/uploads\/2024\/10\/1730168254_Ballon-dOr-Rodri-et-Bonmati-font-la-fete-\u2013.jpg","keywords":["Ballon","Beckenbauer","Bonmat\u00ed","dOr","f\u00eate","font","honor\u00e9","Rodri"],"articleSection":["Belgique"],"inLanguage":"fr-BE"},{"@type":"WebPage","@id":"https:\/\/vieassociative.be\/actualites\/ballon-dor-rodri-et-bonmati-font-la-fete-beckenbauer-honore\/","url":"https:\/\/vieassociative.be\/actualites\/ballon-dor-rodri-et-bonmati-font-la-fete-beckenbauer-honore\/","name":"Ballon d'Or : Rodri et Bonmat\u00ed font la f\u00eate \u2013 Beckenbauer honor\u00e9 | Vie Associative","isPartOf":{"@id":"https:\/\/vieassociative.be\/actualites\/#website"},"primaryImageOfPage":{"@id":"https:\/\/vieassociative.be\/actualites\/ballon-dor-rodri-et-bonmati-font-la-fete-beckenbauer-honore\/#primaryimage"},"image":{"@id":"https:\/\/vieassociative.be\/actualites\/ballon-dor-rodri-et-bonmati-font-la-fete-beckenbauer-honore\/#primaryimage"},"thumbnailUrl":"https:\/\/vieassociative.be\/actualites\/wp-content\/uploads\/2024\/10\/1730168254_Ballon-dOr-Rodri-et-Bonmati-font-la-fete-\u2013.jpg","datePublished":"2024-10-29T02:17:34+00:00","dateModified":"2024-10-29T02:17:34+00:00","breadcrumb":{"@id":"https:\/\/vieassociative.be\/actualites\/ballon-dor-rodri-et-bonmati-font-la-fete-beckenbauer-honore\/#breadcrumb"},"inLanguage":"fr-BE","potentialAction":[{"@type":"ReadAction","target":["https:\/\/vieassociative.be\/actualites\/ballon-dor-rodri-et-bonmati-font-la-fete-beckenbauer-honore\/"]}]},{"@type":"ImageObject","inLanguage":"fr-BE","@id":"https:\/\/vieassociative.be\/actualites\/ballon-dor-rodri-et-bonmati-font-la-fete-beckenbauer-honore\/#primaryimage","url":"https:\/\/vieassociative.be\/actualites\/wp-content\/uploads\/2024\/10\/1730168254_Ballon-dOr-Rodri-et-Bonmati-font-la-fete-\u2013.jpg","contentUrl":"https:\/\/vieassociative.be\/actualites\/wp-content\/uploads\/2024\/10\/1730168254_Ballon-dOr-Rodri-et-Bonmati-font-la-fete-\u2013.jpg","width":1200,"height":800,"caption":"Ballon d'Or : Rodri et Bonmat\u00ed font la f\u00eate \u2013 Beckenbauer honor\u00e9"},{"@type":"BreadcrumbList","@id":"https:\/\/vieassociative.be\/actualites\/ballon-dor-rodri-et-bonmati-font-la-fete-beckenbauer-honore\/#breadcrumb","itemListElement":[{"@type":"ListItem","position":1,"name":"Accueil","item":"https:\/\/vieassociative.be\/actualites\/"},{"@type":"ListItem","position":2,"name":"Ballon d&rsquo;Or : Rodri et Bonmat\u00ed font la f\u00eate \u2013 Beckenbauer honor\u00e9"}]},{"@type":"WebSite","@id":"https:\/\/vieassociative.be\/actualites\/#website","url":"https:\/\/vieassociative.be\/actualites\/","name":"Vie Associative","description":"","publisher":{"@id":"https:\/\/vieassociative.be\/actualites\/#organization"},"potentialAction":[{"@type":"SearchAction","target":{"@type":"EntryPoint","urlTemplate":"https:\/\/vieassociative.be\/actualites\/?s={search_term_string}"},"query-input":{"@type":"PropertyValueSpecification","valueRequired":true,"valueName":"search_term_string"}}],"inLanguage":"fr-BE"},{"@type":"Organization","@id":"https:\/\/vieassociative.be\/actualites\/#organization","name":"Vie Associative","url":"https:\/\/vieassociative.be\/actualites\/","logo":{"@type":"ImageObject","inLanguage":"fr-BE","@id":"https:\/\/vieassociative.be\/actualites\/#\/schema\/logo\/image\/","url":"https:\/\/vieassociative.be\/actualites\/wp-content\/uploads\/2024\/09\/cropped-vieassociative_favicon.ico.png","contentUrl":"https:\/\/vieassociative.be\/actualites\/wp-content\/uploads\/2024\/09\/cropped-vieassociative_favicon.ico.png","width":512,"height":512,"caption":"Vie Associative"},"image":{"@id":"https:\/\/vieassociative.be\/actualites\/#\/schema\/logo\/image\/"}},{"@type":"Person","@id":"https:\/\/vieassociative.be\/actualites\/#\/schema\/person\/b87ac4f82f9d4e7b7cec7395b679edc4","name":"Julien","image":{"@type":"ImageObject","inLanguage":"fr-BE","@id":"https:\/\/vieassociative.be\/actualites\/#\/schema\/person\/image\/","url":"https:\/\/vieassociative.be\/actualites\/wp-content\/uploads\/2024\/09\/vie-associative-1-150x150.jpg","contentUrl":"https:\/\/vieassociative.be\/actualites\/wp-content\/uploads\/2024\/09\/vie-associative-1-150x150.jpg","caption":"Julien"},"description":"Je suis Julien, r\u00e9dacteur pour Vie Associative. Passionn\u00e9 par le monde associatif depuis plus de 10 ans, j'ai \u00e0 c\u0153ur de partager des histoires inspirantes et de mettre en lumi\u00e8re les initiatives locales. Mon objectif est de sensibiliser et d'encourager l'engagement communautaire \u00e0 travers mes articles.","sameAs":["https:\/\/vieassociative.be\/"]}]}},"_links":{"self":[{"href":"https:\/\/vieassociative.be\/actualites\/wp-json\/wp\/v2\/posts\/1770"}],"collection":[{"href":"https:\/\/vieassociative.be\/actualites\/wp-json\/wp\/v2\/posts"}],"about":[{"href":"https:\/\/vieassociative.be\/actualites\/wp-json\/wp\/v2\/types\/post"}],"author":[{"embeddable":true,"href":"https:\/\/vieassociative.be\/actualites\/wp-json\/wp\/v2\/users\/1"}],"replies":[{"embeddable":true,"href":"https:\/\/vieassociative.be\/actualites\/wp-json\/wp\/v2\/comments?post=1770"}],"version-history":[{"count":0,"href":"https:\/\/vieassociative.be\/actualites\/wp-json\/wp\/v2\/posts\/1770\/revisions"}],"wp:featuredmedia":[{"embeddable":true,"href":"https:\/\/vieassociative.be\/actualites\/wp-json\/wp\/v2\/media\/1771"}],"wp:attachment":[{"href":"https:\/\/vieassociative.be\/actualites\/wp-json\/wp\/v2\/media?parent=1770"}],"wp:term":[{"taxonomy":"category","embeddable":true,"href":"https:\/\/vieassociative.be\/actualites\/wp-json\/wp\/v2\/categories?post=1770"},{"taxonomy":"post_tag","embeddable":true,"href":"https:\/\/vieassociative.be\/actualites\/wp-json\/wp\/v2\/tags?post=1770"}],"curies":[{"name":"wp","href":"https:\/\/api.w.org\/{rel}","templated":true}]}}