{"id":1768,"date":"2024-10-29T02:17:57","date_gmt":"2024-10-29T01:17:57","guid":{"rendered":"https:\/\/vieassociative.be\/actualites\/cet-ensemble-dalarmes-a-sonnerie-de-huit-pieces-est-a-40-de-reduction\/"},"modified":"2024-10-29T02:17:57","modified_gmt":"2024-10-29T01:17:57","slug":"cet-ensemble-dalarmes-a-sonnerie-de-huit-pieces-est-a-40-de-reduction","status":"publish","type":"post","link":"https:\/\/vieassociative.be\/actualites\/cet-ensemble-dalarmes-a-sonnerie-de-huit-pieces-est-a-40-de-reduction\/","title":{"rendered":"Cet ensemble d&rsquo;alarmes \u00e0 sonnerie de huit pi\u00e8ces est \u00e0 40\u00a0% de r\u00e9duction"},"content":{"rendered":"<div class=\"mt-4 leading-6 md:mb-8\">Cette vente est r\u00e9serv\u00e9e aux membres Amazon Prime et est parfaite pour \u00e9quiper une maison d\u2019une ou deux chambres.<\/div>\n<p><\/p>\n<p>Si vous recherchez un syst\u00e8me de s\u00e9curit\u00e9 domestique DIY pour votre maison ou appartement d&rsquo;une ou deux chambres, vous voudrez jeter un \u0153il \u00e0 ce kit d&rsquo;alarme Ring de huit pi\u00e8ces. Il est actuellement en vente au prix de 149,99 $, soit 40 % de r\u00e9duction sur le prix habituel de 329,99 $, qui, selon les outils de suivi des prix, est le prix le plus bas jamais atteint par ce kit. Cela dit, cette offre est exclusive aux membres Amazon Prime, vous devrez donc \u00eatre abonn\u00e9 pour profiter de l&rsquo;offre.<\/p>\n<p>Ce kit d&rsquo;alarme est livr\u00e9 avec une station de base, un d\u00e9tecteur de mouvement, un clavier, quatre capteurs de contact et un prolongateur de port\u00e9e, vous offrant tout ce dont vous avez besoin pour vous lancer dans la s\u00e9curit\u00e9 de votre maison. Pour le faire fonctionner, il vous suffit de t\u00e9l\u00e9charger l&rsquo;application Ring, de brancher la station de base, de placer les capteurs l\u00e0 o\u00f9 ils sont n\u00e9cessaires et de l&rsquo;activer \u00e0 l&rsquo;aide de l&rsquo;application. Il vous propose trois modes de s\u00e9curit\u00e9 pr\u00e9d\u00e9finis parmi lesquels choisir\u00a0: le mode maison (qui maintient les capteurs ext\u00e9rieurs actifs tout en d\u00e9sactivant ceux de l&rsquo;int\u00e9rieur), le mode absence (qui arme tout) et le mode d\u00e9sarmement (o\u00f9 tous les capteurs sont \u00e9teints). (Cette revue PCMag indique que vous ne recevrez aucune notification ou alerte lorsque votre syst\u00e8me est en mode d\u00e9sarmement.)<\/p>\n<p>Si vous \u00eates \u00e0 l&rsquo;aise avec la gestion vous-m\u00eame de la surveillance et des alertes, vous pouvez ignorer les frais mensuels de 20 $ et adopter l&rsquo;approche DIY. Mais si vous pr\u00e9f\u00e9rez la tranquillit\u00e9 d&rsquo;esprit suppl\u00e9mentaire offerte par une surveillance professionnelle 24h\/24 et 7j\/7 et l&rsquo;envoi automatique des autorit\u00e9s en cas de besoin, vous devrez souscrire au plan Ring Protect Pro. Cet abonnement d\u00e9bloque \u00e9galement l&rsquo;int\u00e9gration de la maison intelligente avec des appareils comme Amazon Echo et Alexa, ainsi que la compatibilit\u00e9 avec d&rsquo;autres produits Ring.<\/p>\n<p>Pour ceux qui recherchent un syst\u00e8me de s\u00e9curit\u00e9 domestique avec une compatibilit\u00e9 tierce plus large ou une int\u00e9gration avec Apple HomeKit ou Google Assistant, l&rsquo;Abode Iota est une bonne alternative, bien qu&rsquo;il soit propos\u00e9 \u00e0 un prix plus \u00e9lev\u00e9 de 329,99 $.<\/p>\n","protected":false},"excerpt":{"rendered":"<p>Cette vente est r\u00e9serv\u00e9e aux membres Amazon Prime et est parfaite pour \u00e9quiper une maison d\u2019une ou deux chambres. Si vous recherchez un syst\u00e8me de<\/p>\n","protected":false},"author":1,"featured_media":1769,"comment_status":"","ping_status":"","sticky":false,"template":"","format":"standard","meta":{"footnotes":""},"categories":[13],"tags":[216,2406,1921,76,78,2407,308,1121],"class_list":["post-1768","post","type-post","status-publish","format-standard","has-post-thumbnail","hentry","category-technologie","tag-cet","tag-dalarmes","tag-ensemble","tag-est","tag-huit","tag-pieces","tag-reduction","tag-sonnerie","generate-columns","tablet-grid-50","mobile-grid-100","grid-parent","grid-33"],"yoast_head":"<!-- This site is optimized with the Yoast SEO plugin v24.0 - https:\/\/yoast.com\/wordpress\/plugins\/seo\/ -->\n<title>Cet ensemble d&#039;alarmes \u00e0 sonnerie de huit pi\u00e8ces est \u00e0 40\u00a0% de r\u00e9duction | Vie Associative<\/title>\n<meta name=\"robots\" content=\"index, follow, max-snippet:-1, max-image-preview:large, max-video-preview:-1\" \/>\n<link rel=\"canonical\" href=\"https:\/\/vieassociative.be\/actualites\/cet-ensemble-dalarmes-a-sonnerie-de-huit-pieces-est-a-40-de-reduction\/\" \/>\n<meta property=\"og:locale\" content=\"fr_FR\" \/>\n<meta property=\"og:type\" content=\"article\" \/>\n<meta property=\"og:title\" content=\"Cet ensemble d&#039;alarmes \u00e0 sonnerie de huit pi\u00e8ces est \u00e0 40\u00a0% de r\u00e9duction | Vie Associative\" \/>\n<meta property=\"og:description\" content=\"Cette vente est r\u00e9serv\u00e9e aux membres Amazon Prime et est parfaite pour \u00e9quiper une maison d\u2019une ou deux chambres. Si vous recherchez un syst\u00e8me de\" \/>\n<meta property=\"og:url\" content=\"https:\/\/vieassociative.be\/actualites\/cet-ensemble-dalarmes-a-sonnerie-de-huit-pieces-est-a-40-de-reduction\/\" \/>\n<meta property=\"og:site_name\" content=\"Vie Associative\" \/>\n<meta property=\"article:published_time\" content=\"2024-10-29T01:17:57+00:00\" \/>\n<meta property=\"og:image\" content=\"https:\/\/vieassociative.be\/actualites\/wp-content\/uploads\/2024\/09\/header_backgroundk-01-e1726694325946.png\" \/>\n\t<meta property=\"og:image:width\" content=\"279\" \/>\n\t<meta property=\"og:image:height\" content=\"92\" \/>\n\t<meta property=\"og:image:type\" content=\"image\/png\" \/>\n<meta name=\"author\" content=\"Julien\" \/>\n<meta name=\"twitter:card\" content=\"summary_large_image\" \/>\n<meta name=\"twitter:label1\" content=\"\u00c9crit par\" \/>\n\t<meta name=\"twitter:data1\" content=\"Julien\" \/>\n\t<meta name=\"twitter:label2\" content=\"Dur\u00e9e de lecture est.\" \/>\n\t<meta name=\"twitter:data2\" content=\"2 minutes\" \/>\n<script type=\"application\/ld+json\" class=\"yoast-schema-graph\">{\"@context\":\"https:\/\/schema.org\",\"@graph\":[{\"@type\":\"Article\",\"@id\":\"https:\/\/vieassociative.be\/actualites\/cet-ensemble-dalarmes-a-sonnerie-de-huit-pieces-est-a-40-de-reduction\/#article\",\"isPartOf\":{\"@id\":\"https:\/\/vieassociative.be\/actualites\/cet-ensemble-dalarmes-a-sonnerie-de-huit-pieces-est-a-40-de-reduction\/\"},\"author\":{\"name\":\"Julien\",\"@id\":\"https:\/\/vieassociative.be\/actualites\/#\/schema\/person\/b87ac4f82f9d4e7b7cec7395b679edc4\"},\"headline\":\"Cet ensemble d&rsquo;alarmes \u00e0 sonnerie de huit pi\u00e8ces est \u00e0 40\u00a0% de r\u00e9duction\",\"datePublished\":\"2024-10-29T01:17:57+00:00\",\"dateModified\":\"2024-10-29T01:17:57+00:00\",\"mainEntityOfPage\":{\"@id\":\"https:\/\/vieassociative.be\/actualites\/cet-ensemble-dalarmes-a-sonnerie-de-huit-pieces-est-a-40-de-reduction\/\"},\"wordCount\":422,\"publisher\":{\"@id\":\"https:\/\/vieassociative.be\/actualites\/#organization\"},\"image\":{\"@id\":\"https:\/\/vieassociative.be\/actualites\/cet-ensemble-dalarmes-a-sonnerie-de-huit-pieces-est-a-40-de-reduction\/#primaryimage\"},\"thumbnailUrl\":\"https:\/\/vieassociative.be\/actualites\/wp-content\/uploads\/2024\/10\/Cet-ensemble-dalarmes-a-sonnerie-de-huit-pieces-est-a.png\",\"keywords\":[\"cet\",\"dalarmes\",\"ensemble\",\"est\",\"Huit\",\"pi\u00e8ces\",\"r\u00e9duction\",\"sonnerie\"],\"articleSection\":[\"Technologie\"],\"inLanguage\":\"fr-BE\"},{\"@type\":\"WebPage\",\"@id\":\"https:\/\/vieassociative.be\/actualites\/cet-ensemble-dalarmes-a-sonnerie-de-huit-pieces-est-a-40-de-reduction\/\",\"url\":\"https:\/\/vieassociative.be\/actualites\/cet-ensemble-dalarmes-a-sonnerie-de-huit-pieces-est-a-40-de-reduction\/\",\"name\":\"Cet ensemble d'alarmes \u00e0 sonnerie de huit pi\u00e8ces est \u00e0 40\u00a0% de r\u00e9duction | Vie Associative\",\"isPartOf\":{\"@id\":\"https:\/\/vieassociative.be\/actualites\/#website\"},\"primaryImageOfPage\":{\"@id\":\"https:\/\/vieassociative.be\/actualites\/cet-ensemble-dalarmes-a-sonnerie-de-huit-pieces-est-a-40-de-reduction\/#primaryimage\"},\"image\":{\"@id\":\"https:\/\/vieassociative.be\/actualites\/cet-ensemble-dalarmes-a-sonnerie-de-huit-pieces-est-a-40-de-reduction\/#primaryimage\"},\"thumbnailUrl\":\"https:\/\/vieassociative.be\/actualites\/wp-content\/uploads\/2024\/10\/Cet-ensemble-dalarmes-a-sonnerie-de-huit-pieces-est-a.png\",\"datePublished\":\"2024-10-29T01:17:57+00:00\",\"dateModified\":\"2024-10-29T01:17:57+00:00\",\"breadcrumb\":{\"@id\":\"https:\/\/vieassociative.be\/actualites\/cet-ensemble-dalarmes-a-sonnerie-de-huit-pieces-est-a-40-de-reduction\/#breadcrumb\"},\"inLanguage\":\"fr-BE\",\"potentialAction\":[{\"@type\":\"ReadAction\",\"target\":[\"https:\/\/vieassociative.be\/actualites\/cet-ensemble-dalarmes-a-sonnerie-de-huit-pieces-est-a-40-de-reduction\/\"]}]},{\"@type\":\"ImageObject\",\"inLanguage\":\"fr-BE\",\"@id\":\"https:\/\/vieassociative.be\/actualites\/cet-ensemble-dalarmes-a-sonnerie-de-huit-pieces-est-a-40-de-reduction\/#primaryimage\",\"url\":\"https:\/\/vieassociative.be\/actualites\/wp-content\/uploads\/2024\/10\/Cet-ensemble-dalarmes-a-sonnerie-de-huit-pieces-est-a.png\",\"contentUrl\":\"https:\/\/vieassociative.be\/actualites\/wp-content\/uploads\/2024\/10\/Cet-ensemble-dalarmes-a-sonnerie-de-huit-pieces-est-a.png\",\"width\":1200,\"height\":675,\"caption\":\"Cet ensemble d'alarmes \u00e0 sonnerie de huit pi\u00e8ces est \u00e0 40\u00a0% de r\u00e9duction\"},{\"@type\":\"BreadcrumbList\",\"@id\":\"https:\/\/vieassociative.be\/actualites\/cet-ensemble-dalarmes-a-sonnerie-de-huit-pieces-est-a-40-de-reduction\/#breadcrumb\",\"itemListElement\":[{\"@type\":\"ListItem\",\"position\":1,\"name\":\"Accueil\",\"item\":\"https:\/\/vieassociative.be\/actualites\/\"},{\"@type\":\"ListItem\",\"position\":2,\"name\":\"Cet ensemble d&rsquo;alarmes \u00e0 sonnerie de huit pi\u00e8ces est \u00e0 40\u00a0% de r\u00e9duction\"}]},{\"@type\":\"WebSite\",\"@id\":\"https:\/\/vieassociative.be\/actualites\/#website\",\"url\":\"https:\/\/vieassociative.be\/actualites\/\",\"name\":\"Vie Associative\",\"description\":\"\",\"publisher\":{\"@id\":\"https:\/\/vieassociative.be\/actualites\/#organization\"},\"potentialAction\":[{\"@type\":\"SearchAction\",\"target\":{\"@type\":\"EntryPoint\",\"urlTemplate\":\"https:\/\/vieassociative.be\/actualites\/?s={search_term_string}\"},\"query-input\":{\"@type\":\"PropertyValueSpecification\",\"valueRequired\":true,\"valueName\":\"search_term_string\"}}],\"inLanguage\":\"fr-BE\"},{\"@type\":\"Organization\",\"@id\":\"https:\/\/vieassociative.be\/actualites\/#organization\",\"name\":\"Vie Associative\",\"url\":\"https:\/\/vieassociative.be\/actualites\/\",\"logo\":{\"@type\":\"ImageObject\",\"inLanguage\":\"fr-BE\",\"@id\":\"https:\/\/vieassociative.be\/actualites\/#\/schema\/logo\/image\/\",\"url\":\"https:\/\/vieassociative.be\/actualites\/wp-content\/uploads\/2024\/09\/cropped-vieassociative_favicon.ico.png\",\"contentUrl\":\"https:\/\/vieassociative.be\/actualites\/wp-content\/uploads\/2024\/09\/cropped-vieassociative_favicon.ico.png\",\"width\":512,\"height\":512,\"caption\":\"Vie Associative\"},\"image\":{\"@id\":\"https:\/\/vieassociative.be\/actualites\/#\/schema\/logo\/image\/\"}},{\"@type\":\"Person\",\"@id\":\"https:\/\/vieassociative.be\/actualites\/#\/schema\/person\/b87ac4f82f9d4e7b7cec7395b679edc4\",\"name\":\"Julien\",\"image\":{\"@type\":\"ImageObject\",\"inLanguage\":\"fr-BE\",\"@id\":\"https:\/\/vieassociative.be\/actualites\/#\/schema\/person\/image\/\",\"url\":\"https:\/\/vieassociative.be\/actualites\/wp-content\/uploads\/2024\/09\/vie-associative-1-150x150.jpg\",\"contentUrl\":\"https:\/\/vieassociative.be\/actualites\/wp-content\/uploads\/2024\/09\/vie-associative-1-150x150.jpg\",\"caption\":\"Julien\"},\"description\":\"Je suis Julien, r\u00e9dacteur pour Vie Associative. Passionn\u00e9 par le monde associatif depuis plus de 10 ans, j'ai \u00e0 c\u0153ur de partager des histoires inspirantes et de mettre en lumi\u00e8re les initiatives locales. Mon objectif est de sensibiliser et d'encourager l'engagement communautaire \u00e0 travers mes articles.\",\"sameAs\":[\"https:\/\/vieassociative.be\/\"]}]}<\/script>\n<!-- \/ Yoast SEO plugin. -->","yoast_head_json":{"title":"Cet ensemble d'alarmes \u00e0 sonnerie de huit pi\u00e8ces est \u00e0 40\u00a0% de r\u00e9duction | Vie Associative","robots":{"index":"index","follow":"follow","max-snippet":"max-snippet:-1","max-image-preview":"max-image-preview:large","max-video-preview":"max-video-preview:-1"},"canonical":"https:\/\/vieassociative.be\/actualites\/cet-ensemble-dalarmes-a-sonnerie-de-huit-pieces-est-a-40-de-reduction\/","og_locale":"fr_FR","og_type":"article","og_title":"Cet ensemble d'alarmes \u00e0 sonnerie de huit pi\u00e8ces est \u00e0 40\u00a0% de r\u00e9duction | Vie Associative","og_description":"Cette vente est r\u00e9serv\u00e9e aux membres Amazon Prime et est parfaite pour \u00e9quiper une maison d\u2019une ou deux chambres. Si vous recherchez un syst\u00e8me de","og_url":"https:\/\/vieassociative.be\/actualites\/cet-ensemble-dalarmes-a-sonnerie-de-huit-pieces-est-a-40-de-reduction\/","og_site_name":"Vie Associative","article_published_time":"2024-10-29T01:17:57+00:00","og_image":[{"width":279,"height":92,"url":"https:\/\/vieassociative.be\/actualites\/wp-content\/uploads\/2024\/09\/header_backgroundk-01-e1726694325946.png","type":"image\/png"}],"author":"Julien","twitter_card":"summary_large_image","twitter_misc":{"\u00c9crit par":"Julien","Dur\u00e9e de lecture est.":"2 minutes"},"schema":{"@context":"https:\/\/schema.org","@graph":[{"@type":"Article","@id":"https:\/\/vieassociative.be\/actualites\/cet-ensemble-dalarmes-a-sonnerie-de-huit-pieces-est-a-40-de-reduction\/#article","isPartOf":{"@id":"https:\/\/vieassociative.be\/actualites\/cet-ensemble-dalarmes-a-sonnerie-de-huit-pieces-est-a-40-de-reduction\/"},"author":{"name":"Julien","@id":"https:\/\/vieassociative.be\/actualites\/#\/schema\/person\/b87ac4f82f9d4e7b7cec7395b679edc4"},"headline":"Cet ensemble d&rsquo;alarmes \u00e0 sonnerie de huit pi\u00e8ces est \u00e0 40\u00a0% de r\u00e9duction","datePublished":"2024-10-29T01:17:57+00:00","dateModified":"2024-10-29T01:17:57+00:00","mainEntityOfPage":{"@id":"https:\/\/vieassociative.be\/actualites\/cet-ensemble-dalarmes-a-sonnerie-de-huit-pieces-est-a-40-de-reduction\/"},"wordCount":422,"publisher":{"@id":"https:\/\/vieassociative.be\/actualites\/#organization"},"image":{"@id":"https:\/\/vieassociative.be\/actualites\/cet-ensemble-dalarmes-a-sonnerie-de-huit-pieces-est-a-40-de-reduction\/#primaryimage"},"thumbnailUrl":"https:\/\/vieassociative.be\/actualites\/wp-content\/uploads\/2024\/10\/Cet-ensemble-dalarmes-a-sonnerie-de-huit-pieces-est-a.png","keywords":["cet","dalarmes","ensemble","est","Huit","pi\u00e8ces","r\u00e9duction","sonnerie"],"articleSection":["Technologie"],"inLanguage":"fr-BE"},{"@type":"WebPage","@id":"https:\/\/vieassociative.be\/actualites\/cet-ensemble-dalarmes-a-sonnerie-de-huit-pieces-est-a-40-de-reduction\/","url":"https:\/\/vieassociative.be\/actualites\/cet-ensemble-dalarmes-a-sonnerie-de-huit-pieces-est-a-40-de-reduction\/","name":"Cet ensemble d'alarmes \u00e0 sonnerie de huit pi\u00e8ces est \u00e0 40\u00a0% de r\u00e9duction | Vie Associative","isPartOf":{"@id":"https:\/\/vieassociative.be\/actualites\/#website"},"primaryImageOfPage":{"@id":"https:\/\/vieassociative.be\/actualites\/cet-ensemble-dalarmes-a-sonnerie-de-huit-pieces-est-a-40-de-reduction\/#primaryimage"},"image":{"@id":"https:\/\/vieassociative.be\/actualites\/cet-ensemble-dalarmes-a-sonnerie-de-huit-pieces-est-a-40-de-reduction\/#primaryimage"},"thumbnailUrl":"https:\/\/vieassociative.be\/actualites\/wp-content\/uploads\/2024\/10\/Cet-ensemble-dalarmes-a-sonnerie-de-huit-pieces-est-a.png","datePublished":"2024-10-29T01:17:57+00:00","dateModified":"2024-10-29T01:17:57+00:00","breadcrumb":{"@id":"https:\/\/vieassociative.be\/actualites\/cet-ensemble-dalarmes-a-sonnerie-de-huit-pieces-est-a-40-de-reduction\/#breadcrumb"},"inLanguage":"fr-BE","potentialAction":[{"@type":"ReadAction","target":["https:\/\/vieassociative.be\/actualites\/cet-ensemble-dalarmes-a-sonnerie-de-huit-pieces-est-a-40-de-reduction\/"]}]},{"@type":"ImageObject","inLanguage":"fr-BE","@id":"https:\/\/vieassociative.be\/actualites\/cet-ensemble-dalarmes-a-sonnerie-de-huit-pieces-est-a-40-de-reduction\/#primaryimage","url":"https:\/\/vieassociative.be\/actualites\/wp-content\/uploads\/2024\/10\/Cet-ensemble-dalarmes-a-sonnerie-de-huit-pieces-est-a.png","contentUrl":"https:\/\/vieassociative.be\/actualites\/wp-content\/uploads\/2024\/10\/Cet-ensemble-dalarmes-a-sonnerie-de-huit-pieces-est-a.png","width":1200,"height":675,"caption":"Cet ensemble d'alarmes \u00e0 sonnerie de huit pi\u00e8ces est \u00e0 40\u00a0% de r\u00e9duction"},{"@type":"BreadcrumbList","@id":"https:\/\/vieassociative.be\/actualites\/cet-ensemble-dalarmes-a-sonnerie-de-huit-pieces-est-a-40-de-reduction\/#breadcrumb","itemListElement":[{"@type":"ListItem","position":1,"name":"Accueil","item":"https:\/\/vieassociative.be\/actualites\/"},{"@type":"ListItem","position":2,"name":"Cet ensemble d&rsquo;alarmes \u00e0 sonnerie de huit pi\u00e8ces est \u00e0 40\u00a0% de r\u00e9duction"}]},{"@type":"WebSite","@id":"https:\/\/vieassociative.be\/actualites\/#website","url":"https:\/\/vieassociative.be\/actualites\/","name":"Vie Associative","description":"","publisher":{"@id":"https:\/\/vieassociative.be\/actualites\/#organization"},"potentialAction":[{"@type":"SearchAction","target":{"@type":"EntryPoint","urlTemplate":"https:\/\/vieassociative.be\/actualites\/?s={search_term_string}"},"query-input":{"@type":"PropertyValueSpecification","valueRequired":true,"valueName":"search_term_string"}}],"inLanguage":"fr-BE"},{"@type":"Organization","@id":"https:\/\/vieassociative.be\/actualites\/#organization","name":"Vie Associative","url":"https:\/\/vieassociative.be\/actualites\/","logo":{"@type":"ImageObject","inLanguage":"fr-BE","@id":"https:\/\/vieassociative.be\/actualites\/#\/schema\/logo\/image\/","url":"https:\/\/vieassociative.be\/actualites\/wp-content\/uploads\/2024\/09\/cropped-vieassociative_favicon.ico.png","contentUrl":"https:\/\/vieassociative.be\/actualites\/wp-content\/uploads\/2024\/09\/cropped-vieassociative_favicon.ico.png","width":512,"height":512,"caption":"Vie Associative"},"image":{"@id":"https:\/\/vieassociative.be\/actualites\/#\/schema\/logo\/image\/"}},{"@type":"Person","@id":"https:\/\/vieassociative.be\/actualites\/#\/schema\/person\/b87ac4f82f9d4e7b7cec7395b679edc4","name":"Julien","image":{"@type":"ImageObject","inLanguage":"fr-BE","@id":"https:\/\/vieassociative.be\/actualites\/#\/schema\/person\/image\/","url":"https:\/\/vieassociative.be\/actualites\/wp-content\/uploads\/2024\/09\/vie-associative-1-150x150.jpg","contentUrl":"https:\/\/vieassociative.be\/actualites\/wp-content\/uploads\/2024\/09\/vie-associative-1-150x150.jpg","caption":"Julien"},"description":"Je suis Julien, r\u00e9dacteur pour Vie Associative. Passionn\u00e9 par le monde associatif depuis plus de 10 ans, j'ai \u00e0 c\u0153ur de partager des histoires inspirantes et de mettre en lumi\u00e8re les initiatives locales. Mon objectif est de sensibiliser et d'encourager l'engagement communautaire \u00e0 travers mes articles.","sameAs":["https:\/\/vieassociative.be\/"]}]}},"_links":{"self":[{"href":"https:\/\/vieassociative.be\/actualites\/wp-json\/wp\/v2\/posts\/1768"}],"collection":[{"href":"https:\/\/vieassociative.be\/actualites\/wp-json\/wp\/v2\/posts"}],"about":[{"href":"https:\/\/vieassociative.be\/actualites\/wp-json\/wp\/v2\/types\/post"}],"author":[{"embeddable":true,"href":"https:\/\/vieassociative.be\/actualites\/wp-json\/wp\/v2\/users\/1"}],"replies":[{"embeddable":true,"href":"https:\/\/vieassociative.be\/actualites\/wp-json\/wp\/v2\/comments?post=1768"}],"version-history":[{"count":0,"href":"https:\/\/vieassociative.be\/actualites\/wp-json\/wp\/v2\/posts\/1768\/revisions"}],"wp:featuredmedia":[{"embeddable":true,"href":"https:\/\/vieassociative.be\/actualites\/wp-json\/wp\/v2\/media\/1769"}],"wp:attachment":[{"href":"https:\/\/vieassociative.be\/actualites\/wp-json\/wp\/v2\/media?parent=1768"}],"wp:term":[{"taxonomy":"category","embeddable":true,"href":"https:\/\/vieassociative.be\/actualites\/wp-json\/wp\/v2\/categories?post=1768"},{"taxonomy":"post_tag","embeddable":true,"href":"https:\/\/vieassociative.be\/actualites\/wp-json\/wp\/v2\/tags?post=1768"}],"curies":[{"name":"wp","href":"https:\/\/api.w.org\/{rel}","templated":true}]}}