{"id":1766,"date":"2024-10-29T00:17:50","date_gmt":"2024-10-28T23:17:50","guid":{"rendered":"https:\/\/vieassociative.be\/actualites\/les-moyens-les-plus-simples-de-rendre-la-chambre-de-votre-enfant-moins-effrayante-la-nuit\/"},"modified":"2024-10-29T00:17:50","modified_gmt":"2024-10-28T23:17:50","slug":"les-moyens-les-plus-simples-de-rendre-la-chambre-de-votre-enfant-moins-effrayante-la-nuit","status":"publish","type":"post","link":"https:\/\/vieassociative.be\/actualites\/les-moyens-les-plus-simples-de-rendre-la-chambre-de-votre-enfant-moins-effrayante-la-nuit\/","title":{"rendered":"Les moyens les plus simples de rendre la chambre de votre enfant moins effrayante la nuit"},"content":{"rendered":"<div class=\"mt-4 leading-6 md:mb-8\">Passez de Monster House \u00e0 Bluey avec quelques modifications simples.<\/div>\n<p><\/p>\n<p>La chambre d&rsquo;un enfant n&rsquo;est pas cens\u00e9e \u00eatre effrayante, mais parfois un son \u00e9trange ou une ombre inhabituelle peut donner libre cours \u00e0 l&rsquo;imagination d&rsquo;un jeune, entra\u00eenant une perte de sommeil, de l&rsquo;anxi\u00e9t\u00e9 et des cauchemars. Cela peut \u00e9galement signifier une nuit difficile pour vous-m\u00eame si leurs appels \u00e0 l&rsquo;aide vous r\u00e9veillent ou vous obligent \u00e0 faire de la place dans votre propre lit lorsqu&rsquo;ils ont peur de se rendormir.<\/p>\n<p>Bien que nous ne puissions pas garantir que nous puissions nous d\u00e9barrasser des cauchemars de votre enfant. l\u00e0 <em>sont<\/em> quelques choses que vous pouvez faire pour rendre leur chambre moins effrayante.<\/p>\n<h2 id=\"check-your-mirrors\">V\u00e9rifiez vos miroirs<\/h2>\n<p>On a l\u2019impression que chaque film d\u2019horreur ou fantastique comporte une sc\u00e8ne intense impliquant une surface r\u00e9fl\u00e9chissante. Ces meubles sont cens\u00e9s nous aider \u00e0 v\u00e9rifier notre apparence avant de nous aventurer dans le monde, mais ils sont souvent utilis\u00e9s comme outil d&rsquo;intrigue pour nous montrer quelque chose d&rsquo;effrayant. Un simple regard sur une ombre perdue avant de se coucher peut plonger l&rsquo;esprit de votre enfant dans un endroit sombre, ce qui signifie que vous aurez une longue nuit entre vos mains. <\/p>\n<p>Sarah Jubb de Happy Beds recommande de garder les miroirs et autres objets \u00e0 surface brillante loin du lit de votre enfant afin qu&rsquo;il puisse se sentir \u00e0 l&rsquo;aise avant de s&rsquo;endormir. <\/p>\n<h2 id=\"consider-taking-down-the-wall-decor\">Pensez \u00e0 d\u00e9monter la d\u00e9coration murale<\/h2>\n<p>Mon fils a\u00een\u00e9 adore Teenage Mutant Ninja Turtles, mais une grande partie des illustrations de la s\u00e9rie pr\u00e9sentent des fantassins et d&rsquo;autres m\u00e9chants assortis avec de grandes \u00e9p\u00e9es tranchantes et des nunchakus. Il fait frais pendant la journ\u00e9e, mais lorsque les lumi\u00e8res s&rsquo;\u00e9teignent, les armes que brandissent les m\u00e9chants peuvent prendre un aspect plus mena\u00e7ant.<\/p>\n<p><em>Les parents recommandent <\/em>remplacez ce type d&rsquo;images par quelque chose de plus apaisant, comme des photos de famille ou les \u0153uvres d&rsquo;art de vos enfants. Une autre suggestion est de d\u00e9corer avec quelque chose de plus confortable : par exemple, lorsque ma famille a emm\u00e9nag\u00e9 dans une nouvelle maison, nous avons utilis\u00e9 ces \u00e9toiles qui brillent dans le noir sur le plafond et les lits des enfants. Non seulement cela a stimul\u00e9 leur imagination (dans le bon sens), mais cela a illumin\u00e9 la pi\u00e8ce, ce qui nous am\u00e8ne \u00e0 l&rsquo;\u00e9l\u00e9ment suivant de notre liste.<\/p>\n<h2 id=\"light-things-up\">\u00c9clairez les choses<\/h2>\n<p>Au d\u00e9but, j&rsquo;ai h\u00e9sit\u00e9 \u00e0 mettre une veilleuse dans la chambre de mes gar\u00e7ons car beaucoup d&rsquo;entre eux brillent trop fort. La vari\u00e9t\u00e9 plug-in serait suffisamment lumineuse pour les tenir \u00e9veill\u00e9s <em>et<\/em> ils cr\u00e9eraient des ombres \u00e9tranges et effrayantes sur le mur, ce que nous essayons \u00e9videmment d&rsquo;\u00e9viter. <\/p>\n<p>Comme tout parent moderne, nous avons trouv\u00e9 une solution \u00e0 notre probl\u00e8me d\u2019\u00e9clairage \u00e0 l\u2019endroit le plus \u00e9vident : Bluey. Le personnage principal du c\u00e9l\u00e8bre dessin anim\u00e9 australien a une lampe au sel de l\u2019Himalaya \u00e0 son chevet. Lorsque nous avons install\u00e9 le n\u00f4tre dans la chambre de nos gar\u00e7ons, cela a cr\u00e9\u00e9 une douce lueur qui s&rsquo;est r\u00e9pandue dans la pi\u00e8ce, la remplissant de couleurs apaisantes. <\/p>\n<p>Vous pourriez avoir un succ\u00e8s similaire avec un simple guirlande lumineuse autour du p\u00e9rim\u00e8tre de la pi\u00e8ce, qui est \u00e0 la fois festive et suffisamment douce pour ne pas les emp\u00eacher de dormir.<\/p>\n<h2 id=\"keep-the-bed-away-from-any-windows\">Gardez le lit loin des fen\u00eatres<\/h2>\n<p>Pour en revenir un instant au sujet des films d&rsquo;horreur, ils ne rendent pas service non plus aux fen\u00eatres\u00a0: il y a toujours quelque chose d&rsquo;effrayant qui se cache de l&rsquo;autre c\u00f4t\u00e9, et ils peuvent sembler mena\u00e7ants pour un enfant la nuit, surtout lorsque leur lit est situ\u00e9 juste en dessous. un. <\/p>\n<p>Jubb sugg\u00e8re de placer le lit de votre enfant loin des fen\u00eatres et recommande m\u00eame de suivre les directives du \u00ab feng shui \u00bb et de le placer en diagonale par rapport \u00e0 la porte de sa chambre. Ils peuvent le voir lorsqu&rsquo;ils s&rsquo;endorment, ce qui leur donne un sentiment de s\u00e9curit\u00e9.<\/p>\n<h2 id=\"behind-the-curtains\">Derri\u00e8re les rideaux<\/h2>\n<p>Les rideaux jusqu&rsquo;au sol sont l&rsquo;endroit id\u00e9al pour dispara\u00eetre lors d&rsquo;une partie de cache-cache, mais lorsque les lumi\u00e8res s&rsquo;\u00e9teignent, vos enfants peuvent penser que quelqu&rsquo;un ou quelque chose se cache derri\u00e8re eux. Jubb dit que l&rsquo;installation de rideaux ou de stores demi-taille peut aider \u00e0 \u00e9liminer cette peur, car personne n&rsquo;a jamais \u00e9t\u00e9 effray\u00e9 par un ensemble de stores. <\/p>\n<h2 id=\"turn-up-the-white-noise\">Augmentez le bruit (blanc)<\/h2>\n<p>Aucune pi\u00e8ce n&rsquo;est insonoris\u00e9e, et les sons et les conversations de votre salon peuvent s&rsquo;infiltrer dans la chambre de votre enfant, le gardant \u00e9veill\u00e9 et effray\u00e9 par ce qu&rsquo;il pense entendre. Une machine \u00e0 bruit blanc est un outil indispensable dans notre maison. Non seulement les doux sons de la pluie les apaisent, mais ils les prot\u00e8gent \u00e9galement des cris per\u00e7ants du film d&rsquo;horreur que vous regardez dans le salon. <\/p>\n<h2 id=\"clean-their-room\">Nettoyer leur chambre<\/h2>\n<p>Le chaos et la peur sont li\u00e9s, donc si une pi\u00e8ce devient en d\u00e9sordre pendant la journ\u00e9e, le d\u00e9sordre peut provoquer de l&rsquo;anxi\u00e9t\u00e9 lorsqu&rsquo;il fait noir. <em>Parents<\/em> dit que garder les jouets, les v\u00eatements et autres objets organis\u00e9s et rang\u00e9s entra\u00eenera moins de stimulation caus\u00e9e par tout encombrement persistant. <\/p>\n","protected":false},"excerpt":{"rendered":"<p>Passez de Monster House \u00e0 Bluey avec quelques modifications simples. La chambre d&rsquo;un enfant n&rsquo;est pas cens\u00e9e \u00eatre effrayante, mais parfois un son \u00e9trange ou<\/p>\n","protected":false},"author":1,"featured_media":1767,"comment_status":"","ping_status":"","sticky":false,"template":"","format":"standard","meta":{"footnotes":""},"categories":[37],"tags":[1014,2404,295,14,469,1814,2405,465,710,8],"class_list":["post-1766","post","type-post","status-publish","format-standard","has-post-thumbnail","hentry","category-famille","tag-chambre","tag-effrayante","tag-enfant","tag-les","tag-moins","tag-moyens","tag-nuit","tag-rendre","tag-simples","tag-votre","generate-columns","tablet-grid-50","mobile-grid-100","grid-parent","grid-33"],"yoast_head":"<!-- This site is optimized with the Yoast SEO plugin v24.0 - https:\/\/yoast.com\/wordpress\/plugins\/seo\/ -->\n<title>Les moyens les plus simples de rendre la chambre de votre enfant moins effrayante la nuit | Vie Associative<\/title>\n<meta name=\"robots\" content=\"index, follow, max-snippet:-1, max-image-preview:large, max-video-preview:-1\" \/>\n<link rel=\"canonical\" href=\"https:\/\/vieassociative.be\/actualites\/les-moyens-les-plus-simples-de-rendre-la-chambre-de-votre-enfant-moins-effrayante-la-nuit\/\" \/>\n<meta property=\"og:locale\" content=\"fr_FR\" \/>\n<meta property=\"og:type\" content=\"article\" \/>\n<meta property=\"og:title\" content=\"Les moyens les plus simples de rendre la chambre de votre enfant moins effrayante la nuit | Vie Associative\" \/>\n<meta property=\"og:description\" content=\"Passez de Monster House \u00e0 Bluey avec quelques modifications simples. La chambre d&rsquo;un enfant n&rsquo;est pas cens\u00e9e \u00eatre effrayante, mais parfois un son \u00e9trange ou\" \/>\n<meta property=\"og:url\" content=\"https:\/\/vieassociative.be\/actualites\/les-moyens-les-plus-simples-de-rendre-la-chambre-de-votre-enfant-moins-effrayante-la-nuit\/\" \/>\n<meta property=\"og:site_name\" content=\"Vie Associative\" \/>\n<meta property=\"article:published_time\" content=\"2024-10-28T23:17:50+00:00\" \/>\n<meta property=\"og:image\" content=\"https:\/\/vieassociative.be\/actualites\/wp-content\/uploads\/2024\/09\/header_backgroundk-01-e1726694325946.png\" \/>\n\t<meta property=\"og:image:width\" content=\"279\" \/>\n\t<meta property=\"og:image:height\" content=\"92\" \/>\n\t<meta property=\"og:image:type\" content=\"image\/png\" \/>\n<meta name=\"author\" content=\"Julien\" \/>\n<meta name=\"twitter:card\" content=\"summary_large_image\" \/>\n<meta name=\"twitter:label1\" content=\"\u00c9crit par\" \/>\n\t<meta name=\"twitter:data1\" content=\"Julien\" \/>\n\t<meta name=\"twitter:label2\" content=\"Dur\u00e9e de lecture est.\" \/>\n\t<meta name=\"twitter:data2\" content=\"4 minutes\" \/>\n<script type=\"application\/ld+json\" class=\"yoast-schema-graph\">{\"@context\":\"https:\/\/schema.org\",\"@graph\":[{\"@type\":\"Article\",\"@id\":\"https:\/\/vieassociative.be\/actualites\/les-moyens-les-plus-simples-de-rendre-la-chambre-de-votre-enfant-moins-effrayante-la-nuit\/#article\",\"isPartOf\":{\"@id\":\"https:\/\/vieassociative.be\/actualites\/les-moyens-les-plus-simples-de-rendre-la-chambre-de-votre-enfant-moins-effrayante-la-nuit\/\"},\"author\":{\"name\":\"Julien\",\"@id\":\"https:\/\/vieassociative.be\/actualites\/#\/schema\/person\/b87ac4f82f9d4e7b7cec7395b679edc4\"},\"headline\":\"Les moyens les plus simples de rendre la chambre de votre enfant moins effrayante la nuit\",\"datePublished\":\"2024-10-28T23:17:50+00:00\",\"dateModified\":\"2024-10-28T23:17:50+00:00\",\"mainEntityOfPage\":{\"@id\":\"https:\/\/vieassociative.be\/actualites\/les-moyens-les-plus-simples-de-rendre-la-chambre-de-votre-enfant-moins-effrayante-la-nuit\/\"},\"wordCount\":946,\"publisher\":{\"@id\":\"https:\/\/vieassociative.be\/actualites\/#organization\"},\"image\":{\"@id\":\"https:\/\/vieassociative.be\/actualites\/les-moyens-les-plus-simples-de-rendre-la-chambre-de-votre-enfant-moins-effrayante-la-nuit\/#primaryimage\"},\"thumbnailUrl\":\"https:\/\/vieassociative.be\/actualites\/wp-content\/uploads\/2024\/10\/Les-moyens-les-plus-simples-de-rendre-la-chambre-de.jpg\",\"keywords\":[\"chambre\",\"effrayante\",\"enfant\",\"Les\",\"moins\",\"moyens\",\"nuit\",\"rendre\",\"simples\",\"votre\"],\"articleSection\":[\"Famille\"],\"inLanguage\":\"fr-BE\"},{\"@type\":\"WebPage\",\"@id\":\"https:\/\/vieassociative.be\/actualites\/les-moyens-les-plus-simples-de-rendre-la-chambre-de-votre-enfant-moins-effrayante-la-nuit\/\",\"url\":\"https:\/\/vieassociative.be\/actualites\/les-moyens-les-plus-simples-de-rendre-la-chambre-de-votre-enfant-moins-effrayante-la-nuit\/\",\"name\":\"Les moyens les plus simples de rendre la chambre de votre enfant moins effrayante la nuit | Vie Associative\",\"isPartOf\":{\"@id\":\"https:\/\/vieassociative.be\/actualites\/#website\"},\"primaryImageOfPage\":{\"@id\":\"https:\/\/vieassociative.be\/actualites\/les-moyens-les-plus-simples-de-rendre-la-chambre-de-votre-enfant-moins-effrayante-la-nuit\/#primaryimage\"},\"image\":{\"@id\":\"https:\/\/vieassociative.be\/actualites\/les-moyens-les-plus-simples-de-rendre-la-chambre-de-votre-enfant-moins-effrayante-la-nuit\/#primaryimage\"},\"thumbnailUrl\":\"https:\/\/vieassociative.be\/actualites\/wp-content\/uploads\/2024\/10\/Les-moyens-les-plus-simples-de-rendre-la-chambre-de.jpg\",\"datePublished\":\"2024-10-28T23:17:50+00:00\",\"dateModified\":\"2024-10-28T23:17:50+00:00\",\"breadcrumb\":{\"@id\":\"https:\/\/vieassociative.be\/actualites\/les-moyens-les-plus-simples-de-rendre-la-chambre-de-votre-enfant-moins-effrayante-la-nuit\/#breadcrumb\"},\"inLanguage\":\"fr-BE\",\"potentialAction\":[{\"@type\":\"ReadAction\",\"target\":[\"https:\/\/vieassociative.be\/actualites\/les-moyens-les-plus-simples-de-rendre-la-chambre-de-votre-enfant-moins-effrayante-la-nuit\/\"]}]},{\"@type\":\"ImageObject\",\"inLanguage\":\"fr-BE\",\"@id\":\"https:\/\/vieassociative.be\/actualites\/les-moyens-les-plus-simples-de-rendre-la-chambre-de-votre-enfant-moins-effrayante-la-nuit\/#primaryimage\",\"url\":\"https:\/\/vieassociative.be\/actualites\/wp-content\/uploads\/2024\/10\/Les-moyens-les-plus-simples-de-rendre-la-chambre-de.jpg\",\"contentUrl\":\"https:\/\/vieassociative.be\/actualites\/wp-content\/uploads\/2024\/10\/Les-moyens-les-plus-simples-de-rendre-la-chambre-de.jpg\",\"width\":1200,\"height\":675,\"caption\":\"Les moyens les plus simples de rendre la chambre de votre enfant moins effrayante la nuit\"},{\"@type\":\"BreadcrumbList\",\"@id\":\"https:\/\/vieassociative.be\/actualites\/les-moyens-les-plus-simples-de-rendre-la-chambre-de-votre-enfant-moins-effrayante-la-nuit\/#breadcrumb\",\"itemListElement\":[{\"@type\":\"ListItem\",\"position\":1,\"name\":\"Accueil\",\"item\":\"https:\/\/vieassociative.be\/actualites\/\"},{\"@type\":\"ListItem\",\"position\":2,\"name\":\"Les moyens les plus simples de rendre la chambre de votre enfant moins effrayante la nuit\"}]},{\"@type\":\"WebSite\",\"@id\":\"https:\/\/vieassociative.be\/actualites\/#website\",\"url\":\"https:\/\/vieassociative.be\/actualites\/\",\"name\":\"Vie Associative\",\"description\":\"\",\"publisher\":{\"@id\":\"https:\/\/vieassociative.be\/actualites\/#organization\"},\"potentialAction\":[{\"@type\":\"SearchAction\",\"target\":{\"@type\":\"EntryPoint\",\"urlTemplate\":\"https:\/\/vieassociative.be\/actualites\/?s={search_term_string}\"},\"query-input\":{\"@type\":\"PropertyValueSpecification\",\"valueRequired\":true,\"valueName\":\"search_term_string\"}}],\"inLanguage\":\"fr-BE\"},{\"@type\":\"Organization\",\"@id\":\"https:\/\/vieassociative.be\/actualites\/#organization\",\"name\":\"Vie Associative\",\"url\":\"https:\/\/vieassociative.be\/actualites\/\",\"logo\":{\"@type\":\"ImageObject\",\"inLanguage\":\"fr-BE\",\"@id\":\"https:\/\/vieassociative.be\/actualites\/#\/schema\/logo\/image\/\",\"url\":\"https:\/\/vieassociative.be\/actualites\/wp-content\/uploads\/2024\/09\/cropped-vieassociative_favicon.ico.png\",\"contentUrl\":\"https:\/\/vieassociative.be\/actualites\/wp-content\/uploads\/2024\/09\/cropped-vieassociative_favicon.ico.png\",\"width\":512,\"height\":512,\"caption\":\"Vie Associative\"},\"image\":{\"@id\":\"https:\/\/vieassociative.be\/actualites\/#\/schema\/logo\/image\/\"}},{\"@type\":\"Person\",\"@id\":\"https:\/\/vieassociative.be\/actualites\/#\/schema\/person\/b87ac4f82f9d4e7b7cec7395b679edc4\",\"name\":\"Julien\",\"image\":{\"@type\":\"ImageObject\",\"inLanguage\":\"fr-BE\",\"@id\":\"https:\/\/vieassociative.be\/actualites\/#\/schema\/person\/image\/\",\"url\":\"https:\/\/vieassociative.be\/actualites\/wp-content\/uploads\/2024\/09\/vie-associative-1-150x150.jpg\",\"contentUrl\":\"https:\/\/vieassociative.be\/actualites\/wp-content\/uploads\/2024\/09\/vie-associative-1-150x150.jpg\",\"caption\":\"Julien\"},\"description\":\"Je suis Julien, r\u00e9dacteur pour Vie Associative. Passionn\u00e9 par le monde associatif depuis plus de 10 ans, j'ai \u00e0 c\u0153ur de partager des histoires inspirantes et de mettre en lumi\u00e8re les initiatives locales. Mon objectif est de sensibiliser et d'encourager l'engagement communautaire \u00e0 travers mes articles.\",\"sameAs\":[\"https:\/\/vieassociative.be\/\"]}]}<\/script>\n<!-- \/ Yoast SEO plugin. -->","yoast_head_json":{"title":"Les moyens les plus simples de rendre la chambre de votre enfant moins effrayante la nuit | Vie Associative","robots":{"index":"index","follow":"follow","max-snippet":"max-snippet:-1","max-image-preview":"max-image-preview:large","max-video-preview":"max-video-preview:-1"},"canonical":"https:\/\/vieassociative.be\/actualites\/les-moyens-les-plus-simples-de-rendre-la-chambre-de-votre-enfant-moins-effrayante-la-nuit\/","og_locale":"fr_FR","og_type":"article","og_title":"Les moyens les plus simples de rendre la chambre de votre enfant moins effrayante la nuit | Vie Associative","og_description":"Passez de Monster House \u00e0 Bluey avec quelques modifications simples. La chambre d&rsquo;un enfant n&rsquo;est pas cens\u00e9e \u00eatre effrayante, mais parfois un son \u00e9trange ou","og_url":"https:\/\/vieassociative.be\/actualites\/les-moyens-les-plus-simples-de-rendre-la-chambre-de-votre-enfant-moins-effrayante-la-nuit\/","og_site_name":"Vie Associative","article_published_time":"2024-10-28T23:17:50+00:00","og_image":[{"width":279,"height":92,"url":"https:\/\/vieassociative.be\/actualites\/wp-content\/uploads\/2024\/09\/header_backgroundk-01-e1726694325946.png","type":"image\/png"}],"author":"Julien","twitter_card":"summary_large_image","twitter_misc":{"\u00c9crit par":"Julien","Dur\u00e9e de lecture est.":"4 minutes"},"schema":{"@context":"https:\/\/schema.org","@graph":[{"@type":"Article","@id":"https:\/\/vieassociative.be\/actualites\/les-moyens-les-plus-simples-de-rendre-la-chambre-de-votre-enfant-moins-effrayante-la-nuit\/#article","isPartOf":{"@id":"https:\/\/vieassociative.be\/actualites\/les-moyens-les-plus-simples-de-rendre-la-chambre-de-votre-enfant-moins-effrayante-la-nuit\/"},"author":{"name":"Julien","@id":"https:\/\/vieassociative.be\/actualites\/#\/schema\/person\/b87ac4f82f9d4e7b7cec7395b679edc4"},"headline":"Les moyens les plus simples de rendre la chambre de votre enfant moins effrayante la nuit","datePublished":"2024-10-28T23:17:50+00:00","dateModified":"2024-10-28T23:17:50+00:00","mainEntityOfPage":{"@id":"https:\/\/vieassociative.be\/actualites\/les-moyens-les-plus-simples-de-rendre-la-chambre-de-votre-enfant-moins-effrayante-la-nuit\/"},"wordCount":946,"publisher":{"@id":"https:\/\/vieassociative.be\/actualites\/#organization"},"image":{"@id":"https:\/\/vieassociative.be\/actualites\/les-moyens-les-plus-simples-de-rendre-la-chambre-de-votre-enfant-moins-effrayante-la-nuit\/#primaryimage"},"thumbnailUrl":"https:\/\/vieassociative.be\/actualites\/wp-content\/uploads\/2024\/10\/Les-moyens-les-plus-simples-de-rendre-la-chambre-de.jpg","keywords":["chambre","effrayante","enfant","Les","moins","moyens","nuit","rendre","simples","votre"],"articleSection":["Famille"],"inLanguage":"fr-BE"},{"@type":"WebPage","@id":"https:\/\/vieassociative.be\/actualites\/les-moyens-les-plus-simples-de-rendre-la-chambre-de-votre-enfant-moins-effrayante-la-nuit\/","url":"https:\/\/vieassociative.be\/actualites\/les-moyens-les-plus-simples-de-rendre-la-chambre-de-votre-enfant-moins-effrayante-la-nuit\/","name":"Les moyens les plus simples de rendre la chambre de votre enfant moins effrayante la nuit | Vie Associative","isPartOf":{"@id":"https:\/\/vieassociative.be\/actualites\/#website"},"primaryImageOfPage":{"@id":"https:\/\/vieassociative.be\/actualites\/les-moyens-les-plus-simples-de-rendre-la-chambre-de-votre-enfant-moins-effrayante-la-nuit\/#primaryimage"},"image":{"@id":"https:\/\/vieassociative.be\/actualites\/les-moyens-les-plus-simples-de-rendre-la-chambre-de-votre-enfant-moins-effrayante-la-nuit\/#primaryimage"},"thumbnailUrl":"https:\/\/vieassociative.be\/actualites\/wp-content\/uploads\/2024\/10\/Les-moyens-les-plus-simples-de-rendre-la-chambre-de.jpg","datePublished":"2024-10-28T23:17:50+00:00","dateModified":"2024-10-28T23:17:50+00:00","breadcrumb":{"@id":"https:\/\/vieassociative.be\/actualites\/les-moyens-les-plus-simples-de-rendre-la-chambre-de-votre-enfant-moins-effrayante-la-nuit\/#breadcrumb"},"inLanguage":"fr-BE","potentialAction":[{"@type":"ReadAction","target":["https:\/\/vieassociative.be\/actualites\/les-moyens-les-plus-simples-de-rendre-la-chambre-de-votre-enfant-moins-effrayante-la-nuit\/"]}]},{"@type":"ImageObject","inLanguage":"fr-BE","@id":"https:\/\/vieassociative.be\/actualites\/les-moyens-les-plus-simples-de-rendre-la-chambre-de-votre-enfant-moins-effrayante-la-nuit\/#primaryimage","url":"https:\/\/vieassociative.be\/actualites\/wp-content\/uploads\/2024\/10\/Les-moyens-les-plus-simples-de-rendre-la-chambre-de.jpg","contentUrl":"https:\/\/vieassociative.be\/actualites\/wp-content\/uploads\/2024\/10\/Les-moyens-les-plus-simples-de-rendre-la-chambre-de.jpg","width":1200,"height":675,"caption":"Les moyens les plus simples de rendre la chambre de votre enfant moins effrayante la nuit"},{"@type":"BreadcrumbList","@id":"https:\/\/vieassociative.be\/actualites\/les-moyens-les-plus-simples-de-rendre-la-chambre-de-votre-enfant-moins-effrayante-la-nuit\/#breadcrumb","itemListElement":[{"@type":"ListItem","position":1,"name":"Accueil","item":"https:\/\/vieassociative.be\/actualites\/"},{"@type":"ListItem","position":2,"name":"Les moyens les plus simples de rendre la chambre de votre enfant moins effrayante la nuit"}]},{"@type":"WebSite","@id":"https:\/\/vieassociative.be\/actualites\/#website","url":"https:\/\/vieassociative.be\/actualites\/","name":"Vie Associative","description":"","publisher":{"@id":"https:\/\/vieassociative.be\/actualites\/#organization"},"potentialAction":[{"@type":"SearchAction","target":{"@type":"EntryPoint","urlTemplate":"https:\/\/vieassociative.be\/actualites\/?s={search_term_string}"},"query-input":{"@type":"PropertyValueSpecification","valueRequired":true,"valueName":"search_term_string"}}],"inLanguage":"fr-BE"},{"@type":"Organization","@id":"https:\/\/vieassociative.be\/actualites\/#organization","name":"Vie Associative","url":"https:\/\/vieassociative.be\/actualites\/","logo":{"@type":"ImageObject","inLanguage":"fr-BE","@id":"https:\/\/vieassociative.be\/actualites\/#\/schema\/logo\/image\/","url":"https:\/\/vieassociative.be\/actualites\/wp-content\/uploads\/2024\/09\/cropped-vieassociative_favicon.ico.png","contentUrl":"https:\/\/vieassociative.be\/actualites\/wp-content\/uploads\/2024\/09\/cropped-vieassociative_favicon.ico.png","width":512,"height":512,"caption":"Vie Associative"},"image":{"@id":"https:\/\/vieassociative.be\/actualites\/#\/schema\/logo\/image\/"}},{"@type":"Person","@id":"https:\/\/vieassociative.be\/actualites\/#\/schema\/person\/b87ac4f82f9d4e7b7cec7395b679edc4","name":"Julien","image":{"@type":"ImageObject","inLanguage":"fr-BE","@id":"https:\/\/vieassociative.be\/actualites\/#\/schema\/person\/image\/","url":"https:\/\/vieassociative.be\/actualites\/wp-content\/uploads\/2024\/09\/vie-associative-1-150x150.jpg","contentUrl":"https:\/\/vieassociative.be\/actualites\/wp-content\/uploads\/2024\/09\/vie-associative-1-150x150.jpg","caption":"Julien"},"description":"Je suis Julien, r\u00e9dacteur pour Vie Associative. Passionn\u00e9 par le monde associatif depuis plus de 10 ans, j'ai \u00e0 c\u0153ur de partager des histoires inspirantes et de mettre en lumi\u00e8re les initiatives locales. Mon objectif est de sensibiliser et d'encourager l'engagement communautaire \u00e0 travers mes articles.","sameAs":["https:\/\/vieassociative.be\/"]}]}},"_links":{"self":[{"href":"https:\/\/vieassociative.be\/actualites\/wp-json\/wp\/v2\/posts\/1766"}],"collection":[{"href":"https:\/\/vieassociative.be\/actualites\/wp-json\/wp\/v2\/posts"}],"about":[{"href":"https:\/\/vieassociative.be\/actualites\/wp-json\/wp\/v2\/types\/post"}],"author":[{"embeddable":true,"href":"https:\/\/vieassociative.be\/actualites\/wp-json\/wp\/v2\/users\/1"}],"replies":[{"embeddable":true,"href":"https:\/\/vieassociative.be\/actualites\/wp-json\/wp\/v2\/comments?post=1766"}],"version-history":[{"count":0,"href":"https:\/\/vieassociative.be\/actualites\/wp-json\/wp\/v2\/posts\/1766\/revisions"}],"wp:featuredmedia":[{"embeddable":true,"href":"https:\/\/vieassociative.be\/actualites\/wp-json\/wp\/v2\/media\/1767"}],"wp:attachment":[{"href":"https:\/\/vieassociative.be\/actualites\/wp-json\/wp\/v2\/media?parent=1766"}],"wp:term":[{"taxonomy":"category","embeddable":true,"href":"https:\/\/vieassociative.be\/actualites\/wp-json\/wp\/v2\/categories?post=1766"},{"taxonomy":"post_tag","embeddable":true,"href":"https:\/\/vieassociative.be\/actualites\/wp-json\/wp\/v2\/tags?post=1766"}],"curies":[{"name":"wp","href":"https:\/\/api.w.org\/{rel}","templated":true}]}}