{"id":1762,"date":"2024-10-28T21:18:37","date_gmt":"2024-10-28T20:18:37","guid":{"rendered":"https:\/\/vieassociative.be\/actualites\/la-coalition-tripartite-csp-obl-et-pff-deupen-est-en-place\/"},"modified":"2024-10-28T21:18:37","modified_gmt":"2024-10-28T20:18:37","slug":"la-coalition-tripartite-csp-obl-et-pff-deupen-est-en-place","status":"publish","type":"post","link":"https:\/\/vieassociative.be\/actualites\/la-coalition-tripartite-csp-obl-et-pff-deupen-est-en-place\/","title":{"rendered":"La coalition tripartite CSP, OBL et PFF d&rsquo;Eupen est en place"},"content":{"rendered":"<p><strong>Thomas Lennertz (CSP), Nicolas Pomm\u00e9e (OBL) et Lucas Reul (PFF-MR) ont annonc\u00e9 lundi soir que les n\u00e9gociations de coalition pour la nouvelle l\u00e9gislature 2024-2030 avaient \u00e9t\u00e9 conclues avec succ\u00e8s \u00e0 Eupen.<\/strong><\/p>\n<p><span id=\"more-400549\"><\/span>\u00abAu cours de discussions intensives, les objectifs et les domaines d&rsquo;action les plus importants ont \u00e9t\u00e9 d\u00e9finis afin de d\u00e9velopper davantage Eupen &#038; Kettenis en tant que ville agr\u00e9able \u00e0 vivre et tourn\u00e9e vers l&rsquo;avenir dans les ann\u00e9es \u00e0 venir\u00bb, indique le communiqu\u00e9 de presse des trois meilleurs candidats.<\/p>\n<p>Les points cl\u00e9s de la coop\u00e9ration, l&rsquo;axe central de la coalition tripartite ainsi que les premi\u00e8res priorit\u00e9s et projets seront pr\u00e9sent\u00e9s lors d&rsquo;une conf\u00e9rence de presse. <strong>le mardi 5 novembre 2024, \u00e0 13h<\/strong> sera pr\u00e9sent\u00e9e dans la salle de r\u00e9union de la mairie. La composition du nouveau coll\u00e8ge communautaire et la r\u00e9partition des responsabilit\u00e9s seront \u00e9galement annonc\u00e9es \u00e0 cette occasion.<\/p>\n<\/p>\n<div id=\"attachment_399397\" class=\"wp-caption alignleft\" style=\"max-width: 300px\"><img fetchpriority=\"high\" decoding=\"async\" class=\"wp-image-399397 size-medium\" src=\"https:\/\/vieassociative.be\/actualites\/wp-content\/uploads\/2024\/10\/La-coalition-tripartite-CSP-OBL-et-PFF-dEupen-est-en.jpg\" alt=\"\" width=\"300\" height=\"200\"><\/p>\n<p class=\"wp-caption-text\">Lucas Reul (r), premier candidat du PFF d&rsquo;Eupen, lors d&rsquo;une interview lors de la c\u00e9l\u00e9bration des \u00e9lections lib\u00e9rales. Photo : Patrick von Staufenberg<\/p>\n<\/div>\n<p>Enfin, il est dit : \u00ab Les partenaires de la coalition CSP, OBL et PFF-MR se r\u00e9jouissent de commencer un nouveau mandat prometteur avec tous les citoyens et de fa\u00e7onner Eupen &#038; Kettenis d&rsquo;une mani\u00e8re tourn\u00e9e vers l&rsquo;avenir. \u00bb <\/p>\n<p>Aux \u00e9lections municipales de la commune d&rsquo;Eupen-Kettenis, le CSP a obtenu 34,9 pour cent (+0,2 pour cent). La nouvelle liste ouverte des citoyens (OBL) a obtenu des r\u00e9sultats \u00e9tonnamment bons, atteignant imm\u00e9diatement 15,6 pour cent. Le CSP gagne un si\u00e8ge \u00e0 10 mandats au conseil municipal d&rsquo;Eupen. La liste Ecolo de la maire Claudia Niessen a perdu 2,1 pour cent par rapport aux \u00e9lections d&rsquo;il y a six ans et s&rsquo;\u00e9l\u00e8ve \u00e0 23,8 pour cent. Les Verts conservent toutefois leurs 7 si\u00e8ges.<\/p>\n<p>Le SPplus a perdu 3,9 pour cent et atteint 9,7 pour cent. La liste de la t\u00eate de liste Alexandra Barth-Vandenhirtz a perdu 1 si\u00e8ge et ne compte plus que 2 si\u00e8ges au conseil municipal.<\/p>\n<p>Le perdant de l&rsquo;\u00e9lection est le PFF, qui a perdu 6,5 pour cent et en d\u00e9tient d\u00e9sormais 16,1 pour cent. Les lib\u00e9raux ont perdu 2 si\u00e8ges et n&rsquo;en ont plus que 4 maintenant.<\/p>\n<p>En termes de votes pr\u00e9f\u00e9rentiels, Thomas Lennertz, t\u00eate de liste du CSP, a obtenu le meilleur r\u00e9sultat personnel avec 1.895 votes pr\u00e9f\u00e9rentiels, devant Claudia Niessen (Ecolo) avec 1.481. Viennent ensuite le Th\u00e9\u00e2tre Joseph (CSP) avec 777 voix, Catherine Br\u00fcll (Ecolo) avec 772 et Nicolas Pomm\u00e9e avec 703 voix pr\u00e9f\u00e9rentielles. (cr\u00e9er)<\/p>\n<p><em><strong>Sur le sujet, voir aussi l&rsquo;article suivant sur l&rsquo;OD :<\/strong><\/em><\/p>\n<div class=\"responsive-embed widescreen\">\n<blockquote class=\"wp-embedded-content\" data-secret=\"PwfNaElm1s\">\n<p>Eupen : Les pots de fleurs disparaissent-ils aussi ?<\/p>\n<\/blockquote>\n<p><iframe loading=\"lazy\" class=\"wp-embedded-content\" sandbox=\"allow-scripts\" security=\"restricted\" style=\"position: absolute; visibility: hidden;\" title=\"\u201eEupen: Verschwinden jetzt auch die Blumenk\u00fcbel?\u201c \u2014 Ostbelgien Direkt\" src=\"https:\/\/ostbelgiendirekt.be\/about:blank\" data-secret=\"PwfNaElm1s\" width=\"500\" height=\"282\" frameborder=\"0\" marginwidth=\"0\" marginheight=\"0\" scrolling=\"no\" data-rocket-lazyload=\"fitvidscompatible\" data-lazy-src=\"https:\/\/ostbelgiendirekt.be\/eupen-die-blumenkuebel-399989\/embed#?secret=wG6AEfqwxp#?secret=PwfNaElm1s\"><\/iframe><noscript><iframe class=\"wp-embedded-content\" sandbox=\"allow-scripts\" security=\"restricted\" style=\"position: absolute; visibility: hidden;\" title=\"\u201eEupen: Verschwinden jetzt auch die Blumenk\u00fcbel?\u201c \u2014 Ostbelgien Direkt\" src=\"https:\/\/ostbelgiendirekt.be\/eupen-die-blumenkuebel-399989\/embed#?secret=wG6AEfqwxp#?secret=PwfNaElm1s\" data-secret=\"PwfNaElm1s\" width=\"500\" height=\"282\" frameborder=\"0\" marginwidth=\"0\" marginheight=\"0\" scrolling=\"no\"><\/iframe><\/noscript><\/p>\n<\/div>\n","protected":false},"excerpt":{"rendered":"<p>Thomas Lennertz (CSP), Nicolas Pomm\u00e9e (OBL) et Lucas Reul (PFF-MR) ont annonc\u00e9 lundi soir que les n\u00e9gociations de coalition pour la nouvelle l\u00e9gislature 2024-2030 avaient<\/p>\n","protected":false},"author":1,"featured_media":1763,"comment_status":"","ping_status":"","sticky":false,"template":"","format":"standard","meta":{"footnotes":""},"categories":[298],"tags":[2315,2400,2403,76,2401,2402,204,2399],"class_list":["post-1762","post","type-post","status-publish","format-standard","has-post-thumbnail","hentry","category-belgique","tag-coalition","tag-csp","tag-deupen","tag-est","tag-obl","tag-pff","tag-place","tag-tripartite","generate-columns","tablet-grid-50","mobile-grid-100","grid-parent","grid-33"],"yoast_head":"<!-- This site is optimized with the Yoast SEO plugin v24.0 - https:\/\/yoast.com\/wordpress\/plugins\/seo\/ -->\n<title>La coalition tripartite CSP, OBL et PFF d&#039;Eupen est en place | Vie Associative<\/title>\n<meta name=\"robots\" content=\"index, follow, max-snippet:-1, max-image-preview:large, max-video-preview:-1\" \/>\n<link rel=\"canonical\" href=\"https:\/\/vieassociative.be\/actualites\/la-coalition-tripartite-csp-obl-et-pff-deupen-est-en-place\/\" \/>\n<meta property=\"og:locale\" content=\"fr_FR\" \/>\n<meta property=\"og:type\" content=\"article\" \/>\n<meta property=\"og:title\" content=\"La coalition tripartite CSP, OBL et PFF d&#039;Eupen est en place | Vie Associative\" \/>\n<meta property=\"og:description\" content=\"Thomas Lennertz (CSP), Nicolas Pomm\u00e9e (OBL) et Lucas Reul (PFF-MR) ont annonc\u00e9 lundi soir que les n\u00e9gociations de coalition pour la nouvelle l\u00e9gislature 2024-2030 avaient\" \/>\n<meta property=\"og:url\" content=\"https:\/\/vieassociative.be\/actualites\/la-coalition-tripartite-csp-obl-et-pff-deupen-est-en-place\/\" \/>\n<meta property=\"og:site_name\" content=\"Vie Associative\" \/>\n<meta property=\"article:published_time\" content=\"2024-10-28T20:18:37+00:00\" \/>\n<meta property=\"og:image\" content=\"https:\/\/vieassociative.be\/actualites\/wp-content\/uploads\/2024\/10\/La-coalition-tripartite-CSP-OBL-et-PFF-dEupen-est-en.jpg\" \/>\n<meta name=\"author\" content=\"Julien\" \/>\n<meta name=\"twitter:card\" content=\"summary_large_image\" \/>\n<meta name=\"twitter:label1\" content=\"\u00c9crit par\" \/>\n\t<meta name=\"twitter:data1\" content=\"Julien\" \/>\n\t<meta name=\"twitter:label2\" content=\"Dur\u00e9e de lecture est.\" \/>\n\t<meta name=\"twitter:data2\" content=\"2 minutes\" \/>\n<script type=\"application\/ld+json\" class=\"yoast-schema-graph\">{\"@context\":\"https:\/\/schema.org\",\"@graph\":[{\"@type\":\"Article\",\"@id\":\"https:\/\/vieassociative.be\/actualites\/la-coalition-tripartite-csp-obl-et-pff-deupen-est-en-place\/#article\",\"isPartOf\":{\"@id\":\"https:\/\/vieassociative.be\/actualites\/la-coalition-tripartite-csp-obl-et-pff-deupen-est-en-place\/\"},\"author\":{\"name\":\"Julien\",\"@id\":\"https:\/\/vieassociative.be\/actualites\/#\/schema\/person\/b87ac4f82f9d4e7b7cec7395b679edc4\"},\"headline\":\"La coalition tripartite CSP, OBL et PFF d&rsquo;Eupen est en place\",\"datePublished\":\"2024-10-28T20:18:37+00:00\",\"dateModified\":\"2024-10-28T20:18:37+00:00\",\"mainEntityOfPage\":{\"@id\":\"https:\/\/vieassociative.be\/actualites\/la-coalition-tripartite-csp-obl-et-pff-deupen-est-en-place\/\"},\"wordCount\":465,\"publisher\":{\"@id\":\"https:\/\/vieassociative.be\/actualites\/#organization\"},\"image\":{\"@id\":\"https:\/\/vieassociative.be\/actualites\/la-coalition-tripartite-csp-obl-et-pff-deupen-est-en-place\/#primaryimage\"},\"thumbnailUrl\":\"https:\/\/vieassociative.be\/actualites\/wp-content\/uploads\/2024\/10\/1730146718_La-coalition-tripartite-CSP-OBL-et-PFF-dEupen-est-en.jpg\",\"keywords\":[\"coalition\",\"CSP\",\"dEupen\",\"est\",\"OBL\",\"PFF\",\"place\",\"tripartite\"],\"articleSection\":[\"Belgique\"],\"inLanguage\":\"fr-BE\"},{\"@type\":\"WebPage\",\"@id\":\"https:\/\/vieassociative.be\/actualites\/la-coalition-tripartite-csp-obl-et-pff-deupen-est-en-place\/\",\"url\":\"https:\/\/vieassociative.be\/actualites\/la-coalition-tripartite-csp-obl-et-pff-deupen-est-en-place\/\",\"name\":\"La coalition tripartite CSP, OBL et PFF d'Eupen est en place | Vie Associative\",\"isPartOf\":{\"@id\":\"https:\/\/vieassociative.be\/actualites\/#website\"},\"primaryImageOfPage\":{\"@id\":\"https:\/\/vieassociative.be\/actualites\/la-coalition-tripartite-csp-obl-et-pff-deupen-est-en-place\/#primaryimage\"},\"image\":{\"@id\":\"https:\/\/vieassociative.be\/actualites\/la-coalition-tripartite-csp-obl-et-pff-deupen-est-en-place\/#primaryimage\"},\"thumbnailUrl\":\"https:\/\/vieassociative.be\/actualites\/wp-content\/uploads\/2024\/10\/1730146718_La-coalition-tripartite-CSP-OBL-et-PFF-dEupen-est-en.jpg\",\"datePublished\":\"2024-10-28T20:18:37+00:00\",\"dateModified\":\"2024-10-28T20:18:37+00:00\",\"breadcrumb\":{\"@id\":\"https:\/\/vieassociative.be\/actualites\/la-coalition-tripartite-csp-obl-et-pff-deupen-est-en-place\/#breadcrumb\"},\"inLanguage\":\"fr-BE\",\"potentialAction\":[{\"@type\":\"ReadAction\",\"target\":[\"https:\/\/vieassociative.be\/actualites\/la-coalition-tripartite-csp-obl-et-pff-deupen-est-en-place\/\"]}]},{\"@type\":\"ImageObject\",\"inLanguage\":\"fr-BE\",\"@id\":\"https:\/\/vieassociative.be\/actualites\/la-coalition-tripartite-csp-obl-et-pff-deupen-est-en-place\/#primaryimage\",\"url\":\"https:\/\/vieassociative.be\/actualites\/wp-content\/uploads\/2024\/10\/1730146718_La-coalition-tripartite-CSP-OBL-et-PFF-dEupen-est-en.jpg\",\"contentUrl\":\"https:\/\/vieassociative.be\/actualites\/wp-content\/uploads\/2024\/10\/1730146718_La-coalition-tripartite-CSP-OBL-et-PFF-dEupen-est-en.jpg\",\"width\":1200,\"height\":802,\"caption\":\"La coalition tripartite CSP, OBL et PFF d'Eupen est en place\"},{\"@type\":\"BreadcrumbList\",\"@id\":\"https:\/\/vieassociative.be\/actualites\/la-coalition-tripartite-csp-obl-et-pff-deupen-est-en-place\/#breadcrumb\",\"itemListElement\":[{\"@type\":\"ListItem\",\"position\":1,\"name\":\"Accueil\",\"item\":\"https:\/\/vieassociative.be\/actualites\/\"},{\"@type\":\"ListItem\",\"position\":2,\"name\":\"La coalition tripartite CSP, OBL et PFF d&rsquo;Eupen est en place\"}]},{\"@type\":\"WebSite\",\"@id\":\"https:\/\/vieassociative.be\/actualites\/#website\",\"url\":\"https:\/\/vieassociative.be\/actualites\/\",\"name\":\"Vie Associative\",\"description\":\"\",\"publisher\":{\"@id\":\"https:\/\/vieassociative.be\/actualites\/#organization\"},\"potentialAction\":[{\"@type\":\"SearchAction\",\"target\":{\"@type\":\"EntryPoint\",\"urlTemplate\":\"https:\/\/vieassociative.be\/actualites\/?s={search_term_string}\"},\"query-input\":{\"@type\":\"PropertyValueSpecification\",\"valueRequired\":true,\"valueName\":\"search_term_string\"}}],\"inLanguage\":\"fr-BE\"},{\"@type\":\"Organization\",\"@id\":\"https:\/\/vieassociative.be\/actualites\/#organization\",\"name\":\"Vie Associative\",\"url\":\"https:\/\/vieassociative.be\/actualites\/\",\"logo\":{\"@type\":\"ImageObject\",\"inLanguage\":\"fr-BE\",\"@id\":\"https:\/\/vieassociative.be\/actualites\/#\/schema\/logo\/image\/\",\"url\":\"https:\/\/vieassociative.be\/actualites\/wp-content\/uploads\/2024\/09\/cropped-vieassociative_favicon.ico.png\",\"contentUrl\":\"https:\/\/vieassociative.be\/actualites\/wp-content\/uploads\/2024\/09\/cropped-vieassociative_favicon.ico.png\",\"width\":512,\"height\":512,\"caption\":\"Vie Associative\"},\"image\":{\"@id\":\"https:\/\/vieassociative.be\/actualites\/#\/schema\/logo\/image\/\"}},{\"@type\":\"Person\",\"@id\":\"https:\/\/vieassociative.be\/actualites\/#\/schema\/person\/b87ac4f82f9d4e7b7cec7395b679edc4\",\"name\":\"Julien\",\"image\":{\"@type\":\"ImageObject\",\"inLanguage\":\"fr-BE\",\"@id\":\"https:\/\/vieassociative.be\/actualites\/#\/schema\/person\/image\/\",\"url\":\"https:\/\/vieassociative.be\/actualites\/wp-content\/uploads\/2024\/09\/vie-associative-1-150x150.jpg\",\"contentUrl\":\"https:\/\/vieassociative.be\/actualites\/wp-content\/uploads\/2024\/09\/vie-associative-1-150x150.jpg\",\"caption\":\"Julien\"},\"description\":\"Je suis Julien, r\u00e9dacteur pour Vie Associative. Passionn\u00e9 par le monde associatif depuis plus de 10 ans, j'ai \u00e0 c\u0153ur de partager des histoires inspirantes et de mettre en lumi\u00e8re les initiatives locales. Mon objectif est de sensibiliser et d'encourager l'engagement communautaire \u00e0 travers mes articles.\",\"sameAs\":[\"https:\/\/vieassociative.be\/\"]}]}<\/script>\n<!-- \/ Yoast SEO plugin. -->","yoast_head_json":{"title":"La coalition tripartite CSP, OBL et PFF d'Eupen est en place | Vie Associative","robots":{"index":"index","follow":"follow","max-snippet":"max-snippet:-1","max-image-preview":"max-image-preview:large","max-video-preview":"max-video-preview:-1"},"canonical":"https:\/\/vieassociative.be\/actualites\/la-coalition-tripartite-csp-obl-et-pff-deupen-est-en-place\/","og_locale":"fr_FR","og_type":"article","og_title":"La coalition tripartite CSP, OBL et PFF d'Eupen est en place | Vie Associative","og_description":"Thomas Lennertz (CSP), Nicolas Pomm\u00e9e (OBL) et Lucas Reul (PFF-MR) ont annonc\u00e9 lundi soir que les n\u00e9gociations de coalition pour la nouvelle l\u00e9gislature 2024-2030 avaient","og_url":"https:\/\/vieassociative.be\/actualites\/la-coalition-tripartite-csp-obl-et-pff-deupen-est-en-place\/","og_site_name":"Vie Associative","article_published_time":"2024-10-28T20:18:37+00:00","og_image":[{"url":"https:\/\/vieassociative.be\/actualites\/wp-content\/uploads\/2024\/10\/La-coalition-tripartite-CSP-OBL-et-PFF-dEupen-est-en.jpg","type":"","width":"","height":""}],"author":"Julien","twitter_card":"summary_large_image","twitter_misc":{"\u00c9crit par":"Julien","Dur\u00e9e de lecture est.":"2 minutes"},"schema":{"@context":"https:\/\/schema.org","@graph":[{"@type":"Article","@id":"https:\/\/vieassociative.be\/actualites\/la-coalition-tripartite-csp-obl-et-pff-deupen-est-en-place\/#article","isPartOf":{"@id":"https:\/\/vieassociative.be\/actualites\/la-coalition-tripartite-csp-obl-et-pff-deupen-est-en-place\/"},"author":{"name":"Julien","@id":"https:\/\/vieassociative.be\/actualites\/#\/schema\/person\/b87ac4f82f9d4e7b7cec7395b679edc4"},"headline":"La coalition tripartite CSP, OBL et PFF d&rsquo;Eupen est en place","datePublished":"2024-10-28T20:18:37+00:00","dateModified":"2024-10-28T20:18:37+00:00","mainEntityOfPage":{"@id":"https:\/\/vieassociative.be\/actualites\/la-coalition-tripartite-csp-obl-et-pff-deupen-est-en-place\/"},"wordCount":465,"publisher":{"@id":"https:\/\/vieassociative.be\/actualites\/#organization"},"image":{"@id":"https:\/\/vieassociative.be\/actualites\/la-coalition-tripartite-csp-obl-et-pff-deupen-est-en-place\/#primaryimage"},"thumbnailUrl":"https:\/\/vieassociative.be\/actualites\/wp-content\/uploads\/2024\/10\/1730146718_La-coalition-tripartite-CSP-OBL-et-PFF-dEupen-est-en.jpg","keywords":["coalition","CSP","dEupen","est","OBL","PFF","place","tripartite"],"articleSection":["Belgique"],"inLanguage":"fr-BE"},{"@type":"WebPage","@id":"https:\/\/vieassociative.be\/actualites\/la-coalition-tripartite-csp-obl-et-pff-deupen-est-en-place\/","url":"https:\/\/vieassociative.be\/actualites\/la-coalition-tripartite-csp-obl-et-pff-deupen-est-en-place\/","name":"La coalition tripartite CSP, OBL et PFF d'Eupen est en place | Vie Associative","isPartOf":{"@id":"https:\/\/vieassociative.be\/actualites\/#website"},"primaryImageOfPage":{"@id":"https:\/\/vieassociative.be\/actualites\/la-coalition-tripartite-csp-obl-et-pff-deupen-est-en-place\/#primaryimage"},"image":{"@id":"https:\/\/vieassociative.be\/actualites\/la-coalition-tripartite-csp-obl-et-pff-deupen-est-en-place\/#primaryimage"},"thumbnailUrl":"https:\/\/vieassociative.be\/actualites\/wp-content\/uploads\/2024\/10\/1730146718_La-coalition-tripartite-CSP-OBL-et-PFF-dEupen-est-en.jpg","datePublished":"2024-10-28T20:18:37+00:00","dateModified":"2024-10-28T20:18:37+00:00","breadcrumb":{"@id":"https:\/\/vieassociative.be\/actualites\/la-coalition-tripartite-csp-obl-et-pff-deupen-est-en-place\/#breadcrumb"},"inLanguage":"fr-BE","potentialAction":[{"@type":"ReadAction","target":["https:\/\/vieassociative.be\/actualites\/la-coalition-tripartite-csp-obl-et-pff-deupen-est-en-place\/"]}]},{"@type":"ImageObject","inLanguage":"fr-BE","@id":"https:\/\/vieassociative.be\/actualites\/la-coalition-tripartite-csp-obl-et-pff-deupen-est-en-place\/#primaryimage","url":"https:\/\/vieassociative.be\/actualites\/wp-content\/uploads\/2024\/10\/1730146718_La-coalition-tripartite-CSP-OBL-et-PFF-dEupen-est-en.jpg","contentUrl":"https:\/\/vieassociative.be\/actualites\/wp-content\/uploads\/2024\/10\/1730146718_La-coalition-tripartite-CSP-OBL-et-PFF-dEupen-est-en.jpg","width":1200,"height":802,"caption":"La coalition tripartite CSP, OBL et PFF d'Eupen est en place"},{"@type":"BreadcrumbList","@id":"https:\/\/vieassociative.be\/actualites\/la-coalition-tripartite-csp-obl-et-pff-deupen-est-en-place\/#breadcrumb","itemListElement":[{"@type":"ListItem","position":1,"name":"Accueil","item":"https:\/\/vieassociative.be\/actualites\/"},{"@type":"ListItem","position":2,"name":"La coalition tripartite CSP, OBL et PFF d&rsquo;Eupen est en place"}]},{"@type":"WebSite","@id":"https:\/\/vieassociative.be\/actualites\/#website","url":"https:\/\/vieassociative.be\/actualites\/","name":"Vie Associative","description":"","publisher":{"@id":"https:\/\/vieassociative.be\/actualites\/#organization"},"potentialAction":[{"@type":"SearchAction","target":{"@type":"EntryPoint","urlTemplate":"https:\/\/vieassociative.be\/actualites\/?s={search_term_string}"},"query-input":{"@type":"PropertyValueSpecification","valueRequired":true,"valueName":"search_term_string"}}],"inLanguage":"fr-BE"},{"@type":"Organization","@id":"https:\/\/vieassociative.be\/actualites\/#organization","name":"Vie Associative","url":"https:\/\/vieassociative.be\/actualites\/","logo":{"@type":"ImageObject","inLanguage":"fr-BE","@id":"https:\/\/vieassociative.be\/actualites\/#\/schema\/logo\/image\/","url":"https:\/\/vieassociative.be\/actualites\/wp-content\/uploads\/2024\/09\/cropped-vieassociative_favicon.ico.png","contentUrl":"https:\/\/vieassociative.be\/actualites\/wp-content\/uploads\/2024\/09\/cropped-vieassociative_favicon.ico.png","width":512,"height":512,"caption":"Vie Associative"},"image":{"@id":"https:\/\/vieassociative.be\/actualites\/#\/schema\/logo\/image\/"}},{"@type":"Person","@id":"https:\/\/vieassociative.be\/actualites\/#\/schema\/person\/b87ac4f82f9d4e7b7cec7395b679edc4","name":"Julien","image":{"@type":"ImageObject","inLanguage":"fr-BE","@id":"https:\/\/vieassociative.be\/actualites\/#\/schema\/person\/image\/","url":"https:\/\/vieassociative.be\/actualites\/wp-content\/uploads\/2024\/09\/vie-associative-1-150x150.jpg","contentUrl":"https:\/\/vieassociative.be\/actualites\/wp-content\/uploads\/2024\/09\/vie-associative-1-150x150.jpg","caption":"Julien"},"description":"Je suis Julien, r\u00e9dacteur pour Vie Associative. Passionn\u00e9 par le monde associatif depuis plus de 10 ans, j'ai \u00e0 c\u0153ur de partager des histoires inspirantes et de mettre en lumi\u00e8re les initiatives locales. Mon objectif est de sensibiliser et d'encourager l'engagement communautaire \u00e0 travers mes articles.","sameAs":["https:\/\/vieassociative.be\/"]}]}},"_links":{"self":[{"href":"https:\/\/vieassociative.be\/actualites\/wp-json\/wp\/v2\/posts\/1762"}],"collection":[{"href":"https:\/\/vieassociative.be\/actualites\/wp-json\/wp\/v2\/posts"}],"about":[{"href":"https:\/\/vieassociative.be\/actualites\/wp-json\/wp\/v2\/types\/post"}],"author":[{"embeddable":true,"href":"https:\/\/vieassociative.be\/actualites\/wp-json\/wp\/v2\/users\/1"}],"replies":[{"embeddable":true,"href":"https:\/\/vieassociative.be\/actualites\/wp-json\/wp\/v2\/comments?post=1762"}],"version-history":[{"count":0,"href":"https:\/\/vieassociative.be\/actualites\/wp-json\/wp\/v2\/posts\/1762\/revisions"}],"wp:featuredmedia":[{"embeddable":true,"href":"https:\/\/vieassociative.be\/actualites\/wp-json\/wp\/v2\/media\/1763"}],"wp:attachment":[{"href":"https:\/\/vieassociative.be\/actualites\/wp-json\/wp\/v2\/media?parent=1762"}],"wp:term":[{"taxonomy":"category","embeddable":true,"href":"https:\/\/vieassociative.be\/actualites\/wp-json\/wp\/v2\/categories?post=1762"},{"taxonomy":"post_tag","embeddable":true,"href":"https:\/\/vieassociative.be\/actualites\/wp-json\/wp\/v2\/tags?post=1762"}],"curies":[{"name":"wp","href":"https:\/\/api.w.org\/{rel}","templated":true}]}}