{"id":1752,"date":"2024-10-28T15:22:46","date_gmt":"2024-10-28T14:22:46","guid":{"rendered":"https:\/\/vieassociative.be\/actualites\/la-2eme-saison-de-retrovision-au-cinema-eupen-se-poursuit-avec-la-danse-des-diables-et-le-livre-de-la-jungle\/"},"modified":"2024-10-28T15:22:46","modified_gmt":"2024-10-28T14:22:46","slug":"la-2eme-saison-de-retrovision-au-cinema-eupen-se-poursuit-avec-la-danse-des-diables-et-le-livre-de-la-jungle","status":"publish","type":"post","link":"https:\/\/vieassociative.be\/actualites\/la-2eme-saison-de-retrovision-au-cinema-eupen-se-poursuit-avec-la-danse-des-diables-et-le-livre-de-la-jungle\/","title":{"rendered":"La 2\u00e8me saison de \u00ab R\u00e9trovision \u00bb au Cin\u00e9ma Eupen se poursuit avec \u00ab La Danse des Diables \u00bb et \u00ab Le Livre de la Jungle \u00bb."},"content":{"rendered":"<p><strong>La deuxi\u00e8me saison du projet cin\u00e9matographique \u00ab R\u00e9trovision \u00bb se poursuivra au Cin\u00e9ma d&rsquo;Eupen \u00e0 la Toussaint. L\u2019objectif est de ramener les films classiques sur grand \u00e9cran et de faire appel \u00e0 la nostalgie du public.<\/strong><\/p>\n<p><span id=\"more-400510\"><\/span>Dans la lign\u00e9e d&rsquo;Halloween, le film d&rsquo;horreur c&rsquo;est le vendredi 1er novembre 2024 \u00e0 20h <strong>\u00ab\u00a0La Danse des Diables\u00a0\u00bb<\/strong> \u00e0 partir de 1981. Le film culte de Disney suit le samedi 11 janvier 2025 \u00e0 15h <strong>\u00ab\u00a0Le Livre de la Jungle\u00a0\u00bb<\/strong> \u00e0 partir de 1967.<\/p>\n<div id=\"attachment_400524\" class=\"wp-caption alignleft\" style=\"max-width: 212px\"><img fetchpriority=\"high\" decoding=\"async\" class=\"wp-image-400524 size-medium\" src=\"https:\/\/vieassociative.be\/actualites\/wp-content\/uploads\/2024\/10\/La-2eme-saison-de-Retrovision-au-Cinema-Eupen.jpg\" alt=\"\" width=\"212\" height=\"300\"  ><\/p>\n<p class=\"wp-caption-text\">Le programme de la 2\u00e8me saison de R\u00e9trovision (cliquez sur l&rsquo;image pour l&rsquo;agrandir).<\/p>\n<\/div>\n<p>Cela continue le dimanche 16 f\u00e9vrier 2025, \u00e0 19h <strong>\u00ab Le Club des Po\u00e8tes Morts \u00bb<\/strong> de 1989. Le jeudi 13 mars 2025, \u00e0 20 heures, aura lieu la soir\u00e9e dite du poulet (r\u00e9serv\u00e9e aux dames) avec le film culte <strong>\u00ab Sale danse \u00bb<\/strong> \u00e0 partir de 1987.<\/p>\n<p>Le samedi 3 mai 2025, \u00e0 20 heures, \u00ab R\u00e9trovision \u00bb projettera un film entr\u00e9 dans l&rsquo;histoire du cin\u00e9ma : <strong>\u00ab\u00a0Joue-moi le chant de la mort\u00a0\u00bb<\/strong> \u00e0 partir de 1968 avec Charles Bronson, Henry Fonda et Claudia Cardinale comme acteurs et la musique du film d&rsquo;Ennio Morricone.<\/p>\n<p>Le dimanche 1er juin 2025, le strip sera \u00e0 19h <strong>\u00ab\u00a0Laurent d&rsquo;Arabie\u00a0\u00bb<\/strong> avec Peter O&rsquo;Toole et Anthony Quinn au programme avant le vendredi 27 juin 2025 \u00e0 20h <strong>Film de souhait<\/strong> conclut la deuxi\u00e8me saison de Retrovision. (cr\u00e9er)<\/p>\n<p><b><i>Plus d&rsquo;informations sur <u>R\u00e9trovision.cinema-eupen.be<\/u><\/i><\/b><\/p>\n","protected":false},"excerpt":{"rendered":"<p>La deuxi\u00e8me saison du projet cin\u00e9matographique \u00ab R\u00e9trovision \u00bb se poursuivra au Cin\u00e9ma d&rsquo;Eupen \u00e0 la Toussaint. L\u2019objectif est de ramener les films classiques sur<\/p>\n","protected":false},"author":1,"featured_media":1753,"comment_status":"","ping_status":"","sticky":false,"template":"","format":"standard","meta":{"footnotes":""},"categories":[298],"tags":[2385,61,98,2388,29,2389,2329,2391,2390,2387,2386,690],"class_list":["post-1752","post","type-post","status-publish","format-standard","has-post-thumbnail","hentry","category-belgique","tag-2eme","tag-avec","tag-cinema","tag-danse","tag-des","tag-diables","tag-eupen","tag-jungle","tag-livre","tag-poursuit","tag-retrovision","tag-saison","generate-columns","tablet-grid-50","mobile-grid-100","grid-parent","grid-33"],"yoast_head":"<!-- This site is optimized with the Yoast SEO plugin v24.0 - https:\/\/yoast.com\/wordpress\/plugins\/seo\/ -->\n<title>La 2\u00e8me saison de \u00ab R\u00e9trovision \u00bb au Cin\u00e9ma Eupen se poursuit avec \u00ab La Danse des Diables \u00bb et \u00ab Le Livre de la Jungle \u00bb. | Vie Associative<\/title>\n<meta name=\"robots\" content=\"index, follow, max-snippet:-1, max-image-preview:large, max-video-preview:-1\" \/>\n<link rel=\"canonical\" href=\"https:\/\/vieassociative.be\/actualites\/la-2eme-saison-de-retrovision-au-cinema-eupen-se-poursuit-avec-la-danse-des-diables-et-le-livre-de-la-jungle\/\" \/>\n<meta property=\"og:locale\" content=\"fr_FR\" \/>\n<meta property=\"og:type\" content=\"article\" \/>\n<meta property=\"og:title\" content=\"La 2\u00e8me saison de \u00ab R\u00e9trovision \u00bb au Cin\u00e9ma Eupen se poursuit avec \u00ab La Danse des Diables \u00bb et \u00ab Le Livre de la Jungle \u00bb. | Vie Associative\" \/>\n<meta property=\"og:description\" content=\"La deuxi\u00e8me saison du projet cin\u00e9matographique \u00ab R\u00e9trovision \u00bb se poursuivra au Cin\u00e9ma d&rsquo;Eupen \u00e0 la Toussaint. L\u2019objectif est de ramener les films classiques sur\" \/>\n<meta property=\"og:url\" content=\"https:\/\/vieassociative.be\/actualites\/la-2eme-saison-de-retrovision-au-cinema-eupen-se-poursuit-avec-la-danse-des-diables-et-le-livre-de-la-jungle\/\" \/>\n<meta property=\"og:site_name\" content=\"Vie Associative\" \/>\n<meta property=\"article:published_time\" content=\"2024-10-28T14:22:46+00:00\" \/>\n<meta property=\"og:image\" content=\"https:\/\/vieassociative.be\/actualites\/wp-content\/uploads\/2024\/10\/La-2eme-saison-de-Retrovision-au-Cinema-Eupen.jpg\" \/>\n<meta name=\"author\" content=\"Julien\" \/>\n<meta name=\"twitter:card\" content=\"summary_large_image\" \/>\n<meta name=\"twitter:label1\" content=\"\u00c9crit par\" \/>\n\t<meta name=\"twitter:data1\" content=\"Julien\" \/>\n\t<meta name=\"twitter:label2\" content=\"Dur\u00e9e de lecture est.\" \/>\n\t<meta name=\"twitter:data2\" content=\"1 minute\" \/>\n<script type=\"application\/ld+json\" class=\"yoast-schema-graph\">{\"@context\":\"https:\/\/schema.org\",\"@graph\":[{\"@type\":\"Article\",\"@id\":\"https:\/\/vieassociative.be\/actualites\/la-2eme-saison-de-retrovision-au-cinema-eupen-se-poursuit-avec-la-danse-des-diables-et-le-livre-de-la-jungle\/#article\",\"isPartOf\":{\"@id\":\"https:\/\/vieassociative.be\/actualites\/la-2eme-saison-de-retrovision-au-cinema-eupen-se-poursuit-avec-la-danse-des-diables-et-le-livre-de-la-jungle\/\"},\"author\":{\"name\":\"Julien\",\"@id\":\"https:\/\/vieassociative.be\/actualites\/#\/schema\/person\/b87ac4f82f9d4e7b7cec7395b679edc4\"},\"headline\":\"La 2\u00e8me saison de \u00ab R\u00e9trovision \u00bb au Cin\u00e9ma Eupen se poursuit avec \u00ab La Danse des Diables \u00bb et \u00ab Le Livre de la Jungle \u00bb.\",\"datePublished\":\"2024-10-28T14:22:46+00:00\",\"dateModified\":\"2024-10-28T14:22:46+00:00\",\"mainEntityOfPage\":{\"@id\":\"https:\/\/vieassociative.be\/actualites\/la-2eme-saison-de-retrovision-au-cinema-eupen-se-poursuit-avec-la-danse-des-diables-et-le-livre-de-la-jungle\/\"},\"wordCount\":243,\"publisher\":{\"@id\":\"https:\/\/vieassociative.be\/actualites\/#organization\"},\"image\":{\"@id\":\"https:\/\/vieassociative.be\/actualites\/la-2eme-saison-de-retrovision-au-cinema-eupen-se-poursuit-avec-la-danse-des-diables-et-le-livre-de-la-jungle\/#primaryimage\"},\"thumbnailUrl\":\"https:\/\/vieassociative.be\/actualites\/wp-content\/uploads\/2024\/10\/1730125366_La-2eme-saison-de-Retrovision-au-Cinema-Eupen.jpg\",\"keywords\":[\"2\u00e8me\",\"avec\",\"cin\u00e9ma\",\"Danse\",\"Des\",\"Diables\",\"Eupen\",\"Jungle\",\"Livre\",\"poursuit\",\"R\u00e9trovision\",\"Saison\"],\"articleSection\":[\"Belgique\"],\"inLanguage\":\"fr-BE\"},{\"@type\":\"WebPage\",\"@id\":\"https:\/\/vieassociative.be\/actualites\/la-2eme-saison-de-retrovision-au-cinema-eupen-se-poursuit-avec-la-danse-des-diables-et-le-livre-de-la-jungle\/\",\"url\":\"https:\/\/vieassociative.be\/actualites\/la-2eme-saison-de-retrovision-au-cinema-eupen-se-poursuit-avec-la-danse-des-diables-et-le-livre-de-la-jungle\/\",\"name\":\"La 2\u00e8me saison de \u00ab R\u00e9trovision \u00bb au Cin\u00e9ma Eupen se poursuit avec \u00ab La Danse des Diables \u00bb et \u00ab Le Livre de la Jungle \u00bb. | Vie Associative\",\"isPartOf\":{\"@id\":\"https:\/\/vieassociative.be\/actualites\/#website\"},\"primaryImageOfPage\":{\"@id\":\"https:\/\/vieassociative.be\/actualites\/la-2eme-saison-de-retrovision-au-cinema-eupen-se-poursuit-avec-la-danse-des-diables-et-le-livre-de-la-jungle\/#primaryimage\"},\"image\":{\"@id\":\"https:\/\/vieassociative.be\/actualites\/la-2eme-saison-de-retrovision-au-cinema-eupen-se-poursuit-avec-la-danse-des-diables-et-le-livre-de-la-jungle\/#primaryimage\"},\"thumbnailUrl\":\"https:\/\/vieassociative.be\/actualites\/wp-content\/uploads\/2024\/10\/1730125366_La-2eme-saison-de-Retrovision-au-Cinema-Eupen.jpg\",\"datePublished\":\"2024-10-28T14:22:46+00:00\",\"dateModified\":\"2024-10-28T14:22:46+00:00\",\"breadcrumb\":{\"@id\":\"https:\/\/vieassociative.be\/actualites\/la-2eme-saison-de-retrovision-au-cinema-eupen-se-poursuit-avec-la-danse-des-diables-et-le-livre-de-la-jungle\/#breadcrumb\"},\"inLanguage\":\"fr-BE\",\"potentialAction\":[{\"@type\":\"ReadAction\",\"target\":[\"https:\/\/vieassociative.be\/actualites\/la-2eme-saison-de-retrovision-au-cinema-eupen-se-poursuit-avec-la-danse-des-diables-et-le-livre-de-la-jungle\/\"]}]},{\"@type\":\"ImageObject\",\"inLanguage\":\"fr-BE\",\"@id\":\"https:\/\/vieassociative.be\/actualites\/la-2eme-saison-de-retrovision-au-cinema-eupen-se-poursuit-avec-la-danse-des-diables-et-le-livre-de-la-jungle\/#primaryimage\",\"url\":\"https:\/\/vieassociative.be\/actualites\/wp-content\/uploads\/2024\/10\/1730125366_La-2eme-saison-de-Retrovision-au-Cinema-Eupen.jpg\",\"contentUrl\":\"https:\/\/vieassociative.be\/actualites\/wp-content\/uploads\/2024\/10\/1730125366_La-2eme-saison-de-Retrovision-au-Cinema-Eupen.jpg\",\"width\":1200,\"height\":800,\"caption\":\"La 2\u00e8me saison de \u00ab R\u00e9trovision \u00bb au Cin\u00e9ma Eupen se poursuit avec \u00ab La Danse des Diables \u00bb et \u00ab Le Livre de la Jungle \u00bb.\"},{\"@type\":\"BreadcrumbList\",\"@id\":\"https:\/\/vieassociative.be\/actualites\/la-2eme-saison-de-retrovision-au-cinema-eupen-se-poursuit-avec-la-danse-des-diables-et-le-livre-de-la-jungle\/#breadcrumb\",\"itemListElement\":[{\"@type\":\"ListItem\",\"position\":1,\"name\":\"Accueil\",\"item\":\"https:\/\/vieassociative.be\/actualites\/\"},{\"@type\":\"ListItem\",\"position\":2,\"name\":\"La 2\u00e8me saison de \u00ab R\u00e9trovision \u00bb au Cin\u00e9ma Eupen se poursuit avec \u00ab La Danse des Diables \u00bb et \u00ab Le Livre de la Jungle \u00bb.\"}]},{\"@type\":\"WebSite\",\"@id\":\"https:\/\/vieassociative.be\/actualites\/#website\",\"url\":\"https:\/\/vieassociative.be\/actualites\/\",\"name\":\"Vie Associative\",\"description\":\"\",\"publisher\":{\"@id\":\"https:\/\/vieassociative.be\/actualites\/#organization\"},\"potentialAction\":[{\"@type\":\"SearchAction\",\"target\":{\"@type\":\"EntryPoint\",\"urlTemplate\":\"https:\/\/vieassociative.be\/actualites\/?s={search_term_string}\"},\"query-input\":{\"@type\":\"PropertyValueSpecification\",\"valueRequired\":true,\"valueName\":\"search_term_string\"}}],\"inLanguage\":\"fr-BE\"},{\"@type\":\"Organization\",\"@id\":\"https:\/\/vieassociative.be\/actualites\/#organization\",\"name\":\"Vie Associative\",\"url\":\"https:\/\/vieassociative.be\/actualites\/\",\"logo\":{\"@type\":\"ImageObject\",\"inLanguage\":\"fr-BE\",\"@id\":\"https:\/\/vieassociative.be\/actualites\/#\/schema\/logo\/image\/\",\"url\":\"https:\/\/vieassociative.be\/actualites\/wp-content\/uploads\/2024\/09\/cropped-vieassociative_favicon.ico.png\",\"contentUrl\":\"https:\/\/vieassociative.be\/actualites\/wp-content\/uploads\/2024\/09\/cropped-vieassociative_favicon.ico.png\",\"width\":512,\"height\":512,\"caption\":\"Vie Associative\"},\"image\":{\"@id\":\"https:\/\/vieassociative.be\/actualites\/#\/schema\/logo\/image\/\"}},{\"@type\":\"Person\",\"@id\":\"https:\/\/vieassociative.be\/actualites\/#\/schema\/person\/b87ac4f82f9d4e7b7cec7395b679edc4\",\"name\":\"Julien\",\"image\":{\"@type\":\"ImageObject\",\"inLanguage\":\"fr-BE\",\"@id\":\"https:\/\/vieassociative.be\/actualites\/#\/schema\/person\/image\/\",\"url\":\"https:\/\/vieassociative.be\/actualites\/wp-content\/uploads\/2024\/09\/vie-associative-1-150x150.jpg\",\"contentUrl\":\"https:\/\/vieassociative.be\/actualites\/wp-content\/uploads\/2024\/09\/vie-associative-1-150x150.jpg\",\"caption\":\"Julien\"},\"description\":\"Je suis Julien, r\u00e9dacteur pour Vie Associative. Passionn\u00e9 par le monde associatif depuis plus de 10 ans, j'ai \u00e0 c\u0153ur de partager des histoires inspirantes et de mettre en lumi\u00e8re les initiatives locales. Mon objectif est de sensibiliser et d'encourager l'engagement communautaire \u00e0 travers mes articles.\",\"sameAs\":[\"https:\/\/vieassociative.be\/\"]}]}<\/script>\n<!-- \/ Yoast SEO plugin. -->","yoast_head_json":{"title":"La 2\u00e8me saison de \u00ab R\u00e9trovision \u00bb au Cin\u00e9ma Eupen se poursuit avec \u00ab La Danse des Diables \u00bb et \u00ab Le Livre de la Jungle \u00bb. | Vie Associative","robots":{"index":"index","follow":"follow","max-snippet":"max-snippet:-1","max-image-preview":"max-image-preview:large","max-video-preview":"max-video-preview:-1"},"canonical":"https:\/\/vieassociative.be\/actualites\/la-2eme-saison-de-retrovision-au-cinema-eupen-se-poursuit-avec-la-danse-des-diables-et-le-livre-de-la-jungle\/","og_locale":"fr_FR","og_type":"article","og_title":"La 2\u00e8me saison de \u00ab R\u00e9trovision \u00bb au Cin\u00e9ma Eupen se poursuit avec \u00ab La Danse des Diables \u00bb et \u00ab Le Livre de la Jungle \u00bb. | Vie Associative","og_description":"La deuxi\u00e8me saison du projet cin\u00e9matographique \u00ab R\u00e9trovision \u00bb se poursuivra au Cin\u00e9ma d&rsquo;Eupen \u00e0 la Toussaint. L\u2019objectif est de ramener les films classiques sur","og_url":"https:\/\/vieassociative.be\/actualites\/la-2eme-saison-de-retrovision-au-cinema-eupen-se-poursuit-avec-la-danse-des-diables-et-le-livre-de-la-jungle\/","og_site_name":"Vie Associative","article_published_time":"2024-10-28T14:22:46+00:00","og_image":[{"url":"https:\/\/vieassociative.be\/actualites\/wp-content\/uploads\/2024\/10\/La-2eme-saison-de-Retrovision-au-Cinema-Eupen.jpg","type":"","width":"","height":""}],"author":"Julien","twitter_card":"summary_large_image","twitter_misc":{"\u00c9crit par":"Julien","Dur\u00e9e de lecture est.":"1 minute"},"schema":{"@context":"https:\/\/schema.org","@graph":[{"@type":"Article","@id":"https:\/\/vieassociative.be\/actualites\/la-2eme-saison-de-retrovision-au-cinema-eupen-se-poursuit-avec-la-danse-des-diables-et-le-livre-de-la-jungle\/#article","isPartOf":{"@id":"https:\/\/vieassociative.be\/actualites\/la-2eme-saison-de-retrovision-au-cinema-eupen-se-poursuit-avec-la-danse-des-diables-et-le-livre-de-la-jungle\/"},"author":{"name":"Julien","@id":"https:\/\/vieassociative.be\/actualites\/#\/schema\/person\/b87ac4f82f9d4e7b7cec7395b679edc4"},"headline":"La 2\u00e8me saison de \u00ab R\u00e9trovision \u00bb au Cin\u00e9ma Eupen se poursuit avec \u00ab La Danse des Diables \u00bb et \u00ab Le Livre de la Jungle \u00bb.","datePublished":"2024-10-28T14:22:46+00:00","dateModified":"2024-10-28T14:22:46+00:00","mainEntityOfPage":{"@id":"https:\/\/vieassociative.be\/actualites\/la-2eme-saison-de-retrovision-au-cinema-eupen-se-poursuit-avec-la-danse-des-diables-et-le-livre-de-la-jungle\/"},"wordCount":243,"publisher":{"@id":"https:\/\/vieassociative.be\/actualites\/#organization"},"image":{"@id":"https:\/\/vieassociative.be\/actualites\/la-2eme-saison-de-retrovision-au-cinema-eupen-se-poursuit-avec-la-danse-des-diables-et-le-livre-de-la-jungle\/#primaryimage"},"thumbnailUrl":"https:\/\/vieassociative.be\/actualites\/wp-content\/uploads\/2024\/10\/1730125366_La-2eme-saison-de-Retrovision-au-Cinema-Eupen.jpg","keywords":["2\u00e8me","avec","cin\u00e9ma","Danse","Des","Diables","Eupen","Jungle","Livre","poursuit","R\u00e9trovision","Saison"],"articleSection":["Belgique"],"inLanguage":"fr-BE"},{"@type":"WebPage","@id":"https:\/\/vieassociative.be\/actualites\/la-2eme-saison-de-retrovision-au-cinema-eupen-se-poursuit-avec-la-danse-des-diables-et-le-livre-de-la-jungle\/","url":"https:\/\/vieassociative.be\/actualites\/la-2eme-saison-de-retrovision-au-cinema-eupen-se-poursuit-avec-la-danse-des-diables-et-le-livre-de-la-jungle\/","name":"La 2\u00e8me saison de \u00ab R\u00e9trovision \u00bb au Cin\u00e9ma Eupen se poursuit avec \u00ab La Danse des Diables \u00bb et \u00ab Le Livre de la Jungle \u00bb. | Vie Associative","isPartOf":{"@id":"https:\/\/vieassociative.be\/actualites\/#website"},"primaryImageOfPage":{"@id":"https:\/\/vieassociative.be\/actualites\/la-2eme-saison-de-retrovision-au-cinema-eupen-se-poursuit-avec-la-danse-des-diables-et-le-livre-de-la-jungle\/#primaryimage"},"image":{"@id":"https:\/\/vieassociative.be\/actualites\/la-2eme-saison-de-retrovision-au-cinema-eupen-se-poursuit-avec-la-danse-des-diables-et-le-livre-de-la-jungle\/#primaryimage"},"thumbnailUrl":"https:\/\/vieassociative.be\/actualites\/wp-content\/uploads\/2024\/10\/1730125366_La-2eme-saison-de-Retrovision-au-Cinema-Eupen.jpg","datePublished":"2024-10-28T14:22:46+00:00","dateModified":"2024-10-28T14:22:46+00:00","breadcrumb":{"@id":"https:\/\/vieassociative.be\/actualites\/la-2eme-saison-de-retrovision-au-cinema-eupen-se-poursuit-avec-la-danse-des-diables-et-le-livre-de-la-jungle\/#breadcrumb"},"inLanguage":"fr-BE","potentialAction":[{"@type":"ReadAction","target":["https:\/\/vieassociative.be\/actualites\/la-2eme-saison-de-retrovision-au-cinema-eupen-se-poursuit-avec-la-danse-des-diables-et-le-livre-de-la-jungle\/"]}]},{"@type":"ImageObject","inLanguage":"fr-BE","@id":"https:\/\/vieassociative.be\/actualites\/la-2eme-saison-de-retrovision-au-cinema-eupen-se-poursuit-avec-la-danse-des-diables-et-le-livre-de-la-jungle\/#primaryimage","url":"https:\/\/vieassociative.be\/actualites\/wp-content\/uploads\/2024\/10\/1730125366_La-2eme-saison-de-Retrovision-au-Cinema-Eupen.jpg","contentUrl":"https:\/\/vieassociative.be\/actualites\/wp-content\/uploads\/2024\/10\/1730125366_La-2eme-saison-de-Retrovision-au-Cinema-Eupen.jpg","width":1200,"height":800,"caption":"La 2\u00e8me saison de \u00ab R\u00e9trovision \u00bb au Cin\u00e9ma Eupen se poursuit avec \u00ab La Danse des Diables \u00bb et \u00ab Le Livre de la Jungle \u00bb."},{"@type":"BreadcrumbList","@id":"https:\/\/vieassociative.be\/actualites\/la-2eme-saison-de-retrovision-au-cinema-eupen-se-poursuit-avec-la-danse-des-diables-et-le-livre-de-la-jungle\/#breadcrumb","itemListElement":[{"@type":"ListItem","position":1,"name":"Accueil","item":"https:\/\/vieassociative.be\/actualites\/"},{"@type":"ListItem","position":2,"name":"La 2\u00e8me saison de \u00ab R\u00e9trovision \u00bb au Cin\u00e9ma Eupen se poursuit avec \u00ab La Danse des Diables \u00bb et \u00ab Le Livre de la Jungle \u00bb."}]},{"@type":"WebSite","@id":"https:\/\/vieassociative.be\/actualites\/#website","url":"https:\/\/vieassociative.be\/actualites\/","name":"Vie Associative","description":"","publisher":{"@id":"https:\/\/vieassociative.be\/actualites\/#organization"},"potentialAction":[{"@type":"SearchAction","target":{"@type":"EntryPoint","urlTemplate":"https:\/\/vieassociative.be\/actualites\/?s={search_term_string}"},"query-input":{"@type":"PropertyValueSpecification","valueRequired":true,"valueName":"search_term_string"}}],"inLanguage":"fr-BE"},{"@type":"Organization","@id":"https:\/\/vieassociative.be\/actualites\/#organization","name":"Vie Associative","url":"https:\/\/vieassociative.be\/actualites\/","logo":{"@type":"ImageObject","inLanguage":"fr-BE","@id":"https:\/\/vieassociative.be\/actualites\/#\/schema\/logo\/image\/","url":"https:\/\/vieassociative.be\/actualites\/wp-content\/uploads\/2024\/09\/cropped-vieassociative_favicon.ico.png","contentUrl":"https:\/\/vieassociative.be\/actualites\/wp-content\/uploads\/2024\/09\/cropped-vieassociative_favicon.ico.png","width":512,"height":512,"caption":"Vie Associative"},"image":{"@id":"https:\/\/vieassociative.be\/actualites\/#\/schema\/logo\/image\/"}},{"@type":"Person","@id":"https:\/\/vieassociative.be\/actualites\/#\/schema\/person\/b87ac4f82f9d4e7b7cec7395b679edc4","name":"Julien","image":{"@type":"ImageObject","inLanguage":"fr-BE","@id":"https:\/\/vieassociative.be\/actualites\/#\/schema\/person\/image\/","url":"https:\/\/vieassociative.be\/actualites\/wp-content\/uploads\/2024\/09\/vie-associative-1-150x150.jpg","contentUrl":"https:\/\/vieassociative.be\/actualites\/wp-content\/uploads\/2024\/09\/vie-associative-1-150x150.jpg","caption":"Julien"},"description":"Je suis Julien, r\u00e9dacteur pour Vie Associative. Passionn\u00e9 par le monde associatif depuis plus de 10 ans, j'ai \u00e0 c\u0153ur de partager des histoires inspirantes et de mettre en lumi\u00e8re les initiatives locales. Mon objectif est de sensibiliser et d'encourager l'engagement communautaire \u00e0 travers mes articles.","sameAs":["https:\/\/vieassociative.be\/"]}]}},"_links":{"self":[{"href":"https:\/\/vieassociative.be\/actualites\/wp-json\/wp\/v2\/posts\/1752"}],"collection":[{"href":"https:\/\/vieassociative.be\/actualites\/wp-json\/wp\/v2\/posts"}],"about":[{"href":"https:\/\/vieassociative.be\/actualites\/wp-json\/wp\/v2\/types\/post"}],"author":[{"embeddable":true,"href":"https:\/\/vieassociative.be\/actualites\/wp-json\/wp\/v2\/users\/1"}],"replies":[{"embeddable":true,"href":"https:\/\/vieassociative.be\/actualites\/wp-json\/wp\/v2\/comments?post=1752"}],"version-history":[{"count":0,"href":"https:\/\/vieassociative.be\/actualites\/wp-json\/wp\/v2\/posts\/1752\/revisions"}],"wp:featuredmedia":[{"embeddable":true,"href":"https:\/\/vieassociative.be\/actualites\/wp-json\/wp\/v2\/media\/1753"}],"wp:attachment":[{"href":"https:\/\/vieassociative.be\/actualites\/wp-json\/wp\/v2\/media?parent=1752"}],"wp:term":[{"taxonomy":"category","embeddable":true,"href":"https:\/\/vieassociative.be\/actualites\/wp-json\/wp\/v2\/categories?post=1752"},{"taxonomy":"post_tag","embeddable":true,"href":"https:\/\/vieassociative.be\/actualites\/wp-json\/wp\/v2\/tags?post=1752"}],"curies":[{"name":"wp","href":"https:\/\/api.w.org\/{rel}","templated":true}]}}