{"id":1746,"date":"2024-10-28T12:17:20","date_gmt":"2024-10-28T11:17:20","guid":{"rendered":"https:\/\/vieassociative.be\/actualites\/pourquoi-vous-devriez-cesser-de-vous-sentir-coupable-du-temps-passe-devant-un-ecran-de-votre-enfant\/"},"modified":"2024-10-28T12:17:20","modified_gmt":"2024-10-28T11:17:20","slug":"pourquoi-vous-devriez-cesser-de-vous-sentir-coupable-du-temps-passe-devant-un-ecran-de-votre-enfant","status":"publish","type":"post","link":"https:\/\/vieassociative.be\/actualites\/pourquoi-vous-devriez-cesser-de-vous-sentir-coupable-du-temps-passe-devant-un-ecran-de-votre-enfant\/","title":{"rendered":"Pourquoi vous devriez cesser de vous sentir coupable du temps pass\u00e9 devant un \u00e9cran de votre enfant"},"content":{"rendered":"<div class=\"mt-4 leading-6 md:mb-8\">Donner du temps \u00e0 votre enfant devant les \u00e9crans pourrait en fait \u00eatre b\u00e9n\u00e9fique pour toute votre famille.<\/div>\n<p><\/p>\n<p>Le temps pass\u00e9 devant un \u00e9cran est souvent vilipend\u00e9 dans notre culture parentale. Les parents qui laissent leurs enfants passer beaucoup ou autant de temps sur leur tablette ou devant la t\u00e9l\u00e9vision sont consid\u00e9r\u00e9s comme \u00ab paresseux \u00bb ou peu impliqu\u00e9s. C&rsquo;est un peu un symbole de statut pour certains si vous ne poss\u00e9dez m\u00eame pas de t\u00e9l\u00e9viseur ou si votre enfant n&rsquo;a jamais jou\u00e9 \u00e0 un jeu vid\u00e9o. L&rsquo;American Academy of Pediatrics a des recommandations sur la dur\u00e9e (ou le peu) de temps pass\u00e9 devant un \u00e9cran pour les enfants\u00a0; les enfants \u00e2g\u00e9s de 2 \u00e0 5 ans ne sont pas cens\u00e9s d\u00e9passer une heure par jour, et au-del\u00e0 de 6 ans, ils disent de \u00ab limiter \u00bb les \u00e9crans. Pour tous les enfants, l\u2019AAP dit : \u00ab\u00a0\u00c9vitez d\u2019utiliser les \u00e9crans comme t\u00e9tines, baby-sitters ou pour arr\u00eater les crises de col\u00e8re.\u00a0\u00bb <\/p>\n<p>Cependant, de nombreux parents vont au-del\u00e0 de ces recommandations et <em>faire <\/em>utilisez des \u00e9crans pour divertir les enfants pendant qu\u2019ils pr\u00e9parent le d\u00eener ou, Dieu nous en pr\u00e9serve, prennent une douche. Certains experts disent maintenant que nous devrions repenser la fa\u00e7on dont nous utilisons le temps pass\u00e9 devant un \u00e9cran pour contribuer \u00e0 r\u00e9duire la culpabilit\u00e9 parentale et voir si le temps pass\u00e9 devant un \u00e9cran peut \u00eatre un outil plut\u00f4t qu&rsquo;un m\u00e9chant. <\/p>\n<h2 id=\"why-screens-are-actually-good-for-kids\">Pourquoi les \u00e9crans sont r\u00e9ellement bons pour les enfants<\/h2>\n<p>\u00c0 la fin d\u2019une longue et stressante journ\u00e9e, vous arrive-t-il de vous d\u00e9tendre devant la t\u00e9l\u00e9vision\u00a0? Vous pourriez lire ou faire des t\u00e2ches m\u00e9nag\u00e8res, oui, mais regarder la t\u00e9l\u00e9vision peut vous calmer et vous aider \u00e0 d\u00e9compresser. Les enfants ressentent la m\u00eame chose\u00a0! \u00ab\u00a0Les \u00e9crans peuvent procurer ce sentiment de familiarit\u00e9, et oui, cela peut \u00eatre r\u00e9gulateur\u00a0\u00bb, explique Ash Brandin, enseignant au coll\u00e8ge et expert en parentalit\u00e9 et en technologie. \u00ab Les enfants peuvent demander des \u00e9crans lors de journ\u00e9es charg\u00e9es ou m\u00eame \u00ab amusantes \u00bb, comme une journ\u00e9e au parc d&rsquo;attractions. Les adultes peuvent interpr\u00e9ter cela comme des enfants ingrats ou obs\u00e9d\u00e9s par les \u00e9crans, mais souvent les enfants recherchent la r\u00e9gularit\u00e9 ou la familiarit\u00e9 lors d\u2019une journ\u00e9e bien remplie. <\/p>\n<p>Cela peut \u00eatre particuli\u00e8rement vrai pour les enfants neurodivergents. \u00ab Pour les enfants neurodivergents, dans certains cas, se trouver derri\u00e8re un \u00e9cran peut faciliter certaines connexions. Il existe des endroits pour chaque int\u00e9r\u00eat unique, et tant que vous avez fait quelques recherches et examin\u00e9 les sites, les enfants plus \u00e2g\u00e9s peuvent interagir avec les autres sur Internet d&rsquo;une mani\u00e8re qu&rsquo;ils ne le feraient jamais en personne \u00bb, explique Jessica Beachkofsky, psychiatre et entra\u00eeneur des parents. \u00ab\u00a0Certains enfants ND peuvent trouver que les \u00e9crans les attirent vers quelque chose qui maintient leur attention et leur permet de se concentrer, de prendre le temps de s&rsquo;am\u00e9liorer et de ma\u00eetriser quelque chose qui pourrait fournir de nombreuses applications pratiques \u00e0 l&rsquo;avenir.\u00a0\u00bb Il ne s\u2019agit pas uniquement de jeux vid\u00e9o violents et de programmes t\u00e9l\u00e9vis\u00e9s stupides. <\/p>\n<p>Gardez \u00e9galement \u00e0 l\u2019esprit les nombreuses fa\u00e7ons dont les \u00e9crans fournissent une \u00e9ducation et des comp\u00e9tences \u00e0 nos enfants. Nous n&rsquo;avons plus besoin de \u00ab regarder ce qui se passe \u00bb, mais pouvons contribuer \u00e0 cr\u00e9er une exp\u00e9rience num\u00e9rique positive pour nos enfants. \u00ab\u00a0En gardant \u00e0 l&rsquo;esprit l&rsquo;ad\u00e9quation \u00e0 leur \u00e2ge, les enfants ont acc\u00e8s \u00e0 des livres num\u00e9riques et des livres audio, \u00e0 de la musique, \u00e0 des vid\u00e9os p\u00e9dagogiques, \u00e0 une pr\u00e9paration acad\u00e9mique comme Khan Academy et \u00e0 des efforts cr\u00e9atifs comme avec Canva, des clips ou des applications de cr\u00e9ation musicale\u00a0\u00bb, explique Beachkofsky. C&rsquo;est aussi l&rsquo;\u00e2ge d&rsquo;or de la t\u00e9l\u00e9vision pour les enfants comme pour les adultes, avec de nombreux programmes offrant des comp\u00e9tences d&rsquo;apprentissage socio-\u00e9motionnel (SEL) et des informations int\u00e9ressantes. De nombreuses applications enseignent \u00e9galement les comp\u00e9tences de pleine conscience et de SEL, en plus des comp\u00e9tences acad\u00e9miques. <\/p>\n<h2 id=\"why-screens-are-helpful-for-parents\">Pourquoi les \u00e9crans sont utiles pour les parents<\/h2>\n<p>Les parents peuvent utiliser les \u00e9crans, non pas comme une \u00ab t\u00e9tine \u00bb, mais comme un moyen d\u2019aider le m\u00e9nage \u00e0 fonctionner plus facilement, tant sur le plan pratique qu\u2019\u00e9motionnel. Brandin affirme que les \u00e9crans \u00ab comblent les lacunes syst\u00e9miques que notre soci\u00e9t\u00e9 n\u2019a pas combl\u00e9es \u00bb. Selon eux, \u00ab le manque de cong\u00e9s parentaux pay\u00e9s, de services de garde d&rsquo;enfants abordables, de garde avant ou apr\u00e8s l&rsquo;\u00e9cole, d&rsquo;acc\u00e8s s\u00fbr \u00e0 l&rsquo;ext\u00e9rieur, de soins de sant\u00e9 universels (qui obligent les soignants \u00e0 travailler ou \u00e0 travailler davantage pour pouvoir payer les soins de sant\u00e9 \u00e0 leur famille)\u2026 cr\u00e9ent des lacunes lorsqu&rsquo;ils essaient pour s&rsquo;occuper des enfants. \u00bb <\/p>\n<p>Actuellement, de nombreux m\u00e9nages d\u00e9pendent d&rsquo;un seul soignant pour assurer le bon fonctionnement du m\u00e9nage et r\u00e9pondre aux besoins des enfants. Sans l&rsquo;aide de quelque chose d&rsquo;ext\u00e9rieur, y compris des \u00e9crans, un adulte responsable de tout en m\u00eame temps, \u00e0 tout moment, \u00ab ne fera que devenir un adulte tellement \u00e9puis\u00e9 qu&rsquo;il ne pourra pas \u00eatre pr\u00e9sent ou r\u00e9guler son enfant \u00bb, explique Brandin. Au lieu de cela, ils sugg\u00e8rent d\u2019utiliser temporairement les \u00e9crans comme moyen de faire avancer les choses dans la maison, ce qui \u00ab permet \u00e0 cet adulte de se concentrer uniquement sur la t\u00e2che \u00e0 accomplir au lieu d\u2019\u00eatre d\u00e9chir\u00e9 entre le d\u00eener et ses enfants, afin que l\u2019adulte puisse \u00e9galement r\u00e9guler et d\u00e9compresser. Ensuite, lorsque le temps pass\u00e9 devant un \u00e9cran sera termin\u00e9, cet adulte sera probablement plus pr\u00e9sent et r\u00e9glement\u00e9 pour ses enfants. Tout le monde en profite. \u00bb Beachkofsky dit \u00e9galement qu&rsquo;il est acceptable d&rsquo;utiliser de courtes p\u00e9riodes de temps devant un \u00e9cran pour \u00ab\u00a0faire une pause c\u00e9r\u00e9brale afin que tout le monde puisse se r\u00e9unir en se sentant pr\u00eat \u00e0 s&rsquo;engager \u00e0 nouveau\u00a0\u00bb. Cette utilisation des \u00e9crans peut r\u00e9duire le ressentiment et diminuer le nombre de fois o\u00f9 vous \u00ab perdez le contr\u00f4le \u00bb en pr\u00e9sence de vos enfants parce que vous \u00eates d\u00e9pass\u00e9. <\/p>\n<h2 id=\"how-to-set-good-boundaries-with-screens\">Comment fixer de bonnes limites avec les \u00e9crans<\/h2>\n<p>L\u2019utilisation de cette m\u00e9thode peut sembler \u00eatre une voie vers un temps d\u2019\u00e9cran illimit\u00e9, mais il existe des moyens de franchir la fronti\u00e8re entre la bonne quantit\u00e9 et trop de temps d\u2019\u00e9cran. Beachkofsky dit que \u00ab cela peut n\u00e9cessiter des ajustements assez r\u00e9guliers pour bien faire les choses \u00bb, mais \u00ab une fois que vous avez une id\u00e9e de la dur\u00e9e ou des types d&rsquo;activit\u00e9s ou d&rsquo;applications qui am\u00e9liorent ou empirent les choses, il est plus facile de g\u00e9rer avant que cela ne disparaisse. main.\u00a0\u00bb <\/p>\n<p>Une fa\u00e7on de savoir ce qui est le mieux pour votre enfant est de prendre note de la fr\u00e9quence \u00e0 laquelle les \u00e9crans sont l&rsquo;outil de r\u00e9glementation incontournable. \u00ab Si nous voyons notre enfant toujours utiliser par d\u00e9faut un \u00e9cran, cela peut \u00eatre le seul moyen (ou le moyen le plus simple) pour lui de r\u00e9pondre \u00e0 ce besoin. C&rsquo;est une opportunit\u00e9 pour nous d&rsquo;intervenir et de proposer d&rsquo;autres strat\u00e9gies de r\u00e9gulation \u00bb, d\u00e9clare Brandin. Ils recommandent de cesser de passer trop de temps devant un \u00e9cran et de prendre l&rsquo;habitude de mod\u00e9liser la r\u00e9glementation, puis de fixer des limites claires. Au lieu de vous montrer dur et de dire \u00e0 votre enfant \u00ab plus d&rsquo;\u00e9crans \u00bb ou de dire non cat\u00e9goriquement aux \u00e9crans, ils vous sugg\u00e8rent de dire \u00ab les \u00e9crans ne sont pas disponibles pour le moment \u00bb ou quelque chose comme \u00ab en ce moment, c&rsquo;est l&rsquo;heure des devoirs. La t\u00e9l\u00e9vision sera disponible \u00e0 16h30. Si votre enfant rechigne \u00e0 cette suggestion ou n&rsquo;accomplit pas la t\u00e2che \u00e0 l&rsquo;avance, dites : \u00ab \u00ab L&rsquo;heure de la t\u00e9l\u00e9vision commencera une fois les devoirs termin\u00e9s \u00bb afin qu&rsquo;il apprenne que la cons\u00e9quence naturelle de retarder les devoirs est que les activit\u00e9s suivantes seront tronqu\u00e9es. \u00bb disent-ils.<\/p>\n<p>\u00c9vitez d&rsquo;utiliser des \u00e9crans comme r\u00e9compense. \u00ab\u00a0Lorsque nous utilisons les \u00e9crans comme r\u00e9compense, nous amenons par inadvertance les enfants \u00e0 se concentrer davantage sur les \u00e9crans, pas moins\u00a0\u00bb, explique Brandin. Par exemple, si un enfant obtient un \u00e9cran s\u2019il fait une corv\u00e9e ou termine ses devoirs, il apprendra que faire ces t\u00e2ches ne vaut la peine que pour la r\u00e9compense. \u00abNous voulons que (les \u00e9crans) soient simplement une autre partie de nos vies\u00bb, d\u00e9clare Brandin. L\u2019espoir est que votre enfant ait une motivation intrins\u00e8que pour effectuer d\u2019autres t\u00e2ches, et sinon, qu\u2019il n\u2019associe au moins pas sa valeur \u00e0 une r\u00e9compense sous forme d\u2019\u00e9crans. <\/p>\n<h2 id=\"change-the-way-you-think-about-screens\">Changez votre fa\u00e7on de penser les \u00e9crans<\/h2>\n<p>Les \u00e9crans ne vont nulle part. \u00abPlus nous les vilipendons, plus les soignants internalisent l&rsquo;utilisation des \u00e9crans comme un jugement sur leur r\u00f4le parental\u00bb, explique Brandin. \u00ab Cela n\u2019entra\u00eenera pas une r\u00e9duction du temps pass\u00e9 devant un \u00e9cran ; cela va simplement aboutir \u00e0 ce que les soignants se sentent mal \u00e0 propos de leur r\u00f4le parental et contribuent probablement aux luttes de pouvoir qu&rsquo;ils ont avec leurs enfants \u00e0 propos des \u00e9crans.<\/p>\n<p>Se juger ou juger d\u2019autres parents pour leur utilisation des \u00e9crans \u00ab d\u00e9tourne \u00e9galement l\u2019attention des in\u00e9galit\u00e9s syst\u00e9miques qui n\u00e9cessitent cette utilisation des \u00e9crans, qui est la v\u00e9ritable cause profonde \u00e0 mon avis \u00bb, dit Brandin. Au lieu de critiquer les \u00e9crans, dites : \u00ab cela fonctionne pour notre famille \u00bb et consacrez votre \u00e9nergie \u00e0 profiter de votre temps avec vos enfants et \u00e0 r\u00e9pondre aux nombreuses autres exigences de votre vie. <\/p>\n<p><script async src=\"\/\/www.instagram.com\/embed.js\"><\/script><\/p>\n","protected":false},"excerpt":{"rendered":"<p>Donner du temps \u00e0 votre enfant devant les \u00e9crans pourrait en fait \u00eatre b\u00e9n\u00e9fique pour toute votre famille. Le temps pass\u00e9 devant un \u00e9cran est<\/p>\n","protected":false},"author":1,"featured_media":1747,"comment_status":"","ping_status":"","sticky":false,"template":"","format":"standard","meta":{"footnotes":""},"categories":[37],"tags":[2289,2380,2381,636,2382,295,1073,734,164,790,8,4],"class_list":["post-1746","post","type-post","status-publish","format-standard","has-post-thumbnail","hentry","category-famille","tag-cesser","tag-coupable","tag-devant","tag-devriez","tag-ecran","tag-enfant","tag-passe","tag-pourquoi","tag-sentir","tag-temps","tag-votre","tag-vous","generate-columns","tablet-grid-50","mobile-grid-100","grid-parent","grid-33"],"yoast_head":"<!-- This site is optimized with the Yoast SEO plugin v24.0 - https:\/\/yoast.com\/wordpress\/plugins\/seo\/ -->\n<title>Pourquoi vous devriez cesser de vous sentir coupable du temps pass\u00e9 devant un \u00e9cran de votre enfant | Vie Associative<\/title>\n<meta name=\"robots\" content=\"index, follow, max-snippet:-1, max-image-preview:large, max-video-preview:-1\" \/>\n<link rel=\"canonical\" href=\"https:\/\/vieassociative.be\/actualites\/pourquoi-vous-devriez-cesser-de-vous-sentir-coupable-du-temps-passe-devant-un-ecran-de-votre-enfant\/\" \/>\n<meta property=\"og:locale\" content=\"fr_FR\" \/>\n<meta property=\"og:type\" content=\"article\" \/>\n<meta property=\"og:title\" content=\"Pourquoi vous devriez cesser de vous sentir coupable du temps pass\u00e9 devant un \u00e9cran de votre enfant | Vie Associative\" \/>\n<meta property=\"og:description\" content=\"Donner du temps \u00e0 votre enfant devant les \u00e9crans pourrait en fait \u00eatre b\u00e9n\u00e9fique pour toute votre famille. Le temps pass\u00e9 devant un \u00e9cran est\" \/>\n<meta property=\"og:url\" content=\"https:\/\/vieassociative.be\/actualites\/pourquoi-vous-devriez-cesser-de-vous-sentir-coupable-du-temps-passe-devant-un-ecran-de-votre-enfant\/\" \/>\n<meta property=\"og:site_name\" content=\"Vie Associative\" \/>\n<meta property=\"article:published_time\" content=\"2024-10-28T11:17:20+00:00\" \/>\n<meta property=\"og:image\" content=\"https:\/\/vieassociative.be\/actualites\/wp-content\/uploads\/2024\/09\/header_backgroundk-01-e1726694325946.png\" \/>\n\t<meta property=\"og:image:width\" content=\"279\" \/>\n\t<meta property=\"og:image:height\" content=\"92\" \/>\n\t<meta property=\"og:image:type\" content=\"image\/png\" \/>\n<meta name=\"author\" content=\"Julien\" \/>\n<meta name=\"twitter:card\" content=\"summary_large_image\" \/>\n<meta name=\"twitter:label1\" content=\"\u00c9crit par\" \/>\n\t<meta name=\"twitter:data1\" content=\"Julien\" \/>\n\t<meta name=\"twitter:label2\" content=\"Dur\u00e9e de lecture est.\" \/>\n\t<meta name=\"twitter:data2\" content=\"8 minutes\" \/>\n<script type=\"application\/ld+json\" class=\"yoast-schema-graph\">{\"@context\":\"https:\/\/schema.org\",\"@graph\":[{\"@type\":\"Article\",\"@id\":\"https:\/\/vieassociative.be\/actualites\/pourquoi-vous-devriez-cesser-de-vous-sentir-coupable-du-temps-passe-devant-un-ecran-de-votre-enfant\/#article\",\"isPartOf\":{\"@id\":\"https:\/\/vieassociative.be\/actualites\/pourquoi-vous-devriez-cesser-de-vous-sentir-coupable-du-temps-passe-devant-un-ecran-de-votre-enfant\/\"},\"author\":{\"name\":\"Julien\",\"@id\":\"https:\/\/vieassociative.be\/actualites\/#\/schema\/person\/b87ac4f82f9d4e7b7cec7395b679edc4\"},\"headline\":\"Pourquoi vous devriez cesser de vous sentir coupable du temps pass\u00e9 devant un \u00e9cran de votre enfant\",\"datePublished\":\"2024-10-28T11:17:20+00:00\",\"dateModified\":\"2024-10-28T11:17:20+00:00\",\"mainEntityOfPage\":{\"@id\":\"https:\/\/vieassociative.be\/actualites\/pourquoi-vous-devriez-cesser-de-vous-sentir-coupable-du-temps-passe-devant-un-ecran-de-votre-enfant\/\"},\"wordCount\":1690,\"publisher\":{\"@id\":\"https:\/\/vieassociative.be\/actualites\/#organization\"},\"image\":{\"@id\":\"https:\/\/vieassociative.be\/actualites\/pourquoi-vous-devriez-cesser-de-vous-sentir-coupable-du-temps-passe-devant-un-ecran-de-votre-enfant\/#primaryimage\"},\"thumbnailUrl\":\"https:\/\/vieassociative.be\/actualites\/wp-content\/uploads\/2024\/10\/Pourquoi-vous-devriez-cesser-de-vous-sentir-coupable-du-temps.jpg\",\"keywords\":[\"cesser\",\"coupable\",\"devant\",\"devriez\",\"\u00e9cran\",\"enfant\",\"passe\",\"Pourquoi\",\"sentir\",\"temps\",\"votre\",\"Vous\"],\"articleSection\":[\"Famille\"],\"inLanguage\":\"fr-BE\"},{\"@type\":\"WebPage\",\"@id\":\"https:\/\/vieassociative.be\/actualites\/pourquoi-vous-devriez-cesser-de-vous-sentir-coupable-du-temps-passe-devant-un-ecran-de-votre-enfant\/\",\"url\":\"https:\/\/vieassociative.be\/actualites\/pourquoi-vous-devriez-cesser-de-vous-sentir-coupable-du-temps-passe-devant-un-ecran-de-votre-enfant\/\",\"name\":\"Pourquoi vous devriez cesser de vous sentir coupable du temps pass\u00e9 devant un \u00e9cran de votre enfant | Vie Associative\",\"isPartOf\":{\"@id\":\"https:\/\/vieassociative.be\/actualites\/#website\"},\"primaryImageOfPage\":{\"@id\":\"https:\/\/vieassociative.be\/actualites\/pourquoi-vous-devriez-cesser-de-vous-sentir-coupable-du-temps-passe-devant-un-ecran-de-votre-enfant\/#primaryimage\"},\"image\":{\"@id\":\"https:\/\/vieassociative.be\/actualites\/pourquoi-vous-devriez-cesser-de-vous-sentir-coupable-du-temps-passe-devant-un-ecran-de-votre-enfant\/#primaryimage\"},\"thumbnailUrl\":\"https:\/\/vieassociative.be\/actualites\/wp-content\/uploads\/2024\/10\/Pourquoi-vous-devriez-cesser-de-vous-sentir-coupable-du-temps.jpg\",\"datePublished\":\"2024-10-28T11:17:20+00:00\",\"dateModified\":\"2024-10-28T11:17:20+00:00\",\"breadcrumb\":{\"@id\":\"https:\/\/vieassociative.be\/actualites\/pourquoi-vous-devriez-cesser-de-vous-sentir-coupable-du-temps-passe-devant-un-ecran-de-votre-enfant\/#breadcrumb\"},\"inLanguage\":\"fr-BE\",\"potentialAction\":[{\"@type\":\"ReadAction\",\"target\":[\"https:\/\/vieassociative.be\/actualites\/pourquoi-vous-devriez-cesser-de-vous-sentir-coupable-du-temps-passe-devant-un-ecran-de-votre-enfant\/\"]}]},{\"@type\":\"ImageObject\",\"inLanguage\":\"fr-BE\",\"@id\":\"https:\/\/vieassociative.be\/actualites\/pourquoi-vous-devriez-cesser-de-vous-sentir-coupable-du-temps-passe-devant-un-ecran-de-votre-enfant\/#primaryimage\",\"url\":\"https:\/\/vieassociative.be\/actualites\/wp-content\/uploads\/2024\/10\/Pourquoi-vous-devriez-cesser-de-vous-sentir-coupable-du-temps.jpg\",\"contentUrl\":\"https:\/\/vieassociative.be\/actualites\/wp-content\/uploads\/2024\/10\/Pourquoi-vous-devriez-cesser-de-vous-sentir-coupable-du-temps.jpg\",\"width\":1200,\"height\":675,\"caption\":\"Pourquoi vous devriez cesser de vous sentir coupable du temps pass\u00e9 devant un \u00e9cran de votre enfant\"},{\"@type\":\"BreadcrumbList\",\"@id\":\"https:\/\/vieassociative.be\/actualites\/pourquoi-vous-devriez-cesser-de-vous-sentir-coupable-du-temps-passe-devant-un-ecran-de-votre-enfant\/#breadcrumb\",\"itemListElement\":[{\"@type\":\"ListItem\",\"position\":1,\"name\":\"Accueil\",\"item\":\"https:\/\/vieassociative.be\/actualites\/\"},{\"@type\":\"ListItem\",\"position\":2,\"name\":\"Pourquoi vous devriez cesser de vous sentir coupable du temps pass\u00e9 devant un \u00e9cran de votre enfant\"}]},{\"@type\":\"WebSite\",\"@id\":\"https:\/\/vieassociative.be\/actualites\/#website\",\"url\":\"https:\/\/vieassociative.be\/actualites\/\",\"name\":\"Vie Associative\",\"description\":\"\",\"publisher\":{\"@id\":\"https:\/\/vieassociative.be\/actualites\/#organization\"},\"potentialAction\":[{\"@type\":\"SearchAction\",\"target\":{\"@type\":\"EntryPoint\",\"urlTemplate\":\"https:\/\/vieassociative.be\/actualites\/?s={search_term_string}\"},\"query-input\":{\"@type\":\"PropertyValueSpecification\",\"valueRequired\":true,\"valueName\":\"search_term_string\"}}],\"inLanguage\":\"fr-BE\"},{\"@type\":\"Organization\",\"@id\":\"https:\/\/vieassociative.be\/actualites\/#organization\",\"name\":\"Vie Associative\",\"url\":\"https:\/\/vieassociative.be\/actualites\/\",\"logo\":{\"@type\":\"ImageObject\",\"inLanguage\":\"fr-BE\",\"@id\":\"https:\/\/vieassociative.be\/actualites\/#\/schema\/logo\/image\/\",\"url\":\"https:\/\/vieassociative.be\/actualites\/wp-content\/uploads\/2024\/09\/cropped-vieassociative_favicon.ico.png\",\"contentUrl\":\"https:\/\/vieassociative.be\/actualites\/wp-content\/uploads\/2024\/09\/cropped-vieassociative_favicon.ico.png\",\"width\":512,\"height\":512,\"caption\":\"Vie Associative\"},\"image\":{\"@id\":\"https:\/\/vieassociative.be\/actualites\/#\/schema\/logo\/image\/\"}},{\"@type\":\"Person\",\"@id\":\"https:\/\/vieassociative.be\/actualites\/#\/schema\/person\/b87ac4f82f9d4e7b7cec7395b679edc4\",\"name\":\"Julien\",\"image\":{\"@type\":\"ImageObject\",\"inLanguage\":\"fr-BE\",\"@id\":\"https:\/\/vieassociative.be\/actualites\/#\/schema\/person\/image\/\",\"url\":\"https:\/\/vieassociative.be\/actualites\/wp-content\/uploads\/2024\/09\/vie-associative-1-150x150.jpg\",\"contentUrl\":\"https:\/\/vieassociative.be\/actualites\/wp-content\/uploads\/2024\/09\/vie-associative-1-150x150.jpg\",\"caption\":\"Julien\"},\"description\":\"Je suis Julien, r\u00e9dacteur pour Vie Associative. Passionn\u00e9 par le monde associatif depuis plus de 10 ans, j'ai \u00e0 c\u0153ur de partager des histoires inspirantes et de mettre en lumi\u00e8re les initiatives locales. Mon objectif est de sensibiliser et d'encourager l'engagement communautaire \u00e0 travers mes articles.\",\"sameAs\":[\"https:\/\/vieassociative.be\/\"]}]}<\/script>\n<!-- \/ Yoast SEO plugin. -->","yoast_head_json":{"title":"Pourquoi vous devriez cesser de vous sentir coupable du temps pass\u00e9 devant un \u00e9cran de votre enfant | Vie Associative","robots":{"index":"index","follow":"follow","max-snippet":"max-snippet:-1","max-image-preview":"max-image-preview:large","max-video-preview":"max-video-preview:-1"},"canonical":"https:\/\/vieassociative.be\/actualites\/pourquoi-vous-devriez-cesser-de-vous-sentir-coupable-du-temps-passe-devant-un-ecran-de-votre-enfant\/","og_locale":"fr_FR","og_type":"article","og_title":"Pourquoi vous devriez cesser de vous sentir coupable du temps pass\u00e9 devant un \u00e9cran de votre enfant | Vie Associative","og_description":"Donner du temps \u00e0 votre enfant devant les \u00e9crans pourrait en fait \u00eatre b\u00e9n\u00e9fique pour toute votre famille. Le temps pass\u00e9 devant un \u00e9cran est","og_url":"https:\/\/vieassociative.be\/actualites\/pourquoi-vous-devriez-cesser-de-vous-sentir-coupable-du-temps-passe-devant-un-ecran-de-votre-enfant\/","og_site_name":"Vie Associative","article_published_time":"2024-10-28T11:17:20+00:00","og_image":[{"width":279,"height":92,"url":"https:\/\/vieassociative.be\/actualites\/wp-content\/uploads\/2024\/09\/header_backgroundk-01-e1726694325946.png","type":"image\/png"}],"author":"Julien","twitter_card":"summary_large_image","twitter_misc":{"\u00c9crit par":"Julien","Dur\u00e9e de lecture est.":"8 minutes"},"schema":{"@context":"https:\/\/schema.org","@graph":[{"@type":"Article","@id":"https:\/\/vieassociative.be\/actualites\/pourquoi-vous-devriez-cesser-de-vous-sentir-coupable-du-temps-passe-devant-un-ecran-de-votre-enfant\/#article","isPartOf":{"@id":"https:\/\/vieassociative.be\/actualites\/pourquoi-vous-devriez-cesser-de-vous-sentir-coupable-du-temps-passe-devant-un-ecran-de-votre-enfant\/"},"author":{"name":"Julien","@id":"https:\/\/vieassociative.be\/actualites\/#\/schema\/person\/b87ac4f82f9d4e7b7cec7395b679edc4"},"headline":"Pourquoi vous devriez cesser de vous sentir coupable du temps pass\u00e9 devant un \u00e9cran de votre enfant","datePublished":"2024-10-28T11:17:20+00:00","dateModified":"2024-10-28T11:17:20+00:00","mainEntityOfPage":{"@id":"https:\/\/vieassociative.be\/actualites\/pourquoi-vous-devriez-cesser-de-vous-sentir-coupable-du-temps-passe-devant-un-ecran-de-votre-enfant\/"},"wordCount":1690,"publisher":{"@id":"https:\/\/vieassociative.be\/actualites\/#organization"},"image":{"@id":"https:\/\/vieassociative.be\/actualites\/pourquoi-vous-devriez-cesser-de-vous-sentir-coupable-du-temps-passe-devant-un-ecran-de-votre-enfant\/#primaryimage"},"thumbnailUrl":"https:\/\/vieassociative.be\/actualites\/wp-content\/uploads\/2024\/10\/Pourquoi-vous-devriez-cesser-de-vous-sentir-coupable-du-temps.jpg","keywords":["cesser","coupable","devant","devriez","\u00e9cran","enfant","passe","Pourquoi","sentir","temps","votre","Vous"],"articleSection":["Famille"],"inLanguage":"fr-BE"},{"@type":"WebPage","@id":"https:\/\/vieassociative.be\/actualites\/pourquoi-vous-devriez-cesser-de-vous-sentir-coupable-du-temps-passe-devant-un-ecran-de-votre-enfant\/","url":"https:\/\/vieassociative.be\/actualites\/pourquoi-vous-devriez-cesser-de-vous-sentir-coupable-du-temps-passe-devant-un-ecran-de-votre-enfant\/","name":"Pourquoi vous devriez cesser de vous sentir coupable du temps pass\u00e9 devant un \u00e9cran de votre enfant | Vie Associative","isPartOf":{"@id":"https:\/\/vieassociative.be\/actualites\/#website"},"primaryImageOfPage":{"@id":"https:\/\/vieassociative.be\/actualites\/pourquoi-vous-devriez-cesser-de-vous-sentir-coupable-du-temps-passe-devant-un-ecran-de-votre-enfant\/#primaryimage"},"image":{"@id":"https:\/\/vieassociative.be\/actualites\/pourquoi-vous-devriez-cesser-de-vous-sentir-coupable-du-temps-passe-devant-un-ecran-de-votre-enfant\/#primaryimage"},"thumbnailUrl":"https:\/\/vieassociative.be\/actualites\/wp-content\/uploads\/2024\/10\/Pourquoi-vous-devriez-cesser-de-vous-sentir-coupable-du-temps.jpg","datePublished":"2024-10-28T11:17:20+00:00","dateModified":"2024-10-28T11:17:20+00:00","breadcrumb":{"@id":"https:\/\/vieassociative.be\/actualites\/pourquoi-vous-devriez-cesser-de-vous-sentir-coupable-du-temps-passe-devant-un-ecran-de-votre-enfant\/#breadcrumb"},"inLanguage":"fr-BE","potentialAction":[{"@type":"ReadAction","target":["https:\/\/vieassociative.be\/actualites\/pourquoi-vous-devriez-cesser-de-vous-sentir-coupable-du-temps-passe-devant-un-ecran-de-votre-enfant\/"]}]},{"@type":"ImageObject","inLanguage":"fr-BE","@id":"https:\/\/vieassociative.be\/actualites\/pourquoi-vous-devriez-cesser-de-vous-sentir-coupable-du-temps-passe-devant-un-ecran-de-votre-enfant\/#primaryimage","url":"https:\/\/vieassociative.be\/actualites\/wp-content\/uploads\/2024\/10\/Pourquoi-vous-devriez-cesser-de-vous-sentir-coupable-du-temps.jpg","contentUrl":"https:\/\/vieassociative.be\/actualites\/wp-content\/uploads\/2024\/10\/Pourquoi-vous-devriez-cesser-de-vous-sentir-coupable-du-temps.jpg","width":1200,"height":675,"caption":"Pourquoi vous devriez cesser de vous sentir coupable du temps pass\u00e9 devant un \u00e9cran de votre enfant"},{"@type":"BreadcrumbList","@id":"https:\/\/vieassociative.be\/actualites\/pourquoi-vous-devriez-cesser-de-vous-sentir-coupable-du-temps-passe-devant-un-ecran-de-votre-enfant\/#breadcrumb","itemListElement":[{"@type":"ListItem","position":1,"name":"Accueil","item":"https:\/\/vieassociative.be\/actualites\/"},{"@type":"ListItem","position":2,"name":"Pourquoi vous devriez cesser de vous sentir coupable du temps pass\u00e9 devant un \u00e9cran de votre enfant"}]},{"@type":"WebSite","@id":"https:\/\/vieassociative.be\/actualites\/#website","url":"https:\/\/vieassociative.be\/actualites\/","name":"Vie Associative","description":"","publisher":{"@id":"https:\/\/vieassociative.be\/actualites\/#organization"},"potentialAction":[{"@type":"SearchAction","target":{"@type":"EntryPoint","urlTemplate":"https:\/\/vieassociative.be\/actualites\/?s={search_term_string}"},"query-input":{"@type":"PropertyValueSpecification","valueRequired":true,"valueName":"search_term_string"}}],"inLanguage":"fr-BE"},{"@type":"Organization","@id":"https:\/\/vieassociative.be\/actualites\/#organization","name":"Vie Associative","url":"https:\/\/vieassociative.be\/actualites\/","logo":{"@type":"ImageObject","inLanguage":"fr-BE","@id":"https:\/\/vieassociative.be\/actualites\/#\/schema\/logo\/image\/","url":"https:\/\/vieassociative.be\/actualites\/wp-content\/uploads\/2024\/09\/cropped-vieassociative_favicon.ico.png","contentUrl":"https:\/\/vieassociative.be\/actualites\/wp-content\/uploads\/2024\/09\/cropped-vieassociative_favicon.ico.png","width":512,"height":512,"caption":"Vie Associative"},"image":{"@id":"https:\/\/vieassociative.be\/actualites\/#\/schema\/logo\/image\/"}},{"@type":"Person","@id":"https:\/\/vieassociative.be\/actualites\/#\/schema\/person\/b87ac4f82f9d4e7b7cec7395b679edc4","name":"Julien","image":{"@type":"ImageObject","inLanguage":"fr-BE","@id":"https:\/\/vieassociative.be\/actualites\/#\/schema\/person\/image\/","url":"https:\/\/vieassociative.be\/actualites\/wp-content\/uploads\/2024\/09\/vie-associative-1-150x150.jpg","contentUrl":"https:\/\/vieassociative.be\/actualites\/wp-content\/uploads\/2024\/09\/vie-associative-1-150x150.jpg","caption":"Julien"},"description":"Je suis Julien, r\u00e9dacteur pour Vie Associative. Passionn\u00e9 par le monde associatif depuis plus de 10 ans, j'ai \u00e0 c\u0153ur de partager des histoires inspirantes et de mettre en lumi\u00e8re les initiatives locales. Mon objectif est de sensibiliser et d'encourager l'engagement communautaire \u00e0 travers mes articles.","sameAs":["https:\/\/vieassociative.be\/"]}]}},"_links":{"self":[{"href":"https:\/\/vieassociative.be\/actualites\/wp-json\/wp\/v2\/posts\/1746"}],"collection":[{"href":"https:\/\/vieassociative.be\/actualites\/wp-json\/wp\/v2\/posts"}],"about":[{"href":"https:\/\/vieassociative.be\/actualites\/wp-json\/wp\/v2\/types\/post"}],"author":[{"embeddable":true,"href":"https:\/\/vieassociative.be\/actualites\/wp-json\/wp\/v2\/users\/1"}],"replies":[{"embeddable":true,"href":"https:\/\/vieassociative.be\/actualites\/wp-json\/wp\/v2\/comments?post=1746"}],"version-history":[{"count":0,"href":"https:\/\/vieassociative.be\/actualites\/wp-json\/wp\/v2\/posts\/1746\/revisions"}],"wp:featuredmedia":[{"embeddable":true,"href":"https:\/\/vieassociative.be\/actualites\/wp-json\/wp\/v2\/media\/1747"}],"wp:attachment":[{"href":"https:\/\/vieassociative.be\/actualites\/wp-json\/wp\/v2\/media?parent=1746"}],"wp:term":[{"taxonomy":"category","embeddable":true,"href":"https:\/\/vieassociative.be\/actualites\/wp-json\/wp\/v2\/categories?post=1746"},{"taxonomy":"post_tag","embeddable":true,"href":"https:\/\/vieassociative.be\/actualites\/wp-json\/wp\/v2\/tags?post=1746"}],"curies":[{"name":"wp","href":"https:\/\/api.w.org\/{rel}","templated":true}]}}