{"id":1742,"date":"2024-10-28T09:21:44","date_gmt":"2024-10-28T08:21:44","guid":{"rendered":"https:\/\/vieassociative.be\/actualites\/the-economist-accuse-lancienne-chanceliere-angela-merkel-detre-responsable-du-declin-de-lallemagne\/"},"modified":"2024-10-28T09:21:44","modified_gmt":"2024-10-28T08:21:44","slug":"the-economist-accuse-lancienne-chanceliere-angela-merkel-detre-responsable-du-declin-de-lallemagne","status":"publish","type":"post","link":"https:\/\/vieassociative.be\/actualites\/the-economist-accuse-lancienne-chanceliere-angela-merkel-detre-responsable-du-declin-de-lallemagne\/","title":{"rendered":"\u00ab The Economist \u00bb accuse l\u2019ancienne chanceli\u00e8re Angela Merkel d\u2019\u00eatre responsable du d\u00e9clin de l\u2019Allemagne"},"content":{"rendered":"<p><strong>Avant la parution dans quelques semaines des m\u00e9moires d&rsquo;Angela Merkel (\u00ab\u00a0Libert\u00e9. Souvenirs 1954-2021\u00a0\u00bb), le magazine \u00e9conomique britannique \u00ab\u00a0The Economist\u00a0\u00bb fait le point sur les 16 ann\u00e9es de r\u00e8gne de l&rsquo;ancienne chanceli\u00e8re allemande. Le verdict est d\u00e9vastateur.<\/strong><\/p>\n<p><span id=\"more-400415\"><\/span>Merkel a \u00e9t\u00e9 chanceli\u00e8re allemande pendant 5\u00a0861 jours. Qu&rsquo;il s&rsquo;agisse de la crise des r\u00e9fugi\u00e9s de 2015 (\u00ab\u00a0Nous pouvons le faire\u00a0\u00bb), de la sortie du nucl\u00e9aire, du sauvetage de l&rsquo;euro, du confinement d\u00fb au coronavirus : la liste des mauvaises d\u00e9cisions de Merkel est longue et a \u00e0 chaque fois affaibli un peu l&rsquo;Union europ\u00e9enne, \u00e9crit les experts de \u00ab l\u2019\u00c9conomiste \u00bb.<\/p>\n<div id=\"attachment_333994\" class=\"wp-caption alignleft\" style=\"max-width: 300px\"><img fetchpriority=\"high\" decoding=\"async\" class=\"wp-image-333994 size-medium\" src=\"https:\/\/vieassociative.be\/actualites\/wp-content\/uploads\/2024\/10\/The-Economist-accuse-lancienne-chanceliere-Angela-Merkel-detre.jpeg\" alt=\"\" width=\"300\" height=\"199\"><\/p>\n<p class=\"wp-caption-text\">29 juin 2019, Japon, Osaka : Angela Merkel, chanceli\u00e8re allemande, rencontre le pr\u00e9sident russe Vladimir Poutine en marge du sommet du G20. Photo : Bernd von Jutrczenka\/dpa<\/p>\n<\/div>\n<p>La chancellerie d&rsquo;Angela Merkel, avec \u00ab\u00a016 ans d&rsquo;errance sans r\u00e9formes\u00a0\u00bb, a fait de l&rsquo;Allemagne \u00ab\u00a0une fois de plus l&rsquo;homme \u00e9conomiquement malade de l&rsquo;Europe\u00a0\u00bb, dit-on. Avec Merkel \u00e0 la t\u00eate du gouvernement, l&rsquo;Allemagne est devenue d\u00e9pendante de trois mani\u00e8res : sans exportations vers la Chine, la R\u00e9publique f\u00e9d\u00e9rale ne peut gu\u00e8re se d\u00e9velopper. Sans les \u00c9tats-Unis, le pays ne serait pas en mesure de se d\u00e9fendre. Et troisi\u00e8mement, les Allemands d\u00e9pendent du gaz russe pour faire fonctionner leur propre industrie.<\/p>\n<p>Selon \u00ab The Economist \u00bb, l\u2019Allemagne n\u2019\u00e9tait pas pr\u00e9par\u00e9e \u00e0 la guerre d\u2019agression russe contre l\u2019Ukraine. Apr\u00e8s l\u2019invasion de la Crim\u00e9e en 2014, la chanceli\u00e8re allemande aurait d\u00fb prendre ses distances avec le pr\u00e9sident russe Vladimir Poutine.<\/p>\n<p>Selon \u00ab The Economist \u00bb, \u00ab Merkeling \u00bb, c\u2019est-\u00e0-dire rester \u00e0 l\u2019\u00e9cart des crises en ne faisant rien pendant des mois, est d\u00e9sormais devenu un mot courant en dehors de l\u2019Allemagne. \u00ab Mme Merkel a dirig\u00e9 l\u2019Allemagne comme dans un monde illusoire, la plongeant dans une longue sieste g\u00e9opolitique et \u00e9conomique dont elle ne s\u2019est pas encore r\u00e9veill\u00e9e \u00bb, a d\u00e9clar\u00e9 The Economist. (cr\u00e9er)<\/p>\n","protected":false},"excerpt":{"rendered":"<p>Avant la parution dans quelques semaines des m\u00e9moires d&rsquo;Angela Merkel (\u00ab\u00a0Libert\u00e9. Souvenirs 1954-2021\u00a0\u00bb), le magazine \u00e9conomique britannique \u00ab\u00a0The Economist\u00a0\u00bb fait le point sur les 16<\/p>\n","protected":false},"author":1,"featured_media":1743,"comment_status":"","ping_status":"","sticky":false,"template":"","format":"standard","meta":{"footnotes":""},"categories":[298],"tags":[2370,2372,2371,2374,573,2369,2375,214,2373,2019],"class_list":["post-1742","post","type-post","status-publish","format-standard","has-post-thumbnail","hentry","category-belgique","tag-accuse","tag-angela","tag-chanceliere","tag-declin","tag-detre","tag-economist","tag-lallemagne","tag-lancienne","tag-merkel","tag-responsable","generate-columns","tablet-grid-50","mobile-grid-100","grid-parent","grid-33"],"yoast_head":"<!-- This site is optimized with the Yoast SEO plugin v24.0 - https:\/\/yoast.com\/wordpress\/plugins\/seo\/ -->\n<title>\u00ab The Economist \u00bb accuse l\u2019ancienne chanceli\u00e8re Angela Merkel d\u2019\u00eatre responsable du d\u00e9clin de l\u2019Allemagne | Vie Associative<\/title>\n<meta name=\"robots\" content=\"index, follow, max-snippet:-1, max-image-preview:large, max-video-preview:-1\" \/>\n<link rel=\"canonical\" href=\"https:\/\/vieassociative.be\/actualites\/the-economist-accuse-lancienne-chanceliere-angela-merkel-detre-responsable-du-declin-de-lallemagne\/\" \/>\n<meta property=\"og:locale\" content=\"fr_FR\" \/>\n<meta property=\"og:type\" content=\"article\" \/>\n<meta property=\"og:title\" content=\"\u00ab The Economist \u00bb accuse l\u2019ancienne chanceli\u00e8re Angela Merkel d\u2019\u00eatre responsable du d\u00e9clin de l\u2019Allemagne | Vie Associative\" \/>\n<meta property=\"og:description\" content=\"Avant la parution dans quelques semaines des m\u00e9moires d&rsquo;Angela Merkel (\u00ab\u00a0Libert\u00e9. Souvenirs 1954-2021\u00a0\u00bb), le magazine \u00e9conomique britannique \u00ab\u00a0The Economist\u00a0\u00bb fait le point sur les 16\" \/>\n<meta property=\"og:url\" content=\"https:\/\/vieassociative.be\/actualites\/the-economist-accuse-lancienne-chanceliere-angela-merkel-detre-responsable-du-declin-de-lallemagne\/\" \/>\n<meta property=\"og:site_name\" content=\"Vie Associative\" \/>\n<meta property=\"article:published_time\" content=\"2024-10-28T08:21:44+00:00\" \/>\n<meta property=\"og:image\" content=\"https:\/\/vieassociative.be\/actualites\/wp-content\/uploads\/2024\/10\/The-Economist-accuse-lancienne-chanceliere-Angela-Merkel-detre.jpeg\" \/>\n<meta name=\"author\" content=\"Julien\" \/>\n<meta name=\"twitter:card\" content=\"summary_large_image\" \/>\n<meta name=\"twitter:label1\" content=\"\u00c9crit par\" \/>\n\t<meta name=\"twitter:data1\" content=\"Julien\" \/>\n\t<meta name=\"twitter:label2\" content=\"Dur\u00e9e de lecture est.\" \/>\n\t<meta name=\"twitter:data2\" content=\"2 minutes\" \/>\n<script type=\"application\/ld+json\" class=\"yoast-schema-graph\">{\"@context\":\"https:\/\/schema.org\",\"@graph\":[{\"@type\":\"Article\",\"@id\":\"https:\/\/vieassociative.be\/actualites\/the-economist-accuse-lancienne-chanceliere-angela-merkel-detre-responsable-du-declin-de-lallemagne\/#article\",\"isPartOf\":{\"@id\":\"https:\/\/vieassociative.be\/actualites\/the-economist-accuse-lancienne-chanceliere-angela-merkel-detre-responsable-du-declin-de-lallemagne\/\"},\"author\":{\"name\":\"Julien\",\"@id\":\"https:\/\/vieassociative.be\/actualites\/#\/schema\/person\/b87ac4f82f9d4e7b7cec7395b679edc4\"},\"headline\":\"\u00ab The Economist \u00bb accuse l\u2019ancienne chanceli\u00e8re Angela Merkel d\u2019\u00eatre responsable du d\u00e9clin de l\u2019Allemagne\",\"datePublished\":\"2024-10-28T08:21:44+00:00\",\"dateModified\":\"2024-10-28T08:21:44+00:00\",\"mainEntityOfPage\":{\"@id\":\"https:\/\/vieassociative.be\/actualites\/the-economist-accuse-lancienne-chanceliere-angela-merkel-detre-responsable-du-declin-de-lallemagne\/\"},\"wordCount\":360,\"publisher\":{\"@id\":\"https:\/\/vieassociative.be\/actualites\/#organization\"},\"image\":{\"@id\":\"https:\/\/vieassociative.be\/actualites\/the-economist-accuse-lancienne-chanceliere-angela-merkel-detre-responsable-du-declin-de-lallemagne\/#primaryimage\"},\"thumbnailUrl\":\"https:\/\/vieassociative.be\/actualites\/wp-content\/uploads\/2024\/10\/The-Economist-accuse-lancienne-chanceliere-Angela-Merkel-detre.jpg\",\"keywords\":[\"accuse\",\"Angela\",\"chanceli\u00e8re\",\"d\u00e9clin\",\"d\u00eatre\",\"Economist\",\"lAllemagne\",\"lancienne\",\"Merkel\",\"responsable\"],\"articleSection\":[\"Belgique\"],\"inLanguage\":\"fr-BE\"},{\"@type\":\"WebPage\",\"@id\":\"https:\/\/vieassociative.be\/actualites\/the-economist-accuse-lancienne-chanceliere-angela-merkel-detre-responsable-du-declin-de-lallemagne\/\",\"url\":\"https:\/\/vieassociative.be\/actualites\/the-economist-accuse-lancienne-chanceliere-angela-merkel-detre-responsable-du-declin-de-lallemagne\/\",\"name\":\"\u00ab The Economist \u00bb accuse l\u2019ancienne chanceli\u00e8re Angela Merkel d\u2019\u00eatre responsable du d\u00e9clin de l\u2019Allemagne | Vie Associative\",\"isPartOf\":{\"@id\":\"https:\/\/vieassociative.be\/actualites\/#website\"},\"primaryImageOfPage\":{\"@id\":\"https:\/\/vieassociative.be\/actualites\/the-economist-accuse-lancienne-chanceliere-angela-merkel-detre-responsable-du-declin-de-lallemagne\/#primaryimage\"},\"image\":{\"@id\":\"https:\/\/vieassociative.be\/actualites\/the-economist-accuse-lancienne-chanceliere-angela-merkel-detre-responsable-du-declin-de-lallemagne\/#primaryimage\"},\"thumbnailUrl\":\"https:\/\/vieassociative.be\/actualites\/wp-content\/uploads\/2024\/10\/The-Economist-accuse-lancienne-chanceliere-Angela-Merkel-detre.jpg\",\"datePublished\":\"2024-10-28T08:21:44+00:00\",\"dateModified\":\"2024-10-28T08:21:44+00:00\",\"breadcrumb\":{\"@id\":\"https:\/\/vieassociative.be\/actualites\/the-economist-accuse-lancienne-chanceliere-angela-merkel-detre-responsable-du-declin-de-lallemagne\/#breadcrumb\"},\"inLanguage\":\"fr-BE\",\"potentialAction\":[{\"@type\":\"ReadAction\",\"target\":[\"https:\/\/vieassociative.be\/actualites\/the-economist-accuse-lancienne-chanceliere-angela-merkel-detre-responsable-du-declin-de-lallemagne\/\"]}]},{\"@type\":\"ImageObject\",\"inLanguage\":\"fr-BE\",\"@id\":\"https:\/\/vieassociative.be\/actualites\/the-economist-accuse-lancienne-chanceliere-angela-merkel-detre-responsable-du-declin-de-lallemagne\/#primaryimage\",\"url\":\"https:\/\/vieassociative.be\/actualites\/wp-content\/uploads\/2024\/10\/The-Economist-accuse-lancienne-chanceliere-Angela-Merkel-detre.jpg\",\"contentUrl\":\"https:\/\/vieassociative.be\/actualites\/wp-content\/uploads\/2024\/10\/The-Economist-accuse-lancienne-chanceliere-Angela-Merkel-detre.jpg\",\"width\":1280,\"height\":853,\"caption\":\"\u00ab The Economist \u00bb accuse l\u2019ancienne chanceli\u00e8re Angela Merkel d\u2019\u00eatre responsable du d\u00e9clin de l\u2019Allemagne\"},{\"@type\":\"BreadcrumbList\",\"@id\":\"https:\/\/vieassociative.be\/actualites\/the-economist-accuse-lancienne-chanceliere-angela-merkel-detre-responsable-du-declin-de-lallemagne\/#breadcrumb\",\"itemListElement\":[{\"@type\":\"ListItem\",\"position\":1,\"name\":\"Accueil\",\"item\":\"https:\/\/vieassociative.be\/actualites\/\"},{\"@type\":\"ListItem\",\"position\":2,\"name\":\"\u00ab The Economist \u00bb accuse l\u2019ancienne chanceli\u00e8re Angela Merkel d\u2019\u00eatre responsable du d\u00e9clin de l\u2019Allemagne\"}]},{\"@type\":\"WebSite\",\"@id\":\"https:\/\/vieassociative.be\/actualites\/#website\",\"url\":\"https:\/\/vieassociative.be\/actualites\/\",\"name\":\"Vie Associative\",\"description\":\"\",\"publisher\":{\"@id\":\"https:\/\/vieassociative.be\/actualites\/#organization\"},\"potentialAction\":[{\"@type\":\"SearchAction\",\"target\":{\"@type\":\"EntryPoint\",\"urlTemplate\":\"https:\/\/vieassociative.be\/actualites\/?s={search_term_string}\"},\"query-input\":{\"@type\":\"PropertyValueSpecification\",\"valueRequired\":true,\"valueName\":\"search_term_string\"}}],\"inLanguage\":\"fr-BE\"},{\"@type\":\"Organization\",\"@id\":\"https:\/\/vieassociative.be\/actualites\/#organization\",\"name\":\"Vie Associative\",\"url\":\"https:\/\/vieassociative.be\/actualites\/\",\"logo\":{\"@type\":\"ImageObject\",\"inLanguage\":\"fr-BE\",\"@id\":\"https:\/\/vieassociative.be\/actualites\/#\/schema\/logo\/image\/\",\"url\":\"https:\/\/vieassociative.be\/actualites\/wp-content\/uploads\/2024\/09\/cropped-vieassociative_favicon.ico.png\",\"contentUrl\":\"https:\/\/vieassociative.be\/actualites\/wp-content\/uploads\/2024\/09\/cropped-vieassociative_favicon.ico.png\",\"width\":512,\"height\":512,\"caption\":\"Vie Associative\"},\"image\":{\"@id\":\"https:\/\/vieassociative.be\/actualites\/#\/schema\/logo\/image\/\"}},{\"@type\":\"Person\",\"@id\":\"https:\/\/vieassociative.be\/actualites\/#\/schema\/person\/b87ac4f82f9d4e7b7cec7395b679edc4\",\"name\":\"Julien\",\"image\":{\"@type\":\"ImageObject\",\"inLanguage\":\"fr-BE\",\"@id\":\"https:\/\/vieassociative.be\/actualites\/#\/schema\/person\/image\/\",\"url\":\"https:\/\/vieassociative.be\/actualites\/wp-content\/uploads\/2024\/09\/vie-associative-1-150x150.jpg\",\"contentUrl\":\"https:\/\/vieassociative.be\/actualites\/wp-content\/uploads\/2024\/09\/vie-associative-1-150x150.jpg\",\"caption\":\"Julien\"},\"description\":\"Je suis Julien, r\u00e9dacteur pour Vie Associative. Passionn\u00e9 par le monde associatif depuis plus de 10 ans, j'ai \u00e0 c\u0153ur de partager des histoires inspirantes et de mettre en lumi\u00e8re les initiatives locales. Mon objectif est de sensibiliser et d'encourager l'engagement communautaire \u00e0 travers mes articles.\",\"sameAs\":[\"https:\/\/vieassociative.be\/\"]}]}<\/script>\n<!-- \/ Yoast SEO plugin. -->","yoast_head_json":{"title":"\u00ab The Economist \u00bb accuse l\u2019ancienne chanceli\u00e8re Angela Merkel d\u2019\u00eatre responsable du d\u00e9clin de l\u2019Allemagne | Vie Associative","robots":{"index":"index","follow":"follow","max-snippet":"max-snippet:-1","max-image-preview":"max-image-preview:large","max-video-preview":"max-video-preview:-1"},"canonical":"https:\/\/vieassociative.be\/actualites\/the-economist-accuse-lancienne-chanceliere-angela-merkel-detre-responsable-du-declin-de-lallemagne\/","og_locale":"fr_FR","og_type":"article","og_title":"\u00ab The Economist \u00bb accuse l\u2019ancienne chanceli\u00e8re Angela Merkel d\u2019\u00eatre responsable du d\u00e9clin de l\u2019Allemagne | Vie Associative","og_description":"Avant la parution dans quelques semaines des m\u00e9moires d&rsquo;Angela Merkel (\u00ab\u00a0Libert\u00e9. Souvenirs 1954-2021\u00a0\u00bb), le magazine \u00e9conomique britannique \u00ab\u00a0The Economist\u00a0\u00bb fait le point sur les 16","og_url":"https:\/\/vieassociative.be\/actualites\/the-economist-accuse-lancienne-chanceliere-angela-merkel-detre-responsable-du-declin-de-lallemagne\/","og_site_name":"Vie Associative","article_published_time":"2024-10-28T08:21:44+00:00","og_image":[{"url":"https:\/\/vieassociative.be\/actualites\/wp-content\/uploads\/2024\/10\/The-Economist-accuse-lancienne-chanceliere-Angela-Merkel-detre.jpeg","type":"","width":"","height":""}],"author":"Julien","twitter_card":"summary_large_image","twitter_misc":{"\u00c9crit par":"Julien","Dur\u00e9e de lecture est.":"2 minutes"},"schema":{"@context":"https:\/\/schema.org","@graph":[{"@type":"Article","@id":"https:\/\/vieassociative.be\/actualites\/the-economist-accuse-lancienne-chanceliere-angela-merkel-detre-responsable-du-declin-de-lallemagne\/#article","isPartOf":{"@id":"https:\/\/vieassociative.be\/actualites\/the-economist-accuse-lancienne-chanceliere-angela-merkel-detre-responsable-du-declin-de-lallemagne\/"},"author":{"name":"Julien","@id":"https:\/\/vieassociative.be\/actualites\/#\/schema\/person\/b87ac4f82f9d4e7b7cec7395b679edc4"},"headline":"\u00ab The Economist \u00bb accuse l\u2019ancienne chanceli\u00e8re Angela Merkel d\u2019\u00eatre responsable du d\u00e9clin de l\u2019Allemagne","datePublished":"2024-10-28T08:21:44+00:00","dateModified":"2024-10-28T08:21:44+00:00","mainEntityOfPage":{"@id":"https:\/\/vieassociative.be\/actualites\/the-economist-accuse-lancienne-chanceliere-angela-merkel-detre-responsable-du-declin-de-lallemagne\/"},"wordCount":360,"publisher":{"@id":"https:\/\/vieassociative.be\/actualites\/#organization"},"image":{"@id":"https:\/\/vieassociative.be\/actualites\/the-economist-accuse-lancienne-chanceliere-angela-merkel-detre-responsable-du-declin-de-lallemagne\/#primaryimage"},"thumbnailUrl":"https:\/\/vieassociative.be\/actualites\/wp-content\/uploads\/2024\/10\/The-Economist-accuse-lancienne-chanceliere-Angela-Merkel-detre.jpg","keywords":["accuse","Angela","chanceli\u00e8re","d\u00e9clin","d\u00eatre","Economist","lAllemagne","lancienne","Merkel","responsable"],"articleSection":["Belgique"],"inLanguage":"fr-BE"},{"@type":"WebPage","@id":"https:\/\/vieassociative.be\/actualites\/the-economist-accuse-lancienne-chanceliere-angela-merkel-detre-responsable-du-declin-de-lallemagne\/","url":"https:\/\/vieassociative.be\/actualites\/the-economist-accuse-lancienne-chanceliere-angela-merkel-detre-responsable-du-declin-de-lallemagne\/","name":"\u00ab The Economist \u00bb accuse l\u2019ancienne chanceli\u00e8re Angela Merkel d\u2019\u00eatre responsable du d\u00e9clin de l\u2019Allemagne | Vie Associative","isPartOf":{"@id":"https:\/\/vieassociative.be\/actualites\/#website"},"primaryImageOfPage":{"@id":"https:\/\/vieassociative.be\/actualites\/the-economist-accuse-lancienne-chanceliere-angela-merkel-detre-responsable-du-declin-de-lallemagne\/#primaryimage"},"image":{"@id":"https:\/\/vieassociative.be\/actualites\/the-economist-accuse-lancienne-chanceliere-angela-merkel-detre-responsable-du-declin-de-lallemagne\/#primaryimage"},"thumbnailUrl":"https:\/\/vieassociative.be\/actualites\/wp-content\/uploads\/2024\/10\/The-Economist-accuse-lancienne-chanceliere-Angela-Merkel-detre.jpg","datePublished":"2024-10-28T08:21:44+00:00","dateModified":"2024-10-28T08:21:44+00:00","breadcrumb":{"@id":"https:\/\/vieassociative.be\/actualites\/the-economist-accuse-lancienne-chanceliere-angela-merkel-detre-responsable-du-declin-de-lallemagne\/#breadcrumb"},"inLanguage":"fr-BE","potentialAction":[{"@type":"ReadAction","target":["https:\/\/vieassociative.be\/actualites\/the-economist-accuse-lancienne-chanceliere-angela-merkel-detre-responsable-du-declin-de-lallemagne\/"]}]},{"@type":"ImageObject","inLanguage":"fr-BE","@id":"https:\/\/vieassociative.be\/actualites\/the-economist-accuse-lancienne-chanceliere-angela-merkel-detre-responsable-du-declin-de-lallemagne\/#primaryimage","url":"https:\/\/vieassociative.be\/actualites\/wp-content\/uploads\/2024\/10\/The-Economist-accuse-lancienne-chanceliere-Angela-Merkel-detre.jpg","contentUrl":"https:\/\/vieassociative.be\/actualites\/wp-content\/uploads\/2024\/10\/The-Economist-accuse-lancienne-chanceliere-Angela-Merkel-detre.jpg","width":1280,"height":853,"caption":"\u00ab The Economist \u00bb accuse l\u2019ancienne chanceli\u00e8re Angela Merkel d\u2019\u00eatre responsable du d\u00e9clin de l\u2019Allemagne"},{"@type":"BreadcrumbList","@id":"https:\/\/vieassociative.be\/actualites\/the-economist-accuse-lancienne-chanceliere-angela-merkel-detre-responsable-du-declin-de-lallemagne\/#breadcrumb","itemListElement":[{"@type":"ListItem","position":1,"name":"Accueil","item":"https:\/\/vieassociative.be\/actualites\/"},{"@type":"ListItem","position":2,"name":"\u00ab The Economist \u00bb accuse l\u2019ancienne chanceli\u00e8re Angela Merkel d\u2019\u00eatre responsable du d\u00e9clin de l\u2019Allemagne"}]},{"@type":"WebSite","@id":"https:\/\/vieassociative.be\/actualites\/#website","url":"https:\/\/vieassociative.be\/actualites\/","name":"Vie Associative","description":"","publisher":{"@id":"https:\/\/vieassociative.be\/actualites\/#organization"},"potentialAction":[{"@type":"SearchAction","target":{"@type":"EntryPoint","urlTemplate":"https:\/\/vieassociative.be\/actualites\/?s={search_term_string}"},"query-input":{"@type":"PropertyValueSpecification","valueRequired":true,"valueName":"search_term_string"}}],"inLanguage":"fr-BE"},{"@type":"Organization","@id":"https:\/\/vieassociative.be\/actualites\/#organization","name":"Vie Associative","url":"https:\/\/vieassociative.be\/actualites\/","logo":{"@type":"ImageObject","inLanguage":"fr-BE","@id":"https:\/\/vieassociative.be\/actualites\/#\/schema\/logo\/image\/","url":"https:\/\/vieassociative.be\/actualites\/wp-content\/uploads\/2024\/09\/cropped-vieassociative_favicon.ico.png","contentUrl":"https:\/\/vieassociative.be\/actualites\/wp-content\/uploads\/2024\/09\/cropped-vieassociative_favicon.ico.png","width":512,"height":512,"caption":"Vie Associative"},"image":{"@id":"https:\/\/vieassociative.be\/actualites\/#\/schema\/logo\/image\/"}},{"@type":"Person","@id":"https:\/\/vieassociative.be\/actualites\/#\/schema\/person\/b87ac4f82f9d4e7b7cec7395b679edc4","name":"Julien","image":{"@type":"ImageObject","inLanguage":"fr-BE","@id":"https:\/\/vieassociative.be\/actualites\/#\/schema\/person\/image\/","url":"https:\/\/vieassociative.be\/actualites\/wp-content\/uploads\/2024\/09\/vie-associative-1-150x150.jpg","contentUrl":"https:\/\/vieassociative.be\/actualites\/wp-content\/uploads\/2024\/09\/vie-associative-1-150x150.jpg","caption":"Julien"},"description":"Je suis Julien, r\u00e9dacteur pour Vie Associative. Passionn\u00e9 par le monde associatif depuis plus de 10 ans, j'ai \u00e0 c\u0153ur de partager des histoires inspirantes et de mettre en lumi\u00e8re les initiatives locales. Mon objectif est de sensibiliser et d'encourager l'engagement communautaire \u00e0 travers mes articles.","sameAs":["https:\/\/vieassociative.be\/"]}]}},"_links":{"self":[{"href":"https:\/\/vieassociative.be\/actualites\/wp-json\/wp\/v2\/posts\/1742"}],"collection":[{"href":"https:\/\/vieassociative.be\/actualites\/wp-json\/wp\/v2\/posts"}],"about":[{"href":"https:\/\/vieassociative.be\/actualites\/wp-json\/wp\/v2\/types\/post"}],"author":[{"embeddable":true,"href":"https:\/\/vieassociative.be\/actualites\/wp-json\/wp\/v2\/users\/1"}],"replies":[{"embeddable":true,"href":"https:\/\/vieassociative.be\/actualites\/wp-json\/wp\/v2\/comments?post=1742"}],"version-history":[{"count":0,"href":"https:\/\/vieassociative.be\/actualites\/wp-json\/wp\/v2\/posts\/1742\/revisions"}],"wp:featuredmedia":[{"embeddable":true,"href":"https:\/\/vieassociative.be\/actualites\/wp-json\/wp\/v2\/media\/1743"}],"wp:attachment":[{"href":"https:\/\/vieassociative.be\/actualites\/wp-json\/wp\/v2\/media?parent=1742"}],"wp:term":[{"taxonomy":"category","embeddable":true,"href":"https:\/\/vieassociative.be\/actualites\/wp-json\/wp\/v2\/categories?post=1742"},{"taxonomy":"post_tag","embeddable":true,"href":"https:\/\/vieassociative.be\/actualites\/wp-json\/wp\/v2\/tags?post=1742"}],"curies":[{"name":"wp","href":"https:\/\/api.w.org\/{rel}","templated":true}]}}