{"id":1736,"date":"2024-10-28T06:23:13","date_gmt":"2024-10-28T05:23:13","guid":{"rendered":"https:\/\/vieassociative.be\/actualites\/comment-proteger-votre-adolescent-des-effets-nefastes-des-medias-sociaux\/"},"modified":"2024-10-28T06:23:13","modified_gmt":"2024-10-28T05:23:13","slug":"comment-proteger-votre-adolescent-des-effets-nefastes-des-medias-sociaux","status":"publish","type":"post","link":"https:\/\/vieassociative.be\/actualites\/comment-proteger-votre-adolescent-des-effets-nefastes-des-medias-sociaux\/","title":{"rendered":"Comment prot\u00e9ger votre adolescent des effets n\u00e9fastes des m\u00e9dias sociaux"},"content":{"rendered":"<div class=\"mt-4 leading-6 md:mb-8\">Ce que dit le nouveau rapport du US Surgeon General sur les adolescents et les m\u00e9dias sociaux, et ce que les parents devraient faire \u00e0 ce sujet.<\/div>\n<p><\/p>\n<p>Un nouvel avis du Surgeon General des \u00c9tats-Unis intitul\u00e9 \u00ab M\u00e9dias sociaux et sant\u00e9 mentale des jeunes \u00bb d\u00e9crit comment les m\u00e9dias sociaux modifient le cerveau des adolescents et alt\u00e8rent leurs comp\u00e9tences sociales. Ces d\u00e9couvertes effrayantes peuvent vous faire paniquer, vous demandant si vous devez d\u00e9sinstaller Internet de votre maison. M\u00eame si vous savez que l&rsquo;interdiction des m\u00e9dias sociaux n&#8217;emp\u00eachera probablement pas votre enfant d&rsquo;y acc\u00e9der et pourrait m\u00eame lui donner envie d&rsquo;\u00eatre davantage en ligne, vous souhaitez quand m\u00eame contribuer \u00e0 att\u00e9nuer ces effets n\u00e9gatifs. Des experts des m\u00e9dias, de la jeunesse et de la sant\u00e9 mentale se prononcent sur la meilleure fa\u00e7on de naviguer dans ces eaux difficiles. <\/p>\n<h2 id=\"what-is-the-report-actually-saying\">Que dit r\u00e9ellement le rapport ?<\/h2>\n<p>Le titre donne l\u2019impression que tous les r\u00e9seaux sociaux sont mauvais, mais ne paniquez pas encore. \u00ab\u00a0Lorsque les parents et les tuteurs voient les gros titres effrayants qui r\u00e9sultent de rapports comme celui-ci, il est facile de tirer des conclusions h\u00e2tives que les m\u00e9dias sociaux sont automatiquement tr\u00e8s mauvais pour les enfants\u00a0\u00bb, d\u00e9clare la psychologue du d\u00e9veloppement Tia Kim, vice-pr\u00e9sidente de l&rsquo;\u00e9ducation, de la recherche et de l&rsquo;impact au Comit\u00e9. for Children, une organisation mondiale \u00e0 but non lucratif qui soutient le bien-\u00eatre socio-\u00e9motionnel de plus de 26,9 millions d&rsquo;enfants chaque ann\u00e9e. Cependant, ce n\u2019est pas ce que rapporte l\u2019avis. <\/p>\n<p>\u00ab\u00a0Cela signifie que m\u00eame s&rsquo;il existe de bonnes preuves ou des \u00ab\u00a0tendances\u00a0\u00bb selon lesquelles les m\u00e9dias sociaux peuvent <em>potentiellement<\/em> \u00eatre nuisibles \u00bb, dit Kim, \u00ab les chercheurs ont encore besoin d\u2019en apprendre beaucoup plus \u00bb. <\/p>\n<p>Vous avez peut-\u00eatre entendu parler de ces tendances ou d\u00e9fis, dont certains peuvent causer de graves pr\u00e9judices aux enfants. Le rapport montre \u00e9galement une association entre une utilisation fr\u00e9quente des m\u00e9dias sociaux et une sant\u00e9 mentale n\u00e9gative. <\/p>\n<p>\u00ab\u00a0Les jeunes qui consultaient plus souvent leurs plateformes de m\u00e9dias sociaux \u00e9taient plus susceptibles d&rsquo;\u00eatre sensibles aux r\u00e9compenses et aux punitions sociales g\u00e9n\u00e9rales\u00a0\u00bb, explique Stephanie Marcello, psychologue en chef \u00e0 l&rsquo;Universit\u00e9 Rutgers Behavioral Health Care. \u00ab Essentiellement, ils ont constat\u00e9 des changements dans le cerveau, qui \u00e9taient plus sensibles aux r\u00e9actions sociales. Cela continue d\u2019avoir un impact sur la fa\u00e7on dont le cerveau se d\u00e9veloppe \u00e0 l\u2019\u00e2ge adulte. (Elle cite une \u00e9tude qui a trouv\u00e9 ces associations.)<\/p>\n<h2 id=\"how-social-media-changes-kids-brains\">Comment les r\u00e9seaux sociaux changent le cerveau des enfants<\/h2>\n<p>Le cerveau des enfants se d\u00e9veloppe constamment et rapidement. Pendant la pubert\u00e9, dit Marcello, \u00ab le cerveau subit des changements de d\u00e9veloppement spectaculaires \u00bb, parmi lesquels \u00ab les r\u00e9gions c\u00e9r\u00e9brales associ\u00e9es au d\u00e9sir d\u2019attention des pairs deviennent de plus en plus sensibles \u00bb. Elle dit que ce d\u00e9sir d\u2019attention est exactement ce que l\u2019utilisation des m\u00e9dias sociaux peut exploiter. Associ\u00e9 \u00e0 une ma\u00eetrise de soi sous-d\u00e9velopp\u00e9e, tout cela \u00ab indique \u00e0 quel point le cerveau des adolescents est vuln\u00e9rable \u00bb.<\/p>\n<p>Kim explique comment ces changements c\u00e9r\u00e9braux se traduisent par des fa\u00e7ons d&rsquo;interagir avec le monde tout au long de la vie. <\/p>\n<p>\u00ab Les exp\u00e9riences positives et n\u00e9gatives contribuent \u00e0 fa\u00e7onner certaines parties du cerveau des adolescents ainsi que leur bien-\u00eatre \u00bb, dit-elle. \u00c9tant donn\u00e9 que les enfants estiment que les exp\u00e9riences virtuelles et r\u00e9elles sont tout aussi importantes, leurs comp\u00e9tences sociales peuvent \u00eatre gravement affect\u00e9es par une mauvaise utilisation des m\u00e9dias sociaux. \u00ab\u00a0L&rsquo;un des principaux effets n\u00e9gatifs des m\u00e9dias sociaux sur les comp\u00e9tences socio-\u00e9motionnelles des enfants est d&rsquo;inhiber leurs comp\u00e9tences sociales r\u00e9elles\u00a0\u00bb, explique Kim, ce qui se traduit par \u00ab\u00a0une perception d\u00e9form\u00e9e du monde r\u00e9el\u00a0\u00bb. <\/p>\n<p>Marcello affirme que les exp\u00e9riences sociales virtuelles des enfants affectent les comp\u00e9tences sociales car, comme elles ne se produisent pas en temps r\u00e9el, \u00ab les enfants sont essentiellement priv\u00e9s de l&rsquo;apprentissage et de la mise en pratique de toutes ces comp\u00e9tences \u00bb, telles que les signaux sociaux non verbaux. Tout cela conduit \u00e0 un sentiment de d\u00e9passement, et selon Marcello, cela augmente le risque d&rsquo;anxi\u00e9t\u00e9 dans les relations sociales et futures sur le lieu de travail. <\/p>\n<h2 id=\"what-should-parents-do\">Que doivent faire les parents ?<\/h2>\n<p>Interdire les m\u00e9dias sociaux ne sera probablement pas utile, car les enfants auront acc\u00e8s \u00e0 l&rsquo;utilisation des m\u00e9dias par leurs amis et trouveront peut-\u00eatre des moyens de se faufiler ou de cacher leur utilisation des m\u00e9dias sociaux. Bien que vous ne puissiez pas regarder par-dessus l&rsquo;\u00e9paule de votre enfant tout le temps, Marcello d\u00e9clare : \u00ab Les soignants et les parents doivent surveiller de pr\u00e8s le flux des m\u00e9dias sociaux de leurs enfants au d\u00e9but de l&rsquo;adolescence, en particulier, entre 10 et 14 ans environ \u00bb et \u00ab devraient \u00eatre \u00e0 l&rsquo;aff\u00fbt pour essayer pour minimiser ou arr\u00eater les contenus dangereux auxquels leur enfant est expos\u00e9 \u00bb, comme les sujets li\u00e9s au racisme et au suicide ou qui favorisent l&rsquo;intimidation. Essayez de cr\u00e9er un environnement familial dans lequel votre enfant peut vous parler de ce qu&rsquo;il voit en ligne et si c&rsquo;est inappropri\u00e9 ou non. <\/p>\n<p>Kim sugg\u00e8re d&rsquo;inclure les enfants dans le processus d\u00e9cisionnel concernant la fixation des limites de temps d&rsquo;\u00e9cran. \u00ab Par exemple, vous pouvez demander \u00e0 votre adolescent comment il per\u00e7oit sa relation avec les m\u00e9dias sociaux, puis lui demander quelles solutions il aimerait mettre en \u0153uvre pour que sa relation avec les m\u00e9dias sociaux reste positive \u00bb, explique-t-elle. En faisant d&rsquo;eux des participants actifs dans l&rsquo;\u00e9tablissement de limites, Kim affirme que les limites ressembleront moins \u00e0 une punition. <\/p>\n<p>Marcello dit \u00e9galement qu&rsquo;il est important de donner l&rsquo;exemple d&rsquo;une bonne utilisation des m\u00e9dias sociaux et de limiter le temps pass\u00e9 sur votre t\u00e9l\u00e9phone, en particulier en pr\u00e9sence de vos enfants. Vous pouvez \u00e9galement utiliser vos propres r\u00e9seaux sociaux pour lancer des conversations sur la diff\u00e9rence entre la vie r\u00e9elle et le cyberverse. <\/p>\n<p>\u00ab\u00a0Lorsque nos connaissances familiales publient des images ou des histoires qui ne sont peut-\u00eatre pas totalement r\u00e9alistes\u00a0\u00bb, dit Kim, cela ouvre la porte \u00e0 ces conversations, car elles peuvent comparer ce qu&rsquo;elles savent de la vie de la personne \u00e0 ce qu&rsquo;elles choisissent de montrer. <\/p>\n<p>Aidez \u00e0 encourager votre enfant \u00e0 avoir des interactions sociales positives dans le monde r\u00e9el. Marcello sugg\u00e8re d\u2019accorder une attention particuli\u00e8re \u00e0 la recherche de \u00ab choses en dehors de la technologie qui les int\u00e9ressent \u00bb, comme le sport, la musique et \u00ab tout ce qui suscite leur int\u00e9r\u00eat et leur donne confiance \u00bb. Elle dit que l\u2019accent ne devrait pas \u00eatre mis sur leur apparence mais sur ce qu\u2019ils font. Il est \u00e9galement important d&rsquo;int\u00e9grer \u00e0 la maison des comp\u00e9tences qui permettront aux enfants de prendre de bonnes d\u00e9cisions en ligne. <\/p>\n<p>\u00ab\u00a0Le moyen le plus simple pour les parents d&rsquo;att\u00e9nuer ces \u00e9ventuels effets n\u00e9fastes sur les adolescents est de redoubler d&rsquo;efforts pour enseigner aux enfants des comp\u00e9tences telles que la conscience de soi pour comprendre que la fa\u00e7on dont ils se pr\u00e9sentent sur les r\u00e9seaux sociaux doit refl\u00e9ter leurs valeurs, l&rsquo;autodiscipline pour fixer des limites saines autour des r\u00e9seaux sociaux. consommation et prise de d\u00e9cision responsable pour \u00eatre un bon citoyen num\u00e9rique et signaler des ph\u00e9nom\u00e8nes tels que la cyberintimidation \u00bb, explique Kim. <\/p>\n<p>Ces comp\u00e9tences seront utiles non seulement avec les m\u00e9dias sociaux, mais \u00e9galement dans les interactions r\u00e9elles.<\/p>\n","protected":false},"excerpt":{"rendered":"<p>Ce que dit le nouveau rapport du US Surgeon General sur les adolescents et les m\u00e9dias sociaux, et ce que les parents devraient faire \u00e0<\/p>\n","protected":false},"author":1,"featured_media":1737,"comment_status":"","ping_status":"","sticky":false,"template":"","format":"standard","meta":{"footnotes":""},"categories":[37],"tags":[2270,44,29,2364,2275,2365,275,865,8],"class_list":["post-1736","post","type-post","status-publish","format-standard","has-post-thumbnail","hentry","category-famille","tag-adolescent","tag-comment","tag-des","tag-effets","tag-medias","tag-nefastes","tag-proteger","tag-sociaux","tag-votre","generate-columns","tablet-grid-50","mobile-grid-100","grid-parent","grid-33"],"yoast_head":"<!-- This site is optimized with the Yoast SEO plugin v24.0 - https:\/\/yoast.com\/wordpress\/plugins\/seo\/ -->\n<title>Comment prot\u00e9ger votre adolescent des effets n\u00e9fastes des m\u00e9dias sociaux | Vie Associative<\/title>\n<meta name=\"robots\" content=\"index, follow, max-snippet:-1, max-image-preview:large, max-video-preview:-1\" \/>\n<link rel=\"canonical\" href=\"https:\/\/vieassociative.be\/actualites\/comment-proteger-votre-adolescent-des-effets-nefastes-des-medias-sociaux\/\" \/>\n<meta property=\"og:locale\" content=\"fr_FR\" \/>\n<meta property=\"og:type\" content=\"article\" \/>\n<meta property=\"og:title\" content=\"Comment prot\u00e9ger votre adolescent des effets n\u00e9fastes des m\u00e9dias sociaux | Vie Associative\" \/>\n<meta property=\"og:description\" content=\"Ce que dit le nouveau rapport du US Surgeon General sur les adolescents et les m\u00e9dias sociaux, et ce que les parents devraient faire \u00e0\" \/>\n<meta property=\"og:url\" content=\"https:\/\/vieassociative.be\/actualites\/comment-proteger-votre-adolescent-des-effets-nefastes-des-medias-sociaux\/\" \/>\n<meta property=\"og:site_name\" content=\"Vie Associative\" \/>\n<meta property=\"article:published_time\" content=\"2024-10-28T05:23:13+00:00\" \/>\n<meta property=\"og:image\" content=\"https:\/\/vieassociative.be\/actualites\/wp-content\/uploads\/2024\/09\/header_backgroundk-01-e1726694325946.png\" \/>\n\t<meta property=\"og:image:width\" content=\"279\" \/>\n\t<meta property=\"og:image:height\" content=\"92\" \/>\n\t<meta property=\"og:image:type\" content=\"image\/png\" \/>\n<meta name=\"author\" content=\"Julien\" \/>\n<meta name=\"twitter:card\" content=\"summary_large_image\" \/>\n<meta name=\"twitter:label1\" content=\"\u00c9crit par\" \/>\n\t<meta name=\"twitter:data1\" content=\"Julien\" \/>\n\t<meta name=\"twitter:label2\" content=\"Dur\u00e9e de lecture est.\" \/>\n\t<meta name=\"twitter:data2\" content=\"6 minutes\" \/>\n<script type=\"application\/ld+json\" class=\"yoast-schema-graph\">{\"@context\":\"https:\/\/schema.org\",\"@graph\":[{\"@type\":\"Article\",\"@id\":\"https:\/\/vieassociative.be\/actualites\/comment-proteger-votre-adolescent-des-effets-nefastes-des-medias-sociaux\/#article\",\"isPartOf\":{\"@id\":\"https:\/\/vieassociative.be\/actualites\/comment-proteger-votre-adolescent-des-effets-nefastes-des-medias-sociaux\/\"},\"author\":{\"name\":\"Julien\",\"@id\":\"https:\/\/vieassociative.be\/actualites\/#\/schema\/person\/b87ac4f82f9d4e7b7cec7395b679edc4\"},\"headline\":\"Comment prot\u00e9ger votre adolescent des effets n\u00e9fastes des m\u00e9dias sociaux\",\"datePublished\":\"2024-10-28T05:23:13+00:00\",\"dateModified\":\"2024-10-28T05:23:13+00:00\",\"mainEntityOfPage\":{\"@id\":\"https:\/\/vieassociative.be\/actualites\/comment-proteger-votre-adolescent-des-effets-nefastes-des-medias-sociaux\/\"},\"wordCount\":1324,\"publisher\":{\"@id\":\"https:\/\/vieassociative.be\/actualites\/#organization\"},\"image\":{\"@id\":\"https:\/\/vieassociative.be\/actualites\/comment-proteger-votre-adolescent-des-effets-nefastes-des-medias-sociaux\/#primaryimage\"},\"thumbnailUrl\":\"https:\/\/vieassociative.be\/actualites\/wp-content\/uploads\/2024\/10\/Comment-proteger-votre-adolescent-des-effets-nefastes-des-medias-sociaux.jpg\",\"keywords\":[\"adolescent\",\"Comment\",\"Des\",\"effets\",\"m\u00e9dias\",\"n\u00e9fastes\",\"prot\u00e9ger\",\"sociaux\",\"votre\"],\"articleSection\":[\"Famille\"],\"inLanguage\":\"fr-BE\"},{\"@type\":\"WebPage\",\"@id\":\"https:\/\/vieassociative.be\/actualites\/comment-proteger-votre-adolescent-des-effets-nefastes-des-medias-sociaux\/\",\"url\":\"https:\/\/vieassociative.be\/actualites\/comment-proteger-votre-adolescent-des-effets-nefastes-des-medias-sociaux\/\",\"name\":\"Comment prot\u00e9ger votre adolescent des effets n\u00e9fastes des m\u00e9dias sociaux | Vie Associative\",\"isPartOf\":{\"@id\":\"https:\/\/vieassociative.be\/actualites\/#website\"},\"primaryImageOfPage\":{\"@id\":\"https:\/\/vieassociative.be\/actualites\/comment-proteger-votre-adolescent-des-effets-nefastes-des-medias-sociaux\/#primaryimage\"},\"image\":{\"@id\":\"https:\/\/vieassociative.be\/actualites\/comment-proteger-votre-adolescent-des-effets-nefastes-des-medias-sociaux\/#primaryimage\"},\"thumbnailUrl\":\"https:\/\/vieassociative.be\/actualites\/wp-content\/uploads\/2024\/10\/Comment-proteger-votre-adolescent-des-effets-nefastes-des-medias-sociaux.jpg\",\"datePublished\":\"2024-10-28T05:23:13+00:00\",\"dateModified\":\"2024-10-28T05:23:13+00:00\",\"breadcrumb\":{\"@id\":\"https:\/\/vieassociative.be\/actualites\/comment-proteger-votre-adolescent-des-effets-nefastes-des-medias-sociaux\/#breadcrumb\"},\"inLanguage\":\"fr-BE\",\"potentialAction\":[{\"@type\":\"ReadAction\",\"target\":[\"https:\/\/vieassociative.be\/actualites\/comment-proteger-votre-adolescent-des-effets-nefastes-des-medias-sociaux\/\"]}]},{\"@type\":\"ImageObject\",\"inLanguage\":\"fr-BE\",\"@id\":\"https:\/\/vieassociative.be\/actualites\/comment-proteger-votre-adolescent-des-effets-nefastes-des-medias-sociaux\/#primaryimage\",\"url\":\"https:\/\/vieassociative.be\/actualites\/wp-content\/uploads\/2024\/10\/Comment-proteger-votre-adolescent-des-effets-nefastes-des-medias-sociaux.jpg\",\"contentUrl\":\"https:\/\/vieassociative.be\/actualites\/wp-content\/uploads\/2024\/10\/Comment-proteger-votre-adolescent-des-effets-nefastes-des-medias-sociaux.jpg\",\"width\":1200,\"height\":675,\"caption\":\"Comment prot\u00e9ger votre adolescent des effets n\u00e9fastes des m\u00e9dias sociaux\"},{\"@type\":\"BreadcrumbList\",\"@id\":\"https:\/\/vieassociative.be\/actualites\/comment-proteger-votre-adolescent-des-effets-nefastes-des-medias-sociaux\/#breadcrumb\",\"itemListElement\":[{\"@type\":\"ListItem\",\"position\":1,\"name\":\"Accueil\",\"item\":\"https:\/\/vieassociative.be\/actualites\/\"},{\"@type\":\"ListItem\",\"position\":2,\"name\":\"Comment prot\u00e9ger votre adolescent des effets n\u00e9fastes des m\u00e9dias sociaux\"}]},{\"@type\":\"WebSite\",\"@id\":\"https:\/\/vieassociative.be\/actualites\/#website\",\"url\":\"https:\/\/vieassociative.be\/actualites\/\",\"name\":\"Vie Associative\",\"description\":\"\",\"publisher\":{\"@id\":\"https:\/\/vieassociative.be\/actualites\/#organization\"},\"potentialAction\":[{\"@type\":\"SearchAction\",\"target\":{\"@type\":\"EntryPoint\",\"urlTemplate\":\"https:\/\/vieassociative.be\/actualites\/?s={search_term_string}\"},\"query-input\":{\"@type\":\"PropertyValueSpecification\",\"valueRequired\":true,\"valueName\":\"search_term_string\"}}],\"inLanguage\":\"fr-BE\"},{\"@type\":\"Organization\",\"@id\":\"https:\/\/vieassociative.be\/actualites\/#organization\",\"name\":\"Vie Associative\",\"url\":\"https:\/\/vieassociative.be\/actualites\/\",\"logo\":{\"@type\":\"ImageObject\",\"inLanguage\":\"fr-BE\",\"@id\":\"https:\/\/vieassociative.be\/actualites\/#\/schema\/logo\/image\/\",\"url\":\"https:\/\/vieassociative.be\/actualites\/wp-content\/uploads\/2024\/09\/cropped-vieassociative_favicon.ico.png\",\"contentUrl\":\"https:\/\/vieassociative.be\/actualites\/wp-content\/uploads\/2024\/09\/cropped-vieassociative_favicon.ico.png\",\"width\":512,\"height\":512,\"caption\":\"Vie Associative\"},\"image\":{\"@id\":\"https:\/\/vieassociative.be\/actualites\/#\/schema\/logo\/image\/\"}},{\"@type\":\"Person\",\"@id\":\"https:\/\/vieassociative.be\/actualites\/#\/schema\/person\/b87ac4f82f9d4e7b7cec7395b679edc4\",\"name\":\"Julien\",\"image\":{\"@type\":\"ImageObject\",\"inLanguage\":\"fr-BE\",\"@id\":\"https:\/\/vieassociative.be\/actualites\/#\/schema\/person\/image\/\",\"url\":\"https:\/\/vieassociative.be\/actualites\/wp-content\/uploads\/2024\/09\/vie-associative-1-150x150.jpg\",\"contentUrl\":\"https:\/\/vieassociative.be\/actualites\/wp-content\/uploads\/2024\/09\/vie-associative-1-150x150.jpg\",\"caption\":\"Julien\"},\"description\":\"Je suis Julien, r\u00e9dacteur pour Vie Associative. Passionn\u00e9 par le monde associatif depuis plus de 10 ans, j'ai \u00e0 c\u0153ur de partager des histoires inspirantes et de mettre en lumi\u00e8re les initiatives locales. Mon objectif est de sensibiliser et d'encourager l'engagement communautaire \u00e0 travers mes articles.\",\"sameAs\":[\"https:\/\/vieassociative.be\/\"]}]}<\/script>\n<!-- \/ Yoast SEO plugin. -->","yoast_head_json":{"title":"Comment prot\u00e9ger votre adolescent des effets n\u00e9fastes des m\u00e9dias sociaux | Vie Associative","robots":{"index":"index","follow":"follow","max-snippet":"max-snippet:-1","max-image-preview":"max-image-preview:large","max-video-preview":"max-video-preview:-1"},"canonical":"https:\/\/vieassociative.be\/actualites\/comment-proteger-votre-adolescent-des-effets-nefastes-des-medias-sociaux\/","og_locale":"fr_FR","og_type":"article","og_title":"Comment prot\u00e9ger votre adolescent des effets n\u00e9fastes des m\u00e9dias sociaux | Vie Associative","og_description":"Ce que dit le nouveau rapport du US Surgeon General sur les adolescents et les m\u00e9dias sociaux, et ce que les parents devraient faire \u00e0","og_url":"https:\/\/vieassociative.be\/actualites\/comment-proteger-votre-adolescent-des-effets-nefastes-des-medias-sociaux\/","og_site_name":"Vie Associative","article_published_time":"2024-10-28T05:23:13+00:00","og_image":[{"width":279,"height":92,"url":"https:\/\/vieassociative.be\/actualites\/wp-content\/uploads\/2024\/09\/header_backgroundk-01-e1726694325946.png","type":"image\/png"}],"author":"Julien","twitter_card":"summary_large_image","twitter_misc":{"\u00c9crit par":"Julien","Dur\u00e9e de lecture est.":"6 minutes"},"schema":{"@context":"https:\/\/schema.org","@graph":[{"@type":"Article","@id":"https:\/\/vieassociative.be\/actualites\/comment-proteger-votre-adolescent-des-effets-nefastes-des-medias-sociaux\/#article","isPartOf":{"@id":"https:\/\/vieassociative.be\/actualites\/comment-proteger-votre-adolescent-des-effets-nefastes-des-medias-sociaux\/"},"author":{"name":"Julien","@id":"https:\/\/vieassociative.be\/actualites\/#\/schema\/person\/b87ac4f82f9d4e7b7cec7395b679edc4"},"headline":"Comment prot\u00e9ger votre adolescent des effets n\u00e9fastes des m\u00e9dias sociaux","datePublished":"2024-10-28T05:23:13+00:00","dateModified":"2024-10-28T05:23:13+00:00","mainEntityOfPage":{"@id":"https:\/\/vieassociative.be\/actualites\/comment-proteger-votre-adolescent-des-effets-nefastes-des-medias-sociaux\/"},"wordCount":1324,"publisher":{"@id":"https:\/\/vieassociative.be\/actualites\/#organization"},"image":{"@id":"https:\/\/vieassociative.be\/actualites\/comment-proteger-votre-adolescent-des-effets-nefastes-des-medias-sociaux\/#primaryimage"},"thumbnailUrl":"https:\/\/vieassociative.be\/actualites\/wp-content\/uploads\/2024\/10\/Comment-proteger-votre-adolescent-des-effets-nefastes-des-medias-sociaux.jpg","keywords":["adolescent","Comment","Des","effets","m\u00e9dias","n\u00e9fastes","prot\u00e9ger","sociaux","votre"],"articleSection":["Famille"],"inLanguage":"fr-BE"},{"@type":"WebPage","@id":"https:\/\/vieassociative.be\/actualites\/comment-proteger-votre-adolescent-des-effets-nefastes-des-medias-sociaux\/","url":"https:\/\/vieassociative.be\/actualites\/comment-proteger-votre-adolescent-des-effets-nefastes-des-medias-sociaux\/","name":"Comment prot\u00e9ger votre adolescent des effets n\u00e9fastes des m\u00e9dias sociaux | Vie Associative","isPartOf":{"@id":"https:\/\/vieassociative.be\/actualites\/#website"},"primaryImageOfPage":{"@id":"https:\/\/vieassociative.be\/actualites\/comment-proteger-votre-adolescent-des-effets-nefastes-des-medias-sociaux\/#primaryimage"},"image":{"@id":"https:\/\/vieassociative.be\/actualites\/comment-proteger-votre-adolescent-des-effets-nefastes-des-medias-sociaux\/#primaryimage"},"thumbnailUrl":"https:\/\/vieassociative.be\/actualites\/wp-content\/uploads\/2024\/10\/Comment-proteger-votre-adolescent-des-effets-nefastes-des-medias-sociaux.jpg","datePublished":"2024-10-28T05:23:13+00:00","dateModified":"2024-10-28T05:23:13+00:00","breadcrumb":{"@id":"https:\/\/vieassociative.be\/actualites\/comment-proteger-votre-adolescent-des-effets-nefastes-des-medias-sociaux\/#breadcrumb"},"inLanguage":"fr-BE","potentialAction":[{"@type":"ReadAction","target":["https:\/\/vieassociative.be\/actualites\/comment-proteger-votre-adolescent-des-effets-nefastes-des-medias-sociaux\/"]}]},{"@type":"ImageObject","inLanguage":"fr-BE","@id":"https:\/\/vieassociative.be\/actualites\/comment-proteger-votre-adolescent-des-effets-nefastes-des-medias-sociaux\/#primaryimage","url":"https:\/\/vieassociative.be\/actualites\/wp-content\/uploads\/2024\/10\/Comment-proteger-votre-adolescent-des-effets-nefastes-des-medias-sociaux.jpg","contentUrl":"https:\/\/vieassociative.be\/actualites\/wp-content\/uploads\/2024\/10\/Comment-proteger-votre-adolescent-des-effets-nefastes-des-medias-sociaux.jpg","width":1200,"height":675,"caption":"Comment prot\u00e9ger votre adolescent des effets n\u00e9fastes des m\u00e9dias sociaux"},{"@type":"BreadcrumbList","@id":"https:\/\/vieassociative.be\/actualites\/comment-proteger-votre-adolescent-des-effets-nefastes-des-medias-sociaux\/#breadcrumb","itemListElement":[{"@type":"ListItem","position":1,"name":"Accueil","item":"https:\/\/vieassociative.be\/actualites\/"},{"@type":"ListItem","position":2,"name":"Comment prot\u00e9ger votre adolescent des effets n\u00e9fastes des m\u00e9dias sociaux"}]},{"@type":"WebSite","@id":"https:\/\/vieassociative.be\/actualites\/#website","url":"https:\/\/vieassociative.be\/actualites\/","name":"Vie Associative","description":"","publisher":{"@id":"https:\/\/vieassociative.be\/actualites\/#organization"},"potentialAction":[{"@type":"SearchAction","target":{"@type":"EntryPoint","urlTemplate":"https:\/\/vieassociative.be\/actualites\/?s={search_term_string}"},"query-input":{"@type":"PropertyValueSpecification","valueRequired":true,"valueName":"search_term_string"}}],"inLanguage":"fr-BE"},{"@type":"Organization","@id":"https:\/\/vieassociative.be\/actualites\/#organization","name":"Vie Associative","url":"https:\/\/vieassociative.be\/actualites\/","logo":{"@type":"ImageObject","inLanguage":"fr-BE","@id":"https:\/\/vieassociative.be\/actualites\/#\/schema\/logo\/image\/","url":"https:\/\/vieassociative.be\/actualites\/wp-content\/uploads\/2024\/09\/cropped-vieassociative_favicon.ico.png","contentUrl":"https:\/\/vieassociative.be\/actualites\/wp-content\/uploads\/2024\/09\/cropped-vieassociative_favicon.ico.png","width":512,"height":512,"caption":"Vie Associative"},"image":{"@id":"https:\/\/vieassociative.be\/actualites\/#\/schema\/logo\/image\/"}},{"@type":"Person","@id":"https:\/\/vieassociative.be\/actualites\/#\/schema\/person\/b87ac4f82f9d4e7b7cec7395b679edc4","name":"Julien","image":{"@type":"ImageObject","inLanguage":"fr-BE","@id":"https:\/\/vieassociative.be\/actualites\/#\/schema\/person\/image\/","url":"https:\/\/vieassociative.be\/actualites\/wp-content\/uploads\/2024\/09\/vie-associative-1-150x150.jpg","contentUrl":"https:\/\/vieassociative.be\/actualites\/wp-content\/uploads\/2024\/09\/vie-associative-1-150x150.jpg","caption":"Julien"},"description":"Je suis Julien, r\u00e9dacteur pour Vie Associative. Passionn\u00e9 par le monde associatif depuis plus de 10 ans, j'ai \u00e0 c\u0153ur de partager des histoires inspirantes et de mettre en lumi\u00e8re les initiatives locales. Mon objectif est de sensibiliser et d'encourager l'engagement communautaire \u00e0 travers mes articles.","sameAs":["https:\/\/vieassociative.be\/"]}]}},"_links":{"self":[{"href":"https:\/\/vieassociative.be\/actualites\/wp-json\/wp\/v2\/posts\/1736"}],"collection":[{"href":"https:\/\/vieassociative.be\/actualites\/wp-json\/wp\/v2\/posts"}],"about":[{"href":"https:\/\/vieassociative.be\/actualites\/wp-json\/wp\/v2\/types\/post"}],"author":[{"embeddable":true,"href":"https:\/\/vieassociative.be\/actualites\/wp-json\/wp\/v2\/users\/1"}],"replies":[{"embeddable":true,"href":"https:\/\/vieassociative.be\/actualites\/wp-json\/wp\/v2\/comments?post=1736"}],"version-history":[{"count":0,"href":"https:\/\/vieassociative.be\/actualites\/wp-json\/wp\/v2\/posts\/1736\/revisions"}],"wp:featuredmedia":[{"embeddable":true,"href":"https:\/\/vieassociative.be\/actualites\/wp-json\/wp\/v2\/media\/1737"}],"wp:attachment":[{"href":"https:\/\/vieassociative.be\/actualites\/wp-json\/wp\/v2\/media?parent=1736"}],"wp:term":[{"taxonomy":"category","embeddable":true,"href":"https:\/\/vieassociative.be\/actualites\/wp-json\/wp\/v2\/categories?post=1736"},{"taxonomy":"post_tag","embeddable":true,"href":"https:\/\/vieassociative.be\/actualites\/wp-json\/wp\/v2\/tags?post=1736"}],"curies":[{"name":"wp","href":"https:\/\/api.w.org\/{rel}","templated":true}]}}