{"id":1732,"date":"2024-10-28T03:21:11","date_gmt":"2024-10-28T02:21:11","guid":{"rendered":"https:\/\/vieassociative.be\/actualites\/50-le-fc-bayern-exprime-sa-colere\/"},"modified":"2024-10-28T03:21:11","modified_gmt":"2024-10-28T02:21:11","slug":"50-le-fc-bayern-exprime-sa-colere","status":"publish","type":"post","link":"https:\/\/vieassociative.be\/actualites\/50-le-fc-bayern-exprime-sa-colere\/","title":{"rendered":"5:0 \u2013 Le FC Bayern exprime sa col\u00e8re"},"content":{"rendered":"<p><strong>MISE \u00c0 JOUR \u2013 Le FC Bayern se d\u00e9barrasse de ses ennuis en Ligue des champions \u00e0 Bochum. Apr\u00e8s un moment de choc au d\u00e9but, l&rsquo;\u00e9quipe munichoise a pris un d\u00e9part furieux. Un joueur national allemand marque de mani\u00e8re inhabituelle.<\/strong><\/p>\n<p><span id=\"more-400350\"><\/span>Men\u00e9s par Thomas M\u00fcller, les joueurs du Bayern, si humili\u00e9s il y a \u00e0 peine quatre jours, ont re\u00e7u les applaudissements de leurs supporters. Ils se sont d\u00e9barrass\u00e9s de leur frustration bar\u00e7aise avec cinq buts. La nette victoire du VfL Bochum a rassur\u00e9 apr\u00e8s le 1:4 au FC Barcelone.<\/p>\n<p>L&rsquo;\u00e9quipe de l&rsquo;entra\u00eeneur Vincent Kompany, qui a b\u00e9n\u00e9fici\u00e9 de loin des acclamations de ses professionnels, s&rsquo;est facilement impos\u00e9e 5-0 (2-0) contre le bas de tableau. Gr\u00e2ce \u00e0 son succ\u00e8s, le Bayern reste leader de la Bundesliga.<\/p>\n<div id=\"attachment_400439\" class=\"wp-caption alignleft\" style=\"max-width: 300px\"><img fetchpriority=\"high\" decoding=\"async\" class=\"wp-image-400439 size-medium\" src=\"https:\/\/vieassociative.be\/actualites\/wp-content\/uploads\/2024\/10\/50-\u2013-Le-FC-Bayern-exprime-sa-colere.jpg\" alt=\"\" width=\"300\" height=\"200\"><\/p>\n<p class=\"wp-caption-text\">27 octobre 2024, Rh\u00e9nanie-du-Nord-Westphalie, Bochum : Min-jae Kim (r) de Munich lib\u00e8re le ballon devant Moritz Broschinski de Bochum. Photo : David Inderlied\/dpa<\/p>\n<\/div>\n<p>\u00ab\u00a0Aujourd&rsquo;hui, c&rsquo;\u00e9tait s\u00e9rieux et confiant\u00a0\u00bb, a d\u00e9clar\u00e9 Kompany sur DAZN. \u00ab\u00a0Nous sommes vraiment contents du r\u00e9sultat.\u00a0\u00bb Michael Olise (16e minute), Jamal Musiala (26e), Harry Kane (57e), Leroy San\u00e9 (65e) et Kingsley Coman (71e) ont marqu\u00e9 devant 26 000 spectateurs. hors Ruhrstadion .) les buts des champions du record clairement sup\u00e9rieurs.<\/p>\n<p>\u00ab\u00a0Aujourd&rsquo;hui, nous pouvons \u00eatre heureux et prendre le courant avec nous pour les prochains matchs\u00a0\u00bb, a d\u00e9clar\u00e9 Musiala, et Coman a d\u00e9clar\u00e9 : \u00ab\u00a0Nous devons continuer sur cette voie.\u00a0\u00bb<\/p>\n<p>Le FC Bayern n&rsquo;a surv\u00e9cu qu&rsquo;\u00e0 un moment de choc : apr\u00e8s un long ballon, l&rsquo;attaquant du VfL Moritz Broschinski a pass\u00e9 le ballon devant le gardien du Bayern Manuel Neuer qui s&rsquo;\u00e9tait pr\u00e9cipit\u00e9. Seul un sprint courageux et un bon effort physique de la d\u00e9fenseure centrale Minjae Kim, qui d\u00e9gageait le ballon juste devant le but, ont permis d&rsquo;\u00e9viter un d\u00e9ficit pr\u00e9coce (8e).<\/p>\n<h3>Le RB Leipzig prend la t\u00eate du classement avec trois Belges<\/h3>\n<p><strong>Le RB Leipzig est actuellement en t\u00eate du classement de la Bundesliga apr\u00e8s une victoire 3-1 contre Fribourg. \u00c0 partir de la 65e minute, les Saxons ont jou\u00e9 avec trois Belges : outre Lois Openda, qui a port\u00e9 le score \u00e0 3-1, et Arthur Vermeeren, le gardien Maarten Vandevoordt a \u00e9galement \u00e9t\u00e9 utilis\u00e9 pour la premi\u00e8re fois.<\/strong><\/p>\n<p><!--more-->Apr\u00e8s une mi-temps catastrophique, le RB Leipzig a renvers\u00e9 la situation et s&rsquo;est hiss\u00e9 en t\u00eate du classement. Avec la victoire 3-1 (0-1) lors du match phare de la Bundesliga contre le SC Fribourg, les Saxons restent invaincus apr\u00e8s 18 matches et comptent actuellement trois points d&rsquo;avance sur le FC Bayern. Mais l&rsquo;\u00e9quipe munichoise peut remonter au sommet en s&rsquo;imposant dimanche contre l&rsquo;\u00e9quipe inf\u00e9rieure du VfL Bochum.<\/p>\n<p>Ritsu Doan (15e minute) a donn\u00e9 l&rsquo;avantage au Breisgau devant 45 918 spectateurs avant que Willi Orban (47e) n&rsquo;\u00e9galise. Lutsharel Geertruida (58e) a renvers\u00e9 la situation avec son but avant que Lo\u00efs Openda (79e) n&rsquo;augmente encore le score.<\/p>\n<div id=\"attachment_400356\" class=\"wp-caption alignnone\" style=\"max-width: 300px\"><img decoding=\"async\" class=\"size-medium wp-image-400356\" src=\"https:\/\/vieassociative.be\/actualites\/wp-content\/uploads\/2024\/10\/1730082071_561_50-\u2013-Le-FC-Bayern-exprime-sa-colere.jpg\" alt=\"\" width=\"300\" height=\"191\"><\/p>\n<p class=\"wp-caption-text\">26 octobre 2024, Saxe, Leipzig : lois Openda (l) de RB Leipzig c\u00e9l\u00e8bre apr\u00e8s son objectif de le faire 3-1 et re\u00e7oit une carte jaune de l&rsquo;arbitre Sven Jablonski pour avoir enlev\u00e9 son maillot. Photo : Hendrik Schmidt\/dpa<\/p>\n<\/div>\n<p><b>\u2013 Schuster change de onze de d\u00e9part : <\/b>Apr\u00e8s la perte du meneur de jeu Xavi Simons, le professeur de football de Leipzig, Marco Rose, a fait appel comme annonc\u00e9 \u00e0 Christoph Baumgartner, tandis que Kevin Kampl a \u00e9t\u00e9 initialement pr\u00e9f\u00e9r\u00e9 au Belge Arthur Vermeeren au milieu d\u00e9fensif. L&rsquo;entra\u00eeneur de Fribourg, Julian Schuster, a modifi\u00e9 son onze de d\u00e9part pour la premi\u00e8re fois en quatre matches et s&rsquo;est appuy\u00e9 sur Max Rosenfelder et Nicolas H\u00f6fler au lieu de Matthias Ginter et Maximilian Eggestein apr\u00e8s la victoire 3-1 \u00e0 Augsbourg.<\/p>\n<p>Leipzig a eu sa premi\u00e8re grande occasion gr\u00e2ce \u00e0 Benjamin Henrichs (9e), mais au lieu de chercher lui-m\u00eame un tir, il a pass\u00e9 le ballon de mani\u00e8re impr\u00e9cise. Quelques secondes plus tard, Openda n&rsquo;a pas r\u00e9ussi \u00e0 marquer le but franc apr\u00e8s une erreur du SC. De l&rsquo;autre c\u00f4t\u00e9, Junior Adamu (11e) a eu l&rsquo;occasion de prendre l&rsquo;avantage, mais a pouss\u00e9 le ballon devant le but du RB c\u00f4t\u00e9 gauche. Cela a donn\u00e9 beaucoup de dynamisme au jeu.<\/p>\n<p>Apr\u00e8s un centre de Grifo au deuxi\u00e8me poteau, Henrichs ne parvient pas \u00e0 d\u00e9gager le ballon, derri\u00e8re lequel Doan (15e) se dirige de la t\u00eate pour donner l&rsquo;avantage aux visiteurs. C&rsquo;\u00e9tait le premier but encaiss\u00e9 par le gardien du RB Peter Gulacsi apr\u00e8s 510 minutes. Il s&rsquo;agit n\u00e9anmoins d&rsquo;un record de club, puisque l&rsquo;ancien record du gardien national hongrois sous Ralf Rangnick datant de 2018 \u00e9tait de 500 minutes sans encaisser de but.<\/p>\n<div id=\"attachment_400355\" class=\"wp-caption alignleft\" style=\"max-width: 300px\"><img decoding=\"async\" class=\"wp-image-400355 size-medium\" src=\"https:\/\/vieassociative.be\/actualites\/wp-content\/uploads\/2024\/10\/1730082071_697_50-\u2013-Le-FC-Bayern-exprime-sa-colere.jpg\" alt=\"\" width=\"300\" height=\"196\"><\/p>\n<p class=\"wp-caption-text\">26 octobre 2024, Saxe, Leipzig : le joueur national belge lois Openda (l) l&#8217;emporte contre le gardien de but de Fribourg Noah Atubolu et Max Rosenfelder et marque pour le faire 3-1. Photo : Hendrik Schmidt\/dpa<\/p>\n<\/div>\n<p><b>\u2013 Concert de sifflet pendant la pause : <\/b>Le RB a connu des moments difficiles apr\u00e8s avoir \u00e9t\u00e9 men\u00e9, a jou\u00e9 trop souvent et a perdu le ballon \u00e0 plusieurs reprises au milieu de terrain, tandis que l&rsquo;\u00e9quipe de Breisgauer s&rsquo;est cr\u00e9\u00e9e courageusement et rapidement de bonnes occasions dans le jeu de transition. Le seul probl\u00e8me \u00e9tait la finition, \u00e0 l&rsquo;image de la frappe des 16 m\u00e8tres de Christian G\u00fcnter (31e). Benjamin Sesko (36e\/38e) a rat\u00e9 la meilleure occasion d&rsquo;\u00e9galisation de Leipzig lorsqu&rsquo;il a \u00e9t\u00e9 refus\u00e9 par Noah Atubolo. Openda (40e) et Baumgartner (43e) ont \u00e9galement trouv\u00e9 leur match chez le gardien du SC, ce qui a d\u00e9clench\u00e9 un concert de sifflets \u00e0 la mi-temps.<\/p>\n<p>A la reprise, le nouveau venu belge Maarten Vandevoort s&rsquo;est soudainement retrouv\u00e9 dans le but du RB car Gulacsi a d\u00fb passer alors qu&rsquo;il \u00e9tait bless\u00e9. Il a senti quelque chose au genou, a d\u00e9clar\u00e9 le directeur sportif du RB, Rouven Schr\u00f6der, sur Sky.<\/p>\n<p>La seconde moiti\u00e9 du match a bien commenc\u00e9 pour Leipzig, le capitaine Orban (47e) a fait passer le ballon de la pointe du pied dans H\u00f6fler apr\u00e8s un centre de Henrichs et dans le but pour \u00e9galiser. Cela a donn\u00e9 un coup de pouce. Lorsque Baumgartner rend le jeu rapide avec un tour et envoie Openda abruptement, il le fait passer. Geertruida (58e), entr\u00e9 en trombe par derri\u00e8re, a marqu\u00e9 son premier but sous le maillot du RB pour porter le score \u00e0 2-1.<\/p>\n<p>Sur une contre-attaque, le rempla\u00e7ant Andr\u00e9 Silva envoyait Openda (79&prime;) en fl\u00e8che, qui s&rsquo;imposait brillamment contre Rosenfelder et contournait \u00e9galement Atubolu, avant de pousser sous un angle aigu pour porter le score \u00e0 3-1. (dpa\/cr\u00e9)<\/p>\n","protected":false},"excerpt":{"rendered":"<p>MISE \u00c0 JOUR \u2013 Le FC Bayern se d\u00e9barrasse de ses ennuis en Ligue des champions \u00e0 Bochum. Apr\u00e8s un moment de choc au d\u00e9but,<\/p>\n","protected":false},"author":1,"featured_media":1733,"comment_status":"","ping_status":"","sticky":false,"template":"","format":"standard","meta":{"footnotes":""},"categories":[298],"tags":[2298,2363,2362],"class_list":["post-1732","post","type-post","status-publish","format-standard","has-post-thumbnail","hentry","category-belgique","tag-bayern","tag-colere","tag-exprime","generate-columns","tablet-grid-50","mobile-grid-100","grid-parent","grid-33"],"yoast_head":"<!-- This site is optimized with the Yoast SEO plugin v24.0 - https:\/\/yoast.com\/wordpress\/plugins\/seo\/ -->\n<title>5:0 \u2013 Le FC Bayern exprime sa col\u00e8re | Vie Associative<\/title>\n<meta name=\"robots\" content=\"index, follow, max-snippet:-1, max-image-preview:large, max-video-preview:-1\" \/>\n<link rel=\"canonical\" href=\"https:\/\/vieassociative.be\/actualites\/50-le-fc-bayern-exprime-sa-colere\/\" \/>\n<meta property=\"og:locale\" content=\"fr_FR\" \/>\n<meta property=\"og:type\" content=\"article\" \/>\n<meta property=\"og:title\" content=\"5:0 \u2013 Le FC Bayern exprime sa col\u00e8re | Vie Associative\" \/>\n<meta property=\"og:description\" content=\"MISE \u00c0 JOUR \u2013 Le FC Bayern se d\u00e9barrasse de ses ennuis en Ligue des champions \u00e0 Bochum. Apr\u00e8s un moment de choc au d\u00e9but,\" \/>\n<meta property=\"og:url\" content=\"https:\/\/vieassociative.be\/actualites\/50-le-fc-bayern-exprime-sa-colere\/\" \/>\n<meta property=\"og:site_name\" content=\"Vie Associative\" \/>\n<meta property=\"article:published_time\" content=\"2024-10-28T02:21:11+00:00\" \/>\n<meta property=\"og:image\" content=\"https:\/\/vieassociative.be\/actualites\/wp-content\/uploads\/2024\/09\/header_backgroundk-01-e1726694325946.png\" \/>\n\t<meta property=\"og:image:width\" content=\"279\" \/>\n\t<meta property=\"og:image:height\" content=\"92\" \/>\n\t<meta property=\"og:image:type\" content=\"image\/png\" \/>\n<meta name=\"author\" content=\"Julien\" \/>\n<meta name=\"twitter:card\" content=\"summary_large_image\" \/>\n<meta name=\"twitter:label1\" content=\"\u00c9crit par\" \/>\n\t<meta name=\"twitter:data1\" content=\"Julien\" \/>\n\t<meta name=\"twitter:label2\" content=\"Dur\u00e9e de lecture est.\" \/>\n\t<meta name=\"twitter:data2\" content=\"6 minutes\" \/>\n<script type=\"application\/ld+json\" class=\"yoast-schema-graph\">{\"@context\":\"https:\/\/schema.org\",\"@graph\":[{\"@type\":\"Article\",\"@id\":\"https:\/\/vieassociative.be\/actualites\/50-le-fc-bayern-exprime-sa-colere\/#article\",\"isPartOf\":{\"@id\":\"https:\/\/vieassociative.be\/actualites\/50-le-fc-bayern-exprime-sa-colere\/\"},\"author\":{\"name\":\"Julien\",\"@id\":\"https:\/\/vieassociative.be\/actualites\/#\/schema\/person\/b87ac4f82f9d4e7b7cec7395b679edc4\"},\"headline\":\"5:0 \u2013 Le FC Bayern exprime sa col\u00e8re\",\"datePublished\":\"2024-10-28T02:21:11+00:00\",\"dateModified\":\"2024-10-28T02:21:11+00:00\",\"mainEntityOfPage\":{\"@id\":\"https:\/\/vieassociative.be\/actualites\/50-le-fc-bayern-exprime-sa-colere\/\"},\"wordCount\":1146,\"publisher\":{\"@id\":\"https:\/\/vieassociative.be\/actualites\/#organization\"},\"image\":{\"@id\":\"https:\/\/vieassociative.be\/actualites\/50-le-fc-bayern-exprime-sa-colere\/#primaryimage\"},\"thumbnailUrl\":\"https:\/\/vieassociative.be\/actualites\/wp-content\/uploads\/2024\/10\/1730082071_50-\u2013-Le-FC-Bayern-exprime-sa-colere.jpg\",\"keywords\":[\"Bayern\",\"col\u00e8re\",\"exprime\"],\"articleSection\":[\"Belgique\"],\"inLanguage\":\"fr-BE\"},{\"@type\":\"WebPage\",\"@id\":\"https:\/\/vieassociative.be\/actualites\/50-le-fc-bayern-exprime-sa-colere\/\",\"url\":\"https:\/\/vieassociative.be\/actualites\/50-le-fc-bayern-exprime-sa-colere\/\",\"name\":\"5:0 \u2013 Le FC Bayern exprime sa col\u00e8re | Vie Associative\",\"isPartOf\":{\"@id\":\"https:\/\/vieassociative.be\/actualites\/#website\"},\"primaryImageOfPage\":{\"@id\":\"https:\/\/vieassociative.be\/actualites\/50-le-fc-bayern-exprime-sa-colere\/#primaryimage\"},\"image\":{\"@id\":\"https:\/\/vieassociative.be\/actualites\/50-le-fc-bayern-exprime-sa-colere\/#primaryimage\"},\"thumbnailUrl\":\"https:\/\/vieassociative.be\/actualites\/wp-content\/uploads\/2024\/10\/1730082071_50-\u2013-Le-FC-Bayern-exprime-sa-colere.jpg\",\"datePublished\":\"2024-10-28T02:21:11+00:00\",\"dateModified\":\"2024-10-28T02:21:11+00:00\",\"breadcrumb\":{\"@id\":\"https:\/\/vieassociative.be\/actualites\/50-le-fc-bayern-exprime-sa-colere\/#breadcrumb\"},\"inLanguage\":\"fr-BE\",\"potentialAction\":[{\"@type\":\"ReadAction\",\"target\":[\"https:\/\/vieassociative.be\/actualites\/50-le-fc-bayern-exprime-sa-colere\/\"]}]},{\"@type\":\"ImageObject\",\"inLanguage\":\"fr-BE\",\"@id\":\"https:\/\/vieassociative.be\/actualites\/50-le-fc-bayern-exprime-sa-colere\/#primaryimage\",\"url\":\"https:\/\/vieassociative.be\/actualites\/wp-content\/uploads\/2024\/10\/1730082071_50-\u2013-Le-FC-Bayern-exprime-sa-colere.jpg\",\"contentUrl\":\"https:\/\/vieassociative.be\/actualites\/wp-content\/uploads\/2024\/10\/1730082071_50-\u2013-Le-FC-Bayern-exprime-sa-colere.jpg\",\"width\":983,\"height\":655,\"caption\":\"5:0 \u2013 Le FC Bayern exprime sa col\u00e8re\"},{\"@type\":\"BreadcrumbList\",\"@id\":\"https:\/\/vieassociative.be\/actualites\/50-le-fc-bayern-exprime-sa-colere\/#breadcrumb\",\"itemListElement\":[{\"@type\":\"ListItem\",\"position\":1,\"name\":\"Accueil\",\"item\":\"https:\/\/vieassociative.be\/actualites\/\"},{\"@type\":\"ListItem\",\"position\":2,\"name\":\"5:0 \u2013 Le FC Bayern exprime sa col\u00e8re\"}]},{\"@type\":\"WebSite\",\"@id\":\"https:\/\/vieassociative.be\/actualites\/#website\",\"url\":\"https:\/\/vieassociative.be\/actualites\/\",\"name\":\"Vie Associative\",\"description\":\"\",\"publisher\":{\"@id\":\"https:\/\/vieassociative.be\/actualites\/#organization\"},\"potentialAction\":[{\"@type\":\"SearchAction\",\"target\":{\"@type\":\"EntryPoint\",\"urlTemplate\":\"https:\/\/vieassociative.be\/actualites\/?s={search_term_string}\"},\"query-input\":{\"@type\":\"PropertyValueSpecification\",\"valueRequired\":true,\"valueName\":\"search_term_string\"}}],\"inLanguage\":\"fr-BE\"},{\"@type\":\"Organization\",\"@id\":\"https:\/\/vieassociative.be\/actualites\/#organization\",\"name\":\"Vie Associative\",\"url\":\"https:\/\/vieassociative.be\/actualites\/\",\"logo\":{\"@type\":\"ImageObject\",\"inLanguage\":\"fr-BE\",\"@id\":\"https:\/\/vieassociative.be\/actualites\/#\/schema\/logo\/image\/\",\"url\":\"https:\/\/vieassociative.be\/actualites\/wp-content\/uploads\/2024\/09\/cropped-vieassociative_favicon.ico.png\",\"contentUrl\":\"https:\/\/vieassociative.be\/actualites\/wp-content\/uploads\/2024\/09\/cropped-vieassociative_favicon.ico.png\",\"width\":512,\"height\":512,\"caption\":\"Vie Associative\"},\"image\":{\"@id\":\"https:\/\/vieassociative.be\/actualites\/#\/schema\/logo\/image\/\"}},{\"@type\":\"Person\",\"@id\":\"https:\/\/vieassociative.be\/actualites\/#\/schema\/person\/b87ac4f82f9d4e7b7cec7395b679edc4\",\"name\":\"Julien\",\"image\":{\"@type\":\"ImageObject\",\"inLanguage\":\"fr-BE\",\"@id\":\"https:\/\/vieassociative.be\/actualites\/#\/schema\/person\/image\/\",\"url\":\"https:\/\/vieassociative.be\/actualites\/wp-content\/uploads\/2024\/09\/vie-associative-1-150x150.jpg\",\"contentUrl\":\"https:\/\/vieassociative.be\/actualites\/wp-content\/uploads\/2024\/09\/vie-associative-1-150x150.jpg\",\"caption\":\"Julien\"},\"description\":\"Je suis Julien, r\u00e9dacteur pour Vie Associative. Passionn\u00e9 par le monde associatif depuis plus de 10 ans, j'ai \u00e0 c\u0153ur de partager des histoires inspirantes et de mettre en lumi\u00e8re les initiatives locales. Mon objectif est de sensibiliser et d'encourager l'engagement communautaire \u00e0 travers mes articles.\",\"sameAs\":[\"https:\/\/vieassociative.be\/\"]}]}<\/script>\n<!-- \/ Yoast SEO plugin. -->","yoast_head_json":{"title":"5:0 \u2013 Le FC Bayern exprime sa col\u00e8re | Vie Associative","robots":{"index":"index","follow":"follow","max-snippet":"max-snippet:-1","max-image-preview":"max-image-preview:large","max-video-preview":"max-video-preview:-1"},"canonical":"https:\/\/vieassociative.be\/actualites\/50-le-fc-bayern-exprime-sa-colere\/","og_locale":"fr_FR","og_type":"article","og_title":"5:0 \u2013 Le FC Bayern exprime sa col\u00e8re | Vie Associative","og_description":"MISE \u00c0 JOUR \u2013 Le FC Bayern se d\u00e9barrasse de ses ennuis en Ligue des champions \u00e0 Bochum. Apr\u00e8s un moment de choc au d\u00e9but,","og_url":"https:\/\/vieassociative.be\/actualites\/50-le-fc-bayern-exprime-sa-colere\/","og_site_name":"Vie Associative","article_published_time":"2024-10-28T02:21:11+00:00","og_image":[{"width":279,"height":92,"url":"https:\/\/vieassociative.be\/actualites\/wp-content\/uploads\/2024\/09\/header_backgroundk-01-e1726694325946.png","type":"image\/png"}],"author":"Julien","twitter_card":"summary_large_image","twitter_misc":{"\u00c9crit par":"Julien","Dur\u00e9e de lecture est.":"6 minutes"},"schema":{"@context":"https:\/\/schema.org","@graph":[{"@type":"Article","@id":"https:\/\/vieassociative.be\/actualites\/50-le-fc-bayern-exprime-sa-colere\/#article","isPartOf":{"@id":"https:\/\/vieassociative.be\/actualites\/50-le-fc-bayern-exprime-sa-colere\/"},"author":{"name":"Julien","@id":"https:\/\/vieassociative.be\/actualites\/#\/schema\/person\/b87ac4f82f9d4e7b7cec7395b679edc4"},"headline":"5:0 \u2013 Le FC Bayern exprime sa col\u00e8re","datePublished":"2024-10-28T02:21:11+00:00","dateModified":"2024-10-28T02:21:11+00:00","mainEntityOfPage":{"@id":"https:\/\/vieassociative.be\/actualites\/50-le-fc-bayern-exprime-sa-colere\/"},"wordCount":1146,"publisher":{"@id":"https:\/\/vieassociative.be\/actualites\/#organization"},"image":{"@id":"https:\/\/vieassociative.be\/actualites\/50-le-fc-bayern-exprime-sa-colere\/#primaryimage"},"thumbnailUrl":"https:\/\/vieassociative.be\/actualites\/wp-content\/uploads\/2024\/10\/1730082071_50-\u2013-Le-FC-Bayern-exprime-sa-colere.jpg","keywords":["Bayern","col\u00e8re","exprime"],"articleSection":["Belgique"],"inLanguage":"fr-BE"},{"@type":"WebPage","@id":"https:\/\/vieassociative.be\/actualites\/50-le-fc-bayern-exprime-sa-colere\/","url":"https:\/\/vieassociative.be\/actualites\/50-le-fc-bayern-exprime-sa-colere\/","name":"5:0 \u2013 Le FC Bayern exprime sa col\u00e8re | Vie Associative","isPartOf":{"@id":"https:\/\/vieassociative.be\/actualites\/#website"},"primaryImageOfPage":{"@id":"https:\/\/vieassociative.be\/actualites\/50-le-fc-bayern-exprime-sa-colere\/#primaryimage"},"image":{"@id":"https:\/\/vieassociative.be\/actualites\/50-le-fc-bayern-exprime-sa-colere\/#primaryimage"},"thumbnailUrl":"https:\/\/vieassociative.be\/actualites\/wp-content\/uploads\/2024\/10\/1730082071_50-\u2013-Le-FC-Bayern-exprime-sa-colere.jpg","datePublished":"2024-10-28T02:21:11+00:00","dateModified":"2024-10-28T02:21:11+00:00","breadcrumb":{"@id":"https:\/\/vieassociative.be\/actualites\/50-le-fc-bayern-exprime-sa-colere\/#breadcrumb"},"inLanguage":"fr-BE","potentialAction":[{"@type":"ReadAction","target":["https:\/\/vieassociative.be\/actualites\/50-le-fc-bayern-exprime-sa-colere\/"]}]},{"@type":"ImageObject","inLanguage":"fr-BE","@id":"https:\/\/vieassociative.be\/actualites\/50-le-fc-bayern-exprime-sa-colere\/#primaryimage","url":"https:\/\/vieassociative.be\/actualites\/wp-content\/uploads\/2024\/10\/1730082071_50-\u2013-Le-FC-Bayern-exprime-sa-colere.jpg","contentUrl":"https:\/\/vieassociative.be\/actualites\/wp-content\/uploads\/2024\/10\/1730082071_50-\u2013-Le-FC-Bayern-exprime-sa-colere.jpg","width":983,"height":655,"caption":"5:0 \u2013 Le FC Bayern exprime sa col\u00e8re"},{"@type":"BreadcrumbList","@id":"https:\/\/vieassociative.be\/actualites\/50-le-fc-bayern-exprime-sa-colere\/#breadcrumb","itemListElement":[{"@type":"ListItem","position":1,"name":"Accueil","item":"https:\/\/vieassociative.be\/actualites\/"},{"@type":"ListItem","position":2,"name":"5:0 \u2013 Le FC Bayern exprime sa col\u00e8re"}]},{"@type":"WebSite","@id":"https:\/\/vieassociative.be\/actualites\/#website","url":"https:\/\/vieassociative.be\/actualites\/","name":"Vie Associative","description":"","publisher":{"@id":"https:\/\/vieassociative.be\/actualites\/#organization"},"potentialAction":[{"@type":"SearchAction","target":{"@type":"EntryPoint","urlTemplate":"https:\/\/vieassociative.be\/actualites\/?s={search_term_string}"},"query-input":{"@type":"PropertyValueSpecification","valueRequired":true,"valueName":"search_term_string"}}],"inLanguage":"fr-BE"},{"@type":"Organization","@id":"https:\/\/vieassociative.be\/actualites\/#organization","name":"Vie Associative","url":"https:\/\/vieassociative.be\/actualites\/","logo":{"@type":"ImageObject","inLanguage":"fr-BE","@id":"https:\/\/vieassociative.be\/actualites\/#\/schema\/logo\/image\/","url":"https:\/\/vieassociative.be\/actualites\/wp-content\/uploads\/2024\/09\/cropped-vieassociative_favicon.ico.png","contentUrl":"https:\/\/vieassociative.be\/actualites\/wp-content\/uploads\/2024\/09\/cropped-vieassociative_favicon.ico.png","width":512,"height":512,"caption":"Vie Associative"},"image":{"@id":"https:\/\/vieassociative.be\/actualites\/#\/schema\/logo\/image\/"}},{"@type":"Person","@id":"https:\/\/vieassociative.be\/actualites\/#\/schema\/person\/b87ac4f82f9d4e7b7cec7395b679edc4","name":"Julien","image":{"@type":"ImageObject","inLanguage":"fr-BE","@id":"https:\/\/vieassociative.be\/actualites\/#\/schema\/person\/image\/","url":"https:\/\/vieassociative.be\/actualites\/wp-content\/uploads\/2024\/09\/vie-associative-1-150x150.jpg","contentUrl":"https:\/\/vieassociative.be\/actualites\/wp-content\/uploads\/2024\/09\/vie-associative-1-150x150.jpg","caption":"Julien"},"description":"Je suis Julien, r\u00e9dacteur pour Vie Associative. Passionn\u00e9 par le monde associatif depuis plus de 10 ans, j'ai \u00e0 c\u0153ur de partager des histoires inspirantes et de mettre en lumi\u00e8re les initiatives locales. Mon objectif est de sensibiliser et d'encourager l'engagement communautaire \u00e0 travers mes articles.","sameAs":["https:\/\/vieassociative.be\/"]}]}},"_links":{"self":[{"href":"https:\/\/vieassociative.be\/actualites\/wp-json\/wp\/v2\/posts\/1732"}],"collection":[{"href":"https:\/\/vieassociative.be\/actualites\/wp-json\/wp\/v2\/posts"}],"about":[{"href":"https:\/\/vieassociative.be\/actualites\/wp-json\/wp\/v2\/types\/post"}],"author":[{"embeddable":true,"href":"https:\/\/vieassociative.be\/actualites\/wp-json\/wp\/v2\/users\/1"}],"replies":[{"embeddable":true,"href":"https:\/\/vieassociative.be\/actualites\/wp-json\/wp\/v2\/comments?post=1732"}],"version-history":[{"count":0,"href":"https:\/\/vieassociative.be\/actualites\/wp-json\/wp\/v2\/posts\/1732\/revisions"}],"wp:featuredmedia":[{"embeddable":true,"href":"https:\/\/vieassociative.be\/actualites\/wp-json\/wp\/v2\/media\/1733"}],"wp:attachment":[{"href":"https:\/\/vieassociative.be\/actualites\/wp-json\/wp\/v2\/media?parent=1732"}],"wp:term":[{"taxonomy":"category","embeddable":true,"href":"https:\/\/vieassociative.be\/actualites\/wp-json\/wp\/v2\/categories?post=1732"},{"taxonomy":"post_tag","embeddable":true,"href":"https:\/\/vieassociative.be\/actualites\/wp-json\/wp\/v2\/tags?post=1732"}],"curies":[{"name":"wp","href":"https:\/\/api.w.org\/{rel}","templated":true}]}}