{"id":1724,"date":"2024-10-27T23:27:40","date_gmt":"2024-10-27T22:27:40","guid":{"rendered":"https:\/\/vieassociative.be\/actualites\/les-meilleurs-podcasts-televises-a-ajouter-a-votre-file-dattente\/"},"modified":"2024-10-27T23:27:40","modified_gmt":"2024-10-27T22:27:40","slug":"les-meilleurs-podcasts-televises-a-ajouter-a-votre-file-dattente","status":"publish","type":"post","link":"https:\/\/vieassociative.be\/actualites\/les-meilleurs-podcasts-televises-a-ajouter-a-votre-file-dattente\/","title":{"rendered":"Les meilleurs podcasts t\u00e9l\u00e9vis\u00e9s \u00e0 ajouter \u00e0 votre file d&rsquo;attente"},"content":{"rendered":"<div class=\"mt-4 leading-6 md:mb-8\">Vous n&rsquo;aurez plus jamais \u00e0 demander \u00ab\u00a0Que devrions-nous regarder ce soir\u00a0?\u00a0\u00bb encore.<\/div>\n<p><\/p>\n<p>Qu&rsquo;est-ce que tu regardes ce soir ? Avec autant d\u2019options parmi lesquelles choisir, une question aussi simple peut vite sembler insurmontable. Alors pourquoi ne pas confier le probl\u00e8me \u00e0 des experts ? Lorsque j&rsquo;ai besoin d&rsquo;une recommandation, j&rsquo;aime me tourner vers des podcasts sp\u00e9cialement con\u00e7us pour aider le reste d&rsquo;entre nous \u00e0 trouver les choses \u00e0 ne pas manquer, les choses dont tout le monde parlera et les choses que l&rsquo;on peut ignorer en toute s\u00e9curit\u00e9. Obtenez des informations approfondies et des informations en coulisses sur tout ce qui \u00e9claire votre \u00e9cran, jouez \u00e0 des jeux-questionnaires t\u00e9l\u00e9vis\u00e9s et revisitez m\u00eame d&rsquo;anciennes \u00e9missions de votre enfance. Les amis ne laissent pas leurs amis regarder la mauvaise t\u00e9l\u00e9. Consid\u00e9rez ces podcasts comme vos amis qui vous serviront de guides t\u00e9l\u00e9 conviviaux et amusants. <\/p>\n<h2 id=\"extra-hot-great\"><em>Tr\u00e8s chaud Super<\/em><\/h2>\n<div class=\"eloquent-imagery-image\">\n<div class=\"flex justify-center\">\n                    <img decoding=\"async\" class=\"border border-gray-100\" src=\"https:\/\/vieassociative.be\/actualites\/wp-content\/uploads\/2024\/10\/Les-meilleurs-podcasts-televises-a-ajouter-a-votre-file-dattente.png\" alt=\"Logo du podcast Extra Hot Great\" width=\"745\" height=\"750\" loading=\"lazy\"  >\n            <\/div>\n<\/p><\/div>\n<p>Sur <strong><em>Tr\u00e8s chaud Super<\/em><\/strong>Tara Ariano, Sarah D. Bunting et David T. Cole invitent des invit\u00e9s \u00e0 animer une table ronde anim\u00e9e sur toutes les nouveaut\u00e9s \u00e0 la t\u00e9l\u00e9vision. Ils nomment \u00e9galement leurs favoris de tous les temps pour The Canon et jouent \u00e0 un jeu-questionnaire t\u00e9l\u00e9vis\u00e9 appel\u00e9 Game Time, couvrant ainsi toutes les bases de la couverture t\u00e9l\u00e9vis\u00e9e dont vous avez besoin. Ils prennent \u00e9galement du recul pour \u00e9tudier les nuances culturelles des tendances t\u00e9l\u00e9visuelles et des personnes qui les sous-tendent. Toujours divertissants et intelligents, Tara, Sarah et David font attention aux spoilers afin que vous puissiez \u00eatre tranquille pendant que vous \u00e9coutez. <\/p>\n<h2 id=\"tv-i-say-w-ashley-ray\"><em>TV, je dis avec Ashley Ray<\/em><\/h2>\n<div class=\"eloquent-imagery-image\">\n<div class=\"flex justify-center\">\n                    <img decoding=\"async\" class=\"border border-gray-100\" src=\"https:\/\/vieassociative.be\/actualites\/wp-content\/uploads\/2024\/10\/1730068053_876_Les-meilleurs-podcasts-televises-a-ajouter-a-votre-file-dattente.png\" alt=\"Logo du podcast TV, I Say avec Ashley Ray\" width=\"748\" height=\"750\" loading=\"lazy\"  >\n            <\/div>\n<\/p><\/div>\n<p>L&rsquo;humoriste Ashley Ray est l&rsquo;h\u00f4te de <strong><em>TV, je dis avec Ashley Ray<\/em><\/strong>une \u00e9mission de critique t\u00e9l\u00e9vis\u00e9e qui approfondit ce qui est diffus\u00e9 en streaming. Il semble qu&rsquo;Ashley regarde tout et elle a un fort sentiment de l&rsquo;impact de la t\u00e9l\u00e9vision sur la culture et la soci\u00e9t\u00e9. Elle invite des invit\u00e9s de toutes sortes \u2013 des amateurs de t\u00e9l\u00e9vision, des c\u00e9l\u00e9brit\u00e9s et des personnes bien inform\u00e9es \u2013 pour lui faire part d&rsquo;une gamme de r\u00e9flexions et d&rsquo;opinions sur ce que vous devriez regarder et ce que vous devriez ignorer. Ashley est hilarante, donc m\u00eame si elle parle de quelque chose que je n&rsquo;ai jamais vu, je m&rsquo;amuse. je prends <em>remarques <\/em>pendant que j&rsquo;\u00e9coute. Ashley a une opinion \u00e0 laquelle j&rsquo;ai appris \u00e0 faire confiance. <\/p>\n<h2 id=\"pop-culture-happy-hour\"><em>Happy Hour de la culture pop<\/em><\/h2>\n<div class=\"eloquent-imagery-image\">\n<div class=\"flex justify-center\">\n                    <img decoding=\"async\" class=\"border border-gray-100\" src=\"https:\/\/vieassociative.be\/actualites\/wp-content\/uploads\/2024\/10\/1730068054_222_Les-meilleurs-podcasts-televises-a-ajouter-a-votre-file-dattente.png\" alt=\"Logo du podcast Pop Culture Happy Hour\" width=\"747\" height=\"750\" loading=\"lazy\"  >\n            <\/div>\n<\/p><\/div>\n<p>R\u00e9jouissez-vous de l&rsquo;happy hour cinq jours par semaine sur <strong><em>Happy Hour de la culture pop<\/em><\/strong>o\u00f9 les journalistes Linda Holmes, Glen Weldon, Stephen Thompson et Aisha Harris (accompagn\u00e9s d&rsquo;un groupe tournant d&rsquo;experts invit\u00e9s), donnent leur point de vue non seulement sur les \u00e9missions de t\u00e9l\u00e9vision les plus anim\u00e9es, mais \u00e9galement sur les films, les livres, les albums et les jeux vid\u00e9o. Ils couvrent tout, des s\u00e9ries dramatiques de prestige \u00e0 la t\u00e9l\u00e9-r\u00e9alit\u00e9, en traitant tout avec le m\u00eame soin et le m\u00eame respect. Les \u00e9pisodes sont assez courts (la plupart durent moins de 20 minutes), il est donc facile d&rsquo;int\u00e9grer leur \u00e9coute \u00e0 votre routine quotidienne. <\/p>\n<h2 id=\"the-prestige-tv-podcast\"><em>Le podcast Prestige TV<\/em><\/h2>\n<div class=\"eloquent-imagery-image\">\n<div class=\"flex justify-center\">\n                    <img decoding=\"async\" class=\"border border-gray-100\" src=\"https:\/\/vieassociative.be\/actualites\/wp-content\/uploads\/2024\/10\/1730068054_445_Les-meilleurs-podcasts-televises-a-ajouter-a-votre-file-dattente.png\" alt=\"Le logo du Podcast Prestige TV\" width=\"2000\" height=\"2000\" loading=\"lazy\"  >\n            <\/div>\n<\/p><\/div>\n<p>Le gang Ringer (Bill Simmons, Joanna Robinson, Sean Fennessey, Mallory Rubin, Van Lathan et bien d&rsquo;autres) saute sur le fil de <strong><em>Le podcast Prestige TV<\/em><\/strong>  pour vous concentrer sur les \u00e9missions de t\u00e9l\u00e9vision les plus populaires avec des r\u00e9capitulatifs hebdomadaires, des analyses compl\u00e8tes et des interviews exclusives des cr\u00e9ateurs et des acteurs. Ils ne vous donnent pas un petit avant-go\u00fbt de tout ; ils sont profond\u00e9ment concentr\u00e9s sur les tendances de l&rsquo;air du temps. Si vous suivez leur visionnage, vous aurez l&rsquo;impression d&rsquo;avoir tir\u00e9 le meilleur parti de tout ce que vous voyez. Leurs commentaires vous emm\u00e8neront dans les coulisses et vous signaleront des d\u00e9tails importants que vous auriez pu manquer. Je consid\u00e8re l\u2019analyse de The Prestige TV Podcast comme un accompagnement n\u00e9cessaire pour toute \u00e9mission que je souhaite vraiment comprendre et appr\u00e9cier.  <\/p>\n<h2 id=\"what-to-watch\"><em>Que regarder<\/em><\/h2>\n<div class=\"eloquent-imagery-image\">\n<div class=\"flex justify-center\">\n                    <img decoding=\"async\" class=\"border border-gray-100\" src=\"https:\/\/vieassociative.be\/actualites\/wp-content\/uploads\/2024\/10\/1730068055_893_Les-meilleurs-podcasts-televises-a-ajouter-a-votre-file-dattente.png\" alt=\"Logo du podcast Que regarder\" width=\"2000\" height=\"2000\" loading=\"lazy\"  >\n            <\/div>\n<\/p><\/div>\n<p>Anim\u00e9 par Gerrad Hall, <strong><em>Que regarder<\/em><\/strong>  est <em>Divertissement hebdomadaire<\/em>Le guide quotidien des \u00e9missions qui devraient \u00eatre sur votre radar. Gerrad et l&rsquo;\u00e9quipe de r\u00e9dacteurs d&rsquo;EW qu&rsquo;il fait appel \u00e0 son aide sont fantastiques, tout comme toutes les interviews et les aper\u00e7us des coulisses. Les \u00e9pisodes sont tr\u00e8s courts et sont publi\u00e9s tous les jours, vous serez donc toujours au courant. <\/p>\n<h2 id=\"crime-writers-on\"><em>Les \u00e9crivains policiers sur\u2026<\/em><\/h2>\n<div class=\"eloquent-imagery-image\">\n<div class=\"flex justify-center\">\n                    <img decoding=\"async\" class=\"border border-gray-100\" src=\"https:\/\/vieassociative.be\/actualites\/wp-content\/uploads\/2024\/10\/1730068057_368_Les-meilleurs-podcasts-televises-a-ajouter-a-votre-file-dattente.png\" alt=\"Les \u00e9crivains policiers sur...\" width=\"2000\" height=\"2000\" loading=\"lazy\"  >\n            <\/div>\n<\/p><\/div>\n<p>Vous parcourez des drames policiers sc\u00e9naris\u00e9s et des documentaires sur des crimes r\u00e9els\u00a0? <strong><em>Les \u00e9crivains policiers sur\u2026<\/em><\/strong>  est un podcast qui jette un regard v\u00e9ritablement critique sur le contenu le plus consomm\u00e9 du genre avec l&rsquo;aide d&rsquo;un panel d&rsquo;experts en \u00e9criture polici\u00e8re : Rebecca Lavoie, Kevin Flynn, Lara Bricker et Toby Ball. Chaque \u00e9pisode, l&rsquo;\u00e9quipe donne une ventilation compl\u00e8te (avec spoilers) de succ\u00e8s comme<em> Seuls les meurtres dans le b\u00e2timent<\/em><em>Choses \u00e9tranges<\/em>et <em>L&rsquo;escalier de HBO<\/em>. (Ils couvrent \u00e9galement des podcasts sur des crimes r\u00e9els.) Vous ne voulez pas qu&rsquo;ils vous g\u00e2chent la situation\u00a0? Ils vous donnent un horodatage pour leur \u00e9valuation positive ou n\u00e9gative, afin que vous puissiez ignorer si une \u00e9mission vaut ou non votre temps. Ils se sentent comme une dr\u00f4le de famille de vrais crimes qui ne retiennent aucun coup de poing. Cette \u00e9mission est g\u00e9niale et vous aidera \u00e0 affiner votre r\u00e9gime de vrai crime pour d\u00e9marrer.<\/p>\n<h2 id=\"you-cant-make-this-up\"><em>Vous ne pouvez pas inventer \u00e7a<\/em><\/h2>\n<div class=\"eloquent-imagery-image\">\n<div class=\"flex justify-center\">\n                    <img decoding=\"async\" class=\"border border-gray-100\" src=\"https:\/\/vieassociative.be\/actualites\/wp-content\/uploads\/2024\/10\/1730068058_286_Les-meilleurs-podcasts-televises-a-ajouter-a-votre-file-dattente.png\" alt=\"Logo du podcast Vous ne pouvez pas inventer \u00e7a\" width=\"748\" height=\"750\" loading=\"lazy\"  >\n            <\/div>\n<\/p><\/div>\n<p>Si vous \u00eates obs\u00e9d\u00e9 par les derniers documentaires Netflix, <strong><em>Vous ne pouvez pas inventer \u00e7a<\/em><\/strong>  (r\u00e9alis\u00e9 par Netflix) est un incontournable. L&rsquo;animatrice Rebecca Lavoie (une des animatrices de <strong><em>Les \u00e9crivains policiers sur\u2026<\/em><\/strong>) interviewe en profondeur des cr\u00e9ateurs et des sujets de documentaires pour d\u00e9couvrir comment ces histoires ont \u00e9t\u00e9 cr\u00e9\u00e9es et leur impact, r\u00e9v\u00e9lant de nouvelles informations pour les personnes qui veulent plus qu&rsquo;une simple montre d\u00e9contract\u00e9e. Que vous soyez int\u00e9ress\u00e9 par Twin Flames ou simplement en train de vous gaver <em>Depp c.Entendu<\/em> et je ressens le besoin d&rsquo;en discuter avec quelqu&rsquo;un d&rsquo;intelligent comme Rebecca, <em>Vous ne pouvez pas inventer \u00e7a<\/em> est votre r\u00e9f\u00e9rence pour \u00eatre un expert en ce qui concerne le dernier document de Netflix. <\/p>\n<h2 id=\"raised-by-tv\"><em>\u00c9lev\u00e9 par la t\u00e9l\u00e9vision<\/em><\/h2>\n<div class=\"eloquent-imagery-image\">\n<div class=\"flex justify-center\">\n                    <img decoding=\"async\" class=\"border border-gray-100\" src=\"https:\/\/vieassociative.be\/actualites\/wp-content\/uploads\/2024\/10\/Les-meilleurs-podcasts-televises-a-ajouter-a-votre-file-dattente.jpg\" alt=\"Logo du podcast Raised By TV\" width=\"2000\" height=\"2000\" loading=\"lazy\"  >\n            <\/div>\n<\/p><\/div>\n<p><strong><em>\u00c9lev\u00e9 par la t\u00e9l\u00e9vision<\/em><\/strong>  n&rsquo;a pas produit d&rsquo;\u00e9pisode depuis des ann\u00e9es, mais c&rsquo;est tellement l&rsquo;un de mes pr\u00e9f\u00e9r\u00e9s que je dois le mettre sur la liste. Les com\u00e9diens Lauren Lapkus et Jon Gabrus ont parl\u00e9 \u00e0 d&rsquo;autres personnes amusantes des \u00e9missions de t\u00e9l\u00e9vision et de la culture qui les ont \u00e9lev\u00e9s, de ce que c&rsquo;\u00e9tait que d&rsquo;\u00eatre un enfant de la t\u00e9l\u00e9vision dans les ann\u00e9es 90, ou d&rsquo;aller \u00e0 Blockbuster (vous vous en souvenez ?) et de choisir un film. \u00e0 regarder, sans les distractions d&rsquo;un t\u00e9l\u00e9phone \u00e0 proximit\u00e9. Ils ont abord\u00e9 des th\u00e8mes tels que les finales, IMDB et ont r\u00e9alis\u00e9 un segment \u00ab First Last \u00bb, o\u00f9 ils ont pass\u00e9 en revue le premier et le dernier \u00e9pisode d&rsquo;\u00e9missions comme <em>D\u00e9grassi<\/em>ce qui en fait un spectacle persistant \u00e0 ajouter \u00e0 votre rotation.<\/p>\n<h2 id=\"now-on-netflix\"><em>Maintenant sur Netflix<\/em><\/h2>\n<div class=\"eloquent-imagery-image\">\n<div class=\"flex justify-center\">\n                    <img decoding=\"async\" class=\"border border-gray-100\" src=\"https:\/\/vieassociative.be\/actualites\/wp-content\/uploads\/2024\/10\/1730068059_363_Les-meilleurs-podcasts-televises-a-ajouter-a-votre-file-dattente.png\" alt=\"Maintenant sur le logo du podcast Netflix\" width=\"748\" height=\"750\" loading=\"lazy\"  >\n            <\/div>\n<\/p><\/div>\n<p>Parfois, j&rsquo;aimerais que quelqu&rsquo;un<em> dire <\/em>moi quoi regarder. <strong><em>Maintenant sur Netflix<\/em><\/strong>  (R\u00e9alis\u00e9 par Netflix et Tudum, le site compagnon officiel de Netflix) ne vous tiendra pas un pistolet sur la tempe, mais ils vous aideront \u00e0 comprendre l&rsquo;algorithme de Netflix et \u00e0 souligner ce qui est remarquable sur le service de streaming. Ils vous diront de quoi tout le monde parlera, mettant en avant les plus grandes premi\u00e8res, les actualit\u00e9s sur les sorties \u00e0 venir et les coulisses que vous n&rsquo;aurez nulle part ailleurs. <\/p>\n<h2 id=\"what-the-kids-are-watching\"><em>Ce que regardent les enfants<\/em><\/h2>\n<div class=\"eloquent-imagery-image\">\n<div class=\"flex justify-center\">\n                    <img decoding=\"async\" class=\"border border-gray-100\" src=\"https:\/\/vieassociative.be\/actualites\/wp-content\/uploads\/2024\/10\/1730068060_842_Les-meilleurs-podcasts-televises-a-ajouter-a-votre-file-dattente.png\" alt=\"Logo du podcast Ce que les enfants regardent\" width=\"748\" height=\"750\" loading=\"lazy\"  >\n            <\/div>\n<\/p><\/div>\n<p>La programmation pour enfants est si diff\u00e9rente de ce qu&rsquo;elle \u00e9tait lorsque nous \u00e9tions enfants, alors comment savoir quelles \u00e9missions vous rendront fou, lesquelles reproduiront des visions du monde d\u00e9pass\u00e9es et lesquelles deviendront les nouvelles pr\u00e9f\u00e9r\u00e9es de la famille\u00a0? Sur <strong><em>Ce que regardent les enfants<\/em><\/strong>Natalie Puche et Ryan Bailey revisitent les \u00e9missions bizarres et d\u00e9jant\u00e9es que tous les enfants adorent, mais cette \u00e9mission est pour VOUS. Ils d\u00e9composent, analysent, taquinent et tentent de comprendre pourquoi les enfants n&rsquo;en ont jamais assez. <em>Pat Patrouille<\/em>, <em>Bleu<\/em>, <em>Cocom\u00e9lon<\/em>et plus encore. <\/p>\n","protected":false},"excerpt":{"rendered":"<p>Vous n&rsquo;aurez plus jamais \u00e0 demander \u00ab\u00a0Que devrions-nous regarder ce soir\u00a0?\u00a0\u00bb encore. Qu&rsquo;est-ce que tu regardes ce soir ? Avec autant d\u2019options parmi lesquelles choisir,<\/p>\n","protected":false},"author":1,"featured_media":1725,"comment_status":"","ping_status":"","sticky":false,"template":"","format":"standard","meta":{"footnotes":""},"categories":[36],"tags":[670,2357,2356,14,187,158,2355,8],"class_list":["post-1724","post","type-post","status-publish","format-standard","has-post-thumbnail","hentry","category-divertissement","tag-ajouter","tag-dattente","tag-file","tag-les","tag-meilleurs","tag-podcasts","tag-televises","tag-votre","generate-columns","tablet-grid-50","mobile-grid-100","grid-parent","grid-33"],"yoast_head":"<!-- This site is optimized with the Yoast SEO plugin v24.0 - https:\/\/yoast.com\/wordpress\/plugins\/seo\/ -->\n<title>Les meilleurs podcasts t\u00e9l\u00e9vis\u00e9s \u00e0 ajouter \u00e0 votre file d&#039;attente | Vie Associative<\/title>\n<meta name=\"robots\" content=\"index, follow, max-snippet:-1, max-image-preview:large, max-video-preview:-1\" \/>\n<link rel=\"canonical\" href=\"https:\/\/vieassociative.be\/actualites\/les-meilleurs-podcasts-televises-a-ajouter-a-votre-file-dattente\/\" \/>\n<meta property=\"og:locale\" content=\"fr_FR\" \/>\n<meta property=\"og:type\" content=\"article\" \/>\n<meta property=\"og:title\" content=\"Les meilleurs podcasts t\u00e9l\u00e9vis\u00e9s \u00e0 ajouter \u00e0 votre file d&#039;attente | Vie Associative\" \/>\n<meta property=\"og:description\" content=\"Vous n&rsquo;aurez plus jamais \u00e0 demander \u00ab\u00a0Que devrions-nous regarder ce soir\u00a0?\u00a0\u00bb encore. Qu&rsquo;est-ce que tu regardes ce soir ? Avec autant d\u2019options parmi lesquelles choisir,\" \/>\n<meta property=\"og:url\" content=\"https:\/\/vieassociative.be\/actualites\/les-meilleurs-podcasts-televises-a-ajouter-a-votre-file-dattente\/\" \/>\n<meta property=\"og:site_name\" content=\"Vie Associative\" \/>\n<meta property=\"article:published_time\" content=\"2024-10-27T22:27:40+00:00\" \/>\n<meta property=\"og:image\" content=\"https:\/\/vieassociative.be\/actualites\/wp-content\/uploads\/2024\/10\/Les-meilleurs-podcasts-televises-a-ajouter-a-votre-file-dattente.png\" \/>\n<meta name=\"author\" content=\"Julien\" \/>\n<meta name=\"twitter:card\" content=\"summary_large_image\" \/>\n<meta name=\"twitter:label1\" content=\"\u00c9crit par\" \/>\n\t<meta name=\"twitter:data1\" content=\"Julien\" \/>\n\t<meta name=\"twitter:label2\" content=\"Dur\u00e9e de lecture est.\" \/>\n\t<meta name=\"twitter:data2\" content=\"7 minutes\" \/>\n<script type=\"application\/ld+json\" class=\"yoast-schema-graph\">{\"@context\":\"https:\/\/schema.org\",\"@graph\":[{\"@type\":\"Article\",\"@id\":\"https:\/\/vieassociative.be\/actualites\/les-meilleurs-podcasts-televises-a-ajouter-a-votre-file-dattente\/#article\",\"isPartOf\":{\"@id\":\"https:\/\/vieassociative.be\/actualites\/les-meilleurs-podcasts-televises-a-ajouter-a-votre-file-dattente\/\"},\"author\":{\"name\":\"Julien\",\"@id\":\"https:\/\/vieassociative.be\/actualites\/#\/schema\/person\/b87ac4f82f9d4e7b7cec7395b679edc4\"},\"headline\":\"Les meilleurs podcasts t\u00e9l\u00e9vis\u00e9s \u00e0 ajouter \u00e0 votre file d&rsquo;attente\",\"datePublished\":\"2024-10-27T22:27:40+00:00\",\"dateModified\":\"2024-10-27T22:27:40+00:00\",\"mainEntityOfPage\":{\"@id\":\"https:\/\/vieassociative.be\/actualites\/les-meilleurs-podcasts-televises-a-ajouter-a-votre-file-dattente\/\"},\"wordCount\":1456,\"publisher\":{\"@id\":\"https:\/\/vieassociative.be\/actualites\/#organization\"},\"image\":{\"@id\":\"https:\/\/vieassociative.be\/actualites\/les-meilleurs-podcasts-televises-a-ajouter-a-votre-file-dattente\/#primaryimage\"},\"thumbnailUrl\":\"https:\/\/vieassociative.be\/actualites\/wp-content\/uploads\/2024\/10\/1730068061_Les-meilleurs-podcasts-televises-a-ajouter-a-votre-file-dattente.png\",\"keywords\":[\"ajouter\",\"dattente\",\"file\",\"Les\",\"meilleurs\",\"podcasts\",\"t\u00e9l\u00e9vis\u00e9s\",\"votre\"],\"articleSection\":[\"Divertissement\"],\"inLanguage\":\"fr-BE\"},{\"@type\":\"WebPage\",\"@id\":\"https:\/\/vieassociative.be\/actualites\/les-meilleurs-podcasts-televises-a-ajouter-a-votre-file-dattente\/\",\"url\":\"https:\/\/vieassociative.be\/actualites\/les-meilleurs-podcasts-televises-a-ajouter-a-votre-file-dattente\/\",\"name\":\"Les meilleurs podcasts t\u00e9l\u00e9vis\u00e9s \u00e0 ajouter \u00e0 votre file d'attente | Vie Associative\",\"isPartOf\":{\"@id\":\"https:\/\/vieassociative.be\/actualites\/#website\"},\"primaryImageOfPage\":{\"@id\":\"https:\/\/vieassociative.be\/actualites\/les-meilleurs-podcasts-televises-a-ajouter-a-votre-file-dattente\/#primaryimage\"},\"image\":{\"@id\":\"https:\/\/vieassociative.be\/actualites\/les-meilleurs-podcasts-televises-a-ajouter-a-votre-file-dattente\/#primaryimage\"},\"thumbnailUrl\":\"https:\/\/vieassociative.be\/actualites\/wp-content\/uploads\/2024\/10\/1730068061_Les-meilleurs-podcasts-televises-a-ajouter-a-votre-file-dattente.png\",\"datePublished\":\"2024-10-27T22:27:40+00:00\",\"dateModified\":\"2024-10-27T22:27:40+00:00\",\"breadcrumb\":{\"@id\":\"https:\/\/vieassociative.be\/actualites\/les-meilleurs-podcasts-televises-a-ajouter-a-votre-file-dattente\/#breadcrumb\"},\"inLanguage\":\"fr-BE\",\"potentialAction\":[{\"@type\":\"ReadAction\",\"target\":[\"https:\/\/vieassociative.be\/actualites\/les-meilleurs-podcasts-televises-a-ajouter-a-votre-file-dattente\/\"]}]},{\"@type\":\"ImageObject\",\"inLanguage\":\"fr-BE\",\"@id\":\"https:\/\/vieassociative.be\/actualites\/les-meilleurs-podcasts-televises-a-ajouter-a-votre-file-dattente\/#primaryimage\",\"url\":\"https:\/\/vieassociative.be\/actualites\/wp-content\/uploads\/2024\/10\/1730068061_Les-meilleurs-podcasts-televises-a-ajouter-a-votre-file-dattente.png\",\"contentUrl\":\"https:\/\/vieassociative.be\/actualites\/wp-content\/uploads\/2024\/10\/1730068061_Les-meilleurs-podcasts-televises-a-ajouter-a-votre-file-dattente.png\",\"width\":1200,\"height\":675,\"caption\":\"Les meilleurs podcasts t\u00e9l\u00e9vis\u00e9s \u00e0 ajouter \u00e0 votre file d'attente\"},{\"@type\":\"BreadcrumbList\",\"@id\":\"https:\/\/vieassociative.be\/actualites\/les-meilleurs-podcasts-televises-a-ajouter-a-votre-file-dattente\/#breadcrumb\",\"itemListElement\":[{\"@type\":\"ListItem\",\"position\":1,\"name\":\"Accueil\",\"item\":\"https:\/\/vieassociative.be\/actualites\/\"},{\"@type\":\"ListItem\",\"position\":2,\"name\":\"Les meilleurs podcasts t\u00e9l\u00e9vis\u00e9s \u00e0 ajouter \u00e0 votre file d&rsquo;attente\"}]},{\"@type\":\"WebSite\",\"@id\":\"https:\/\/vieassociative.be\/actualites\/#website\",\"url\":\"https:\/\/vieassociative.be\/actualites\/\",\"name\":\"Vie Associative\",\"description\":\"\",\"publisher\":{\"@id\":\"https:\/\/vieassociative.be\/actualites\/#organization\"},\"potentialAction\":[{\"@type\":\"SearchAction\",\"target\":{\"@type\":\"EntryPoint\",\"urlTemplate\":\"https:\/\/vieassociative.be\/actualites\/?s={search_term_string}\"},\"query-input\":{\"@type\":\"PropertyValueSpecification\",\"valueRequired\":true,\"valueName\":\"search_term_string\"}}],\"inLanguage\":\"fr-BE\"},{\"@type\":\"Organization\",\"@id\":\"https:\/\/vieassociative.be\/actualites\/#organization\",\"name\":\"Vie Associative\",\"url\":\"https:\/\/vieassociative.be\/actualites\/\",\"logo\":{\"@type\":\"ImageObject\",\"inLanguage\":\"fr-BE\",\"@id\":\"https:\/\/vieassociative.be\/actualites\/#\/schema\/logo\/image\/\",\"url\":\"https:\/\/vieassociative.be\/actualites\/wp-content\/uploads\/2024\/09\/cropped-vieassociative_favicon.ico.png\",\"contentUrl\":\"https:\/\/vieassociative.be\/actualites\/wp-content\/uploads\/2024\/09\/cropped-vieassociative_favicon.ico.png\",\"width\":512,\"height\":512,\"caption\":\"Vie Associative\"},\"image\":{\"@id\":\"https:\/\/vieassociative.be\/actualites\/#\/schema\/logo\/image\/\"}},{\"@type\":\"Person\",\"@id\":\"https:\/\/vieassociative.be\/actualites\/#\/schema\/person\/b87ac4f82f9d4e7b7cec7395b679edc4\",\"name\":\"Julien\",\"image\":{\"@type\":\"ImageObject\",\"inLanguage\":\"fr-BE\",\"@id\":\"https:\/\/vieassociative.be\/actualites\/#\/schema\/person\/image\/\",\"url\":\"https:\/\/vieassociative.be\/actualites\/wp-content\/uploads\/2024\/09\/vie-associative-1-150x150.jpg\",\"contentUrl\":\"https:\/\/vieassociative.be\/actualites\/wp-content\/uploads\/2024\/09\/vie-associative-1-150x150.jpg\",\"caption\":\"Julien\"},\"description\":\"Je suis Julien, r\u00e9dacteur pour Vie Associative. Passionn\u00e9 par le monde associatif depuis plus de 10 ans, j'ai \u00e0 c\u0153ur de partager des histoires inspirantes et de mettre en lumi\u00e8re les initiatives locales. Mon objectif est de sensibiliser et d'encourager l'engagement communautaire \u00e0 travers mes articles.\",\"sameAs\":[\"https:\/\/vieassociative.be\/\"]}]}<\/script>\n<!-- \/ Yoast SEO plugin. -->","yoast_head_json":{"title":"Les meilleurs podcasts t\u00e9l\u00e9vis\u00e9s \u00e0 ajouter \u00e0 votre file d'attente | Vie Associative","robots":{"index":"index","follow":"follow","max-snippet":"max-snippet:-1","max-image-preview":"max-image-preview:large","max-video-preview":"max-video-preview:-1"},"canonical":"https:\/\/vieassociative.be\/actualites\/les-meilleurs-podcasts-televises-a-ajouter-a-votre-file-dattente\/","og_locale":"fr_FR","og_type":"article","og_title":"Les meilleurs podcasts t\u00e9l\u00e9vis\u00e9s \u00e0 ajouter \u00e0 votre file d'attente | Vie Associative","og_description":"Vous n&rsquo;aurez plus jamais \u00e0 demander \u00ab\u00a0Que devrions-nous regarder ce soir\u00a0?\u00a0\u00bb encore. Qu&rsquo;est-ce que tu regardes ce soir ? Avec autant d\u2019options parmi lesquelles choisir,","og_url":"https:\/\/vieassociative.be\/actualites\/les-meilleurs-podcasts-televises-a-ajouter-a-votre-file-dattente\/","og_site_name":"Vie Associative","article_published_time":"2024-10-27T22:27:40+00:00","og_image":[{"url":"https:\/\/vieassociative.be\/actualites\/wp-content\/uploads\/2024\/10\/Les-meilleurs-podcasts-televises-a-ajouter-a-votre-file-dattente.png","type":"","width":"","height":""}],"author":"Julien","twitter_card":"summary_large_image","twitter_misc":{"\u00c9crit par":"Julien","Dur\u00e9e de lecture est.":"7 minutes"},"schema":{"@context":"https:\/\/schema.org","@graph":[{"@type":"Article","@id":"https:\/\/vieassociative.be\/actualites\/les-meilleurs-podcasts-televises-a-ajouter-a-votre-file-dattente\/#article","isPartOf":{"@id":"https:\/\/vieassociative.be\/actualites\/les-meilleurs-podcasts-televises-a-ajouter-a-votre-file-dattente\/"},"author":{"name":"Julien","@id":"https:\/\/vieassociative.be\/actualites\/#\/schema\/person\/b87ac4f82f9d4e7b7cec7395b679edc4"},"headline":"Les meilleurs podcasts t\u00e9l\u00e9vis\u00e9s \u00e0 ajouter \u00e0 votre file d&rsquo;attente","datePublished":"2024-10-27T22:27:40+00:00","dateModified":"2024-10-27T22:27:40+00:00","mainEntityOfPage":{"@id":"https:\/\/vieassociative.be\/actualites\/les-meilleurs-podcasts-televises-a-ajouter-a-votre-file-dattente\/"},"wordCount":1456,"publisher":{"@id":"https:\/\/vieassociative.be\/actualites\/#organization"},"image":{"@id":"https:\/\/vieassociative.be\/actualites\/les-meilleurs-podcasts-televises-a-ajouter-a-votre-file-dattente\/#primaryimage"},"thumbnailUrl":"https:\/\/vieassociative.be\/actualites\/wp-content\/uploads\/2024\/10\/1730068061_Les-meilleurs-podcasts-televises-a-ajouter-a-votre-file-dattente.png","keywords":["ajouter","dattente","file","Les","meilleurs","podcasts","t\u00e9l\u00e9vis\u00e9s","votre"],"articleSection":["Divertissement"],"inLanguage":"fr-BE"},{"@type":"WebPage","@id":"https:\/\/vieassociative.be\/actualites\/les-meilleurs-podcasts-televises-a-ajouter-a-votre-file-dattente\/","url":"https:\/\/vieassociative.be\/actualites\/les-meilleurs-podcasts-televises-a-ajouter-a-votre-file-dattente\/","name":"Les meilleurs podcasts t\u00e9l\u00e9vis\u00e9s \u00e0 ajouter \u00e0 votre file d'attente | Vie Associative","isPartOf":{"@id":"https:\/\/vieassociative.be\/actualites\/#website"},"primaryImageOfPage":{"@id":"https:\/\/vieassociative.be\/actualites\/les-meilleurs-podcasts-televises-a-ajouter-a-votre-file-dattente\/#primaryimage"},"image":{"@id":"https:\/\/vieassociative.be\/actualites\/les-meilleurs-podcasts-televises-a-ajouter-a-votre-file-dattente\/#primaryimage"},"thumbnailUrl":"https:\/\/vieassociative.be\/actualites\/wp-content\/uploads\/2024\/10\/1730068061_Les-meilleurs-podcasts-televises-a-ajouter-a-votre-file-dattente.png","datePublished":"2024-10-27T22:27:40+00:00","dateModified":"2024-10-27T22:27:40+00:00","breadcrumb":{"@id":"https:\/\/vieassociative.be\/actualites\/les-meilleurs-podcasts-televises-a-ajouter-a-votre-file-dattente\/#breadcrumb"},"inLanguage":"fr-BE","potentialAction":[{"@type":"ReadAction","target":["https:\/\/vieassociative.be\/actualites\/les-meilleurs-podcasts-televises-a-ajouter-a-votre-file-dattente\/"]}]},{"@type":"ImageObject","inLanguage":"fr-BE","@id":"https:\/\/vieassociative.be\/actualites\/les-meilleurs-podcasts-televises-a-ajouter-a-votre-file-dattente\/#primaryimage","url":"https:\/\/vieassociative.be\/actualites\/wp-content\/uploads\/2024\/10\/1730068061_Les-meilleurs-podcasts-televises-a-ajouter-a-votre-file-dattente.png","contentUrl":"https:\/\/vieassociative.be\/actualites\/wp-content\/uploads\/2024\/10\/1730068061_Les-meilleurs-podcasts-televises-a-ajouter-a-votre-file-dattente.png","width":1200,"height":675,"caption":"Les meilleurs podcasts t\u00e9l\u00e9vis\u00e9s \u00e0 ajouter \u00e0 votre file d'attente"},{"@type":"BreadcrumbList","@id":"https:\/\/vieassociative.be\/actualites\/les-meilleurs-podcasts-televises-a-ajouter-a-votre-file-dattente\/#breadcrumb","itemListElement":[{"@type":"ListItem","position":1,"name":"Accueil","item":"https:\/\/vieassociative.be\/actualites\/"},{"@type":"ListItem","position":2,"name":"Les meilleurs podcasts t\u00e9l\u00e9vis\u00e9s \u00e0 ajouter \u00e0 votre file d&rsquo;attente"}]},{"@type":"WebSite","@id":"https:\/\/vieassociative.be\/actualites\/#website","url":"https:\/\/vieassociative.be\/actualites\/","name":"Vie Associative","description":"","publisher":{"@id":"https:\/\/vieassociative.be\/actualites\/#organization"},"potentialAction":[{"@type":"SearchAction","target":{"@type":"EntryPoint","urlTemplate":"https:\/\/vieassociative.be\/actualites\/?s={search_term_string}"},"query-input":{"@type":"PropertyValueSpecification","valueRequired":true,"valueName":"search_term_string"}}],"inLanguage":"fr-BE"},{"@type":"Organization","@id":"https:\/\/vieassociative.be\/actualites\/#organization","name":"Vie Associative","url":"https:\/\/vieassociative.be\/actualites\/","logo":{"@type":"ImageObject","inLanguage":"fr-BE","@id":"https:\/\/vieassociative.be\/actualites\/#\/schema\/logo\/image\/","url":"https:\/\/vieassociative.be\/actualites\/wp-content\/uploads\/2024\/09\/cropped-vieassociative_favicon.ico.png","contentUrl":"https:\/\/vieassociative.be\/actualites\/wp-content\/uploads\/2024\/09\/cropped-vieassociative_favicon.ico.png","width":512,"height":512,"caption":"Vie Associative"},"image":{"@id":"https:\/\/vieassociative.be\/actualites\/#\/schema\/logo\/image\/"}},{"@type":"Person","@id":"https:\/\/vieassociative.be\/actualites\/#\/schema\/person\/b87ac4f82f9d4e7b7cec7395b679edc4","name":"Julien","image":{"@type":"ImageObject","inLanguage":"fr-BE","@id":"https:\/\/vieassociative.be\/actualites\/#\/schema\/person\/image\/","url":"https:\/\/vieassociative.be\/actualites\/wp-content\/uploads\/2024\/09\/vie-associative-1-150x150.jpg","contentUrl":"https:\/\/vieassociative.be\/actualites\/wp-content\/uploads\/2024\/09\/vie-associative-1-150x150.jpg","caption":"Julien"},"description":"Je suis Julien, r\u00e9dacteur pour Vie Associative. Passionn\u00e9 par le monde associatif depuis plus de 10 ans, j'ai \u00e0 c\u0153ur de partager des histoires inspirantes et de mettre en lumi\u00e8re les initiatives locales. Mon objectif est de sensibiliser et d'encourager l'engagement communautaire \u00e0 travers mes articles.","sameAs":["https:\/\/vieassociative.be\/"]}]}},"_links":{"self":[{"href":"https:\/\/vieassociative.be\/actualites\/wp-json\/wp\/v2\/posts\/1724"}],"collection":[{"href":"https:\/\/vieassociative.be\/actualites\/wp-json\/wp\/v2\/posts"}],"about":[{"href":"https:\/\/vieassociative.be\/actualites\/wp-json\/wp\/v2\/types\/post"}],"author":[{"embeddable":true,"href":"https:\/\/vieassociative.be\/actualites\/wp-json\/wp\/v2\/users\/1"}],"replies":[{"embeddable":true,"href":"https:\/\/vieassociative.be\/actualites\/wp-json\/wp\/v2\/comments?post=1724"}],"version-history":[{"count":0,"href":"https:\/\/vieassociative.be\/actualites\/wp-json\/wp\/v2\/posts\/1724\/revisions"}],"wp:featuredmedia":[{"embeddable":true,"href":"https:\/\/vieassociative.be\/actualites\/wp-json\/wp\/v2\/media\/1725"}],"wp:attachment":[{"href":"https:\/\/vieassociative.be\/actualites\/wp-json\/wp\/v2\/media?parent=1724"}],"wp:term":[{"taxonomy":"category","embeddable":true,"href":"https:\/\/vieassociative.be\/actualites\/wp-json\/wp\/v2\/categories?post=1724"},{"taxonomy":"post_tag","embeddable":true,"href":"https:\/\/vieassociative.be\/actualites\/wp-json\/wp\/v2\/tags?post=1724"}],"curies":[{"name":"wp","href":"https:\/\/api.w.org\/{rel}","templated":true}]}}