{"id":1722,"date":"2024-10-27T21:23:45","date_gmt":"2024-10-27T20:23:45","guid":{"rendered":"https:\/\/vieassociative.be\/actualites\/defaite-a-domicile-contre-le-bas-de-tableau-las-eupen-a-subi-une-defaite-0-1-contre-lokeren-temse\/"},"modified":"2024-10-27T21:23:45","modified_gmt":"2024-10-27T20:23:45","slug":"defaite-a-domicile-contre-le-bas-de-tableau-las-eupen-a-subi-une-defaite-0-1-contre-lokeren-temse","status":"publish","type":"post","link":"https:\/\/vieassociative.be\/actualites\/defaite-a-domicile-contre-le-bas-de-tableau-las-eupen-a-subi-une-defaite-0-1-contre-lokeren-temse\/","title":{"rendered":"D\u00e9faite \u00e0 domicile contre le bas de tableau: l&rsquo;AS Eupen a subi une d\u00e9faite 0-1 contre Lokeren-Temse"},"content":{"rendered":"<p><strong>Apr\u00e8s deux victoires et un nul, l&rsquo;AS Eupen a essuy\u00e9 une d\u00e9faite dimanche. Les Noirs et Blancs se sont inclin\u00e9s 1-0 face au KSC Lokeren-Temse, dernier class\u00e9, dans leur stade du Kehrweg et ont ainsi rat\u00e9 l&rsquo;acc\u00e8s esp\u00e9r\u00e9 aux places de promotion 3 \u00e0 6.<\/strong><\/p>\n<p><span id=\"more-400442\"><\/span>Avant le match contre Lokeren-Temse, il avait \u00e9t\u00e9 annonc\u00e9 que Nicolas Collubry, qui avait remplac\u00e9 Mersad Selimbegovic, malade, et Kristoffer Andersen, suspendu, sur le banc de touche lors du match nul 1-1 \u00e0 Lommel la semaine pr\u00e9c\u00e9dente, ne ferait plus partie de l&rsquo;entra\u00eeneur. personnel.<\/p>\n<p>Selimbegovic a d\u00fb se passer de Nathan Bitumazala pour le match contre l&rsquo;\u00e9quipe promue. Bertan Caliskan \u00e9tait dans la formation de d\u00e9part pour lui, qui \u00e9tait la suivante : Nurudeen \u2013 Van Genechten, Paeshuyse, Kennedy, Pattynama \u2013 Baiye, Keita, Pantovic, Caliskan \u2013 Emond, Charles-Cook.<\/p>\n<div id=\"attachment_400459\" class=\"wp-caption alignleft\" style=\"max-width: 300px\"><img fetchpriority=\"high\" decoding=\"async\" class=\"wp-image-400459 size-medium\" src=\"https:\/\/vieassociative.be\/actualites\/wp-content\/uploads\/2024\/10\/Defaite-a-domicile-contre-le-bas-de-tableau-lAS-Eupen.jpg\" alt=\"\" width=\"300\" height=\"200\"  ><\/p>\n<p class=\"wp-caption-text\">Les gestes de Shayne Pattynama d&rsquo;Eupen. Photo de : Belga<\/p>\n<\/div>\n<p>Avant le coup d&rsquo;envoi, une minute de silence a \u00e9t\u00e9 observ\u00e9e sous les applaudissements de la l\u00e9gende de l&rsquo;AS Guillaume Rox, r\u00e9cemment d\u00e9c\u00e9d\u00e9 \u00e0 l&rsquo;\u00e2ge de 88 ans, et a \u00e9t\u00e9 comm\u00e9mor\u00e9e par une grande photo dans le fan block d&rsquo;Eupen avec le slogan \u00ab Le meilleur endroit pour voir est \u00e0 le sommet \u00bb.<\/p>\n<p>La rencontre commen\u00e7ait de mani\u00e8re mouvement\u00e9e, Eupen se mettant en danger avec quelques mauvaises passes. Dans la premi\u00e8re phase, le ballon s&rsquo;est mieux d\u00e9roul\u00e9 dans les rangs des visiteurs que dans ceux d&rsquo;Eupen. Il y a eu un premier incident \u00e0 la 8e minute lorsque le gardien de l&rsquo;AS Nurudeen n&rsquo;a pas frapp\u00e9 le ballon avec ses poings, mais plut\u00f4t l&rsquo;attaquant adverse Van Moerzeke, qui est rest\u00e9 un court moment h\u00e9b\u00e9t\u00e9 au sol.<\/p>\n<p>\u00c0 la 14e minute, Baiye a \u00e9t\u00e9 victime d&rsquo;une faute ill\u00e9gale \u00e0 l&rsquo;entr\u00e9e de la surface de r\u00e9paration, mais l&rsquo;arbitre n&rsquo;a pas siffl\u00e9. Peu de temps apr\u00e8s, Lokeren-Temse se procurait la premi\u00e8re occasion de marquer sur une t\u00eate de Van Aerschot, mais Nurudeen avait moins de probl\u00e8mes que pr\u00e9vu. Peu de temps apr\u00e8s, Nurudeen a d\u00fb repousser un ballon de Boujouh.<\/p>\n<p>A la 24e minute, Emond se procurait une \u00e9norme occasion suite \u00e0 une erreur d\u00e9fensive de Lokeren-Temse sur un tir juste devant le gardien visiteur Gabriel. A la 33e minute, l&rsquo;\u00e9quipe d&rsquo;Eupen r\u00e9clamait un penalty, mais celui-ci n&rsquo;\u00e9tait pas accord\u00e9. \u00c0 la 44e minute, Lokeren-Temse a marqu\u00e9 un but, mais celui-ci a \u00e9t\u00e9 refus\u00e9 car, de l&rsquo;avis de l&rsquo;\u00e9quipe arbitrale, le ballon avait d\u00e9j\u00e0 franchi la ligne de but.<\/p>\n<div id=\"attachment_334114\" class=\"wp-caption alignleft\" style=\"max-width: 300px\"><img decoding=\"async\" class=\"wp-image-334114 size-medium\" src=\"https:\/\/vieassociative.be\/actualites\/wp-content\/uploads\/2024\/10\/Defaite-a-domicile-contre-le-bas-de-tableau-lAS-Eupen.jpeg\" alt=\"\" width=\"300\" height=\"200\"  ><\/p>\n<p class=\"wp-caption-text\">L&rsquo;attaquant d&rsquo;Eupen Regan Charles-Cook n&rsquo;a pas pu profiter d&rsquo;une belle occasion \u00e0 la 62e minute. Photo de : Belga<\/p>\n<\/div>\n<p>L&rsquo;AS pouvait en principe se contenter du score de 0-0 \u00e0 la mi-temps, les visiteurs de Lokeren-Temse ayant r\u00e9alis\u00e9 des actions plus dangereuses qu&rsquo;Eupen.<\/p>\n<p>Eupen a r\u00e9alis\u00e9 le meilleur d\u00e9but de seconde p\u00e9riode. \u00c0 la 55e minute, Caliskan a r\u00e9cup\u00e9r\u00e9 une t\u00eate, mais celle-ci a d\u00e9pass\u00e9 le but de Gabriel. La plus grande opportunit\u00e9 jusqu&rsquo;alors est peut-\u00eatre venue \u00e0 la 62e minute, lorsque Charles-Cook a profit\u00e9 d&rsquo;une erreur de Lemmens et s&rsquo;est pr\u00e9sent\u00e9 seul devant le gardien de Lokeren Gabriel, mais a plac\u00e9 le ballon \u00e0 c\u00f4t\u00e9 du but. Une sc\u00e8ne cl\u00e9.<\/p>\n<p>Puis il y a eu un double changement chez AS : D\u00e9om a remplac\u00e9 Pantovic et Gedikli a remplac\u00e9 Emond. D\u00e9om a re\u00e7u un carton jaune d\u00e8s sa premi\u00e8re action.<\/p>\n<p>Lorsque Lokeren a re\u00e7u un coup franc apr\u00e8s une faute de Baiye, Nurudeen a r\u00e9ussi \u00e0 repousser le ballon.<\/p>\n<p>\u00c0 la 78e minute, le rempla\u00e7ant Gorenc a provoqu\u00e9 un coup franc inutile sur le c\u00f4t\u00e9 droit, ce qui a conduit \u00e0 0-1 pour Lokeren gr\u00e2ce \u00e0 un but contre son camp de Van Genechten.<\/p>\n<p>Les Eupeners \u00e9taient \u00e9videmment sous le choc et, hormis un coup de pied a\u00e9rien pas particuli\u00e8rement dangereux de Gedikli, n&rsquo;arrivaient \u00e0 rien. Il en est donc rest\u00e9 \u00e0 la d\u00e9faite 0-1 \u00e0 domicile contre l\u2019ancien bas de tableau. Lors de la prochaine journ\u00e9e, Eupen devra affronter la nouvelle derni\u00e8re place du classement, les U23 du RSC Anderlecht. (cr\u00e9er)<\/p>\n","protected":false},"excerpt":{"rendered":"<p>Apr\u00e8s deux victoires et un nul, l&rsquo;AS Eupen a essuy\u00e9 une d\u00e9faite dimanche. Les Noirs et Blancs se sont inclin\u00e9s 1-0 face au KSC Lokeren-Temse,<\/p>\n","protected":false},"author":1,"featured_media":1723,"comment_status":"","ping_status":"","sticky":false,"template":"","format":"standard","meta":{"footnotes":""},"categories":[298],"tags":[700,796,2350,2351,2329,2353,2333,2354,2352,110],"class_list":["post-1722","post","type-post","status-publish","format-standard","has-post-thumbnail","hentry","category-belgique","tag-bas","tag-contre","tag-defaite","tag-domicile","tag-eupen","tag-las","tag-lokerentemse","tag-subi","tag-tableau","tag-une","generate-columns","tablet-grid-50","mobile-grid-100","grid-parent","grid-33"],"yoast_head":"<!-- This site is optimized with the Yoast SEO plugin v24.0 - https:\/\/yoast.com\/wordpress\/plugins\/seo\/ -->\n<title>D\u00e9faite \u00e0 domicile contre le bas de tableau: l&#039;AS Eupen a subi une d\u00e9faite 0-1 contre Lokeren-Temse | Vie Associative<\/title>\n<meta name=\"robots\" content=\"index, follow, max-snippet:-1, max-image-preview:large, max-video-preview:-1\" \/>\n<link rel=\"canonical\" href=\"https:\/\/vieassociative.be\/actualites\/defaite-a-domicile-contre-le-bas-de-tableau-las-eupen-a-subi-une-defaite-0-1-contre-lokeren-temse\/\" \/>\n<meta property=\"og:locale\" content=\"fr_FR\" \/>\n<meta property=\"og:type\" content=\"article\" \/>\n<meta property=\"og:title\" content=\"D\u00e9faite \u00e0 domicile contre le bas de tableau: l&#039;AS Eupen a subi une d\u00e9faite 0-1 contre Lokeren-Temse | Vie Associative\" \/>\n<meta property=\"og:description\" content=\"Apr\u00e8s deux victoires et un nul, l&rsquo;AS Eupen a essuy\u00e9 une d\u00e9faite dimanche. Les Noirs et Blancs se sont inclin\u00e9s 1-0 face au KSC Lokeren-Temse,\" \/>\n<meta property=\"og:url\" content=\"https:\/\/vieassociative.be\/actualites\/defaite-a-domicile-contre-le-bas-de-tableau-las-eupen-a-subi-une-defaite-0-1-contre-lokeren-temse\/\" \/>\n<meta property=\"og:site_name\" content=\"Vie Associative\" \/>\n<meta property=\"article:published_time\" content=\"2024-10-27T20:23:45+00:00\" \/>\n<meta property=\"og:image\" content=\"https:\/\/vieassociative.be\/actualites\/wp-content\/uploads\/2024\/10\/Defaite-a-domicile-contre-le-bas-de-tableau-lAS-Eupen.jpg\" \/>\n<meta name=\"author\" content=\"Julien\" \/>\n<meta name=\"twitter:card\" content=\"summary_large_image\" \/>\n<meta name=\"twitter:label1\" content=\"\u00c9crit par\" \/>\n\t<meta name=\"twitter:data1\" content=\"Julien\" \/>\n\t<meta name=\"twitter:label2\" content=\"Dur\u00e9e de lecture est.\" \/>\n\t<meta name=\"twitter:data2\" content=\"3 minutes\" \/>\n<script type=\"application\/ld+json\" class=\"yoast-schema-graph\">{\"@context\":\"https:\/\/schema.org\",\"@graph\":[{\"@type\":\"Article\",\"@id\":\"https:\/\/vieassociative.be\/actualites\/defaite-a-domicile-contre-le-bas-de-tableau-las-eupen-a-subi-une-defaite-0-1-contre-lokeren-temse\/#article\",\"isPartOf\":{\"@id\":\"https:\/\/vieassociative.be\/actualites\/defaite-a-domicile-contre-le-bas-de-tableau-las-eupen-a-subi-une-defaite-0-1-contre-lokeren-temse\/\"},\"author\":{\"name\":\"Julien\",\"@id\":\"https:\/\/vieassociative.be\/actualites\/#\/schema\/person\/b87ac4f82f9d4e7b7cec7395b679edc4\"},\"headline\":\"D\u00e9faite \u00e0 domicile contre le bas de tableau: l&rsquo;AS Eupen a subi une d\u00e9faite 0-1 contre Lokeren-Temse\",\"datePublished\":\"2024-10-27T20:23:45+00:00\",\"dateModified\":\"2024-10-27T20:23:45+00:00\",\"mainEntityOfPage\":{\"@id\":\"https:\/\/vieassociative.be\/actualites\/defaite-a-domicile-contre-le-bas-de-tableau-las-eupen-a-subi-une-defaite-0-1-contre-lokeren-temse\/\"},\"wordCount\":739,\"publisher\":{\"@id\":\"https:\/\/vieassociative.be\/actualites\/#organization\"},\"image\":{\"@id\":\"https:\/\/vieassociative.be\/actualites\/defaite-a-domicile-contre-le-bas-de-tableau-las-eupen-a-subi-une-defaite-0-1-contre-lokeren-temse\/#primaryimage\"},\"thumbnailUrl\":\"https:\/\/vieassociative.be\/actualites\/wp-content\/uploads\/2024\/10\/1730060625_Defaite-a-domicile-contre-le-bas-de-tableau-lAS-Eupen.jpg\",\"keywords\":[\"bas\",\"contre\",\"D\u00e9faite\",\"domicile\",\"Eupen\",\"lAS\",\"LokerenTemse\",\"subi\",\"tableau\",\"une\"],\"articleSection\":[\"Belgique\"],\"inLanguage\":\"fr-BE\"},{\"@type\":\"WebPage\",\"@id\":\"https:\/\/vieassociative.be\/actualites\/defaite-a-domicile-contre-le-bas-de-tableau-las-eupen-a-subi-une-defaite-0-1-contre-lokeren-temse\/\",\"url\":\"https:\/\/vieassociative.be\/actualites\/defaite-a-domicile-contre-le-bas-de-tableau-las-eupen-a-subi-une-defaite-0-1-contre-lokeren-temse\/\",\"name\":\"D\u00e9faite \u00e0 domicile contre le bas de tableau: l'AS Eupen a subi une d\u00e9faite 0-1 contre Lokeren-Temse | Vie Associative\",\"isPartOf\":{\"@id\":\"https:\/\/vieassociative.be\/actualites\/#website\"},\"primaryImageOfPage\":{\"@id\":\"https:\/\/vieassociative.be\/actualites\/defaite-a-domicile-contre-le-bas-de-tableau-las-eupen-a-subi-une-defaite-0-1-contre-lokeren-temse\/#primaryimage\"},\"image\":{\"@id\":\"https:\/\/vieassociative.be\/actualites\/defaite-a-domicile-contre-le-bas-de-tableau-las-eupen-a-subi-une-defaite-0-1-contre-lokeren-temse\/#primaryimage\"},\"thumbnailUrl\":\"https:\/\/vieassociative.be\/actualites\/wp-content\/uploads\/2024\/10\/1730060625_Defaite-a-domicile-contre-le-bas-de-tableau-lAS-Eupen.jpg\",\"datePublished\":\"2024-10-27T20:23:45+00:00\",\"dateModified\":\"2024-10-27T20:23:45+00:00\",\"breadcrumb\":{\"@id\":\"https:\/\/vieassociative.be\/actualites\/defaite-a-domicile-contre-le-bas-de-tableau-las-eupen-a-subi-une-defaite-0-1-contre-lokeren-temse\/#breadcrumb\"},\"inLanguage\":\"fr-BE\",\"potentialAction\":[{\"@type\":\"ReadAction\",\"target\":[\"https:\/\/vieassociative.be\/actualites\/defaite-a-domicile-contre-le-bas-de-tableau-las-eupen-a-subi-une-defaite-0-1-contre-lokeren-temse\/\"]}]},{\"@type\":\"ImageObject\",\"inLanguage\":\"fr-BE\",\"@id\":\"https:\/\/vieassociative.be\/actualites\/defaite-a-domicile-contre-le-bas-de-tableau-las-eupen-a-subi-une-defaite-0-1-contre-lokeren-temse\/#primaryimage\",\"url\":\"https:\/\/vieassociative.be\/actualites\/wp-content\/uploads\/2024\/10\/1730060625_Defaite-a-domicile-contre-le-bas-de-tableau-lAS-Eupen.jpg\",\"contentUrl\":\"https:\/\/vieassociative.be\/actualites\/wp-content\/uploads\/2024\/10\/1730060625_Defaite-a-domicile-contre-le-bas-de-tableau-lAS-Eupen.jpg\",\"width\":1200,\"height\":800,\"caption\":\"D\u00e9faite \u00e0 domicile contre le bas de tableau: l'AS Eupen a subi une d\u00e9faite 0-1 contre Lokeren-Temse\"},{\"@type\":\"BreadcrumbList\",\"@id\":\"https:\/\/vieassociative.be\/actualites\/defaite-a-domicile-contre-le-bas-de-tableau-las-eupen-a-subi-une-defaite-0-1-contre-lokeren-temse\/#breadcrumb\",\"itemListElement\":[{\"@type\":\"ListItem\",\"position\":1,\"name\":\"Accueil\",\"item\":\"https:\/\/vieassociative.be\/actualites\/\"},{\"@type\":\"ListItem\",\"position\":2,\"name\":\"D\u00e9faite \u00e0 domicile contre le bas de tableau: l&rsquo;AS Eupen a subi une d\u00e9faite 0-1 contre Lokeren-Temse\"}]},{\"@type\":\"WebSite\",\"@id\":\"https:\/\/vieassociative.be\/actualites\/#website\",\"url\":\"https:\/\/vieassociative.be\/actualites\/\",\"name\":\"Vie Associative\",\"description\":\"\",\"publisher\":{\"@id\":\"https:\/\/vieassociative.be\/actualites\/#organization\"},\"potentialAction\":[{\"@type\":\"SearchAction\",\"target\":{\"@type\":\"EntryPoint\",\"urlTemplate\":\"https:\/\/vieassociative.be\/actualites\/?s={search_term_string}\"},\"query-input\":{\"@type\":\"PropertyValueSpecification\",\"valueRequired\":true,\"valueName\":\"search_term_string\"}}],\"inLanguage\":\"fr-BE\"},{\"@type\":\"Organization\",\"@id\":\"https:\/\/vieassociative.be\/actualites\/#organization\",\"name\":\"Vie Associative\",\"url\":\"https:\/\/vieassociative.be\/actualites\/\",\"logo\":{\"@type\":\"ImageObject\",\"inLanguage\":\"fr-BE\",\"@id\":\"https:\/\/vieassociative.be\/actualites\/#\/schema\/logo\/image\/\",\"url\":\"https:\/\/vieassociative.be\/actualites\/wp-content\/uploads\/2024\/09\/cropped-vieassociative_favicon.ico.png\",\"contentUrl\":\"https:\/\/vieassociative.be\/actualites\/wp-content\/uploads\/2024\/09\/cropped-vieassociative_favicon.ico.png\",\"width\":512,\"height\":512,\"caption\":\"Vie Associative\"},\"image\":{\"@id\":\"https:\/\/vieassociative.be\/actualites\/#\/schema\/logo\/image\/\"}},{\"@type\":\"Person\",\"@id\":\"https:\/\/vieassociative.be\/actualites\/#\/schema\/person\/b87ac4f82f9d4e7b7cec7395b679edc4\",\"name\":\"Julien\",\"image\":{\"@type\":\"ImageObject\",\"inLanguage\":\"fr-BE\",\"@id\":\"https:\/\/vieassociative.be\/actualites\/#\/schema\/person\/image\/\",\"url\":\"https:\/\/vieassociative.be\/actualites\/wp-content\/uploads\/2024\/09\/vie-associative-1-150x150.jpg\",\"contentUrl\":\"https:\/\/vieassociative.be\/actualites\/wp-content\/uploads\/2024\/09\/vie-associative-1-150x150.jpg\",\"caption\":\"Julien\"},\"description\":\"Je suis Julien, r\u00e9dacteur pour Vie Associative. Passionn\u00e9 par le monde associatif depuis plus de 10 ans, j'ai \u00e0 c\u0153ur de partager des histoires inspirantes et de mettre en lumi\u00e8re les initiatives locales. Mon objectif est de sensibiliser et d'encourager l'engagement communautaire \u00e0 travers mes articles.\",\"sameAs\":[\"https:\/\/vieassociative.be\/\"]}]}<\/script>\n<!-- \/ Yoast SEO plugin. -->","yoast_head_json":{"title":"D\u00e9faite \u00e0 domicile contre le bas de tableau: l'AS Eupen a subi une d\u00e9faite 0-1 contre Lokeren-Temse | Vie Associative","robots":{"index":"index","follow":"follow","max-snippet":"max-snippet:-1","max-image-preview":"max-image-preview:large","max-video-preview":"max-video-preview:-1"},"canonical":"https:\/\/vieassociative.be\/actualites\/defaite-a-domicile-contre-le-bas-de-tableau-las-eupen-a-subi-une-defaite-0-1-contre-lokeren-temse\/","og_locale":"fr_FR","og_type":"article","og_title":"D\u00e9faite \u00e0 domicile contre le bas de tableau: l'AS Eupen a subi une d\u00e9faite 0-1 contre Lokeren-Temse | Vie Associative","og_description":"Apr\u00e8s deux victoires et un nul, l&rsquo;AS Eupen a essuy\u00e9 une d\u00e9faite dimanche. Les Noirs et Blancs se sont inclin\u00e9s 1-0 face au KSC Lokeren-Temse,","og_url":"https:\/\/vieassociative.be\/actualites\/defaite-a-domicile-contre-le-bas-de-tableau-las-eupen-a-subi-une-defaite-0-1-contre-lokeren-temse\/","og_site_name":"Vie Associative","article_published_time":"2024-10-27T20:23:45+00:00","og_image":[{"url":"https:\/\/vieassociative.be\/actualites\/wp-content\/uploads\/2024\/10\/Defaite-a-domicile-contre-le-bas-de-tableau-lAS-Eupen.jpg","type":"","width":"","height":""}],"author":"Julien","twitter_card":"summary_large_image","twitter_misc":{"\u00c9crit par":"Julien","Dur\u00e9e de lecture est.":"3 minutes"},"schema":{"@context":"https:\/\/schema.org","@graph":[{"@type":"Article","@id":"https:\/\/vieassociative.be\/actualites\/defaite-a-domicile-contre-le-bas-de-tableau-las-eupen-a-subi-une-defaite-0-1-contre-lokeren-temse\/#article","isPartOf":{"@id":"https:\/\/vieassociative.be\/actualites\/defaite-a-domicile-contre-le-bas-de-tableau-las-eupen-a-subi-une-defaite-0-1-contre-lokeren-temse\/"},"author":{"name":"Julien","@id":"https:\/\/vieassociative.be\/actualites\/#\/schema\/person\/b87ac4f82f9d4e7b7cec7395b679edc4"},"headline":"D\u00e9faite \u00e0 domicile contre le bas de tableau: l&rsquo;AS Eupen a subi une d\u00e9faite 0-1 contre Lokeren-Temse","datePublished":"2024-10-27T20:23:45+00:00","dateModified":"2024-10-27T20:23:45+00:00","mainEntityOfPage":{"@id":"https:\/\/vieassociative.be\/actualites\/defaite-a-domicile-contre-le-bas-de-tableau-las-eupen-a-subi-une-defaite-0-1-contre-lokeren-temse\/"},"wordCount":739,"publisher":{"@id":"https:\/\/vieassociative.be\/actualites\/#organization"},"image":{"@id":"https:\/\/vieassociative.be\/actualites\/defaite-a-domicile-contre-le-bas-de-tableau-las-eupen-a-subi-une-defaite-0-1-contre-lokeren-temse\/#primaryimage"},"thumbnailUrl":"https:\/\/vieassociative.be\/actualites\/wp-content\/uploads\/2024\/10\/1730060625_Defaite-a-domicile-contre-le-bas-de-tableau-lAS-Eupen.jpg","keywords":["bas","contre","D\u00e9faite","domicile","Eupen","lAS","LokerenTemse","subi","tableau","une"],"articleSection":["Belgique"],"inLanguage":"fr-BE"},{"@type":"WebPage","@id":"https:\/\/vieassociative.be\/actualites\/defaite-a-domicile-contre-le-bas-de-tableau-las-eupen-a-subi-une-defaite-0-1-contre-lokeren-temse\/","url":"https:\/\/vieassociative.be\/actualites\/defaite-a-domicile-contre-le-bas-de-tableau-las-eupen-a-subi-une-defaite-0-1-contre-lokeren-temse\/","name":"D\u00e9faite \u00e0 domicile contre le bas de tableau: l'AS Eupen a subi une d\u00e9faite 0-1 contre Lokeren-Temse | Vie Associative","isPartOf":{"@id":"https:\/\/vieassociative.be\/actualites\/#website"},"primaryImageOfPage":{"@id":"https:\/\/vieassociative.be\/actualites\/defaite-a-domicile-contre-le-bas-de-tableau-las-eupen-a-subi-une-defaite-0-1-contre-lokeren-temse\/#primaryimage"},"image":{"@id":"https:\/\/vieassociative.be\/actualites\/defaite-a-domicile-contre-le-bas-de-tableau-las-eupen-a-subi-une-defaite-0-1-contre-lokeren-temse\/#primaryimage"},"thumbnailUrl":"https:\/\/vieassociative.be\/actualites\/wp-content\/uploads\/2024\/10\/1730060625_Defaite-a-domicile-contre-le-bas-de-tableau-lAS-Eupen.jpg","datePublished":"2024-10-27T20:23:45+00:00","dateModified":"2024-10-27T20:23:45+00:00","breadcrumb":{"@id":"https:\/\/vieassociative.be\/actualites\/defaite-a-domicile-contre-le-bas-de-tableau-las-eupen-a-subi-une-defaite-0-1-contre-lokeren-temse\/#breadcrumb"},"inLanguage":"fr-BE","potentialAction":[{"@type":"ReadAction","target":["https:\/\/vieassociative.be\/actualites\/defaite-a-domicile-contre-le-bas-de-tableau-las-eupen-a-subi-une-defaite-0-1-contre-lokeren-temse\/"]}]},{"@type":"ImageObject","inLanguage":"fr-BE","@id":"https:\/\/vieassociative.be\/actualites\/defaite-a-domicile-contre-le-bas-de-tableau-las-eupen-a-subi-une-defaite-0-1-contre-lokeren-temse\/#primaryimage","url":"https:\/\/vieassociative.be\/actualites\/wp-content\/uploads\/2024\/10\/1730060625_Defaite-a-domicile-contre-le-bas-de-tableau-lAS-Eupen.jpg","contentUrl":"https:\/\/vieassociative.be\/actualites\/wp-content\/uploads\/2024\/10\/1730060625_Defaite-a-domicile-contre-le-bas-de-tableau-lAS-Eupen.jpg","width":1200,"height":800,"caption":"D\u00e9faite \u00e0 domicile contre le bas de tableau: l'AS Eupen a subi une d\u00e9faite 0-1 contre Lokeren-Temse"},{"@type":"BreadcrumbList","@id":"https:\/\/vieassociative.be\/actualites\/defaite-a-domicile-contre-le-bas-de-tableau-las-eupen-a-subi-une-defaite-0-1-contre-lokeren-temse\/#breadcrumb","itemListElement":[{"@type":"ListItem","position":1,"name":"Accueil","item":"https:\/\/vieassociative.be\/actualites\/"},{"@type":"ListItem","position":2,"name":"D\u00e9faite \u00e0 domicile contre le bas de tableau: l&rsquo;AS Eupen a subi une d\u00e9faite 0-1 contre Lokeren-Temse"}]},{"@type":"WebSite","@id":"https:\/\/vieassociative.be\/actualites\/#website","url":"https:\/\/vieassociative.be\/actualites\/","name":"Vie Associative","description":"","publisher":{"@id":"https:\/\/vieassociative.be\/actualites\/#organization"},"potentialAction":[{"@type":"SearchAction","target":{"@type":"EntryPoint","urlTemplate":"https:\/\/vieassociative.be\/actualites\/?s={search_term_string}"},"query-input":{"@type":"PropertyValueSpecification","valueRequired":true,"valueName":"search_term_string"}}],"inLanguage":"fr-BE"},{"@type":"Organization","@id":"https:\/\/vieassociative.be\/actualites\/#organization","name":"Vie Associative","url":"https:\/\/vieassociative.be\/actualites\/","logo":{"@type":"ImageObject","inLanguage":"fr-BE","@id":"https:\/\/vieassociative.be\/actualites\/#\/schema\/logo\/image\/","url":"https:\/\/vieassociative.be\/actualites\/wp-content\/uploads\/2024\/09\/cropped-vieassociative_favicon.ico.png","contentUrl":"https:\/\/vieassociative.be\/actualites\/wp-content\/uploads\/2024\/09\/cropped-vieassociative_favicon.ico.png","width":512,"height":512,"caption":"Vie Associative"},"image":{"@id":"https:\/\/vieassociative.be\/actualites\/#\/schema\/logo\/image\/"}},{"@type":"Person","@id":"https:\/\/vieassociative.be\/actualites\/#\/schema\/person\/b87ac4f82f9d4e7b7cec7395b679edc4","name":"Julien","image":{"@type":"ImageObject","inLanguage":"fr-BE","@id":"https:\/\/vieassociative.be\/actualites\/#\/schema\/person\/image\/","url":"https:\/\/vieassociative.be\/actualites\/wp-content\/uploads\/2024\/09\/vie-associative-1-150x150.jpg","contentUrl":"https:\/\/vieassociative.be\/actualites\/wp-content\/uploads\/2024\/09\/vie-associative-1-150x150.jpg","caption":"Julien"},"description":"Je suis Julien, r\u00e9dacteur pour Vie Associative. Passionn\u00e9 par le monde associatif depuis plus de 10 ans, j'ai \u00e0 c\u0153ur de partager des histoires inspirantes et de mettre en lumi\u00e8re les initiatives locales. Mon objectif est de sensibiliser et d'encourager l'engagement communautaire \u00e0 travers mes articles.","sameAs":["https:\/\/vieassociative.be\/"]}]}},"_links":{"self":[{"href":"https:\/\/vieassociative.be\/actualites\/wp-json\/wp\/v2\/posts\/1722"}],"collection":[{"href":"https:\/\/vieassociative.be\/actualites\/wp-json\/wp\/v2\/posts"}],"about":[{"href":"https:\/\/vieassociative.be\/actualites\/wp-json\/wp\/v2\/types\/post"}],"author":[{"embeddable":true,"href":"https:\/\/vieassociative.be\/actualites\/wp-json\/wp\/v2\/users\/1"}],"replies":[{"embeddable":true,"href":"https:\/\/vieassociative.be\/actualites\/wp-json\/wp\/v2\/comments?post=1722"}],"version-history":[{"count":0,"href":"https:\/\/vieassociative.be\/actualites\/wp-json\/wp\/v2\/posts\/1722\/revisions"}],"wp:featuredmedia":[{"embeddable":true,"href":"https:\/\/vieassociative.be\/actualites\/wp-json\/wp\/v2\/media\/1723"}],"wp:attachment":[{"href":"https:\/\/vieassociative.be\/actualites\/wp-json\/wp\/v2\/media?parent=1722"}],"wp:term":[{"taxonomy":"category","embeddable":true,"href":"https:\/\/vieassociative.be\/actualites\/wp-json\/wp\/v2\/categories?post=1722"},{"taxonomy":"post_tag","embeddable":true,"href":"https:\/\/vieassociative.be\/actualites\/wp-json\/wp\/v2\/tags?post=1722"}],"curies":[{"name":"wp","href":"https:\/\/api.w.org\/{rel}","templated":true}]}}