{"id":1720,"date":"2024-10-27T20:28:05","date_gmt":"2024-10-27T19:28:05","guid":{"rendered":"https:\/\/vieassociative.be\/actualites\/protegez-vos-planchers-de-bois-franc-de-ces-six-choses\/"},"modified":"2024-10-27T20:28:05","modified_gmt":"2024-10-27T19:28:05","slug":"protegez-vos-planchers-de-bois-franc-de-ces-six-choses","status":"publish","type":"post","link":"https:\/\/vieassociative.be\/actualites\/protegez-vos-planchers-de-bois-franc-de-ces-six-choses\/","title":{"rendered":"Prot\u00e9gez vos planchers de bois franc de ces six choses"},"content":{"rendered":"<div class=\"mt-4 leading-6 md:mb-8\">Gardez vos planchers de bois franc comme neufs pour les ann\u00e9es \u00e0 venir.<\/div>\n<p><\/p>\n<p>Les parquets peuvent durer des d\u00e9cennies s\u2019ils sont bien entretenus. Le bois dur est un mat\u00e9riau durable qui peut ajouter de la valeur \u00e0 votre maison en raison de son attrait visuel et de sa nature durable, mais certains coupables peuvent ruiner vos beaux (et co\u00fbteux) sols bien trop t\u00f4t. Savoir comment pr\u00e9venir la d\u00e9coloration peut ajouter des ann\u00e9es \u00e0 votre bois dur et vous faire \u00e9conomiser de l&rsquo;argent sur les co\u00fbts de restauration et de remplacement. Voici quelques \u00e9l\u00e9ments \u00e0 surveiller.<\/p>\n<h2 id=\"uv-and-infrared-light\">Lumi\u00e8re UV et infrarouge<\/h2>\n<p>La lumi\u00e8re directe du soleil peut provoquer une d\u00e9coloration plus rapide de votre bois dur, car elle exposera le sol aux rayons UV et infrarouges. Ces longueurs d\u2019onde de lumi\u00e8re ne nous sont pas visibles, mais elles peuvent faire des ravages sur le bois dur. Vous pouvez \u00e9viter ce type de d\u00e9coloration en utilisant un rev\u00eatement UV\/IR sur vos fen\u00eatres et en gardant les stores et les rideaux tir\u00e9s lorsque le soleil brille directement \u00e0 travers les fen\u00eatres. Lorsque vous choisissez de nouvelles fen\u00eatres lorsqu&rsquo;il est temps de remplacer vos anciennes, vous pouvez opter pour des fen\u00eatres Low-E (faible \u00e9missivit\u00e9). Ceux-ci minimiseront la quantit\u00e9 de lumi\u00e8re infrarouge et ultraviolette qui traverse vos fen\u00eatres et contribueront ainsi \u00e0 pr\u00e9server vos sols et \u00e0 r\u00e9duire \u00e9galement vos factures de services publics.<\/p>\n<h2 id=\"heat\">Chaleur<\/h2>\n<p>La chaleur peut d\u00e9colorer le bois dur en grillant la surface des planches. Bien que la plupart des dommages caus\u00e9s par la chaleur aux sols proviennent de la lumi\u00e8re du soleil, vous devez \u00e9galement faire attention lorsque vous utilisez des radiateurs, en particulier ceux qui utilisent des longueurs d&rsquo;onde infrarouges. Si vous utilisez des radiateurs, placez-les sur des tapis ou des nattes et gardez la surface du bois hors de la ligne de feu directe des radiateurs infrarouges pour pr\u00e9server la couleur de vos sols. Si vous poss\u00e9dez un po\u00eale \u00e0 bois ou une chemin\u00e9e, l&rsquo;utilisation d&rsquo;un tapis de chemin\u00e9e peut aider \u00e0 pr\u00e9venir la d\u00e9coloration et ajouter une couche de protection contre le feu.<\/p>\n<h2 id=\"moisture\">Humidit\u00e9<\/h2>\n<p>Les planchers de bois franc peuvent \u00eatre endommag\u00e9s en raison de l\u2019humidit\u00e9 provenant des fuites, de l\u2019humidit\u00e9 ou de l\u2019eau provenant de l\u2019ext\u00e9rieur. Les d\u00e9g\u00e2ts d\u2019eau peuvent provoquer une d\u00e9coloration, surtout si la finition de vos sols est us\u00e9e. Pour \u00e9viter les dommages caus\u00e9s par l&rsquo;humidit\u00e9, il peut \u00eatre utile d&rsquo;utiliser des tapis dans les zones \u00e0 fort trafic pour emp\u00eacher l&rsquo;eau de p\u00e9n\u00e9trer \u00e0 l&rsquo;ext\u00e9rieur, et essuyer l&rsquo;eau des d\u00e9versements ou des fuites le plus rapidement possible aidera \u00e0 garder les sols comme neufs. Si vous vivez dans un endroit tr\u00e8s humide, l\u2019utilisation d\u2019un d\u00e9shumidificateur peut aider votre maison \u00e0 se sentir plus \u00e0 l\u2019aise et \u00e9galement \u00e0 pr\u00e9server vos sols.<\/p>\n<h2 id=\"dirt\">Salet\u00e9<\/h2>\n<p>Lorsque vous d\u00e9posez de la salet\u00e9 sur vos sols, des particules abrasives peuvent l\u2019accompagner. Ces minuscules particules peuvent user pr\u00e9matur\u00e9ment le fini de vos sols et permettre une d\u00e9coloration plus rapide qu\u2019elle ne le ferait autrement. Pour \u00e9viter l&rsquo;usure due \u00e0 la salet\u00e9 et aux gravillons, utilisez des tapis pour r\u00e9cup\u00e9rer les d\u00e9bris accumul\u00e9s sur les chaussures, retirez les chaussures lorsque vous \u00eates \u00e0 l&rsquo;int\u00e9rieur et balayez ou passez l&rsquo;aspirateur r\u00e9guli\u00e8rement pour emp\u00eacher la salet\u00e9 de tra\u00eener trop longtemps sur les sols.<\/p>\n<h2 id=\"salt\">Sel<\/h2>\n<p>Le sel et les produits chimiques pour faire fondre la glace peuvent rapidement endommager le bois dur ; le sel peut r\u00e9agir chimiquement avec les fibres du bois, provoquant une d\u00e9coloration. Pour emp\u00eacher le sel d&rsquo;ab\u00eemer vos sols, gardez les bottes d&rsquo;hiver \u00e0 l&rsquo;\u00e9cart de votre bois dur en les retirant lorsque vous \u00eates \u00e0 l&rsquo;int\u00e9rieur, en utilisant des tapis et en veillant \u00e0 nettoyer les sols s&rsquo;il y a de la neige ou de l&rsquo;eau pendant l&rsquo;hiver. Vous pouvez \u00e9galement installer un grattoir \u00e0 bottes \u00e0 l\u2019ext\u00e9rieur pour \u00e9liminer la majeure partie de la neige et des d\u00e9bris de vos chaussures avant d\u2019entrer dans votre maison.<\/p>\n<h2 id=\"some-cleaners\">Quelques nettoyants<\/h2>\n<p>Le bois dur est un mat\u00e9riau poreux, il peut donc absorber les produits de nettoyage et provoquer une d\u00e9coloration plus rapidement sur le bois dur que sur les surfaces artificielles comme les rev\u00eatements de sol en planches de vinyle. Les nettoyants acides comme les nettoyants pour sols \u00e0 base d&rsquo;ammoniaque ou le vinaigre peuvent endommager la finition de votre bois franc et provoquer la d\u00e9coloration de vos parquets. D&rsquo;autres solvants m\u00e9nagers courants qui peuvent d\u00e9colorer les planchers de bois franc sont l&rsquo;ac\u00e9tone que l&rsquo;on trouve couramment dans le dissolvant pour vernis \u00e0 ongles, l&rsquo;alcool \u00e0 friction, l&rsquo;eau de Javel et le peroxyde d&rsquo;hydrog\u00e8ne. L\u2019autre chose \u00e0 \u00e9viter lors du nettoyage des parquets est bien s\u00fbr d\u2019utiliser beaucoup d\u2019eau. Pour nettoyer vos planchers de bois franc en toute s\u00e9curit\u00e9, suivez notre guide. <\/p>\n","protected":false},"excerpt":{"rendered":"<p>Gardez vos planchers de bois franc comme neufs pour les ann\u00e9es \u00e0 venir. Les parquets peuvent durer des d\u00e9cennies s\u2019ils sont bien entretenus. Le bois<\/p>\n","protected":false},"author":1,"featured_media":1721,"comment_status":"","ping_status":"","sticky":false,"template":"","format":"standard","meta":{"footnotes":""},"categories":[40],"tags":[2348,248,93,2349,2347,2346,27],"class_list":["post-1720","post","type-post","status-publish","format-standard","has-post-thumbnail","hentry","category-maison","tag-bois","tag-ces","tag-choses","tag-franc","tag-planchers","tag-protegez","tag-vos","generate-columns","tablet-grid-50","mobile-grid-100","grid-parent","grid-33"],"yoast_head":"<!-- This site is optimized with the Yoast SEO plugin v24.0 - https:\/\/yoast.com\/wordpress\/plugins\/seo\/ -->\n<title>Prot\u00e9gez vos planchers de bois franc de ces six choses | Vie Associative<\/title>\n<meta name=\"robots\" content=\"index, follow, max-snippet:-1, max-image-preview:large, max-video-preview:-1\" \/>\n<link rel=\"canonical\" href=\"https:\/\/vieassociative.be\/actualites\/protegez-vos-planchers-de-bois-franc-de-ces-six-choses\/\" \/>\n<meta property=\"og:locale\" content=\"fr_FR\" \/>\n<meta property=\"og:type\" content=\"article\" \/>\n<meta property=\"og:title\" content=\"Prot\u00e9gez vos planchers de bois franc de ces six choses | Vie Associative\" \/>\n<meta property=\"og:description\" content=\"Gardez vos planchers de bois franc comme neufs pour les ann\u00e9es \u00e0 venir. Les parquets peuvent durer des d\u00e9cennies s\u2019ils sont bien entretenus. Le bois\" \/>\n<meta property=\"og:url\" content=\"https:\/\/vieassociative.be\/actualites\/protegez-vos-planchers-de-bois-franc-de-ces-six-choses\/\" \/>\n<meta property=\"og:site_name\" content=\"Vie Associative\" \/>\n<meta property=\"article:published_time\" content=\"2024-10-27T19:28:05+00:00\" \/>\n<meta property=\"og:image\" content=\"https:\/\/vieassociative.be\/actualites\/wp-content\/uploads\/2024\/09\/header_backgroundk-01-e1726694325946.png\" \/>\n\t<meta property=\"og:image:width\" content=\"279\" \/>\n\t<meta property=\"og:image:height\" content=\"92\" \/>\n\t<meta property=\"og:image:type\" content=\"image\/png\" \/>\n<meta name=\"author\" content=\"Julien\" \/>\n<meta name=\"twitter:card\" content=\"summary_large_image\" \/>\n<meta name=\"twitter:label1\" content=\"\u00c9crit par\" \/>\n\t<meta name=\"twitter:data1\" content=\"Julien\" \/>\n\t<meta name=\"twitter:label2\" content=\"Dur\u00e9e de lecture est.\" \/>\n\t<meta name=\"twitter:data2\" content=\"4 minutes\" \/>\n<script type=\"application\/ld+json\" class=\"yoast-schema-graph\">{\"@context\":\"https:\/\/schema.org\",\"@graph\":[{\"@type\":\"Article\",\"@id\":\"https:\/\/vieassociative.be\/actualites\/protegez-vos-planchers-de-bois-franc-de-ces-six-choses\/#article\",\"isPartOf\":{\"@id\":\"https:\/\/vieassociative.be\/actualites\/protegez-vos-planchers-de-bois-franc-de-ces-six-choses\/\"},\"author\":{\"name\":\"Julien\",\"@id\":\"https:\/\/vieassociative.be\/actualites\/#\/schema\/person\/b87ac4f82f9d4e7b7cec7395b679edc4\"},\"headline\":\"Prot\u00e9gez vos planchers de bois franc de ces six choses\",\"datePublished\":\"2024-10-27T19:28:05+00:00\",\"dateModified\":\"2024-10-27T19:28:05+00:00\",\"mainEntityOfPage\":{\"@id\":\"https:\/\/vieassociative.be\/actualites\/protegez-vos-planchers-de-bois-franc-de-ces-six-choses\/\"},\"wordCount\":890,\"publisher\":{\"@id\":\"https:\/\/vieassociative.be\/actualites\/#organization\"},\"image\":{\"@id\":\"https:\/\/vieassociative.be\/actualites\/protegez-vos-planchers-de-bois-franc-de-ces-six-choses\/#primaryimage\"},\"thumbnailUrl\":\"https:\/\/vieassociative.be\/actualites\/wp-content\/uploads\/2024\/10\/Protegez-vos-planchers-de-bois-franc-de-ces-six-choses.jpg\",\"keywords\":[\"bois\",\"ces\",\"choses\",\"franc\",\"planchers\",\"Prot\u00e9gez\",\"vos\"],\"articleSection\":[\"Maison\"],\"inLanguage\":\"fr-BE\"},{\"@type\":\"WebPage\",\"@id\":\"https:\/\/vieassociative.be\/actualites\/protegez-vos-planchers-de-bois-franc-de-ces-six-choses\/\",\"url\":\"https:\/\/vieassociative.be\/actualites\/protegez-vos-planchers-de-bois-franc-de-ces-six-choses\/\",\"name\":\"Prot\u00e9gez vos planchers de bois franc de ces six choses | Vie Associative\",\"isPartOf\":{\"@id\":\"https:\/\/vieassociative.be\/actualites\/#website\"},\"primaryImageOfPage\":{\"@id\":\"https:\/\/vieassociative.be\/actualites\/protegez-vos-planchers-de-bois-franc-de-ces-six-choses\/#primaryimage\"},\"image\":{\"@id\":\"https:\/\/vieassociative.be\/actualites\/protegez-vos-planchers-de-bois-franc-de-ces-six-choses\/#primaryimage\"},\"thumbnailUrl\":\"https:\/\/vieassociative.be\/actualites\/wp-content\/uploads\/2024\/10\/Protegez-vos-planchers-de-bois-franc-de-ces-six-choses.jpg\",\"datePublished\":\"2024-10-27T19:28:05+00:00\",\"dateModified\":\"2024-10-27T19:28:05+00:00\",\"breadcrumb\":{\"@id\":\"https:\/\/vieassociative.be\/actualites\/protegez-vos-planchers-de-bois-franc-de-ces-six-choses\/#breadcrumb\"},\"inLanguage\":\"fr-BE\",\"potentialAction\":[{\"@type\":\"ReadAction\",\"target\":[\"https:\/\/vieassociative.be\/actualites\/protegez-vos-planchers-de-bois-franc-de-ces-six-choses\/\"]}]},{\"@type\":\"ImageObject\",\"inLanguage\":\"fr-BE\",\"@id\":\"https:\/\/vieassociative.be\/actualites\/protegez-vos-planchers-de-bois-franc-de-ces-six-choses\/#primaryimage\",\"url\":\"https:\/\/vieassociative.be\/actualites\/wp-content\/uploads\/2024\/10\/Protegez-vos-planchers-de-bois-franc-de-ces-six-choses.jpg\",\"contentUrl\":\"https:\/\/vieassociative.be\/actualites\/wp-content\/uploads\/2024\/10\/Protegez-vos-planchers-de-bois-franc-de-ces-six-choses.jpg\",\"width\":1200,\"height\":675,\"caption\":\"Prot\u00e9gez vos planchers de bois franc de ces six choses\"},{\"@type\":\"BreadcrumbList\",\"@id\":\"https:\/\/vieassociative.be\/actualites\/protegez-vos-planchers-de-bois-franc-de-ces-six-choses\/#breadcrumb\",\"itemListElement\":[{\"@type\":\"ListItem\",\"position\":1,\"name\":\"Accueil\",\"item\":\"https:\/\/vieassociative.be\/actualites\/\"},{\"@type\":\"ListItem\",\"position\":2,\"name\":\"Prot\u00e9gez vos planchers de bois franc de ces six choses\"}]},{\"@type\":\"WebSite\",\"@id\":\"https:\/\/vieassociative.be\/actualites\/#website\",\"url\":\"https:\/\/vieassociative.be\/actualites\/\",\"name\":\"Vie Associative\",\"description\":\"\",\"publisher\":{\"@id\":\"https:\/\/vieassociative.be\/actualites\/#organization\"},\"potentialAction\":[{\"@type\":\"SearchAction\",\"target\":{\"@type\":\"EntryPoint\",\"urlTemplate\":\"https:\/\/vieassociative.be\/actualites\/?s={search_term_string}\"},\"query-input\":{\"@type\":\"PropertyValueSpecification\",\"valueRequired\":true,\"valueName\":\"search_term_string\"}}],\"inLanguage\":\"fr-BE\"},{\"@type\":\"Organization\",\"@id\":\"https:\/\/vieassociative.be\/actualites\/#organization\",\"name\":\"Vie Associative\",\"url\":\"https:\/\/vieassociative.be\/actualites\/\",\"logo\":{\"@type\":\"ImageObject\",\"inLanguage\":\"fr-BE\",\"@id\":\"https:\/\/vieassociative.be\/actualites\/#\/schema\/logo\/image\/\",\"url\":\"https:\/\/vieassociative.be\/actualites\/wp-content\/uploads\/2024\/09\/cropped-vieassociative_favicon.ico.png\",\"contentUrl\":\"https:\/\/vieassociative.be\/actualites\/wp-content\/uploads\/2024\/09\/cropped-vieassociative_favicon.ico.png\",\"width\":512,\"height\":512,\"caption\":\"Vie Associative\"},\"image\":{\"@id\":\"https:\/\/vieassociative.be\/actualites\/#\/schema\/logo\/image\/\"}},{\"@type\":\"Person\",\"@id\":\"https:\/\/vieassociative.be\/actualites\/#\/schema\/person\/b87ac4f82f9d4e7b7cec7395b679edc4\",\"name\":\"Julien\",\"image\":{\"@type\":\"ImageObject\",\"inLanguage\":\"fr-BE\",\"@id\":\"https:\/\/vieassociative.be\/actualites\/#\/schema\/person\/image\/\",\"url\":\"https:\/\/vieassociative.be\/actualites\/wp-content\/uploads\/2024\/09\/vie-associative-1-150x150.jpg\",\"contentUrl\":\"https:\/\/vieassociative.be\/actualites\/wp-content\/uploads\/2024\/09\/vie-associative-1-150x150.jpg\",\"caption\":\"Julien\"},\"description\":\"Je suis Julien, r\u00e9dacteur pour Vie Associative. Passionn\u00e9 par le monde associatif depuis plus de 10 ans, j'ai \u00e0 c\u0153ur de partager des histoires inspirantes et de mettre en lumi\u00e8re les initiatives locales. Mon objectif est de sensibiliser et d'encourager l'engagement communautaire \u00e0 travers mes articles.\",\"sameAs\":[\"https:\/\/vieassociative.be\/\"]}]}<\/script>\n<!-- \/ Yoast SEO plugin. -->","yoast_head_json":{"title":"Prot\u00e9gez vos planchers de bois franc de ces six choses | Vie Associative","robots":{"index":"index","follow":"follow","max-snippet":"max-snippet:-1","max-image-preview":"max-image-preview:large","max-video-preview":"max-video-preview:-1"},"canonical":"https:\/\/vieassociative.be\/actualites\/protegez-vos-planchers-de-bois-franc-de-ces-six-choses\/","og_locale":"fr_FR","og_type":"article","og_title":"Prot\u00e9gez vos planchers de bois franc de ces six choses | Vie Associative","og_description":"Gardez vos planchers de bois franc comme neufs pour les ann\u00e9es \u00e0 venir. Les parquets peuvent durer des d\u00e9cennies s\u2019ils sont bien entretenus. Le bois","og_url":"https:\/\/vieassociative.be\/actualites\/protegez-vos-planchers-de-bois-franc-de-ces-six-choses\/","og_site_name":"Vie Associative","article_published_time":"2024-10-27T19:28:05+00:00","og_image":[{"width":279,"height":92,"url":"https:\/\/vieassociative.be\/actualites\/wp-content\/uploads\/2024\/09\/header_backgroundk-01-e1726694325946.png","type":"image\/png"}],"author":"Julien","twitter_card":"summary_large_image","twitter_misc":{"\u00c9crit par":"Julien","Dur\u00e9e de lecture est.":"4 minutes"},"schema":{"@context":"https:\/\/schema.org","@graph":[{"@type":"Article","@id":"https:\/\/vieassociative.be\/actualites\/protegez-vos-planchers-de-bois-franc-de-ces-six-choses\/#article","isPartOf":{"@id":"https:\/\/vieassociative.be\/actualites\/protegez-vos-planchers-de-bois-franc-de-ces-six-choses\/"},"author":{"name":"Julien","@id":"https:\/\/vieassociative.be\/actualites\/#\/schema\/person\/b87ac4f82f9d4e7b7cec7395b679edc4"},"headline":"Prot\u00e9gez vos planchers de bois franc de ces six choses","datePublished":"2024-10-27T19:28:05+00:00","dateModified":"2024-10-27T19:28:05+00:00","mainEntityOfPage":{"@id":"https:\/\/vieassociative.be\/actualites\/protegez-vos-planchers-de-bois-franc-de-ces-six-choses\/"},"wordCount":890,"publisher":{"@id":"https:\/\/vieassociative.be\/actualites\/#organization"},"image":{"@id":"https:\/\/vieassociative.be\/actualites\/protegez-vos-planchers-de-bois-franc-de-ces-six-choses\/#primaryimage"},"thumbnailUrl":"https:\/\/vieassociative.be\/actualites\/wp-content\/uploads\/2024\/10\/Protegez-vos-planchers-de-bois-franc-de-ces-six-choses.jpg","keywords":["bois","ces","choses","franc","planchers","Prot\u00e9gez","vos"],"articleSection":["Maison"],"inLanguage":"fr-BE"},{"@type":"WebPage","@id":"https:\/\/vieassociative.be\/actualites\/protegez-vos-planchers-de-bois-franc-de-ces-six-choses\/","url":"https:\/\/vieassociative.be\/actualites\/protegez-vos-planchers-de-bois-franc-de-ces-six-choses\/","name":"Prot\u00e9gez vos planchers de bois franc de ces six choses | Vie Associative","isPartOf":{"@id":"https:\/\/vieassociative.be\/actualites\/#website"},"primaryImageOfPage":{"@id":"https:\/\/vieassociative.be\/actualites\/protegez-vos-planchers-de-bois-franc-de-ces-six-choses\/#primaryimage"},"image":{"@id":"https:\/\/vieassociative.be\/actualites\/protegez-vos-planchers-de-bois-franc-de-ces-six-choses\/#primaryimage"},"thumbnailUrl":"https:\/\/vieassociative.be\/actualites\/wp-content\/uploads\/2024\/10\/Protegez-vos-planchers-de-bois-franc-de-ces-six-choses.jpg","datePublished":"2024-10-27T19:28:05+00:00","dateModified":"2024-10-27T19:28:05+00:00","breadcrumb":{"@id":"https:\/\/vieassociative.be\/actualites\/protegez-vos-planchers-de-bois-franc-de-ces-six-choses\/#breadcrumb"},"inLanguage":"fr-BE","potentialAction":[{"@type":"ReadAction","target":["https:\/\/vieassociative.be\/actualites\/protegez-vos-planchers-de-bois-franc-de-ces-six-choses\/"]}]},{"@type":"ImageObject","inLanguage":"fr-BE","@id":"https:\/\/vieassociative.be\/actualites\/protegez-vos-planchers-de-bois-franc-de-ces-six-choses\/#primaryimage","url":"https:\/\/vieassociative.be\/actualites\/wp-content\/uploads\/2024\/10\/Protegez-vos-planchers-de-bois-franc-de-ces-six-choses.jpg","contentUrl":"https:\/\/vieassociative.be\/actualites\/wp-content\/uploads\/2024\/10\/Protegez-vos-planchers-de-bois-franc-de-ces-six-choses.jpg","width":1200,"height":675,"caption":"Prot\u00e9gez vos planchers de bois franc de ces six choses"},{"@type":"BreadcrumbList","@id":"https:\/\/vieassociative.be\/actualites\/protegez-vos-planchers-de-bois-franc-de-ces-six-choses\/#breadcrumb","itemListElement":[{"@type":"ListItem","position":1,"name":"Accueil","item":"https:\/\/vieassociative.be\/actualites\/"},{"@type":"ListItem","position":2,"name":"Prot\u00e9gez vos planchers de bois franc de ces six choses"}]},{"@type":"WebSite","@id":"https:\/\/vieassociative.be\/actualites\/#website","url":"https:\/\/vieassociative.be\/actualites\/","name":"Vie Associative","description":"","publisher":{"@id":"https:\/\/vieassociative.be\/actualites\/#organization"},"potentialAction":[{"@type":"SearchAction","target":{"@type":"EntryPoint","urlTemplate":"https:\/\/vieassociative.be\/actualites\/?s={search_term_string}"},"query-input":{"@type":"PropertyValueSpecification","valueRequired":true,"valueName":"search_term_string"}}],"inLanguage":"fr-BE"},{"@type":"Organization","@id":"https:\/\/vieassociative.be\/actualites\/#organization","name":"Vie Associative","url":"https:\/\/vieassociative.be\/actualites\/","logo":{"@type":"ImageObject","inLanguage":"fr-BE","@id":"https:\/\/vieassociative.be\/actualites\/#\/schema\/logo\/image\/","url":"https:\/\/vieassociative.be\/actualites\/wp-content\/uploads\/2024\/09\/cropped-vieassociative_favicon.ico.png","contentUrl":"https:\/\/vieassociative.be\/actualites\/wp-content\/uploads\/2024\/09\/cropped-vieassociative_favicon.ico.png","width":512,"height":512,"caption":"Vie Associative"},"image":{"@id":"https:\/\/vieassociative.be\/actualites\/#\/schema\/logo\/image\/"}},{"@type":"Person","@id":"https:\/\/vieassociative.be\/actualites\/#\/schema\/person\/b87ac4f82f9d4e7b7cec7395b679edc4","name":"Julien","image":{"@type":"ImageObject","inLanguage":"fr-BE","@id":"https:\/\/vieassociative.be\/actualites\/#\/schema\/person\/image\/","url":"https:\/\/vieassociative.be\/actualites\/wp-content\/uploads\/2024\/09\/vie-associative-1-150x150.jpg","contentUrl":"https:\/\/vieassociative.be\/actualites\/wp-content\/uploads\/2024\/09\/vie-associative-1-150x150.jpg","caption":"Julien"},"description":"Je suis Julien, r\u00e9dacteur pour Vie Associative. Passionn\u00e9 par le monde associatif depuis plus de 10 ans, j'ai \u00e0 c\u0153ur de partager des histoires inspirantes et de mettre en lumi\u00e8re les initiatives locales. Mon objectif est de sensibiliser et d'encourager l'engagement communautaire \u00e0 travers mes articles.","sameAs":["https:\/\/vieassociative.be\/"]}]}},"_links":{"self":[{"href":"https:\/\/vieassociative.be\/actualites\/wp-json\/wp\/v2\/posts\/1720"}],"collection":[{"href":"https:\/\/vieassociative.be\/actualites\/wp-json\/wp\/v2\/posts"}],"about":[{"href":"https:\/\/vieassociative.be\/actualites\/wp-json\/wp\/v2\/types\/post"}],"author":[{"embeddable":true,"href":"https:\/\/vieassociative.be\/actualites\/wp-json\/wp\/v2\/users\/1"}],"replies":[{"embeddable":true,"href":"https:\/\/vieassociative.be\/actualites\/wp-json\/wp\/v2\/comments?post=1720"}],"version-history":[{"count":0,"href":"https:\/\/vieassociative.be\/actualites\/wp-json\/wp\/v2\/posts\/1720\/revisions"}],"wp:featuredmedia":[{"embeddable":true,"href":"https:\/\/vieassociative.be\/actualites\/wp-json\/wp\/v2\/media\/1721"}],"wp:attachment":[{"href":"https:\/\/vieassociative.be\/actualites\/wp-json\/wp\/v2\/media?parent=1720"}],"wp:term":[{"taxonomy":"category","embeddable":true,"href":"https:\/\/vieassociative.be\/actualites\/wp-json\/wp\/v2\/categories?post=1720"},{"taxonomy":"post_tag","embeddable":true,"href":"https:\/\/vieassociative.be\/actualites\/wp-json\/wp\/v2\/tags?post=1720"}],"curies":[{"name":"wp","href":"https:\/\/api.w.org\/{rel}","templated":true}]}}