{"id":1716,"date":"2024-10-27T18:24:36","date_gmt":"2024-10-27T17:24:36","guid":{"rendered":"https:\/\/vieassociative.be\/actualites\/un-guide-age-par-age-pour-aider-les-enfants-a-developper-leurs-fonctions-executives\/"},"modified":"2024-10-27T18:24:36","modified_gmt":"2024-10-27T17:24:36","slug":"un-guide-age-par-age-pour-aider-les-enfants-a-developper-leurs-fonctions-executives","status":"publish","type":"post","link":"https:\/\/vieassociative.be\/actualites\/un-guide-age-par-age-pour-aider-les-enfants-a-developper-leurs-fonctions-executives\/","title":{"rendered":"Un guide \u00e2ge par \u00e2ge pour aider les enfants \u00e0 d\u00e9velopper leurs fonctions ex\u00e9cutives"},"content":{"rendered":"<div class=\"mt-4 leading-6 md:mb-8\">Commencez simplement pour leur enseigner les comp\u00e9tences n\u00e9cessaires pour naviguer dans une vie compliqu\u00e9e.<\/div>\n<p><\/p>\n<p>Nous entendons g\u00e9n\u00e9ralement parler de comp\u00e9tences fonctionnelles ex\u00e9cutives dans le contexte de l\u2019att\u00e9nuation des troubles ex\u00e9cutifs. <em>dysfonctionnement<\/em> v\u00e9cu par de nombreux adolescents et adultes. Mais la fonction ex\u00e9cutive n\u2019appara\u00eet pas seulement chez les jeunes adultes pour menacer les efforts des jeunes adultes. Ce sont des comp\u00e9tences que nous pouvons utiliser et mettre en pratique d\u00e8s l\u2019enfance.<\/p>\n<p>Dans <em>L&rsquo;enfant \u00e9motionnellement intelligent<\/em>l&rsquo;\u00e9ducatrice Rachael Katz et la chercheuse Helen Shwe Hadani incluent des conseils destin\u00e9s aux parents pour aider les enfants de tous \u00e2ges \u00e0 d\u00e9velopper leurs capacit\u00e9s ex\u00e9cutives par le choix, l&rsquo;action, le jeu libre, le jeu de simulation, la planification et la r\u00e9flexion.<\/p>\n<h2 id=\"what-is-executive-function\">Qu\u2019est-ce que la fonction ex\u00e9cutive ?<\/h2>\n<p>La fonction ex\u00e9cutive (FE) est un ensemble de comp\u00e9tences cognitives qui aident \u00e0 contr\u00f4ler le comportement, l&rsquo;inhibition ou la ma\u00eetrise de soi, la flexibilit\u00e9 cognitive, la m\u00e9moire de travail et la concentration ou l&rsquo;attention. Voici plus de Katz et Hadani sur chaque composant EF\u00a0:<\/p>\n<ul>\n<li>\n<p><strong>Inhibition ou ma\u00eetrise de soi\u00a0: <\/strong>Votre enfant utilise cette comp\u00e9tence lorsqu\u2019il est capable de contr\u00f4ler sa premi\u00e8re impulsion \u00e0 faire quelque chose de nuisible. En r\u00e9sistant \u00e0 l\u2019envie de frapper, d\u2019arracher ou d\u2019agir n\u00e9gativement, ils peuvent choisir en toute conscience une action plus productive.<\/p>\n<\/li>\n<li>\n<p><strong>Flexibilit\u00e9 cognitive\u00a0: <\/strong>Il s\u2019agit de la capacit\u00e9 d\u2019un enfant \u00e0 \u00ab sortir des sentiers battus \u00bb. Ils peuvent r\u00e9soudre des probl\u00e8mes de mani\u00e8re cr\u00e9ative en utilisant des mat\u00e9riaux non conventionnels ou en \u00e9voluant dans des relations sociales changeantes.<\/p>\n<\/li>\n<li>\n<p><strong>M\u00e9moire de travail\u00a0: <\/strong>Ce sont les \u00e9l\u00e9ments d\u2019information que nous avons \u00e0 l\u2019esprit et auxquels nous pouvons acc\u00e9der rapidement et facilement. La m\u00e9moire de travail aide les enfants \u00e0 suivre un plan et \u00e0 relier des id\u00e9es sans rapport pour trouver de nouvelles id\u00e9es.<\/p>\n<\/li>\n<li>\n<p><strong>Concentration ou attention\u00a0: <\/strong>La concentration nous aide \u00e0 ignorer les distractions pour rester concentr\u00e9s sur notre t\u00e2che et atteindre un objectif.<\/p>\n<\/li>\n<\/ul>\n<p>\u00ab EF nous aide \u00e0 planifier et hi\u00e9rarchiser les t\u00e2ches pour \u00e9quilibrer le flux de travail, r\u00e9fl\u00e9chir au r\u00f4le que les autres joueront pour accomplir les t\u00e2ches, et d\u00e9finir et atteindre les objectifs. Nous devons utiliser les comp\u00e9tences EF dans presque tout ce que nous faisons : lorsque nous apprenons, interagissons avec les autres, accomplissons quelque chose dans un d\u00e9lai limit\u00e9, et bien plus encore \u00bb, ont \u00e9crit Katz et Hadani.<\/p>\n<p>Commencez \u00e0 remarquer quand vous ou votre enfant avez des difficult\u00e9s\u00a0: y a-t-il une comp\u00e9tence EF particuli\u00e8re dans le jeu\u00a0? Lorsque les choses se passent bien, quelles comp\u00e9tences EF fonctionnent pour vous et comment pouvez-vous le reconna\u00eetre\u00a0?<\/p>\n<p>N&rsquo;oubliez pas que m\u00eame si les enfants sont trop jeunes pour utiliser certaines comp\u00e9tences, il n&rsquo;est jamais trop t\u00f4t pour les mod\u00e9liser. Les enfants apprennent en regardant, en \u00e9coutant et en imitant ce qu\u2019ils voient et entendent, ont \u00e9crit Katz et Hadani.<\/p>\n<h2 id=\"how-to-support-executive-functioning-at-different-stages\">Comment soutenir le fonctionnement ex\u00e9cutif \u00e0 diff\u00e9rentes \u00e9tapes<\/h2>\n<h3>Les nourrissons<\/h3>\n<ul>\n<li>\n<p><em>Offrez-leur le choix et donnez-leur du pouvoir d\u2019agir.<\/em> Proposez deux options de nourriture, de jouets, de livres, de v\u00eatements, etc. Laissez-les d\u00e9signer ou atteindre leur choix.<\/p>\n<\/li>\n<li>\n<p><em>Encouragez le jeu libre et le jeu de simulation<\/em>. Remarquez ce qui int\u00e9resse votre b\u00e9b\u00e9 et soutenez ses tentatives d\u2019acc\u00e9der physiquement aux objets qu\u2019il cherche.<\/p>\n<\/li>\n<li>\n<p><em>Aidez-les \u00e0 planifier et \u00e0 r\u00e9fl\u00e9chir.<\/em> Racontez quand ils atteignent un objectif comme ramper pour atteindre un jouet ou tirer sur des meubles.<\/p>\n<\/li>\n<\/ul>\n<h3>Les tout-petits<\/h3>\n<ul>\n<li>\n<p><em>Offrez-leur le choix et donnez-leur du pouvoir d\u2019agir.<\/em> Laissez-les participer aux d\u00e9cisions familiales, comme quel film regarder ou quels animaux visiter en premier au zoo.<\/p>\n<\/li>\n<li>\n<p><em>Encouragez le jeu libre et le jeu de simulation.<\/em> Donnez-leur des accessoires pour faire semblant, comme des poup\u00e9es, des costumes, des maisons et des personnages. Racontez leur jeu.<\/p>\n<\/li>\n<li>\n<p><em>Aidez-les \u00e0 planifier et \u00e0 r\u00e9fl\u00e9chir.<\/em> Donnez-leur la possibilit\u00e9 d&rsquo;\u00e9laborer un plan simple, comme d\u00e9cider quoi faire au cours des cinq derni\u00e8res minutes sur le terrain de jeu ou d\u00e9cider dans quelle direction marcher autour du p\u00e2t\u00e9 de maisons.<\/p>\n<\/li>\n<\/ul>\n<h3>Enfants d&rsquo;\u00e2ge pr\u00e9scolaire<\/h3>\n<ul>\n<li>\n<p><em>Offrez-leur le choix et donnez-leur du pouvoir d\u2019agir.<\/em> Donnez-leur du mat\u00e9riel de bricolage ou des mat\u00e9riaux de construction comme des LEGO ou des blocs et donnez-leur libre cours pour cr\u00e9er ce qu&rsquo;ils veulent.<\/p>\n<\/li>\n<li>\n<p><em>Encouragez le jeu libre et le jeu de simulation. <\/em>\u00c9vitez de surcharger les cours et les sports. Laissez-les cr\u00e9er leurs propres sc\u00e9narios de jeu.<\/p>\n<\/li>\n<li>\n<p><em>Aidez-les \u00e0 planifier et \u00e0 r\u00e9fl\u00e9chir.<\/em> Demandez-leur d&rsquo;\u00e9noncer un objectif, comme construire un monstre avec des blocs. Aidez-les \u00e0 d\u00e9finir les d\u00e9tails de leur plan, comme les pi\u00e8ces qu&rsquo;ils souhaitent construire et les mat\u00e9riaux \u00e0 utiliser.<\/p>\n<\/li>\n<\/ul>\n<h3>Enfants d&rsquo;\u00e2ge scolaire<\/h3>\n<ul>\n<li>\n<p><em>Offrez-leur le choix et donnez-leur du pouvoir d\u2019action.<\/em> \u00c0 ce stade, les enfants ont d\u00e9velopp\u00e9 des int\u00e9r\u00eats personnels clairs. Soutenez leurs int\u00e9r\u00eats et leur libre arbitre en regardant des vid\u00e9os, en lisant des livres et en s&rsquo;engageant dans des jeux et une cr\u00e9ativit\u00e9 li\u00e9s \u00e0 ces int\u00e9r\u00eats.<\/p>\n<\/li>\n<li>\n<p><em>Encouragez le jeu libre et le jeu de simulation<\/em>. Continuez \u00e0 soutenir le jeu de simulation et le plan gratuit dirig\u00e9 par les enfants.<\/p>\n<\/li>\n<li>\n<p><em>Aidez-les \u00e0 planifier et \u00e0 r\u00e9fl\u00e9chir. <\/em>Lorsque votre enfant a termin\u00e9 un projet, parlez-lui de ce qui s\u2019est bien pass\u00e9 et de ce qui aurait pu mieux se passer.<\/p>\n<\/li>\n<\/ul>\n","protected":false},"excerpt":{"rendered":"<p>Commencez simplement pour leur enseigner les comp\u00e9tences n\u00e9cessaires pour naviguer dans une vie compliqu\u00e9e. Nous entendons g\u00e9n\u00e9ralement parler de comp\u00e9tences fonctionnelles ex\u00e9cutives dans le contexte<\/p>\n","protected":false},"author":1,"featured_media":1717,"comment_status":"","ping_status":"","sticky":false,"template":"","format":"standard","meta":{"footnotes":""},"categories":[37],"tags":[751,294,265,324,2342,2341,461,14,845,676,81],"class_list":["post-1716","post","type-post","status-publish","format-standard","has-post-thumbnail","hentry","category-famille","tag-age","tag-aider","tag-developper","tag-enfants","tag-executives","tag-fonctions","tag-guide","tag-les","tag-leurs","tag-par","tag-pour","generate-columns","tablet-grid-50","mobile-grid-100","grid-parent","grid-33"],"yoast_head":"<!-- This site is optimized with the Yoast SEO plugin v24.0 - https:\/\/yoast.com\/wordpress\/plugins\/seo\/ -->\n<title>Un guide \u00e2ge par \u00e2ge pour aider les enfants \u00e0 d\u00e9velopper leurs fonctions ex\u00e9cutives | Vie Associative<\/title>\n<meta name=\"robots\" content=\"index, follow, max-snippet:-1, max-image-preview:large, max-video-preview:-1\" \/>\n<link rel=\"canonical\" href=\"https:\/\/vieassociative.be\/actualites\/un-guide-age-par-age-pour-aider-les-enfants-a-developper-leurs-fonctions-executives\/\" \/>\n<meta property=\"og:locale\" content=\"fr_FR\" \/>\n<meta property=\"og:type\" content=\"article\" \/>\n<meta property=\"og:title\" content=\"Un guide \u00e2ge par \u00e2ge pour aider les enfants \u00e0 d\u00e9velopper leurs fonctions ex\u00e9cutives | Vie Associative\" \/>\n<meta property=\"og:description\" content=\"Commencez simplement pour leur enseigner les comp\u00e9tences n\u00e9cessaires pour naviguer dans une vie compliqu\u00e9e. Nous entendons g\u00e9n\u00e9ralement parler de comp\u00e9tences fonctionnelles ex\u00e9cutives dans le contexte\" \/>\n<meta property=\"og:url\" content=\"https:\/\/vieassociative.be\/actualites\/un-guide-age-par-age-pour-aider-les-enfants-a-developper-leurs-fonctions-executives\/\" \/>\n<meta property=\"og:site_name\" content=\"Vie Associative\" \/>\n<meta property=\"article:published_time\" content=\"2024-10-27T17:24:36+00:00\" \/>\n<meta property=\"og:image\" content=\"https:\/\/vieassociative.be\/actualites\/wp-content\/uploads\/2024\/09\/header_backgroundk-01-e1726694325946.png\" \/>\n\t<meta property=\"og:image:width\" content=\"279\" \/>\n\t<meta property=\"og:image:height\" content=\"92\" \/>\n\t<meta property=\"og:image:type\" content=\"image\/png\" \/>\n<meta name=\"author\" content=\"Julien\" \/>\n<meta name=\"twitter:card\" content=\"summary_large_image\" \/>\n<meta name=\"twitter:label1\" content=\"\u00c9crit par\" \/>\n\t<meta name=\"twitter:data1\" content=\"Julien\" \/>\n\t<meta name=\"twitter:label2\" content=\"Dur\u00e9e de lecture est.\" \/>\n\t<meta name=\"twitter:data2\" content=\"5 minutes\" \/>\n<script type=\"application\/ld+json\" class=\"yoast-schema-graph\">{\"@context\":\"https:\/\/schema.org\",\"@graph\":[{\"@type\":\"Article\",\"@id\":\"https:\/\/vieassociative.be\/actualites\/un-guide-age-par-age-pour-aider-les-enfants-a-developper-leurs-fonctions-executives\/#article\",\"isPartOf\":{\"@id\":\"https:\/\/vieassociative.be\/actualites\/un-guide-age-par-age-pour-aider-les-enfants-a-developper-leurs-fonctions-executives\/\"},\"author\":{\"name\":\"Julien\",\"@id\":\"https:\/\/vieassociative.be\/actualites\/#\/schema\/person\/b87ac4f82f9d4e7b7cec7395b679edc4\"},\"headline\":\"Un guide \u00e2ge par \u00e2ge pour aider les enfants \u00e0 d\u00e9velopper leurs fonctions ex\u00e9cutives\",\"datePublished\":\"2024-10-27T17:24:36+00:00\",\"dateModified\":\"2024-10-27T17:24:36+00:00\",\"mainEntityOfPage\":{\"@id\":\"https:\/\/vieassociative.be\/actualites\/un-guide-age-par-age-pour-aider-les-enfants-a-developper-leurs-fonctions-executives\/\"},\"wordCount\":961,\"publisher\":{\"@id\":\"https:\/\/vieassociative.be\/actualites\/#organization\"},\"image\":{\"@id\":\"https:\/\/vieassociative.be\/actualites\/un-guide-age-par-age-pour-aider-les-enfants-a-developper-leurs-fonctions-executives\/#primaryimage\"},\"thumbnailUrl\":\"https:\/\/vieassociative.be\/actualites\/wp-content\/uploads\/2024\/10\/Un-guide-age-par-age-pour-aider-les-enfants-a.jpg\",\"keywords\":[\"\u00e2ge\",\"aider\",\"d\u00e9velopper\",\"enfants\",\"ex\u00e9cutives\",\"fonctions\",\"Guide\",\"Les\",\"leurs\",\"par\",\"pour\"],\"articleSection\":[\"Famille\"],\"inLanguage\":\"fr-BE\"},{\"@type\":\"WebPage\",\"@id\":\"https:\/\/vieassociative.be\/actualites\/un-guide-age-par-age-pour-aider-les-enfants-a-developper-leurs-fonctions-executives\/\",\"url\":\"https:\/\/vieassociative.be\/actualites\/un-guide-age-par-age-pour-aider-les-enfants-a-developper-leurs-fonctions-executives\/\",\"name\":\"Un guide \u00e2ge par \u00e2ge pour aider les enfants \u00e0 d\u00e9velopper leurs fonctions ex\u00e9cutives | Vie Associative\",\"isPartOf\":{\"@id\":\"https:\/\/vieassociative.be\/actualites\/#website\"},\"primaryImageOfPage\":{\"@id\":\"https:\/\/vieassociative.be\/actualites\/un-guide-age-par-age-pour-aider-les-enfants-a-developper-leurs-fonctions-executives\/#primaryimage\"},\"image\":{\"@id\":\"https:\/\/vieassociative.be\/actualites\/un-guide-age-par-age-pour-aider-les-enfants-a-developper-leurs-fonctions-executives\/#primaryimage\"},\"thumbnailUrl\":\"https:\/\/vieassociative.be\/actualites\/wp-content\/uploads\/2024\/10\/Un-guide-age-par-age-pour-aider-les-enfants-a.jpg\",\"datePublished\":\"2024-10-27T17:24:36+00:00\",\"dateModified\":\"2024-10-27T17:24:36+00:00\",\"breadcrumb\":{\"@id\":\"https:\/\/vieassociative.be\/actualites\/un-guide-age-par-age-pour-aider-les-enfants-a-developper-leurs-fonctions-executives\/#breadcrumb\"},\"inLanguage\":\"fr-BE\",\"potentialAction\":[{\"@type\":\"ReadAction\",\"target\":[\"https:\/\/vieassociative.be\/actualites\/un-guide-age-par-age-pour-aider-les-enfants-a-developper-leurs-fonctions-executives\/\"]}]},{\"@type\":\"ImageObject\",\"inLanguage\":\"fr-BE\",\"@id\":\"https:\/\/vieassociative.be\/actualites\/un-guide-age-par-age-pour-aider-les-enfants-a-developper-leurs-fonctions-executives\/#primaryimage\",\"url\":\"https:\/\/vieassociative.be\/actualites\/wp-content\/uploads\/2024\/10\/Un-guide-age-par-age-pour-aider-les-enfants-a.jpg\",\"contentUrl\":\"https:\/\/vieassociative.be\/actualites\/wp-content\/uploads\/2024\/10\/Un-guide-age-par-age-pour-aider-les-enfants-a.jpg\",\"width\":1200,\"height\":675,\"caption\":\"Un guide \u00e2ge par \u00e2ge pour aider les enfants \u00e0 d\u00e9velopper leurs fonctions ex\u00e9cutives\"},{\"@type\":\"BreadcrumbList\",\"@id\":\"https:\/\/vieassociative.be\/actualites\/un-guide-age-par-age-pour-aider-les-enfants-a-developper-leurs-fonctions-executives\/#breadcrumb\",\"itemListElement\":[{\"@type\":\"ListItem\",\"position\":1,\"name\":\"Accueil\",\"item\":\"https:\/\/vieassociative.be\/actualites\/\"},{\"@type\":\"ListItem\",\"position\":2,\"name\":\"Un guide \u00e2ge par \u00e2ge pour aider les enfants \u00e0 d\u00e9velopper leurs fonctions ex\u00e9cutives\"}]},{\"@type\":\"WebSite\",\"@id\":\"https:\/\/vieassociative.be\/actualites\/#website\",\"url\":\"https:\/\/vieassociative.be\/actualites\/\",\"name\":\"Vie Associative\",\"description\":\"\",\"publisher\":{\"@id\":\"https:\/\/vieassociative.be\/actualites\/#organization\"},\"potentialAction\":[{\"@type\":\"SearchAction\",\"target\":{\"@type\":\"EntryPoint\",\"urlTemplate\":\"https:\/\/vieassociative.be\/actualites\/?s={search_term_string}\"},\"query-input\":{\"@type\":\"PropertyValueSpecification\",\"valueRequired\":true,\"valueName\":\"search_term_string\"}}],\"inLanguage\":\"fr-BE\"},{\"@type\":\"Organization\",\"@id\":\"https:\/\/vieassociative.be\/actualites\/#organization\",\"name\":\"Vie Associative\",\"url\":\"https:\/\/vieassociative.be\/actualites\/\",\"logo\":{\"@type\":\"ImageObject\",\"inLanguage\":\"fr-BE\",\"@id\":\"https:\/\/vieassociative.be\/actualites\/#\/schema\/logo\/image\/\",\"url\":\"https:\/\/vieassociative.be\/actualites\/wp-content\/uploads\/2024\/09\/cropped-vieassociative_favicon.ico.png\",\"contentUrl\":\"https:\/\/vieassociative.be\/actualites\/wp-content\/uploads\/2024\/09\/cropped-vieassociative_favicon.ico.png\",\"width\":512,\"height\":512,\"caption\":\"Vie Associative\"},\"image\":{\"@id\":\"https:\/\/vieassociative.be\/actualites\/#\/schema\/logo\/image\/\"}},{\"@type\":\"Person\",\"@id\":\"https:\/\/vieassociative.be\/actualites\/#\/schema\/person\/b87ac4f82f9d4e7b7cec7395b679edc4\",\"name\":\"Julien\",\"image\":{\"@type\":\"ImageObject\",\"inLanguage\":\"fr-BE\",\"@id\":\"https:\/\/vieassociative.be\/actualites\/#\/schema\/person\/image\/\",\"url\":\"https:\/\/vieassociative.be\/actualites\/wp-content\/uploads\/2024\/09\/vie-associative-1-150x150.jpg\",\"contentUrl\":\"https:\/\/vieassociative.be\/actualites\/wp-content\/uploads\/2024\/09\/vie-associative-1-150x150.jpg\",\"caption\":\"Julien\"},\"description\":\"Je suis Julien, r\u00e9dacteur pour Vie Associative. Passionn\u00e9 par le monde associatif depuis plus de 10 ans, j'ai \u00e0 c\u0153ur de partager des histoires inspirantes et de mettre en lumi\u00e8re les initiatives locales. Mon objectif est de sensibiliser et d'encourager l'engagement communautaire \u00e0 travers mes articles.\",\"sameAs\":[\"https:\/\/vieassociative.be\/\"]}]}<\/script>\n<!-- \/ Yoast SEO plugin. -->","yoast_head_json":{"title":"Un guide \u00e2ge par \u00e2ge pour aider les enfants \u00e0 d\u00e9velopper leurs fonctions ex\u00e9cutives | Vie Associative","robots":{"index":"index","follow":"follow","max-snippet":"max-snippet:-1","max-image-preview":"max-image-preview:large","max-video-preview":"max-video-preview:-1"},"canonical":"https:\/\/vieassociative.be\/actualites\/un-guide-age-par-age-pour-aider-les-enfants-a-developper-leurs-fonctions-executives\/","og_locale":"fr_FR","og_type":"article","og_title":"Un guide \u00e2ge par \u00e2ge pour aider les enfants \u00e0 d\u00e9velopper leurs fonctions ex\u00e9cutives | Vie Associative","og_description":"Commencez simplement pour leur enseigner les comp\u00e9tences n\u00e9cessaires pour naviguer dans une vie compliqu\u00e9e. Nous entendons g\u00e9n\u00e9ralement parler de comp\u00e9tences fonctionnelles ex\u00e9cutives dans le contexte","og_url":"https:\/\/vieassociative.be\/actualites\/un-guide-age-par-age-pour-aider-les-enfants-a-developper-leurs-fonctions-executives\/","og_site_name":"Vie Associative","article_published_time":"2024-10-27T17:24:36+00:00","og_image":[{"width":279,"height":92,"url":"https:\/\/vieassociative.be\/actualites\/wp-content\/uploads\/2024\/09\/header_backgroundk-01-e1726694325946.png","type":"image\/png"}],"author":"Julien","twitter_card":"summary_large_image","twitter_misc":{"\u00c9crit par":"Julien","Dur\u00e9e de lecture est.":"5 minutes"},"schema":{"@context":"https:\/\/schema.org","@graph":[{"@type":"Article","@id":"https:\/\/vieassociative.be\/actualites\/un-guide-age-par-age-pour-aider-les-enfants-a-developper-leurs-fonctions-executives\/#article","isPartOf":{"@id":"https:\/\/vieassociative.be\/actualites\/un-guide-age-par-age-pour-aider-les-enfants-a-developper-leurs-fonctions-executives\/"},"author":{"name":"Julien","@id":"https:\/\/vieassociative.be\/actualites\/#\/schema\/person\/b87ac4f82f9d4e7b7cec7395b679edc4"},"headline":"Un guide \u00e2ge par \u00e2ge pour aider les enfants \u00e0 d\u00e9velopper leurs fonctions ex\u00e9cutives","datePublished":"2024-10-27T17:24:36+00:00","dateModified":"2024-10-27T17:24:36+00:00","mainEntityOfPage":{"@id":"https:\/\/vieassociative.be\/actualites\/un-guide-age-par-age-pour-aider-les-enfants-a-developper-leurs-fonctions-executives\/"},"wordCount":961,"publisher":{"@id":"https:\/\/vieassociative.be\/actualites\/#organization"},"image":{"@id":"https:\/\/vieassociative.be\/actualites\/un-guide-age-par-age-pour-aider-les-enfants-a-developper-leurs-fonctions-executives\/#primaryimage"},"thumbnailUrl":"https:\/\/vieassociative.be\/actualites\/wp-content\/uploads\/2024\/10\/Un-guide-age-par-age-pour-aider-les-enfants-a.jpg","keywords":["\u00e2ge","aider","d\u00e9velopper","enfants","ex\u00e9cutives","fonctions","Guide","Les","leurs","par","pour"],"articleSection":["Famille"],"inLanguage":"fr-BE"},{"@type":"WebPage","@id":"https:\/\/vieassociative.be\/actualites\/un-guide-age-par-age-pour-aider-les-enfants-a-developper-leurs-fonctions-executives\/","url":"https:\/\/vieassociative.be\/actualites\/un-guide-age-par-age-pour-aider-les-enfants-a-developper-leurs-fonctions-executives\/","name":"Un guide \u00e2ge par \u00e2ge pour aider les enfants \u00e0 d\u00e9velopper leurs fonctions ex\u00e9cutives | Vie Associative","isPartOf":{"@id":"https:\/\/vieassociative.be\/actualites\/#website"},"primaryImageOfPage":{"@id":"https:\/\/vieassociative.be\/actualites\/un-guide-age-par-age-pour-aider-les-enfants-a-developper-leurs-fonctions-executives\/#primaryimage"},"image":{"@id":"https:\/\/vieassociative.be\/actualites\/un-guide-age-par-age-pour-aider-les-enfants-a-developper-leurs-fonctions-executives\/#primaryimage"},"thumbnailUrl":"https:\/\/vieassociative.be\/actualites\/wp-content\/uploads\/2024\/10\/Un-guide-age-par-age-pour-aider-les-enfants-a.jpg","datePublished":"2024-10-27T17:24:36+00:00","dateModified":"2024-10-27T17:24:36+00:00","breadcrumb":{"@id":"https:\/\/vieassociative.be\/actualites\/un-guide-age-par-age-pour-aider-les-enfants-a-developper-leurs-fonctions-executives\/#breadcrumb"},"inLanguage":"fr-BE","potentialAction":[{"@type":"ReadAction","target":["https:\/\/vieassociative.be\/actualites\/un-guide-age-par-age-pour-aider-les-enfants-a-developper-leurs-fonctions-executives\/"]}]},{"@type":"ImageObject","inLanguage":"fr-BE","@id":"https:\/\/vieassociative.be\/actualites\/un-guide-age-par-age-pour-aider-les-enfants-a-developper-leurs-fonctions-executives\/#primaryimage","url":"https:\/\/vieassociative.be\/actualites\/wp-content\/uploads\/2024\/10\/Un-guide-age-par-age-pour-aider-les-enfants-a.jpg","contentUrl":"https:\/\/vieassociative.be\/actualites\/wp-content\/uploads\/2024\/10\/Un-guide-age-par-age-pour-aider-les-enfants-a.jpg","width":1200,"height":675,"caption":"Un guide \u00e2ge par \u00e2ge pour aider les enfants \u00e0 d\u00e9velopper leurs fonctions ex\u00e9cutives"},{"@type":"BreadcrumbList","@id":"https:\/\/vieassociative.be\/actualites\/un-guide-age-par-age-pour-aider-les-enfants-a-developper-leurs-fonctions-executives\/#breadcrumb","itemListElement":[{"@type":"ListItem","position":1,"name":"Accueil","item":"https:\/\/vieassociative.be\/actualites\/"},{"@type":"ListItem","position":2,"name":"Un guide \u00e2ge par \u00e2ge pour aider les enfants \u00e0 d\u00e9velopper leurs fonctions ex\u00e9cutives"}]},{"@type":"WebSite","@id":"https:\/\/vieassociative.be\/actualites\/#website","url":"https:\/\/vieassociative.be\/actualites\/","name":"Vie Associative","description":"","publisher":{"@id":"https:\/\/vieassociative.be\/actualites\/#organization"},"potentialAction":[{"@type":"SearchAction","target":{"@type":"EntryPoint","urlTemplate":"https:\/\/vieassociative.be\/actualites\/?s={search_term_string}"},"query-input":{"@type":"PropertyValueSpecification","valueRequired":true,"valueName":"search_term_string"}}],"inLanguage":"fr-BE"},{"@type":"Organization","@id":"https:\/\/vieassociative.be\/actualites\/#organization","name":"Vie Associative","url":"https:\/\/vieassociative.be\/actualites\/","logo":{"@type":"ImageObject","inLanguage":"fr-BE","@id":"https:\/\/vieassociative.be\/actualites\/#\/schema\/logo\/image\/","url":"https:\/\/vieassociative.be\/actualites\/wp-content\/uploads\/2024\/09\/cropped-vieassociative_favicon.ico.png","contentUrl":"https:\/\/vieassociative.be\/actualites\/wp-content\/uploads\/2024\/09\/cropped-vieassociative_favicon.ico.png","width":512,"height":512,"caption":"Vie Associative"},"image":{"@id":"https:\/\/vieassociative.be\/actualites\/#\/schema\/logo\/image\/"}},{"@type":"Person","@id":"https:\/\/vieassociative.be\/actualites\/#\/schema\/person\/b87ac4f82f9d4e7b7cec7395b679edc4","name":"Julien","image":{"@type":"ImageObject","inLanguage":"fr-BE","@id":"https:\/\/vieassociative.be\/actualites\/#\/schema\/person\/image\/","url":"https:\/\/vieassociative.be\/actualites\/wp-content\/uploads\/2024\/09\/vie-associative-1-150x150.jpg","contentUrl":"https:\/\/vieassociative.be\/actualites\/wp-content\/uploads\/2024\/09\/vie-associative-1-150x150.jpg","caption":"Julien"},"description":"Je suis Julien, r\u00e9dacteur pour Vie Associative. Passionn\u00e9 par le monde associatif depuis plus de 10 ans, j'ai \u00e0 c\u0153ur de partager des histoires inspirantes et de mettre en lumi\u00e8re les initiatives locales. Mon objectif est de sensibiliser et d'encourager l'engagement communautaire \u00e0 travers mes articles.","sameAs":["https:\/\/vieassociative.be\/"]}]}},"_links":{"self":[{"href":"https:\/\/vieassociative.be\/actualites\/wp-json\/wp\/v2\/posts\/1716"}],"collection":[{"href":"https:\/\/vieassociative.be\/actualites\/wp-json\/wp\/v2\/posts"}],"about":[{"href":"https:\/\/vieassociative.be\/actualites\/wp-json\/wp\/v2\/types\/post"}],"author":[{"embeddable":true,"href":"https:\/\/vieassociative.be\/actualites\/wp-json\/wp\/v2\/users\/1"}],"replies":[{"embeddable":true,"href":"https:\/\/vieassociative.be\/actualites\/wp-json\/wp\/v2\/comments?post=1716"}],"version-history":[{"count":0,"href":"https:\/\/vieassociative.be\/actualites\/wp-json\/wp\/v2\/posts\/1716\/revisions"}],"wp:featuredmedia":[{"embeddable":true,"href":"https:\/\/vieassociative.be\/actualites\/wp-json\/wp\/v2\/media\/1717"}],"wp:attachment":[{"href":"https:\/\/vieassociative.be\/actualites\/wp-json\/wp\/v2\/media?parent=1716"}],"wp:term":[{"taxonomy":"category","embeddable":true,"href":"https:\/\/vieassociative.be\/actualites\/wp-json\/wp\/v2\/categories?post=1716"},{"taxonomy":"post_tag","embeddable":true,"href":"https:\/\/vieassociative.be\/actualites\/wp-json\/wp\/v2\/tags?post=1716"}],"curies":[{"name":"wp","href":"https:\/\/api.w.org\/{rel}","templated":true}]}}