{"id":1704,"date":"2024-10-27T09:17:50","date_gmt":"2024-10-27T08:17:50","guid":{"rendered":"https:\/\/vieassociative.be\/actualites\/pas-de-cordon-sanitaire-apres-ranst-il-y-a-eu-aussi-une-coalition-avec-le-vlaams-belang-dextreme-droite-a-izegem\/"},"modified":"2024-10-27T09:17:50","modified_gmt":"2024-10-27T08:17:50","slug":"pas-de-cordon-sanitaire-apres-ranst-il-y-a-eu-aussi-une-coalition-avec-le-vlaams-belang-dextreme-droite-a-izegem","status":"publish","type":"post","link":"https:\/\/vieassociative.be\/actualites\/pas-de-cordon-sanitaire-apres-ranst-il-y-a-eu-aussi-une-coalition-avec-le-vlaams-belang-dextreme-droite-a-izegem\/","title":{"rendered":"Pas de \u00ab cordon sanitaire \u00bb : apr\u00e8s Ranst, il y a eu aussi une coalition avec le Vlaams Belang d&rsquo;extr\u00eame droite \u00e0 Izegem"},"content":{"rendered":"<p><strong>MISE \u00c0 JOUR \u2013 Apr\u00e8s la premi\u00e8re \u00e0 Ranst dans la province d&rsquo;Anvers, le \u00ab Cordon sanitaire \u00bb sera d\u00e9sormais \u00e9galement rompu \u00e0 Izegem en Flandre occidentale. La liste Stip+ entre dans une coalition avec le parti d&rsquo;extr\u00eame droite Vlaams Belang.<\/strong><\/p>\n<p><span id=\"more-399890\"><\/span>Kurt Grymonprez, t\u00eate de liste Stip+, deviendra maire de la ville de 29 000 habitants. Lors d&rsquo;une conf\u00e9rence de presse samedi, Stip+ a soulign\u00e9 que la coalition avec le Vlaams Belang \u00e9tait un choix fait exclusivement pour Izegem et ind\u00e9pendant de la politique nationale.<\/p>\n<p>La liste Stip+, compos\u00e9e d&rsquo;ind\u00e9pendants et de membres de l&rsquo;Open VLD, avait gagn\u00e9 dix si\u00e8ges, tandis que la liste N-VA du maire sortant Bert Maertens \u00e9tait tomb\u00e9e \u00e0 huit si\u00e8ges. De son c\u00f4t\u00e9, le Vlaams Belang disposait de cinq si\u00e8ges, tandis que le CD&#038;V et le cartel Vooruit Groen disposaient de trois si\u00e8ges.<\/p>\n<div id=\"attachment_399936\" class=\"wp-caption alignleft\" style=\"max-width: 300px\"><img fetchpriority=\"high\" decoding=\"async\" class=\"wp-image-399936 size-medium\" src=\"https:\/\/vieassociative.be\/actualites\/wp-content\/uploads\/2024\/10\/Pas-de-cordon-sanitaire-apres-Ranst-il.jpg\" alt=\"\" width=\"300\" height=\"200\"><\/p>\n<p class=\"wp-caption-text\">20 octobre 2024, Belgique, Ranst : Christel Engelen (l, Vlaams Belang), Bart Goris (M, PIT) et Tim Peeters (r, Vrij Ranst) lors d&rsquo;une conf\u00e9rence de presse pour la nouvelle majorit\u00e9. Engelen devient le premier \u00e9chevin d&rsquo;extr\u00eame droite en Belgique. Photo de : Belga<\/p>\n<\/div>\n<p>L&rsquo;ancien \u00e9chevin et futur maire Grymonprez cherchait dans un premier temps une coalition avec le CD&#038;V et le Vooruit-Groen, mais le CD&#038;V a finalement pr\u00e9f\u00e9r\u00e9 n\u00e9gocier un accord avec la N-VA. En cons\u00e9quence, Stip+ a envisag\u00e9 une alliance avec le Vlaams Belang malgr\u00e9 une tr\u00e8s faible majorit\u00e9 (15 sur 29).<\/p>\n<p>Grymonprez a d\u00e9taill\u00e9 les discussions avec son pr\u00e9d\u00e9cesseur Bert Maertens de la N-VA. \u00ab Je lui ai demand\u00e9 de proposer imm\u00e9diatement, mais cela ne s\u2019est pas produit. A quoi bon attendre ? Sans le CD&#038;V, la N-VA n&rsquo;\u00e9tait pas dispos\u00e9e \u00e0 travailler avec nous\u00bb, a-t-il reconnu.<\/p>\n<p>Stip+ a assur\u00e9 que toutes les options avaient \u00e9t\u00e9 explor\u00e9es avant la conclusion de l&rsquo;accord avec le Vlaams Belang. \u00ab Nous entretenions de tr\u00e8s bonnes relations avec Vooruit-Groen. La semaine derni\u00e8re, nous avons m\u00eame eu l&rsquo;accord du CD&#038;V, mais ils ont chang\u00e9 d&rsquo;avis une heure plus tard. Et apr\u00e8s leur d\u00e9faite, il \u00e9tait de toute fa\u00e7on difficile de continuer avec la N-VA.\u00bb<\/p>\n<div id=\"attachment_214590\" class=\"wp-caption alignleft\" style=\"max-width: 300px\"><img decoding=\"async\" class=\"wp-image-214590 size-medium\" src=\"https:\/\/vieassociative.be\/actualites\/wp-content\/uploads\/2024\/10\/Pas-de-cordon-sanitaire-apres-Ranst-il.jpeg\" alt=\"\" width=\"300\" height=\"196\"  ><\/p>\n<p class=\"wp-caption-text\">27 mai 2019, Belgique, Bruxelles : Tom Van Grieken, pr\u00e9sident du parti Vlaams Belang, prend la parole lors d&rsquo;une conf\u00e9rence de presse. Photo : Virginie Mayo\/AP\/dpa<\/p>\n<\/div>\n<p>Apr\u00e8s Ranst dans la province d&rsquo;Anvers, c&rsquo;est la deuxi\u00e8me fois que le \u00ab Cordon sanitaire \u00bb est rompu en Flandre. L\u00e0, le groupe local du Vlaams Belang a d\u00fb changer de nom pour \u00eatre accept\u00e9 au sein du conseil communautaire. Ce ne sera pas le cas \u00e0 Izegem. Une charte claire a \u00e9t\u00e9 \u00e9labor\u00e9e, que les membres du Vlaams Belang doivent signer et respecter, a-t-on annonc\u00e9 lors de la conf\u00e9rence de presse.<\/p>\n<p>Le Vlaams Belang aura \u00e9galement un bourgmestre \u00e0 Ninove, en Flandre orientale, o\u00f9 la liste Forza Ninove de Guy D&rsquo;haeseleer a obtenu la majorit\u00e9 absolue.<\/p>\n<p>Le \u00ab Cordon sanitaire \u00bb est une sp\u00e9cialit\u00e9 belge. Cela remonte au d\u00e9but des ann\u00e9es 1990. Lors des \u00e9lections l\u00e9gislatives du 24 novembre 1991, qui sont rest\u00e9es dans l&rsquo;histoire belge sous le nom de \u00ab Dimanche noir \u00bb, le Vlaams Blok, rebaptis\u00e9 Vlaams Belang apr\u00e8s une condamnation judiciaire pour racisme, a remport\u00e9 une victoire \u00e9lectorale majeure avec 12 si\u00e8ges \u00e0 la Chambre des repr\u00e9sentants. D\u00e9put\u00e9s. En r\u00e9ponse, les cinq partis \u00e9tablis en Flandre se sont engag\u00e9s \u00e0 exclure l&rsquo;extr\u00eame droite de toutes les coalitions politiques.<\/p>\n<p>Apr\u00e8s la premi\u00e8re rupture du \u00ab Cordon sanitaire \u00bb \u00e0 Ranst, le chef du parti flamand d&rsquo;extr\u00eame droite, Tom Van Grieken, a exprim\u00e9 l&rsquo;espoir que Ranst donnerait \u00ab du courage \u00bb \u00e0 d&rsquo;autres partis dans d&rsquo;autres communes pour faire de m\u00eame et avec le Vlaams Belang pour travailler ensemble. Filip Dewinter, figure historique du parti, a d\u00e9clar\u00e9 qu\u2019il esp\u00e9rait m\u00eame que Ranst d\u00e9clencherait \u00ab une r\u00e9action en cha\u00eene \u00bb. (cr\u00e9er)<\/p>\n","protected":false},"excerpt":{"rendered":"<p>MISE \u00c0 JOUR \u2013 Apr\u00e8s la premi\u00e8re \u00e0 Ranst dans la province d&rsquo;Anvers, le \u00ab Cordon sanitaire \u00bb sera d\u00e9sormais \u00e9galement rompu \u00e0 Izegem en<\/p>\n","protected":false},"author":1,"featured_media":1705,"comment_status":"","ping_status":"","sticky":false,"template":"","format":"standard","meta":{"footnotes":""},"categories":[298],"tags":[472,1350,61,2317,2315,2312,2318,2319,2320,126,2314,2313,110,2316],"class_list":["post-1704","post","type-post","status-publish","format-standard","has-post-thumbnail","hentry","category-belgique","tag-apres","tag-aussi","tag-avec","tag-belang","tag-coalition","tag-cordon","tag-dextreme","tag-droite","tag-izegem","tag-pas","tag-ranst","tag-sanitaire","tag-une","tag-vlaams","generate-columns","tablet-grid-50","mobile-grid-100","grid-parent","grid-33"],"yoast_head":"<!-- This site is optimized with the Yoast SEO plugin v24.0 - https:\/\/yoast.com\/wordpress\/plugins\/seo\/ -->\n<title>Pas de \u00ab cordon sanitaire \u00bb : apr\u00e8s Ranst, il y a eu aussi une coalition avec le Vlaams Belang d&#039;extr\u00eame droite \u00e0 Izegem | Vie Associative<\/title>\n<meta name=\"robots\" content=\"index, follow, max-snippet:-1, max-image-preview:large, max-video-preview:-1\" \/>\n<link rel=\"canonical\" href=\"https:\/\/vieassociative.be\/actualites\/pas-de-cordon-sanitaire-apres-ranst-il-y-a-eu-aussi-une-coalition-avec-le-vlaams-belang-dextreme-droite-a-izegem\/\" \/>\n<meta property=\"og:locale\" content=\"fr_FR\" \/>\n<meta property=\"og:type\" content=\"article\" \/>\n<meta property=\"og:title\" content=\"Pas de \u00ab cordon sanitaire \u00bb : apr\u00e8s Ranst, il y a eu aussi une coalition avec le Vlaams Belang d&#039;extr\u00eame droite \u00e0 Izegem | Vie Associative\" \/>\n<meta property=\"og:description\" content=\"MISE \u00c0 JOUR \u2013 Apr\u00e8s la premi\u00e8re \u00e0 Ranst dans la province d&rsquo;Anvers, le \u00ab Cordon sanitaire \u00bb sera d\u00e9sormais \u00e9galement rompu \u00e0 Izegem en\" \/>\n<meta property=\"og:url\" content=\"https:\/\/vieassociative.be\/actualites\/pas-de-cordon-sanitaire-apres-ranst-il-y-a-eu-aussi-une-coalition-avec-le-vlaams-belang-dextreme-droite-a-izegem\/\" \/>\n<meta property=\"og:site_name\" content=\"Vie Associative\" \/>\n<meta property=\"article:published_time\" content=\"2024-10-27T08:17:50+00:00\" \/>\n<meta property=\"og:image\" content=\"https:\/\/vieassociative.be\/actualites\/wp-content\/uploads\/2024\/10\/Pas-de-cordon-sanitaire-apres-Ranst-il.jpg\" \/>\n<meta name=\"author\" content=\"Julien\" \/>\n<meta name=\"twitter:card\" content=\"summary_large_image\" \/>\n<meta name=\"twitter:label1\" content=\"\u00c9crit par\" \/>\n\t<meta name=\"twitter:data1\" content=\"Julien\" \/>\n\t<meta name=\"twitter:label2\" content=\"Dur\u00e9e de lecture est.\" \/>\n\t<meta name=\"twitter:data2\" content=\"3 minutes\" \/>\n<script type=\"application\/ld+json\" class=\"yoast-schema-graph\">{\"@context\":\"https:\/\/schema.org\",\"@graph\":[{\"@type\":\"Article\",\"@id\":\"https:\/\/vieassociative.be\/actualites\/pas-de-cordon-sanitaire-apres-ranst-il-y-a-eu-aussi-une-coalition-avec-le-vlaams-belang-dextreme-droite-a-izegem\/#article\",\"isPartOf\":{\"@id\":\"https:\/\/vieassociative.be\/actualites\/pas-de-cordon-sanitaire-apres-ranst-il-y-a-eu-aussi-une-coalition-avec-le-vlaams-belang-dextreme-droite-a-izegem\/\"},\"author\":{\"name\":\"Julien\",\"@id\":\"https:\/\/vieassociative.be\/actualites\/#\/schema\/person\/b87ac4f82f9d4e7b7cec7395b679edc4\"},\"headline\":\"Pas de \u00ab cordon sanitaire \u00bb : apr\u00e8s Ranst, il y a eu aussi une coalition avec le Vlaams Belang d&rsquo;extr\u00eame droite \u00e0 Izegem\",\"datePublished\":\"2024-10-27T08:17:50+00:00\",\"dateModified\":\"2024-10-27T08:17:50+00:00\",\"mainEntityOfPage\":{\"@id\":\"https:\/\/vieassociative.be\/actualites\/pas-de-cordon-sanitaire-apres-ranst-il-y-a-eu-aussi-une-coalition-avec-le-vlaams-belang-dextreme-droite-a-izegem\/\"},\"wordCount\":690,\"publisher\":{\"@id\":\"https:\/\/vieassociative.be\/actualites\/#organization\"},\"image\":{\"@id\":\"https:\/\/vieassociative.be\/actualites\/pas-de-cordon-sanitaire-apres-ranst-il-y-a-eu-aussi-une-coalition-avec-le-vlaams-belang-dextreme-droite-a-izegem\/#primaryimage\"},\"thumbnailUrl\":\"https:\/\/vieassociative.be\/actualites\/wp-content\/uploads\/2024\/10\/1730017070_Pas-de-cordon-sanitaire-apres-Ranst-il.jpeg\",\"keywords\":[\"Apr\u00e8s\",\"aussi\",\"avec\",\"Belang\",\"coalition\",\"cordon\",\"dextr\u00eame\",\"droite\",\"Izegem\",\"pas\",\"Ranst\",\"sanitaire\",\"une\",\"Vlaams\"],\"articleSection\":[\"Belgique\"],\"inLanguage\":\"fr-BE\"},{\"@type\":\"WebPage\",\"@id\":\"https:\/\/vieassociative.be\/actualites\/pas-de-cordon-sanitaire-apres-ranst-il-y-a-eu-aussi-une-coalition-avec-le-vlaams-belang-dextreme-droite-a-izegem\/\",\"url\":\"https:\/\/vieassociative.be\/actualites\/pas-de-cordon-sanitaire-apres-ranst-il-y-a-eu-aussi-une-coalition-avec-le-vlaams-belang-dextreme-droite-a-izegem\/\",\"name\":\"Pas de \u00ab cordon sanitaire \u00bb : apr\u00e8s Ranst, il y a eu aussi une coalition avec le Vlaams Belang d'extr\u00eame droite \u00e0 Izegem | Vie Associative\",\"isPartOf\":{\"@id\":\"https:\/\/vieassociative.be\/actualites\/#website\"},\"primaryImageOfPage\":{\"@id\":\"https:\/\/vieassociative.be\/actualites\/pas-de-cordon-sanitaire-apres-ranst-il-y-a-eu-aussi-une-coalition-avec-le-vlaams-belang-dextreme-droite-a-izegem\/#primaryimage\"},\"image\":{\"@id\":\"https:\/\/vieassociative.be\/actualites\/pas-de-cordon-sanitaire-apres-ranst-il-y-a-eu-aussi-une-coalition-avec-le-vlaams-belang-dextreme-droite-a-izegem\/#primaryimage\"},\"thumbnailUrl\":\"https:\/\/vieassociative.be\/actualites\/wp-content\/uploads\/2024\/10\/1730017070_Pas-de-cordon-sanitaire-apres-Ranst-il.jpeg\",\"datePublished\":\"2024-10-27T08:17:50+00:00\",\"dateModified\":\"2024-10-27T08:17:50+00:00\",\"breadcrumb\":{\"@id\":\"https:\/\/vieassociative.be\/actualites\/pas-de-cordon-sanitaire-apres-ranst-il-y-a-eu-aussi-une-coalition-avec-le-vlaams-belang-dextreme-droite-a-izegem\/#breadcrumb\"},\"inLanguage\":\"fr-BE\",\"potentialAction\":[{\"@type\":\"ReadAction\",\"target\":[\"https:\/\/vieassociative.be\/actualites\/pas-de-cordon-sanitaire-apres-ranst-il-y-a-eu-aussi-une-coalition-avec-le-vlaams-belang-dextreme-droite-a-izegem\/\"]}]},{\"@type\":\"ImageObject\",\"inLanguage\":\"fr-BE\",\"@id\":\"https:\/\/vieassociative.be\/actualites\/pas-de-cordon-sanitaire-apres-ranst-il-y-a-eu-aussi-une-coalition-avec-le-vlaams-belang-dextreme-droite-a-izegem\/#primaryimage\",\"url\":\"https:\/\/vieassociative.be\/actualites\/wp-content\/uploads\/2024\/10\/1730017070_Pas-de-cordon-sanitaire-apres-Ranst-il.jpeg\",\"contentUrl\":\"https:\/\/vieassociative.be\/actualites\/wp-content\/uploads\/2024\/10\/1730017070_Pas-de-cordon-sanitaire-apres-Ranst-il.jpeg\",\"width\":1200,\"height\":800,\"caption\":\"Pas de \u00ab cordon sanitaire \u00bb : apr\u00e8s Ranst, il y a eu aussi une coalition avec le Vlaams Belang d'extr\u00eame droite \u00e0 Izegem\"},{\"@type\":\"BreadcrumbList\",\"@id\":\"https:\/\/vieassociative.be\/actualites\/pas-de-cordon-sanitaire-apres-ranst-il-y-a-eu-aussi-une-coalition-avec-le-vlaams-belang-dextreme-droite-a-izegem\/#breadcrumb\",\"itemListElement\":[{\"@type\":\"ListItem\",\"position\":1,\"name\":\"Accueil\",\"item\":\"https:\/\/vieassociative.be\/actualites\/\"},{\"@type\":\"ListItem\",\"position\":2,\"name\":\"Pas de \u00ab cordon sanitaire \u00bb : apr\u00e8s Ranst, il y a eu aussi une coalition avec le Vlaams Belang d&rsquo;extr\u00eame droite \u00e0 Izegem\"}]},{\"@type\":\"WebSite\",\"@id\":\"https:\/\/vieassociative.be\/actualites\/#website\",\"url\":\"https:\/\/vieassociative.be\/actualites\/\",\"name\":\"Vie Associative\",\"description\":\"\",\"publisher\":{\"@id\":\"https:\/\/vieassociative.be\/actualites\/#organization\"},\"potentialAction\":[{\"@type\":\"SearchAction\",\"target\":{\"@type\":\"EntryPoint\",\"urlTemplate\":\"https:\/\/vieassociative.be\/actualites\/?s={search_term_string}\"},\"query-input\":{\"@type\":\"PropertyValueSpecification\",\"valueRequired\":true,\"valueName\":\"search_term_string\"}}],\"inLanguage\":\"fr-BE\"},{\"@type\":\"Organization\",\"@id\":\"https:\/\/vieassociative.be\/actualites\/#organization\",\"name\":\"Vie Associative\",\"url\":\"https:\/\/vieassociative.be\/actualites\/\",\"logo\":{\"@type\":\"ImageObject\",\"inLanguage\":\"fr-BE\",\"@id\":\"https:\/\/vieassociative.be\/actualites\/#\/schema\/logo\/image\/\",\"url\":\"https:\/\/vieassociative.be\/actualites\/wp-content\/uploads\/2024\/09\/cropped-vieassociative_favicon.ico.png\",\"contentUrl\":\"https:\/\/vieassociative.be\/actualites\/wp-content\/uploads\/2024\/09\/cropped-vieassociative_favicon.ico.png\",\"width\":512,\"height\":512,\"caption\":\"Vie Associative\"},\"image\":{\"@id\":\"https:\/\/vieassociative.be\/actualites\/#\/schema\/logo\/image\/\"}},{\"@type\":\"Person\",\"@id\":\"https:\/\/vieassociative.be\/actualites\/#\/schema\/person\/b87ac4f82f9d4e7b7cec7395b679edc4\",\"name\":\"Julien\",\"image\":{\"@type\":\"ImageObject\",\"inLanguage\":\"fr-BE\",\"@id\":\"https:\/\/vieassociative.be\/actualites\/#\/schema\/person\/image\/\",\"url\":\"https:\/\/vieassociative.be\/actualites\/wp-content\/uploads\/2024\/09\/vie-associative-1-150x150.jpg\",\"contentUrl\":\"https:\/\/vieassociative.be\/actualites\/wp-content\/uploads\/2024\/09\/vie-associative-1-150x150.jpg\",\"caption\":\"Julien\"},\"description\":\"Je suis Julien, r\u00e9dacteur pour Vie Associative. Passionn\u00e9 par le monde associatif depuis plus de 10 ans, j'ai \u00e0 c\u0153ur de partager des histoires inspirantes et de mettre en lumi\u00e8re les initiatives locales. Mon objectif est de sensibiliser et d'encourager l'engagement communautaire \u00e0 travers mes articles.\",\"sameAs\":[\"https:\/\/vieassociative.be\/\"]}]}<\/script>\n<!-- \/ Yoast SEO plugin. -->","yoast_head_json":{"title":"Pas de \u00ab cordon sanitaire \u00bb : apr\u00e8s Ranst, il y a eu aussi une coalition avec le Vlaams Belang d'extr\u00eame droite \u00e0 Izegem | Vie Associative","robots":{"index":"index","follow":"follow","max-snippet":"max-snippet:-1","max-image-preview":"max-image-preview:large","max-video-preview":"max-video-preview:-1"},"canonical":"https:\/\/vieassociative.be\/actualites\/pas-de-cordon-sanitaire-apres-ranst-il-y-a-eu-aussi-une-coalition-avec-le-vlaams-belang-dextreme-droite-a-izegem\/","og_locale":"fr_FR","og_type":"article","og_title":"Pas de \u00ab cordon sanitaire \u00bb : apr\u00e8s Ranst, il y a eu aussi une coalition avec le Vlaams Belang d'extr\u00eame droite \u00e0 Izegem | Vie Associative","og_description":"MISE \u00c0 JOUR \u2013 Apr\u00e8s la premi\u00e8re \u00e0 Ranst dans la province d&rsquo;Anvers, le \u00ab Cordon sanitaire \u00bb sera d\u00e9sormais \u00e9galement rompu \u00e0 Izegem en","og_url":"https:\/\/vieassociative.be\/actualites\/pas-de-cordon-sanitaire-apres-ranst-il-y-a-eu-aussi-une-coalition-avec-le-vlaams-belang-dextreme-droite-a-izegem\/","og_site_name":"Vie Associative","article_published_time":"2024-10-27T08:17:50+00:00","og_image":[{"url":"https:\/\/vieassociative.be\/actualites\/wp-content\/uploads\/2024\/10\/Pas-de-cordon-sanitaire-apres-Ranst-il.jpg","type":"","width":"","height":""}],"author":"Julien","twitter_card":"summary_large_image","twitter_misc":{"\u00c9crit par":"Julien","Dur\u00e9e de lecture est.":"3 minutes"},"schema":{"@context":"https:\/\/schema.org","@graph":[{"@type":"Article","@id":"https:\/\/vieassociative.be\/actualites\/pas-de-cordon-sanitaire-apres-ranst-il-y-a-eu-aussi-une-coalition-avec-le-vlaams-belang-dextreme-droite-a-izegem\/#article","isPartOf":{"@id":"https:\/\/vieassociative.be\/actualites\/pas-de-cordon-sanitaire-apres-ranst-il-y-a-eu-aussi-une-coalition-avec-le-vlaams-belang-dextreme-droite-a-izegem\/"},"author":{"name":"Julien","@id":"https:\/\/vieassociative.be\/actualites\/#\/schema\/person\/b87ac4f82f9d4e7b7cec7395b679edc4"},"headline":"Pas de \u00ab cordon sanitaire \u00bb : apr\u00e8s Ranst, il y a eu aussi une coalition avec le Vlaams Belang d&rsquo;extr\u00eame droite \u00e0 Izegem","datePublished":"2024-10-27T08:17:50+00:00","dateModified":"2024-10-27T08:17:50+00:00","mainEntityOfPage":{"@id":"https:\/\/vieassociative.be\/actualites\/pas-de-cordon-sanitaire-apres-ranst-il-y-a-eu-aussi-une-coalition-avec-le-vlaams-belang-dextreme-droite-a-izegem\/"},"wordCount":690,"publisher":{"@id":"https:\/\/vieassociative.be\/actualites\/#organization"},"image":{"@id":"https:\/\/vieassociative.be\/actualites\/pas-de-cordon-sanitaire-apres-ranst-il-y-a-eu-aussi-une-coalition-avec-le-vlaams-belang-dextreme-droite-a-izegem\/#primaryimage"},"thumbnailUrl":"https:\/\/vieassociative.be\/actualites\/wp-content\/uploads\/2024\/10\/1730017070_Pas-de-cordon-sanitaire-apres-Ranst-il.jpeg","keywords":["Apr\u00e8s","aussi","avec","Belang","coalition","cordon","dextr\u00eame","droite","Izegem","pas","Ranst","sanitaire","une","Vlaams"],"articleSection":["Belgique"],"inLanguage":"fr-BE"},{"@type":"WebPage","@id":"https:\/\/vieassociative.be\/actualites\/pas-de-cordon-sanitaire-apres-ranst-il-y-a-eu-aussi-une-coalition-avec-le-vlaams-belang-dextreme-droite-a-izegem\/","url":"https:\/\/vieassociative.be\/actualites\/pas-de-cordon-sanitaire-apres-ranst-il-y-a-eu-aussi-une-coalition-avec-le-vlaams-belang-dextreme-droite-a-izegem\/","name":"Pas de \u00ab cordon sanitaire \u00bb : apr\u00e8s Ranst, il y a eu aussi une coalition avec le Vlaams Belang d'extr\u00eame droite \u00e0 Izegem | Vie Associative","isPartOf":{"@id":"https:\/\/vieassociative.be\/actualites\/#website"},"primaryImageOfPage":{"@id":"https:\/\/vieassociative.be\/actualites\/pas-de-cordon-sanitaire-apres-ranst-il-y-a-eu-aussi-une-coalition-avec-le-vlaams-belang-dextreme-droite-a-izegem\/#primaryimage"},"image":{"@id":"https:\/\/vieassociative.be\/actualites\/pas-de-cordon-sanitaire-apres-ranst-il-y-a-eu-aussi-une-coalition-avec-le-vlaams-belang-dextreme-droite-a-izegem\/#primaryimage"},"thumbnailUrl":"https:\/\/vieassociative.be\/actualites\/wp-content\/uploads\/2024\/10\/1730017070_Pas-de-cordon-sanitaire-apres-Ranst-il.jpeg","datePublished":"2024-10-27T08:17:50+00:00","dateModified":"2024-10-27T08:17:50+00:00","breadcrumb":{"@id":"https:\/\/vieassociative.be\/actualites\/pas-de-cordon-sanitaire-apres-ranst-il-y-a-eu-aussi-une-coalition-avec-le-vlaams-belang-dextreme-droite-a-izegem\/#breadcrumb"},"inLanguage":"fr-BE","potentialAction":[{"@type":"ReadAction","target":["https:\/\/vieassociative.be\/actualites\/pas-de-cordon-sanitaire-apres-ranst-il-y-a-eu-aussi-une-coalition-avec-le-vlaams-belang-dextreme-droite-a-izegem\/"]}]},{"@type":"ImageObject","inLanguage":"fr-BE","@id":"https:\/\/vieassociative.be\/actualites\/pas-de-cordon-sanitaire-apres-ranst-il-y-a-eu-aussi-une-coalition-avec-le-vlaams-belang-dextreme-droite-a-izegem\/#primaryimage","url":"https:\/\/vieassociative.be\/actualites\/wp-content\/uploads\/2024\/10\/1730017070_Pas-de-cordon-sanitaire-apres-Ranst-il.jpeg","contentUrl":"https:\/\/vieassociative.be\/actualites\/wp-content\/uploads\/2024\/10\/1730017070_Pas-de-cordon-sanitaire-apres-Ranst-il.jpeg","width":1200,"height":800,"caption":"Pas de \u00ab cordon sanitaire \u00bb : apr\u00e8s Ranst, il y a eu aussi une coalition avec le Vlaams Belang d'extr\u00eame droite \u00e0 Izegem"},{"@type":"BreadcrumbList","@id":"https:\/\/vieassociative.be\/actualites\/pas-de-cordon-sanitaire-apres-ranst-il-y-a-eu-aussi-une-coalition-avec-le-vlaams-belang-dextreme-droite-a-izegem\/#breadcrumb","itemListElement":[{"@type":"ListItem","position":1,"name":"Accueil","item":"https:\/\/vieassociative.be\/actualites\/"},{"@type":"ListItem","position":2,"name":"Pas de \u00ab cordon sanitaire \u00bb : apr\u00e8s Ranst, il y a eu aussi une coalition avec le Vlaams Belang d&rsquo;extr\u00eame droite \u00e0 Izegem"}]},{"@type":"WebSite","@id":"https:\/\/vieassociative.be\/actualites\/#website","url":"https:\/\/vieassociative.be\/actualites\/","name":"Vie Associative","description":"","publisher":{"@id":"https:\/\/vieassociative.be\/actualites\/#organization"},"potentialAction":[{"@type":"SearchAction","target":{"@type":"EntryPoint","urlTemplate":"https:\/\/vieassociative.be\/actualites\/?s={search_term_string}"},"query-input":{"@type":"PropertyValueSpecification","valueRequired":true,"valueName":"search_term_string"}}],"inLanguage":"fr-BE"},{"@type":"Organization","@id":"https:\/\/vieassociative.be\/actualites\/#organization","name":"Vie Associative","url":"https:\/\/vieassociative.be\/actualites\/","logo":{"@type":"ImageObject","inLanguage":"fr-BE","@id":"https:\/\/vieassociative.be\/actualites\/#\/schema\/logo\/image\/","url":"https:\/\/vieassociative.be\/actualites\/wp-content\/uploads\/2024\/09\/cropped-vieassociative_favicon.ico.png","contentUrl":"https:\/\/vieassociative.be\/actualites\/wp-content\/uploads\/2024\/09\/cropped-vieassociative_favicon.ico.png","width":512,"height":512,"caption":"Vie Associative"},"image":{"@id":"https:\/\/vieassociative.be\/actualites\/#\/schema\/logo\/image\/"}},{"@type":"Person","@id":"https:\/\/vieassociative.be\/actualites\/#\/schema\/person\/b87ac4f82f9d4e7b7cec7395b679edc4","name":"Julien","image":{"@type":"ImageObject","inLanguage":"fr-BE","@id":"https:\/\/vieassociative.be\/actualites\/#\/schema\/person\/image\/","url":"https:\/\/vieassociative.be\/actualites\/wp-content\/uploads\/2024\/09\/vie-associative-1-150x150.jpg","contentUrl":"https:\/\/vieassociative.be\/actualites\/wp-content\/uploads\/2024\/09\/vie-associative-1-150x150.jpg","caption":"Julien"},"description":"Je suis Julien, r\u00e9dacteur pour Vie Associative. Passionn\u00e9 par le monde associatif depuis plus de 10 ans, j'ai \u00e0 c\u0153ur de partager des histoires inspirantes et de mettre en lumi\u00e8re les initiatives locales. Mon objectif est de sensibiliser et d'encourager l'engagement communautaire \u00e0 travers mes articles.","sameAs":["https:\/\/vieassociative.be\/"]}]}},"_links":{"self":[{"href":"https:\/\/vieassociative.be\/actualites\/wp-json\/wp\/v2\/posts\/1704"}],"collection":[{"href":"https:\/\/vieassociative.be\/actualites\/wp-json\/wp\/v2\/posts"}],"about":[{"href":"https:\/\/vieassociative.be\/actualites\/wp-json\/wp\/v2\/types\/post"}],"author":[{"embeddable":true,"href":"https:\/\/vieassociative.be\/actualites\/wp-json\/wp\/v2\/users\/1"}],"replies":[{"embeddable":true,"href":"https:\/\/vieassociative.be\/actualites\/wp-json\/wp\/v2\/comments?post=1704"}],"version-history":[{"count":0,"href":"https:\/\/vieassociative.be\/actualites\/wp-json\/wp\/v2\/posts\/1704\/revisions"}],"wp:featuredmedia":[{"embeddable":true,"href":"https:\/\/vieassociative.be\/actualites\/wp-json\/wp\/v2\/media\/1705"}],"wp:attachment":[{"href":"https:\/\/vieassociative.be\/actualites\/wp-json\/wp\/v2\/media?parent=1704"}],"wp:term":[{"taxonomy":"category","embeddable":true,"href":"https:\/\/vieassociative.be\/actualites\/wp-json\/wp\/v2\/categories?post=1704"},{"taxonomy":"post_tag","embeddable":true,"href":"https:\/\/vieassociative.be\/actualites\/wp-json\/wp\/v2\/tags?post=1704"}],"curies":[{"name":"wp","href":"https:\/\/api.w.org\/{rel}","templated":true}]}}