{"id":1702,"date":"2024-10-27T08:26:25","date_gmt":"2024-10-27T07:26:25","guid":{"rendered":"https:\/\/vieassociative.be\/actualites\/la-camera-floodlight-originale-de-ring-est-a-40-de-reduction\/"},"modified":"2024-10-27T08:26:25","modified_gmt":"2024-10-27T07:26:25","slug":"la-camera-floodlight-originale-de-ring-est-a-40-de-reduction","status":"publish","type":"post","link":"https:\/\/vieassociative.be\/actualites\/la-camera-floodlight-originale-de-ring-est-a-40-de-reduction\/","title":{"rendered":"La cam\u00e9ra Floodlight originale de Ring est \u00e0 40 % de r\u00e9duction"},"content":{"rendered":"<div class=\"mt-4 leading-6 md:mb-8\">Ce projecteur intelligent filaire est dot\u00e9 de deux lumi\u00e8res LED lumineuses de 2 000 lumens qui \u00e9claireront la plupart des cours.<\/div>\n<p><\/p>\n<p>Les cam\u00e9ras \u00e0 projecteur sont un double coup dur pour les intrus puisque vous disposez d\u2019une cam\u00e9ra et de lumi\u00e8res vives dessus. Il existe une grande vari\u00e9t\u00e9 de cam\u00e9ras et de choses \u00e0 savoir avant de s&rsquo;y lancer, car toutes les marques n&rsquo;offrent pas les m\u00eames services. Deux bonnes marques, Ring et Blink, appartiennent \u00e0 Amazon, mais parmi les deux, les cam\u00e9ras Ring sont plus haut de gamme et ne sont pas mises en vente aussi souvent. \u00c0 l\u2019heure actuelle, la Ring Floodlight Cam Wired Plus est actuellement <strong>119,99\u00a0$<\/strong> (\u00e0 l\u2019origine 199,99 $), \u00e0 son prix le plus bas selon les outils de v\u00e9rification des prix. Il est livr\u00e9 avec deux lumi\u00e8res LED lumineuses, une vid\u00e9o HD, un suivi du sujet, une vision nocturne couleur et d&rsquo;autres fonctionnalit\u00e9s.<\/p>\n<p>La Ring Floodlight Cam Wired Plus est sortie en 2021 avec une \u00ab excellente \u00bb critique de PCMag pour sa vid\u00e9o HDR, son wifi double bande, ses fonctionnalit\u00e9s de d\u00e9tection de mouvement 3D et de suivi du sujet, ses alertes rapides et sa vision nocturne couleur. Mais en 2024, certains de ces \u00ab\u00a0pour\u00a0\u00bb ressemblent davantage \u00e0 des contre. De nos jours, la plupart des cam\u00e9ras de projecteur sont en 4K, la r\u00e9solution 1080p est donc faible. De plus, \u00eatre uniquement compatible avec Alexa et IFTTT est tr\u00e8s limitant (mais attendu d&rsquo;un produit Amazon). Cependant, ce que cet appareil photo fait encore bien en 2024, c&rsquo;est d&rsquo;offrir les deux lumi\u00e8res LED lumineuses de 2 000 lumens ainsi que les autres avantages pour 119 $. <\/p>\n<p>Gardez \u00e0 l&rsquo;esprit que si vous souhaitez enregistrer vos vid\u00e9os, visionner des s\u00e9quences pendant 180 jours maximum et partager des vid\u00e9os et des photos, vous aurez besoin d&rsquo;un abonnement Ring Protect Plan en plus de l&rsquo;achat de l&rsquo;\u00e9quipement. Ces forfaits commencent \u00e0 3,99 $ par mois.<\/p>\n<p>Si vous recherchez une cam\u00e9ra de projecteur plus moderne au m\u00eame prix, pensez \u00e0 la cam\u00e9ra de projecteur Reolink 4K pour <strong>152,99\u00a0$<\/strong> (\u00e0 l&rsquo;origine 189,99 $) apr\u00e8s le coupon de 27 $ sur la page. Vous pouvez \u00e9galement lire les choix de l&rsquo;\u00e9crivain Amanda Blum pour les meilleures cam\u00e9ras de s\u00e9curit\u00e9 ext\u00e9rieures pour 2024.<\/p>\n","protected":false},"excerpt":{"rendered":"<p>Ce projecteur intelligent filaire est dot\u00e9 de deux lumi\u00e8res LED lumineuses de 2 000 lumens qui \u00e9claireront la plupart des cours. Les cam\u00e9ras \u00e0 projecteur<\/p>\n","protected":false},"author":1,"featured_media":1703,"comment_status":"","ping_status":"","sticky":false,"template":"","format":"standard","meta":{"footnotes":""},"categories":[13],"tags":[1487,76,2309,2310,308,2311],"class_list":["post-1702","post","type-post","status-publish","format-standard","has-post-thumbnail","hentry","category-technologie","tag-camera","tag-est","tag-floodlight","tag-originale","tag-reduction","tag-ring","generate-columns","tablet-grid-50","mobile-grid-100","grid-parent","grid-33"],"yoast_head":"<!-- This site is optimized with the Yoast SEO plugin v24.0 - https:\/\/yoast.com\/wordpress\/plugins\/seo\/ -->\n<title>La cam\u00e9ra Floodlight originale de Ring est \u00e0 40 % de r\u00e9duction | Vie Associative<\/title>\n<meta name=\"robots\" content=\"index, follow, max-snippet:-1, max-image-preview:large, max-video-preview:-1\" \/>\n<link rel=\"canonical\" href=\"https:\/\/vieassociative.be\/actualites\/la-camera-floodlight-originale-de-ring-est-a-40-de-reduction\/\" \/>\n<meta property=\"og:locale\" content=\"fr_FR\" \/>\n<meta property=\"og:type\" content=\"article\" \/>\n<meta property=\"og:title\" content=\"La cam\u00e9ra Floodlight originale de Ring est \u00e0 40 % de r\u00e9duction | Vie Associative\" \/>\n<meta property=\"og:description\" content=\"Ce projecteur intelligent filaire est dot\u00e9 de deux lumi\u00e8res LED lumineuses de 2 000 lumens qui \u00e9claireront la plupart des cours. Les cam\u00e9ras \u00e0 projecteur\" \/>\n<meta property=\"og:url\" content=\"https:\/\/vieassociative.be\/actualites\/la-camera-floodlight-originale-de-ring-est-a-40-de-reduction\/\" \/>\n<meta property=\"og:site_name\" content=\"Vie Associative\" \/>\n<meta property=\"article:published_time\" content=\"2024-10-27T07:26:25+00:00\" \/>\n<meta property=\"og:image\" content=\"https:\/\/vieassociative.be\/actualites\/wp-content\/uploads\/2024\/09\/header_backgroundk-01-e1726694325946.png\" \/>\n\t<meta property=\"og:image:width\" content=\"279\" \/>\n\t<meta property=\"og:image:height\" content=\"92\" \/>\n\t<meta property=\"og:image:type\" content=\"image\/png\" \/>\n<meta name=\"author\" content=\"Julien\" \/>\n<meta name=\"twitter:card\" content=\"summary_large_image\" \/>\n<meta name=\"twitter:label1\" content=\"\u00c9crit par\" \/>\n\t<meta name=\"twitter:data1\" content=\"Julien\" \/>\n\t<meta name=\"twitter:label2\" content=\"Dur\u00e9e de lecture est.\" \/>\n\t<meta name=\"twitter:data2\" content=\"2 minutes\" \/>\n<script type=\"application\/ld+json\" class=\"yoast-schema-graph\">{\"@context\":\"https:\/\/schema.org\",\"@graph\":[{\"@type\":\"Article\",\"@id\":\"https:\/\/vieassociative.be\/actualites\/la-camera-floodlight-originale-de-ring-est-a-40-de-reduction\/#article\",\"isPartOf\":{\"@id\":\"https:\/\/vieassociative.be\/actualites\/la-camera-floodlight-originale-de-ring-est-a-40-de-reduction\/\"},\"author\":{\"name\":\"Julien\",\"@id\":\"https:\/\/vieassociative.be\/actualites\/#\/schema\/person\/b87ac4f82f9d4e7b7cec7395b679edc4\"},\"headline\":\"La cam\u00e9ra Floodlight originale de Ring est \u00e0 40 % de r\u00e9duction\",\"datePublished\":\"2024-10-27T07:26:25+00:00\",\"dateModified\":\"2024-10-27T07:26:25+00:00\",\"mainEntityOfPage\":{\"@id\":\"https:\/\/vieassociative.be\/actualites\/la-camera-floodlight-originale-de-ring-est-a-40-de-reduction\/\"},\"wordCount\":393,\"publisher\":{\"@id\":\"https:\/\/vieassociative.be\/actualites\/#organization\"},\"image\":{\"@id\":\"https:\/\/vieassociative.be\/actualites\/la-camera-floodlight-originale-de-ring-est-a-40-de-reduction\/#primaryimage\"},\"thumbnailUrl\":\"https:\/\/vieassociative.be\/actualites\/wp-content\/uploads\/2024\/10\/La-camera-Floodlight-originale-de-Ring-est-a-40.png\",\"keywords\":[\"cam\u00e9ra\",\"est\",\"Floodlight\",\"originale\",\"r\u00e9duction\",\"Ring\"],\"articleSection\":[\"Technologie\"],\"inLanguage\":\"fr-BE\"},{\"@type\":\"WebPage\",\"@id\":\"https:\/\/vieassociative.be\/actualites\/la-camera-floodlight-originale-de-ring-est-a-40-de-reduction\/\",\"url\":\"https:\/\/vieassociative.be\/actualites\/la-camera-floodlight-originale-de-ring-est-a-40-de-reduction\/\",\"name\":\"La cam\u00e9ra Floodlight originale de Ring est \u00e0 40 % de r\u00e9duction | Vie Associative\",\"isPartOf\":{\"@id\":\"https:\/\/vieassociative.be\/actualites\/#website\"},\"primaryImageOfPage\":{\"@id\":\"https:\/\/vieassociative.be\/actualites\/la-camera-floodlight-originale-de-ring-est-a-40-de-reduction\/#primaryimage\"},\"image\":{\"@id\":\"https:\/\/vieassociative.be\/actualites\/la-camera-floodlight-originale-de-ring-est-a-40-de-reduction\/#primaryimage\"},\"thumbnailUrl\":\"https:\/\/vieassociative.be\/actualites\/wp-content\/uploads\/2024\/10\/La-camera-Floodlight-originale-de-Ring-est-a-40.png\",\"datePublished\":\"2024-10-27T07:26:25+00:00\",\"dateModified\":\"2024-10-27T07:26:25+00:00\",\"breadcrumb\":{\"@id\":\"https:\/\/vieassociative.be\/actualites\/la-camera-floodlight-originale-de-ring-est-a-40-de-reduction\/#breadcrumb\"},\"inLanguage\":\"fr-BE\",\"potentialAction\":[{\"@type\":\"ReadAction\",\"target\":[\"https:\/\/vieassociative.be\/actualites\/la-camera-floodlight-originale-de-ring-est-a-40-de-reduction\/\"]}]},{\"@type\":\"ImageObject\",\"inLanguage\":\"fr-BE\",\"@id\":\"https:\/\/vieassociative.be\/actualites\/la-camera-floodlight-originale-de-ring-est-a-40-de-reduction\/#primaryimage\",\"url\":\"https:\/\/vieassociative.be\/actualites\/wp-content\/uploads\/2024\/10\/La-camera-Floodlight-originale-de-Ring-est-a-40.png\",\"contentUrl\":\"https:\/\/vieassociative.be\/actualites\/wp-content\/uploads\/2024\/10\/La-camera-Floodlight-originale-de-Ring-est-a-40.png\",\"width\":1200,\"height\":675,\"caption\":\"La cam\u00e9ra Floodlight originale de Ring est \u00e0 40 % de r\u00e9duction\"},{\"@type\":\"BreadcrumbList\",\"@id\":\"https:\/\/vieassociative.be\/actualites\/la-camera-floodlight-originale-de-ring-est-a-40-de-reduction\/#breadcrumb\",\"itemListElement\":[{\"@type\":\"ListItem\",\"position\":1,\"name\":\"Accueil\",\"item\":\"https:\/\/vieassociative.be\/actualites\/\"},{\"@type\":\"ListItem\",\"position\":2,\"name\":\"La cam\u00e9ra Floodlight originale de Ring est \u00e0 40 % de r\u00e9duction\"}]},{\"@type\":\"WebSite\",\"@id\":\"https:\/\/vieassociative.be\/actualites\/#website\",\"url\":\"https:\/\/vieassociative.be\/actualites\/\",\"name\":\"Vie Associative\",\"description\":\"\",\"publisher\":{\"@id\":\"https:\/\/vieassociative.be\/actualites\/#organization\"},\"potentialAction\":[{\"@type\":\"SearchAction\",\"target\":{\"@type\":\"EntryPoint\",\"urlTemplate\":\"https:\/\/vieassociative.be\/actualites\/?s={search_term_string}\"},\"query-input\":{\"@type\":\"PropertyValueSpecification\",\"valueRequired\":true,\"valueName\":\"search_term_string\"}}],\"inLanguage\":\"fr-BE\"},{\"@type\":\"Organization\",\"@id\":\"https:\/\/vieassociative.be\/actualites\/#organization\",\"name\":\"Vie Associative\",\"url\":\"https:\/\/vieassociative.be\/actualites\/\",\"logo\":{\"@type\":\"ImageObject\",\"inLanguage\":\"fr-BE\",\"@id\":\"https:\/\/vieassociative.be\/actualites\/#\/schema\/logo\/image\/\",\"url\":\"https:\/\/vieassociative.be\/actualites\/wp-content\/uploads\/2024\/09\/cropped-vieassociative_favicon.ico.png\",\"contentUrl\":\"https:\/\/vieassociative.be\/actualites\/wp-content\/uploads\/2024\/09\/cropped-vieassociative_favicon.ico.png\",\"width\":512,\"height\":512,\"caption\":\"Vie Associative\"},\"image\":{\"@id\":\"https:\/\/vieassociative.be\/actualites\/#\/schema\/logo\/image\/\"}},{\"@type\":\"Person\",\"@id\":\"https:\/\/vieassociative.be\/actualites\/#\/schema\/person\/b87ac4f82f9d4e7b7cec7395b679edc4\",\"name\":\"Julien\",\"image\":{\"@type\":\"ImageObject\",\"inLanguage\":\"fr-BE\",\"@id\":\"https:\/\/vieassociative.be\/actualites\/#\/schema\/person\/image\/\",\"url\":\"https:\/\/vieassociative.be\/actualites\/wp-content\/uploads\/2024\/09\/vie-associative-1-150x150.jpg\",\"contentUrl\":\"https:\/\/vieassociative.be\/actualites\/wp-content\/uploads\/2024\/09\/vie-associative-1-150x150.jpg\",\"caption\":\"Julien\"},\"description\":\"Je suis Julien, r\u00e9dacteur pour Vie Associative. Passionn\u00e9 par le monde associatif depuis plus de 10 ans, j'ai \u00e0 c\u0153ur de partager des histoires inspirantes et de mettre en lumi\u00e8re les initiatives locales. Mon objectif est de sensibiliser et d'encourager l'engagement communautaire \u00e0 travers mes articles.\",\"sameAs\":[\"https:\/\/vieassociative.be\/\"]}]}<\/script>\n<!-- \/ Yoast SEO plugin. -->","yoast_head_json":{"title":"La cam\u00e9ra Floodlight originale de Ring est \u00e0 40 % de r\u00e9duction | Vie Associative","robots":{"index":"index","follow":"follow","max-snippet":"max-snippet:-1","max-image-preview":"max-image-preview:large","max-video-preview":"max-video-preview:-1"},"canonical":"https:\/\/vieassociative.be\/actualites\/la-camera-floodlight-originale-de-ring-est-a-40-de-reduction\/","og_locale":"fr_FR","og_type":"article","og_title":"La cam\u00e9ra Floodlight originale de Ring est \u00e0 40 % de r\u00e9duction | Vie Associative","og_description":"Ce projecteur intelligent filaire est dot\u00e9 de deux lumi\u00e8res LED lumineuses de 2 000 lumens qui \u00e9claireront la plupart des cours. Les cam\u00e9ras \u00e0 projecteur","og_url":"https:\/\/vieassociative.be\/actualites\/la-camera-floodlight-originale-de-ring-est-a-40-de-reduction\/","og_site_name":"Vie Associative","article_published_time":"2024-10-27T07:26:25+00:00","og_image":[{"width":279,"height":92,"url":"https:\/\/vieassociative.be\/actualites\/wp-content\/uploads\/2024\/09\/header_backgroundk-01-e1726694325946.png","type":"image\/png"}],"author":"Julien","twitter_card":"summary_large_image","twitter_misc":{"\u00c9crit par":"Julien","Dur\u00e9e de lecture est.":"2 minutes"},"schema":{"@context":"https:\/\/schema.org","@graph":[{"@type":"Article","@id":"https:\/\/vieassociative.be\/actualites\/la-camera-floodlight-originale-de-ring-est-a-40-de-reduction\/#article","isPartOf":{"@id":"https:\/\/vieassociative.be\/actualites\/la-camera-floodlight-originale-de-ring-est-a-40-de-reduction\/"},"author":{"name":"Julien","@id":"https:\/\/vieassociative.be\/actualites\/#\/schema\/person\/b87ac4f82f9d4e7b7cec7395b679edc4"},"headline":"La cam\u00e9ra Floodlight originale de Ring est \u00e0 40 % de r\u00e9duction","datePublished":"2024-10-27T07:26:25+00:00","dateModified":"2024-10-27T07:26:25+00:00","mainEntityOfPage":{"@id":"https:\/\/vieassociative.be\/actualites\/la-camera-floodlight-originale-de-ring-est-a-40-de-reduction\/"},"wordCount":393,"publisher":{"@id":"https:\/\/vieassociative.be\/actualites\/#organization"},"image":{"@id":"https:\/\/vieassociative.be\/actualites\/la-camera-floodlight-originale-de-ring-est-a-40-de-reduction\/#primaryimage"},"thumbnailUrl":"https:\/\/vieassociative.be\/actualites\/wp-content\/uploads\/2024\/10\/La-camera-Floodlight-originale-de-Ring-est-a-40.png","keywords":["cam\u00e9ra","est","Floodlight","originale","r\u00e9duction","Ring"],"articleSection":["Technologie"],"inLanguage":"fr-BE"},{"@type":"WebPage","@id":"https:\/\/vieassociative.be\/actualites\/la-camera-floodlight-originale-de-ring-est-a-40-de-reduction\/","url":"https:\/\/vieassociative.be\/actualites\/la-camera-floodlight-originale-de-ring-est-a-40-de-reduction\/","name":"La cam\u00e9ra Floodlight originale de Ring est \u00e0 40 % de r\u00e9duction | Vie Associative","isPartOf":{"@id":"https:\/\/vieassociative.be\/actualites\/#website"},"primaryImageOfPage":{"@id":"https:\/\/vieassociative.be\/actualites\/la-camera-floodlight-originale-de-ring-est-a-40-de-reduction\/#primaryimage"},"image":{"@id":"https:\/\/vieassociative.be\/actualites\/la-camera-floodlight-originale-de-ring-est-a-40-de-reduction\/#primaryimage"},"thumbnailUrl":"https:\/\/vieassociative.be\/actualites\/wp-content\/uploads\/2024\/10\/La-camera-Floodlight-originale-de-Ring-est-a-40.png","datePublished":"2024-10-27T07:26:25+00:00","dateModified":"2024-10-27T07:26:25+00:00","breadcrumb":{"@id":"https:\/\/vieassociative.be\/actualites\/la-camera-floodlight-originale-de-ring-est-a-40-de-reduction\/#breadcrumb"},"inLanguage":"fr-BE","potentialAction":[{"@type":"ReadAction","target":["https:\/\/vieassociative.be\/actualites\/la-camera-floodlight-originale-de-ring-est-a-40-de-reduction\/"]}]},{"@type":"ImageObject","inLanguage":"fr-BE","@id":"https:\/\/vieassociative.be\/actualites\/la-camera-floodlight-originale-de-ring-est-a-40-de-reduction\/#primaryimage","url":"https:\/\/vieassociative.be\/actualites\/wp-content\/uploads\/2024\/10\/La-camera-Floodlight-originale-de-Ring-est-a-40.png","contentUrl":"https:\/\/vieassociative.be\/actualites\/wp-content\/uploads\/2024\/10\/La-camera-Floodlight-originale-de-Ring-est-a-40.png","width":1200,"height":675,"caption":"La cam\u00e9ra Floodlight originale de Ring est \u00e0 40 % de r\u00e9duction"},{"@type":"BreadcrumbList","@id":"https:\/\/vieassociative.be\/actualites\/la-camera-floodlight-originale-de-ring-est-a-40-de-reduction\/#breadcrumb","itemListElement":[{"@type":"ListItem","position":1,"name":"Accueil","item":"https:\/\/vieassociative.be\/actualites\/"},{"@type":"ListItem","position":2,"name":"La cam\u00e9ra Floodlight originale de Ring est \u00e0 40 % de r\u00e9duction"}]},{"@type":"WebSite","@id":"https:\/\/vieassociative.be\/actualites\/#website","url":"https:\/\/vieassociative.be\/actualites\/","name":"Vie Associative","description":"","publisher":{"@id":"https:\/\/vieassociative.be\/actualites\/#organization"},"potentialAction":[{"@type":"SearchAction","target":{"@type":"EntryPoint","urlTemplate":"https:\/\/vieassociative.be\/actualites\/?s={search_term_string}"},"query-input":{"@type":"PropertyValueSpecification","valueRequired":true,"valueName":"search_term_string"}}],"inLanguage":"fr-BE"},{"@type":"Organization","@id":"https:\/\/vieassociative.be\/actualites\/#organization","name":"Vie Associative","url":"https:\/\/vieassociative.be\/actualites\/","logo":{"@type":"ImageObject","inLanguage":"fr-BE","@id":"https:\/\/vieassociative.be\/actualites\/#\/schema\/logo\/image\/","url":"https:\/\/vieassociative.be\/actualites\/wp-content\/uploads\/2024\/09\/cropped-vieassociative_favicon.ico.png","contentUrl":"https:\/\/vieassociative.be\/actualites\/wp-content\/uploads\/2024\/09\/cropped-vieassociative_favicon.ico.png","width":512,"height":512,"caption":"Vie Associative"},"image":{"@id":"https:\/\/vieassociative.be\/actualites\/#\/schema\/logo\/image\/"}},{"@type":"Person","@id":"https:\/\/vieassociative.be\/actualites\/#\/schema\/person\/b87ac4f82f9d4e7b7cec7395b679edc4","name":"Julien","image":{"@type":"ImageObject","inLanguage":"fr-BE","@id":"https:\/\/vieassociative.be\/actualites\/#\/schema\/person\/image\/","url":"https:\/\/vieassociative.be\/actualites\/wp-content\/uploads\/2024\/09\/vie-associative-1-150x150.jpg","contentUrl":"https:\/\/vieassociative.be\/actualites\/wp-content\/uploads\/2024\/09\/vie-associative-1-150x150.jpg","caption":"Julien"},"description":"Je suis Julien, r\u00e9dacteur pour Vie Associative. Passionn\u00e9 par le monde associatif depuis plus de 10 ans, j'ai \u00e0 c\u0153ur de partager des histoires inspirantes et de mettre en lumi\u00e8re les initiatives locales. Mon objectif est de sensibiliser et d'encourager l'engagement communautaire \u00e0 travers mes articles.","sameAs":["https:\/\/vieassociative.be\/"]}]}},"_links":{"self":[{"href":"https:\/\/vieassociative.be\/actualites\/wp-json\/wp\/v2\/posts\/1702"}],"collection":[{"href":"https:\/\/vieassociative.be\/actualites\/wp-json\/wp\/v2\/posts"}],"about":[{"href":"https:\/\/vieassociative.be\/actualites\/wp-json\/wp\/v2\/types\/post"}],"author":[{"embeddable":true,"href":"https:\/\/vieassociative.be\/actualites\/wp-json\/wp\/v2\/users\/1"}],"replies":[{"embeddable":true,"href":"https:\/\/vieassociative.be\/actualites\/wp-json\/wp\/v2\/comments?post=1702"}],"version-history":[{"count":0,"href":"https:\/\/vieassociative.be\/actualites\/wp-json\/wp\/v2\/posts\/1702\/revisions"}],"wp:featuredmedia":[{"embeddable":true,"href":"https:\/\/vieassociative.be\/actualites\/wp-json\/wp\/v2\/media\/1703"}],"wp:attachment":[{"href":"https:\/\/vieassociative.be\/actualites\/wp-json\/wp\/v2\/media?parent=1702"}],"wp:term":[{"taxonomy":"category","embeddable":true,"href":"https:\/\/vieassociative.be\/actualites\/wp-json\/wp\/v2\/categories?post=1702"},{"taxonomy":"post_tag","embeddable":true,"href":"https:\/\/vieassociative.be\/actualites\/wp-json\/wp\/v2\/tags?post=1702"}],"curies":[{"name":"wp","href":"https:\/\/api.w.org\/{rel}","templated":true}]}}