{"id":1698,"date":"2024-10-27T06:18:16","date_gmt":"2024-10-27T05:18:16","guid":{"rendered":"https:\/\/vieassociative.be\/actualites\/les-sept-premieres-choses-a-faire-lorsque-votre-enfant-fait-son-coming-out\/"},"modified":"2024-10-27T06:18:16","modified_gmt":"2024-10-27T05:18:16","slug":"les-sept-premieres-choses-a-faire-lorsque-votre-enfant-fait-son-coming-out","status":"publish","type":"post","link":"https:\/\/vieassociative.be\/actualites\/les-sept-premieres-choses-a-faire-lorsque-votre-enfant-fait-son-coming-out\/","title":{"rendered":"Les sept premi\u00e8res choses \u00e0 faire lorsque votre enfant fait son coming-out"},"content":{"rendered":"<div class=\"mt-4 leading-6 md:mb-8\">Tout d\u2019abord, commencez par les remercier d\u2019avoir partag\u00e9 cela avec vous.<\/div>\n<p><\/p>\n<p>Tout au long de sa vie, vous avez travaill\u00e9 avec votre enfant \u00e0 travers de nombreux sentiments et \u00e9v\u00e9nements importants, depuis le premier jour d&rsquo;\u00e9cole jusqu&rsquo;\u00e0 la r\u00e9paration des os bris\u00e9s et des c\u0153urs meurtris. En fonction de leur \u00e2ge, il y a de fortes chances que vous ayez d\u00e9velopp\u00e9 une r\u00e9ponse appropri\u00e9e \u00e0 presque toutes les situations. Pourtant, il y a des moments pour lesquels vous n\u2019\u00eates pas pr\u00e9par\u00e9, mais qui sont essentiels pour que vous r\u00e9ussissiez.<\/p>\n<p>Par exemple, il peut arriver un moment o\u00f9 votre enfant soit suffisamment en confiance pour vous dire qu\u2019il est LGBTQ+. M\u00eame si votre monde changera apr\u00e8s ce moment, votre amour pour votre enfant ne changera pas. Mais vous ne savez peut-\u00eatre pas comment r\u00e9agir\u00a0: ce sont les premi\u00e8res choses que vous devez faire et exprimer si votre enfant fait son coming-out.<\/p>\n<h2 id=\"say-thank-you-for-sharing-this-with-me\">Dites : \u00ab\u00a0Merci d&rsquo;avoir partag\u00e9 cela avec moi.\u00a0\u00bb<\/h2>\n<p>Votre fils ou votre fille doit vous faire suffisamment confiance pour partager cette part intime d&rsquo;eux-m\u00eames, alors si vous cherchez les mots justes \u00e0 dire, montrez votre gratitude pour leur confiance en vous et que vous les aiderez dans ce nouveau chapitre de leur vie. est un excellent point de d\u00e9part. Comme le dit le Dr Becky Kennedy, auteur du livre <em>Good Inside\u00a0: Un guide pour devenir le parent que vous voulez \u00eatre<\/em>partag\u00e9 dans une r\u00e9cente publication sur Instagram, \u00ab\u00a0C&rsquo;est une ouverture de porte, un point de nouvelle connexion, un renforcement d&rsquo;une relation.\u00a0\u00bb<\/p>\n<h2 id=\"remember-that-this-moment-is-about-them-not-you\">N&rsquo;oubliez pas que ce moment concerne eux, pas vous<\/h2>\n<p>En tant que parent, vous allez \u00e9videmment \u00e9prouver un certain nombre de sentiments \u00e0 propos de ce que votre enfant a partag\u00e9 avec vous. Pourtant, ce que vous ressentez ne devrait pas \u00eatre votre priorit\u00e9 en ce moment. Dans un article paru dans Parents, la psychologue Anjali Ferguson conseille de se concentrer sur trois choses\u00a0: g\u00e9rer ses \u00e9motions, \u00eatre accueillant et rester curieux. \u00ab\u00a0Les enfants peuvent avoir peur de divulguer cette information s&rsquo;ils craignent que cela ait un impact sur votre relation\u00a0\u00bb, explique-t-elle. \u00ab\u00a0Soyez accueillant dans votre ton et votre langage corporel pour vous assurer qu&rsquo;ils se sentent en s\u00e9curit\u00e9 lors de cette divulgation avec vous.\u00a0\u00bb<\/p>\n<h2 id=\"ask-them-how-they-feel\">Demandez-leur comment ils se sentent<\/h2>\n<p>Pour rendre la conversation un peu plus fluide, la th\u00e9rapeute pour enfants Crystal Britt a d\u00e9clar\u00e9 aux parents que demander \u00e0 votre fils ou \u00e0 votre fille ce qu&rsquo;ils traversent au moment de leur coming-out peut leur assurer que ce n&rsquo;est pas grave s&rsquo;ils ne savent pas comment faire face \u00e0 leur nouveau identit\u00e9. \u00ab\u00a0Le plus important est de leur faire savoir que vous \u00eates pr\u00eat \u00e0 poser des questions, que vous les aimez et que vous \u00eates int\u00e9ress\u00e9 par ces nouvelles informations \u00e0 leur sujet\u00a0\u00bb, explique Britt.<\/p>\n<h2 id=\"offer-them-support\">Offrez-leur du soutien<\/h2>\n<p>Il est normal d&rsquo;\u00eatre inquiet \u00e0 propos de l&rsquo;identit\u00e9 sexuelle de votre enfant, que vous soyez pr\u00e9occup\u00e9 par la fa\u00e7on dont les autres camarades de classe le percevront, par votre \u00e9ducation religieuse ou par la discrimination. Ce dont votre enfant a besoin, c&rsquo;est de votre empathie et de votre soutien. Le Dr Paul Mitrani, psychiatre pour enfants et adolescents, a expliqu\u00e9 au Child Mind Institute que malgr\u00e9 vos sentiments forts, \u00ab en tant que parent, vous devez toujours revenir pour voir ce qui est le mieux pour votre enfant \u00bb. <\/p>\n<p>Pour ajouter, Mitrani recommande de garder les lignes de communication ouvertes et d&rsquo;utiliser un langage tel que : \u00ab Je suis heureux que nous puissions en discuter parce que nous voulons nous assurer que vous \u00eates en s\u00e9curit\u00e9 et soutenus. Et quelles que soient les d\u00e9cisions que vous devez prendre, nous voulons \u00eatre les meilleures pour vous.<\/p>\n<h2 id=\"admit-what-you-dont-know\">Admettez ce que vous ne savez pas<\/h2>\n<p>Parfois, en tant que parent, nous voulons saisir l\u2019instant pr\u00e9sent et agir comme si nous connaissions toutes les r\u00e9ponses. Mais le fait est que nous ne savons probablement pas grand-chose sur ce qu\u2019il faut faire ensuite, et c\u2019est parfaitement bien. Ferguson explique que votre manque de connaissances peut aider \u00e0 maintenir ouvertes les voies de communication entre vous et votre enfant. Elle sugg\u00e8re d&rsquo;utiliser un langage tel que : \u00ab Je suis si heureuse que vous ayez \u00e9t\u00e9 assez courageux et \u00e0 l&rsquo;aise pour partager cela avec moi. Je r\u00e9alise que j\u2019ai beaucoup \u00e0 apprendre sur ce processus, mais je veux en savoir plus sur la fa\u00e7on dont je peux vous soutenir.<\/p>\n<h2 id=\"create-a-safe-space\">Cr\u00e9er un espace s\u00e9curis\u00e9<\/h2>\n<p>Si vous avez regard\u00e9 l&rsquo;actualit\u00e9 ces derniers temps, vous savez que les \u00c9tats adoptent des lois anti-LGBTQ+ controvers\u00e9es, depuis le projet de loi \u00ab Don&rsquo;t Say Gay \u00bb de Floride jusqu&rsquo;aux tentatives d&rsquo;interdire les soins m\u00e9dicaux d&rsquo;affirmation de genre pour les jeunes transgenres. Ferguson recommande de maintenir un dialogue ouvert sur les \u00e9v\u00e9nements actuels et de v\u00e9rifier le sentiment de s\u00e9curit\u00e9 de votre enfant. <\/p>\n<p>Elle recommande \u00e9galement de v\u00e9rifier dans votre maison les jouets, les livres et les m\u00e9dias que votre enfant pourrait trouver offensants ou nuisibles. Britt ajoute que vous pouvez \u00e9galement trouver du mat\u00e9riel de fiert\u00e9 et des drapeaux en ligne. \u00abAssurez-vous que votre enfant sait que vous faites partie de son \u00e9quipe\u00bb, explique Britt.<\/p>\n<hr>\n<p>S&rsquo;il est temps de commencer \u00e0 acheter du mat\u00e9riel Pride, consultez\u00a0:<\/p>\n<ul>\n<li>\n<p>Cet adorable chapeau coeur arc-en-ciel<\/p>\n<\/li>\n<li>\n<p>Cette chemise \u00ab\u00a0Be You\u00a0\u00bb qui se d\u00e9cline dans plus d&rsquo;une douzaine de couleurs diff\u00e9rentes<\/p>\n<\/li>\n<li>\n<p>Ce sac \u00e0 bandouli\u00e8re arc-en-ciel<\/p>\n<\/li>\n<li>\n<p>Et bien s\u00fbr, ce drapeau de la Fiert\u00e9<\/p>\n<\/li>\n<\/ul>\n<hr>\n<h2 id=\"find-support-for-yourself\">Trouvez du soutien pour vous-m\u00eame<\/h2>\n<p>De nombreuses organisations sont disponibles pour vous soutenir et vous guider dans les prochaines \u00e9tapes de votre voyage, notamment\u00a0:<\/p>\n<ul>\n<li>\n<p>Parents et amis de lesbiennes et de gays (PFLAG) <\/p>\n<\/li>\n<li>\n<p>Le projet Trevor <\/p>\n<\/li>\n<li>\n<p>Culture parentale <\/p>\n<\/li>\n<li>\n<p>Le R\u00e9seau d\u2019\u00c9ducation Gay, Lesbienne et H\u00e9t\u00e9ro (GLSEN)<\/p>\n<\/li>\n<li>\n<p>Ressources et soutien pour les \u00e9tudiants LGBTQ<\/p>\n<\/li>\n<li>\n<p>GLAAD<\/p>\n<\/li>\n<\/ul>\n<p><script async src=\"\/\/www.instagram.com\/embed.js\"><\/script><\/p>\n","protected":false},"excerpt":{"rendered":"<p>Tout d\u2019abord, commencez par les remercier d\u2019avoir partag\u00e9 cela avec vous. Tout au long de sa vie, vous avez travaill\u00e9 avec votre enfant \u00e0 travers<\/p>\n","protected":false},"author":1,"featured_media":1699,"comment_status":"","ping_status":"","sticky":false,"template":"","format":"standard","meta":{"footnotes":""},"categories":[37],"tags":[93,2307,295,127,635,14,559,597,525,800,8],"class_list":["post-1698","post","type-post","status-publish","format-standard","has-post-thumbnail","hentry","category-famille","tag-choses","tag-comingout","tag-enfant","tag-faire","tag-fait","tag-les","tag-lorsque","tag-premieres","tag-sept","tag-son","tag-votre","generate-columns","tablet-grid-50","mobile-grid-100","grid-parent","grid-33"],"yoast_head":"<!-- This site is optimized with the Yoast SEO plugin v24.0 - https:\/\/yoast.com\/wordpress\/plugins\/seo\/ -->\n<title>Les sept premi\u00e8res choses \u00e0 faire lorsque votre enfant fait son coming-out | Vie Associative<\/title>\n<meta name=\"robots\" content=\"index, follow, max-snippet:-1, max-image-preview:large, max-video-preview:-1\" \/>\n<link rel=\"canonical\" href=\"https:\/\/vieassociative.be\/actualites\/les-sept-premieres-choses-a-faire-lorsque-votre-enfant-fait-son-coming-out\/\" \/>\n<meta property=\"og:locale\" content=\"fr_FR\" \/>\n<meta property=\"og:type\" content=\"article\" \/>\n<meta property=\"og:title\" content=\"Les sept premi\u00e8res choses \u00e0 faire lorsque votre enfant fait son coming-out | Vie Associative\" \/>\n<meta property=\"og:description\" content=\"Tout d\u2019abord, commencez par les remercier d\u2019avoir partag\u00e9 cela avec vous. Tout au long de sa vie, vous avez travaill\u00e9 avec votre enfant \u00e0 travers\" \/>\n<meta property=\"og:url\" content=\"https:\/\/vieassociative.be\/actualites\/les-sept-premieres-choses-a-faire-lorsque-votre-enfant-fait-son-coming-out\/\" \/>\n<meta property=\"og:site_name\" content=\"Vie Associative\" \/>\n<meta property=\"article:published_time\" content=\"2024-10-27T05:18:16+00:00\" \/>\n<meta property=\"og:image\" content=\"https:\/\/vieassociative.be\/actualites\/wp-content\/uploads\/2024\/09\/header_backgroundk-01-e1726694325946.png\" \/>\n\t<meta property=\"og:image:width\" content=\"279\" \/>\n\t<meta property=\"og:image:height\" content=\"92\" \/>\n\t<meta property=\"og:image:type\" content=\"image\/png\" \/>\n<meta name=\"author\" content=\"Julien\" \/>\n<meta name=\"twitter:card\" content=\"summary_large_image\" \/>\n<meta name=\"twitter:label1\" content=\"\u00c9crit par\" \/>\n\t<meta name=\"twitter:data1\" content=\"Julien\" \/>\n\t<meta name=\"twitter:label2\" content=\"Dur\u00e9e de lecture est.\" \/>\n\t<meta name=\"twitter:data2\" content=\"5 minutes\" \/>\n<script type=\"application\/ld+json\" class=\"yoast-schema-graph\">{\"@context\":\"https:\/\/schema.org\",\"@graph\":[{\"@type\":\"Article\",\"@id\":\"https:\/\/vieassociative.be\/actualites\/les-sept-premieres-choses-a-faire-lorsque-votre-enfant-fait-son-coming-out\/#article\",\"isPartOf\":{\"@id\":\"https:\/\/vieassociative.be\/actualites\/les-sept-premieres-choses-a-faire-lorsque-votre-enfant-fait-son-coming-out\/\"},\"author\":{\"name\":\"Julien\",\"@id\":\"https:\/\/vieassociative.be\/actualites\/#\/schema\/person\/b87ac4f82f9d4e7b7cec7395b679edc4\"},\"headline\":\"Les sept premi\u00e8res choses \u00e0 faire lorsque votre enfant fait son coming-out\",\"datePublished\":\"2024-10-27T05:18:16+00:00\",\"dateModified\":\"2024-10-27T05:18:16+00:00\",\"mainEntityOfPage\":{\"@id\":\"https:\/\/vieassociative.be\/actualites\/les-sept-premieres-choses-a-faire-lorsque-votre-enfant-fait-son-coming-out\/\"},\"wordCount\":1018,\"publisher\":{\"@id\":\"https:\/\/vieassociative.be\/actualites\/#organization\"},\"image\":{\"@id\":\"https:\/\/vieassociative.be\/actualites\/les-sept-premieres-choses-a-faire-lorsque-votre-enfant-fait-son-coming-out\/#primaryimage\"},\"thumbnailUrl\":\"https:\/\/vieassociative.be\/actualites\/wp-content\/uploads\/2024\/10\/Les-sept-premieres-choses-a-faire-lorsque-votre-enfant-fait.jpg\",\"keywords\":[\"choses\",\"comingout\",\"enfant\",\"faire\",\"fait\",\"Les\",\"lorsque\",\"premi\u00e8res\",\"Sept\",\"son\",\"votre\"],\"articleSection\":[\"Famille\"],\"inLanguage\":\"fr-BE\"},{\"@type\":\"WebPage\",\"@id\":\"https:\/\/vieassociative.be\/actualites\/les-sept-premieres-choses-a-faire-lorsque-votre-enfant-fait-son-coming-out\/\",\"url\":\"https:\/\/vieassociative.be\/actualites\/les-sept-premieres-choses-a-faire-lorsque-votre-enfant-fait-son-coming-out\/\",\"name\":\"Les sept premi\u00e8res choses \u00e0 faire lorsque votre enfant fait son coming-out | Vie Associative\",\"isPartOf\":{\"@id\":\"https:\/\/vieassociative.be\/actualites\/#website\"},\"primaryImageOfPage\":{\"@id\":\"https:\/\/vieassociative.be\/actualites\/les-sept-premieres-choses-a-faire-lorsque-votre-enfant-fait-son-coming-out\/#primaryimage\"},\"image\":{\"@id\":\"https:\/\/vieassociative.be\/actualites\/les-sept-premieres-choses-a-faire-lorsque-votre-enfant-fait-son-coming-out\/#primaryimage\"},\"thumbnailUrl\":\"https:\/\/vieassociative.be\/actualites\/wp-content\/uploads\/2024\/10\/Les-sept-premieres-choses-a-faire-lorsque-votre-enfant-fait.jpg\",\"datePublished\":\"2024-10-27T05:18:16+00:00\",\"dateModified\":\"2024-10-27T05:18:16+00:00\",\"breadcrumb\":{\"@id\":\"https:\/\/vieassociative.be\/actualites\/les-sept-premieres-choses-a-faire-lorsque-votre-enfant-fait-son-coming-out\/#breadcrumb\"},\"inLanguage\":\"fr-BE\",\"potentialAction\":[{\"@type\":\"ReadAction\",\"target\":[\"https:\/\/vieassociative.be\/actualites\/les-sept-premieres-choses-a-faire-lorsque-votre-enfant-fait-son-coming-out\/\"]}]},{\"@type\":\"ImageObject\",\"inLanguage\":\"fr-BE\",\"@id\":\"https:\/\/vieassociative.be\/actualites\/les-sept-premieres-choses-a-faire-lorsque-votre-enfant-fait-son-coming-out\/#primaryimage\",\"url\":\"https:\/\/vieassociative.be\/actualites\/wp-content\/uploads\/2024\/10\/Les-sept-premieres-choses-a-faire-lorsque-votre-enfant-fait.jpg\",\"contentUrl\":\"https:\/\/vieassociative.be\/actualites\/wp-content\/uploads\/2024\/10\/Les-sept-premieres-choses-a-faire-lorsque-votre-enfant-fait.jpg\",\"width\":1200,\"height\":675,\"caption\":\"Les sept premi\u00e8res choses \u00e0 faire lorsque votre enfant fait son coming-out\"},{\"@type\":\"BreadcrumbList\",\"@id\":\"https:\/\/vieassociative.be\/actualites\/les-sept-premieres-choses-a-faire-lorsque-votre-enfant-fait-son-coming-out\/#breadcrumb\",\"itemListElement\":[{\"@type\":\"ListItem\",\"position\":1,\"name\":\"Accueil\",\"item\":\"https:\/\/vieassociative.be\/actualites\/\"},{\"@type\":\"ListItem\",\"position\":2,\"name\":\"Les sept premi\u00e8res choses \u00e0 faire lorsque votre enfant fait son coming-out\"}]},{\"@type\":\"WebSite\",\"@id\":\"https:\/\/vieassociative.be\/actualites\/#website\",\"url\":\"https:\/\/vieassociative.be\/actualites\/\",\"name\":\"Vie Associative\",\"description\":\"\",\"publisher\":{\"@id\":\"https:\/\/vieassociative.be\/actualites\/#organization\"},\"potentialAction\":[{\"@type\":\"SearchAction\",\"target\":{\"@type\":\"EntryPoint\",\"urlTemplate\":\"https:\/\/vieassociative.be\/actualites\/?s={search_term_string}\"},\"query-input\":{\"@type\":\"PropertyValueSpecification\",\"valueRequired\":true,\"valueName\":\"search_term_string\"}}],\"inLanguage\":\"fr-BE\"},{\"@type\":\"Organization\",\"@id\":\"https:\/\/vieassociative.be\/actualites\/#organization\",\"name\":\"Vie Associative\",\"url\":\"https:\/\/vieassociative.be\/actualites\/\",\"logo\":{\"@type\":\"ImageObject\",\"inLanguage\":\"fr-BE\",\"@id\":\"https:\/\/vieassociative.be\/actualites\/#\/schema\/logo\/image\/\",\"url\":\"https:\/\/vieassociative.be\/actualites\/wp-content\/uploads\/2024\/09\/cropped-vieassociative_favicon.ico.png\",\"contentUrl\":\"https:\/\/vieassociative.be\/actualites\/wp-content\/uploads\/2024\/09\/cropped-vieassociative_favicon.ico.png\",\"width\":512,\"height\":512,\"caption\":\"Vie Associative\"},\"image\":{\"@id\":\"https:\/\/vieassociative.be\/actualites\/#\/schema\/logo\/image\/\"}},{\"@type\":\"Person\",\"@id\":\"https:\/\/vieassociative.be\/actualites\/#\/schema\/person\/b87ac4f82f9d4e7b7cec7395b679edc4\",\"name\":\"Julien\",\"image\":{\"@type\":\"ImageObject\",\"inLanguage\":\"fr-BE\",\"@id\":\"https:\/\/vieassociative.be\/actualites\/#\/schema\/person\/image\/\",\"url\":\"https:\/\/vieassociative.be\/actualites\/wp-content\/uploads\/2024\/09\/vie-associative-1-150x150.jpg\",\"contentUrl\":\"https:\/\/vieassociative.be\/actualites\/wp-content\/uploads\/2024\/09\/vie-associative-1-150x150.jpg\",\"caption\":\"Julien\"},\"description\":\"Je suis Julien, r\u00e9dacteur pour Vie Associative. Passionn\u00e9 par le monde associatif depuis plus de 10 ans, j'ai \u00e0 c\u0153ur de partager des histoires inspirantes et de mettre en lumi\u00e8re les initiatives locales. Mon objectif est de sensibiliser et d'encourager l'engagement communautaire \u00e0 travers mes articles.\",\"sameAs\":[\"https:\/\/vieassociative.be\/\"]}]}<\/script>\n<!-- \/ Yoast SEO plugin. -->","yoast_head_json":{"title":"Les sept premi\u00e8res choses \u00e0 faire lorsque votre enfant fait son coming-out | Vie Associative","robots":{"index":"index","follow":"follow","max-snippet":"max-snippet:-1","max-image-preview":"max-image-preview:large","max-video-preview":"max-video-preview:-1"},"canonical":"https:\/\/vieassociative.be\/actualites\/les-sept-premieres-choses-a-faire-lorsque-votre-enfant-fait-son-coming-out\/","og_locale":"fr_FR","og_type":"article","og_title":"Les sept premi\u00e8res choses \u00e0 faire lorsque votre enfant fait son coming-out | Vie Associative","og_description":"Tout d\u2019abord, commencez par les remercier d\u2019avoir partag\u00e9 cela avec vous. Tout au long de sa vie, vous avez travaill\u00e9 avec votre enfant \u00e0 travers","og_url":"https:\/\/vieassociative.be\/actualites\/les-sept-premieres-choses-a-faire-lorsque-votre-enfant-fait-son-coming-out\/","og_site_name":"Vie Associative","article_published_time":"2024-10-27T05:18:16+00:00","og_image":[{"width":279,"height":92,"url":"https:\/\/vieassociative.be\/actualites\/wp-content\/uploads\/2024\/09\/header_backgroundk-01-e1726694325946.png","type":"image\/png"}],"author":"Julien","twitter_card":"summary_large_image","twitter_misc":{"\u00c9crit par":"Julien","Dur\u00e9e de lecture est.":"5 minutes"},"schema":{"@context":"https:\/\/schema.org","@graph":[{"@type":"Article","@id":"https:\/\/vieassociative.be\/actualites\/les-sept-premieres-choses-a-faire-lorsque-votre-enfant-fait-son-coming-out\/#article","isPartOf":{"@id":"https:\/\/vieassociative.be\/actualites\/les-sept-premieres-choses-a-faire-lorsque-votre-enfant-fait-son-coming-out\/"},"author":{"name":"Julien","@id":"https:\/\/vieassociative.be\/actualites\/#\/schema\/person\/b87ac4f82f9d4e7b7cec7395b679edc4"},"headline":"Les sept premi\u00e8res choses \u00e0 faire lorsque votre enfant fait son coming-out","datePublished":"2024-10-27T05:18:16+00:00","dateModified":"2024-10-27T05:18:16+00:00","mainEntityOfPage":{"@id":"https:\/\/vieassociative.be\/actualites\/les-sept-premieres-choses-a-faire-lorsque-votre-enfant-fait-son-coming-out\/"},"wordCount":1018,"publisher":{"@id":"https:\/\/vieassociative.be\/actualites\/#organization"},"image":{"@id":"https:\/\/vieassociative.be\/actualites\/les-sept-premieres-choses-a-faire-lorsque-votre-enfant-fait-son-coming-out\/#primaryimage"},"thumbnailUrl":"https:\/\/vieassociative.be\/actualites\/wp-content\/uploads\/2024\/10\/Les-sept-premieres-choses-a-faire-lorsque-votre-enfant-fait.jpg","keywords":["choses","comingout","enfant","faire","fait","Les","lorsque","premi\u00e8res","Sept","son","votre"],"articleSection":["Famille"],"inLanguage":"fr-BE"},{"@type":"WebPage","@id":"https:\/\/vieassociative.be\/actualites\/les-sept-premieres-choses-a-faire-lorsque-votre-enfant-fait-son-coming-out\/","url":"https:\/\/vieassociative.be\/actualites\/les-sept-premieres-choses-a-faire-lorsque-votre-enfant-fait-son-coming-out\/","name":"Les sept premi\u00e8res choses \u00e0 faire lorsque votre enfant fait son coming-out | Vie Associative","isPartOf":{"@id":"https:\/\/vieassociative.be\/actualites\/#website"},"primaryImageOfPage":{"@id":"https:\/\/vieassociative.be\/actualites\/les-sept-premieres-choses-a-faire-lorsque-votre-enfant-fait-son-coming-out\/#primaryimage"},"image":{"@id":"https:\/\/vieassociative.be\/actualites\/les-sept-premieres-choses-a-faire-lorsque-votre-enfant-fait-son-coming-out\/#primaryimage"},"thumbnailUrl":"https:\/\/vieassociative.be\/actualites\/wp-content\/uploads\/2024\/10\/Les-sept-premieres-choses-a-faire-lorsque-votre-enfant-fait.jpg","datePublished":"2024-10-27T05:18:16+00:00","dateModified":"2024-10-27T05:18:16+00:00","breadcrumb":{"@id":"https:\/\/vieassociative.be\/actualites\/les-sept-premieres-choses-a-faire-lorsque-votre-enfant-fait-son-coming-out\/#breadcrumb"},"inLanguage":"fr-BE","potentialAction":[{"@type":"ReadAction","target":["https:\/\/vieassociative.be\/actualites\/les-sept-premieres-choses-a-faire-lorsque-votre-enfant-fait-son-coming-out\/"]}]},{"@type":"ImageObject","inLanguage":"fr-BE","@id":"https:\/\/vieassociative.be\/actualites\/les-sept-premieres-choses-a-faire-lorsque-votre-enfant-fait-son-coming-out\/#primaryimage","url":"https:\/\/vieassociative.be\/actualites\/wp-content\/uploads\/2024\/10\/Les-sept-premieres-choses-a-faire-lorsque-votre-enfant-fait.jpg","contentUrl":"https:\/\/vieassociative.be\/actualites\/wp-content\/uploads\/2024\/10\/Les-sept-premieres-choses-a-faire-lorsque-votre-enfant-fait.jpg","width":1200,"height":675,"caption":"Les sept premi\u00e8res choses \u00e0 faire lorsque votre enfant fait son coming-out"},{"@type":"BreadcrumbList","@id":"https:\/\/vieassociative.be\/actualites\/les-sept-premieres-choses-a-faire-lorsque-votre-enfant-fait-son-coming-out\/#breadcrumb","itemListElement":[{"@type":"ListItem","position":1,"name":"Accueil","item":"https:\/\/vieassociative.be\/actualites\/"},{"@type":"ListItem","position":2,"name":"Les sept premi\u00e8res choses \u00e0 faire lorsque votre enfant fait son coming-out"}]},{"@type":"WebSite","@id":"https:\/\/vieassociative.be\/actualites\/#website","url":"https:\/\/vieassociative.be\/actualites\/","name":"Vie Associative","description":"","publisher":{"@id":"https:\/\/vieassociative.be\/actualites\/#organization"},"potentialAction":[{"@type":"SearchAction","target":{"@type":"EntryPoint","urlTemplate":"https:\/\/vieassociative.be\/actualites\/?s={search_term_string}"},"query-input":{"@type":"PropertyValueSpecification","valueRequired":true,"valueName":"search_term_string"}}],"inLanguage":"fr-BE"},{"@type":"Organization","@id":"https:\/\/vieassociative.be\/actualites\/#organization","name":"Vie Associative","url":"https:\/\/vieassociative.be\/actualites\/","logo":{"@type":"ImageObject","inLanguage":"fr-BE","@id":"https:\/\/vieassociative.be\/actualites\/#\/schema\/logo\/image\/","url":"https:\/\/vieassociative.be\/actualites\/wp-content\/uploads\/2024\/09\/cropped-vieassociative_favicon.ico.png","contentUrl":"https:\/\/vieassociative.be\/actualites\/wp-content\/uploads\/2024\/09\/cropped-vieassociative_favicon.ico.png","width":512,"height":512,"caption":"Vie Associative"},"image":{"@id":"https:\/\/vieassociative.be\/actualites\/#\/schema\/logo\/image\/"}},{"@type":"Person","@id":"https:\/\/vieassociative.be\/actualites\/#\/schema\/person\/b87ac4f82f9d4e7b7cec7395b679edc4","name":"Julien","image":{"@type":"ImageObject","inLanguage":"fr-BE","@id":"https:\/\/vieassociative.be\/actualites\/#\/schema\/person\/image\/","url":"https:\/\/vieassociative.be\/actualites\/wp-content\/uploads\/2024\/09\/vie-associative-1-150x150.jpg","contentUrl":"https:\/\/vieassociative.be\/actualites\/wp-content\/uploads\/2024\/09\/vie-associative-1-150x150.jpg","caption":"Julien"},"description":"Je suis Julien, r\u00e9dacteur pour Vie Associative. Passionn\u00e9 par le monde associatif depuis plus de 10 ans, j'ai \u00e0 c\u0153ur de partager des histoires inspirantes et de mettre en lumi\u00e8re les initiatives locales. Mon objectif est de sensibiliser et d'encourager l'engagement communautaire \u00e0 travers mes articles.","sameAs":["https:\/\/vieassociative.be\/"]}]}},"_links":{"self":[{"href":"https:\/\/vieassociative.be\/actualites\/wp-json\/wp\/v2\/posts\/1698"}],"collection":[{"href":"https:\/\/vieassociative.be\/actualites\/wp-json\/wp\/v2\/posts"}],"about":[{"href":"https:\/\/vieassociative.be\/actualites\/wp-json\/wp\/v2\/types\/post"}],"author":[{"embeddable":true,"href":"https:\/\/vieassociative.be\/actualites\/wp-json\/wp\/v2\/users\/1"}],"replies":[{"embeddable":true,"href":"https:\/\/vieassociative.be\/actualites\/wp-json\/wp\/v2\/comments?post=1698"}],"version-history":[{"count":0,"href":"https:\/\/vieassociative.be\/actualites\/wp-json\/wp\/v2\/posts\/1698\/revisions"}],"wp:featuredmedia":[{"embeddable":true,"href":"https:\/\/vieassociative.be\/actualites\/wp-json\/wp\/v2\/media\/1699"}],"wp:attachment":[{"href":"https:\/\/vieassociative.be\/actualites\/wp-json\/wp\/v2\/media?parent=1698"}],"wp:term":[{"taxonomy":"category","embeddable":true,"href":"https:\/\/vieassociative.be\/actualites\/wp-json\/wp\/v2\/categories?post=1698"},{"taxonomy":"post_tag","embeddable":true,"href":"https:\/\/vieassociative.be\/actualites\/wp-json\/wp\/v2\/tags?post=1698"}],"curies":[{"name":"wp","href":"https:\/\/api.w.org\/{rel}","templated":true}]}}