{"id":1692,"date":"2024-10-27T03:23:51","date_gmt":"2024-10-27T02:23:51","guid":{"rendered":"https:\/\/vieassociative.be\/actualites\/trois-jours-apres-une-victoire-4-1-contre-le-bayern-barcelone-a-gagne-4-0-lors-du-clasico-au-real-madrid\/"},"modified":"2024-10-27T03:23:51","modified_gmt":"2024-10-27T02:23:51","slug":"trois-jours-apres-une-victoire-4-1-contre-le-bayern-barcelone-a-gagne-4-0-lors-du-clasico-au-real-madrid","status":"publish","type":"post","link":"https:\/\/vieassociative.be\/actualites\/trois-jours-apres-une-victoire-4-1-contre-le-bayern-barcelone-a-gagne-4-0-lors-du-clasico-au-real-madrid\/","title":{"rendered":"Trois jours apr\u00e8s une victoire 4-1 contre le Bayern, Barcelone a gagn\u00e9 4-0 lors du Cl\u00e1sico au Real Madrid"},"content":{"rendered":"<p><strong>Deux buts de Robert Lewandowski mettent le FC Barcelone sur les rails face au Real Madrid. L&rsquo;entra\u00eeneur Hansi Flick a v\u00e9cu une fantastique soir\u00e9e de football avec une victoire nette \u00e0 l&rsquo;ext\u00e9rieur.<\/strong><\/p>\n<p><span id=\"more-400377\"><\/span>Gr\u00e2ce \u00e0 un doubl\u00e9 de l&rsquo;attaquant vedette Robert Lewandowski, Hansi Flick a c\u00e9l\u00e9br\u00e9 une brillante victoire 4-0 (0-0) au Real Madrid lors de son premier Clasico en tant qu&rsquo;entra\u00eeneur du FC Barcelone. L&rsquo;ancien attaquant du FC Bayern a marqu\u00e9 aux 54e et 56e minutes pour le Bar\u00e7a, qui, en tant que leader de la Primera Divisi\u00f3n, compte d\u00e9sormais six points d&rsquo;avance sur les champions du record de football espagnol.<\/p>\n<p>Pour Lewandowski, 36 ans, il s&rsquo;agissait du premier but d&rsquo;un match de championnat contre le Real. Lamine Yamal (77&prime;) et Rafinha (84&prime;) ont rendu la d\u00e9b\u00e2cle parfaite pour l&rsquo;\u00e9quipe de Carlo Ancelotti.<\/p>\n<div id=\"attachment_400379\" class=\"wp-caption alignleft\" style=\"max-width: 300px\"><img fetchpriority=\"high\" decoding=\"async\" class=\"wp-image-400379 size-medium\" src=\"https:\/\/vieassociative.be\/actualites\/wp-content\/uploads\/2024\/10\/Trois-jours-apres-une-victoire-4-1-contre-le-Bayern-Barcelone.jpg\" alt=\"\" width=\"300\" height=\"200\"><\/p>\n<p class=\"wp-caption-text\">26 octobre 2024, Espagne, Madrid : Kylian Mbappe (l) du Real Madrid est attaqu\u00e9 par Lamine Yamal de Barcelone. Photo : Manu Fern\u00e1ndez\/AP<\/p>\n<\/div>\n<p>Lewandowski a choqu\u00e9 les fans du Royal 141 secondes apr\u00e8s la pause. Tout d&rsquo;abord, il a marqu\u00e9 \u00e0 ras de terre depuis l&rsquo;entr\u00e9e de la surface de r\u00e9paration pour prendre l&rsquo;avantage apr\u00e8s que Ferland Mendy du Real ait annul\u00e9 une \u00e9ventuelle position de hors-jeu. L&rsquo;attaquant international polonais reprenait ensuite parfaitement de la t\u00eate un centre d&rsquo;Alejandro Balde pour porter le score \u00e0 2-0.<\/p>\n<p>L&rsquo;attaquant vedette du Real Madrid, Kylian Mbapp\u00e9, a \u00e9galement fait trembler le filet adverse \u00e0 deux reprises, mais il \u00e9tait toujours hors-jeu. Les buts suppos\u00e9s ne comptaient pas, \u00e0 juste titre.<\/p>\n<p>Alors que Lewandowski a rat\u00e9 d&rsquo;autres belles occasions de r\u00e9aliser un tour du chapeau \u00e0 deux reprises, notamment parce qu&rsquo;il a plac\u00e9 le ballon sur le poteau du but \u00e0 moiti\u00e9 orphelin du Real \u00e0 dix m\u00e8tres, les jeunes stars Yamal et Rafinha ont continu\u00e9 \u00e0 s&rsquo;appuyer sur le r\u00e9sultat.<\/p>\n<p>Quelques jours apr\u00e8s la non moins impressionnante victoire 4-1 en Ligue des champions contre l&rsquo;ancien club du FC Bayern, Flick a c\u00e9l\u00e9br\u00e9 sa prochaine victoire de prestige. Pour le Real, il s&rsquo;agissait \u00e9galement de sa premi\u00e8re d\u00e9faite en championnat apr\u00e8s 42 matchs sans d\u00e9faite. (dpa\/cr\u00e9)<\/p>\n","protected":false},"excerpt":{"rendered":"<p>Deux buts de Robert Lewandowski mettent le FC Barcelone sur les rails face au Real Madrid. L&rsquo;entra\u00eeneur Hansi Flick a v\u00e9cu une fantastique soir\u00e9e de<\/p>\n","protected":false},"author":1,"featured_media":1693,"comment_status":"","ping_status":"","sticky":false,"template":"","format":"standard","meta":{"footnotes":""},"categories":[298],"tags":[472,371,2298,2300,796,2299,937,353,2301,369,771,110,784],"class_list":["post-1692","post","type-post","status-publish","format-standard","has-post-thumbnail","hentry","category-belgique","tag-apres","tag-barcelone","tag-bayern","tag-clasico","tag-contre","tag-gagne","tag-jours","tag-lors","tag-madrid","tag-real","tag-trois","tag-une","tag-victoire","generate-columns","tablet-grid-50","mobile-grid-100","grid-parent","grid-33"],"yoast_head":"<!-- This site is optimized with the Yoast SEO plugin v24.0 - https:\/\/yoast.com\/wordpress\/plugins\/seo\/ -->\n<title>Trois jours apr\u00e8s une victoire 4-1 contre le Bayern, Barcelone a gagn\u00e9 4-0 lors du Cl\u00e1sico au Real Madrid | Vie Associative<\/title>\n<meta name=\"robots\" content=\"index, follow, max-snippet:-1, max-image-preview:large, max-video-preview:-1\" \/>\n<link rel=\"canonical\" href=\"https:\/\/vieassociative.be\/actualites\/trois-jours-apres-une-victoire-4-1-contre-le-bayern-barcelone-a-gagne-4-0-lors-du-clasico-au-real-madrid\/\" \/>\n<meta property=\"og:locale\" content=\"fr_FR\" \/>\n<meta property=\"og:type\" content=\"article\" \/>\n<meta property=\"og:title\" content=\"Trois jours apr\u00e8s une victoire 4-1 contre le Bayern, Barcelone a gagn\u00e9 4-0 lors du Cl\u00e1sico au Real Madrid | Vie Associative\" \/>\n<meta property=\"og:description\" content=\"Deux buts de Robert Lewandowski mettent le FC Barcelone sur les rails face au Real Madrid. L&rsquo;entra\u00eeneur Hansi Flick a v\u00e9cu une fantastique soir\u00e9e de\" \/>\n<meta property=\"og:url\" content=\"https:\/\/vieassociative.be\/actualites\/trois-jours-apres-une-victoire-4-1-contre-le-bayern-barcelone-a-gagne-4-0-lors-du-clasico-au-real-madrid\/\" \/>\n<meta property=\"og:site_name\" content=\"Vie Associative\" \/>\n<meta property=\"article:published_time\" content=\"2024-10-27T02:23:51+00:00\" \/>\n<meta property=\"og:image\" content=\"https:\/\/vieassociative.be\/actualites\/wp-content\/uploads\/2024\/10\/Trois-jours-apres-une-victoire-4-1-contre-le-Bayern-Barcelone.jpg\" \/>\n<meta name=\"author\" content=\"Julien\" \/>\n<meta name=\"twitter:card\" content=\"summary_large_image\" \/>\n<meta name=\"twitter:label1\" content=\"\u00c9crit par\" \/>\n\t<meta name=\"twitter:data1\" content=\"Julien\" \/>\n\t<meta name=\"twitter:label2\" content=\"Dur\u00e9e de lecture est.\" \/>\n\t<meta name=\"twitter:data2\" content=\"2 minutes\" \/>\n<script type=\"application\/ld+json\" class=\"yoast-schema-graph\">{\"@context\":\"https:\/\/schema.org\",\"@graph\":[{\"@type\":\"Article\",\"@id\":\"https:\/\/vieassociative.be\/actualites\/trois-jours-apres-une-victoire-4-1-contre-le-bayern-barcelone-a-gagne-4-0-lors-du-clasico-au-real-madrid\/#article\",\"isPartOf\":{\"@id\":\"https:\/\/vieassociative.be\/actualites\/trois-jours-apres-une-victoire-4-1-contre-le-bayern-barcelone-a-gagne-4-0-lors-du-clasico-au-real-madrid\/\"},\"author\":{\"name\":\"Julien\",\"@id\":\"https:\/\/vieassociative.be\/actualites\/#\/schema\/person\/b87ac4f82f9d4e7b7cec7395b679edc4\"},\"headline\":\"Trois jours apr\u00e8s une victoire 4-1 contre le Bayern, Barcelone a gagn\u00e9 4-0 lors du Cl\u00e1sico au Real Madrid\",\"datePublished\":\"2024-10-27T02:23:51+00:00\",\"dateModified\":\"2024-10-27T02:23:51+00:00\",\"mainEntityOfPage\":{\"@id\":\"https:\/\/vieassociative.be\/actualites\/trois-jours-apres-une-victoire-4-1-contre-le-bayern-barcelone-a-gagne-4-0-lors-du-clasico-au-real-madrid\/\"},\"wordCount\":399,\"publisher\":{\"@id\":\"https:\/\/vieassociative.be\/actualites\/#organization\"},\"image\":{\"@id\":\"https:\/\/vieassociative.be\/actualites\/trois-jours-apres-une-victoire-4-1-contre-le-bayern-barcelone-a-gagne-4-0-lors-du-clasico-au-real-madrid\/#primaryimage\"},\"thumbnailUrl\":\"https:\/\/vieassociative.be\/actualites\/wp-content\/uploads\/2024\/10\/1729995831_Trois-jours-apres-une-victoire-4-1-contre-le-Bayern-Barcelone.jpg\",\"keywords\":[\"Apr\u00e8s\",\"Barcelone\",\"Bayern\",\"Cl\u00e1sico\",\"contre\",\"gagn\u00e9\",\"jours\",\"lors\",\"Madrid\",\"Real\",\"trois\",\"une\",\"victoire\"],\"articleSection\":[\"Belgique\"],\"inLanguage\":\"fr-BE\"},{\"@type\":\"WebPage\",\"@id\":\"https:\/\/vieassociative.be\/actualites\/trois-jours-apres-une-victoire-4-1-contre-le-bayern-barcelone-a-gagne-4-0-lors-du-clasico-au-real-madrid\/\",\"url\":\"https:\/\/vieassociative.be\/actualites\/trois-jours-apres-une-victoire-4-1-contre-le-bayern-barcelone-a-gagne-4-0-lors-du-clasico-au-real-madrid\/\",\"name\":\"Trois jours apr\u00e8s une victoire 4-1 contre le Bayern, Barcelone a gagn\u00e9 4-0 lors du Cl\u00e1sico au Real Madrid | Vie Associative\",\"isPartOf\":{\"@id\":\"https:\/\/vieassociative.be\/actualites\/#website\"},\"primaryImageOfPage\":{\"@id\":\"https:\/\/vieassociative.be\/actualites\/trois-jours-apres-une-victoire-4-1-contre-le-bayern-barcelone-a-gagne-4-0-lors-du-clasico-au-real-madrid\/#primaryimage\"},\"image\":{\"@id\":\"https:\/\/vieassociative.be\/actualites\/trois-jours-apres-une-victoire-4-1-contre-le-bayern-barcelone-a-gagne-4-0-lors-du-clasico-au-real-madrid\/#primaryimage\"},\"thumbnailUrl\":\"https:\/\/vieassociative.be\/actualites\/wp-content\/uploads\/2024\/10\/1729995831_Trois-jours-apres-une-victoire-4-1-contre-le-Bayern-Barcelone.jpg\",\"datePublished\":\"2024-10-27T02:23:51+00:00\",\"dateModified\":\"2024-10-27T02:23:51+00:00\",\"breadcrumb\":{\"@id\":\"https:\/\/vieassociative.be\/actualites\/trois-jours-apres-une-victoire-4-1-contre-le-bayern-barcelone-a-gagne-4-0-lors-du-clasico-au-real-madrid\/#breadcrumb\"},\"inLanguage\":\"fr-BE\",\"potentialAction\":[{\"@type\":\"ReadAction\",\"target\":[\"https:\/\/vieassociative.be\/actualites\/trois-jours-apres-une-victoire-4-1-contre-le-bayern-barcelone-a-gagne-4-0-lors-du-clasico-au-real-madrid\/\"]}]},{\"@type\":\"ImageObject\",\"inLanguage\":\"fr-BE\",\"@id\":\"https:\/\/vieassociative.be\/actualites\/trois-jours-apres-une-victoire-4-1-contre-le-bayern-barcelone-a-gagne-4-0-lors-du-clasico-au-real-madrid\/#primaryimage\",\"url\":\"https:\/\/vieassociative.be\/actualites\/wp-content\/uploads\/2024\/10\/1729995831_Trois-jours-apres-une-victoire-4-1-contre-le-Bayern-Barcelone.jpg\",\"contentUrl\":\"https:\/\/vieassociative.be\/actualites\/wp-content\/uploads\/2024\/10\/1729995831_Trois-jours-apres-une-victoire-4-1-contre-le-Bayern-Barcelone.jpg\",\"width\":1200,\"height\":800,\"caption\":\"Trois jours apr\u00e8s une victoire 4-1 contre le Bayern, Barcelone a gagn\u00e9 4-0 lors du Cl\u00e1sico au Real Madrid\"},{\"@type\":\"BreadcrumbList\",\"@id\":\"https:\/\/vieassociative.be\/actualites\/trois-jours-apres-une-victoire-4-1-contre-le-bayern-barcelone-a-gagne-4-0-lors-du-clasico-au-real-madrid\/#breadcrumb\",\"itemListElement\":[{\"@type\":\"ListItem\",\"position\":1,\"name\":\"Accueil\",\"item\":\"https:\/\/vieassociative.be\/actualites\/\"},{\"@type\":\"ListItem\",\"position\":2,\"name\":\"Trois jours apr\u00e8s une victoire 4-1 contre le Bayern, Barcelone a gagn\u00e9 4-0 lors du Cl\u00e1sico au Real Madrid\"}]},{\"@type\":\"WebSite\",\"@id\":\"https:\/\/vieassociative.be\/actualites\/#website\",\"url\":\"https:\/\/vieassociative.be\/actualites\/\",\"name\":\"Vie Associative\",\"description\":\"\",\"publisher\":{\"@id\":\"https:\/\/vieassociative.be\/actualites\/#organization\"},\"potentialAction\":[{\"@type\":\"SearchAction\",\"target\":{\"@type\":\"EntryPoint\",\"urlTemplate\":\"https:\/\/vieassociative.be\/actualites\/?s={search_term_string}\"},\"query-input\":{\"@type\":\"PropertyValueSpecification\",\"valueRequired\":true,\"valueName\":\"search_term_string\"}}],\"inLanguage\":\"fr-BE\"},{\"@type\":\"Organization\",\"@id\":\"https:\/\/vieassociative.be\/actualites\/#organization\",\"name\":\"Vie Associative\",\"url\":\"https:\/\/vieassociative.be\/actualites\/\",\"logo\":{\"@type\":\"ImageObject\",\"inLanguage\":\"fr-BE\",\"@id\":\"https:\/\/vieassociative.be\/actualites\/#\/schema\/logo\/image\/\",\"url\":\"https:\/\/vieassociative.be\/actualites\/wp-content\/uploads\/2024\/09\/cropped-vieassociative_favicon.ico.png\",\"contentUrl\":\"https:\/\/vieassociative.be\/actualites\/wp-content\/uploads\/2024\/09\/cropped-vieassociative_favicon.ico.png\",\"width\":512,\"height\":512,\"caption\":\"Vie Associative\"},\"image\":{\"@id\":\"https:\/\/vieassociative.be\/actualites\/#\/schema\/logo\/image\/\"}},{\"@type\":\"Person\",\"@id\":\"https:\/\/vieassociative.be\/actualites\/#\/schema\/person\/b87ac4f82f9d4e7b7cec7395b679edc4\",\"name\":\"Julien\",\"image\":{\"@type\":\"ImageObject\",\"inLanguage\":\"fr-BE\",\"@id\":\"https:\/\/vieassociative.be\/actualites\/#\/schema\/person\/image\/\",\"url\":\"https:\/\/vieassociative.be\/actualites\/wp-content\/uploads\/2024\/09\/vie-associative-1-150x150.jpg\",\"contentUrl\":\"https:\/\/vieassociative.be\/actualites\/wp-content\/uploads\/2024\/09\/vie-associative-1-150x150.jpg\",\"caption\":\"Julien\"},\"description\":\"Je suis Julien, r\u00e9dacteur pour Vie Associative. Passionn\u00e9 par le monde associatif depuis plus de 10 ans, j'ai \u00e0 c\u0153ur de partager des histoires inspirantes et de mettre en lumi\u00e8re les initiatives locales. Mon objectif est de sensibiliser et d'encourager l'engagement communautaire \u00e0 travers mes articles.\",\"sameAs\":[\"https:\/\/vieassociative.be\/\"]}]}<\/script>\n<!-- \/ Yoast SEO plugin. -->","yoast_head_json":{"title":"Trois jours apr\u00e8s une victoire 4-1 contre le Bayern, Barcelone a gagn\u00e9 4-0 lors du Cl\u00e1sico au Real Madrid | Vie Associative","robots":{"index":"index","follow":"follow","max-snippet":"max-snippet:-1","max-image-preview":"max-image-preview:large","max-video-preview":"max-video-preview:-1"},"canonical":"https:\/\/vieassociative.be\/actualites\/trois-jours-apres-une-victoire-4-1-contre-le-bayern-barcelone-a-gagne-4-0-lors-du-clasico-au-real-madrid\/","og_locale":"fr_FR","og_type":"article","og_title":"Trois jours apr\u00e8s une victoire 4-1 contre le Bayern, Barcelone a gagn\u00e9 4-0 lors du Cl\u00e1sico au Real Madrid | Vie Associative","og_description":"Deux buts de Robert Lewandowski mettent le FC Barcelone sur les rails face au Real Madrid. L&rsquo;entra\u00eeneur Hansi Flick a v\u00e9cu une fantastique soir\u00e9e de","og_url":"https:\/\/vieassociative.be\/actualites\/trois-jours-apres-une-victoire-4-1-contre-le-bayern-barcelone-a-gagne-4-0-lors-du-clasico-au-real-madrid\/","og_site_name":"Vie Associative","article_published_time":"2024-10-27T02:23:51+00:00","og_image":[{"url":"https:\/\/vieassociative.be\/actualites\/wp-content\/uploads\/2024\/10\/Trois-jours-apres-une-victoire-4-1-contre-le-Bayern-Barcelone.jpg","type":"","width":"","height":""}],"author":"Julien","twitter_card":"summary_large_image","twitter_misc":{"\u00c9crit par":"Julien","Dur\u00e9e de lecture est.":"2 minutes"},"schema":{"@context":"https:\/\/schema.org","@graph":[{"@type":"Article","@id":"https:\/\/vieassociative.be\/actualites\/trois-jours-apres-une-victoire-4-1-contre-le-bayern-barcelone-a-gagne-4-0-lors-du-clasico-au-real-madrid\/#article","isPartOf":{"@id":"https:\/\/vieassociative.be\/actualites\/trois-jours-apres-une-victoire-4-1-contre-le-bayern-barcelone-a-gagne-4-0-lors-du-clasico-au-real-madrid\/"},"author":{"name":"Julien","@id":"https:\/\/vieassociative.be\/actualites\/#\/schema\/person\/b87ac4f82f9d4e7b7cec7395b679edc4"},"headline":"Trois jours apr\u00e8s une victoire 4-1 contre le Bayern, Barcelone a gagn\u00e9 4-0 lors du Cl\u00e1sico au Real Madrid","datePublished":"2024-10-27T02:23:51+00:00","dateModified":"2024-10-27T02:23:51+00:00","mainEntityOfPage":{"@id":"https:\/\/vieassociative.be\/actualites\/trois-jours-apres-une-victoire-4-1-contre-le-bayern-barcelone-a-gagne-4-0-lors-du-clasico-au-real-madrid\/"},"wordCount":399,"publisher":{"@id":"https:\/\/vieassociative.be\/actualites\/#organization"},"image":{"@id":"https:\/\/vieassociative.be\/actualites\/trois-jours-apres-une-victoire-4-1-contre-le-bayern-barcelone-a-gagne-4-0-lors-du-clasico-au-real-madrid\/#primaryimage"},"thumbnailUrl":"https:\/\/vieassociative.be\/actualites\/wp-content\/uploads\/2024\/10\/1729995831_Trois-jours-apres-une-victoire-4-1-contre-le-Bayern-Barcelone.jpg","keywords":["Apr\u00e8s","Barcelone","Bayern","Cl\u00e1sico","contre","gagn\u00e9","jours","lors","Madrid","Real","trois","une","victoire"],"articleSection":["Belgique"],"inLanguage":"fr-BE"},{"@type":"WebPage","@id":"https:\/\/vieassociative.be\/actualites\/trois-jours-apres-une-victoire-4-1-contre-le-bayern-barcelone-a-gagne-4-0-lors-du-clasico-au-real-madrid\/","url":"https:\/\/vieassociative.be\/actualites\/trois-jours-apres-une-victoire-4-1-contre-le-bayern-barcelone-a-gagne-4-0-lors-du-clasico-au-real-madrid\/","name":"Trois jours apr\u00e8s une victoire 4-1 contre le Bayern, Barcelone a gagn\u00e9 4-0 lors du Cl\u00e1sico au Real Madrid | Vie Associative","isPartOf":{"@id":"https:\/\/vieassociative.be\/actualites\/#website"},"primaryImageOfPage":{"@id":"https:\/\/vieassociative.be\/actualites\/trois-jours-apres-une-victoire-4-1-contre-le-bayern-barcelone-a-gagne-4-0-lors-du-clasico-au-real-madrid\/#primaryimage"},"image":{"@id":"https:\/\/vieassociative.be\/actualites\/trois-jours-apres-une-victoire-4-1-contre-le-bayern-barcelone-a-gagne-4-0-lors-du-clasico-au-real-madrid\/#primaryimage"},"thumbnailUrl":"https:\/\/vieassociative.be\/actualites\/wp-content\/uploads\/2024\/10\/1729995831_Trois-jours-apres-une-victoire-4-1-contre-le-Bayern-Barcelone.jpg","datePublished":"2024-10-27T02:23:51+00:00","dateModified":"2024-10-27T02:23:51+00:00","breadcrumb":{"@id":"https:\/\/vieassociative.be\/actualites\/trois-jours-apres-une-victoire-4-1-contre-le-bayern-barcelone-a-gagne-4-0-lors-du-clasico-au-real-madrid\/#breadcrumb"},"inLanguage":"fr-BE","potentialAction":[{"@type":"ReadAction","target":["https:\/\/vieassociative.be\/actualites\/trois-jours-apres-une-victoire-4-1-contre-le-bayern-barcelone-a-gagne-4-0-lors-du-clasico-au-real-madrid\/"]}]},{"@type":"ImageObject","inLanguage":"fr-BE","@id":"https:\/\/vieassociative.be\/actualites\/trois-jours-apres-une-victoire-4-1-contre-le-bayern-barcelone-a-gagne-4-0-lors-du-clasico-au-real-madrid\/#primaryimage","url":"https:\/\/vieassociative.be\/actualites\/wp-content\/uploads\/2024\/10\/1729995831_Trois-jours-apres-une-victoire-4-1-contre-le-Bayern-Barcelone.jpg","contentUrl":"https:\/\/vieassociative.be\/actualites\/wp-content\/uploads\/2024\/10\/1729995831_Trois-jours-apres-une-victoire-4-1-contre-le-Bayern-Barcelone.jpg","width":1200,"height":800,"caption":"Trois jours apr\u00e8s une victoire 4-1 contre le Bayern, Barcelone a gagn\u00e9 4-0 lors du Cl\u00e1sico au Real Madrid"},{"@type":"BreadcrumbList","@id":"https:\/\/vieassociative.be\/actualites\/trois-jours-apres-une-victoire-4-1-contre-le-bayern-barcelone-a-gagne-4-0-lors-du-clasico-au-real-madrid\/#breadcrumb","itemListElement":[{"@type":"ListItem","position":1,"name":"Accueil","item":"https:\/\/vieassociative.be\/actualites\/"},{"@type":"ListItem","position":2,"name":"Trois jours apr\u00e8s une victoire 4-1 contre le Bayern, Barcelone a gagn\u00e9 4-0 lors du Cl\u00e1sico au Real Madrid"}]},{"@type":"WebSite","@id":"https:\/\/vieassociative.be\/actualites\/#website","url":"https:\/\/vieassociative.be\/actualites\/","name":"Vie Associative","description":"","publisher":{"@id":"https:\/\/vieassociative.be\/actualites\/#organization"},"potentialAction":[{"@type":"SearchAction","target":{"@type":"EntryPoint","urlTemplate":"https:\/\/vieassociative.be\/actualites\/?s={search_term_string}"},"query-input":{"@type":"PropertyValueSpecification","valueRequired":true,"valueName":"search_term_string"}}],"inLanguage":"fr-BE"},{"@type":"Organization","@id":"https:\/\/vieassociative.be\/actualites\/#organization","name":"Vie Associative","url":"https:\/\/vieassociative.be\/actualites\/","logo":{"@type":"ImageObject","inLanguage":"fr-BE","@id":"https:\/\/vieassociative.be\/actualites\/#\/schema\/logo\/image\/","url":"https:\/\/vieassociative.be\/actualites\/wp-content\/uploads\/2024\/09\/cropped-vieassociative_favicon.ico.png","contentUrl":"https:\/\/vieassociative.be\/actualites\/wp-content\/uploads\/2024\/09\/cropped-vieassociative_favicon.ico.png","width":512,"height":512,"caption":"Vie Associative"},"image":{"@id":"https:\/\/vieassociative.be\/actualites\/#\/schema\/logo\/image\/"}},{"@type":"Person","@id":"https:\/\/vieassociative.be\/actualites\/#\/schema\/person\/b87ac4f82f9d4e7b7cec7395b679edc4","name":"Julien","image":{"@type":"ImageObject","inLanguage":"fr-BE","@id":"https:\/\/vieassociative.be\/actualites\/#\/schema\/person\/image\/","url":"https:\/\/vieassociative.be\/actualites\/wp-content\/uploads\/2024\/09\/vie-associative-1-150x150.jpg","contentUrl":"https:\/\/vieassociative.be\/actualites\/wp-content\/uploads\/2024\/09\/vie-associative-1-150x150.jpg","caption":"Julien"},"description":"Je suis Julien, r\u00e9dacteur pour Vie Associative. Passionn\u00e9 par le monde associatif depuis plus de 10 ans, j'ai \u00e0 c\u0153ur de partager des histoires inspirantes et de mettre en lumi\u00e8re les initiatives locales. Mon objectif est de sensibiliser et d'encourager l'engagement communautaire \u00e0 travers mes articles.","sameAs":["https:\/\/vieassociative.be\/"]}]}},"_links":{"self":[{"href":"https:\/\/vieassociative.be\/actualites\/wp-json\/wp\/v2\/posts\/1692"}],"collection":[{"href":"https:\/\/vieassociative.be\/actualites\/wp-json\/wp\/v2\/posts"}],"about":[{"href":"https:\/\/vieassociative.be\/actualites\/wp-json\/wp\/v2\/types\/post"}],"author":[{"embeddable":true,"href":"https:\/\/vieassociative.be\/actualites\/wp-json\/wp\/v2\/users\/1"}],"replies":[{"embeddable":true,"href":"https:\/\/vieassociative.be\/actualites\/wp-json\/wp\/v2\/comments?post=1692"}],"version-history":[{"count":0,"href":"https:\/\/vieassociative.be\/actualites\/wp-json\/wp\/v2\/posts\/1692\/revisions"}],"wp:featuredmedia":[{"embeddable":true,"href":"https:\/\/vieassociative.be\/actualites\/wp-json\/wp\/v2\/media\/1693"}],"wp:attachment":[{"href":"https:\/\/vieassociative.be\/actualites\/wp-json\/wp\/v2\/media?parent=1692"}],"wp:term":[{"taxonomy":"category","embeddable":true,"href":"https:\/\/vieassociative.be\/actualites\/wp-json\/wp\/v2\/categories?post=1692"},{"taxonomy":"post_tag","embeddable":true,"href":"https:\/\/vieassociative.be\/actualites\/wp-json\/wp\/v2\/tags?post=1692"}],"curies":[{"name":"wp","href":"https:\/\/api.w.org\/{rel}","templated":true}]}}