{"id":1671,"date":"2024-10-26T18:31:03","date_gmt":"2024-10-26T16:31:03","guid":{"rendered":"https:\/\/vieassociative.be\/actualites\/instagram-ne-denoncera-pas-si-vous-faites-une-capture-decran\/"},"modified":"2024-10-26T18:31:03","modified_gmt":"2024-10-26T16:31:03","slug":"instagram-ne-denoncera-pas-si-vous-faites-une-capture-decran","status":"publish","type":"post","link":"https:\/\/vieassociative.be\/actualites\/instagram-ne-denoncera-pas-si-vous-faites-une-capture-decran\/","title":{"rendered":"Instagram ne d\u00e9noncera pas si vous faites une capture d&rsquo;\u00e9cran"},"content":{"rendered":"<div class=\"mt-4 leading-6 md:mb-8\">Capture d&rsquo;\u00e9cran avec un abandon sauvage, mais proc\u00e9dez avec prudence lors du partage et de la mise en favoris.<\/div>\n<p><\/p>\n<p>Oh, vous \u00eates ici parce que vous avez captur\u00e9 l&rsquo;histoire Instagram de quelqu&rsquo;un et que vous voulez savoir s&rsquo;il recevra une notification \u00e0 ce sujet, \u00e0 la Snapchat\u00a0? Tout d&rsquo;abord, sache que tu es en s\u00e9curit\u00e9, b\u00e9b\u00e9. Respirez profond\u00e9ment. Nous sommes tous pass\u00e9s par l\u00e0. Ils ne sauront pas si vous avez captur\u00e9 leur message ou leur histoire sur la grille, du moins pas via une notification. Deuxi\u00e8mement, il existe quelques cas o\u00f9 un utilisateur d&rsquo;Instagram <em>pourrait <\/em>sachez que vous partagez leur contenu, ou au moins que vous le conservez pour plus tard. Voici tout ce que vous devez savoir sur la capture d&rsquo;\u00e9cran, la sauvegarde et le partage sur Instagram, afin que vous puissiez vous cacher en toute tranquillit\u00e9.<\/p>\n<h2 id=\"can-you-screenshot-someones-instagram-story\">Pouvez-vous capturer l\u2019histoire Instagram de quelqu\u2019un ?<\/h2>\n<p>Soyons clairs tout de suite\u00a0: si vous capturez la grille ou la publication d&rsquo;une histoire de quelqu&rsquo;un, cette personne ne re\u00e7oit pas de notification. Idem pour l\u2019enregistrement d\u2019\u00e9cran d\u2019une publication vid\u00e9o. Cela n\u2019arrive tout simplement pas. Jamais. S&rsquo;il vous pla\u00eet, croyez-moi, quelqu&rsquo;un qui est, pour le meilleur ou pour le pire, extr\u00eamement dou\u00e9 pour se faufiler sur l&rsquo;application\u00a0: je le fais tout le temps. Si l&rsquo;une des personnes dont j&rsquo;ai captur\u00e9 le contenu recevait une notification \u00e0 ce sujet, je le saurais maintenant. Et je vous le dirais. <\/p>\n<h2 id=\"has-instagram-ever-alerted-users-when-their-content-is-screenshotted\">Instagram a-t-il d\u00e9j\u00e0 alert\u00e9 les utilisateurs lorsque leur contenu est captur\u00e9 ?<\/h2>\n<p>Cela dit, il y avait autrefois <em>un <\/em>fa\u00e7on dont les gens pouvaient voir si vous aviez pris une capture d&rsquo;\u00e9cran de quelque chose sur Instagram. C&rsquo;\u00e9tait mineur, mais c&rsquo;est ce qui le rendait insidieux : jusqu&rsquo;\u00e0 tr\u00e8s r\u00e9cemment, si quelqu&rsquo;un vous envoyait une photo directement via la messagerie directe Instagram, <em>en utilisant la fonction de cam\u00e9ra int\u00e9gr\u00e9e au DM<\/em>et vous en avez fait une capture d&rsquo;\u00e9cran, ils recevraient une notification. Cela ressemblait \u00e0 ceci\u00a0: <\/p>\n<div class=\"eloquent-imagery-image\">\n<div class=\"flex justify-center\">\n                    <img decoding=\"async\" class=\"border border-gray-100\" src=\"https:\/\/vieassociative.be\/actualites\/wp-content\/uploads\/2024\/10\/Instagram-ne-denoncera-pas-si-vous-faites-une-capture-decran.png\" alt=\"Captures d'\u00e9cran de messages directs sur Instagram\" width=\"2000\" height=\"1436\" loading=\"lazy\"  >\n            <\/div>\n<\/p><\/div>\n<p>Pour montrer \u00e0 quoi cela ressemblait, j&rsquo;ai demand\u00e9 \u00e0 mon destinataire de faire une capture d&rsquo;\u00e9cran de la premi\u00e8re photo que j&rsquo;ai envoy\u00e9e et d&rsquo;ouvrir et de visualiser, mais pas de capture d&rsquo;\u00e9cran, la seconde. Les photos \u00e9taient envoy\u00e9es en temps r\u00e9el, gr\u00e2ce \u00e0 l&rsquo;ic\u00f4ne d&rsquo;appareil photo en bas \u00e0 gauche, \u00e0 c\u00f4t\u00e9 de la zone de saisie. Comme vous pouvez le voir, une petite ic\u00f4ne circulaire (qui ressemble \u00e0 un obturateur d&rsquo;appareil photo) est apparue \u00e0 c\u00f4t\u00e9 de la premi\u00e8re, ce qui signifie qu&rsquo;elle a \u00e9t\u00e9 captur\u00e9e. Une photo prise avec l&rsquo;appareil photo ordinaire et envoy\u00e9e \u00e0 partir de la pellicule a fait <em>pas <\/em>produire une notification de capture d\u2019\u00e9cran. <\/p>\n<p>Pourquoi je te dis \u00e7a ? Instagram n&rsquo;a chang\u00e9 cela que r\u00e9cemment. \u00c0 partir de maintenant, si vous capturez une photo prise avec l&rsquo;appareil photo int\u00e9gr\u00e9 \u00e0 l&rsquo;application, il n&rsquo;y a plus de notification, mais si vous l&rsquo;avez fait dans le pass\u00e9, vous devez au moins savoir que vous vous \u00eates abandonn\u00e9. Autrement dit, si l\u2019exp\u00e9diteur remarquait m\u00eame cette petite ic\u00f4ne d\u2019obturateur. Si jamais Instagram change les choses comme elles \u00e9taient et que cela redevient un probl\u00e8me, je mettrai \u00e0 jour ici. <\/p>\n<h2 id=\"other-ways-to-see-if-people-are-sharing-your-instagram-content\">Autres moyens de voir si les gens partagent votre contenu Instagram<\/h2>\n<p>La capture d&rsquo;\u00e9cran sur Instagram est s\u00fbre, comme nous l&rsquo;avons d\u00e9couvert, mais il existe d&rsquo;autres moyens par lesquels une personne peut d\u00e9terminer si vous diffusez son contenu ou si vous l&rsquo;enregistrez pour un examen ult\u00e9rieur. Techniquement, vous serez toujours anonyme, mais cela pourrait \u00eatre retrac\u00e9 jusqu&rsquo;\u00e0 vous avec un peu de malchance.<\/p>\n<p>Si vous disposez d&rsquo;un compte professionnel et non personnel, vous avez acc\u00e8s \u00e0 certaines fonctionnalit\u00e9s suppl\u00e9mentaires qui peuvent s&rsquo;av\u00e9rer utiles si vous souhaitez savoir si des personnes partagent votre contenu entre elles. Sous vos publications sur la grille, vous verrez un bouton indiquant \u00ab\u00a0Afficher les informations\u00a0\u00bb. En appuyant dessus, vous acc\u00e9derez \u00e0 une page qui indique combien de comptes ont \u00e9t\u00e9 atteints, combien ont \u00e9t\u00e9 engag\u00e9s, combien de personnes ont consult\u00e9 pour voir votre profil, combien vous suivaient d\u00e9j\u00e0 et toutes sortes d&rsquo;autres donn\u00e9es int\u00e9ressantes. Vous allez <em>aussi<\/em> voyez, tout en haut, une cha\u00eene de quatre chiffres\u00a0: combien de comptes l&rsquo;ont aim\u00e9, combien de commentaires il a re\u00e7u, combien de partages il a obtenu et combien de sauvegardes il a obtenu. <\/p>\n<div class=\"eloquent-imagery-image\">\n<div class=\"flex justify-center\">\n                    <img decoding=\"async\" class=\"border border-gray-100\" src=\"https:\/\/vieassociative.be\/actualites\/wp-content\/uploads\/2024\/10\/1729960263_416_Instagram-ne-denoncera-pas-si-vous-faites-une-capture-decran.png\" alt=\"J'aime, commente, partage et enregistre dans les analyses Instagram\" width=\"2000\" height=\"604\" loading=\"lazy\"  >\n            <\/div>\n<\/p><\/div>\n<p>Les partages et les sauvegardes sont importants ici. La fl\u00e8che tourn\u00e9e vers la droite qui ressemble \u00e0 un avion en papier repr\u00e9sente vos actions. Le rectangle avec une d\u00e9coupe triangulaire qui ressemble \u00e0 un signet est votre sauvegarde. Si vous v\u00e9rifiez ceci, vous ne pouvez pas voir <em>OMS <\/em>vous le partagez ou le sauvegardez, mais vous pouvez avoir une id\u00e9e du nombre d&rsquo;opportunit\u00e9s (ou de fans) dont vous disposez. Ci-dessus, voyez que neuf personnes ont partag\u00e9 mon message et six l&rsquo;ont enregistr\u00e9. Quelles \u00e9taient leurs intentions ? Ce sont les questions qui m\u2019emp\u00eachent de dormir la nuit, mais h\u00e9las, je ne d\u00e9couvrirai peut-\u00eatre jamais les coupables. <\/p>\n<p>Gardez \u00e0 l&rsquo;esprit que si vous enregistrez ou partagez une publication (c&rsquo;est-\u00e0-dire que vous l&rsquo;envoyez \u00e0 quelqu&rsquo;un d&rsquo;autre via DM, la partagez dans votre propre histoire ou copiez le lien pour l&rsquo;envoyer \u00e0 quelqu&rsquo;un hors application), si la personne a un profil professionnel, ils sauront au moins <em>quelqu&rsquo;un <\/em>a fait. En fonction du contenu de la publication et du nombre de ses abonn\u00e9s, ils pourraient la limiter \u00e0 vous. (Pour v\u00e9rifier si quelqu&rsquo;un poss\u00e8de un compte professionnel, appuyez sur son profil. S&rsquo;il y a un descripteur sous son nom, comme Journaliste, Blogueur ou Personnalit\u00e9 publique, ou des boutons comme \u00ab Contact \u00bb, il a un profil professionnel.)<\/p>\n<p>Si vous craignez que quelqu&rsquo;un ait partag\u00e9 votre message avec de mauvaises intentions, ne prenez pas d&rsquo;avance. Demandez-vous d&rsquo;abord si vous avez partag\u00e9 votre propre publication dans votre histoire, ce qui compterait comme un partage et augmenterait le nombre \u00e0 c\u00f4t\u00e9 de cette ic\u00f4ne d&rsquo;avion en papier. <\/p>\n<p>En parlant d&rsquo;histoires, toute personne disposant d&rsquo;un profil professionnel peut \u00e9galement voir les donn\u00e9es li\u00e9es \u00e0 ses publications d&rsquo;histoire, \u00e0 la fois lorsque les publications sont actives dans les 24 heures suivant leur partage et dans les archives d&rsquo;histoire. \u00c0 c\u00f4t\u00e9 de l&rsquo;ic\u00f4ne en forme d&rsquo;\u0153il qui indique les spectateurs, il y aura une ic\u00f4ne avec trois rectangles qui ressemblent \u00e0 un graphique \u00e0 barres. Il r\u00e9v\u00e8le combien de comptes ont \u00e9t\u00e9 atteints, combien ont interagi avec la publication, combien de r\u00e9ponses ont \u00e9t\u00e9 obtenues, etc. Il r\u00e9v\u00e8le \u00e9galement <em>actions<\/em>. Vous trouverez ci-dessous un exemple d&rsquo;une fois o\u00f9 une de mes histoires a obtenu 11 partages. J&rsquo;ai pu d\u00e9couvrir qui l&rsquo;a partag\u00e9 en parcourant les points de vue et en prenant note des t\u00e9l\u00e9spectateurs qui n&rsquo;\u00e9taient pas mes abonn\u00e9s. Sentant de mauvaises intentions, j&rsquo;ai bloqu\u00e9 le partageur d&rsquo;origine. Si vous partagez l&rsquo;histoire de quelqu&rsquo;un dans l&rsquo;application, les comptes avec lesquels vous la partagez appara\u00eetront sur la liste d&rsquo;audience de l&rsquo;histoire, ce qui pourrait facilement vous impliquer. <\/p>\n<div class=\"eloquent-imagery-image\">\n<div class=\"flex justify-center\">\n                    <img decoding=\"async\" class=\"border border-gray-100\" src=\"https:\/\/vieassociative.be\/actualites\/wp-content\/uploads\/2024\/10\/1729960263_930_Instagram-ne-denoncera-pas-si-vous-faites-une-capture-decran.png\" alt=\"Partages d'histoires sur Instagram\" width=\"2000\" height=\"1067\" loading=\"lazy\"  >\n            <\/div>\n<\/p><\/div>\n<p>Est-ce que tout cela a de l&rsquo;importance ? Non, nous devrions tous jeter nos t\u00e9l\u00e9phones dans la poubelle la plus proche, \u00e0 la mani\u00e8re de Sabrina van der Woodsen, et aller toucher l&rsquo;herbe. Mais l\u00e0 <em>sont <\/em>des fa\u00e7ons dont les gens peuvent savoir si vous partagez ou enregistrez leurs publications Instagram, m\u00eame s&rsquo;ils ne recevront pas de notification si vous effectuez une capture d&rsquo;\u00e9cran. <\/p>\n","protected":false},"excerpt":{"rendered":"<p>Capture d&rsquo;\u00e9cran avec un abandon sauvage, mais proc\u00e9dez avec prudence lors du partage et de la mise en favoris. Oh, vous \u00eates ici parce que<\/p>\n","protected":false},"author":1,"featured_media":1672,"comment_status":"","ping_status":"","sticky":false,"template":"","format":"standard","meta":{"footnotes":""},"categories":[13],"tags":[2284,945,2283,600,2282,126,110,4],"class_list":["post-1671","post","type-post","status-publish","format-standard","has-post-thumbnail","hentry","category-technologie","tag-capture","tag-decran","tag-denoncera","tag-faites","tag-instagram","tag-pas","tag-une","tag-vous","generate-columns","tablet-grid-50","mobile-grid-100","grid-parent","grid-33"],"yoast_head":"<!-- This site is optimized with the Yoast SEO plugin v24.0 - https:\/\/yoast.com\/wordpress\/plugins\/seo\/ -->\n<title>Instagram ne d\u00e9noncera pas si vous faites une capture d&#039;\u00e9cran | Vie Associative<\/title>\n<meta name=\"robots\" content=\"index, follow, max-snippet:-1, max-image-preview:large, max-video-preview:-1\" \/>\n<link rel=\"canonical\" href=\"https:\/\/vieassociative.be\/actualites\/instagram-ne-denoncera-pas-si-vous-faites-une-capture-decran\/\" \/>\n<meta property=\"og:locale\" content=\"fr_FR\" \/>\n<meta property=\"og:type\" content=\"article\" \/>\n<meta property=\"og:title\" content=\"Instagram ne d\u00e9noncera pas si vous faites une capture d&#039;\u00e9cran | Vie Associative\" \/>\n<meta property=\"og:description\" content=\"Capture d&rsquo;\u00e9cran avec un abandon sauvage, mais proc\u00e9dez avec prudence lors du partage et de la mise en favoris. Oh, vous \u00eates ici parce que\" \/>\n<meta property=\"og:url\" content=\"https:\/\/vieassociative.be\/actualites\/instagram-ne-denoncera-pas-si-vous-faites-une-capture-decran\/\" \/>\n<meta property=\"og:site_name\" content=\"Vie Associative\" \/>\n<meta property=\"article:published_time\" content=\"2024-10-26T16:31:03+00:00\" \/>\n<meta property=\"og:image\" content=\"https:\/\/vieassociative.be\/actualites\/wp-content\/uploads\/2024\/10\/Instagram-ne-denoncera-pas-si-vous-faites-une-capture-decran.png\" \/>\n<meta name=\"author\" content=\"Julien\" \/>\n<meta name=\"twitter:card\" content=\"summary_large_image\" \/>\n<meta name=\"twitter:label1\" content=\"\u00c9crit par\" \/>\n\t<meta name=\"twitter:data1\" content=\"Julien\" \/>\n\t<meta name=\"twitter:label2\" content=\"Dur\u00e9e de lecture est.\" \/>\n\t<meta name=\"twitter:data2\" content=\"6 minutes\" \/>\n<script type=\"application\/ld+json\" class=\"yoast-schema-graph\">{\"@context\":\"https:\/\/schema.org\",\"@graph\":[{\"@type\":\"Article\",\"@id\":\"https:\/\/vieassociative.be\/actualites\/instagram-ne-denoncera-pas-si-vous-faites-une-capture-decran\/#article\",\"isPartOf\":{\"@id\":\"https:\/\/vieassociative.be\/actualites\/instagram-ne-denoncera-pas-si-vous-faites-une-capture-decran\/\"},\"author\":{\"name\":\"Julien\",\"@id\":\"https:\/\/vieassociative.be\/actualites\/#\/schema\/person\/b87ac4f82f9d4e7b7cec7395b679edc4\"},\"headline\":\"Instagram ne d\u00e9noncera pas si vous faites une capture d&rsquo;\u00e9cran\",\"datePublished\":\"2024-10-26T16:31:03+00:00\",\"dateModified\":\"2024-10-26T16:31:03+00:00\",\"mainEntityOfPage\":{\"@id\":\"https:\/\/vieassociative.be\/actualites\/instagram-ne-denoncera-pas-si-vous-faites-une-capture-decran\/\"},\"wordCount\":1335,\"publisher\":{\"@id\":\"https:\/\/vieassociative.be\/actualites\/#organization\"},\"image\":{\"@id\":\"https:\/\/vieassociative.be\/actualites\/instagram-ne-denoncera-pas-si-vous-faites-une-capture-decran\/#primaryimage\"},\"thumbnailUrl\":\"https:\/\/vieassociative.be\/actualites\/wp-content\/uploads\/2024\/10\/1729960265_Instagram-ne-denoncera-pas-si-vous-faites-une-capture-decran.png\",\"keywords\":[\"capture\",\"d\u00e9cran\",\"d\u00e9noncera\",\"faites\",\"Instagram\",\"pas\",\"une\",\"Vous\"],\"articleSection\":[\"Technologie\"],\"inLanguage\":\"fr-BE\"},{\"@type\":\"WebPage\",\"@id\":\"https:\/\/vieassociative.be\/actualites\/instagram-ne-denoncera-pas-si-vous-faites-une-capture-decran\/\",\"url\":\"https:\/\/vieassociative.be\/actualites\/instagram-ne-denoncera-pas-si-vous-faites-une-capture-decran\/\",\"name\":\"Instagram ne d\u00e9noncera pas si vous faites une capture d'\u00e9cran | Vie Associative\",\"isPartOf\":{\"@id\":\"https:\/\/vieassociative.be\/actualites\/#website\"},\"primaryImageOfPage\":{\"@id\":\"https:\/\/vieassociative.be\/actualites\/instagram-ne-denoncera-pas-si-vous-faites-une-capture-decran\/#primaryimage\"},\"image\":{\"@id\":\"https:\/\/vieassociative.be\/actualites\/instagram-ne-denoncera-pas-si-vous-faites-une-capture-decran\/#primaryimage\"},\"thumbnailUrl\":\"https:\/\/vieassociative.be\/actualites\/wp-content\/uploads\/2024\/10\/1729960265_Instagram-ne-denoncera-pas-si-vous-faites-une-capture-decran.png\",\"datePublished\":\"2024-10-26T16:31:03+00:00\",\"dateModified\":\"2024-10-26T16:31:03+00:00\",\"breadcrumb\":{\"@id\":\"https:\/\/vieassociative.be\/actualites\/instagram-ne-denoncera-pas-si-vous-faites-une-capture-decran\/#breadcrumb\"},\"inLanguage\":\"fr-BE\",\"potentialAction\":[{\"@type\":\"ReadAction\",\"target\":[\"https:\/\/vieassociative.be\/actualites\/instagram-ne-denoncera-pas-si-vous-faites-une-capture-decran\/\"]}]},{\"@type\":\"ImageObject\",\"inLanguage\":\"fr-BE\",\"@id\":\"https:\/\/vieassociative.be\/actualites\/instagram-ne-denoncera-pas-si-vous-faites-une-capture-decran\/#primaryimage\",\"url\":\"https:\/\/vieassociative.be\/actualites\/wp-content\/uploads\/2024\/10\/1729960265_Instagram-ne-denoncera-pas-si-vous-faites-une-capture-decran.png\",\"contentUrl\":\"https:\/\/vieassociative.be\/actualites\/wp-content\/uploads\/2024\/10\/1729960265_Instagram-ne-denoncera-pas-si-vous-faites-une-capture-decran.png\",\"width\":1200,\"height\":675,\"caption\":\"Instagram ne d\u00e9noncera pas si vous faites une capture d'\u00e9cran\"},{\"@type\":\"BreadcrumbList\",\"@id\":\"https:\/\/vieassociative.be\/actualites\/instagram-ne-denoncera-pas-si-vous-faites-une-capture-decran\/#breadcrumb\",\"itemListElement\":[{\"@type\":\"ListItem\",\"position\":1,\"name\":\"Accueil\",\"item\":\"https:\/\/vieassociative.be\/actualites\/\"},{\"@type\":\"ListItem\",\"position\":2,\"name\":\"Instagram ne d\u00e9noncera pas si vous faites une capture d&rsquo;\u00e9cran\"}]},{\"@type\":\"WebSite\",\"@id\":\"https:\/\/vieassociative.be\/actualites\/#website\",\"url\":\"https:\/\/vieassociative.be\/actualites\/\",\"name\":\"Vie Associative\",\"description\":\"\",\"publisher\":{\"@id\":\"https:\/\/vieassociative.be\/actualites\/#organization\"},\"potentialAction\":[{\"@type\":\"SearchAction\",\"target\":{\"@type\":\"EntryPoint\",\"urlTemplate\":\"https:\/\/vieassociative.be\/actualites\/?s={search_term_string}\"},\"query-input\":{\"@type\":\"PropertyValueSpecification\",\"valueRequired\":true,\"valueName\":\"search_term_string\"}}],\"inLanguage\":\"fr-BE\"},{\"@type\":\"Organization\",\"@id\":\"https:\/\/vieassociative.be\/actualites\/#organization\",\"name\":\"Vie Associative\",\"url\":\"https:\/\/vieassociative.be\/actualites\/\",\"logo\":{\"@type\":\"ImageObject\",\"inLanguage\":\"fr-BE\",\"@id\":\"https:\/\/vieassociative.be\/actualites\/#\/schema\/logo\/image\/\",\"url\":\"https:\/\/vieassociative.be\/actualites\/wp-content\/uploads\/2024\/09\/cropped-vieassociative_favicon.ico.png\",\"contentUrl\":\"https:\/\/vieassociative.be\/actualites\/wp-content\/uploads\/2024\/09\/cropped-vieassociative_favicon.ico.png\",\"width\":512,\"height\":512,\"caption\":\"Vie Associative\"},\"image\":{\"@id\":\"https:\/\/vieassociative.be\/actualites\/#\/schema\/logo\/image\/\"}},{\"@type\":\"Person\",\"@id\":\"https:\/\/vieassociative.be\/actualites\/#\/schema\/person\/b87ac4f82f9d4e7b7cec7395b679edc4\",\"name\":\"Julien\",\"image\":{\"@type\":\"ImageObject\",\"inLanguage\":\"fr-BE\",\"@id\":\"https:\/\/vieassociative.be\/actualites\/#\/schema\/person\/image\/\",\"url\":\"https:\/\/vieassociative.be\/actualites\/wp-content\/uploads\/2024\/09\/vie-associative-1-150x150.jpg\",\"contentUrl\":\"https:\/\/vieassociative.be\/actualites\/wp-content\/uploads\/2024\/09\/vie-associative-1-150x150.jpg\",\"caption\":\"Julien\"},\"description\":\"Je suis Julien, r\u00e9dacteur pour Vie Associative. Passionn\u00e9 par le monde associatif depuis plus de 10 ans, j'ai \u00e0 c\u0153ur de partager des histoires inspirantes et de mettre en lumi\u00e8re les initiatives locales. Mon objectif est de sensibiliser et d'encourager l'engagement communautaire \u00e0 travers mes articles.\",\"sameAs\":[\"https:\/\/vieassociative.be\/\"]}]}<\/script>\n<!-- \/ Yoast SEO plugin. -->","yoast_head_json":{"title":"Instagram ne d\u00e9noncera pas si vous faites une capture d'\u00e9cran | Vie Associative","robots":{"index":"index","follow":"follow","max-snippet":"max-snippet:-1","max-image-preview":"max-image-preview:large","max-video-preview":"max-video-preview:-1"},"canonical":"https:\/\/vieassociative.be\/actualites\/instagram-ne-denoncera-pas-si-vous-faites-une-capture-decran\/","og_locale":"fr_FR","og_type":"article","og_title":"Instagram ne d\u00e9noncera pas si vous faites une capture d'\u00e9cran | Vie Associative","og_description":"Capture d&rsquo;\u00e9cran avec un abandon sauvage, mais proc\u00e9dez avec prudence lors du partage et de la mise en favoris. Oh, vous \u00eates ici parce que","og_url":"https:\/\/vieassociative.be\/actualites\/instagram-ne-denoncera-pas-si-vous-faites-une-capture-decran\/","og_site_name":"Vie Associative","article_published_time":"2024-10-26T16:31:03+00:00","og_image":[{"url":"https:\/\/vieassociative.be\/actualites\/wp-content\/uploads\/2024\/10\/Instagram-ne-denoncera-pas-si-vous-faites-une-capture-decran.png","type":"","width":"","height":""}],"author":"Julien","twitter_card":"summary_large_image","twitter_misc":{"\u00c9crit par":"Julien","Dur\u00e9e de lecture est.":"6 minutes"},"schema":{"@context":"https:\/\/schema.org","@graph":[{"@type":"Article","@id":"https:\/\/vieassociative.be\/actualites\/instagram-ne-denoncera-pas-si-vous-faites-une-capture-decran\/#article","isPartOf":{"@id":"https:\/\/vieassociative.be\/actualites\/instagram-ne-denoncera-pas-si-vous-faites-une-capture-decran\/"},"author":{"name":"Julien","@id":"https:\/\/vieassociative.be\/actualites\/#\/schema\/person\/b87ac4f82f9d4e7b7cec7395b679edc4"},"headline":"Instagram ne d\u00e9noncera pas si vous faites une capture d&rsquo;\u00e9cran","datePublished":"2024-10-26T16:31:03+00:00","dateModified":"2024-10-26T16:31:03+00:00","mainEntityOfPage":{"@id":"https:\/\/vieassociative.be\/actualites\/instagram-ne-denoncera-pas-si-vous-faites-une-capture-decran\/"},"wordCount":1335,"publisher":{"@id":"https:\/\/vieassociative.be\/actualites\/#organization"},"image":{"@id":"https:\/\/vieassociative.be\/actualites\/instagram-ne-denoncera-pas-si-vous-faites-une-capture-decran\/#primaryimage"},"thumbnailUrl":"https:\/\/vieassociative.be\/actualites\/wp-content\/uploads\/2024\/10\/1729960265_Instagram-ne-denoncera-pas-si-vous-faites-une-capture-decran.png","keywords":["capture","d\u00e9cran","d\u00e9noncera","faites","Instagram","pas","une","Vous"],"articleSection":["Technologie"],"inLanguage":"fr-BE"},{"@type":"WebPage","@id":"https:\/\/vieassociative.be\/actualites\/instagram-ne-denoncera-pas-si-vous-faites-une-capture-decran\/","url":"https:\/\/vieassociative.be\/actualites\/instagram-ne-denoncera-pas-si-vous-faites-une-capture-decran\/","name":"Instagram ne d\u00e9noncera pas si vous faites une capture d'\u00e9cran | Vie Associative","isPartOf":{"@id":"https:\/\/vieassociative.be\/actualites\/#website"},"primaryImageOfPage":{"@id":"https:\/\/vieassociative.be\/actualites\/instagram-ne-denoncera-pas-si-vous-faites-une-capture-decran\/#primaryimage"},"image":{"@id":"https:\/\/vieassociative.be\/actualites\/instagram-ne-denoncera-pas-si-vous-faites-une-capture-decran\/#primaryimage"},"thumbnailUrl":"https:\/\/vieassociative.be\/actualites\/wp-content\/uploads\/2024\/10\/1729960265_Instagram-ne-denoncera-pas-si-vous-faites-une-capture-decran.png","datePublished":"2024-10-26T16:31:03+00:00","dateModified":"2024-10-26T16:31:03+00:00","breadcrumb":{"@id":"https:\/\/vieassociative.be\/actualites\/instagram-ne-denoncera-pas-si-vous-faites-une-capture-decran\/#breadcrumb"},"inLanguage":"fr-BE","potentialAction":[{"@type":"ReadAction","target":["https:\/\/vieassociative.be\/actualites\/instagram-ne-denoncera-pas-si-vous-faites-une-capture-decran\/"]}]},{"@type":"ImageObject","inLanguage":"fr-BE","@id":"https:\/\/vieassociative.be\/actualites\/instagram-ne-denoncera-pas-si-vous-faites-une-capture-decran\/#primaryimage","url":"https:\/\/vieassociative.be\/actualites\/wp-content\/uploads\/2024\/10\/1729960265_Instagram-ne-denoncera-pas-si-vous-faites-une-capture-decran.png","contentUrl":"https:\/\/vieassociative.be\/actualites\/wp-content\/uploads\/2024\/10\/1729960265_Instagram-ne-denoncera-pas-si-vous-faites-une-capture-decran.png","width":1200,"height":675,"caption":"Instagram ne d\u00e9noncera pas si vous faites une capture d'\u00e9cran"},{"@type":"BreadcrumbList","@id":"https:\/\/vieassociative.be\/actualites\/instagram-ne-denoncera-pas-si-vous-faites-une-capture-decran\/#breadcrumb","itemListElement":[{"@type":"ListItem","position":1,"name":"Accueil","item":"https:\/\/vieassociative.be\/actualites\/"},{"@type":"ListItem","position":2,"name":"Instagram ne d\u00e9noncera pas si vous faites une capture d&rsquo;\u00e9cran"}]},{"@type":"WebSite","@id":"https:\/\/vieassociative.be\/actualites\/#website","url":"https:\/\/vieassociative.be\/actualites\/","name":"Vie Associative","description":"","publisher":{"@id":"https:\/\/vieassociative.be\/actualites\/#organization"},"potentialAction":[{"@type":"SearchAction","target":{"@type":"EntryPoint","urlTemplate":"https:\/\/vieassociative.be\/actualites\/?s={search_term_string}"},"query-input":{"@type":"PropertyValueSpecification","valueRequired":true,"valueName":"search_term_string"}}],"inLanguage":"fr-BE"},{"@type":"Organization","@id":"https:\/\/vieassociative.be\/actualites\/#organization","name":"Vie Associative","url":"https:\/\/vieassociative.be\/actualites\/","logo":{"@type":"ImageObject","inLanguage":"fr-BE","@id":"https:\/\/vieassociative.be\/actualites\/#\/schema\/logo\/image\/","url":"https:\/\/vieassociative.be\/actualites\/wp-content\/uploads\/2024\/09\/cropped-vieassociative_favicon.ico.png","contentUrl":"https:\/\/vieassociative.be\/actualites\/wp-content\/uploads\/2024\/09\/cropped-vieassociative_favicon.ico.png","width":512,"height":512,"caption":"Vie Associative"},"image":{"@id":"https:\/\/vieassociative.be\/actualites\/#\/schema\/logo\/image\/"}},{"@type":"Person","@id":"https:\/\/vieassociative.be\/actualites\/#\/schema\/person\/b87ac4f82f9d4e7b7cec7395b679edc4","name":"Julien","image":{"@type":"ImageObject","inLanguage":"fr-BE","@id":"https:\/\/vieassociative.be\/actualites\/#\/schema\/person\/image\/","url":"https:\/\/vieassociative.be\/actualites\/wp-content\/uploads\/2024\/09\/vie-associative-1-150x150.jpg","contentUrl":"https:\/\/vieassociative.be\/actualites\/wp-content\/uploads\/2024\/09\/vie-associative-1-150x150.jpg","caption":"Julien"},"description":"Je suis Julien, r\u00e9dacteur pour Vie Associative. Passionn\u00e9 par le monde associatif depuis plus de 10 ans, j'ai \u00e0 c\u0153ur de partager des histoires inspirantes et de mettre en lumi\u00e8re les initiatives locales. Mon objectif est de sensibiliser et d'encourager l'engagement communautaire \u00e0 travers mes articles.","sameAs":["https:\/\/vieassociative.be\/"]}]}},"_links":{"self":[{"href":"https:\/\/vieassociative.be\/actualites\/wp-json\/wp\/v2\/posts\/1671"}],"collection":[{"href":"https:\/\/vieassociative.be\/actualites\/wp-json\/wp\/v2\/posts"}],"about":[{"href":"https:\/\/vieassociative.be\/actualites\/wp-json\/wp\/v2\/types\/post"}],"author":[{"embeddable":true,"href":"https:\/\/vieassociative.be\/actualites\/wp-json\/wp\/v2\/users\/1"}],"replies":[{"embeddable":true,"href":"https:\/\/vieassociative.be\/actualites\/wp-json\/wp\/v2\/comments?post=1671"}],"version-history":[{"count":0,"href":"https:\/\/vieassociative.be\/actualites\/wp-json\/wp\/v2\/posts\/1671\/revisions"}],"wp:featuredmedia":[{"embeddable":true,"href":"https:\/\/vieassociative.be\/actualites\/wp-json\/wp\/v2\/media\/1672"}],"wp:attachment":[{"href":"https:\/\/vieassociative.be\/actualites\/wp-json\/wp\/v2\/media?parent=1671"}],"wp:term":[{"taxonomy":"category","embeddable":true,"href":"https:\/\/vieassociative.be\/actualites\/wp-json\/wp\/v2\/categories?post=1671"},{"taxonomy":"post_tag","embeddable":true,"href":"https:\/\/vieassociative.be\/actualites\/wp-json\/wp\/v2\/tags?post=1671"}],"curies":[{"name":"wp","href":"https:\/\/api.w.org\/{rel}","templated":true}]}}