{"id":1663,"date":"2024-10-26T13:19:32","date_gmt":"2024-10-26T11:19:32","guid":{"rendered":"https:\/\/vieassociative.be\/actualites\/comment-fonctionne-le-fediverse-et-pourquoi-il-pourrait-etre-lavenir-des-medias-sociaux\/"},"modified":"2024-10-26T13:19:32","modified_gmt":"2024-10-26T11:19:32","slug":"comment-fonctionne-le-fediverse-et-pourquoi-il-pourrait-etre-lavenir-des-medias-sociaux","status":"publish","type":"post","link":"https:\/\/vieassociative.be\/actualites\/comment-fonctionne-le-fediverse-et-pourquoi-il-pourrait-etre-lavenir-des-medias-sociaux\/","title":{"rendered":"Comment fonctionne le \u00ab Fediverse \u00bb (et pourquoi il pourrait \u00eatre l&rsquo;avenir des m\u00e9dias sociaux)"},"content":{"rendered":"<div class=\"mt-4 leading-6 md:mb-8\">Une br\u00e8ve explication, sans jargon, sur l&rsquo;avenir plus libre du Web social.<\/div>\n<p><\/p>\n<p>Les nerds id\u00e9alistes donnent depuis longtemps des noms terriblement d\u00e9routants \u00e0 des technologies potentiellement r\u00e9volutionnaires. Il en va de m\u00eame pour Fediverse, un portemanteau de \u00ab F\u00e9d\u00e9ration \u00bb et \u00ab Univers \u00bb, et l\u2019avenir potentiel de l\u2019Internet social. Mais qu&rsquo;est-ce que \u00e7a fait <em>que<\/em> signifier? <\/p>\n<p>En termes simples, Fediverse est le nom collectif d\u00e9signant un ensemble de r\u00e9seaux sociaux et de plateformes diff\u00e9rents connect\u00e9s les uns aux autres. Les utilisateurs de l&rsquo;un de ces services peuvent suivre les utilisateurs de n&rsquo;importe quel autre et r\u00e9pondre, aimer et partager des publications.<\/p>\n<p>Il existe de nombreux articles et sites Web qui expliquent ce concept en d\u00e9tail, mais la plupart d\u2019entre eux s\u2019enlisent assez rapidement dans le langage technique. J&rsquo;aimerais \u00e9viter cela, alors voici ma tentative de bonne foi d&rsquo;expliquer ce qu&rsquo;est le Fediverse en anglais simple. <\/p>\n<p>Mais d\u2019abord, parlons du courrier \u00e9lectronique.<\/p>\n<h2 id=\"email-is-decentralized-and-why-that-matters-for-the-fediverse\">Le courrier \u00e9lectronique est d\u00e9centralis\u00e9 (et pourquoi c&rsquo;est important pour le Fediverse)<\/h2>\n<p>Toute personne disposant d\u2019une adresse e-mail peut envoyer un e-mail \u00e0 n\u2019importe qui d\u2019autre. Les utilisateurs de Gmail, par exemple, ne sont pas limit\u00e9s \u00e0 parler avec d&rsquo;autres utilisateurs de Gmail\u00a0: ils peuvent envoyer des messages aux utilisateurs d&rsquo;Outlook, aux utilisateurs de Yahoo Mail et m\u00eame aux personnes qui ex\u00e9cutent leurs propres serveurs de messagerie dans leur sous-sol. Fondamentalement, toute personne poss\u00e9dant une adresse e-mail peut \u00e9crire \u00e0 toute autre personne poss\u00e9dant une adresse e-mail. Pour le dire autrement, le courrier \u00e9lectronique est <em>d\u00e9centralis\u00e9.<\/em> <\/p>\n<p>Il n\u2019existe pas une seule entreprise ou institution en charge du courrier \u00e9lectronique : il existe de nombreux fournisseurs de courrier \u00e9lectronique diff\u00e9rents, tous compatibles les uns avec les autres. C&rsquo;est parce que le courrier \u00e9lectronique est un <strong>protocole ouvert<\/strong>un service pour lequel quiconque le souhaite peut cr\u00e9er un service. <\/p>\n<p>Les plus grands r\u00e9seaux sociaux ne fonctionnent pas de cette fa\u00e7on pour le moment. Vous ne pouvez pas suivre un utilisateur X via Facebook, par exemple, ni vous abonner \u00e0 une communaut\u00e9 Reddit depuis Tumblr. C&rsquo;est pourquoi tous ces sites Web regorgent de captures d&rsquo;\u00e9cran des autres : des personnes <em>vouloir<\/em> pour partager des publications d&rsquo;autres sites, mais il n&rsquo;existe aucun bon moyen de le faire. C\u2019est un probl\u00e8me auquel Fediverse cherche \u00e0 rem\u00e9dier.<\/p>\n<h2 id=\"follow-anyone-anywhere\">Suivez n&rsquo;importe qui n&rsquo;importe o\u00f9<\/h2>\n<p>Le Fediverse est une tentative de rendre les r\u00e9seaux sociaux plus proches du courrier \u00e9lectronique, c&rsquo;est-\u00e0-dire de permettre aux utilisateurs de diff\u00e9rents services de se suivre et d&rsquo;interagir o\u00f9 ils le souhaitent, sans avoir \u00e0 s&rsquo;inscrire \u00e0 un million de comptes diff\u00e9rents. <\/p>\n<p>\u00c0 l&rsquo;heure actuelle, l&rsquo;un des services les plus importants du Fediverse est Mastodon, qui a d\u00e9but\u00e9 en 2016 en tant qu&rsquo;alternative \u00e0 Twitter. Les autres r\u00e9seaux open source sur la plate-forme incluent Pixelfed, un service de partage de photos similaire \u00e0 Instagram de 2010, et Peertube. Il existe \u00e9galement Threads, comme je l&rsquo;ai mentionn\u00e9, un r\u00e9seau appartenant \u00e0 Meta qui permet aux utilisateurs de choisir de partager leurs publications avec Fediverse.<\/p>\n<p>Comment cela fonctionne en pratique\u00a0: je suis assez actif sur Mastodon mais j&rsquo;ai quelques amis qui publient uniquement sur Threads. Parce que Threads est connect\u00e9 au Fediverse, je peux suivre les utilisateurs de Threads, voir leurs publications et m\u00eame r\u00e9pondre \u00e0 des commentaires lorsque j&rsquo;utilise Mastadon. C&rsquo;est aussi simple que de rechercher l&rsquo;utilisateur Threads depuis Mastodon, de le suivre et d&rsquo;interagir comme je le ferais avec n&rsquo;importe quel autre utilisateur. <\/p>\n<p>C&rsquo;est la promesse du Fediverse\u00a0: vous utilisez le r\u00e9seau social que vous souhaitez utiliser et vous connectez avec les gens sur le r\u00e9seau social qu&rsquo;ils souhaitent utiliser. Et il y a quelques autres avantages. Lorsque j&rsquo;ai arr\u00eat\u00e9 d&rsquo;utiliser Twitter il y a quelques ann\u00e9es (avant qu&rsquo;il ne devienne X), j&rsquo;ai laiss\u00e9 tous mes abonn\u00e9s derri\u00e8re moi. Ce n&rsquo;est pas ainsi que cela fonctionne avec le Fediverse : vous pouvez passer d&rsquo;un service \u00e0 un autre et emmener vos abonn\u00e9s avec vous. C&rsquo;est le genre de libert\u00e9 que vous ne pouvez pas obtenir d&rsquo;un syst\u00e8me centralis\u00e9. <\/p>\n<h2 id=\"a-potential-future-for-social-media\">Un avenir potentiel pour les m\u00e9dias sociaux<\/h2>\n<p>Un certain nombre d&rsquo;entreprises et de passionn\u00e9s travaillent sur d&rsquo;autres moyens de se connecter au Fediverse. WordPress propose un plugin qui permet aux blogueurs de partager leurs articles, par exemple : les r\u00e9ponses s&rsquo;affichent sous forme de commentaires. Flipboard, l&rsquo;application de lecture d&rsquo;actualit\u00e9s, a r\u00e9cemment ajout\u00e9 la possibilit\u00e9 de suivre les utilisateurs de Fediverse depuis l&rsquo;application, et la plateforme de newsletter par courrier \u00e9lectronique Ghost travaille \u00e9galement sur des fonctionnalit\u00e9s similaires. Et il existe des hacks pour connecter d&rsquo;autres r\u00e9seaux non-Fediverse : vous pouvez connecter Bluesky au Fediverse avec un peu de travail, par exemple. <\/p>\n<p>Il y a un certain id\u00e9alisme derri\u00e8re tous ces efforts : bon nombre des plus grands services Fediverse sont g\u00e9r\u00e9s par des organisations \u00e0 but non lucratif et des b\u00e9n\u00e9voles. Mais l&rsquo;implication de petites soci\u00e9t\u00e9s d&rsquo;\u00e9dition comme Ghost et Flipboard sugg\u00e8re que le Fediverse pourrait \u00e9galement \u00eatre un lieu permettant aux \u00e9crivains et aux publications de se connecter directement avec les lecteurs \u00e0 l&rsquo;avenir. Un syst\u00e8me de m\u00e9dias sociaux d\u00e9centralis\u00e9 pourrait \u00e9galement permettre aux petits nouveaux venus dans les m\u00e9dias sociaux de rivaliser avec les grandes plateformes. C\u2019est une p\u00e9riode potentiellement passionnante pour les m\u00e9dias sociaux et pour Internet dans son ensemble. <\/p>\n<p>Tout cela est possible car le Fediverse est bas\u00e9 sur un protocole ouvert sur lequel tout le monde peut s&rsquo;appuyer. L\u2019espoir est qu\u2019au fil du temps, davantage de services offriront des int\u00e9grations et que les r\u00e9seaux sociaux deviendront aussi ouverts que le courrier \u00e9lectronique. Est-ce que c\u2019est ce qui va arriver, c\u2019est s\u00fbr ? Je ne sais pas. Et le Fediverse, comme tout ce qui existe sur Internet, a son lot de probl\u00e8mes. La mod\u00e9ration, par exemple, constitue un \u00e9norme d\u00e9fi, et le d\u00e9placement de plates-formes plus grandes dans l\u2019espace pourrait rendre la t\u00e2che plus difficile. <\/p>\n<p>  Je ne fais qu&rsquo;effleurer le service avec cette explication\u00a0: il y a tellement plus que je pourrais approfondir. Mais pour l&rsquo;essentiel, lorsque vous entendrez \u00ab le Fediverse \u00bb, vous saurez d\u00e9sormais ce que cela signifie : une s\u00e9rie de r\u00e9seaux sociaux et de plateformes connect\u00e9es les unes aux autres. J&rsquo;esp\u00e8re que vous en entendrez beaucoup plus parler dans les ann\u00e9es \u00e0 venir.<\/p>\n","protected":false},"excerpt":{"rendered":"<p>Une br\u00e8ve explication, sans jargon, sur l&rsquo;avenir plus libre du Web social. Les nerds id\u00e9alistes donnent depuis longtemps des noms terriblement d\u00e9routants \u00e0 des technologies<\/p>\n","protected":false},"author":1,"featured_media":1664,"comment_status":"","ping_status":"","sticky":false,"template":"","format":"standard","meta":{"footnotes":""},"categories":[13],"tags":[44,29,23,2273,1686,2274,2275,734,1041,865],"class_list":["post-1663","post","type-post","status-publish","format-standard","has-post-thumbnail","hentry","category-technologie","tag-comment","tag-des","tag-etre","tag-fediverse","tag-fonctionne","tag-lavenir","tag-medias","tag-pourquoi","tag-pourrait","tag-sociaux","generate-columns","tablet-grid-50","mobile-grid-100","grid-parent","grid-33"],"yoast_head":"<!-- This site is optimized with the Yoast SEO plugin v24.0 - https:\/\/yoast.com\/wordpress\/plugins\/seo\/ -->\n<title>Comment fonctionne le \u00ab Fediverse \u00bb (et pourquoi il pourrait \u00eatre l&#039;avenir des m\u00e9dias sociaux) | Vie Associative<\/title>\n<meta name=\"robots\" content=\"index, follow, max-snippet:-1, max-image-preview:large, max-video-preview:-1\" \/>\n<link rel=\"canonical\" href=\"https:\/\/vieassociative.be\/actualites\/comment-fonctionne-le-fediverse-et-pourquoi-il-pourrait-etre-lavenir-des-medias-sociaux\/\" \/>\n<meta property=\"og:locale\" content=\"fr_FR\" \/>\n<meta property=\"og:type\" content=\"article\" \/>\n<meta property=\"og:title\" content=\"Comment fonctionne le \u00ab Fediverse \u00bb (et pourquoi il pourrait \u00eatre l&#039;avenir des m\u00e9dias sociaux) | Vie Associative\" \/>\n<meta property=\"og:description\" content=\"Une br\u00e8ve explication, sans jargon, sur l&rsquo;avenir plus libre du Web social. Les nerds id\u00e9alistes donnent depuis longtemps des noms terriblement d\u00e9routants \u00e0 des technologies\" \/>\n<meta property=\"og:url\" content=\"https:\/\/vieassociative.be\/actualites\/comment-fonctionne-le-fediverse-et-pourquoi-il-pourrait-etre-lavenir-des-medias-sociaux\/\" \/>\n<meta property=\"og:site_name\" content=\"Vie Associative\" \/>\n<meta property=\"article:published_time\" content=\"2024-10-26T11:19:32+00:00\" \/>\n<meta property=\"og:image\" content=\"https:\/\/vieassociative.be\/actualites\/wp-content\/uploads\/2024\/09\/header_backgroundk-01-e1726694325946.png\" \/>\n\t<meta property=\"og:image:width\" content=\"279\" \/>\n\t<meta property=\"og:image:height\" content=\"92\" \/>\n\t<meta property=\"og:image:type\" content=\"image\/png\" \/>\n<meta name=\"author\" content=\"Julien\" \/>\n<meta name=\"twitter:card\" content=\"summary_large_image\" \/>\n<meta name=\"twitter:label1\" content=\"\u00c9crit par\" \/>\n\t<meta name=\"twitter:data1\" content=\"Julien\" \/>\n\t<meta name=\"twitter:label2\" content=\"Dur\u00e9e de lecture est.\" \/>\n\t<meta name=\"twitter:data2\" content=\"5 minutes\" \/>\n<script type=\"application\/ld+json\" class=\"yoast-schema-graph\">{\"@context\":\"https:\/\/schema.org\",\"@graph\":[{\"@type\":\"Article\",\"@id\":\"https:\/\/vieassociative.be\/actualites\/comment-fonctionne-le-fediverse-et-pourquoi-il-pourrait-etre-lavenir-des-medias-sociaux\/#article\",\"isPartOf\":{\"@id\":\"https:\/\/vieassociative.be\/actualites\/comment-fonctionne-le-fediverse-et-pourquoi-il-pourrait-etre-lavenir-des-medias-sociaux\/\"},\"author\":{\"name\":\"Julien\",\"@id\":\"https:\/\/vieassociative.be\/actualites\/#\/schema\/person\/b87ac4f82f9d4e7b7cec7395b679edc4\"},\"headline\":\"Comment fonctionne le \u00ab Fediverse \u00bb (et pourquoi il pourrait \u00eatre l&rsquo;avenir des m\u00e9dias sociaux)\",\"datePublished\":\"2024-10-26T11:19:32+00:00\",\"dateModified\":\"2024-10-26T11:19:32+00:00\",\"mainEntityOfPage\":{\"@id\":\"https:\/\/vieassociative.be\/actualites\/comment-fonctionne-le-fediverse-et-pourquoi-il-pourrait-etre-lavenir-des-medias-sociaux\/\"},\"wordCount\":1148,\"publisher\":{\"@id\":\"https:\/\/vieassociative.be\/actualites\/#organization\"},\"image\":{\"@id\":\"https:\/\/vieassociative.be\/actualites\/comment-fonctionne-le-fediverse-et-pourquoi-il-pourrait-etre-lavenir-des-medias-sociaux\/#primaryimage\"},\"thumbnailUrl\":\"https:\/\/vieassociative.be\/actualites\/wp-content\/uploads\/2024\/10\/Comment-fonctionne-le-Fediverse-et-pourquoi-il-pourrait.jpg\",\"keywords\":[\"Comment\",\"Des\",\"\u00eatre\",\"Fediverse\",\"fonctionne\",\"lavenir\",\"m\u00e9dias\",\"Pourquoi\",\"pourrait\",\"sociaux\"],\"articleSection\":[\"Technologie\"],\"inLanguage\":\"fr-BE\"},{\"@type\":\"WebPage\",\"@id\":\"https:\/\/vieassociative.be\/actualites\/comment-fonctionne-le-fediverse-et-pourquoi-il-pourrait-etre-lavenir-des-medias-sociaux\/\",\"url\":\"https:\/\/vieassociative.be\/actualites\/comment-fonctionne-le-fediverse-et-pourquoi-il-pourrait-etre-lavenir-des-medias-sociaux\/\",\"name\":\"Comment fonctionne le \u00ab Fediverse \u00bb (et pourquoi il pourrait \u00eatre l'avenir des m\u00e9dias sociaux) | Vie Associative\",\"isPartOf\":{\"@id\":\"https:\/\/vieassociative.be\/actualites\/#website\"},\"primaryImageOfPage\":{\"@id\":\"https:\/\/vieassociative.be\/actualites\/comment-fonctionne-le-fediverse-et-pourquoi-il-pourrait-etre-lavenir-des-medias-sociaux\/#primaryimage\"},\"image\":{\"@id\":\"https:\/\/vieassociative.be\/actualites\/comment-fonctionne-le-fediverse-et-pourquoi-il-pourrait-etre-lavenir-des-medias-sociaux\/#primaryimage\"},\"thumbnailUrl\":\"https:\/\/vieassociative.be\/actualites\/wp-content\/uploads\/2024\/10\/Comment-fonctionne-le-Fediverse-et-pourquoi-il-pourrait.jpg\",\"datePublished\":\"2024-10-26T11:19:32+00:00\",\"dateModified\":\"2024-10-26T11:19:32+00:00\",\"breadcrumb\":{\"@id\":\"https:\/\/vieassociative.be\/actualites\/comment-fonctionne-le-fediverse-et-pourquoi-il-pourrait-etre-lavenir-des-medias-sociaux\/#breadcrumb\"},\"inLanguage\":\"fr-BE\",\"potentialAction\":[{\"@type\":\"ReadAction\",\"target\":[\"https:\/\/vieassociative.be\/actualites\/comment-fonctionne-le-fediverse-et-pourquoi-il-pourrait-etre-lavenir-des-medias-sociaux\/\"]}]},{\"@type\":\"ImageObject\",\"inLanguage\":\"fr-BE\",\"@id\":\"https:\/\/vieassociative.be\/actualites\/comment-fonctionne-le-fediverse-et-pourquoi-il-pourrait-etre-lavenir-des-medias-sociaux\/#primaryimage\",\"url\":\"https:\/\/vieassociative.be\/actualites\/wp-content\/uploads\/2024\/10\/Comment-fonctionne-le-Fediverse-et-pourquoi-il-pourrait.jpg\",\"contentUrl\":\"https:\/\/vieassociative.be\/actualites\/wp-content\/uploads\/2024\/10\/Comment-fonctionne-le-Fediverse-et-pourquoi-il-pourrait.jpg\",\"width\":1200,\"height\":675,\"caption\":\"Comment fonctionne le \u00ab Fediverse \u00bb (et pourquoi il pourrait \u00eatre l'avenir des m\u00e9dias sociaux)\"},{\"@type\":\"BreadcrumbList\",\"@id\":\"https:\/\/vieassociative.be\/actualites\/comment-fonctionne-le-fediverse-et-pourquoi-il-pourrait-etre-lavenir-des-medias-sociaux\/#breadcrumb\",\"itemListElement\":[{\"@type\":\"ListItem\",\"position\":1,\"name\":\"Accueil\",\"item\":\"https:\/\/vieassociative.be\/actualites\/\"},{\"@type\":\"ListItem\",\"position\":2,\"name\":\"Comment fonctionne le \u00ab Fediverse \u00bb (et pourquoi il pourrait \u00eatre l&rsquo;avenir des m\u00e9dias sociaux)\"}]},{\"@type\":\"WebSite\",\"@id\":\"https:\/\/vieassociative.be\/actualites\/#website\",\"url\":\"https:\/\/vieassociative.be\/actualites\/\",\"name\":\"Vie Associative\",\"description\":\"\",\"publisher\":{\"@id\":\"https:\/\/vieassociative.be\/actualites\/#organization\"},\"potentialAction\":[{\"@type\":\"SearchAction\",\"target\":{\"@type\":\"EntryPoint\",\"urlTemplate\":\"https:\/\/vieassociative.be\/actualites\/?s={search_term_string}\"},\"query-input\":{\"@type\":\"PropertyValueSpecification\",\"valueRequired\":true,\"valueName\":\"search_term_string\"}}],\"inLanguage\":\"fr-BE\"},{\"@type\":\"Organization\",\"@id\":\"https:\/\/vieassociative.be\/actualites\/#organization\",\"name\":\"Vie Associative\",\"url\":\"https:\/\/vieassociative.be\/actualites\/\",\"logo\":{\"@type\":\"ImageObject\",\"inLanguage\":\"fr-BE\",\"@id\":\"https:\/\/vieassociative.be\/actualites\/#\/schema\/logo\/image\/\",\"url\":\"https:\/\/vieassociative.be\/actualites\/wp-content\/uploads\/2024\/09\/cropped-vieassociative_favicon.ico.png\",\"contentUrl\":\"https:\/\/vieassociative.be\/actualites\/wp-content\/uploads\/2024\/09\/cropped-vieassociative_favicon.ico.png\",\"width\":512,\"height\":512,\"caption\":\"Vie Associative\"},\"image\":{\"@id\":\"https:\/\/vieassociative.be\/actualites\/#\/schema\/logo\/image\/\"}},{\"@type\":\"Person\",\"@id\":\"https:\/\/vieassociative.be\/actualites\/#\/schema\/person\/b87ac4f82f9d4e7b7cec7395b679edc4\",\"name\":\"Julien\",\"image\":{\"@type\":\"ImageObject\",\"inLanguage\":\"fr-BE\",\"@id\":\"https:\/\/vieassociative.be\/actualites\/#\/schema\/person\/image\/\",\"url\":\"https:\/\/vieassociative.be\/actualites\/wp-content\/uploads\/2024\/09\/vie-associative-1-150x150.jpg\",\"contentUrl\":\"https:\/\/vieassociative.be\/actualites\/wp-content\/uploads\/2024\/09\/vie-associative-1-150x150.jpg\",\"caption\":\"Julien\"},\"description\":\"Je suis Julien, r\u00e9dacteur pour Vie Associative. Passionn\u00e9 par le monde associatif depuis plus de 10 ans, j'ai \u00e0 c\u0153ur de partager des histoires inspirantes et de mettre en lumi\u00e8re les initiatives locales. Mon objectif est de sensibiliser et d'encourager l'engagement communautaire \u00e0 travers mes articles.\",\"sameAs\":[\"https:\/\/vieassociative.be\/\"]}]}<\/script>\n<!-- \/ Yoast SEO plugin. -->","yoast_head_json":{"title":"Comment fonctionne le \u00ab Fediverse \u00bb (et pourquoi il pourrait \u00eatre l'avenir des m\u00e9dias sociaux) | Vie Associative","robots":{"index":"index","follow":"follow","max-snippet":"max-snippet:-1","max-image-preview":"max-image-preview:large","max-video-preview":"max-video-preview:-1"},"canonical":"https:\/\/vieassociative.be\/actualites\/comment-fonctionne-le-fediverse-et-pourquoi-il-pourrait-etre-lavenir-des-medias-sociaux\/","og_locale":"fr_FR","og_type":"article","og_title":"Comment fonctionne le \u00ab Fediverse \u00bb (et pourquoi il pourrait \u00eatre l'avenir des m\u00e9dias sociaux) | Vie Associative","og_description":"Une br\u00e8ve explication, sans jargon, sur l&rsquo;avenir plus libre du Web social. Les nerds id\u00e9alistes donnent depuis longtemps des noms terriblement d\u00e9routants \u00e0 des technologies","og_url":"https:\/\/vieassociative.be\/actualites\/comment-fonctionne-le-fediverse-et-pourquoi-il-pourrait-etre-lavenir-des-medias-sociaux\/","og_site_name":"Vie Associative","article_published_time":"2024-10-26T11:19:32+00:00","og_image":[{"width":279,"height":92,"url":"https:\/\/vieassociative.be\/actualites\/wp-content\/uploads\/2024\/09\/header_backgroundk-01-e1726694325946.png","type":"image\/png"}],"author":"Julien","twitter_card":"summary_large_image","twitter_misc":{"\u00c9crit par":"Julien","Dur\u00e9e de lecture est.":"5 minutes"},"schema":{"@context":"https:\/\/schema.org","@graph":[{"@type":"Article","@id":"https:\/\/vieassociative.be\/actualites\/comment-fonctionne-le-fediverse-et-pourquoi-il-pourrait-etre-lavenir-des-medias-sociaux\/#article","isPartOf":{"@id":"https:\/\/vieassociative.be\/actualites\/comment-fonctionne-le-fediverse-et-pourquoi-il-pourrait-etre-lavenir-des-medias-sociaux\/"},"author":{"name":"Julien","@id":"https:\/\/vieassociative.be\/actualites\/#\/schema\/person\/b87ac4f82f9d4e7b7cec7395b679edc4"},"headline":"Comment fonctionne le \u00ab Fediverse \u00bb (et pourquoi il pourrait \u00eatre l&rsquo;avenir des m\u00e9dias sociaux)","datePublished":"2024-10-26T11:19:32+00:00","dateModified":"2024-10-26T11:19:32+00:00","mainEntityOfPage":{"@id":"https:\/\/vieassociative.be\/actualites\/comment-fonctionne-le-fediverse-et-pourquoi-il-pourrait-etre-lavenir-des-medias-sociaux\/"},"wordCount":1148,"publisher":{"@id":"https:\/\/vieassociative.be\/actualites\/#organization"},"image":{"@id":"https:\/\/vieassociative.be\/actualites\/comment-fonctionne-le-fediverse-et-pourquoi-il-pourrait-etre-lavenir-des-medias-sociaux\/#primaryimage"},"thumbnailUrl":"https:\/\/vieassociative.be\/actualites\/wp-content\/uploads\/2024\/10\/Comment-fonctionne-le-Fediverse-et-pourquoi-il-pourrait.jpg","keywords":["Comment","Des","\u00eatre","Fediverse","fonctionne","lavenir","m\u00e9dias","Pourquoi","pourrait","sociaux"],"articleSection":["Technologie"],"inLanguage":"fr-BE"},{"@type":"WebPage","@id":"https:\/\/vieassociative.be\/actualites\/comment-fonctionne-le-fediverse-et-pourquoi-il-pourrait-etre-lavenir-des-medias-sociaux\/","url":"https:\/\/vieassociative.be\/actualites\/comment-fonctionne-le-fediverse-et-pourquoi-il-pourrait-etre-lavenir-des-medias-sociaux\/","name":"Comment fonctionne le \u00ab Fediverse \u00bb (et pourquoi il pourrait \u00eatre l'avenir des m\u00e9dias sociaux) | Vie Associative","isPartOf":{"@id":"https:\/\/vieassociative.be\/actualites\/#website"},"primaryImageOfPage":{"@id":"https:\/\/vieassociative.be\/actualites\/comment-fonctionne-le-fediverse-et-pourquoi-il-pourrait-etre-lavenir-des-medias-sociaux\/#primaryimage"},"image":{"@id":"https:\/\/vieassociative.be\/actualites\/comment-fonctionne-le-fediverse-et-pourquoi-il-pourrait-etre-lavenir-des-medias-sociaux\/#primaryimage"},"thumbnailUrl":"https:\/\/vieassociative.be\/actualites\/wp-content\/uploads\/2024\/10\/Comment-fonctionne-le-Fediverse-et-pourquoi-il-pourrait.jpg","datePublished":"2024-10-26T11:19:32+00:00","dateModified":"2024-10-26T11:19:32+00:00","breadcrumb":{"@id":"https:\/\/vieassociative.be\/actualites\/comment-fonctionne-le-fediverse-et-pourquoi-il-pourrait-etre-lavenir-des-medias-sociaux\/#breadcrumb"},"inLanguage":"fr-BE","potentialAction":[{"@type":"ReadAction","target":["https:\/\/vieassociative.be\/actualites\/comment-fonctionne-le-fediverse-et-pourquoi-il-pourrait-etre-lavenir-des-medias-sociaux\/"]}]},{"@type":"ImageObject","inLanguage":"fr-BE","@id":"https:\/\/vieassociative.be\/actualites\/comment-fonctionne-le-fediverse-et-pourquoi-il-pourrait-etre-lavenir-des-medias-sociaux\/#primaryimage","url":"https:\/\/vieassociative.be\/actualites\/wp-content\/uploads\/2024\/10\/Comment-fonctionne-le-Fediverse-et-pourquoi-il-pourrait.jpg","contentUrl":"https:\/\/vieassociative.be\/actualites\/wp-content\/uploads\/2024\/10\/Comment-fonctionne-le-Fediverse-et-pourquoi-il-pourrait.jpg","width":1200,"height":675,"caption":"Comment fonctionne le \u00ab Fediverse \u00bb (et pourquoi il pourrait \u00eatre l'avenir des m\u00e9dias sociaux)"},{"@type":"BreadcrumbList","@id":"https:\/\/vieassociative.be\/actualites\/comment-fonctionne-le-fediverse-et-pourquoi-il-pourrait-etre-lavenir-des-medias-sociaux\/#breadcrumb","itemListElement":[{"@type":"ListItem","position":1,"name":"Accueil","item":"https:\/\/vieassociative.be\/actualites\/"},{"@type":"ListItem","position":2,"name":"Comment fonctionne le \u00ab Fediverse \u00bb (et pourquoi il pourrait \u00eatre l&rsquo;avenir des m\u00e9dias sociaux)"}]},{"@type":"WebSite","@id":"https:\/\/vieassociative.be\/actualites\/#website","url":"https:\/\/vieassociative.be\/actualites\/","name":"Vie Associative","description":"","publisher":{"@id":"https:\/\/vieassociative.be\/actualites\/#organization"},"potentialAction":[{"@type":"SearchAction","target":{"@type":"EntryPoint","urlTemplate":"https:\/\/vieassociative.be\/actualites\/?s={search_term_string}"},"query-input":{"@type":"PropertyValueSpecification","valueRequired":true,"valueName":"search_term_string"}}],"inLanguage":"fr-BE"},{"@type":"Organization","@id":"https:\/\/vieassociative.be\/actualites\/#organization","name":"Vie Associative","url":"https:\/\/vieassociative.be\/actualites\/","logo":{"@type":"ImageObject","inLanguage":"fr-BE","@id":"https:\/\/vieassociative.be\/actualites\/#\/schema\/logo\/image\/","url":"https:\/\/vieassociative.be\/actualites\/wp-content\/uploads\/2024\/09\/cropped-vieassociative_favicon.ico.png","contentUrl":"https:\/\/vieassociative.be\/actualites\/wp-content\/uploads\/2024\/09\/cropped-vieassociative_favicon.ico.png","width":512,"height":512,"caption":"Vie Associative"},"image":{"@id":"https:\/\/vieassociative.be\/actualites\/#\/schema\/logo\/image\/"}},{"@type":"Person","@id":"https:\/\/vieassociative.be\/actualites\/#\/schema\/person\/b87ac4f82f9d4e7b7cec7395b679edc4","name":"Julien","image":{"@type":"ImageObject","inLanguage":"fr-BE","@id":"https:\/\/vieassociative.be\/actualites\/#\/schema\/person\/image\/","url":"https:\/\/vieassociative.be\/actualites\/wp-content\/uploads\/2024\/09\/vie-associative-1-150x150.jpg","contentUrl":"https:\/\/vieassociative.be\/actualites\/wp-content\/uploads\/2024\/09\/vie-associative-1-150x150.jpg","caption":"Julien"},"description":"Je suis Julien, r\u00e9dacteur pour Vie Associative. Passionn\u00e9 par le monde associatif depuis plus de 10 ans, j'ai \u00e0 c\u0153ur de partager des histoires inspirantes et de mettre en lumi\u00e8re les initiatives locales. Mon objectif est de sensibiliser et d'encourager l'engagement communautaire \u00e0 travers mes articles.","sameAs":["https:\/\/vieassociative.be\/"]}]}},"_links":{"self":[{"href":"https:\/\/vieassociative.be\/actualites\/wp-json\/wp\/v2\/posts\/1663"}],"collection":[{"href":"https:\/\/vieassociative.be\/actualites\/wp-json\/wp\/v2\/posts"}],"about":[{"href":"https:\/\/vieassociative.be\/actualites\/wp-json\/wp\/v2\/types\/post"}],"author":[{"embeddable":true,"href":"https:\/\/vieassociative.be\/actualites\/wp-json\/wp\/v2\/users\/1"}],"replies":[{"embeddable":true,"href":"https:\/\/vieassociative.be\/actualites\/wp-json\/wp\/v2\/comments?post=1663"}],"version-history":[{"count":0,"href":"https:\/\/vieassociative.be\/actualites\/wp-json\/wp\/v2\/posts\/1663\/revisions"}],"wp:featuredmedia":[{"embeddable":true,"href":"https:\/\/vieassociative.be\/actualites\/wp-json\/wp\/v2\/media\/1664"}],"wp:attachment":[{"href":"https:\/\/vieassociative.be\/actualites\/wp-json\/wp\/v2\/media?parent=1663"}],"wp:term":[{"taxonomy":"category","embeddable":true,"href":"https:\/\/vieassociative.be\/actualites\/wp-json\/wp\/v2\/categories?post=1663"},{"taxonomy":"post_tag","embeddable":true,"href":"https:\/\/vieassociative.be\/actualites\/wp-json\/wp\/v2\/tags?post=1663"}],"curies":[{"name":"wp","href":"https:\/\/api.w.org\/{rel}","templated":true}]}}