{"id":1655,"date":"2024-10-26T08:19:05","date_gmt":"2024-10-26T06:19:05","guid":{"rendered":"https:\/\/vieassociative.be\/actualites\/quel-nouveau-kindle-vous-convient-le-mieux\/"},"modified":"2024-10-26T08:19:05","modified_gmt":"2024-10-26T06:19:05","slug":"quel-nouveau-kindle-vous-convient-le-mieux","status":"publish","type":"post","link":"https:\/\/vieassociative.be\/actualites\/quel-nouveau-kindle-vous-convient-le-mieux\/","title":{"rendered":"Quel nouveau Kindle vous convient le mieux"},"content":{"rendered":"<div class=\"mt-4 leading-6 md:mb-8\">La nouvelle gamme Kindle comprend des \u00e9crans couleur et des affichages plus rapides. Mais quel Kindle est fait pour vous ?<\/div>\n<p><\/p>\n<p>Apr\u00e8s environ trois ans, Amazon propose enfin une nouvelle gamme de Kindle. Cette fois, nous avons quatre mod\u00e8les au total, du Kindle de base \u00e0 110 $ au Kindle Scribe \u00e0 400 $. Et au milieu, nous avons enfin un mod\u00e8le avec un \u00e9cran couleur e-ink. Certains de ces appareils sont d\u00e9j\u00e0 disponibles, mais vous devrez attendre un peu Scribe.<\/p>\n<p>La question est cependant : quel mod\u00e8le vous convient le mieux ? De 100 $ \u00e0 400 $, il y a un Kindle pour tout le monde, et il peut \u00eatre d\u00e9routant de suivre les mod\u00e8les, surtout maintenant qu&rsquo;Amazon propose \u00e9galement des \u00e9ditions Signature premium. Voici votre guide de tous les mod\u00e8les Amazon Kindle lanc\u00e9s en 2024 et comment choisir celui qui vous convient le mieux.<\/p>\n<h2 id=\"the-base-kindle-edges-closer-to-the-paperwhite\">Le Kindle de base se rapproche du Paperwhite<\/h2>\n<div class=\"eloquent-imagery-image\">\n<div class=\"flex justify-center\">\n                    <img decoding=\"async\" class=\"border border-gray-100\" src=\"https:\/\/vieassociative.be\/actualites\/wp-content\/uploads\/2024\/10\/Quel-nouveau-Kindle-vous-convient-le-mieux.jpg\" alt=\"Nouveau Kindle d'Amazon en vert matcha.\" width=\"2000\" height=\"1124\" loading=\"lazy\"  >\n            <\/div>\n<\/p><\/div>\n<p>Le dernier Kindle est lanc\u00e9 dans une nouvelle couleur Matcha Green et est accompagn\u00e9 d&rsquo;une augmentation de prix de 10 $, qui commence d\u00e9sormais \u00e0 110 $. Le Kindle conserve l\u2019\u00e9cran E Ink 6 pouces 300 PPI de la g\u00e9n\u00e9ration pr\u00e9c\u00e9dente. Avec un processeur mis \u00e0 jour, Amazon promet des changements de page plus rapides et un \u00e9clairage avant 25 % plus lumineux aux r\u00e9glages maximum, ce qui le rend aussi lumineux que le Kindle Paperwhite. Ce Kindle offre la m\u00eame autonomie de 6 semaines que la g\u00e9n\u00e9ration pr\u00e9c\u00e9dente.<\/p>\n<h2 id=\"the-paperwhite-is-for-the-bookworms\">Le Paperwhite est pour les rats de biblioth\u00e8que<\/h2>\n<div class=\"eloquent-imagery-image\">\n<div class=\"flex justify-center\">\n                    <img decoding=\"async\" class=\"border border-gray-100\" src=\"https:\/\/vieassociative.be\/actualites\/wp-content\/uploads\/2024\/10\/1729923544_646_Quel-nouveau-Kindle-vous-convient-le-mieux.jpg\" alt=\"Nouveau Kindle Paperwhite.\" width=\"2000\" height=\"1126\" loading=\"lazy\"  >\n            <\/div>\n<\/p><\/div>\n<p>Le Paperwhite b\u00e9n\u00e9ficie d&rsquo;une mise \u00e0 niveau plus substantielle avec un design de corps mis \u00e0 jour, rendant les cadres l\u00e9g\u00e8rement plus petits. L\u2019\u00e9cran est \u00e9galement d\u00e9sormais compl\u00e8tement align\u00e9 avec les cadres, ce qui lui donne un aspect semblable \u00e0 celui d\u2019une tablette.<\/p>\n<p>L&rsquo;\u00e9cran mesure d\u00e9sormais 7 pouces au lieu des 6,8 pouces du mod\u00e8le pr\u00e9c\u00e9dent. Il est \u00e9galement 25 % plus rapide et, selon Amazon, c&rsquo;est le Kindle le plus rapide \u00e0 ce jour.<\/p>\n<p>Le Kindle Paperwhite utilise d\u00e9sormais un \u00e9cran \u00e0 transistors \u00e0 couche mince d&rsquo;oxyde qui lui conf\u00e8re le rapport de contraste le plus \u00e9lev\u00e9 de tous les Kindle \u00e0 ce jour. Cela devrait faire ressortir le texte noir \u00e0 l&rsquo;\u00e9cran. Le syst\u00e8me d&rsquo;\u00e9clairage avant dispose d\u00e9sormais de 10 LED blanches et de 9 LED orange. L&rsquo;\u00e9dition Signature est livr\u00e9e avec un capteur de lumi\u00e8re ambiante qui ajuste automatiquement la luminosit\u00e9 en fonction de votre environnement (un peu comme votre smartphone).<\/p>\n<p>En parlant du Kindle Paperwhite Signature Edition, il est livr\u00e9 avec 32 Go de stockage au lieu des 16 Go du mod\u00e8le standard, et propose une option pour une station de chargement sans fil. De plus, il est disponible en trois couleurs exclusives : Metallic Raspberry, Metallic Jade et Metallic Black. Le Kindle Paperwhite ordinaire est disponible dans les couleurs Framboise, Jade et Noir.<\/p>\n<p>Comme avec le Kindle de base, le prix augmente de 10 $. Le Paperwhite commence \u00e0 159,99 $, tandis que l&rsquo;\u00e9dition Signature co\u00fbte d\u00e9sormais 199,99 $.<\/p>\n<h2 id=\"kindle-colorsoft-finally-brings-color-to-kindle\">Kindle Colorsoft apporte enfin de la couleur au Kindle<\/h2>\n<div class=\"eloquent-imagery-image\">\n<div class=\"flex justify-center\">\n                    <img decoding=\"async\" class=\"border border-gray-100\" src=\"https:\/\/vieassociative.be\/actualites\/wp-content\/uploads\/2024\/10\/1729923545_769_Quel-nouveau-Kindle-vous-convient-le-mieux.jpg\" alt=\"Kindle Colorsoft.\" width=\"2000\" height=\"1125\" loading=\"lazy\"  >\n            <\/div>\n<\/p><\/div>\n<p>Amazon propose enfin un tout nouveau type de Kindle. Il s\u2019appelle Kindle Colorsoft Signature Edition et repose sur la base du nouveau Paperwhite. La grande diff\u00e9rence, cependant, r\u00e9side dans le nouvel \u00e9cran couleur E Ink.<\/p>\n<p>L&rsquo;\u00e9cran couleur est con\u00e7u pour visualiser les couvertures de livres, les romans graphiques et certains mangas. L&rsquo;exp\u00e9rience de lecture d&rsquo;un livre est toujours en noir et blanc, mais vous pouvez surligner avec plusieurs couleurs (comme vous pouvez le faire dans l&rsquo;application Kindle pour smartphones et tablettes).<\/p>\n<p>L&rsquo;\u00e9cran E-ink est construit sur la technologie Kaleido d&rsquo;E Ink, mais il utilise une toute nouvelle pile d&rsquo;affichage con\u00e7ue pour les Kindle. Il existe une nouvelle plaque arri\u00e8re en oxyde avec une forme d&rsquo;onde con\u00e7ue sur mesure qui conduit \u00e0 des performances rapides et \u00e0 un contraste \u00e9lev\u00e9 pour le contenu en noir et blanc et en couleur. L&rsquo;\u00e9cran comporte \u00e9galement des LED en nitrure con\u00e7ues sur mesure qui am\u00e9liorent la couleur et augmentent la luminosit\u00e9, soi-disant sans effacer les d\u00e9tails. Le contenu en noir et blanc est toujours affich\u00e9 \u00e0 la r\u00e9solution de 300 PPI comme le Paperwhite, mais le passage \u00e0 la couleur le ram\u00e8ne \u00e0 150 PPI.  <\/p>\n<p>Le Kindle Colorsoft est livr\u00e9 avec un chargement sans fil, une autonomie de huit semaines (contre trois mois pour le Paperwhite ordinaire) et est \u00e9tanche. Le Kindle Colorsoft commence \u00e0 289,99 $. <\/p>\n<h2 id=\"kindle-scribe-goes-ai\">Kindle Scribe passe \u00e0 l&rsquo;IA<\/h2>\n<div class=\"eloquent-imagery-image\">\n<div class=\"flex justify-center\">\n                    <img decoding=\"async\" class=\"border border-gray-100\" src=\"https:\/\/vieassociative.be\/actualites\/wp-content\/uploads\/2024\/10\/1729923545_372_Quel-nouveau-Kindle-vous-convient-le-mieux.jpg\" alt=\"Kindle Scribe 2e g\u00e9n\u00e9ration\" width=\"2000\" height=\"1124\" loading=\"lazy\"  >\n            <\/div>\n<\/p><\/div>\n<p>Le Kindle Scribe de 2e g\u00e9n\u00e9ration est une petite mise \u00e0 niveau par rapport au Kindle Scribe pr\u00e9c\u00e9dent. Le grand \u00e9cran noir et blanc de 10,2 pouces et 300 PPI E Ink est toujours le m\u00eame. Mais d\u00e9sormais, l\u2019appareil pr\u00e9sente des bordures blanches. L\u2019\u00e9cran a \u00e9galement d\u00e9sormais un rev\u00eatement semblable \u00e0 du papier et l\u2019\u00e9cran affleure les cadres.<\/p>\n<p>La grande fonctionnalit\u00e9 ici est l\u2019IA. Vous ne pouvez pas encore annoter des livres ou des PDF, mais Scribe dispose d&rsquo;une nouvelle fonctionnalit\u00e9 qui vous permet de surligner ou d&rsquo;annoter une page et de joindre des notes manuscrites qui sont ensuite enregistr\u00e9es dans la marge. L&rsquo;IA de Kindle peut \u00e9galement vous aider \u00e0 r\u00e9sumer quelques pages de notes manuscrites. Et enfin, une nouvelle fonctionnalit\u00e9 peut vous aider \u00e0 nettoyer vos notes manuscrites, les rendant plus lisibles.<\/p>\n<p>Le nouveau Kindle Scribe co\u00fbtera 399 $, soit 20 $ de plus que le mod\u00e8le pr\u00e9c\u00e9dent, et il ne sera pas exp\u00e9di\u00e9 avant d\u00e9cembre 2024. Amazon ajoutera \u00e9galement ces fonctionnalit\u00e9s d&rsquo;IA \u00e0 l&rsquo;ancien Scribe.<\/p>\n<h2 id=\"which-kindle-is-right-for-you\">Quel Kindle est fait pour vous ?<\/h2>\n<p>Pour la grande majorit\u00e9 des utilisateurs, le Kindle Paperwhite reste la meilleure option. Il dispose d\u00e9sormais de l&rsquo;\u00e9cran le plus rapide de tous les Kindle, d&rsquo;un taux de contraste \u00e9lev\u00e9 et d&rsquo;un \u00e9clairage chaud r\u00e9glable.<\/p>\n<p>L&rsquo;\u00e9dition Kindle Paperwhite Signature \u00e0 199 $ ne vaut peut-\u00eatre pas les 40 $ suppl\u00e9mentaires, m\u00eame si elle comporte des fonctionnalit\u00e9s suppl\u00e9mentaires telles que de meilleures LED, un \u00e9clairage ambiant et des couleurs m\u00e9talliques.<\/p>\n<p>Le Kindle Colorsoft est un excellent choix pour les fans de romans graphiques et de mangas. L&rsquo;\u00e9cran rapide devrait faciliter la lecture d&rsquo;histoires illustr\u00e9es. La concurrence est cependant moins ch\u00e8re. Vous pouvez obtenir une Kobo Libra Color pour 220 $ sur Amazon.<\/p>\n<p>Le Kindle Scribe fonctionne mieux pour les personnes qui souhaitent vraiment annoter et prendre des notes sur leurs ebooks. <\/p>\n<p>Le Kindle de base est une option viable si vous avez un budget limit\u00e9. Le Kindle \u00e0 110 $ est assez proche du Paperwhite, mais manque des fonctionnalit\u00e9s cl\u00e9s telles qu&rsquo;une conception \u00e0 fa\u00e7ade affleurante, une lumi\u00e8re chaude r\u00e9glable, une \u00e9tanch\u00e9it\u00e9 et une nouvelle mise \u00e0 niveau des performances.<\/p>\n","protected":false},"excerpt":{"rendered":"<p>La nouvelle gamme Kindle comprend des \u00e9crans couleur et des affichages plus rapides. Mais quel Kindle est fait pour vous ? Apr\u00e8s environ trois ans,<\/p>\n","protected":false},"author":1,"featured_media":1656,"comment_status":"","ping_status":"","sticky":false,"template":"","format":"standard","meta":{"footnotes":""},"categories":[13],"tags":[2264,2263,1503,553,794,4],"class_list":["post-1655","post","type-post","status-publish","format-standard","has-post-thumbnail","hentry","category-technologie","tag-convient","tag-kindle","tag-mieux","tag-nouveau","tag-quel","tag-vous","generate-columns","tablet-grid-50","mobile-grid-100","grid-parent","grid-33"],"yoast_head":"<!-- This site is optimized with the Yoast SEO plugin v24.0 - https:\/\/yoast.com\/wordpress\/plugins\/seo\/ -->\n<title>Quel nouveau Kindle vous convient le mieux | Vie Associative<\/title>\n<meta name=\"robots\" content=\"index, follow, max-snippet:-1, max-image-preview:large, max-video-preview:-1\" \/>\n<link rel=\"canonical\" href=\"https:\/\/vieassociative.be\/actualites\/quel-nouveau-kindle-vous-convient-le-mieux\/\" \/>\n<meta property=\"og:locale\" content=\"fr_FR\" \/>\n<meta property=\"og:type\" content=\"article\" \/>\n<meta property=\"og:title\" content=\"Quel nouveau Kindle vous convient le mieux | Vie Associative\" \/>\n<meta property=\"og:description\" content=\"La nouvelle gamme Kindle comprend des \u00e9crans couleur et des affichages plus rapides. Mais quel Kindle est fait pour vous ? Apr\u00e8s environ trois ans,\" \/>\n<meta property=\"og:url\" content=\"https:\/\/vieassociative.be\/actualites\/quel-nouveau-kindle-vous-convient-le-mieux\/\" \/>\n<meta property=\"og:site_name\" content=\"Vie Associative\" \/>\n<meta property=\"article:published_time\" content=\"2024-10-26T06:19:05+00:00\" \/>\n<meta property=\"og:image\" content=\"https:\/\/vieassociative.be\/actualites\/wp-content\/uploads\/2024\/10\/Quel-nouveau-Kindle-vous-convient-le-mieux.jpg\" \/>\n<meta name=\"author\" content=\"Julien\" \/>\n<meta name=\"twitter:card\" content=\"summary_large_image\" \/>\n<meta name=\"twitter:label1\" content=\"\u00c9crit par\" \/>\n\t<meta name=\"twitter:data1\" content=\"Julien\" \/>\n\t<meta name=\"twitter:label2\" content=\"Dur\u00e9e de lecture est.\" \/>\n\t<meta name=\"twitter:data2\" content=\"6 minutes\" \/>\n<script type=\"application\/ld+json\" class=\"yoast-schema-graph\">{\"@context\":\"https:\/\/schema.org\",\"@graph\":[{\"@type\":\"Article\",\"@id\":\"https:\/\/vieassociative.be\/actualites\/quel-nouveau-kindle-vous-convient-le-mieux\/#article\",\"isPartOf\":{\"@id\":\"https:\/\/vieassociative.be\/actualites\/quel-nouveau-kindle-vous-convient-le-mieux\/\"},\"author\":{\"name\":\"Julien\",\"@id\":\"https:\/\/vieassociative.be\/actualites\/#\/schema\/person\/b87ac4f82f9d4e7b7cec7395b679edc4\"},\"headline\":\"Quel nouveau Kindle vous convient le mieux\",\"datePublished\":\"2024-10-26T06:19:05+00:00\",\"dateModified\":\"2024-10-26T06:19:05+00:00\",\"mainEntityOfPage\":{\"@id\":\"https:\/\/vieassociative.be\/actualites\/quel-nouveau-kindle-vous-convient-le-mieux\/\"},\"wordCount\":1134,\"publisher\":{\"@id\":\"https:\/\/vieassociative.be\/actualites\/#organization\"},\"image\":{\"@id\":\"https:\/\/vieassociative.be\/actualites\/quel-nouveau-kindle-vous-convient-le-mieux\/#primaryimage\"},\"thumbnailUrl\":\"https:\/\/vieassociative.be\/actualites\/wp-content\/uploads\/2024\/10\/1729923545_Quel-nouveau-Kindle-vous-convient-le-mieux.jpg\",\"keywords\":[\"convient\",\"Kindle\",\"mieux\",\"nouveau\",\"Quel\",\"Vous\"],\"articleSection\":[\"Technologie\"],\"inLanguage\":\"fr-BE\"},{\"@type\":\"WebPage\",\"@id\":\"https:\/\/vieassociative.be\/actualites\/quel-nouveau-kindle-vous-convient-le-mieux\/\",\"url\":\"https:\/\/vieassociative.be\/actualites\/quel-nouveau-kindle-vous-convient-le-mieux\/\",\"name\":\"Quel nouveau Kindle vous convient le mieux | Vie Associative\",\"isPartOf\":{\"@id\":\"https:\/\/vieassociative.be\/actualites\/#website\"},\"primaryImageOfPage\":{\"@id\":\"https:\/\/vieassociative.be\/actualites\/quel-nouveau-kindle-vous-convient-le-mieux\/#primaryimage\"},\"image\":{\"@id\":\"https:\/\/vieassociative.be\/actualites\/quel-nouveau-kindle-vous-convient-le-mieux\/#primaryimage\"},\"thumbnailUrl\":\"https:\/\/vieassociative.be\/actualites\/wp-content\/uploads\/2024\/10\/1729923545_Quel-nouveau-Kindle-vous-convient-le-mieux.jpg\",\"datePublished\":\"2024-10-26T06:19:05+00:00\",\"dateModified\":\"2024-10-26T06:19:05+00:00\",\"breadcrumb\":{\"@id\":\"https:\/\/vieassociative.be\/actualites\/quel-nouveau-kindle-vous-convient-le-mieux\/#breadcrumb\"},\"inLanguage\":\"fr-BE\",\"potentialAction\":[{\"@type\":\"ReadAction\",\"target\":[\"https:\/\/vieassociative.be\/actualites\/quel-nouveau-kindle-vous-convient-le-mieux\/\"]}]},{\"@type\":\"ImageObject\",\"inLanguage\":\"fr-BE\",\"@id\":\"https:\/\/vieassociative.be\/actualites\/quel-nouveau-kindle-vous-convient-le-mieux\/#primaryimage\",\"url\":\"https:\/\/vieassociative.be\/actualites\/wp-content\/uploads\/2024\/10\/1729923545_Quel-nouveau-Kindle-vous-convient-le-mieux.jpg\",\"contentUrl\":\"https:\/\/vieassociative.be\/actualites\/wp-content\/uploads\/2024\/10\/1729923545_Quel-nouveau-Kindle-vous-convient-le-mieux.jpg\",\"width\":1200,\"height\":675,\"caption\":\"Quel nouveau Kindle vous convient le mieux\"},{\"@type\":\"BreadcrumbList\",\"@id\":\"https:\/\/vieassociative.be\/actualites\/quel-nouveau-kindle-vous-convient-le-mieux\/#breadcrumb\",\"itemListElement\":[{\"@type\":\"ListItem\",\"position\":1,\"name\":\"Accueil\",\"item\":\"https:\/\/vieassociative.be\/actualites\/\"},{\"@type\":\"ListItem\",\"position\":2,\"name\":\"Quel nouveau Kindle vous convient le mieux\"}]},{\"@type\":\"WebSite\",\"@id\":\"https:\/\/vieassociative.be\/actualites\/#website\",\"url\":\"https:\/\/vieassociative.be\/actualites\/\",\"name\":\"Vie Associative\",\"description\":\"\",\"publisher\":{\"@id\":\"https:\/\/vieassociative.be\/actualites\/#organization\"},\"potentialAction\":[{\"@type\":\"SearchAction\",\"target\":{\"@type\":\"EntryPoint\",\"urlTemplate\":\"https:\/\/vieassociative.be\/actualites\/?s={search_term_string}\"},\"query-input\":{\"@type\":\"PropertyValueSpecification\",\"valueRequired\":true,\"valueName\":\"search_term_string\"}}],\"inLanguage\":\"fr-BE\"},{\"@type\":\"Organization\",\"@id\":\"https:\/\/vieassociative.be\/actualites\/#organization\",\"name\":\"Vie Associative\",\"url\":\"https:\/\/vieassociative.be\/actualites\/\",\"logo\":{\"@type\":\"ImageObject\",\"inLanguage\":\"fr-BE\",\"@id\":\"https:\/\/vieassociative.be\/actualites\/#\/schema\/logo\/image\/\",\"url\":\"https:\/\/vieassociative.be\/actualites\/wp-content\/uploads\/2024\/09\/cropped-vieassociative_favicon.ico.png\",\"contentUrl\":\"https:\/\/vieassociative.be\/actualites\/wp-content\/uploads\/2024\/09\/cropped-vieassociative_favicon.ico.png\",\"width\":512,\"height\":512,\"caption\":\"Vie Associative\"},\"image\":{\"@id\":\"https:\/\/vieassociative.be\/actualites\/#\/schema\/logo\/image\/\"}},{\"@type\":\"Person\",\"@id\":\"https:\/\/vieassociative.be\/actualites\/#\/schema\/person\/b87ac4f82f9d4e7b7cec7395b679edc4\",\"name\":\"Julien\",\"image\":{\"@type\":\"ImageObject\",\"inLanguage\":\"fr-BE\",\"@id\":\"https:\/\/vieassociative.be\/actualites\/#\/schema\/person\/image\/\",\"url\":\"https:\/\/vieassociative.be\/actualites\/wp-content\/uploads\/2024\/09\/vie-associative-1-150x150.jpg\",\"contentUrl\":\"https:\/\/vieassociative.be\/actualites\/wp-content\/uploads\/2024\/09\/vie-associative-1-150x150.jpg\",\"caption\":\"Julien\"},\"description\":\"Je suis Julien, r\u00e9dacteur pour Vie Associative. Passionn\u00e9 par le monde associatif depuis plus de 10 ans, j'ai \u00e0 c\u0153ur de partager des histoires inspirantes et de mettre en lumi\u00e8re les initiatives locales. Mon objectif est de sensibiliser et d'encourager l'engagement communautaire \u00e0 travers mes articles.\",\"sameAs\":[\"https:\/\/vieassociative.be\/\"]}]}<\/script>\n<!-- \/ Yoast SEO plugin. -->","yoast_head_json":{"title":"Quel nouveau Kindle vous convient le mieux | Vie Associative","robots":{"index":"index","follow":"follow","max-snippet":"max-snippet:-1","max-image-preview":"max-image-preview:large","max-video-preview":"max-video-preview:-1"},"canonical":"https:\/\/vieassociative.be\/actualites\/quel-nouveau-kindle-vous-convient-le-mieux\/","og_locale":"fr_FR","og_type":"article","og_title":"Quel nouveau Kindle vous convient le mieux | Vie Associative","og_description":"La nouvelle gamme Kindle comprend des \u00e9crans couleur et des affichages plus rapides. Mais quel Kindle est fait pour vous ? Apr\u00e8s environ trois ans,","og_url":"https:\/\/vieassociative.be\/actualites\/quel-nouveau-kindle-vous-convient-le-mieux\/","og_site_name":"Vie Associative","article_published_time":"2024-10-26T06:19:05+00:00","og_image":[{"url":"https:\/\/vieassociative.be\/actualites\/wp-content\/uploads\/2024\/10\/Quel-nouveau-Kindle-vous-convient-le-mieux.jpg","type":"","width":"","height":""}],"author":"Julien","twitter_card":"summary_large_image","twitter_misc":{"\u00c9crit par":"Julien","Dur\u00e9e de lecture est.":"6 minutes"},"schema":{"@context":"https:\/\/schema.org","@graph":[{"@type":"Article","@id":"https:\/\/vieassociative.be\/actualites\/quel-nouveau-kindle-vous-convient-le-mieux\/#article","isPartOf":{"@id":"https:\/\/vieassociative.be\/actualites\/quel-nouveau-kindle-vous-convient-le-mieux\/"},"author":{"name":"Julien","@id":"https:\/\/vieassociative.be\/actualites\/#\/schema\/person\/b87ac4f82f9d4e7b7cec7395b679edc4"},"headline":"Quel nouveau Kindle vous convient le mieux","datePublished":"2024-10-26T06:19:05+00:00","dateModified":"2024-10-26T06:19:05+00:00","mainEntityOfPage":{"@id":"https:\/\/vieassociative.be\/actualites\/quel-nouveau-kindle-vous-convient-le-mieux\/"},"wordCount":1134,"publisher":{"@id":"https:\/\/vieassociative.be\/actualites\/#organization"},"image":{"@id":"https:\/\/vieassociative.be\/actualites\/quel-nouveau-kindle-vous-convient-le-mieux\/#primaryimage"},"thumbnailUrl":"https:\/\/vieassociative.be\/actualites\/wp-content\/uploads\/2024\/10\/1729923545_Quel-nouveau-Kindle-vous-convient-le-mieux.jpg","keywords":["convient","Kindle","mieux","nouveau","Quel","Vous"],"articleSection":["Technologie"],"inLanguage":"fr-BE"},{"@type":"WebPage","@id":"https:\/\/vieassociative.be\/actualites\/quel-nouveau-kindle-vous-convient-le-mieux\/","url":"https:\/\/vieassociative.be\/actualites\/quel-nouveau-kindle-vous-convient-le-mieux\/","name":"Quel nouveau Kindle vous convient le mieux | Vie Associative","isPartOf":{"@id":"https:\/\/vieassociative.be\/actualites\/#website"},"primaryImageOfPage":{"@id":"https:\/\/vieassociative.be\/actualites\/quel-nouveau-kindle-vous-convient-le-mieux\/#primaryimage"},"image":{"@id":"https:\/\/vieassociative.be\/actualites\/quel-nouveau-kindle-vous-convient-le-mieux\/#primaryimage"},"thumbnailUrl":"https:\/\/vieassociative.be\/actualites\/wp-content\/uploads\/2024\/10\/1729923545_Quel-nouveau-Kindle-vous-convient-le-mieux.jpg","datePublished":"2024-10-26T06:19:05+00:00","dateModified":"2024-10-26T06:19:05+00:00","breadcrumb":{"@id":"https:\/\/vieassociative.be\/actualites\/quel-nouveau-kindle-vous-convient-le-mieux\/#breadcrumb"},"inLanguage":"fr-BE","potentialAction":[{"@type":"ReadAction","target":["https:\/\/vieassociative.be\/actualites\/quel-nouveau-kindle-vous-convient-le-mieux\/"]}]},{"@type":"ImageObject","inLanguage":"fr-BE","@id":"https:\/\/vieassociative.be\/actualites\/quel-nouveau-kindle-vous-convient-le-mieux\/#primaryimage","url":"https:\/\/vieassociative.be\/actualites\/wp-content\/uploads\/2024\/10\/1729923545_Quel-nouveau-Kindle-vous-convient-le-mieux.jpg","contentUrl":"https:\/\/vieassociative.be\/actualites\/wp-content\/uploads\/2024\/10\/1729923545_Quel-nouveau-Kindle-vous-convient-le-mieux.jpg","width":1200,"height":675,"caption":"Quel nouveau Kindle vous convient le mieux"},{"@type":"BreadcrumbList","@id":"https:\/\/vieassociative.be\/actualites\/quel-nouveau-kindle-vous-convient-le-mieux\/#breadcrumb","itemListElement":[{"@type":"ListItem","position":1,"name":"Accueil","item":"https:\/\/vieassociative.be\/actualites\/"},{"@type":"ListItem","position":2,"name":"Quel nouveau Kindle vous convient le mieux"}]},{"@type":"WebSite","@id":"https:\/\/vieassociative.be\/actualites\/#website","url":"https:\/\/vieassociative.be\/actualites\/","name":"Vie Associative","description":"","publisher":{"@id":"https:\/\/vieassociative.be\/actualites\/#organization"},"potentialAction":[{"@type":"SearchAction","target":{"@type":"EntryPoint","urlTemplate":"https:\/\/vieassociative.be\/actualites\/?s={search_term_string}"},"query-input":{"@type":"PropertyValueSpecification","valueRequired":true,"valueName":"search_term_string"}}],"inLanguage":"fr-BE"},{"@type":"Organization","@id":"https:\/\/vieassociative.be\/actualites\/#organization","name":"Vie Associative","url":"https:\/\/vieassociative.be\/actualites\/","logo":{"@type":"ImageObject","inLanguage":"fr-BE","@id":"https:\/\/vieassociative.be\/actualites\/#\/schema\/logo\/image\/","url":"https:\/\/vieassociative.be\/actualites\/wp-content\/uploads\/2024\/09\/cropped-vieassociative_favicon.ico.png","contentUrl":"https:\/\/vieassociative.be\/actualites\/wp-content\/uploads\/2024\/09\/cropped-vieassociative_favicon.ico.png","width":512,"height":512,"caption":"Vie Associative"},"image":{"@id":"https:\/\/vieassociative.be\/actualites\/#\/schema\/logo\/image\/"}},{"@type":"Person","@id":"https:\/\/vieassociative.be\/actualites\/#\/schema\/person\/b87ac4f82f9d4e7b7cec7395b679edc4","name":"Julien","image":{"@type":"ImageObject","inLanguage":"fr-BE","@id":"https:\/\/vieassociative.be\/actualites\/#\/schema\/person\/image\/","url":"https:\/\/vieassociative.be\/actualites\/wp-content\/uploads\/2024\/09\/vie-associative-1-150x150.jpg","contentUrl":"https:\/\/vieassociative.be\/actualites\/wp-content\/uploads\/2024\/09\/vie-associative-1-150x150.jpg","caption":"Julien"},"description":"Je suis Julien, r\u00e9dacteur pour Vie Associative. Passionn\u00e9 par le monde associatif depuis plus de 10 ans, j'ai \u00e0 c\u0153ur de partager des histoires inspirantes et de mettre en lumi\u00e8re les initiatives locales. Mon objectif est de sensibiliser et d'encourager l'engagement communautaire \u00e0 travers mes articles.","sameAs":["https:\/\/vieassociative.be\/"]}]}},"_links":{"self":[{"href":"https:\/\/vieassociative.be\/actualites\/wp-json\/wp\/v2\/posts\/1655"}],"collection":[{"href":"https:\/\/vieassociative.be\/actualites\/wp-json\/wp\/v2\/posts"}],"about":[{"href":"https:\/\/vieassociative.be\/actualites\/wp-json\/wp\/v2\/types\/post"}],"author":[{"embeddable":true,"href":"https:\/\/vieassociative.be\/actualites\/wp-json\/wp\/v2\/users\/1"}],"replies":[{"embeddable":true,"href":"https:\/\/vieassociative.be\/actualites\/wp-json\/wp\/v2\/comments?post=1655"}],"version-history":[{"count":0,"href":"https:\/\/vieassociative.be\/actualites\/wp-json\/wp\/v2\/posts\/1655\/revisions"}],"wp:featuredmedia":[{"embeddable":true,"href":"https:\/\/vieassociative.be\/actualites\/wp-json\/wp\/v2\/media\/1656"}],"wp:attachment":[{"href":"https:\/\/vieassociative.be\/actualites\/wp-json\/wp\/v2\/media?parent=1655"}],"wp:term":[{"taxonomy":"category","embeddable":true,"href":"https:\/\/vieassociative.be\/actualites\/wp-json\/wp\/v2\/categories?post=1655"},{"taxonomy":"post_tag","embeddable":true,"href":"https:\/\/vieassociative.be\/actualites\/wp-json\/wp\/v2\/tags?post=1655"}],"curies":[{"name":"wp","href":"https:\/\/api.w.org\/{rel}","templated":true}]}}