{"id":1651,"date":"2024-10-26T06:23:42","date_gmt":"2024-10-26T04:23:42","guid":{"rendered":"https:\/\/vieassociative.be\/actualites\/jai-essaye-de-passer-du-temps-avec-mon-fils-en-vr-pour-la-fete-des-peres\/"},"modified":"2024-10-26T06:23:42","modified_gmt":"2024-10-26T04:23:42","slug":"jai-essaye-de-passer-du-temps-avec-mon-fils-en-vr-pour-la-fete-des-peres","status":"publish","type":"post","link":"https:\/\/vieassociative.be\/actualites\/jai-essaye-de-passer-du-temps-avec-mon-fils-en-vr-pour-la-fete-des-peres\/","title":{"rendered":"J&rsquo;ai essay\u00e9 de passer du temps avec mon fils en VR pour la f\u00eate des p\u00e8res"},"content":{"rendered":"<div class=\"mt-4 leading-6 md:mb-8\">Si vous parvenez \u00e0 convaincre votre p\u00e8re d\u2019essayer quelque chose de nouveau, vous d\u00e9couvrirez peut-\u00eatre une fa\u00e7on \u00e9trange de cr\u00e9er des liens en VR.<\/div>\n<p><\/p>\n<p>Si la distance physique et\/ou un arrangement de garde emb\u00eatant vous s\u00e9pare de votre p\u00e8re (ou de votre enfant) ce jour de la f\u00eate des p\u00e8res, peut-\u00eatre que des vacances virtuelles pourraient combler le vide. Dans le futur que beaucoup envisagent, nous passerons tous du temps, travaillerons et socialiserons dans des espaces virtuels, tout comme dans les ann\u00e9es 1996. <em>The Lawnmower Man 2\u00a0: Au-del\u00e0 du cyberespace.<\/em> <\/p>\n<p>Pour un aper\u00e7u de la f\u00eate des p\u00e8res du futur, j&rsquo;ai pass\u00e9 du temps avec mon fils adolescent dans la version de r\u00e9alit\u00e9 virtuelle de Meta, \u00e0 la recherche de moments de connexion et de sens et, en g\u00e9n\u00e9ral, \u00e0 fouiner. (Meta m&rsquo;a fourni, ainsi qu&rsquo;\u00e0 quelques autres membres du personnel de Vie Associative et leurs p\u00e8res, des casques Oculus Quest 2 et des codes de t\u00e9l\u00e9chargement de jeux \u00e0 tester \u00e0 cet effet, m\u00eame si j&rsquo;en poss\u00e9dais d\u00e9j\u00e0 personnellement un.)<\/p>\n<h2 id=\"parents-and-new-technology-a-terrible-combination\">Parents et nouvelles technologies : une terrible combinaison<\/h2>\n<p>Toute exp\u00e9rience avec un nouveau venu en VR commence par une courbe d&rsquo;apprentissage, donc si vous envisagez de passer au virtuel avec votre p\u00e8re, pr\u00e9voyez au moins 45 minutes de \u00ab\u00a0avez-vous re\u00e7u l&rsquo;invitation\u00a0?\u00a0\u00bb Cliquez maintenant sur \u00ab Accepter \u00bb et \u00ab Non, cliquez sur l&rsquo;ic\u00f4ne. Le <em>ic\u00f4ne<\/em>! \u00bb <\/p>\n<p>La complexit\u00e9 de la configuration d\u00e9pend bien s\u00fbr du p\u00e8re. La pop de Claire Lower, r\u00e9dactrice en chef de Vie Associative Food, a facilement p\u00e9n\u00e9tr\u00e9 le monde virtuel. \u00ab\u00a0Il avait m\u00e9moris\u00e9 son mot de passe wifi, ce qui est remarquable si l&rsquo;on consid\u00e8re qu&rsquo;il s&rsquo;agit d&rsquo;une s\u00e9rie de chiffres et de lettres al\u00e9atoires\u00a0\u00bb, a d\u00e9clar\u00e9 Lower. \u00ab\u00a0En fait, je pense qu&rsquo;il a trouv\u00e9 l&rsquo;utilisation du casque plus intuitive que moi.\u00a0\u00bb<\/p>\n<p>Le p\u00e8re du r\u00e9dacteur en chef adjoint Joel Cunningham n&rsquo;a cependant pas r\u00e9ussi \u00e0 surmonter l&rsquo;obstacle technologique. \u00ab\u00a0Ce n&rsquo;est pas vraiment une configuration facile \u00e0 g\u00e9rer \u00e0 3 000 milles de distance\u00a0\u00bb, a d\u00e9clar\u00e9 Cunningham. \u00ab\u00a0Si votre p\u00e8re est le genre de personne qui vous appelle en panique parce que des pirates ont supprim\u00e9 tous ses e-mails (ils n&rsquo;ont rien fait de tel), je peux vous assurer que vous ne passerez pas la f\u00eate des p\u00e8res, ni aucun autre jour, avec lui. en VR. <\/p>\n<p>Heureusement, mon p\u00e8re est mort depuis longtemps et mon partenaire pour la f\u00eate des p\u00e8res est un adolescent tech-hep, nous avons donc pu nous r\u00e9unir virtuellement avec seulement des probl\u00e8mes mineurs.<\/p>\n<div class=\"mx-auto mt-8 w-full max-w-4xl\">\n<div id=\"video-container-zcTFOsSwZ1U\"><\/div>\n<\/div>\n<h2 id=\"virtual-father-son-bonding-experience-one-horror-movies-in-meta-horizon-worlds\"><strong>Premi\u00e8re exp\u00e9rience virtuelle de liaison p\u00e8re-fils\u00a0: films d&rsquo;horreur dans <em>Mondes Meta Horizon<\/em><\/strong><\/h2>\n<p>Lanc\u00e9 il y a pr\u00e8s de deux ans, <em>Mondes Meta Horizon<\/em> est l&rsquo;application phare de Meta, cela semblait donc \u00eatre un bon point de d\u00e9part. Mon enfant et moi aimons tous les deux les films d&rsquo;horreur, nous avons donc d\u00e9cid\u00e9 de d\u00e9couvrir l&rsquo;exp\u00e9rience de maison hant\u00e9e d&rsquo;Eli Roth, \u00ab\u00a0Trick-VR-Treat\u00a0\u00bb. <\/p>\n<p>Les critiques n&rsquo;ont pas \u00e9t\u00e9 gentilles avec <em>Mondes Horizon,<\/em> et je ne suis pas enti\u00e8rement en d\u00e9saccord avec le consensus g\u00e9n\u00e9ral, mais la maison hant\u00e9e d&rsquo;Eli Roth est une \u00eele d&rsquo;horrible bont\u00e9 dans une mer d&rsquo;absurdit\u00e9s brillantes. Apr\u00e8s quelques probl\u00e8mes initiaux avec la limite d&rsquo;\u00e2ge (il faut avoir plus de 18 ans, et mon fils ne l&rsquo;est pas, ou ne l&rsquo;\u00e9tait pas jusqu&rsquo;\u00e0 ce que nous ayons ajust\u00e9 les param\u00e8tres de son profil), nous avons pu acc\u00e9der \u00e0 \u00ab l&rsquo;attraction \u00bb. <\/p>\n<p>L&rsquo;environnement entourant le film VR ressemble \u00e0 tout ce qui se passe dans <em>Mondes Horizon<\/em>: On dirait <em>Roblox<\/em> et est plein d&rsquo;enfants. Les visuels des dessins anim\u00e9s ne sont tout simplement pas propices \u00e0 la chair de poule, il n\u2019y avait donc aucun plaisir de \u00ab se d\u00e9fier d\u2019entrer \u00bb dans une vraie maison hant\u00e9e. Mais le film lui-m\u00eame est <em>super<\/em>. Il utilise l&rsquo;immersion de la r\u00e9alit\u00e9 virtuelle pour vous pr\u00e9senter comme un personnage dans une histoire choc sanglante et rapide qui imite les sensations fortes d&rsquo;une vraie maison hant\u00e9e de mani\u00e8re surprenante et satisfaisante. C&rsquo;est particuli\u00e8rement bien en raison de la diff\u00e9rence avec l&rsquo;ambiance de bonheur forc\u00e9 du reste de <em>Mondes<\/em>. Il y a une ambiance visc\u00e9rale qui manque si souvent aux espaces virtuels. Fortement recommand\u00e9 aux fans de man\u00e8ges sombres et de films effrayants.<\/p>\n<p><strong>La r\u00e9action de Dexter<\/strong>: \u00abJe suppose que nous avons cr\u00e9\u00e9 des liens. Nous avons pu rire ensemble de la somme d\u2019argent (Meta) d\u00e9pens\u00e9e pour cr\u00e9er cet endroit.<\/p>\n<p><strong>Note d\u2019unit\u00e9 p\u00e8re\/fils : 7 sur 10.<\/strong> Nous avons nou\u00e9 pas mal de liens autour du changement de la date de naissance sur le compte Meta de Dexter afin de contrecarrer la limite d&rsquo;\u00e2ge, me donnant ainsi l&rsquo;occasion de transmettre la sagesse paternelle sur le moment o\u00f9 il est acceptable de pr\u00e9tendre avoir 18 ans sur un ordinateur.<\/p>\n<div class=\"mx-auto mt-8 w-full max-w-4xl\">\n<div id=\"video-container-ASGOs3RDBrw\"><\/div>\n<\/div>\n<h2 id=\"virtual-father-son-bonding-experience-two-real-vr-fishing\"><strong>Deuxi\u00e8me exp\u00e9rience virtuelle de liaison p\u00e8re-fils\u00a0: <em>V\u00e9ritable p\u00eache VR<\/em><\/strong><\/h2>\n<p>Il n&rsquo;y a rien de plus \u00ab\u00a0F\u00eate des P\u00e8res\u00a0\u00bb que d&#8217;emmener votre p\u00e8re\/enfant dans une bonne partie de p\u00eache \u00e0 l&rsquo;ancienne\u00a0! Nous nous sommes donc dirig\u00e9s vers <em>V\u00e9ritable p\u00eache VR<\/em> pour lancer nos lignes au Crater Lake virtuel dans l&rsquo;Oregon.<\/p>\n<p><em>P\u00eache VR<\/em>Les graphismes r\u00e9alistes de sont un changement de rythme bienvenu par rapport au look dessin anim\u00e9 de la plupart des VR. Le lancer est fluide et semble r\u00e9el, tout comme tirer un poisson. Au contraire, il y en a aussi <em>beaucoup<\/em> du poisson \u00e0 attraper; vous devez r\u00e9gler la difficult\u00e9 au maximum si vous voulez vivre l&rsquo;exp\u00e9rience de la vraie p\u00eache en restant assis et en attendant.<\/p>\n<p>La meilleure chose \u00e0 propos de ce jeu est que mon fils et moi p\u00eachions <em>ensemble<\/em>. Ou du moins, nos avatars p\u00eachaient ensemble. Comme lors d\u2019une v\u00e9ritable partie de p\u00eache p\u00e8re-fils, les choses sont m\u00eame devenues \u00e9mouvantes entre nous au bord de ce (faux) lac placide. Mon avatar s&rsquo;est tourn\u00e9 vers le sien et j&rsquo;ai dit : \u00ab Fils, ta m\u00e8re et moi allons divorcer. <\/p>\n<p>Le p\u00e8re de Claire aimait aussi la p\u00eache. \u00ab En quelques minutes, il lan\u00e7ait et chancelait, et disait des choses comme \u00ab Viens ici \u00bb et \u00ab Aha ! Gotchu'\u00a0\u00bb, a-t-elle d\u00e9clar\u00e9. \u00ab\u00a0Quand je lui ai demand\u00e9 ce qu&rsquo;il attrapait, il a r\u00e9pondu : &lsquo;C&rsquo;est un poisson fantastique, mais il ressemble un peu \u00e0 un bord.'\u00a0\u00bb<\/p>\n<p><strong>La r\u00e9action de Dexter : <\/strong>\u00ab\u00a0Le meilleur, c&rsquo;\u00e9tait d&rsquo;essayer de se frapper avec des cannes \u00e0 p\u00eache.\u00a0\u00bb<\/p>\n<p><strong>Note d\u2019unit\u00e9 p\u00e8re\/fils : 6 sur 10.<\/strong> Alors que <em>V\u00e9ritable p\u00eache VR<\/em> est un bon jeu, les sorties de p\u00eache entre p\u00e8re et fils sont une tradition s\u00e9culaire car c&rsquo;est une fa\u00e7on d&rsquo;apprendre quelque chose \u00e0 votre enfant : lui montrer comment app\u00e2ter un hame\u00e7on et attendre tranquillement, profiter de la solitude et de la nature. Vous n\u2019obtenez rien de tout cela avec la r\u00e9alit\u00e9 virtuelle.<\/p>\n<div class=\"mx-auto mt-8 w-full max-w-4xl\">\n<div id=\"video-container-LJHYWxKXA04\"><\/div>\n<\/div>\n<h2 id=\"virtual-father-son-bonding-experience-three-cook-out-a-sandwich-tale\"><strong>Troisi\u00e8me exp\u00e9rience virtuelle de liaison p\u00e8re-fils\u00a0: <em>Cuisiner\u00a0: une histoire de sandwich<\/em><\/strong><\/h2>\n<p>Les relations p\u00e8re\/fils ne se limitent pas \u00e0 regarder des films d\u2019horreur et \u00e0 attraper des carpes : il faut parfois le faire. <em>travail<\/em>. Pour simuler le travail familial partag\u00e9, nous avons allum\u00e9 <em>cuisine, <\/em>une exp\u00e9rience culinaire virtuelle dans laquelle jusqu&rsquo;\u00e0 quatre joueurs travaillent ensemble dans une cuisine de dessin anim\u00e9 pour servir des sandwichs pr\u00e9par\u00e9s \u00e0 la h\u00e2te \u00e0 une client\u00e8le impatiente compos\u00e9e de rats, de lapins, de chats et de loups-garous.<\/p>\n<p>Le jeu est g\u00e9nial : une exp\u00e9rience fr\u00e9n\u00e9tique et rapide qui encourage la coop\u00e9ration, les cris et la pulv\u00e9risation de ketchup virtuel les uns sur les autres. Nos premiers efforts ont conduit de nombreux chats difficiles \u00e0 quitter notre restaurant insatisfaits, mais nous avons finalement mis au point un syst\u00e8me de coop\u00e9ration et de communication qui nous a permis de terminer une commande apr\u00e8s l&rsquo;autre. Si jamais je suis plein <em>Bob&rsquo;s Burgers<\/em> et ouvrir un restaurant familial, ce sera probablement un peu comme \u00e7a.<\/p>\n<p><strong>La r\u00e9action de Dexter :<\/strong> \u00ab Ce fut l\u2019exp\u00e9rience la plus stressante de ma vie. J&rsquo;ai jou\u00e9 d&rsquo;innombrables heures \u00e0 des jeux vid\u00e9o comp\u00e9titifs, et rien n&rsquo;est plus stressant que <em>Cuisiner<\/em>.\u00bb <\/p>\n<p><strong>Niveau de convivialit\u00e9 p\u00e8re\/fils : 9 sur 10. <\/strong>On dit qu&rsquo;il existe un lien sp\u00e9cial entre les soldats au combat, mais il n&rsquo;est rien en comparaison avec le <em>esprit de corps<\/em> d&rsquo;essayer de pr\u00e9parer un sandwich aux \u0153ufs pour un loup-garou avant la fin du temps imparti. <\/p>\n<h2 id=\"how-does-spending-family-time-in-virtual-reality-compare-to-actually-spending-time-together\"><strong>Comment passer du temps en famille dans la r\u00e9alit\u00e9 virtuelle se compare-t-il au temps pass\u00e9 ensemble\u00a0?<\/strong><\/h2>\n<p>Mon fils et moi vivons dans la m\u00eame maison et passons beaucoup de temps ensemble, donc la r\u00e9alit\u00e9 virtuelle donne l&rsquo;impression d&rsquo;ajouter de la distance au lieu de l&rsquo;enlever. C&rsquo;\u00e9tait super amusant, mais cela a mis un m\u00e9diateur \u2013 dans ce cas Meta \u2013 entre nous. Si j&rsquo;\u00e9tais physiquement \u00e9loign\u00e9 de lui (comme je le serai bient\u00f4t lorsqu&rsquo;il ira \u00e0 l&rsquo;universit\u00e9 ou en prison), je pourrais voir que cela nous rapprocherait. <\/p>\n<p>Si nous \u00e9tions \u00e9motionnellement distants, cela pourrait aussi aider\u00a0: les exp\u00e9riences VR vous donnent quelque chose sur quoi vous concentrer, donc si la relation entre vous et Pops est marqu\u00e9e par des appels t\u00e9l\u00e9phoniques avec des pauses g\u00eanantes, travailler ensemble dans une fausse sandwicherie avec une client\u00e8le de rats pourrait vous donner une fa\u00e7on d&rsquo;\u00eatre ensemble sans r\u00e9ellement <em>\u00eatre<\/em> ensemble, et tout ce que cela implique de parler et d&rsquo;\u00e9couter.<\/p>\n","protected":false},"excerpt":{"rendered":"<p>Si vous parvenez \u00e0 convaincre votre p\u00e8re d\u2019essayer quelque chose de nouveau, vous d\u00e9couvrirez peut-\u00eatre une fa\u00e7on \u00e9trange de cr\u00e9er des liens en VR. Si<\/p>\n","protected":false},"author":1,"featured_media":1652,"comment_status":"","ping_status":"","sticky":false,"template":"","format":"standard","meta":{"footnotes":""},"categories":[37],"tags":[61,29,2258,1485,2259,823,49,789,2260,81,790],"class_list":["post-1651","post","type-post","status-publish","format-standard","has-post-thumbnail","hentry","category-famille","tag-avec","tag-des","tag-essaye","tag-fete","tag-fils","tag-jai","tag-mon","tag-passer","tag-peres","tag-pour","tag-temps","generate-columns","tablet-grid-50","mobile-grid-100","grid-parent","grid-33"],"yoast_head":"<!-- This site is optimized with the Yoast SEO plugin v24.0 - https:\/\/yoast.com\/wordpress\/plugins\/seo\/ -->\n<title>J&#039;ai essay\u00e9 de passer du temps avec mon fils en VR pour la f\u00eate des p\u00e8res | Vie Associative<\/title>\n<meta name=\"robots\" content=\"index, follow, max-snippet:-1, max-image-preview:large, max-video-preview:-1\" \/>\n<link rel=\"canonical\" href=\"https:\/\/vieassociative.be\/actualites\/jai-essaye-de-passer-du-temps-avec-mon-fils-en-vr-pour-la-fete-des-peres\/\" \/>\n<meta property=\"og:locale\" content=\"fr_FR\" \/>\n<meta property=\"og:type\" content=\"article\" \/>\n<meta property=\"og:title\" content=\"J&#039;ai essay\u00e9 de passer du temps avec mon fils en VR pour la f\u00eate des p\u00e8res | Vie Associative\" \/>\n<meta property=\"og:description\" content=\"Si vous parvenez \u00e0 convaincre votre p\u00e8re d\u2019essayer quelque chose de nouveau, vous d\u00e9couvrirez peut-\u00eatre une fa\u00e7on \u00e9trange de cr\u00e9er des liens en VR. Si\" \/>\n<meta property=\"og:url\" content=\"https:\/\/vieassociative.be\/actualites\/jai-essaye-de-passer-du-temps-avec-mon-fils-en-vr-pour-la-fete-des-peres\/\" \/>\n<meta property=\"og:site_name\" content=\"Vie Associative\" \/>\n<meta property=\"article:published_time\" content=\"2024-10-26T04:23:42+00:00\" \/>\n<meta property=\"og:image\" content=\"https:\/\/vieassociative.be\/actualites\/wp-content\/uploads\/2024\/09\/header_backgroundk-01-e1726694325946.png\" \/>\n\t<meta property=\"og:image:width\" content=\"279\" \/>\n\t<meta property=\"og:image:height\" content=\"92\" \/>\n\t<meta property=\"og:image:type\" content=\"image\/png\" \/>\n<meta name=\"author\" content=\"Julien\" \/>\n<meta name=\"twitter:card\" content=\"summary_large_image\" \/>\n<meta name=\"twitter:label1\" content=\"\u00c9crit par\" \/>\n\t<meta name=\"twitter:data1\" content=\"Julien\" \/>\n\t<meta name=\"twitter:label2\" content=\"Dur\u00e9e de lecture est.\" \/>\n\t<meta name=\"twitter:data2\" content=\"8 minutes\" \/>\n<script type=\"application\/ld+json\" class=\"yoast-schema-graph\">{\"@context\":\"https:\/\/schema.org\",\"@graph\":[{\"@type\":\"Article\",\"@id\":\"https:\/\/vieassociative.be\/actualites\/jai-essaye-de-passer-du-temps-avec-mon-fils-en-vr-pour-la-fete-des-peres\/#article\",\"isPartOf\":{\"@id\":\"https:\/\/vieassociative.be\/actualites\/jai-essaye-de-passer-du-temps-avec-mon-fils-en-vr-pour-la-fete-des-peres\/\"},\"author\":{\"name\":\"Julien\",\"@id\":\"https:\/\/vieassociative.be\/actualites\/#\/schema\/person\/b87ac4f82f9d4e7b7cec7395b679edc4\"},\"headline\":\"J&rsquo;ai essay\u00e9 de passer du temps avec mon fils en VR pour la f\u00eate des p\u00e8res\",\"datePublished\":\"2024-10-26T04:23:42+00:00\",\"dateModified\":\"2024-10-26T04:23:42+00:00\",\"mainEntityOfPage\":{\"@id\":\"https:\/\/vieassociative.be\/actualites\/jai-essaye-de-passer-du-temps-avec-mon-fils-en-vr-pour-la-fete-des-peres\/\"},\"wordCount\":1707,\"publisher\":{\"@id\":\"https:\/\/vieassociative.be\/actualites\/#organization\"},\"image\":{\"@id\":\"https:\/\/vieassociative.be\/actualites\/jai-essaye-de-passer-du-temps-avec-mon-fils-en-vr-pour-la-fete-des-peres\/#primaryimage\"},\"thumbnailUrl\":\"https:\/\/vieassociative.be\/actualites\/wp-content\/uploads\/2024\/10\/Jai-essaye-de-passer-du-temps-avec-mon-fils-en.jpg\",\"keywords\":[\"avec\",\"Des\",\"essay\u00e9\",\"f\u00eate\",\"fils\",\"Jai\",\"Mon\",\"passer\",\"p\u00e8res\",\"pour\",\"temps\"],\"articleSection\":[\"Famille\"],\"inLanguage\":\"fr-BE\"},{\"@type\":\"WebPage\",\"@id\":\"https:\/\/vieassociative.be\/actualites\/jai-essaye-de-passer-du-temps-avec-mon-fils-en-vr-pour-la-fete-des-peres\/\",\"url\":\"https:\/\/vieassociative.be\/actualites\/jai-essaye-de-passer-du-temps-avec-mon-fils-en-vr-pour-la-fete-des-peres\/\",\"name\":\"J'ai essay\u00e9 de passer du temps avec mon fils en VR pour la f\u00eate des p\u00e8res | Vie Associative\",\"isPartOf\":{\"@id\":\"https:\/\/vieassociative.be\/actualites\/#website\"},\"primaryImageOfPage\":{\"@id\":\"https:\/\/vieassociative.be\/actualites\/jai-essaye-de-passer-du-temps-avec-mon-fils-en-vr-pour-la-fete-des-peres\/#primaryimage\"},\"image\":{\"@id\":\"https:\/\/vieassociative.be\/actualites\/jai-essaye-de-passer-du-temps-avec-mon-fils-en-vr-pour-la-fete-des-peres\/#primaryimage\"},\"thumbnailUrl\":\"https:\/\/vieassociative.be\/actualites\/wp-content\/uploads\/2024\/10\/Jai-essaye-de-passer-du-temps-avec-mon-fils-en.jpg\",\"datePublished\":\"2024-10-26T04:23:42+00:00\",\"dateModified\":\"2024-10-26T04:23:42+00:00\",\"breadcrumb\":{\"@id\":\"https:\/\/vieassociative.be\/actualites\/jai-essaye-de-passer-du-temps-avec-mon-fils-en-vr-pour-la-fete-des-peres\/#breadcrumb\"},\"inLanguage\":\"fr-BE\",\"potentialAction\":[{\"@type\":\"ReadAction\",\"target\":[\"https:\/\/vieassociative.be\/actualites\/jai-essaye-de-passer-du-temps-avec-mon-fils-en-vr-pour-la-fete-des-peres\/\"]}]},{\"@type\":\"ImageObject\",\"inLanguage\":\"fr-BE\",\"@id\":\"https:\/\/vieassociative.be\/actualites\/jai-essaye-de-passer-du-temps-avec-mon-fils-en-vr-pour-la-fete-des-peres\/#primaryimage\",\"url\":\"https:\/\/vieassociative.be\/actualites\/wp-content\/uploads\/2024\/10\/Jai-essaye-de-passer-du-temps-avec-mon-fils-en.jpg\",\"contentUrl\":\"https:\/\/vieassociative.be\/actualites\/wp-content\/uploads\/2024\/10\/Jai-essaye-de-passer-du-temps-avec-mon-fils-en.jpg\",\"width\":1199,\"height\":675,\"caption\":\"J'ai essay\u00e9 de passer du temps avec mon fils en VR pour la f\u00eate des p\u00e8res\"},{\"@type\":\"BreadcrumbList\",\"@id\":\"https:\/\/vieassociative.be\/actualites\/jai-essaye-de-passer-du-temps-avec-mon-fils-en-vr-pour-la-fete-des-peres\/#breadcrumb\",\"itemListElement\":[{\"@type\":\"ListItem\",\"position\":1,\"name\":\"Accueil\",\"item\":\"https:\/\/vieassociative.be\/actualites\/\"},{\"@type\":\"ListItem\",\"position\":2,\"name\":\"J&rsquo;ai essay\u00e9 de passer du temps avec mon fils en VR pour la f\u00eate des p\u00e8res\"}]},{\"@type\":\"WebSite\",\"@id\":\"https:\/\/vieassociative.be\/actualites\/#website\",\"url\":\"https:\/\/vieassociative.be\/actualites\/\",\"name\":\"Vie Associative\",\"description\":\"\",\"publisher\":{\"@id\":\"https:\/\/vieassociative.be\/actualites\/#organization\"},\"potentialAction\":[{\"@type\":\"SearchAction\",\"target\":{\"@type\":\"EntryPoint\",\"urlTemplate\":\"https:\/\/vieassociative.be\/actualites\/?s={search_term_string}\"},\"query-input\":{\"@type\":\"PropertyValueSpecification\",\"valueRequired\":true,\"valueName\":\"search_term_string\"}}],\"inLanguage\":\"fr-BE\"},{\"@type\":\"Organization\",\"@id\":\"https:\/\/vieassociative.be\/actualites\/#organization\",\"name\":\"Vie Associative\",\"url\":\"https:\/\/vieassociative.be\/actualites\/\",\"logo\":{\"@type\":\"ImageObject\",\"inLanguage\":\"fr-BE\",\"@id\":\"https:\/\/vieassociative.be\/actualites\/#\/schema\/logo\/image\/\",\"url\":\"https:\/\/vieassociative.be\/actualites\/wp-content\/uploads\/2024\/09\/cropped-vieassociative_favicon.ico.png\",\"contentUrl\":\"https:\/\/vieassociative.be\/actualites\/wp-content\/uploads\/2024\/09\/cropped-vieassociative_favicon.ico.png\",\"width\":512,\"height\":512,\"caption\":\"Vie Associative\"},\"image\":{\"@id\":\"https:\/\/vieassociative.be\/actualites\/#\/schema\/logo\/image\/\"}},{\"@type\":\"Person\",\"@id\":\"https:\/\/vieassociative.be\/actualites\/#\/schema\/person\/b87ac4f82f9d4e7b7cec7395b679edc4\",\"name\":\"Julien\",\"image\":{\"@type\":\"ImageObject\",\"inLanguage\":\"fr-BE\",\"@id\":\"https:\/\/vieassociative.be\/actualites\/#\/schema\/person\/image\/\",\"url\":\"https:\/\/vieassociative.be\/actualites\/wp-content\/uploads\/2024\/09\/vie-associative-1-150x150.jpg\",\"contentUrl\":\"https:\/\/vieassociative.be\/actualites\/wp-content\/uploads\/2024\/09\/vie-associative-1-150x150.jpg\",\"caption\":\"Julien\"},\"description\":\"Je suis Julien, r\u00e9dacteur pour Vie Associative. Passionn\u00e9 par le monde associatif depuis plus de 10 ans, j'ai \u00e0 c\u0153ur de partager des histoires inspirantes et de mettre en lumi\u00e8re les initiatives locales. Mon objectif est de sensibiliser et d'encourager l'engagement communautaire \u00e0 travers mes articles.\",\"sameAs\":[\"https:\/\/vieassociative.be\/\"]}]}<\/script>\n<!-- \/ Yoast SEO plugin. -->","yoast_head_json":{"title":"J'ai essay\u00e9 de passer du temps avec mon fils en VR pour la f\u00eate des p\u00e8res | Vie Associative","robots":{"index":"index","follow":"follow","max-snippet":"max-snippet:-1","max-image-preview":"max-image-preview:large","max-video-preview":"max-video-preview:-1"},"canonical":"https:\/\/vieassociative.be\/actualites\/jai-essaye-de-passer-du-temps-avec-mon-fils-en-vr-pour-la-fete-des-peres\/","og_locale":"fr_FR","og_type":"article","og_title":"J'ai essay\u00e9 de passer du temps avec mon fils en VR pour la f\u00eate des p\u00e8res | Vie Associative","og_description":"Si vous parvenez \u00e0 convaincre votre p\u00e8re d\u2019essayer quelque chose de nouveau, vous d\u00e9couvrirez peut-\u00eatre une fa\u00e7on \u00e9trange de cr\u00e9er des liens en VR. Si","og_url":"https:\/\/vieassociative.be\/actualites\/jai-essaye-de-passer-du-temps-avec-mon-fils-en-vr-pour-la-fete-des-peres\/","og_site_name":"Vie Associative","article_published_time":"2024-10-26T04:23:42+00:00","og_image":[{"width":279,"height":92,"url":"https:\/\/vieassociative.be\/actualites\/wp-content\/uploads\/2024\/09\/header_backgroundk-01-e1726694325946.png","type":"image\/png"}],"author":"Julien","twitter_card":"summary_large_image","twitter_misc":{"\u00c9crit par":"Julien","Dur\u00e9e de lecture est.":"8 minutes"},"schema":{"@context":"https:\/\/schema.org","@graph":[{"@type":"Article","@id":"https:\/\/vieassociative.be\/actualites\/jai-essaye-de-passer-du-temps-avec-mon-fils-en-vr-pour-la-fete-des-peres\/#article","isPartOf":{"@id":"https:\/\/vieassociative.be\/actualites\/jai-essaye-de-passer-du-temps-avec-mon-fils-en-vr-pour-la-fete-des-peres\/"},"author":{"name":"Julien","@id":"https:\/\/vieassociative.be\/actualites\/#\/schema\/person\/b87ac4f82f9d4e7b7cec7395b679edc4"},"headline":"J&rsquo;ai essay\u00e9 de passer du temps avec mon fils en VR pour la f\u00eate des p\u00e8res","datePublished":"2024-10-26T04:23:42+00:00","dateModified":"2024-10-26T04:23:42+00:00","mainEntityOfPage":{"@id":"https:\/\/vieassociative.be\/actualites\/jai-essaye-de-passer-du-temps-avec-mon-fils-en-vr-pour-la-fete-des-peres\/"},"wordCount":1707,"publisher":{"@id":"https:\/\/vieassociative.be\/actualites\/#organization"},"image":{"@id":"https:\/\/vieassociative.be\/actualites\/jai-essaye-de-passer-du-temps-avec-mon-fils-en-vr-pour-la-fete-des-peres\/#primaryimage"},"thumbnailUrl":"https:\/\/vieassociative.be\/actualites\/wp-content\/uploads\/2024\/10\/Jai-essaye-de-passer-du-temps-avec-mon-fils-en.jpg","keywords":["avec","Des","essay\u00e9","f\u00eate","fils","Jai","Mon","passer","p\u00e8res","pour","temps"],"articleSection":["Famille"],"inLanguage":"fr-BE"},{"@type":"WebPage","@id":"https:\/\/vieassociative.be\/actualites\/jai-essaye-de-passer-du-temps-avec-mon-fils-en-vr-pour-la-fete-des-peres\/","url":"https:\/\/vieassociative.be\/actualites\/jai-essaye-de-passer-du-temps-avec-mon-fils-en-vr-pour-la-fete-des-peres\/","name":"J'ai essay\u00e9 de passer du temps avec mon fils en VR pour la f\u00eate des p\u00e8res | Vie Associative","isPartOf":{"@id":"https:\/\/vieassociative.be\/actualites\/#website"},"primaryImageOfPage":{"@id":"https:\/\/vieassociative.be\/actualites\/jai-essaye-de-passer-du-temps-avec-mon-fils-en-vr-pour-la-fete-des-peres\/#primaryimage"},"image":{"@id":"https:\/\/vieassociative.be\/actualites\/jai-essaye-de-passer-du-temps-avec-mon-fils-en-vr-pour-la-fete-des-peres\/#primaryimage"},"thumbnailUrl":"https:\/\/vieassociative.be\/actualites\/wp-content\/uploads\/2024\/10\/Jai-essaye-de-passer-du-temps-avec-mon-fils-en.jpg","datePublished":"2024-10-26T04:23:42+00:00","dateModified":"2024-10-26T04:23:42+00:00","breadcrumb":{"@id":"https:\/\/vieassociative.be\/actualites\/jai-essaye-de-passer-du-temps-avec-mon-fils-en-vr-pour-la-fete-des-peres\/#breadcrumb"},"inLanguage":"fr-BE","potentialAction":[{"@type":"ReadAction","target":["https:\/\/vieassociative.be\/actualites\/jai-essaye-de-passer-du-temps-avec-mon-fils-en-vr-pour-la-fete-des-peres\/"]}]},{"@type":"ImageObject","inLanguage":"fr-BE","@id":"https:\/\/vieassociative.be\/actualites\/jai-essaye-de-passer-du-temps-avec-mon-fils-en-vr-pour-la-fete-des-peres\/#primaryimage","url":"https:\/\/vieassociative.be\/actualites\/wp-content\/uploads\/2024\/10\/Jai-essaye-de-passer-du-temps-avec-mon-fils-en.jpg","contentUrl":"https:\/\/vieassociative.be\/actualites\/wp-content\/uploads\/2024\/10\/Jai-essaye-de-passer-du-temps-avec-mon-fils-en.jpg","width":1199,"height":675,"caption":"J'ai essay\u00e9 de passer du temps avec mon fils en VR pour la f\u00eate des p\u00e8res"},{"@type":"BreadcrumbList","@id":"https:\/\/vieassociative.be\/actualites\/jai-essaye-de-passer-du-temps-avec-mon-fils-en-vr-pour-la-fete-des-peres\/#breadcrumb","itemListElement":[{"@type":"ListItem","position":1,"name":"Accueil","item":"https:\/\/vieassociative.be\/actualites\/"},{"@type":"ListItem","position":2,"name":"J&rsquo;ai essay\u00e9 de passer du temps avec mon fils en VR pour la f\u00eate des p\u00e8res"}]},{"@type":"WebSite","@id":"https:\/\/vieassociative.be\/actualites\/#website","url":"https:\/\/vieassociative.be\/actualites\/","name":"Vie Associative","description":"","publisher":{"@id":"https:\/\/vieassociative.be\/actualites\/#organization"},"potentialAction":[{"@type":"SearchAction","target":{"@type":"EntryPoint","urlTemplate":"https:\/\/vieassociative.be\/actualites\/?s={search_term_string}"},"query-input":{"@type":"PropertyValueSpecification","valueRequired":true,"valueName":"search_term_string"}}],"inLanguage":"fr-BE"},{"@type":"Organization","@id":"https:\/\/vieassociative.be\/actualites\/#organization","name":"Vie Associative","url":"https:\/\/vieassociative.be\/actualites\/","logo":{"@type":"ImageObject","inLanguage":"fr-BE","@id":"https:\/\/vieassociative.be\/actualites\/#\/schema\/logo\/image\/","url":"https:\/\/vieassociative.be\/actualites\/wp-content\/uploads\/2024\/09\/cropped-vieassociative_favicon.ico.png","contentUrl":"https:\/\/vieassociative.be\/actualites\/wp-content\/uploads\/2024\/09\/cropped-vieassociative_favicon.ico.png","width":512,"height":512,"caption":"Vie Associative"},"image":{"@id":"https:\/\/vieassociative.be\/actualites\/#\/schema\/logo\/image\/"}},{"@type":"Person","@id":"https:\/\/vieassociative.be\/actualites\/#\/schema\/person\/b87ac4f82f9d4e7b7cec7395b679edc4","name":"Julien","image":{"@type":"ImageObject","inLanguage":"fr-BE","@id":"https:\/\/vieassociative.be\/actualites\/#\/schema\/person\/image\/","url":"https:\/\/vieassociative.be\/actualites\/wp-content\/uploads\/2024\/09\/vie-associative-1-150x150.jpg","contentUrl":"https:\/\/vieassociative.be\/actualites\/wp-content\/uploads\/2024\/09\/vie-associative-1-150x150.jpg","caption":"Julien"},"description":"Je suis Julien, r\u00e9dacteur pour Vie Associative. Passionn\u00e9 par le monde associatif depuis plus de 10 ans, j'ai \u00e0 c\u0153ur de partager des histoires inspirantes et de mettre en lumi\u00e8re les initiatives locales. Mon objectif est de sensibiliser et d'encourager l'engagement communautaire \u00e0 travers mes articles.","sameAs":["https:\/\/vieassociative.be\/"]}]}},"_links":{"self":[{"href":"https:\/\/vieassociative.be\/actualites\/wp-json\/wp\/v2\/posts\/1651"}],"collection":[{"href":"https:\/\/vieassociative.be\/actualites\/wp-json\/wp\/v2\/posts"}],"about":[{"href":"https:\/\/vieassociative.be\/actualites\/wp-json\/wp\/v2\/types\/post"}],"author":[{"embeddable":true,"href":"https:\/\/vieassociative.be\/actualites\/wp-json\/wp\/v2\/users\/1"}],"replies":[{"embeddable":true,"href":"https:\/\/vieassociative.be\/actualites\/wp-json\/wp\/v2\/comments?post=1651"}],"version-history":[{"count":0,"href":"https:\/\/vieassociative.be\/actualites\/wp-json\/wp\/v2\/posts\/1651\/revisions"}],"wp:featuredmedia":[{"embeddable":true,"href":"https:\/\/vieassociative.be\/actualites\/wp-json\/wp\/v2\/media\/1652"}],"wp:attachment":[{"href":"https:\/\/vieassociative.be\/actualites\/wp-json\/wp\/v2\/media?parent=1651"}],"wp:term":[{"taxonomy":"category","embeddable":true,"href":"https:\/\/vieassociative.be\/actualites\/wp-json\/wp\/v2\/categories?post=1651"},{"taxonomy":"post_tag","embeddable":true,"href":"https:\/\/vieassociative.be\/actualites\/wp-json\/wp\/v2\/tags?post=1651"}],"curies":[{"name":"wp","href":"https:\/\/api.w.org\/{rel}","templated":true}]}}