{"id":1643,"date":"2024-10-26T01:18:11","date_gmt":"2024-10-25T23:18:11","guid":{"rendered":"https:\/\/vieassociative.be\/actualites\/apprenez-le-profil-energetique-de-votre-enfant-pour-eviter-les-surcharges-de-travail\/"},"modified":"2024-10-26T01:18:11","modified_gmt":"2024-10-25T23:18:11","slug":"apprenez-le-profil-energetique-de-votre-enfant-pour-eviter-les-surcharges-de-travail","status":"publish","type":"post","link":"https:\/\/vieassociative.be\/actualites\/apprenez-le-profil-energetique-de-votre-enfant-pour-eviter-les-surcharges-de-travail\/","title":{"rendered":"Apprenez le profil \u00e9nerg\u00e9tique de votre enfant pour \u00e9viter les surcharges de travail"},"content":{"rendered":"<div class=\"mt-4 leading-6 md:mb-8\">Tous les enfants ne sont pas faits pour un programme d\u2019activit\u00e9s charg\u00e9.<\/div>\n<p><\/p>\n<p>Est-ce que vous terminez chaque journ\u00e9e en regardant tout ce que vous <em>n&rsquo;a pas <\/em>avez-vous termin\u00e9 et vous vous demandez comment vous allez les int\u00e9grer dans la liste de demain\u00a0? Votre enfant pourrait \u00eatre confront\u00e9 au m\u00eame bouleversement si sa liste d\u2019activit\u00e9s ne correspond pas \u00e0 son profil \u00e9nerg\u00e9tique personnel. Une culture de r\u00e9ussite et des listes de choses \u00e0 faire interminables conduisent \u00e0 des d\u00e9lais excessifs, m\u00eame pour les tr\u00e8s jeunes enfants.<\/p>\n<p>\u00ab\u00a0Avec cela comme norme, de nombreux enfants se retrouvent avec des journ\u00e9es remplies d&rsquo;exp\u00e9riences transactionnelles et trop peu de temps et d&rsquo;\u00e9nergie pour le repos, la r\u00e9flexion et l&rsquo;exploration ouverte (non ax\u00e9e sur des objectifs)\u00a0\u00bb, \u00e9crit Ana, conseill\u00e8re p\u00e9dagogique et experte en d\u00e9veloppement de carri\u00e8re. Homayoun dans son nouveau livre <em>Effacer la ligne d&rsquo;arriv\u00e9e\u00a0: le nouveau mod\u00e8le de r\u00e9ussite au-del\u00e0 des notes et de l&rsquo;admission \u00e0 l&rsquo;universit\u00e9<\/em>.<\/p>\n<p>Le profil \u00e9nerg\u00e9tique d&rsquo;une personne est sa recette unique d&rsquo;activit\u00e9s qui lui donnent de l&rsquo;\u00e9nergie, d&rsquo;activit\u00e9s qui drainent son \u00e9nergie et de fa\u00e7ons dont elle peut recharger son \u00e9nergie r\u00e9guli\u00e8rement.<\/p>\n<h2 id=\"figure-out-your-childs-energy-profile\">D\u00e9terminez le profil \u00e9nerg\u00e9tique de votre enfant<\/h2>\n<p>Pour avoir une id\u00e9e du profil \u00e9nerg\u00e9tique de votre enfant (ou du v\u00f4tre), tenez compte de ces trois facteurs\u00a0:<\/p>\n<ol>\n<li>\n<p>Quelles activit\u00e9s, exp\u00e9riences et \u00e9v\u00e9nements quotidiens sont \u00e9nergisants<\/p>\n<\/li>\n<li>\n<p>Quelles activit\u00e9s, exp\u00e9riences et \u00e9v\u00e9nements quotidiens sont \u00e9puisants<\/p>\n<\/li>\n<li>\n<p>Comment recharger au mieux notre \u00e9nergie au quotidien ou chaque semaine, et les meilleures fa\u00e7ons de le faire apr\u00e8s une exp\u00e9rience particuli\u00e8rement \u00e9prouvante<\/p>\n<\/li>\n<\/ol>\n<p>Pensez \u00e0 l&rsquo;\u00e9poque o\u00f9 votre enfant \u00e9tait un b\u00e9b\u00e9 ou un tout-petit. Vous aviez probablement une bonne id\u00e9e de la fa\u00e7on dont leur \u00e9nergie augmentait et diminuait au cours de la journ\u00e9e. Vous avez facilement ajust\u00e9 leur horaire quotidien en fonction du moment o\u00f9 ils avaient besoin de nourriture, de repos et d&rsquo;activit\u00e9. Surprendre! Les adolescents ont besoin de la m\u00eame attention pour g\u00e9rer leur \u00e9nergie : il est simplement plus difficile pour les parents de reconna\u00eetre leurs signaux \u00e0 mesure qu&rsquo;ils deviennent plus ind\u00e9pendants.<\/p>\n<h2 id=\"how-overscheduling-negatively-impacts-kids\">Comment les horaires excessifs ont un impact n\u00e9gatif sur les enfants<\/h2>\n<p>Avoir trop de choses dans son assiette peut drainer l&rsquo;\u00e9nergie d&rsquo;un enfant, le mettre de mauvaise humeur et avoir un impact sur sa capacit\u00e9 \u00e0 g\u00e9rer la d\u00e9ception. En d\u2019autres termes, un horaire excessif peut transformer votre enfant en un grincheux fatigu\u00e9 et d\u00e9r\u00e9gul\u00e9.<\/p>\n<p>\u00ab\u00a0Pour de nombreux \u00e9tudiants, ce manque d&rsquo;\u00e9nergie, que ce soit pour poursuivre d&rsquo;autres int\u00e9r\u00eats ou simplement pour \u00eatre, peut diminuer l&rsquo;estime de soi. Apr\u00e8s tout, il y a le sentiment persistant de ne jamais en faire assez et de toujours avoir besoin d&rsquo;\u00eatre et d&rsquo;en faire plus\u00a0\u00bb, \u00e9crit Homayoun.<\/p>\n<p>Un emploi du temps excessif peut \u00e9galement entra\u00eener une perte de sommeil.<\/p>\n<p>\u00ab\u00a0Une \u00e9tude de 2018 a examin\u00e9 les donn\u00e9es sur l&rsquo;activit\u00e9 physique, le sommeil et le temps pass\u00e9 devant un \u00e9cran chez 4 520 enfants aux \u00c9tats-Unis, r\u00e9v\u00e9lant que pr\u00e8s d&rsquo;un tiers ne respectait aucune des recommandations en mati\u00e8re d&rsquo;exercice, de dur\u00e9e de sommeil ou de limites de temps pass\u00e9 devant un \u00e9cran\u00a0\u00bb, Homayoun. dit.<\/p>\n<h2 id=\"why-do-parents-feel-pressure-to-overschedule\">Pourquoi les parents se sentent-ils oblig\u00e9s de d\u00e9passer leurs horaires ?<\/h2>\n<p>\u00c0 mesure que votre enfant grandissait, avez-vous commenc\u00e9 \u00e0 l\u2019inscrire \u00e0 des cours et \u00e0 des activit\u00e9s simplement parce que cela vous semblait normal\u00a0? Homayoun affirme que notre culture de perfectionnisme bas\u00e9e sur la r\u00e9ussite peut donner l&rsquo;impression que les d\u00e9passements d&rsquo;horaires ne sont pas n\u00e9gociables, comme s&rsquo;il s&rsquo;agissait simplement d&rsquo;une r\u00e9alit\u00e9 de la vie.<\/p>\n<p>\u00ab Les r\u00e9seaux sociaux nous bombardent d&rsquo;images idylliques de \u00ab vies parfaites \u00bb et nous font croire que la perfection est notre \u00e9toile polaire \u00bb, a-t-elle d\u00e9clar\u00e9. \u00ab Nous cherchons constamment \u00e0 \u00ab\u00a0devenir suffisamment bons\u00a0\u00bb.\u00a0\u00bb<\/p>\n<p>Des listes de choses \u00e0 faire sans fin provoquent chez tout le monde du stress, de l&rsquo;\u00e9puisement professionnel, de la peur, du sentiment d&rsquo;accablement et de la honte. Les gens souffrent d\u2019anxi\u00e9t\u00e9 et de d\u00e9pression de plus en plus jeunes, a d\u00e9clar\u00e9 Homayoun.<\/p>\n<h2 id=\"tips-for-tuning-in-to-your-kids-energy-profile\">Conseils pour vous adapter au profil \u00e9nerg\u00e9tique de votre enfant<\/h2>\n<p>Toute personne occup\u00e9e, adulte ou enfant, pourrait faire face \u00e0 un d\u00e9passement d&rsquo;horaire en se concentrant sur la gestion du temps, mais Homayoun sugg\u00e8re plut\u00f4t de se concentrer sur la gestion de l&rsquo;\u00e9nergie.<\/p>\n<ul>\n<li>\n<p>Faites attention \u00e0 la fa\u00e7on dont le profil \u00e9nerg\u00e9tique de votre enfant peut \u00e9voluer au fil du temps. Souviens-toi, <em>tellement<\/em> change pour les enfants, des corps aux activit\u00e9s en passant par les responsabilit\u00e9s. <\/p>\n<\/li>\n<li>\n<p>Acceptez que leur int\u00e9r\u00eat et leur capacit\u00e9 \u00e0 socialiser puissent passer par des phases.<\/p>\n<\/li>\n<li>\n<p>Comprenez qu\u2019il n\u2019existe pas de \u00ab\u00a0bon\u00a0\u00bb montant pour que les enfants puissent socialiser et participer \u00e0 des activit\u00e9s.<\/p>\n<\/li>\n<li>\n<p>Soyez conscient de vos propres ins\u00e9curit\u00e9s et besoins que vous pourriez projeter sur votre enfant. <\/p>\n<\/li>\n<li>\n<p>Permettez aux diff\u00e9rents membres de la famille d\u2019avoir des profils \u00e9nerg\u00e9tiques diff\u00e9rents, sans exercer la m\u00eame pression sur tout le monde pour qu\u2019il fasse toutes les activit\u00e9s. \u00ab\u00a0Il n&rsquo;y a rien de mal \u00e0 ce qu&rsquo;un enfant introverti ne socialise pas d&rsquo;une mani\u00e8re plus adapt\u00e9e \u00e0 ses fr\u00e8res et s\u0153urs ou \u00e0 ses parents extravertis\u00a0\u00bb, a d\u00e9clar\u00e9 Homayoun.<\/p>\n<\/li>\n<li>\n<p>Connectez-vous avec d&rsquo;autres parents et familles qui tentent de contrer la culture toxique du perfectionnisme et d&rsquo;en faire plus.<\/p>\n<\/li>\n<li>\n<p>D\u00e9couvrez celui de Thomas Boyce <em>L&rsquo;orchid\u00e9e et le pissenlit<\/em> pour en savoir plus sur le profil \u00e9nerg\u00e9tique unique de votre enfant.<\/p>\n<\/li>\n<\/ul>\n","protected":false},"excerpt":{"rendered":"<p>Tous les enfants ne sont pas faits pour un programme d\u2019activit\u00e9s charg\u00e9. Est-ce que vous terminez chaque journ\u00e9e en regardant tout ce que vous n&rsquo;a<\/p>\n","protected":false},"author":1,"featured_media":1644,"comment_status":"","ping_status":"","sticky":false,"template":"","format":"standard","meta":{"footnotes":""},"categories":[37],"tags":[1825,2250,295,45,14,81,1183,2251,504,8],"class_list":["post-1643","post","type-post","status-publish","format-standard","has-post-thumbnail","hentry","category-famille","tag-apprenez","tag-energetique","tag-enfant","tag-eviter","tag-les","tag-pour","tag-profil","tag-surcharges","tag-travail","tag-votre","generate-columns","tablet-grid-50","mobile-grid-100","grid-parent","grid-33"],"yoast_head":"<!-- This site is optimized with the Yoast SEO plugin v24.0 - https:\/\/yoast.com\/wordpress\/plugins\/seo\/ -->\n<title>Apprenez le profil \u00e9nerg\u00e9tique de votre enfant pour \u00e9viter les surcharges de travail | Vie Associative<\/title>\n<meta name=\"robots\" content=\"index, follow, max-snippet:-1, max-image-preview:large, max-video-preview:-1\" \/>\n<link rel=\"canonical\" href=\"https:\/\/vieassociative.be\/actualites\/apprenez-le-profil-energetique-de-votre-enfant-pour-eviter-les-surcharges-de-travail\/\" \/>\n<meta property=\"og:locale\" content=\"fr_FR\" \/>\n<meta property=\"og:type\" content=\"article\" \/>\n<meta property=\"og:title\" content=\"Apprenez le profil \u00e9nerg\u00e9tique de votre enfant pour \u00e9viter les surcharges de travail | Vie Associative\" \/>\n<meta property=\"og:description\" content=\"Tous les enfants ne sont pas faits pour un programme d\u2019activit\u00e9s charg\u00e9. Est-ce que vous terminez chaque journ\u00e9e en regardant tout ce que vous n&rsquo;a\" \/>\n<meta property=\"og:url\" content=\"https:\/\/vieassociative.be\/actualites\/apprenez-le-profil-energetique-de-votre-enfant-pour-eviter-les-surcharges-de-travail\/\" \/>\n<meta property=\"og:site_name\" content=\"Vie Associative\" \/>\n<meta property=\"article:published_time\" content=\"2024-10-25T23:18:11+00:00\" \/>\n<meta property=\"og:image\" content=\"https:\/\/vieassociative.be\/actualites\/wp-content\/uploads\/2024\/09\/header_backgroundk-01-e1726694325946.png\" \/>\n\t<meta property=\"og:image:width\" content=\"279\" \/>\n\t<meta property=\"og:image:height\" content=\"92\" \/>\n\t<meta property=\"og:image:type\" content=\"image\/png\" \/>\n<meta name=\"author\" content=\"Julien\" \/>\n<meta name=\"twitter:card\" content=\"summary_large_image\" \/>\n<meta name=\"twitter:label1\" content=\"\u00c9crit par\" \/>\n\t<meta name=\"twitter:data1\" content=\"Julien\" \/>\n\t<meta name=\"twitter:label2\" content=\"Dur\u00e9e de lecture est.\" \/>\n\t<meta name=\"twitter:data2\" content=\"5 minutes\" \/>\n<script type=\"application\/ld+json\" class=\"yoast-schema-graph\">{\"@context\":\"https:\/\/schema.org\",\"@graph\":[{\"@type\":\"Article\",\"@id\":\"https:\/\/vieassociative.be\/actualites\/apprenez-le-profil-energetique-de-votre-enfant-pour-eviter-les-surcharges-de-travail\/#article\",\"isPartOf\":{\"@id\":\"https:\/\/vieassociative.be\/actualites\/apprenez-le-profil-energetique-de-votre-enfant-pour-eviter-les-surcharges-de-travail\/\"},\"author\":{\"name\":\"Julien\",\"@id\":\"https:\/\/vieassociative.be\/actualites\/#\/schema\/person\/b87ac4f82f9d4e7b7cec7395b679edc4\"},\"headline\":\"Apprenez le profil \u00e9nerg\u00e9tique de votre enfant pour \u00e9viter les surcharges de travail\",\"datePublished\":\"2024-10-25T23:18:11+00:00\",\"dateModified\":\"2024-10-25T23:18:11+00:00\",\"mainEntityOfPage\":{\"@id\":\"https:\/\/vieassociative.be\/actualites\/apprenez-le-profil-energetique-de-votre-enfant-pour-eviter-les-surcharges-de-travail\/\"},\"wordCount\":1005,\"publisher\":{\"@id\":\"https:\/\/vieassociative.be\/actualites\/#organization\"},\"image\":{\"@id\":\"https:\/\/vieassociative.be\/actualites\/apprenez-le-profil-energetique-de-votre-enfant-pour-eviter-les-surcharges-de-travail\/#primaryimage\"},\"thumbnailUrl\":\"https:\/\/vieassociative.be\/actualites\/wp-content\/uploads\/2024\/10\/Apprenez-le-profil-energetique-de-votre-enfant-pour-eviter-les.jpg\",\"keywords\":[\"Apprenez\",\"\u00e9nerg\u00e9tique\",\"enfant\",\"\u00e9viter\",\"Les\",\"pour\",\"profil\",\"surcharges\",\"travail\",\"votre\"],\"articleSection\":[\"Famille\"],\"inLanguage\":\"fr-BE\"},{\"@type\":\"WebPage\",\"@id\":\"https:\/\/vieassociative.be\/actualites\/apprenez-le-profil-energetique-de-votre-enfant-pour-eviter-les-surcharges-de-travail\/\",\"url\":\"https:\/\/vieassociative.be\/actualites\/apprenez-le-profil-energetique-de-votre-enfant-pour-eviter-les-surcharges-de-travail\/\",\"name\":\"Apprenez le profil \u00e9nerg\u00e9tique de votre enfant pour \u00e9viter les surcharges de travail | Vie Associative\",\"isPartOf\":{\"@id\":\"https:\/\/vieassociative.be\/actualites\/#website\"},\"primaryImageOfPage\":{\"@id\":\"https:\/\/vieassociative.be\/actualites\/apprenez-le-profil-energetique-de-votre-enfant-pour-eviter-les-surcharges-de-travail\/#primaryimage\"},\"image\":{\"@id\":\"https:\/\/vieassociative.be\/actualites\/apprenez-le-profil-energetique-de-votre-enfant-pour-eviter-les-surcharges-de-travail\/#primaryimage\"},\"thumbnailUrl\":\"https:\/\/vieassociative.be\/actualites\/wp-content\/uploads\/2024\/10\/Apprenez-le-profil-energetique-de-votre-enfant-pour-eviter-les.jpg\",\"datePublished\":\"2024-10-25T23:18:11+00:00\",\"dateModified\":\"2024-10-25T23:18:11+00:00\",\"breadcrumb\":{\"@id\":\"https:\/\/vieassociative.be\/actualites\/apprenez-le-profil-energetique-de-votre-enfant-pour-eviter-les-surcharges-de-travail\/#breadcrumb\"},\"inLanguage\":\"fr-BE\",\"potentialAction\":[{\"@type\":\"ReadAction\",\"target\":[\"https:\/\/vieassociative.be\/actualites\/apprenez-le-profil-energetique-de-votre-enfant-pour-eviter-les-surcharges-de-travail\/\"]}]},{\"@type\":\"ImageObject\",\"inLanguage\":\"fr-BE\",\"@id\":\"https:\/\/vieassociative.be\/actualites\/apprenez-le-profil-energetique-de-votre-enfant-pour-eviter-les-surcharges-de-travail\/#primaryimage\",\"url\":\"https:\/\/vieassociative.be\/actualites\/wp-content\/uploads\/2024\/10\/Apprenez-le-profil-energetique-de-votre-enfant-pour-eviter-les.jpg\",\"contentUrl\":\"https:\/\/vieassociative.be\/actualites\/wp-content\/uploads\/2024\/10\/Apprenez-le-profil-energetique-de-votre-enfant-pour-eviter-les.jpg\",\"width\":1200,\"height\":675,\"caption\":\"Apprenez le profil \u00e9nerg\u00e9tique de votre enfant pour \u00e9viter les surcharges de travail\"},{\"@type\":\"BreadcrumbList\",\"@id\":\"https:\/\/vieassociative.be\/actualites\/apprenez-le-profil-energetique-de-votre-enfant-pour-eviter-les-surcharges-de-travail\/#breadcrumb\",\"itemListElement\":[{\"@type\":\"ListItem\",\"position\":1,\"name\":\"Accueil\",\"item\":\"https:\/\/vieassociative.be\/actualites\/\"},{\"@type\":\"ListItem\",\"position\":2,\"name\":\"Apprenez le profil \u00e9nerg\u00e9tique de votre enfant pour \u00e9viter les surcharges de travail\"}]},{\"@type\":\"WebSite\",\"@id\":\"https:\/\/vieassociative.be\/actualites\/#website\",\"url\":\"https:\/\/vieassociative.be\/actualites\/\",\"name\":\"Vie Associative\",\"description\":\"\",\"publisher\":{\"@id\":\"https:\/\/vieassociative.be\/actualites\/#organization\"},\"potentialAction\":[{\"@type\":\"SearchAction\",\"target\":{\"@type\":\"EntryPoint\",\"urlTemplate\":\"https:\/\/vieassociative.be\/actualites\/?s={search_term_string}\"},\"query-input\":{\"@type\":\"PropertyValueSpecification\",\"valueRequired\":true,\"valueName\":\"search_term_string\"}}],\"inLanguage\":\"fr-BE\"},{\"@type\":\"Organization\",\"@id\":\"https:\/\/vieassociative.be\/actualites\/#organization\",\"name\":\"Vie Associative\",\"url\":\"https:\/\/vieassociative.be\/actualites\/\",\"logo\":{\"@type\":\"ImageObject\",\"inLanguage\":\"fr-BE\",\"@id\":\"https:\/\/vieassociative.be\/actualites\/#\/schema\/logo\/image\/\",\"url\":\"https:\/\/vieassociative.be\/actualites\/wp-content\/uploads\/2024\/09\/cropped-vieassociative_favicon.ico.png\",\"contentUrl\":\"https:\/\/vieassociative.be\/actualites\/wp-content\/uploads\/2024\/09\/cropped-vieassociative_favicon.ico.png\",\"width\":512,\"height\":512,\"caption\":\"Vie Associative\"},\"image\":{\"@id\":\"https:\/\/vieassociative.be\/actualites\/#\/schema\/logo\/image\/\"}},{\"@type\":\"Person\",\"@id\":\"https:\/\/vieassociative.be\/actualites\/#\/schema\/person\/b87ac4f82f9d4e7b7cec7395b679edc4\",\"name\":\"Julien\",\"image\":{\"@type\":\"ImageObject\",\"inLanguage\":\"fr-BE\",\"@id\":\"https:\/\/vieassociative.be\/actualites\/#\/schema\/person\/image\/\",\"url\":\"https:\/\/vieassociative.be\/actualites\/wp-content\/uploads\/2024\/09\/vie-associative-1-150x150.jpg\",\"contentUrl\":\"https:\/\/vieassociative.be\/actualites\/wp-content\/uploads\/2024\/09\/vie-associative-1-150x150.jpg\",\"caption\":\"Julien\"},\"description\":\"Je suis Julien, r\u00e9dacteur pour Vie Associative. Passionn\u00e9 par le monde associatif depuis plus de 10 ans, j'ai \u00e0 c\u0153ur de partager des histoires inspirantes et de mettre en lumi\u00e8re les initiatives locales. Mon objectif est de sensibiliser et d'encourager l'engagement communautaire \u00e0 travers mes articles.\",\"sameAs\":[\"https:\/\/vieassociative.be\/\"]}]}<\/script>\n<!-- \/ Yoast SEO plugin. -->","yoast_head_json":{"title":"Apprenez le profil \u00e9nerg\u00e9tique de votre enfant pour \u00e9viter les surcharges de travail | Vie Associative","robots":{"index":"index","follow":"follow","max-snippet":"max-snippet:-1","max-image-preview":"max-image-preview:large","max-video-preview":"max-video-preview:-1"},"canonical":"https:\/\/vieassociative.be\/actualites\/apprenez-le-profil-energetique-de-votre-enfant-pour-eviter-les-surcharges-de-travail\/","og_locale":"fr_FR","og_type":"article","og_title":"Apprenez le profil \u00e9nerg\u00e9tique de votre enfant pour \u00e9viter les surcharges de travail | Vie Associative","og_description":"Tous les enfants ne sont pas faits pour un programme d\u2019activit\u00e9s charg\u00e9. Est-ce que vous terminez chaque journ\u00e9e en regardant tout ce que vous n&rsquo;a","og_url":"https:\/\/vieassociative.be\/actualites\/apprenez-le-profil-energetique-de-votre-enfant-pour-eviter-les-surcharges-de-travail\/","og_site_name":"Vie Associative","article_published_time":"2024-10-25T23:18:11+00:00","og_image":[{"width":279,"height":92,"url":"https:\/\/vieassociative.be\/actualites\/wp-content\/uploads\/2024\/09\/header_backgroundk-01-e1726694325946.png","type":"image\/png"}],"author":"Julien","twitter_card":"summary_large_image","twitter_misc":{"\u00c9crit par":"Julien","Dur\u00e9e de lecture est.":"5 minutes"},"schema":{"@context":"https:\/\/schema.org","@graph":[{"@type":"Article","@id":"https:\/\/vieassociative.be\/actualites\/apprenez-le-profil-energetique-de-votre-enfant-pour-eviter-les-surcharges-de-travail\/#article","isPartOf":{"@id":"https:\/\/vieassociative.be\/actualites\/apprenez-le-profil-energetique-de-votre-enfant-pour-eviter-les-surcharges-de-travail\/"},"author":{"name":"Julien","@id":"https:\/\/vieassociative.be\/actualites\/#\/schema\/person\/b87ac4f82f9d4e7b7cec7395b679edc4"},"headline":"Apprenez le profil \u00e9nerg\u00e9tique de votre enfant pour \u00e9viter les surcharges de travail","datePublished":"2024-10-25T23:18:11+00:00","dateModified":"2024-10-25T23:18:11+00:00","mainEntityOfPage":{"@id":"https:\/\/vieassociative.be\/actualites\/apprenez-le-profil-energetique-de-votre-enfant-pour-eviter-les-surcharges-de-travail\/"},"wordCount":1005,"publisher":{"@id":"https:\/\/vieassociative.be\/actualites\/#organization"},"image":{"@id":"https:\/\/vieassociative.be\/actualites\/apprenez-le-profil-energetique-de-votre-enfant-pour-eviter-les-surcharges-de-travail\/#primaryimage"},"thumbnailUrl":"https:\/\/vieassociative.be\/actualites\/wp-content\/uploads\/2024\/10\/Apprenez-le-profil-energetique-de-votre-enfant-pour-eviter-les.jpg","keywords":["Apprenez","\u00e9nerg\u00e9tique","enfant","\u00e9viter","Les","pour","profil","surcharges","travail","votre"],"articleSection":["Famille"],"inLanguage":"fr-BE"},{"@type":"WebPage","@id":"https:\/\/vieassociative.be\/actualites\/apprenez-le-profil-energetique-de-votre-enfant-pour-eviter-les-surcharges-de-travail\/","url":"https:\/\/vieassociative.be\/actualites\/apprenez-le-profil-energetique-de-votre-enfant-pour-eviter-les-surcharges-de-travail\/","name":"Apprenez le profil \u00e9nerg\u00e9tique de votre enfant pour \u00e9viter les surcharges de travail | Vie Associative","isPartOf":{"@id":"https:\/\/vieassociative.be\/actualites\/#website"},"primaryImageOfPage":{"@id":"https:\/\/vieassociative.be\/actualites\/apprenez-le-profil-energetique-de-votre-enfant-pour-eviter-les-surcharges-de-travail\/#primaryimage"},"image":{"@id":"https:\/\/vieassociative.be\/actualites\/apprenez-le-profil-energetique-de-votre-enfant-pour-eviter-les-surcharges-de-travail\/#primaryimage"},"thumbnailUrl":"https:\/\/vieassociative.be\/actualites\/wp-content\/uploads\/2024\/10\/Apprenez-le-profil-energetique-de-votre-enfant-pour-eviter-les.jpg","datePublished":"2024-10-25T23:18:11+00:00","dateModified":"2024-10-25T23:18:11+00:00","breadcrumb":{"@id":"https:\/\/vieassociative.be\/actualites\/apprenez-le-profil-energetique-de-votre-enfant-pour-eviter-les-surcharges-de-travail\/#breadcrumb"},"inLanguage":"fr-BE","potentialAction":[{"@type":"ReadAction","target":["https:\/\/vieassociative.be\/actualites\/apprenez-le-profil-energetique-de-votre-enfant-pour-eviter-les-surcharges-de-travail\/"]}]},{"@type":"ImageObject","inLanguage":"fr-BE","@id":"https:\/\/vieassociative.be\/actualites\/apprenez-le-profil-energetique-de-votre-enfant-pour-eviter-les-surcharges-de-travail\/#primaryimage","url":"https:\/\/vieassociative.be\/actualites\/wp-content\/uploads\/2024\/10\/Apprenez-le-profil-energetique-de-votre-enfant-pour-eviter-les.jpg","contentUrl":"https:\/\/vieassociative.be\/actualites\/wp-content\/uploads\/2024\/10\/Apprenez-le-profil-energetique-de-votre-enfant-pour-eviter-les.jpg","width":1200,"height":675,"caption":"Apprenez le profil \u00e9nerg\u00e9tique de votre enfant pour \u00e9viter les surcharges de travail"},{"@type":"BreadcrumbList","@id":"https:\/\/vieassociative.be\/actualites\/apprenez-le-profil-energetique-de-votre-enfant-pour-eviter-les-surcharges-de-travail\/#breadcrumb","itemListElement":[{"@type":"ListItem","position":1,"name":"Accueil","item":"https:\/\/vieassociative.be\/actualites\/"},{"@type":"ListItem","position":2,"name":"Apprenez le profil \u00e9nerg\u00e9tique de votre enfant pour \u00e9viter les surcharges de travail"}]},{"@type":"WebSite","@id":"https:\/\/vieassociative.be\/actualites\/#website","url":"https:\/\/vieassociative.be\/actualites\/","name":"Vie Associative","description":"","publisher":{"@id":"https:\/\/vieassociative.be\/actualites\/#organization"},"potentialAction":[{"@type":"SearchAction","target":{"@type":"EntryPoint","urlTemplate":"https:\/\/vieassociative.be\/actualites\/?s={search_term_string}"},"query-input":{"@type":"PropertyValueSpecification","valueRequired":true,"valueName":"search_term_string"}}],"inLanguage":"fr-BE"},{"@type":"Organization","@id":"https:\/\/vieassociative.be\/actualites\/#organization","name":"Vie Associative","url":"https:\/\/vieassociative.be\/actualites\/","logo":{"@type":"ImageObject","inLanguage":"fr-BE","@id":"https:\/\/vieassociative.be\/actualites\/#\/schema\/logo\/image\/","url":"https:\/\/vieassociative.be\/actualites\/wp-content\/uploads\/2024\/09\/cropped-vieassociative_favicon.ico.png","contentUrl":"https:\/\/vieassociative.be\/actualites\/wp-content\/uploads\/2024\/09\/cropped-vieassociative_favicon.ico.png","width":512,"height":512,"caption":"Vie Associative"},"image":{"@id":"https:\/\/vieassociative.be\/actualites\/#\/schema\/logo\/image\/"}},{"@type":"Person","@id":"https:\/\/vieassociative.be\/actualites\/#\/schema\/person\/b87ac4f82f9d4e7b7cec7395b679edc4","name":"Julien","image":{"@type":"ImageObject","inLanguage":"fr-BE","@id":"https:\/\/vieassociative.be\/actualites\/#\/schema\/person\/image\/","url":"https:\/\/vieassociative.be\/actualites\/wp-content\/uploads\/2024\/09\/vie-associative-1-150x150.jpg","contentUrl":"https:\/\/vieassociative.be\/actualites\/wp-content\/uploads\/2024\/09\/vie-associative-1-150x150.jpg","caption":"Julien"},"description":"Je suis Julien, r\u00e9dacteur pour Vie Associative. Passionn\u00e9 par le monde associatif depuis plus de 10 ans, j'ai \u00e0 c\u0153ur de partager des histoires inspirantes et de mettre en lumi\u00e8re les initiatives locales. Mon objectif est de sensibiliser et d'encourager l'engagement communautaire \u00e0 travers mes articles.","sameAs":["https:\/\/vieassociative.be\/"]}]}},"_links":{"self":[{"href":"https:\/\/vieassociative.be\/actualites\/wp-json\/wp\/v2\/posts\/1643"}],"collection":[{"href":"https:\/\/vieassociative.be\/actualites\/wp-json\/wp\/v2\/posts"}],"about":[{"href":"https:\/\/vieassociative.be\/actualites\/wp-json\/wp\/v2\/types\/post"}],"author":[{"embeddable":true,"href":"https:\/\/vieassociative.be\/actualites\/wp-json\/wp\/v2\/users\/1"}],"replies":[{"embeddable":true,"href":"https:\/\/vieassociative.be\/actualites\/wp-json\/wp\/v2\/comments?post=1643"}],"version-history":[{"count":0,"href":"https:\/\/vieassociative.be\/actualites\/wp-json\/wp\/v2\/posts\/1643\/revisions"}],"wp:featuredmedia":[{"embeddable":true,"href":"https:\/\/vieassociative.be\/actualites\/wp-json\/wp\/v2\/media\/1644"}],"wp:attachment":[{"href":"https:\/\/vieassociative.be\/actualites\/wp-json\/wp\/v2\/media?parent=1643"}],"wp:term":[{"taxonomy":"category","embeddable":true,"href":"https:\/\/vieassociative.be\/actualites\/wp-json\/wp\/v2\/categories?post=1643"},{"taxonomy":"post_tag","embeddable":true,"href":"https:\/\/vieassociative.be\/actualites\/wp-json\/wp\/v2\/tags?post=1643"}],"curies":[{"name":"wp","href":"https:\/\/api.w.org\/{rel}","templated":true}]}}