{"id":1611,"date":"2024-10-25T05:22:33","date_gmt":"2024-10-25T03:22:33","guid":{"rendered":"https:\/\/vieassociative.be\/actualites\/un-guide-age-par-age-pour-parler-du-divorce-aux-enfants\/"},"modified":"2024-10-25T05:22:33","modified_gmt":"2024-10-25T03:22:33","slug":"un-guide-age-par-age-pour-parler-du-divorce-aux-enfants","status":"publish","type":"post","link":"https:\/\/vieassociative.be\/actualites\/un-guide-age-par-age-pour-parler-du-divorce-aux-enfants\/","title":{"rendered":"Un guide \u00e2ge par \u00e2ge pour parler du divorce aux enfants"},"content":{"rendered":"<div class=\"mt-4 leading-6 md:mb-8\">D\u00e8s leur plus jeune \u00e2ge et jusqu&rsquo;au lyc\u00e9e, voici comment parler du divorce \u00e0 vos enfants d&rsquo;une mani\u00e8re adapt\u00e9e \u00e0 leur \u00e2ge.<\/div>\n<p><\/p>\n<p><em>Cet article fait partie de notre s\u00e9rie \u00ab Big Talks \u00bb, un guide pour aider les parents \u00e0 naviguer dans les conversations les plus importantes qu&rsquo;ils auront avec leurs enfants. En savoir plus ici.<\/em><\/p>\n<p>Les conversations difficiles, voire douloureuses, que nous devrons avoir avec nos enfants tout au long de leur enfance ne manquent pas. Mais leur annoncer que leurs parents sont en train de divorcer, changeant \u00e0 jamais la structure m\u00eame de leur famille et de leur vie, doit \u00eatre l&rsquo;une des choses les plus difficiles pour eux. <em>et<\/em> pour toi. Les messages n\u00e9cessaires dans ces conversations \u00e9volueront au fil du temps \u00e0 mesure qu&rsquo;ils vieillissent, et les comportements qu&rsquo;ils peuvent afficher qui indiquent qu&rsquo;ils sont en d\u00e9tresse peuvent \u00eatre diff\u00e9rents selon leur \u00e2ge.<\/p>\n<p>Mais le Dr Joanna Stern, psychologue clinicienne principale au Child Mind Institute, affirme que m\u00eame si la fa\u00e7on dont vous parlez du divorce aux enfants change et devient plus nuanc\u00e9e \u00e0 mesure qu&rsquo;ils grandissent, les enfants de tous \u00e2ges ont besoin de ressentir ou d&rsquo;entendre l&rsquo;assurance que ils seront soign\u00e9s et soutenus pendant et apr\u00e8s le processus.<\/p>\n<p>\u00ab\u00a0Ce que (les parents) veulent vraiment communiquer aux enfants de tous \u00e2ges, c&rsquo;est : &lsquo;Nous vous avons'\u00a0\u00bb, explique Sterns. \u00ab &lsquo;Vos besoins seront pris en charge, peu importe ce qui se passe entre nous et avec le divorce.&rsquo; \u00bb<\/p>\n<p>Et il est tout aussi important, dit Stern, de se rappeler ce que <em>pas<\/em> dire. \u00c0 savoir, ne d\u00e9nigrez pas l&rsquo;autre parent, m\u00eame de mani\u00e8re subtile, et m\u00eame avec le plus jeune des enfants. Alors commen\u00e7ons par l\u00e0 : avec les tout-petits.<\/p>\n<h2 id=\"how-to-talk-to-toddlers-about-divorce\"><strong>Comment parler du divorce aux tout-petits<\/strong><\/h2>\n<p>De toute \u00e9vidence, un parent ne peut ou ne devrait pas faire grand-chose pour expliquer un divorce \u00e0 un enfant qui n&rsquo;est pas encore verbal. Un jeune enfant, cependant, aura probablement besoin d&rsquo;une sorte d&rsquo;explication si vous divorcez et que l&rsquo;un des parents d\u00e9m\u00e9nage.<\/p>\n<p>L&rsquo;astuce avec un jeune enfant, dit Stern, est de garder le message simpliste, fond\u00e9 sur des faits et neutre, puis de le r\u00e9p\u00e9ter, de le r\u00e9p\u00e9ter, de le r\u00e9p\u00e9ter. De la m\u00eame mani\u00e8re que les tout-petits aiment lire le m\u00eame livre ou regarder la m\u00eame vid\u00e9o encore et encore, la r\u00e9p\u00e9tition les aide \u00e0 int\u00e9rioriser le message. En pratique, cela pourrait ressembler \u00e0 ceci : \u00ab\u00a0Papa va vivre dans une autre maison et tu pourras lui rendre visite l\u00e0-bas.\u00a0\u00bb Et puis quand ils demandent o\u00f9 est papa, vous renforcez en disant : \u00ab Papa est dans une autre maison maintenant, tu te souviens ? Tu iras bient\u00f4t rendre visite \u00e0 papa dans la nouvelle maison.<\/p>\n<p>Pour les enfants aussi jeunes, vous faites passer le message \u00ab nous vous avons \u00bb en <em>montrant<\/em> plut\u00f4t que <em>r\u00e9v\u00e9lateur. <\/em>Continuez \u00e0 r\u00e9pondre \u00e0 tous leurs besoins aussi syst\u00e9matiquement que vous l\u2019avez toujours fait afin qu\u2019ils continuent \u00e0 ressentir ce sentiment de s\u00fbret\u00e9 et de s\u00e9curit\u00e9.<\/p>\n<p>En outre, Stern met en garde les b\u00e9b\u00e9s et les tout-petits <em>volont\u00e9<\/em> Reprenez les choses n\u00e9gatives que vous dites \u00e0 propos de l&rsquo;autre personne \u00e0 travers votre ton, vos micro-expressions faciales et votre langage corporel, m\u00eame si vous pensez les masquer. Donc, si vous dites quelque chose comme : \u00ab\u00a0Eh bien, n&rsquo;est-il pas tellement <em>merveilleux p\u00e8re,<\/em>\u00bb avec une voix brillante et un faux sourire plastique, votre tout-petit saura probablement qu&rsquo;il y a quelque chose qui ne va pas l\u00e0-dedans.<\/p>\n<p>\u00ab\u00a0Vous n&rsquo;avez pas besoin d&rsquo;avoir une compr\u00e9hension verbale de ce qui se passe pour que votre d\u00e9tecteur de BS se d\u00e9clenche et dise : &lsquo;Je ne me sens pas \u00e0 l&rsquo;aise&rsquo; ou &lsquo;Je ne me sens pas en s\u00e9curit\u00e9&rsquo;, parce que quelque chose ne va pas, \u00bb dit-elle.<\/p>\n<h2 id=\"how-to-talk-to-preschoolers-about-divorce\"><strong>Comment parler de divorce aux enfants d&rsquo;\u00e2ge pr\u00e9scolaire<\/strong><\/h2>\n<p>Avec les enfants d&rsquo;\u00e2ge pr\u00e9scolaire, vous devriez faire toutes les choses que vous feriez avec les tout-petits tout en d\u00e9veloppant un peu plus le message, dit Stern. La chose importante \u00e0 souligner \u00e0 cet \u00e2ge (et \u00e0 tous les \u00e2ges suivants) est que leurs deux parents les aiment beaucoup et que le divorce concerne les adultes, et certainement pas les enfants.<\/p>\n<p>\u00ab\u00a0N&rsquo;arr\u00eatez pas de r\u00e9p\u00e9ter : &lsquo;Nous vous aimons et nous allons tous les deux prendre soin de vous, \u00e7a va juste \u00eatre un peu diff\u00e9rent maintenant'\u00a0\u00bb, dit-elle. \u00ab &lsquo;Ce parent va le faire depuis cette maison, et ce parent va le faire depuis cette maison.&rsquo; Et puis ouvrez-le aux questions.<\/p>\n<p>La d\u00e9tresse chez les enfants de cet \u00e2ge se manifeste g\u00e9n\u00e9ralement par des troubles du sommeil ou d\u2019autres r\u00e9gressions d\u00e9veloppementales, comme une augmentation soudaine des accidents de pot. Ce sont toutes des caract\u00e9ristiques normales d&rsquo;un jeune enfant traversant une transition majeure dans sa vie, dit Stern : on constate souvent des comportements similaires apr\u00e8s un grand d\u00e9m\u00e9nagement ou lorsqu&rsquo;un petit fr\u00e8re ou une s\u0153ur rentre \u00e0 la maison. Le moment o\u00f9 vous pourriez commencer \u00e0 vous inqui\u00e9ter, c&rsquo;est si votre enfant auparavant bavard qui posait une tonne de questions ne parle pas du changement. <em>du tout.<\/em><\/p>\n<p>\u00ab\u00a0Cela peut \u00eatre un signe que c&rsquo;est le cas <em>donc<\/em> Cela les afflige de savoir qu\u2019ils ont en quelque sorte oubli\u00e9 cette information de leur esprit \u00bb, dit Stern. \u00ab Ensuite, c&rsquo;est au parent de dire : &lsquo;Tu te souviens o\u00f9 est maman ?&rsquo; ou \u00ab\u00a0Tu te souviens o\u00f9 est papa?\u00a0\u00bb Sans s\u2019y mettre le nez, mais simplement en soulignant tr\u00e8s gentiment et de mani\u00e8re concr\u00e8te quelle est la r\u00e9alit\u00e9.<\/p>\n<h2 id=\"how-to-talk-to-early-elementary-aged-kids-about-divorce\"><strong>Comment parler du divorce aux jeunes enfants du primaire<\/strong><\/h2>\n<p>Avec les enfants \u00e2g\u00e9s de 6 \u00e0 8 ans, il est important de reconna\u00eetre d&rsquo;abord qu&rsquo;ils en savent probablement plus que vous. <em>pense<\/em> ils savent. Les enfants de cet \u00e2ge sont des observateurs avis\u00e9s des gens qui les entourent, et si vous vous disputez beaucoup r\u00e9cemment \u2013 \u200b\u200bm\u00eame si vous pensez l&rsquo;avoir fait \u00e0 voix basse et \u00e0 huis clos \u2013 il y a de fortes chances qu&rsquo;ils s&rsquo;en soient rendu compte. Stern dit donc que c&rsquo;est l\u00e0 que vous devriez commencer la conversation.<\/p>\n<p>\u00ab\u00a0Je pense que c&rsquo;est vraiment valorisant pour les enfants de cet \u00e2ge de commencer par dire : &lsquo;Vous avez peut-\u00eatre remarqu\u00e9 que telle ou telle chose est diff\u00e9rente ici'\u00a0\u00bb, dit-elle, qu&rsquo;il s&rsquo;agisse d&rsquo;une augmentation des disputes ou du fait qu&rsquo;un parent a Je ne suis pas rentr\u00e9 \u00e0 la maison autant que d&rsquo;habitude. \u00ab\u00a0Tout ce que vous ressentez, il y a de fortes chances qu&rsquo;ils l&rsquo;aient compris, mais ils n&rsquo;ont peut-\u00eatre pas su qu&rsquo;il fallait poser des questions \u00e0 ce sujet.\u00a0\u00bb<\/p>\n<p>En ce qui concerne le langage que vous devez utiliser, Stern conseille que cela d\u00e9pend vraiment de votre enfant et du degr\u00e9 de d\u00e9veloppement de ses capacit\u00e9s d&rsquo;expression verbale et de compr\u00e9hension. Certains enfants pourraient encore b\u00e9n\u00e9ficier d\u2019un langage simple au cours de ces ann\u00e9es, tandis qu\u2019un enfant qui s\u2019exprime plus verbalement et qui poss\u00e8de un vocabulaire plus large peut probablement g\u00e9rer une explication plus nuanc\u00e9e avec des mots plus gros.<\/p>\n<p>\u00c0 cet \u00e2ge, les signes indiquant que l&rsquo;enfant est trop en d\u00e9tresse sont, encore une fois, qu&rsquo;il n&rsquo;en parle pas ou qu&rsquo;il l&rsquo;a en quelque sorte consid\u00e9r\u00e9 comme n&rsquo;\u00e9tant pas grave.<\/p>\n<p>\u00ab\u00a0L&rsquo;inqui\u00e9tude serait qu&rsquo;ils aient int\u00e9rioris\u00e9 ce qui s&rsquo;est pass\u00e9 et qu&rsquo;ils aient toute une explication interne en t\u00eate qu&rsquo;ils ne partagent peut-\u00eatre pas avec vous la cause de cela\u00a0\u00bb, dit Stern. \u00ab Et le souci serait toujours qu\u2019ils pensent <em>ils<\/em> pourrait en \u00eatre la cause.<\/p>\n<div class=\"my-12 font-akshar\">\n<div class=\"flex text-(10rem) md:text-(14rem) max-h-20 leading-(10rem) md:leading-(14rem) relative -left-(4%) bg-gradient-to-r from-brand-green-gradient-start to-brand-green-gradient-end to-15% bg-clip-text text-transparent\">\n<p>        \u00a0\u00bb\n    <\/p><\/div>\n<p class=\"m-0 px-4 md:px-8 text-2xl font-medium decoration-2 block font-akshar leading-relaxed tracking-tight\">\n<p>        \u00abJe pense que c&rsquo;est vraiment valorisant pour les enfants de cet \u00e2ge de commencer par dire: &lsquo;Vous avez peut-\u00eatre remarqu\u00e9 que telle ou telle chose \u00e9tait diff\u00e9rente ici.&rsquo; Tout ce que vous ressentez, il y a de fortes chances qu&rsquo;ils l&rsquo;aient compris, mais ils n&rsquo;ont peut-\u00eatre pas su qu&rsquo;il fallait poser des questions \u00e0 ce sujet.\n    <\/p>\n<div class=\"flex justify-end text-(10rem) md:text-(14rem) max-h-20 leading-(10rem) md:leading-(14rem) bg-gradient-to-r from-brand-green-gradient-start from-80% to-brand-green-gradient-end bg-clip-text text-transparent\">\n<p>        \u00bb\n    <\/p><\/div>\n<\/div>\n<h2 id=\"how-to-talk-to-preteens-about-divorce\"><strong>Comment parler du divorce aux pr\u00e9adolescents<\/strong><\/h2>\n<p>\u00c0 mesure que nous continuons \u00e0 approfondir cette conversation avec chaque \u00e2ge suivant, les parents peuvent devenir un peu plus ouverts \u00e0 propos du <em>pourquoi<\/em> du divorce lorsque je parle avec des pr\u00e9adolescents. Non pas que vous allez leur donner le d\u00e9tail de vos conflits, mais de nombreux enfants de cet \u00e2ge qui sont \u00e9motionnellement sensibles sont capables de comprendre que les relations entre adultes peuvent \u00eatre compliqu\u00e9es.<\/p>\n<p>Vous pouvez parler avec des pr\u00e9adolescents du fait qu&rsquo;il est devenu plus difficile pour les adultes de vivre ensemble, et parce que vous voulez chacun que l&rsquo;autre soit la version la plus heureuse et la meilleure de vous-m\u00eame, vous pensez qu&rsquo;il est pr\u00e9f\u00e9rable pour tout le monde, y compris les enfants, de vivre s\u00e9par\u00e9ment. maisons.<\/p>\n<p>\u00ab\u00a0Le message est que deux foyers avec des parents heureux conviendront probablement mieux \u00e0 la famille qu&rsquo;un foyer o\u00f9 les parents sont ensemble et malheureux\u00a0\u00bb, explique Stern.<\/p>\n<p>Concernant les comportements \u00e0 surveiller qui pourraient indiquer que votre pr\u00e9adolescent est en difficult\u00e9, incluez tout \u00e9cart par rapport \u00e0 son comportement de base habituel. Par exemple, un enfant qui avait l&rsquo;habitude de bavarder apr\u00e8s l&rsquo;\u00e9cole et qui se retire maintenant directement dans sa chambre pourrait avoir des difficult\u00e9s. Mais, comme le souligne Stern, tout le monde a des jours de cong\u00e9, donc quelques mauvais jours sont probablement simplement le signe qu&rsquo;ils traitent ce qui se passe, comme n&rsquo;importe lequel d&rsquo;entre nous le ferait. Si cela dure une semaine ou deux, il est temps de s&rsquo;enregistrer et de voir comment ils se sentent.<\/p>\n<h2 id=\"how-to-talk-to-teenagers-about-divorce\"><strong>Comment parler du divorce aux adolescents<\/strong><\/h2>\n<p>Les adolescents peuvent b\u00e9n\u00e9ficier d\u2019une grande partie des conseils pr\u00e9c\u00e9dents destin\u00e9s aux enfants plus \u00e2g\u00e9s et aux pr\u00e9adolescents. Mais pour les parents d&rsquo;adolescents, un divorce est aussi l&rsquo;occasion de mod\u00e9liser toutes les \u00e9motions que vous traversez probablement (col\u00e8re, chagrin, tristesse, d\u00e9ception) sans vous effondrer. \u00catre \u00e9motif face \u00e0 ce qui se passe tout en gardant le contr\u00f4le et en leur permettant d&rsquo;en voir une partie, constitue un mod\u00e8le de fa\u00e7ons saines de surmonter les \u00e9motions difficiles.<\/p>\n<p>\u00abC&rsquo;est quelque chose d&rsquo;important qui se produit, et cela communique subtilement, de mani\u00e8re non verbale, la gravit\u00e9 de la situation, et cela ne vous \u00e9chappe pas\u00bb, dit Stern. \u00ab\u00a0C&rsquo;est comme : &lsquo;Je suis ton parent, mais je suis aussi un \u00eatre humain.'\u00a0\u00bb<\/p>\n<p>Pour les enfants de tous \u00e2ges, Stern a quelques autres conseils. Assurez-vous qu&rsquo;ils sachent que le divorce n&rsquo;est pas un secret\u00a0: il peut \u00eatre \u00e9vident pour vous que des personnes ext\u00e9rieures \u00e0 la cellule familiale peuvent, voudront et devraient le d\u00e9couvrir, mais un enfant du d\u00e9but de l&rsquo;\u00e9l\u00e9mentaire ou de la pr\u00e9adolescence n&rsquo;en est peut-\u00eatre pas trop s\u00fbr. .<\/p>\n<p>De plus, si vous avez plus d&rsquo;un enfant, vous souhaiterez peut-\u00eatre organiser une r\u00e9union de famille pour faire la premi\u00e8re annonce, en fonction de l&rsquo;\u00e2ge des enfants. Mais vous devez tout de m\u00eame vous assurer de poursuivre les conversations individuelles, en particulier avec les enfants plus \u00e2g\u00e9s qui peuvent avoir besoin de plus d&rsquo;informations que leurs fr\u00e8res et s\u0153urs plus jeunes, ou qui peuvent avoir des questions plus approfondies \u00e0 poser.<\/p>\n<p><em>(Cet article a \u00e9t\u00e9 initialement publi\u00e9 en 2021 ; il a \u00e9t\u00e9 mis \u00e0 jour le 26 juin 2023.)<\/em> <\/p>\n","protected":false},"excerpt":{"rendered":"<p>D\u00e8s leur plus jeune \u00e2ge et jusqu&rsquo;au lyc\u00e9e, voici comment parler du divorce \u00e0 vos enfants d&rsquo;une mani\u00e8re adapt\u00e9e \u00e0 leur \u00e2ge. Cet article fait<\/p>\n","protected":false},"author":1,"featured_media":1612,"comment_status":"","ping_status":"","sticky":false,"template":"","format":"standard","meta":{"footnotes":""},"categories":[37],"tags":[751,289,1483,324,461,676,438,81],"class_list":["post-1611","post","type-post","status-publish","format-standard","has-post-thumbnail","hentry","category-famille","tag-age","tag-aux","tag-divorce","tag-enfants","tag-guide","tag-par","tag-parler","tag-pour","generate-columns","tablet-grid-50","mobile-grid-100","grid-parent","grid-33"],"yoast_head":"<!-- This site is optimized with the Yoast SEO plugin v24.0 - https:\/\/yoast.com\/wordpress\/plugins\/seo\/ -->\n<title>Un guide \u00e2ge par \u00e2ge pour parler du divorce aux enfants | Vie Associative<\/title>\n<meta name=\"robots\" content=\"index, follow, max-snippet:-1, max-image-preview:large, max-video-preview:-1\" \/>\n<link rel=\"canonical\" href=\"https:\/\/vieassociative.be\/actualites\/un-guide-age-par-age-pour-parler-du-divorce-aux-enfants\/\" \/>\n<meta property=\"og:locale\" content=\"fr_FR\" \/>\n<meta property=\"og:type\" content=\"article\" \/>\n<meta property=\"og:title\" content=\"Un guide \u00e2ge par \u00e2ge pour parler du divorce aux enfants | Vie Associative\" \/>\n<meta property=\"og:description\" content=\"D\u00e8s leur plus jeune \u00e2ge et jusqu&rsquo;au lyc\u00e9e, voici comment parler du divorce \u00e0 vos enfants d&rsquo;une mani\u00e8re adapt\u00e9e \u00e0 leur \u00e2ge. Cet article fait\" \/>\n<meta property=\"og:url\" content=\"https:\/\/vieassociative.be\/actualites\/un-guide-age-par-age-pour-parler-du-divorce-aux-enfants\/\" \/>\n<meta property=\"og:site_name\" content=\"Vie Associative\" \/>\n<meta property=\"article:published_time\" content=\"2024-10-25T03:22:33+00:00\" \/>\n<meta property=\"og:image\" content=\"https:\/\/vieassociative.be\/actualites\/wp-content\/uploads\/2024\/09\/header_backgroundk-01-e1726694325946.png\" \/>\n\t<meta property=\"og:image:width\" content=\"279\" \/>\n\t<meta property=\"og:image:height\" content=\"92\" \/>\n\t<meta property=\"og:image:type\" content=\"image\/png\" \/>\n<meta name=\"author\" content=\"Julien\" \/>\n<meta name=\"twitter:card\" content=\"summary_large_image\" \/>\n<meta name=\"twitter:label1\" content=\"\u00c9crit par\" \/>\n\t<meta name=\"twitter:data1\" content=\"Julien\" \/>\n\t<meta name=\"twitter:label2\" content=\"Dur\u00e9e de lecture est.\" \/>\n\t<meta name=\"twitter:data2\" content=\"10 minutes\" \/>\n<script type=\"application\/ld+json\" class=\"yoast-schema-graph\">{\"@context\":\"https:\/\/schema.org\",\"@graph\":[{\"@type\":\"Article\",\"@id\":\"https:\/\/vieassociative.be\/actualites\/un-guide-age-par-age-pour-parler-du-divorce-aux-enfants\/#article\",\"isPartOf\":{\"@id\":\"https:\/\/vieassociative.be\/actualites\/un-guide-age-par-age-pour-parler-du-divorce-aux-enfants\/\"},\"author\":{\"name\":\"Julien\",\"@id\":\"https:\/\/vieassociative.be\/actualites\/#\/schema\/person\/b87ac4f82f9d4e7b7cec7395b679edc4\"},\"headline\":\"Un guide \u00e2ge par \u00e2ge pour parler du divorce aux enfants\",\"datePublished\":\"2024-10-25T03:22:33+00:00\",\"dateModified\":\"2024-10-25T03:22:33+00:00\",\"mainEntityOfPage\":{\"@id\":\"https:\/\/vieassociative.be\/actualites\/un-guide-age-par-age-pour-parler-du-divorce-aux-enfants\/\"},\"wordCount\":1997,\"publisher\":{\"@id\":\"https:\/\/vieassociative.be\/actualites\/#organization\"},\"image\":{\"@id\":\"https:\/\/vieassociative.be\/actualites\/un-guide-age-par-age-pour-parler-du-divorce-aux-enfants\/#primaryimage\"},\"thumbnailUrl\":\"https:\/\/vieassociative.be\/actualites\/wp-content\/uploads\/2024\/10\/Un-guide-age-par-age-pour-parler-du-divorce-aux.png\",\"keywords\":[\"\u00e2ge\",\"aux\",\"divorce\",\"enfants\",\"Guide\",\"par\",\"parler\",\"pour\"],\"articleSection\":[\"Famille\"],\"inLanguage\":\"fr-BE\"},{\"@type\":\"WebPage\",\"@id\":\"https:\/\/vieassociative.be\/actualites\/un-guide-age-par-age-pour-parler-du-divorce-aux-enfants\/\",\"url\":\"https:\/\/vieassociative.be\/actualites\/un-guide-age-par-age-pour-parler-du-divorce-aux-enfants\/\",\"name\":\"Un guide \u00e2ge par \u00e2ge pour parler du divorce aux enfants | Vie Associative\",\"isPartOf\":{\"@id\":\"https:\/\/vieassociative.be\/actualites\/#website\"},\"primaryImageOfPage\":{\"@id\":\"https:\/\/vieassociative.be\/actualites\/un-guide-age-par-age-pour-parler-du-divorce-aux-enfants\/#primaryimage\"},\"image\":{\"@id\":\"https:\/\/vieassociative.be\/actualites\/un-guide-age-par-age-pour-parler-du-divorce-aux-enfants\/#primaryimage\"},\"thumbnailUrl\":\"https:\/\/vieassociative.be\/actualites\/wp-content\/uploads\/2024\/10\/Un-guide-age-par-age-pour-parler-du-divorce-aux.png\",\"datePublished\":\"2024-10-25T03:22:33+00:00\",\"dateModified\":\"2024-10-25T03:22:33+00:00\",\"breadcrumb\":{\"@id\":\"https:\/\/vieassociative.be\/actualites\/un-guide-age-par-age-pour-parler-du-divorce-aux-enfants\/#breadcrumb\"},\"inLanguage\":\"fr-BE\",\"potentialAction\":[{\"@type\":\"ReadAction\",\"target\":[\"https:\/\/vieassociative.be\/actualites\/un-guide-age-par-age-pour-parler-du-divorce-aux-enfants\/\"]}]},{\"@type\":\"ImageObject\",\"inLanguage\":\"fr-BE\",\"@id\":\"https:\/\/vieassociative.be\/actualites\/un-guide-age-par-age-pour-parler-du-divorce-aux-enfants\/#primaryimage\",\"url\":\"https:\/\/vieassociative.be\/actualites\/wp-content\/uploads\/2024\/10\/Un-guide-age-par-age-pour-parler-du-divorce-aux.png\",\"contentUrl\":\"https:\/\/vieassociative.be\/actualites\/wp-content\/uploads\/2024\/10\/Un-guide-age-par-age-pour-parler-du-divorce-aux.png\",\"width\":1200,\"height\":675,\"caption\":\"Un guide \u00e2ge par \u00e2ge pour parler du divorce aux enfants\"},{\"@type\":\"BreadcrumbList\",\"@id\":\"https:\/\/vieassociative.be\/actualites\/un-guide-age-par-age-pour-parler-du-divorce-aux-enfants\/#breadcrumb\",\"itemListElement\":[{\"@type\":\"ListItem\",\"position\":1,\"name\":\"Accueil\",\"item\":\"https:\/\/vieassociative.be\/actualites\/\"},{\"@type\":\"ListItem\",\"position\":2,\"name\":\"Un guide \u00e2ge par \u00e2ge pour parler du divorce aux enfants\"}]},{\"@type\":\"WebSite\",\"@id\":\"https:\/\/vieassociative.be\/actualites\/#website\",\"url\":\"https:\/\/vieassociative.be\/actualites\/\",\"name\":\"Vie Associative\",\"description\":\"\",\"publisher\":{\"@id\":\"https:\/\/vieassociative.be\/actualites\/#organization\"},\"potentialAction\":[{\"@type\":\"SearchAction\",\"target\":{\"@type\":\"EntryPoint\",\"urlTemplate\":\"https:\/\/vieassociative.be\/actualites\/?s={search_term_string}\"},\"query-input\":{\"@type\":\"PropertyValueSpecification\",\"valueRequired\":true,\"valueName\":\"search_term_string\"}}],\"inLanguage\":\"fr-BE\"},{\"@type\":\"Organization\",\"@id\":\"https:\/\/vieassociative.be\/actualites\/#organization\",\"name\":\"Vie Associative\",\"url\":\"https:\/\/vieassociative.be\/actualites\/\",\"logo\":{\"@type\":\"ImageObject\",\"inLanguage\":\"fr-BE\",\"@id\":\"https:\/\/vieassociative.be\/actualites\/#\/schema\/logo\/image\/\",\"url\":\"https:\/\/vieassociative.be\/actualites\/wp-content\/uploads\/2024\/09\/cropped-vieassociative_favicon.ico.png\",\"contentUrl\":\"https:\/\/vieassociative.be\/actualites\/wp-content\/uploads\/2024\/09\/cropped-vieassociative_favicon.ico.png\",\"width\":512,\"height\":512,\"caption\":\"Vie Associative\"},\"image\":{\"@id\":\"https:\/\/vieassociative.be\/actualites\/#\/schema\/logo\/image\/\"}},{\"@type\":\"Person\",\"@id\":\"https:\/\/vieassociative.be\/actualites\/#\/schema\/person\/b87ac4f82f9d4e7b7cec7395b679edc4\",\"name\":\"Julien\",\"image\":{\"@type\":\"ImageObject\",\"inLanguage\":\"fr-BE\",\"@id\":\"https:\/\/vieassociative.be\/actualites\/#\/schema\/person\/image\/\",\"url\":\"https:\/\/vieassociative.be\/actualites\/wp-content\/uploads\/2024\/09\/vie-associative-1-150x150.jpg\",\"contentUrl\":\"https:\/\/vieassociative.be\/actualites\/wp-content\/uploads\/2024\/09\/vie-associative-1-150x150.jpg\",\"caption\":\"Julien\"},\"description\":\"Je suis Julien, r\u00e9dacteur pour Vie Associative. Passionn\u00e9 par le monde associatif depuis plus de 10 ans, j'ai \u00e0 c\u0153ur de partager des histoires inspirantes et de mettre en lumi\u00e8re les initiatives locales. Mon objectif est de sensibiliser et d'encourager l'engagement communautaire \u00e0 travers mes articles.\",\"sameAs\":[\"https:\/\/vieassociative.be\/\"]}]}<\/script>\n<!-- \/ Yoast SEO plugin. -->","yoast_head_json":{"title":"Un guide \u00e2ge par \u00e2ge pour parler du divorce aux enfants | Vie Associative","robots":{"index":"index","follow":"follow","max-snippet":"max-snippet:-1","max-image-preview":"max-image-preview:large","max-video-preview":"max-video-preview:-1"},"canonical":"https:\/\/vieassociative.be\/actualites\/un-guide-age-par-age-pour-parler-du-divorce-aux-enfants\/","og_locale":"fr_FR","og_type":"article","og_title":"Un guide \u00e2ge par \u00e2ge pour parler du divorce aux enfants | Vie Associative","og_description":"D\u00e8s leur plus jeune \u00e2ge et jusqu&rsquo;au lyc\u00e9e, voici comment parler du divorce \u00e0 vos enfants d&rsquo;une mani\u00e8re adapt\u00e9e \u00e0 leur \u00e2ge. Cet article fait","og_url":"https:\/\/vieassociative.be\/actualites\/un-guide-age-par-age-pour-parler-du-divorce-aux-enfants\/","og_site_name":"Vie Associative","article_published_time":"2024-10-25T03:22:33+00:00","og_image":[{"width":279,"height":92,"url":"https:\/\/vieassociative.be\/actualites\/wp-content\/uploads\/2024\/09\/header_backgroundk-01-e1726694325946.png","type":"image\/png"}],"author":"Julien","twitter_card":"summary_large_image","twitter_misc":{"\u00c9crit par":"Julien","Dur\u00e9e de lecture est.":"10 minutes"},"schema":{"@context":"https:\/\/schema.org","@graph":[{"@type":"Article","@id":"https:\/\/vieassociative.be\/actualites\/un-guide-age-par-age-pour-parler-du-divorce-aux-enfants\/#article","isPartOf":{"@id":"https:\/\/vieassociative.be\/actualites\/un-guide-age-par-age-pour-parler-du-divorce-aux-enfants\/"},"author":{"name":"Julien","@id":"https:\/\/vieassociative.be\/actualites\/#\/schema\/person\/b87ac4f82f9d4e7b7cec7395b679edc4"},"headline":"Un guide \u00e2ge par \u00e2ge pour parler du divorce aux enfants","datePublished":"2024-10-25T03:22:33+00:00","dateModified":"2024-10-25T03:22:33+00:00","mainEntityOfPage":{"@id":"https:\/\/vieassociative.be\/actualites\/un-guide-age-par-age-pour-parler-du-divorce-aux-enfants\/"},"wordCount":1997,"publisher":{"@id":"https:\/\/vieassociative.be\/actualites\/#organization"},"image":{"@id":"https:\/\/vieassociative.be\/actualites\/un-guide-age-par-age-pour-parler-du-divorce-aux-enfants\/#primaryimage"},"thumbnailUrl":"https:\/\/vieassociative.be\/actualites\/wp-content\/uploads\/2024\/10\/Un-guide-age-par-age-pour-parler-du-divorce-aux.png","keywords":["\u00e2ge","aux","divorce","enfants","Guide","par","parler","pour"],"articleSection":["Famille"],"inLanguage":"fr-BE"},{"@type":"WebPage","@id":"https:\/\/vieassociative.be\/actualites\/un-guide-age-par-age-pour-parler-du-divorce-aux-enfants\/","url":"https:\/\/vieassociative.be\/actualites\/un-guide-age-par-age-pour-parler-du-divorce-aux-enfants\/","name":"Un guide \u00e2ge par \u00e2ge pour parler du divorce aux enfants | Vie Associative","isPartOf":{"@id":"https:\/\/vieassociative.be\/actualites\/#website"},"primaryImageOfPage":{"@id":"https:\/\/vieassociative.be\/actualites\/un-guide-age-par-age-pour-parler-du-divorce-aux-enfants\/#primaryimage"},"image":{"@id":"https:\/\/vieassociative.be\/actualites\/un-guide-age-par-age-pour-parler-du-divorce-aux-enfants\/#primaryimage"},"thumbnailUrl":"https:\/\/vieassociative.be\/actualites\/wp-content\/uploads\/2024\/10\/Un-guide-age-par-age-pour-parler-du-divorce-aux.png","datePublished":"2024-10-25T03:22:33+00:00","dateModified":"2024-10-25T03:22:33+00:00","breadcrumb":{"@id":"https:\/\/vieassociative.be\/actualites\/un-guide-age-par-age-pour-parler-du-divorce-aux-enfants\/#breadcrumb"},"inLanguage":"fr-BE","potentialAction":[{"@type":"ReadAction","target":["https:\/\/vieassociative.be\/actualites\/un-guide-age-par-age-pour-parler-du-divorce-aux-enfants\/"]}]},{"@type":"ImageObject","inLanguage":"fr-BE","@id":"https:\/\/vieassociative.be\/actualites\/un-guide-age-par-age-pour-parler-du-divorce-aux-enfants\/#primaryimage","url":"https:\/\/vieassociative.be\/actualites\/wp-content\/uploads\/2024\/10\/Un-guide-age-par-age-pour-parler-du-divorce-aux.png","contentUrl":"https:\/\/vieassociative.be\/actualites\/wp-content\/uploads\/2024\/10\/Un-guide-age-par-age-pour-parler-du-divorce-aux.png","width":1200,"height":675,"caption":"Un guide \u00e2ge par \u00e2ge pour parler du divorce aux enfants"},{"@type":"BreadcrumbList","@id":"https:\/\/vieassociative.be\/actualites\/un-guide-age-par-age-pour-parler-du-divorce-aux-enfants\/#breadcrumb","itemListElement":[{"@type":"ListItem","position":1,"name":"Accueil","item":"https:\/\/vieassociative.be\/actualites\/"},{"@type":"ListItem","position":2,"name":"Un guide \u00e2ge par \u00e2ge pour parler du divorce aux enfants"}]},{"@type":"WebSite","@id":"https:\/\/vieassociative.be\/actualites\/#website","url":"https:\/\/vieassociative.be\/actualites\/","name":"Vie Associative","description":"","publisher":{"@id":"https:\/\/vieassociative.be\/actualites\/#organization"},"potentialAction":[{"@type":"SearchAction","target":{"@type":"EntryPoint","urlTemplate":"https:\/\/vieassociative.be\/actualites\/?s={search_term_string}"},"query-input":{"@type":"PropertyValueSpecification","valueRequired":true,"valueName":"search_term_string"}}],"inLanguage":"fr-BE"},{"@type":"Organization","@id":"https:\/\/vieassociative.be\/actualites\/#organization","name":"Vie Associative","url":"https:\/\/vieassociative.be\/actualites\/","logo":{"@type":"ImageObject","inLanguage":"fr-BE","@id":"https:\/\/vieassociative.be\/actualites\/#\/schema\/logo\/image\/","url":"https:\/\/vieassociative.be\/actualites\/wp-content\/uploads\/2024\/09\/cropped-vieassociative_favicon.ico.png","contentUrl":"https:\/\/vieassociative.be\/actualites\/wp-content\/uploads\/2024\/09\/cropped-vieassociative_favicon.ico.png","width":512,"height":512,"caption":"Vie Associative"},"image":{"@id":"https:\/\/vieassociative.be\/actualites\/#\/schema\/logo\/image\/"}},{"@type":"Person","@id":"https:\/\/vieassociative.be\/actualites\/#\/schema\/person\/b87ac4f82f9d4e7b7cec7395b679edc4","name":"Julien","image":{"@type":"ImageObject","inLanguage":"fr-BE","@id":"https:\/\/vieassociative.be\/actualites\/#\/schema\/person\/image\/","url":"https:\/\/vieassociative.be\/actualites\/wp-content\/uploads\/2024\/09\/vie-associative-1-150x150.jpg","contentUrl":"https:\/\/vieassociative.be\/actualites\/wp-content\/uploads\/2024\/09\/vie-associative-1-150x150.jpg","caption":"Julien"},"description":"Je suis Julien, r\u00e9dacteur pour Vie Associative. Passionn\u00e9 par le monde associatif depuis plus de 10 ans, j'ai \u00e0 c\u0153ur de partager des histoires inspirantes et de mettre en lumi\u00e8re les initiatives locales. Mon objectif est de sensibiliser et d'encourager l'engagement communautaire \u00e0 travers mes articles.","sameAs":["https:\/\/vieassociative.be\/"]}]}},"_links":{"self":[{"href":"https:\/\/vieassociative.be\/actualites\/wp-json\/wp\/v2\/posts\/1611"}],"collection":[{"href":"https:\/\/vieassociative.be\/actualites\/wp-json\/wp\/v2\/posts"}],"about":[{"href":"https:\/\/vieassociative.be\/actualites\/wp-json\/wp\/v2\/types\/post"}],"author":[{"embeddable":true,"href":"https:\/\/vieassociative.be\/actualites\/wp-json\/wp\/v2\/users\/1"}],"replies":[{"embeddable":true,"href":"https:\/\/vieassociative.be\/actualites\/wp-json\/wp\/v2\/comments?post=1611"}],"version-history":[{"count":0,"href":"https:\/\/vieassociative.be\/actualites\/wp-json\/wp\/v2\/posts\/1611\/revisions"}],"wp:featuredmedia":[{"embeddable":true,"href":"https:\/\/vieassociative.be\/actualites\/wp-json\/wp\/v2\/media\/1612"}],"wp:attachment":[{"href":"https:\/\/vieassociative.be\/actualites\/wp-json\/wp\/v2\/media?parent=1611"}],"wp:term":[{"taxonomy":"category","embeddable":true,"href":"https:\/\/vieassociative.be\/actualites\/wp-json\/wp\/v2\/categories?post=1611"},{"taxonomy":"post_tag","embeddable":true,"href":"https:\/\/vieassociative.be\/actualites\/wp-json\/wp\/v2\/tags?post=1611"}],"curies":[{"name":"wp","href":"https:\/\/api.w.org\/{rel}","templated":true}]}}