{"id":1605,"date":"2024-10-25T00:17:35","date_gmt":"2024-10-24T22:17:35","guid":{"rendered":"https:\/\/vieassociative.be\/actualites\/comment-parler-a-vos-enfants-des-fusillades-dans-les-ecoles\/"},"modified":"2024-10-25T00:17:35","modified_gmt":"2024-10-24T22:17:35","slug":"comment-parler-a-vos-enfants-des-fusillades-dans-les-ecoles","status":"publish","type":"post","link":"https:\/\/vieassociative.be\/actualites\/comment-parler-a-vos-enfants-des-fusillades-dans-les-ecoles\/","title":{"rendered":"Comment parler \u00e0 vos enfants des fusillades dans les \u00e9coles"},"content":{"rendered":"<div class=\"mt-4 leading-6 md:mb-8\">Ce qui devrait \u00eatre inimaginable est bien trop courant pour les enfants et les parents aux \u00c9tats-Unis.<\/div>\n<p><\/p>\n<p><em>Cet article fait partie de notre s\u00e9rie \u00ab Big Talks \u00bb, un guide pour aider les parents \u00e0 naviguer dans les conversations les plus importantes qu&rsquo;ils auront avec leurs enfants. En savoir plus ici.<\/em><\/p>\n<p>Si seulement les fusillades de masse dans les \u00e9coles \u00e9taient aussi inimaginables aux \u00c9tats-Unis qu\u2019elles le sont pratiquement partout ailleurs. Au lieu de cela, le pays en a endur\u00e9 tellement que les parents ne peuvent s&#8217;emp\u00eacher de ressentir un sentiment d&rsquo;effroi sans fin, matin apr\u00e8s matin, lorsque leurs enfants partent \u00e9tudier, et un soulagement naus\u00e9abond lorsqu&rsquo;ils parviennent \u00e0 rentrer chez eux sains et saufs. l&rsquo;apr\u00e8s-midi.<\/p>\n<p>Il n&rsquo;est pas facile de parler \u00e0 vos enfants de ce qui constitue essentiellement votre pire cauchemar en tant que parent, mais nous ne pouvons pas non plus les prot\u00e9ger de savoir que cela se produit. Selon leur \u00e2ge, ils entendront parler des fusillades par un camarade de classe, ou ils entendront des extraits de conversations d&rsquo;adultes ou de reportages, ou encore ils devront m\u00eame participer \u00e0 des exercices de tir \u00e0 l&rsquo;\u00e9cole en classe. Mais comment trouver les bons mots pour leur parler de quelque chose d\u2019aussi terrifiant\u2026<em>et<\/em> donc hors de ton contr\u00f4le ?<\/p>\n<p>J&rsquo;ai parl\u00e9 avec la psychologue parentale et scolaire Reena B. Patel, auteur de <em>Winnie et ses soucis,<\/em> pour savoir comment parler \u00e0 vos enfants des fusillades dans les \u00e9coles. Si vous avez besoin d\u2019un peu de conseils pour orienter cette conversation difficile, voici un point de d\u00e9part.<\/p>\n<h2 id=\"create-a-safe-space-to-talk\"><strong>Cr\u00e9ez un espace s\u00fbr pour parler<\/strong><\/h2>\n<p>Votre enfant a probablement des questions et des craintes qu\u2019il n\u2019a pas les mots pour d\u00e9crire, tout comme vous. Patel dit que vous devriez permettre aux questions de votre enfant de vous servir de guide de discussion lorsque vous d\u00e9cidez de la quantit\u00e9 d&rsquo;informations \u00e0 partager.<\/p>\n<p>Surveillez tout signe indiquant qu&rsquo;ils pourraient vouloir parler. \u00ab\u00a0Certains enfants pr\u00e9f\u00e8rent \u00e9crire, jouer de la musique ou r\u00e9aliser un projet artistique comme modalit\u00e9 d&rsquo;expression\u00a0\u00bb, explique Patel. De plus, elle note que les jeunes enfants peuvent avoir besoin d&rsquo;activit\u00e9s concr\u00e8tes (comme dessiner, regarder des livres d&rsquo;images ou des jeux imaginatifs) pour les aider \u00e0 identifier et \u00e0 exprimer leurs sentiments.<\/p>\n<h2 id=\"prepare-for-the-why\"><strong>Pr\u00e9parez-vous au \u00ab\u00a0pourquoi\u00a0?\u00a0\u00bb<\/strong><\/h2>\n<p>Pour \u00e9noncer une \u00e9vidence : nous ne savons pas \u00ab pourquoi \u00bb les gens font cela. C&rsquo;est bien de partager cette douloureuse r\u00e9alit\u00e9 avec votre enfant. Certaines personnes font des choses terribles et violentes, et nous ne comprenons pas vraiment le \u00ab pourquoi \u00bb. Mais comme l&rsquo;\u00e9crit la psychologue Ellen Hendriksen, il est important de dire \u00e0 votre enfant qu&rsquo;il y a beaucoup plus de bonnes personnes que de mauvaises dans le monde. Lorsque vous ne parvenez pas \u00e0 donner \u00e0 votre enfant une r\u00e9ponse satisfaisante au \u00ab\u00a0pourquoi\u00a0\u00bb, rappelez-lui ce que vous <em>faire<\/em> sachez\u00a0: vous ferez toujours ce que vous pouvez pour assurer leur s\u00e9curit\u00e9.<\/p>\n<h2 id=\"review-safety-protocols\"><strong>Revoir les protocoles de s\u00e9curit\u00e9<\/strong><\/h2>\n<p>De toute \u00e9vidence, les protocoles de s\u00e9curit\u00e9 scolaires de votre enfant semblent inad\u00e9quats pour toute une s\u00e9rie de raisons. Mais il est important de sortir la conversation de l&rsquo;impossible \u00e0 expliquer (<em>pourquoi les mauvaises personnes font-elles de mauvaises choses ?<\/em>) au tangible (<em>dans quelle position se trouve-t-on lors d&rsquo;un exercice de s\u00e9curit\u00e9\u00a0?<\/em>). De plus, aidez vos enfants \u00e0 identifier au moins un adulte \u00e0 l\u2019\u00e9cole et dans la communaut\u00e9 vers qui ils peuvent s\u2019adresser s\u2019ils se sentent menac\u00e9s ou en danger.<\/p>\n<h2 id=\"limit-media-coverage-of-violent-events\"><strong>Limiter la couverture m\u00e9diatique des \u00e9v\u00e9nements violents<\/strong><\/h2>\n<p>\u00ab\u00a0Les informations inappropri\u00e9es sur le plan du d\u00e9veloppement peuvent provoquer de l&rsquo;anxi\u00e9t\u00e9 ou de la confusion, en particulier chez les jeunes enfants\u00a0\u00bb, explique Patel. \u00ab Les adultes doivent \u00e9galement \u00eatre attentifs au contenu des conversations qu\u2019ils ont entre eux devant des enfants, m\u00eame des adolescents, et limiter leur exposition. \u00bb<\/p>\n<p>Cela signifie aussi prendre soin de vous. Voici quelques conseils suppl\u00e9mentaires pour faire face \u00e0 une situation de crise perp\u00e9tuelle.<\/p>\n<h2 id=\"maintain-a-consistent-routine\"><strong>Maintenir une routine coh\u00e9rente<\/strong><\/h2>\n<p>La routine est rassurante. Patel conseille d&rsquo;encourager votre enfant \u00e0 suivre ses devoirs scolaires et ses activit\u00e9s parascolaires, mais \u00ab ne le poussez pas s&rsquo;il semble d\u00e9pass\u00e9 \u00bb. Sinon, faites de votre mieux pour qu\u2019ils continuent \u00e0 dormir suffisamment, \u00e0 faire de l\u2019activit\u00e9 physique et \u00e0 avoir une alimentation saine.<\/p>\n<h2 id=\"monitor-emotions-your-childs-and-your-own\"><strong>Surveillez les \u00e9motions : celles de votre enfant et les v\u00f4tres<\/strong><\/h2>\n<p>Patel souligne que les changements de comportement, d&rsquo;app\u00e9tit et de sommeil peuvent \u00e9galement indiquer le niveau d&rsquo;anxi\u00e9t\u00e9 ou d&rsquo;inconfort d&rsquo;un enfant. Chez la plupart des enfants, ces sympt\u00f4mes s\u2019att\u00e9nueront avec le temps et le r\u00e9confort. Demandez l\u2019aide d\u2019un professionnel de la sant\u00e9 mentale si vous \u00eates inquiet.<\/p>\n<p>Les enfants se souviennent davantage des actions que des mots, alors surveillez \u00e9galement vos propres \u00e9motions. \u00abLes enfants se sentiront plus en s\u00e9curit\u00e9 en g\u00e9n\u00e9ral lorsque les parents se pr\u00e9senteront comme calmes et positifs\u00bb, nous a dit Sarah Kate Bearman, professeure adjointe de psychologie \u00e9ducative \u00e0 l&rsquo;Universit\u00e9 du Texas \u00e0 Austin, au d\u00e9but de la pand\u00e9mie.<\/p>\n<h2 id=\"be-kind-to-yourself\"><strong>Soyez gentil avec vous-m\u00eame<\/strong><\/h2>\n<p>Tous les points de ce guide s\u2019appliquent \u00e0 vous et \u00e0 votre enfant. J&rsquo;aurais aim\u00e9 que cette conversation soit inimaginable\u00a0; au contraire, ce pays l\u2019a rendu in\u00e9vitable. Soyez gentil avec vous-m\u00eame pendant votre deuil et essayez de donner un sens \u00e0 cette profonde perte.<\/p>\n<p><em>(Cet article a \u00e9t\u00e9 initialement publi\u00e9 en 2022 ; il a \u00e9t\u00e9 mis \u00e0 jour le 26 juin 2023.)<\/em><\/p>\n","protected":false},"excerpt":{"rendered":"<p>Ce qui devrait \u00eatre inimaginable est bien trop courant pour les enfants et les parents aux \u00c9tats-Unis. Cet article fait partie de notre s\u00e9rie \u00ab<\/p>\n","protected":false},"author":1,"featured_media":1606,"comment_status":"","ping_status":"","sticky":false,"template":"","format":"standard","meta":{"footnotes":""},"categories":[37],"tags":[44,166,29,2209,324,2208,14,438,27],"class_list":["post-1605","post","type-post","status-publish","format-standard","has-post-thumbnail","hentry","category-famille","tag-comment","tag-dans","tag-des","tag-ecoles","tag-enfants","tag-fusillades","tag-les","tag-parler","tag-vos","generate-columns","tablet-grid-50","mobile-grid-100","grid-parent","grid-33"],"yoast_head":"<!-- This site is optimized with the Yoast SEO plugin v24.0 - https:\/\/yoast.com\/wordpress\/plugins\/seo\/ -->\n<title>Comment parler \u00e0 vos enfants des fusillades dans les \u00e9coles | Vie Associative<\/title>\n<meta name=\"robots\" content=\"index, follow, max-snippet:-1, max-image-preview:large, max-video-preview:-1\" \/>\n<link rel=\"canonical\" href=\"https:\/\/vieassociative.be\/actualites\/comment-parler-a-vos-enfants-des-fusillades-dans-les-ecoles\/\" \/>\n<meta property=\"og:locale\" content=\"fr_FR\" \/>\n<meta property=\"og:type\" content=\"article\" \/>\n<meta property=\"og:title\" content=\"Comment parler \u00e0 vos enfants des fusillades dans les \u00e9coles | Vie Associative\" \/>\n<meta property=\"og:description\" content=\"Ce qui devrait \u00eatre inimaginable est bien trop courant pour les enfants et les parents aux \u00c9tats-Unis. Cet article fait partie de notre s\u00e9rie \u00ab\" \/>\n<meta property=\"og:url\" content=\"https:\/\/vieassociative.be\/actualites\/comment-parler-a-vos-enfants-des-fusillades-dans-les-ecoles\/\" \/>\n<meta property=\"og:site_name\" content=\"Vie Associative\" \/>\n<meta property=\"article:published_time\" content=\"2024-10-24T22:17:35+00:00\" \/>\n<meta property=\"og:image\" content=\"https:\/\/vieassociative.be\/actualites\/wp-content\/uploads\/2024\/09\/header_backgroundk-01-e1726694325946.png\" \/>\n\t<meta property=\"og:image:width\" content=\"279\" \/>\n\t<meta property=\"og:image:height\" content=\"92\" \/>\n\t<meta property=\"og:image:type\" content=\"image\/png\" \/>\n<meta name=\"author\" content=\"Julien\" \/>\n<meta name=\"twitter:card\" content=\"summary_large_image\" \/>\n<meta name=\"twitter:label1\" content=\"\u00c9crit par\" \/>\n\t<meta name=\"twitter:data1\" content=\"Julien\" \/>\n\t<meta name=\"twitter:label2\" content=\"Dur\u00e9e de lecture est.\" \/>\n\t<meta name=\"twitter:data2\" content=\"5 minutes\" \/>\n<script type=\"application\/ld+json\" class=\"yoast-schema-graph\">{\"@context\":\"https:\/\/schema.org\",\"@graph\":[{\"@type\":\"Article\",\"@id\":\"https:\/\/vieassociative.be\/actualites\/comment-parler-a-vos-enfants-des-fusillades-dans-les-ecoles\/#article\",\"isPartOf\":{\"@id\":\"https:\/\/vieassociative.be\/actualites\/comment-parler-a-vos-enfants-des-fusillades-dans-les-ecoles\/\"},\"author\":{\"name\":\"Julien\",\"@id\":\"https:\/\/vieassociative.be\/actualites\/#\/schema\/person\/b87ac4f82f9d4e7b7cec7395b679edc4\"},\"headline\":\"Comment parler \u00e0 vos enfants des fusillades dans les \u00e9coles\",\"datePublished\":\"2024-10-24T22:17:35+00:00\",\"dateModified\":\"2024-10-24T22:17:35+00:00\",\"mainEntityOfPage\":{\"@id\":\"https:\/\/vieassociative.be\/actualites\/comment-parler-a-vos-enfants-des-fusillades-dans-les-ecoles\/\"},\"wordCount\":939,\"publisher\":{\"@id\":\"https:\/\/vieassociative.be\/actualites\/#organization\"},\"image\":{\"@id\":\"https:\/\/vieassociative.be\/actualites\/comment-parler-a-vos-enfants-des-fusillades-dans-les-ecoles\/#primaryimage\"},\"thumbnailUrl\":\"https:\/\/vieassociative.be\/actualites\/wp-content\/uploads\/2024\/10\/Comment-parler-a-vos-enfants-des-fusillades-dans-les-ecoles.png\",\"keywords\":[\"Comment\",\"dans\",\"Des\",\"\u00e9coles\",\"enfants\",\"fusillades\",\"Les\",\"parler\",\"vos\"],\"articleSection\":[\"Famille\"],\"inLanguage\":\"fr-BE\"},{\"@type\":\"WebPage\",\"@id\":\"https:\/\/vieassociative.be\/actualites\/comment-parler-a-vos-enfants-des-fusillades-dans-les-ecoles\/\",\"url\":\"https:\/\/vieassociative.be\/actualites\/comment-parler-a-vos-enfants-des-fusillades-dans-les-ecoles\/\",\"name\":\"Comment parler \u00e0 vos enfants des fusillades dans les \u00e9coles | Vie Associative\",\"isPartOf\":{\"@id\":\"https:\/\/vieassociative.be\/actualites\/#website\"},\"primaryImageOfPage\":{\"@id\":\"https:\/\/vieassociative.be\/actualites\/comment-parler-a-vos-enfants-des-fusillades-dans-les-ecoles\/#primaryimage\"},\"image\":{\"@id\":\"https:\/\/vieassociative.be\/actualites\/comment-parler-a-vos-enfants-des-fusillades-dans-les-ecoles\/#primaryimage\"},\"thumbnailUrl\":\"https:\/\/vieassociative.be\/actualites\/wp-content\/uploads\/2024\/10\/Comment-parler-a-vos-enfants-des-fusillades-dans-les-ecoles.png\",\"datePublished\":\"2024-10-24T22:17:35+00:00\",\"dateModified\":\"2024-10-24T22:17:35+00:00\",\"breadcrumb\":{\"@id\":\"https:\/\/vieassociative.be\/actualites\/comment-parler-a-vos-enfants-des-fusillades-dans-les-ecoles\/#breadcrumb\"},\"inLanguage\":\"fr-BE\",\"potentialAction\":[{\"@type\":\"ReadAction\",\"target\":[\"https:\/\/vieassociative.be\/actualites\/comment-parler-a-vos-enfants-des-fusillades-dans-les-ecoles\/\"]}]},{\"@type\":\"ImageObject\",\"inLanguage\":\"fr-BE\",\"@id\":\"https:\/\/vieassociative.be\/actualites\/comment-parler-a-vos-enfants-des-fusillades-dans-les-ecoles\/#primaryimage\",\"url\":\"https:\/\/vieassociative.be\/actualites\/wp-content\/uploads\/2024\/10\/Comment-parler-a-vos-enfants-des-fusillades-dans-les-ecoles.png\",\"contentUrl\":\"https:\/\/vieassociative.be\/actualites\/wp-content\/uploads\/2024\/10\/Comment-parler-a-vos-enfants-des-fusillades-dans-les-ecoles.png\",\"width\":1200,\"height\":675,\"caption\":\"Comment parler \u00e0 vos enfants des fusillades dans les \u00e9coles\"},{\"@type\":\"BreadcrumbList\",\"@id\":\"https:\/\/vieassociative.be\/actualites\/comment-parler-a-vos-enfants-des-fusillades-dans-les-ecoles\/#breadcrumb\",\"itemListElement\":[{\"@type\":\"ListItem\",\"position\":1,\"name\":\"Accueil\",\"item\":\"https:\/\/vieassociative.be\/actualites\/\"},{\"@type\":\"ListItem\",\"position\":2,\"name\":\"Comment parler \u00e0 vos enfants des fusillades dans les \u00e9coles\"}]},{\"@type\":\"WebSite\",\"@id\":\"https:\/\/vieassociative.be\/actualites\/#website\",\"url\":\"https:\/\/vieassociative.be\/actualites\/\",\"name\":\"Vie Associative\",\"description\":\"\",\"publisher\":{\"@id\":\"https:\/\/vieassociative.be\/actualites\/#organization\"},\"potentialAction\":[{\"@type\":\"SearchAction\",\"target\":{\"@type\":\"EntryPoint\",\"urlTemplate\":\"https:\/\/vieassociative.be\/actualites\/?s={search_term_string}\"},\"query-input\":{\"@type\":\"PropertyValueSpecification\",\"valueRequired\":true,\"valueName\":\"search_term_string\"}}],\"inLanguage\":\"fr-BE\"},{\"@type\":\"Organization\",\"@id\":\"https:\/\/vieassociative.be\/actualites\/#organization\",\"name\":\"Vie Associative\",\"url\":\"https:\/\/vieassociative.be\/actualites\/\",\"logo\":{\"@type\":\"ImageObject\",\"inLanguage\":\"fr-BE\",\"@id\":\"https:\/\/vieassociative.be\/actualites\/#\/schema\/logo\/image\/\",\"url\":\"https:\/\/vieassociative.be\/actualites\/wp-content\/uploads\/2024\/09\/cropped-vieassociative_favicon.ico.png\",\"contentUrl\":\"https:\/\/vieassociative.be\/actualites\/wp-content\/uploads\/2024\/09\/cropped-vieassociative_favicon.ico.png\",\"width\":512,\"height\":512,\"caption\":\"Vie Associative\"},\"image\":{\"@id\":\"https:\/\/vieassociative.be\/actualites\/#\/schema\/logo\/image\/\"}},{\"@type\":\"Person\",\"@id\":\"https:\/\/vieassociative.be\/actualites\/#\/schema\/person\/b87ac4f82f9d4e7b7cec7395b679edc4\",\"name\":\"Julien\",\"image\":{\"@type\":\"ImageObject\",\"inLanguage\":\"fr-BE\",\"@id\":\"https:\/\/vieassociative.be\/actualites\/#\/schema\/person\/image\/\",\"url\":\"https:\/\/vieassociative.be\/actualites\/wp-content\/uploads\/2024\/09\/vie-associative-1-150x150.jpg\",\"contentUrl\":\"https:\/\/vieassociative.be\/actualites\/wp-content\/uploads\/2024\/09\/vie-associative-1-150x150.jpg\",\"caption\":\"Julien\"},\"description\":\"Je suis Julien, r\u00e9dacteur pour Vie Associative. Passionn\u00e9 par le monde associatif depuis plus de 10 ans, j'ai \u00e0 c\u0153ur de partager des histoires inspirantes et de mettre en lumi\u00e8re les initiatives locales. Mon objectif est de sensibiliser et d'encourager l'engagement communautaire \u00e0 travers mes articles.\",\"sameAs\":[\"https:\/\/vieassociative.be\/\"]}]}<\/script>\n<!-- \/ Yoast SEO plugin. -->","yoast_head_json":{"title":"Comment parler \u00e0 vos enfants des fusillades dans les \u00e9coles | Vie Associative","robots":{"index":"index","follow":"follow","max-snippet":"max-snippet:-1","max-image-preview":"max-image-preview:large","max-video-preview":"max-video-preview:-1"},"canonical":"https:\/\/vieassociative.be\/actualites\/comment-parler-a-vos-enfants-des-fusillades-dans-les-ecoles\/","og_locale":"fr_FR","og_type":"article","og_title":"Comment parler \u00e0 vos enfants des fusillades dans les \u00e9coles | Vie Associative","og_description":"Ce qui devrait \u00eatre inimaginable est bien trop courant pour les enfants et les parents aux \u00c9tats-Unis. Cet article fait partie de notre s\u00e9rie \u00ab","og_url":"https:\/\/vieassociative.be\/actualites\/comment-parler-a-vos-enfants-des-fusillades-dans-les-ecoles\/","og_site_name":"Vie Associative","article_published_time":"2024-10-24T22:17:35+00:00","og_image":[{"width":279,"height":92,"url":"https:\/\/vieassociative.be\/actualites\/wp-content\/uploads\/2024\/09\/header_backgroundk-01-e1726694325946.png","type":"image\/png"}],"author":"Julien","twitter_card":"summary_large_image","twitter_misc":{"\u00c9crit par":"Julien","Dur\u00e9e de lecture est.":"5 minutes"},"schema":{"@context":"https:\/\/schema.org","@graph":[{"@type":"Article","@id":"https:\/\/vieassociative.be\/actualites\/comment-parler-a-vos-enfants-des-fusillades-dans-les-ecoles\/#article","isPartOf":{"@id":"https:\/\/vieassociative.be\/actualites\/comment-parler-a-vos-enfants-des-fusillades-dans-les-ecoles\/"},"author":{"name":"Julien","@id":"https:\/\/vieassociative.be\/actualites\/#\/schema\/person\/b87ac4f82f9d4e7b7cec7395b679edc4"},"headline":"Comment parler \u00e0 vos enfants des fusillades dans les \u00e9coles","datePublished":"2024-10-24T22:17:35+00:00","dateModified":"2024-10-24T22:17:35+00:00","mainEntityOfPage":{"@id":"https:\/\/vieassociative.be\/actualites\/comment-parler-a-vos-enfants-des-fusillades-dans-les-ecoles\/"},"wordCount":939,"publisher":{"@id":"https:\/\/vieassociative.be\/actualites\/#organization"},"image":{"@id":"https:\/\/vieassociative.be\/actualites\/comment-parler-a-vos-enfants-des-fusillades-dans-les-ecoles\/#primaryimage"},"thumbnailUrl":"https:\/\/vieassociative.be\/actualites\/wp-content\/uploads\/2024\/10\/Comment-parler-a-vos-enfants-des-fusillades-dans-les-ecoles.png","keywords":["Comment","dans","Des","\u00e9coles","enfants","fusillades","Les","parler","vos"],"articleSection":["Famille"],"inLanguage":"fr-BE"},{"@type":"WebPage","@id":"https:\/\/vieassociative.be\/actualites\/comment-parler-a-vos-enfants-des-fusillades-dans-les-ecoles\/","url":"https:\/\/vieassociative.be\/actualites\/comment-parler-a-vos-enfants-des-fusillades-dans-les-ecoles\/","name":"Comment parler \u00e0 vos enfants des fusillades dans les \u00e9coles | Vie Associative","isPartOf":{"@id":"https:\/\/vieassociative.be\/actualites\/#website"},"primaryImageOfPage":{"@id":"https:\/\/vieassociative.be\/actualites\/comment-parler-a-vos-enfants-des-fusillades-dans-les-ecoles\/#primaryimage"},"image":{"@id":"https:\/\/vieassociative.be\/actualites\/comment-parler-a-vos-enfants-des-fusillades-dans-les-ecoles\/#primaryimage"},"thumbnailUrl":"https:\/\/vieassociative.be\/actualites\/wp-content\/uploads\/2024\/10\/Comment-parler-a-vos-enfants-des-fusillades-dans-les-ecoles.png","datePublished":"2024-10-24T22:17:35+00:00","dateModified":"2024-10-24T22:17:35+00:00","breadcrumb":{"@id":"https:\/\/vieassociative.be\/actualites\/comment-parler-a-vos-enfants-des-fusillades-dans-les-ecoles\/#breadcrumb"},"inLanguage":"fr-BE","potentialAction":[{"@type":"ReadAction","target":["https:\/\/vieassociative.be\/actualites\/comment-parler-a-vos-enfants-des-fusillades-dans-les-ecoles\/"]}]},{"@type":"ImageObject","inLanguage":"fr-BE","@id":"https:\/\/vieassociative.be\/actualites\/comment-parler-a-vos-enfants-des-fusillades-dans-les-ecoles\/#primaryimage","url":"https:\/\/vieassociative.be\/actualites\/wp-content\/uploads\/2024\/10\/Comment-parler-a-vos-enfants-des-fusillades-dans-les-ecoles.png","contentUrl":"https:\/\/vieassociative.be\/actualites\/wp-content\/uploads\/2024\/10\/Comment-parler-a-vos-enfants-des-fusillades-dans-les-ecoles.png","width":1200,"height":675,"caption":"Comment parler \u00e0 vos enfants des fusillades dans les \u00e9coles"},{"@type":"BreadcrumbList","@id":"https:\/\/vieassociative.be\/actualites\/comment-parler-a-vos-enfants-des-fusillades-dans-les-ecoles\/#breadcrumb","itemListElement":[{"@type":"ListItem","position":1,"name":"Accueil","item":"https:\/\/vieassociative.be\/actualites\/"},{"@type":"ListItem","position":2,"name":"Comment parler \u00e0 vos enfants des fusillades dans les \u00e9coles"}]},{"@type":"WebSite","@id":"https:\/\/vieassociative.be\/actualites\/#website","url":"https:\/\/vieassociative.be\/actualites\/","name":"Vie Associative","description":"","publisher":{"@id":"https:\/\/vieassociative.be\/actualites\/#organization"},"potentialAction":[{"@type":"SearchAction","target":{"@type":"EntryPoint","urlTemplate":"https:\/\/vieassociative.be\/actualites\/?s={search_term_string}"},"query-input":{"@type":"PropertyValueSpecification","valueRequired":true,"valueName":"search_term_string"}}],"inLanguage":"fr-BE"},{"@type":"Organization","@id":"https:\/\/vieassociative.be\/actualites\/#organization","name":"Vie Associative","url":"https:\/\/vieassociative.be\/actualites\/","logo":{"@type":"ImageObject","inLanguage":"fr-BE","@id":"https:\/\/vieassociative.be\/actualites\/#\/schema\/logo\/image\/","url":"https:\/\/vieassociative.be\/actualites\/wp-content\/uploads\/2024\/09\/cropped-vieassociative_favicon.ico.png","contentUrl":"https:\/\/vieassociative.be\/actualites\/wp-content\/uploads\/2024\/09\/cropped-vieassociative_favicon.ico.png","width":512,"height":512,"caption":"Vie Associative"},"image":{"@id":"https:\/\/vieassociative.be\/actualites\/#\/schema\/logo\/image\/"}},{"@type":"Person","@id":"https:\/\/vieassociative.be\/actualites\/#\/schema\/person\/b87ac4f82f9d4e7b7cec7395b679edc4","name":"Julien","image":{"@type":"ImageObject","inLanguage":"fr-BE","@id":"https:\/\/vieassociative.be\/actualites\/#\/schema\/person\/image\/","url":"https:\/\/vieassociative.be\/actualites\/wp-content\/uploads\/2024\/09\/vie-associative-1-150x150.jpg","contentUrl":"https:\/\/vieassociative.be\/actualites\/wp-content\/uploads\/2024\/09\/vie-associative-1-150x150.jpg","caption":"Julien"},"description":"Je suis Julien, r\u00e9dacteur pour Vie Associative. Passionn\u00e9 par le monde associatif depuis plus de 10 ans, j'ai \u00e0 c\u0153ur de partager des histoires inspirantes et de mettre en lumi\u00e8re les initiatives locales. Mon objectif est de sensibiliser et d'encourager l'engagement communautaire \u00e0 travers mes articles.","sameAs":["https:\/\/vieassociative.be\/"]}]}},"_links":{"self":[{"href":"https:\/\/vieassociative.be\/actualites\/wp-json\/wp\/v2\/posts\/1605"}],"collection":[{"href":"https:\/\/vieassociative.be\/actualites\/wp-json\/wp\/v2\/posts"}],"about":[{"href":"https:\/\/vieassociative.be\/actualites\/wp-json\/wp\/v2\/types\/post"}],"author":[{"embeddable":true,"href":"https:\/\/vieassociative.be\/actualites\/wp-json\/wp\/v2\/users\/1"}],"replies":[{"embeddable":true,"href":"https:\/\/vieassociative.be\/actualites\/wp-json\/wp\/v2\/comments?post=1605"}],"version-history":[{"count":0,"href":"https:\/\/vieassociative.be\/actualites\/wp-json\/wp\/v2\/posts\/1605\/revisions"}],"wp:featuredmedia":[{"embeddable":true,"href":"https:\/\/vieassociative.be\/actualites\/wp-json\/wp\/v2\/media\/1606"}],"wp:attachment":[{"href":"https:\/\/vieassociative.be\/actualites\/wp-json\/wp\/v2\/media?parent=1605"}],"wp:term":[{"taxonomy":"category","embeddable":true,"href":"https:\/\/vieassociative.be\/actualites\/wp-json\/wp\/v2\/categories?post=1605"},{"taxonomy":"post_tag","embeddable":true,"href":"https:\/\/vieassociative.be\/actualites\/wp-json\/wp\/v2\/tags?post=1605"}],"curies":[{"name":"wp","href":"https:\/\/api.w.org\/{rel}","templated":true}]}}