{"id":1603,"date":"2024-10-24T23:17:04","date_gmt":"2024-10-24T21:17:04","guid":{"rendered":"https:\/\/vieassociative.be\/actualites\/ne-dites-pas-ces-choses-a-quelquun-qui-a-perdu-du-poids-et-que-dire-a-la-place\/"},"modified":"2024-10-24T23:17:04","modified_gmt":"2024-10-24T21:17:04","slug":"ne-dites-pas-ces-choses-a-quelquun-qui-a-perdu-du-poids-et-que-dire-a-la-place","status":"publish","type":"post","link":"https:\/\/vieassociative.be\/actualites\/ne-dites-pas-ces-choses-a-quelquun-qui-a-perdu-du-poids-et-que-dire-a-la-place\/","title":{"rendered":"Ne dites pas ces choses \u00e0 quelqu&rsquo;un qui a perdu du poids (et que dire \u00e0 la place)"},"content":{"rendered":"<div class=\"mt-4 leading-6 md:mb-8\">M\u00eame les commentaires les plus bien intentionn\u00e9s peuvent para\u00eetre tout simplement grossiers.<\/div>\n<p><\/p>\n<p>Dans notre culture obs\u00e9d\u00e9e par le corps, vous pourriez ressentir une envie compr\u00e9hensible de dire quelque chose.<em>-rien-<\/em>lorsque vous remarquez qu&rsquo;un ami, un coll\u00e8gue ou une connaissance a perdu du poids depuis la derni\u00e8re fois que vous l&rsquo;avez vu. Mais m\u00eame les commentaires les plus bien intentionn\u00e9s peuvent finir par para\u00eetre d\u00e9daigneux, fatphobes ou simplement grossiers.<\/p>\n<p>Voici votre r\u00e8gle directrice : parce que vous ne connaissez jamais compl\u00e8tement les raisons de la perte de poids d\u2019une personne, vous devriez \u00e9viter d\u2019y attacher une quelconque sorte de moralit\u00e9, bonne ou mauvaise. Vous trouverez ci-dessous des choses courantes que vous voudrez peut-\u00eatre reconsid\u00e9rer en disant \u00e0 quelqu&rsquo;un qui cherche \u00e0 perdre du poids, ainsi que quelques suggestions sur ce qu&rsquo;il faut dire \u00e0 la place. (Vous pouvez aussi ne rien dire. Ne rien dire, c&rsquo;est bien aussi.)<\/p>\n<h2 id=\"you-look-great-have-you-lost-weight\"><strong>\u00ab\u00a0Tu es superbe, as-tu perdu du poids\u00a0?\u00a0\u00bb<\/strong><\/h2>\n<p>Ce commentaire signifie bien, c\u2019est vraiment le cas. Cependant, l\u2019implication ici est que plus mince est mieux \u2013 ce n\u2019est pas exactement positif pour le corps. De plus, gardez \u00e0 l\u2019esprit que les gens perdent du poids \u00ab pour une multitude de raisons qui n\u2019ont souvent pas grand-chose \u00e0 voir avec un r\u00e9gime \u00bb, selon Melainie Rogers, MS, RDN et fondatrice de Balance Eating Disorder Treatment Facility. \u00ab\u00a0Cela inclut les probl\u00e8mes de sant\u00e9 physique ou mentale, l&rsquo;anxi\u00e9t\u00e9, la d\u00e9pression, le stress ou les sympt\u00f4mes de troubles de l&rsquo;alimentation &#8211; (qui) peuvent tous entra\u00eener une perte de poids.\u00a0\u00bb Sauf si vous \u00eates certain que la perte de poids d&rsquo;une personne fait partie d&rsquo;un parcours sain<em> et<\/em> qu&rsquo;ils soient ouverts \u00e0 ce type de compliments, \u00e9vitez de laisser entendre que la perte de poids les a rendus plus beaux qu&rsquo;avant.<\/p>\n<h2 id=\"you-didntdont-need-to-lose-weight-you-know\"><strong>\u00ab\u00a0Tu n&rsquo;avais pas\/n&rsquo;avais pas besoin de perdre du poids, tu sais.\u00a0\u00bb<\/strong><\/h2>\n<p>Peut-\u00eatre que les bonnes intentions derri\u00e8re ce commentaire sont que la personne qui perd du poids a toujours \u00e9t\u00e9 belle ou digne. Cependant, ce commentaire sugg\u00e8re toujours qu\u2019ils \u00ab devraient \u00bb avoir une certaine apparence : minces ou gros ou n\u2019importe o\u00f9 entre les deux. Et s\u2019ils travaillaient dur pour perdre du poids, pourquoi voudriez-vous saper leur travail comme \u00e9tant inutile maintenant ?<\/p>\n<h2 id=\"how-much-weight-did-you-lose\"><strong>\u00ab\u00a0Combien de poids as-tu perdu\u00a0?\u00a0\u00bb<\/strong><\/h2>\n<p>Parler de chiffres est ringard. De plus, lorsque vous perdez du poids, les chiffres (livres, kilom\u00e8tres et calories) peuvent prendre de nouvelles dimensions charg\u00e9es d&rsquo;\u00e9motion. R\u00e9duire une telle exp\u00e9rience \u00e0 plusieurs niveaux en quelques chiffres peut \u00eatre invasif et potentiellement d\u00e9valorisant. <\/p>\n<h2 id=\"whats-your-secret\"><strong>\u00ab\u00a0Quel est ton secret?\u00a0\u00bb<\/strong><\/h2>\n<p>Cette question mine la r\u00e9alit\u00e9 de tout le travail ennuyeux et dur qui peut \u00eatre n\u00e9cessaire aux efforts de perte de poids d&rsquo;une personne. En plus, il n\u2019y a vraiment pas de secret.<\/p>\n<h2 id=\"good-for-you-you-look-so-much-better\"><strong>\u00ab\u00a0Bien pour vous.\u00a0\u00bb \/ \u00ab\u00a0Tu es tellement mieux.\u00a0\u00bb<\/strong><\/h2>\n<p>\u00c9vitez tout ce qui insulte leur apparence avant afin de complimenter leur apparence actuelle. Apr\u00e8s tout, ils sont toujours la m\u00eame personne, hier, aujourd&rsquo;hui et quelle que soit leur taille dans le futur.<\/p>\n<h2 id=\"how-many-pounds-do-you-have-to-go\"><strong>\u00ab\u00a0Combien de kilos dois-tu prendre\u00a0?\u00a0\u00bb<\/strong><\/h2>\n<p>Ah, cela implique qu&rsquo;il doit y avoir encore du travail \u00e0 faire ! Non, gardez celui-ci pour vous.<\/p>\n<h2 id=\"its-like-youre-a-completely-different-person\"><strong>\u00ab\u00a0C&rsquo;est comme si tu \u00e9tais une personne compl\u00e8tement diff\u00e9rente.\u00a0\u00bb<\/strong><\/h2>\n<p>Celui-ci est une arme charg\u00e9e. Diff\u00e9rent <em>bien<\/em>? Diff\u00e9rent <em>mauvais<\/em>? Lorsqu\u2019une personne perd beaucoup de poids, il faut du temps pour <em>eux<\/em> pour s&rsquo;adapter au nouveau reflet dans le miroir. Ce genre de commentaire rend ce processus encore plus difficile. <\/p>\n<h2 id=\"you-are-so-lucky\"><strong>\u00ab\u00a0Tu as tellement de chance!\u00a0\u00bb<\/strong><\/h2>\n<p>Vraiment? Cette formulation minimise le v\u00e9ritable travail acharn\u00e9 d&rsquo;une personne ou est insensible \u00e0 la perte de poids involontaire qui pourrait \u00eatre due \u00e0 une foule d&rsquo;autres raisons.<\/p>\n<h2 id=\"oh-come-on-you-can-have-snackdrinktemptation\"><strong>\u00ab\u00a0Oh allez, tu peux prendre (une collation\/une boisson\/une tentation).\u00a0\u00bb<\/strong><br \/><\/h2>\n<p>Ce n&rsquo;est probablement pas \u00e0 vous de dire \u00e0 quelqu&rsquo;un ce qu&rsquo;il peut ou ne peut pas faire, et il est dangereux de consid\u00e9rer la nourriture comme quelque chose que l&rsquo;on \u00ab gagne \u00bb pour une raison quelconque. Il est pr\u00e9f\u00e9rable de ne pas commenter ce qu&rsquo;ils mangent ou ne mangent pas.<\/p>\n<h2 id=\"you-look-too-skinny\"><strong>\u00ab\u00a0Tu as l&rsquo;air <em>aussi<\/em> maigre.\u00a0\u00bb <\/strong><\/h2>\n<p>Peut-\u00eatre avez-vous vraiment l\u2019impression que quelqu\u2019un semble en mauvaise sant\u00e9 ou ne se sent pas en s\u00e9curit\u00e9 d\u2019une mani\u00e8re ou d\u2019une autre. Si tel est le cas, plut\u00f4t que de commenter son apparence, essayez de poser des questions invitantes. Par exemple : \u00ab\u00a0Comment allez-vous ces derniers temps\u00a0?\u00a0\u00bb ou \u00ab\u00a0J&rsquo;ai l&rsquo;impression que tu n&rsquo;as peut-\u00eatre pas \u00e9t\u00e9 toi-m\u00eame ces derniers temps. Comment \u00e7a va?\u00a0\u00bb<\/p>\n<h2 id=\"what-can-or-should-you-say-instead\"><strong>Que pouvez-vous (ou devriez-vous) dire \u00e0 la place\u00a0?<\/strong><br \/><\/h2>\n<p>En fin de compte, que vous souhaitiez exprimer des \u00e9loges ou des inqui\u00e9tudes, ce que vous dites d\u00e9pend de votre relation avec la personne. Si vous avez des doutes, il y a de fortes chances que ce ne soit pas \u00e0 vous de dire quoi que ce soit. Si tu <em>faire<\/em> Sachez au-del\u00e0 de tout doute raisonnable que la personne a travaill\u00e9 dur et qu&rsquo;elle serait ouverte \u00e0 entendre vos commentaires, concentrez-vous sur la complimentation de ses efforts sur les r\u00e9sultats. De cette fa\u00e7on, vous complimentez la personne, pas le navire.<\/p>\n<p>Que dire \u00e0 la place :<\/p>\n<ul>\n<li>\n<p>\u00ab\u00a0C&rsquo;est g\u00e9nial de vous voir\u00a0\u00bb ou tout autre type de compliment qui ne se concentre pas sur l&rsquo;apparence. Oubliez le mot \u00ab poids \u00bb. <\/p>\n<\/li>\n<li>\n<p>\u00ab\u00a0Tu as l&rsquo;air heureux.\u00a0\u00bb Si quelqu\u2019un est fier de sa perte de poids, cela l\u2019invite \u00e0 en parler par lui-m\u00eame. <\/p>\n<\/li>\n<li>\n<p>\u00ab\u00a0Tu es superbe.\u00a0\u00bb Arr\u00eat complet. <\/p>\n<\/li>\n<\/ul>\n","protected":false},"excerpt":{"rendered":"<p>M\u00eame les commentaires les plus bien intentionn\u00e9s peuvent para\u00eetre tout simplement grossiers. Dans notre culture obs\u00e9d\u00e9e par le corps, vous pourriez ressentir une envie compr\u00e9hensible<\/p>\n","protected":false},"author":1,"featured_media":1604,"comment_status":"","ping_status":"","sticky":false,"template":"","format":"standard","meta":{"footnotes":""},"categories":[38],"tags":[248,93,1074,2206,126,2207,204,1608,326,99],"class_list":["post-1603","post","type-post","status-publish","format-standard","has-post-thumbnail","hentry","category-sante","tag-ces","tag-choses","tag-dire","tag-dites","tag-pas","tag-perdu","tag-place","tag-poids","tag-quelquun","tag-qui","generate-columns","tablet-grid-50","mobile-grid-100","grid-parent","grid-33"],"yoast_head":"<!-- This site is optimized with the Yoast SEO plugin v24.0 - https:\/\/yoast.com\/wordpress\/plugins\/seo\/ -->\n<title>Ne dites pas ces choses \u00e0 quelqu&#039;un qui a perdu du poids (et que dire \u00e0 la place) | Vie Associative<\/title>\n<meta name=\"robots\" content=\"index, follow, max-snippet:-1, max-image-preview:large, max-video-preview:-1\" \/>\n<link rel=\"canonical\" href=\"https:\/\/vieassociative.be\/actualites\/ne-dites-pas-ces-choses-a-quelquun-qui-a-perdu-du-poids-et-que-dire-a-la-place\/\" \/>\n<meta property=\"og:locale\" content=\"fr_FR\" \/>\n<meta property=\"og:type\" content=\"article\" \/>\n<meta property=\"og:title\" content=\"Ne dites pas ces choses \u00e0 quelqu&#039;un qui a perdu du poids (et que dire \u00e0 la place) | Vie Associative\" \/>\n<meta property=\"og:description\" content=\"M\u00eame les commentaires les plus bien intentionn\u00e9s peuvent para\u00eetre tout simplement grossiers. Dans notre culture obs\u00e9d\u00e9e par le corps, vous pourriez ressentir une envie compr\u00e9hensible\" \/>\n<meta property=\"og:url\" content=\"https:\/\/vieassociative.be\/actualites\/ne-dites-pas-ces-choses-a-quelquun-qui-a-perdu-du-poids-et-que-dire-a-la-place\/\" \/>\n<meta property=\"og:site_name\" content=\"Vie Associative\" \/>\n<meta property=\"article:published_time\" content=\"2024-10-24T21:17:04+00:00\" \/>\n<meta property=\"og:image\" content=\"https:\/\/vieassociative.be\/actualites\/wp-content\/uploads\/2024\/09\/header_backgroundk-01-e1726694325946.png\" \/>\n\t<meta property=\"og:image:width\" content=\"279\" \/>\n\t<meta property=\"og:image:height\" content=\"92\" \/>\n\t<meta property=\"og:image:type\" content=\"image\/png\" \/>\n<meta name=\"author\" content=\"Julien\" \/>\n<meta name=\"twitter:card\" content=\"summary_large_image\" \/>\n<meta name=\"twitter:label1\" content=\"\u00c9crit par\" \/>\n\t<meta name=\"twitter:data1\" content=\"Julien\" \/>\n\t<meta name=\"twitter:label2\" content=\"Dur\u00e9e de lecture est.\" \/>\n\t<meta name=\"twitter:data2\" content=\"5 minutes\" \/>\n<script type=\"application\/ld+json\" class=\"yoast-schema-graph\">{\"@context\":\"https:\/\/schema.org\",\"@graph\":[{\"@type\":\"Article\",\"@id\":\"https:\/\/vieassociative.be\/actualites\/ne-dites-pas-ces-choses-a-quelquun-qui-a-perdu-du-poids-et-que-dire-a-la-place\/#article\",\"isPartOf\":{\"@id\":\"https:\/\/vieassociative.be\/actualites\/ne-dites-pas-ces-choses-a-quelquun-qui-a-perdu-du-poids-et-que-dire-a-la-place\/\"},\"author\":{\"name\":\"Julien\",\"@id\":\"https:\/\/vieassociative.be\/actualites\/#\/schema\/person\/b87ac4f82f9d4e7b7cec7395b679edc4\"},\"headline\":\"Ne dites pas ces choses \u00e0 quelqu&rsquo;un qui a perdu du poids (et que dire \u00e0 la place)\",\"datePublished\":\"2024-10-24T21:17:04+00:00\",\"dateModified\":\"2024-10-24T21:17:04+00:00\",\"mainEntityOfPage\":{\"@id\":\"https:\/\/vieassociative.be\/actualites\/ne-dites-pas-ces-choses-a-quelquun-qui-a-perdu-du-poids-et-que-dire-a-la-place\/\"},\"wordCount\":972,\"publisher\":{\"@id\":\"https:\/\/vieassociative.be\/actualites\/#organization\"},\"image\":{\"@id\":\"https:\/\/vieassociative.be\/actualites\/ne-dites-pas-ces-choses-a-quelquun-qui-a-perdu-du-poids-et-que-dire-a-la-place\/#primaryimage\"},\"thumbnailUrl\":\"https:\/\/vieassociative.be\/actualites\/wp-content\/uploads\/2024\/10\/Ne-dites-pas-ces-choses-a-quelquun-qui-a-perdu.jpg\",\"keywords\":[\"ces\",\"choses\",\"dire\",\"dites\",\"pas\",\"perdu\",\"place\",\"poids\",\"quelquun\",\"qui\"],\"articleSection\":[\"Sant\u00e9\"],\"inLanguage\":\"fr-BE\"},{\"@type\":\"WebPage\",\"@id\":\"https:\/\/vieassociative.be\/actualites\/ne-dites-pas-ces-choses-a-quelquun-qui-a-perdu-du-poids-et-que-dire-a-la-place\/\",\"url\":\"https:\/\/vieassociative.be\/actualites\/ne-dites-pas-ces-choses-a-quelquun-qui-a-perdu-du-poids-et-que-dire-a-la-place\/\",\"name\":\"Ne dites pas ces choses \u00e0 quelqu'un qui a perdu du poids (et que dire \u00e0 la place) | Vie Associative\",\"isPartOf\":{\"@id\":\"https:\/\/vieassociative.be\/actualites\/#website\"},\"primaryImageOfPage\":{\"@id\":\"https:\/\/vieassociative.be\/actualites\/ne-dites-pas-ces-choses-a-quelquun-qui-a-perdu-du-poids-et-que-dire-a-la-place\/#primaryimage\"},\"image\":{\"@id\":\"https:\/\/vieassociative.be\/actualites\/ne-dites-pas-ces-choses-a-quelquun-qui-a-perdu-du-poids-et-que-dire-a-la-place\/#primaryimage\"},\"thumbnailUrl\":\"https:\/\/vieassociative.be\/actualites\/wp-content\/uploads\/2024\/10\/Ne-dites-pas-ces-choses-a-quelquun-qui-a-perdu.jpg\",\"datePublished\":\"2024-10-24T21:17:04+00:00\",\"dateModified\":\"2024-10-24T21:17:04+00:00\",\"breadcrumb\":{\"@id\":\"https:\/\/vieassociative.be\/actualites\/ne-dites-pas-ces-choses-a-quelquun-qui-a-perdu-du-poids-et-que-dire-a-la-place\/#breadcrumb\"},\"inLanguage\":\"fr-BE\",\"potentialAction\":[{\"@type\":\"ReadAction\",\"target\":[\"https:\/\/vieassociative.be\/actualites\/ne-dites-pas-ces-choses-a-quelquun-qui-a-perdu-du-poids-et-que-dire-a-la-place\/\"]}]},{\"@type\":\"ImageObject\",\"inLanguage\":\"fr-BE\",\"@id\":\"https:\/\/vieassociative.be\/actualites\/ne-dites-pas-ces-choses-a-quelquun-qui-a-perdu-du-poids-et-que-dire-a-la-place\/#primaryimage\",\"url\":\"https:\/\/vieassociative.be\/actualites\/wp-content\/uploads\/2024\/10\/Ne-dites-pas-ces-choses-a-quelquun-qui-a-perdu.jpg\",\"contentUrl\":\"https:\/\/vieassociative.be\/actualites\/wp-content\/uploads\/2024\/10\/Ne-dites-pas-ces-choses-a-quelquun-qui-a-perdu.jpg\",\"width\":1200,\"height\":675,\"caption\":\"Ne dites pas ces choses \u00e0 quelqu'un qui a perdu du poids (et que dire \u00e0 la place)\"},{\"@type\":\"BreadcrumbList\",\"@id\":\"https:\/\/vieassociative.be\/actualites\/ne-dites-pas-ces-choses-a-quelquun-qui-a-perdu-du-poids-et-que-dire-a-la-place\/#breadcrumb\",\"itemListElement\":[{\"@type\":\"ListItem\",\"position\":1,\"name\":\"Accueil\",\"item\":\"https:\/\/vieassociative.be\/actualites\/\"},{\"@type\":\"ListItem\",\"position\":2,\"name\":\"Ne dites pas ces choses \u00e0 quelqu&rsquo;un qui a perdu du poids (et que dire \u00e0 la place)\"}]},{\"@type\":\"WebSite\",\"@id\":\"https:\/\/vieassociative.be\/actualites\/#website\",\"url\":\"https:\/\/vieassociative.be\/actualites\/\",\"name\":\"Vie Associative\",\"description\":\"\",\"publisher\":{\"@id\":\"https:\/\/vieassociative.be\/actualites\/#organization\"},\"potentialAction\":[{\"@type\":\"SearchAction\",\"target\":{\"@type\":\"EntryPoint\",\"urlTemplate\":\"https:\/\/vieassociative.be\/actualites\/?s={search_term_string}\"},\"query-input\":{\"@type\":\"PropertyValueSpecification\",\"valueRequired\":true,\"valueName\":\"search_term_string\"}}],\"inLanguage\":\"fr-BE\"},{\"@type\":\"Organization\",\"@id\":\"https:\/\/vieassociative.be\/actualites\/#organization\",\"name\":\"Vie Associative\",\"url\":\"https:\/\/vieassociative.be\/actualites\/\",\"logo\":{\"@type\":\"ImageObject\",\"inLanguage\":\"fr-BE\",\"@id\":\"https:\/\/vieassociative.be\/actualites\/#\/schema\/logo\/image\/\",\"url\":\"https:\/\/vieassociative.be\/actualites\/wp-content\/uploads\/2024\/09\/cropped-vieassociative_favicon.ico.png\",\"contentUrl\":\"https:\/\/vieassociative.be\/actualites\/wp-content\/uploads\/2024\/09\/cropped-vieassociative_favicon.ico.png\",\"width\":512,\"height\":512,\"caption\":\"Vie Associative\"},\"image\":{\"@id\":\"https:\/\/vieassociative.be\/actualites\/#\/schema\/logo\/image\/\"}},{\"@type\":\"Person\",\"@id\":\"https:\/\/vieassociative.be\/actualites\/#\/schema\/person\/b87ac4f82f9d4e7b7cec7395b679edc4\",\"name\":\"Julien\",\"image\":{\"@type\":\"ImageObject\",\"inLanguage\":\"fr-BE\",\"@id\":\"https:\/\/vieassociative.be\/actualites\/#\/schema\/person\/image\/\",\"url\":\"https:\/\/vieassociative.be\/actualites\/wp-content\/uploads\/2024\/09\/vie-associative-1-150x150.jpg\",\"contentUrl\":\"https:\/\/vieassociative.be\/actualites\/wp-content\/uploads\/2024\/09\/vie-associative-1-150x150.jpg\",\"caption\":\"Julien\"},\"description\":\"Je suis Julien, r\u00e9dacteur pour Vie Associative. Passionn\u00e9 par le monde associatif depuis plus de 10 ans, j'ai \u00e0 c\u0153ur de partager des histoires inspirantes et de mettre en lumi\u00e8re les initiatives locales. Mon objectif est de sensibiliser et d'encourager l'engagement communautaire \u00e0 travers mes articles.\",\"sameAs\":[\"https:\/\/vieassociative.be\/\"]}]}<\/script>\n<!-- \/ Yoast SEO plugin. -->","yoast_head_json":{"title":"Ne dites pas ces choses \u00e0 quelqu'un qui a perdu du poids (et que dire \u00e0 la place) | Vie Associative","robots":{"index":"index","follow":"follow","max-snippet":"max-snippet:-1","max-image-preview":"max-image-preview:large","max-video-preview":"max-video-preview:-1"},"canonical":"https:\/\/vieassociative.be\/actualites\/ne-dites-pas-ces-choses-a-quelquun-qui-a-perdu-du-poids-et-que-dire-a-la-place\/","og_locale":"fr_FR","og_type":"article","og_title":"Ne dites pas ces choses \u00e0 quelqu'un qui a perdu du poids (et que dire \u00e0 la place) | Vie Associative","og_description":"M\u00eame les commentaires les plus bien intentionn\u00e9s peuvent para\u00eetre tout simplement grossiers. Dans notre culture obs\u00e9d\u00e9e par le corps, vous pourriez ressentir une envie compr\u00e9hensible","og_url":"https:\/\/vieassociative.be\/actualites\/ne-dites-pas-ces-choses-a-quelquun-qui-a-perdu-du-poids-et-que-dire-a-la-place\/","og_site_name":"Vie Associative","article_published_time":"2024-10-24T21:17:04+00:00","og_image":[{"width":279,"height":92,"url":"https:\/\/vieassociative.be\/actualites\/wp-content\/uploads\/2024\/09\/header_backgroundk-01-e1726694325946.png","type":"image\/png"}],"author":"Julien","twitter_card":"summary_large_image","twitter_misc":{"\u00c9crit par":"Julien","Dur\u00e9e de lecture est.":"5 minutes"},"schema":{"@context":"https:\/\/schema.org","@graph":[{"@type":"Article","@id":"https:\/\/vieassociative.be\/actualites\/ne-dites-pas-ces-choses-a-quelquun-qui-a-perdu-du-poids-et-que-dire-a-la-place\/#article","isPartOf":{"@id":"https:\/\/vieassociative.be\/actualites\/ne-dites-pas-ces-choses-a-quelquun-qui-a-perdu-du-poids-et-que-dire-a-la-place\/"},"author":{"name":"Julien","@id":"https:\/\/vieassociative.be\/actualites\/#\/schema\/person\/b87ac4f82f9d4e7b7cec7395b679edc4"},"headline":"Ne dites pas ces choses \u00e0 quelqu&rsquo;un qui a perdu du poids (et que dire \u00e0 la place)","datePublished":"2024-10-24T21:17:04+00:00","dateModified":"2024-10-24T21:17:04+00:00","mainEntityOfPage":{"@id":"https:\/\/vieassociative.be\/actualites\/ne-dites-pas-ces-choses-a-quelquun-qui-a-perdu-du-poids-et-que-dire-a-la-place\/"},"wordCount":972,"publisher":{"@id":"https:\/\/vieassociative.be\/actualites\/#organization"},"image":{"@id":"https:\/\/vieassociative.be\/actualites\/ne-dites-pas-ces-choses-a-quelquun-qui-a-perdu-du-poids-et-que-dire-a-la-place\/#primaryimage"},"thumbnailUrl":"https:\/\/vieassociative.be\/actualites\/wp-content\/uploads\/2024\/10\/Ne-dites-pas-ces-choses-a-quelquun-qui-a-perdu.jpg","keywords":["ces","choses","dire","dites","pas","perdu","place","poids","quelquun","qui"],"articleSection":["Sant\u00e9"],"inLanguage":"fr-BE"},{"@type":"WebPage","@id":"https:\/\/vieassociative.be\/actualites\/ne-dites-pas-ces-choses-a-quelquun-qui-a-perdu-du-poids-et-que-dire-a-la-place\/","url":"https:\/\/vieassociative.be\/actualites\/ne-dites-pas-ces-choses-a-quelquun-qui-a-perdu-du-poids-et-que-dire-a-la-place\/","name":"Ne dites pas ces choses \u00e0 quelqu'un qui a perdu du poids (et que dire \u00e0 la place) | Vie Associative","isPartOf":{"@id":"https:\/\/vieassociative.be\/actualites\/#website"},"primaryImageOfPage":{"@id":"https:\/\/vieassociative.be\/actualites\/ne-dites-pas-ces-choses-a-quelquun-qui-a-perdu-du-poids-et-que-dire-a-la-place\/#primaryimage"},"image":{"@id":"https:\/\/vieassociative.be\/actualites\/ne-dites-pas-ces-choses-a-quelquun-qui-a-perdu-du-poids-et-que-dire-a-la-place\/#primaryimage"},"thumbnailUrl":"https:\/\/vieassociative.be\/actualites\/wp-content\/uploads\/2024\/10\/Ne-dites-pas-ces-choses-a-quelquun-qui-a-perdu.jpg","datePublished":"2024-10-24T21:17:04+00:00","dateModified":"2024-10-24T21:17:04+00:00","breadcrumb":{"@id":"https:\/\/vieassociative.be\/actualites\/ne-dites-pas-ces-choses-a-quelquun-qui-a-perdu-du-poids-et-que-dire-a-la-place\/#breadcrumb"},"inLanguage":"fr-BE","potentialAction":[{"@type":"ReadAction","target":["https:\/\/vieassociative.be\/actualites\/ne-dites-pas-ces-choses-a-quelquun-qui-a-perdu-du-poids-et-que-dire-a-la-place\/"]}]},{"@type":"ImageObject","inLanguage":"fr-BE","@id":"https:\/\/vieassociative.be\/actualites\/ne-dites-pas-ces-choses-a-quelquun-qui-a-perdu-du-poids-et-que-dire-a-la-place\/#primaryimage","url":"https:\/\/vieassociative.be\/actualites\/wp-content\/uploads\/2024\/10\/Ne-dites-pas-ces-choses-a-quelquun-qui-a-perdu.jpg","contentUrl":"https:\/\/vieassociative.be\/actualites\/wp-content\/uploads\/2024\/10\/Ne-dites-pas-ces-choses-a-quelquun-qui-a-perdu.jpg","width":1200,"height":675,"caption":"Ne dites pas ces choses \u00e0 quelqu'un qui a perdu du poids (et que dire \u00e0 la place)"},{"@type":"BreadcrumbList","@id":"https:\/\/vieassociative.be\/actualites\/ne-dites-pas-ces-choses-a-quelquun-qui-a-perdu-du-poids-et-que-dire-a-la-place\/#breadcrumb","itemListElement":[{"@type":"ListItem","position":1,"name":"Accueil","item":"https:\/\/vieassociative.be\/actualites\/"},{"@type":"ListItem","position":2,"name":"Ne dites pas ces choses \u00e0 quelqu&rsquo;un qui a perdu du poids (et que dire \u00e0 la place)"}]},{"@type":"WebSite","@id":"https:\/\/vieassociative.be\/actualites\/#website","url":"https:\/\/vieassociative.be\/actualites\/","name":"Vie Associative","description":"","publisher":{"@id":"https:\/\/vieassociative.be\/actualites\/#organization"},"potentialAction":[{"@type":"SearchAction","target":{"@type":"EntryPoint","urlTemplate":"https:\/\/vieassociative.be\/actualites\/?s={search_term_string}"},"query-input":{"@type":"PropertyValueSpecification","valueRequired":true,"valueName":"search_term_string"}}],"inLanguage":"fr-BE"},{"@type":"Organization","@id":"https:\/\/vieassociative.be\/actualites\/#organization","name":"Vie Associative","url":"https:\/\/vieassociative.be\/actualites\/","logo":{"@type":"ImageObject","inLanguage":"fr-BE","@id":"https:\/\/vieassociative.be\/actualites\/#\/schema\/logo\/image\/","url":"https:\/\/vieassociative.be\/actualites\/wp-content\/uploads\/2024\/09\/cropped-vieassociative_favicon.ico.png","contentUrl":"https:\/\/vieassociative.be\/actualites\/wp-content\/uploads\/2024\/09\/cropped-vieassociative_favicon.ico.png","width":512,"height":512,"caption":"Vie Associative"},"image":{"@id":"https:\/\/vieassociative.be\/actualites\/#\/schema\/logo\/image\/"}},{"@type":"Person","@id":"https:\/\/vieassociative.be\/actualites\/#\/schema\/person\/b87ac4f82f9d4e7b7cec7395b679edc4","name":"Julien","image":{"@type":"ImageObject","inLanguage":"fr-BE","@id":"https:\/\/vieassociative.be\/actualites\/#\/schema\/person\/image\/","url":"https:\/\/vieassociative.be\/actualites\/wp-content\/uploads\/2024\/09\/vie-associative-1-150x150.jpg","contentUrl":"https:\/\/vieassociative.be\/actualites\/wp-content\/uploads\/2024\/09\/vie-associative-1-150x150.jpg","caption":"Julien"},"description":"Je suis Julien, r\u00e9dacteur pour Vie Associative. Passionn\u00e9 par le monde associatif depuis plus de 10 ans, j'ai \u00e0 c\u0153ur de partager des histoires inspirantes et de mettre en lumi\u00e8re les initiatives locales. Mon objectif est de sensibiliser et d'encourager l'engagement communautaire \u00e0 travers mes articles.","sameAs":["https:\/\/vieassociative.be\/"]}]}},"_links":{"self":[{"href":"https:\/\/vieassociative.be\/actualites\/wp-json\/wp\/v2\/posts\/1603"}],"collection":[{"href":"https:\/\/vieassociative.be\/actualites\/wp-json\/wp\/v2\/posts"}],"about":[{"href":"https:\/\/vieassociative.be\/actualites\/wp-json\/wp\/v2\/types\/post"}],"author":[{"embeddable":true,"href":"https:\/\/vieassociative.be\/actualites\/wp-json\/wp\/v2\/users\/1"}],"replies":[{"embeddable":true,"href":"https:\/\/vieassociative.be\/actualites\/wp-json\/wp\/v2\/comments?post=1603"}],"version-history":[{"count":0,"href":"https:\/\/vieassociative.be\/actualites\/wp-json\/wp\/v2\/posts\/1603\/revisions"}],"wp:featuredmedia":[{"embeddable":true,"href":"https:\/\/vieassociative.be\/actualites\/wp-json\/wp\/v2\/media\/1604"}],"wp:attachment":[{"href":"https:\/\/vieassociative.be\/actualites\/wp-json\/wp\/v2\/media?parent=1603"}],"wp:term":[{"taxonomy":"category","embeddable":true,"href":"https:\/\/vieassociative.be\/actualites\/wp-json\/wp\/v2\/categories?post=1603"},{"taxonomy":"post_tag","embeddable":true,"href":"https:\/\/vieassociative.be\/actualites\/wp-json\/wp\/v2\/tags?post=1603"}],"curies":[{"name":"wp","href":"https:\/\/api.w.org\/{rel}","templated":true}]}}