{"id":1597,"date":"2024-10-24T19:21:52","date_gmt":"2024-10-24T17:21:52","guid":{"rendered":"https:\/\/vieassociative.be\/actualites\/comment-enseigner-le-sexisme-aux-enfants\/"},"modified":"2024-10-24T19:21:52","modified_gmt":"2024-10-24T17:21:52","slug":"comment-enseigner-le-sexisme-aux-enfants","status":"publish","type":"post","link":"https:\/\/vieassociative.be\/actualites\/comment-enseigner-le-sexisme-aux-enfants\/","title":{"rendered":"Comment enseigner le sexisme aux enfants"},"content":{"rendered":"<div class=\"mt-4 leading-6 md:mb-8\">Notre travail ici est loin d\u2019\u00eatre termin\u00e9 : le sexisme et les st\u00e9r\u00e9otypes de genre sont encore r\u00e9pandus aujourd\u2019hui.<\/div>\n<p><\/p>\n<p><em>Cet article fait partie de notre s\u00e9rie \u00ab Big Talks \u00bb, un guide pour aider les parents \u00e0 naviguer dans les conversations les plus importantes qu&rsquo;ils auront avec leurs enfants. En savoir plus ici.<\/em><\/p>\n<p>Il peut \u00eatre facile, en tant qu\u2019adultes, de regarder autour de nous et de constater les progr\u00e8s r\u00e9alis\u00e9s par les femmes dans leur qu\u00eate apparemment sans fin d\u2019\u00eatre consid\u00e9r\u00e9es et trait\u00e9es comme de v\u00e9ritables \u00e9gales aux hommes. Bien s\u00fbr, au cours de notre vie, nous avons vu des femmes occuper davantage de postes de direction dans leurs communaut\u00e9s, nous avons vu davantage de femmes se lancer dans une carri\u00e8re dans les STEM \u2013 nous avons m\u00eame vu la premi\u00e8re femme vice-pr\u00e9sidente pr\u00eater serment. J\u2019ai \u00e9galement d\u00fb surmonter le sexisme, la discrimination sexuelle et la misogynie pour parvenir \u00e0 de tels exploits.<\/p>\n<p>Notre travail ici est loin d\u2019\u00eatre termin\u00e9 : le sexisme et les st\u00e9r\u00e9otypes de genre sont encore r\u00e9pandus aujourd\u2019hui, et les enfants s\u2019en rendent compte, inconsciemment ou non, d\u00e8s leur plus jeune \u00e2ge. C&rsquo;est pourquoi nous devons enseigner ces questions \u00e0 nos enfants, d\u00e8s le plus jeune \u00e2ge et tout au long de leur enfance.<\/p>\n<h2 id=\"gender-stereotypes-start-developing-at-an-early-age\"><strong>Les st\u00e9r\u00e9otypes de genre commencent \u00e0 se d\u00e9velopper d\u00e8s le plus jeune \u00e2ge<\/strong><\/h2>\n<p>Le Dr Erin Pahlke, professeur agr\u00e9g\u00e9 de psychologie au Whitman College, me dit que des enfants \u00e2g\u00e9s de 2 ou 3 ans non seulement \u00e9tiquetent et cat\u00e9gorisent les gens selon leur sexe, mais ils ont d\u00e9j\u00e0 commenc\u00e9 \u00e0 d\u00e9velopper des st\u00e9r\u00e9otypes de genre. Cela se produit en partie \u00e0 cause des \u00e9tiquettes explicites que nous utilisons tous quotidiennement, comme par exemple un enseignant de maternelle qui dit : \u00ab Bonjour, les gar\u00e7ons et les filles \u00bb, ou un parent qui dit : \u00ab Avez-vous eu du plaisir \u00e0 jouer avec le petit gar\u00e7on dans la cour de r\u00e9cr\u00e9ation ? aujourd&rsquo;hui?\u00a0\u00bb Et cela se produit en partie en remarquant la fa\u00e7on dont les couleurs, les v\u00eatements et les jouets sont si souvent diff\u00e9renci\u00e9s selon le sexe.<\/p>\n<p>\u00ab\u00a0Les enfants captent cette information, et les mod\u00e8les de d\u00e9veloppement sugg\u00e8rent qu&rsquo;une fois que le genre devient psychologiquement important &#8211; donc une fois que les enfants remarquent : &lsquo;Oh, c&rsquo;est une cat\u00e9gorie qui compte et \u00e0 laquelle nous devrions pr\u00eater attention&rsquo; &#8211; ils s&rsquo;efforcent alors de comprendre quelles (caract\u00e9ristiques) vont chez les filles et chez les gar\u00e7ons \u00bb, explique Pahlke, dont les recherches portent sur la mani\u00e8re dont les enfants et les adolescents se forgent leur vision du genre et de la race. \u00ab\u00a0Et il existe de nombreux indices dans notre environnement qui fournissent aux enfants des informations sur les st\u00e9r\u00e9otypes de genre classiques.\u00a0\u00bb<\/p>\n<p>En effet, m\u00eame si vous, en tant que parent, pouvez acheter des v\u00eatements et des jouets non sexistes et leur lire des histoires pleines de personnages f\u00e9minins forts occupant des postes de pouvoir ou de leadership, ce n&rsquo;est pas ce qu&rsquo;ils voient lorsqu&rsquo;ils allument la t\u00e9l\u00e9vision ou sortent. votre maison. Un voyage dans l&rsquo;all\u00e9e des jouets chez Walmart ou Target d\u00e9montrera comment les couleurs et les images sont utilis\u00e9es pour classer les jouets comme \u00e9tant destin\u00e9s aux gar\u00e7ons ou aux filles. Il ne faut pas longtemps avant que les enfants commencent \u00e0 int\u00e9rioriser que des traits comme \u00eatre gentil ou doux sont plus souvent appliqu\u00e9s aux filles, tandis que les gar\u00e7ons sont plus physiques ; ils re\u00e7oivent le signal que les femmes sont plus souvent charg\u00e9es de nettoyer la maison, tandis que les hommes coupent l&rsquo;herbe ; et ils remarquent que les \u00ab leaders \u00bb \u2013 dans leurs \u00e9coles, dans leur communaut\u00e9, en politique \u2013 sont le plus souvent des hommes.<\/p>\n<p>\u00abIls apprennent les r\u00e8gles tr\u00e8s t\u00f4t, et malheureusement, cela se produit ind\u00e9pendamment de ce que vous, en tant que parent, esp\u00e9rez enseigner \u00e0 votre enfant sur le genre\u00bb, explique Pahlke. \u00ab\u00a0C&rsquo;est tellement omnipr\u00e9sent dans notre culture, c&rsquo;est tellement omnipr\u00e9sent que les enfants d\u00e9velopperont des st\u00e9r\u00e9otypes rien qu&rsquo;en vivant dans notre soci\u00e9t\u00e9.\u00a0\u00bb<\/p>\n<p>C&rsquo;est pourquoi, dit-elle, il est important de parler directement aux enfants du sexisme d\u00e8s leur plus jeune \u00e2ge. Si vous voulez qu\u2019ils reconnaissent les pr\u00e9jug\u00e9s sexistes, vous devez<em> enseigner<\/em> sur les pr\u00e9jug\u00e9s sexistes.<\/p>\n<p>\u00ab\u00a0Je pense qu&rsquo;il existe des parall\u00e8les en ce qui concerne la race\u00a0\u00bb, d\u00e9clare Pahlke. \u00ab Si vous voulez que les enfants reconnaissent les pr\u00e9jug\u00e9s raciaux, vous devez leur parler de race. De la m\u00eame mani\u00e8re qu\u2019une perspective \u00ab daltonienne \u00bb ne fonctionne pas, une perspective aveugle au genre ne fonctionne pas (quand) on enseigne le sexisme aux enfants. Vous devez r\u00e9ellement parler des probl\u00e8mes li\u00e9s aux pr\u00e9jug\u00e9s sexistes si vous voulez qu\u2019ils en apprennent davantage sur le sexisme.<\/p>\n<h2 id=\"define-sexism-for-them\"><strong>D\u00e9finir pour eux le \u00ab sexisme \u00bb<\/strong><\/h2>\n<p>Pahlke dit qu&rsquo;elle et ses coll\u00e8gues ont men\u00e9 des \u00e9tudes dans lesquelles ils sont all\u00e9s dans des classes de maternelle pour enseigner explicitement aux enfants le sexisme. Ils donnent d&rsquo;abord le mot aux enfants, puis d\u00e9finissent ce qu&rsquo;il signifie\u00a0: traiter quelqu&rsquo;un injustement ou porter un jugement sur quelqu&rsquo;un en raison de son sexe.<\/p>\n<p>Ils donneraient des exemples de cela, par exemple si quelqu&rsquo;un disait que seuls les gar\u00e7ons ou que seules les filles peuvent jouer \u00e0 un certain jeu. Ou dire qu\u2019une fille a une \u00ab coupe de cheveux de gar\u00e7on \u00bb. Ou que certains pensent que les gar\u00e7ons devraient \u00eatre m\u00e9decins, tandis que les filles devraient \u00eatre infirmi\u00e8res. Ensuite, ils travailleraient avec les enfants pour trouver des r\u00e9ponses qu&rsquo;ils pourraient utiliser s&rsquo;ils entendaient des d\u00e9clarations comme celle-ci, telles que : \u00ab Ce n&rsquo;est pas juste, c&rsquo;est sexiste : les gar\u00e7ons et les filles peuvent jouer. <em>chaque<\/em> jeu.\u00a0\u00bb<\/p>\n<p>\u00ab\u00a0Je pense qu&rsquo;il faut des instructions explicites selon lesquelles c&rsquo;est ce que certaines personnes pensent ou ce que certaines personnes disent, et ce n&rsquo;est pas correct, et si vous entendez quelqu&rsquo;un dire ou faire quelque chose comme \u00e7a, c&rsquo;est ce que nous pourrions r\u00e9pondre\u00a0\u00bb, dit Pahlke. . \u00ab\u00a0Et puis pratiquez-le avec eux.\u00a0\u00bb<\/p>\n<div class=\"my-12 font-akshar\">\n<div class=\"flex text-(10rem) md:text-(14rem) max-h-20 leading-(10rem) md:leading-(14rem) relative -left-(4%) bg-gradient-to-r from-brand-green-gradient-start to-brand-green-gradient-end to-15% bg-clip-text text-transparent\">\n<p>\u00a0\u00bb\n<\/p><\/div>\n<p class=\"m-0 px-4 md:px-8 text-2xl font-medium decoration-2 block font-akshar leading-relaxed tracking-tight\">\n<p>\u00ab De la m\u00eame mani\u00e8re qu&rsquo;une perspective \u00ab daltonienne \u00bb ne fonctionne pas, une perspective aveugle au genre ne fonctionne pas pour enseigner le sexisme aux enfants. Vous devez r\u00e9ellement parler des probl\u00e8mes li\u00e9s aux pr\u00e9jug\u00e9s sexistes si vous voulez qu\u2019ils en apprennent davantage sur le sexisme.\n<\/p>\n<div class=\"flex justify-end text-(10rem) md:text-(14rem) max-h-20 leading-(10rem) md:leading-(14rem) bg-gradient-to-r from-brand-green-gradient-start from-80% to-brand-green-gradient-end bg-clip-text text-transparent\">\n<p>\u00bb\n<\/p><\/div>\n<\/div>\n<h2 id=\"pointing-it-out-isnt-enough\"><strong>Le signaler ne suffit pas<\/strong><\/h2>\n<p>D\u00e8s l\u2019\u00e9cole primaire, de nombreux enfants savent qu\u2019il n\u2019y a jamais eu de femme pr\u00e9sidente des \u00c9tats-Unis. Mais, dit Pahlke, si nous ne parlons pas de la cause derri\u00e8re cela \u2013 la discrimination sexuelle \u2013 ils risquent de tirer leurs propres conclusions erron\u00e9es, par exemple que c&rsquo;est parce que les filles ne sont pas assez intelligentes pour \u00eatre pr\u00e9sidentes, ou parce que les gar\u00e7ons lisent plus. livres, ou parce que les femmes ne le font pas <em>vouloir<\/em> \u00eatre pr\u00e9sident.<\/p>\n<p>Ainsi, lorsque l&rsquo;on souligne des exemples concrets qui mettent en \u00e9vidence les r\u00e9sultats de la discrimination fond\u00e9e sur le sexe, il est important de relier \u00e9galement ces exemples \u00e0 leur cause profonde.<\/p>\n<p>\u00ab Si je dis simplement \u00e0 mon enfant : \u00ab Oh, je me demande pourquoi il n&rsquo;y a pas plus de femmes au conseil scolaire \u00bb et que je m&rsquo;arr\u00eate l\u00e0, il est possible que mon enfant revienne de cette interaction en pensant : \u00ab Oh, c&rsquo;est parce que les femmes ne sont pas de bonnes leaders \u00bb, dit Pahlke. \u00ab\u00a0Je pense donc qu&rsquo;il est important de le souligner, puis d&rsquo;avoir des conversations de suivi sur les questions li\u00e9es \u00e0 la discrimination.\u00a0\u00bb<\/p>\n<p>\u00c0 mesure que les enfants grandissent, nous devons donner aux gar\u00e7ons et aux filles les moyens de d\u00e9tecter les cas de sexisme et de discrimination fond\u00e9e sur le sexe et de les d\u00e9noncer lorsqu\u2019ils en sont t\u00e9moins. Et les gar\u00e7ons comme les filles devraient \u00eatre encourag\u00e9s \u00e0 soutenir activement l&rsquo;\u00e9galit\u00e9 des femmes. Cr\u00e9er des liens avec votre fille en assistant, par exemple, \u00e0 une marche des femmes, c&rsquo;est bien, mais c&rsquo;est encore mieux d&rsquo;amener son p\u00e8re et son fr\u00e8re avec elle.<\/p>\n<p><em>(Cet article a \u00e9t\u00e9 initialement publi\u00e9 en 2021 ; il a \u00e9t\u00e9 mis \u00e0 jour le 26 juin 2023.)<\/em><\/p>\n","protected":false},"excerpt":{"rendered":"<p>Notre travail ici est loin d\u2019\u00eatre termin\u00e9 : le sexisme et les st\u00e9r\u00e9otypes de genre sont encore r\u00e9pandus aujourd\u2019hui. Cet article fait partie de notre<\/p>\n","protected":false},"author":1,"featured_media":1598,"comment_status":"","ping_status":"","sticky":false,"template":"","format":"standard","meta":{"footnotes":""},"categories":[37],"tags":[289,44,324,992,2198],"class_list":["post-1597","post","type-post","status-publish","format-standard","has-post-thumbnail","hentry","category-famille","tag-aux","tag-comment","tag-enfants","tag-enseigner","tag-sexisme","generate-columns","tablet-grid-50","mobile-grid-100","grid-parent","grid-33"],"yoast_head":"<!-- This site is optimized with the Yoast SEO plugin v24.0 - https:\/\/yoast.com\/wordpress\/plugins\/seo\/ -->\n<title>Comment enseigner le sexisme aux enfants | Vie Associative<\/title>\n<meta name=\"robots\" content=\"index, follow, max-snippet:-1, max-image-preview:large, max-video-preview:-1\" \/>\n<link rel=\"canonical\" href=\"https:\/\/vieassociative.be\/actualites\/comment-enseigner-le-sexisme-aux-enfants\/\" \/>\n<meta property=\"og:locale\" content=\"fr_FR\" \/>\n<meta property=\"og:type\" content=\"article\" \/>\n<meta property=\"og:title\" content=\"Comment enseigner le sexisme aux enfants | Vie Associative\" \/>\n<meta property=\"og:description\" content=\"Notre travail ici est loin d\u2019\u00eatre termin\u00e9 : le sexisme et les st\u00e9r\u00e9otypes de genre sont encore r\u00e9pandus aujourd\u2019hui. Cet article fait partie de notre\" \/>\n<meta property=\"og:url\" content=\"https:\/\/vieassociative.be\/actualites\/comment-enseigner-le-sexisme-aux-enfants\/\" \/>\n<meta property=\"og:site_name\" content=\"Vie Associative\" \/>\n<meta property=\"article:published_time\" content=\"2024-10-24T17:21:52+00:00\" \/>\n<meta property=\"og:image\" content=\"https:\/\/vieassociative.be\/actualites\/wp-content\/uploads\/2024\/09\/header_backgroundk-01-e1726694325946.png\" \/>\n\t<meta property=\"og:image:width\" content=\"279\" \/>\n\t<meta property=\"og:image:height\" content=\"92\" \/>\n\t<meta property=\"og:image:type\" content=\"image\/png\" \/>\n<meta name=\"author\" content=\"Julien\" \/>\n<meta name=\"twitter:card\" content=\"summary_large_image\" \/>\n<meta name=\"twitter:label1\" content=\"\u00c9crit par\" \/>\n\t<meta name=\"twitter:data1\" content=\"Julien\" \/>\n\t<meta name=\"twitter:label2\" content=\"Dur\u00e9e de lecture est.\" \/>\n\t<meta name=\"twitter:data2\" content=\"7 minutes\" \/>\n<script type=\"application\/ld+json\" class=\"yoast-schema-graph\">{\"@context\":\"https:\/\/schema.org\",\"@graph\":[{\"@type\":\"Article\",\"@id\":\"https:\/\/vieassociative.be\/actualites\/comment-enseigner-le-sexisme-aux-enfants\/#article\",\"isPartOf\":{\"@id\":\"https:\/\/vieassociative.be\/actualites\/comment-enseigner-le-sexisme-aux-enfants\/\"},\"author\":{\"name\":\"Julien\",\"@id\":\"https:\/\/vieassociative.be\/actualites\/#\/schema\/person\/b87ac4f82f9d4e7b7cec7395b679edc4\"},\"headline\":\"Comment enseigner le sexisme aux enfants\",\"datePublished\":\"2024-10-24T17:21:52+00:00\",\"dateModified\":\"2024-10-24T17:21:52+00:00\",\"mainEntityOfPage\":{\"@id\":\"https:\/\/vieassociative.be\/actualites\/comment-enseigner-le-sexisme-aux-enfants\/\"},\"wordCount\":1462,\"publisher\":{\"@id\":\"https:\/\/vieassociative.be\/actualites\/#organization\"},\"image\":{\"@id\":\"https:\/\/vieassociative.be\/actualites\/comment-enseigner-le-sexisme-aux-enfants\/#primaryimage\"},\"thumbnailUrl\":\"https:\/\/vieassociative.be\/actualites\/wp-content\/uploads\/2024\/10\/Comment-enseigner-le-sexisme-aux-enfants.png\",\"keywords\":[\"aux\",\"Comment\",\"enfants\",\"enseigner\",\"sexisme\"],\"articleSection\":[\"Famille\"],\"inLanguage\":\"fr-BE\"},{\"@type\":\"WebPage\",\"@id\":\"https:\/\/vieassociative.be\/actualites\/comment-enseigner-le-sexisme-aux-enfants\/\",\"url\":\"https:\/\/vieassociative.be\/actualites\/comment-enseigner-le-sexisme-aux-enfants\/\",\"name\":\"Comment enseigner le sexisme aux enfants | Vie Associative\",\"isPartOf\":{\"@id\":\"https:\/\/vieassociative.be\/actualites\/#website\"},\"primaryImageOfPage\":{\"@id\":\"https:\/\/vieassociative.be\/actualites\/comment-enseigner-le-sexisme-aux-enfants\/#primaryimage\"},\"image\":{\"@id\":\"https:\/\/vieassociative.be\/actualites\/comment-enseigner-le-sexisme-aux-enfants\/#primaryimage\"},\"thumbnailUrl\":\"https:\/\/vieassociative.be\/actualites\/wp-content\/uploads\/2024\/10\/Comment-enseigner-le-sexisme-aux-enfants.png\",\"datePublished\":\"2024-10-24T17:21:52+00:00\",\"dateModified\":\"2024-10-24T17:21:52+00:00\",\"breadcrumb\":{\"@id\":\"https:\/\/vieassociative.be\/actualites\/comment-enseigner-le-sexisme-aux-enfants\/#breadcrumb\"},\"inLanguage\":\"fr-BE\",\"potentialAction\":[{\"@type\":\"ReadAction\",\"target\":[\"https:\/\/vieassociative.be\/actualites\/comment-enseigner-le-sexisme-aux-enfants\/\"]}]},{\"@type\":\"ImageObject\",\"inLanguage\":\"fr-BE\",\"@id\":\"https:\/\/vieassociative.be\/actualites\/comment-enseigner-le-sexisme-aux-enfants\/#primaryimage\",\"url\":\"https:\/\/vieassociative.be\/actualites\/wp-content\/uploads\/2024\/10\/Comment-enseigner-le-sexisme-aux-enfants.png\",\"contentUrl\":\"https:\/\/vieassociative.be\/actualites\/wp-content\/uploads\/2024\/10\/Comment-enseigner-le-sexisme-aux-enfants.png\",\"width\":1200,\"height\":675,\"caption\":\"Comment enseigner le sexisme aux enfants\"},{\"@type\":\"BreadcrumbList\",\"@id\":\"https:\/\/vieassociative.be\/actualites\/comment-enseigner-le-sexisme-aux-enfants\/#breadcrumb\",\"itemListElement\":[{\"@type\":\"ListItem\",\"position\":1,\"name\":\"Accueil\",\"item\":\"https:\/\/vieassociative.be\/actualites\/\"},{\"@type\":\"ListItem\",\"position\":2,\"name\":\"Comment enseigner le sexisme aux enfants\"}]},{\"@type\":\"WebSite\",\"@id\":\"https:\/\/vieassociative.be\/actualites\/#website\",\"url\":\"https:\/\/vieassociative.be\/actualites\/\",\"name\":\"Vie Associative\",\"description\":\"\",\"publisher\":{\"@id\":\"https:\/\/vieassociative.be\/actualites\/#organization\"},\"potentialAction\":[{\"@type\":\"SearchAction\",\"target\":{\"@type\":\"EntryPoint\",\"urlTemplate\":\"https:\/\/vieassociative.be\/actualites\/?s={search_term_string}\"},\"query-input\":{\"@type\":\"PropertyValueSpecification\",\"valueRequired\":true,\"valueName\":\"search_term_string\"}}],\"inLanguage\":\"fr-BE\"},{\"@type\":\"Organization\",\"@id\":\"https:\/\/vieassociative.be\/actualites\/#organization\",\"name\":\"Vie Associative\",\"url\":\"https:\/\/vieassociative.be\/actualites\/\",\"logo\":{\"@type\":\"ImageObject\",\"inLanguage\":\"fr-BE\",\"@id\":\"https:\/\/vieassociative.be\/actualites\/#\/schema\/logo\/image\/\",\"url\":\"https:\/\/vieassociative.be\/actualites\/wp-content\/uploads\/2024\/09\/cropped-vieassociative_favicon.ico.png\",\"contentUrl\":\"https:\/\/vieassociative.be\/actualites\/wp-content\/uploads\/2024\/09\/cropped-vieassociative_favicon.ico.png\",\"width\":512,\"height\":512,\"caption\":\"Vie Associative\"},\"image\":{\"@id\":\"https:\/\/vieassociative.be\/actualites\/#\/schema\/logo\/image\/\"}},{\"@type\":\"Person\",\"@id\":\"https:\/\/vieassociative.be\/actualites\/#\/schema\/person\/b87ac4f82f9d4e7b7cec7395b679edc4\",\"name\":\"Julien\",\"image\":{\"@type\":\"ImageObject\",\"inLanguage\":\"fr-BE\",\"@id\":\"https:\/\/vieassociative.be\/actualites\/#\/schema\/person\/image\/\",\"url\":\"https:\/\/vieassociative.be\/actualites\/wp-content\/uploads\/2024\/09\/vie-associative-1-150x150.jpg\",\"contentUrl\":\"https:\/\/vieassociative.be\/actualites\/wp-content\/uploads\/2024\/09\/vie-associative-1-150x150.jpg\",\"caption\":\"Julien\"},\"description\":\"Je suis Julien, r\u00e9dacteur pour Vie Associative. Passionn\u00e9 par le monde associatif depuis plus de 10 ans, j'ai \u00e0 c\u0153ur de partager des histoires inspirantes et de mettre en lumi\u00e8re les initiatives locales. Mon objectif est de sensibiliser et d'encourager l'engagement communautaire \u00e0 travers mes articles.\",\"sameAs\":[\"https:\/\/vieassociative.be\/\"]}]}<\/script>\n<!-- \/ Yoast SEO plugin. -->","yoast_head_json":{"title":"Comment enseigner le sexisme aux enfants | Vie Associative","robots":{"index":"index","follow":"follow","max-snippet":"max-snippet:-1","max-image-preview":"max-image-preview:large","max-video-preview":"max-video-preview:-1"},"canonical":"https:\/\/vieassociative.be\/actualites\/comment-enseigner-le-sexisme-aux-enfants\/","og_locale":"fr_FR","og_type":"article","og_title":"Comment enseigner le sexisme aux enfants | Vie Associative","og_description":"Notre travail ici est loin d\u2019\u00eatre termin\u00e9 : le sexisme et les st\u00e9r\u00e9otypes de genre sont encore r\u00e9pandus aujourd\u2019hui. Cet article fait partie de notre","og_url":"https:\/\/vieassociative.be\/actualites\/comment-enseigner-le-sexisme-aux-enfants\/","og_site_name":"Vie Associative","article_published_time":"2024-10-24T17:21:52+00:00","og_image":[{"width":279,"height":92,"url":"https:\/\/vieassociative.be\/actualites\/wp-content\/uploads\/2024\/09\/header_backgroundk-01-e1726694325946.png","type":"image\/png"}],"author":"Julien","twitter_card":"summary_large_image","twitter_misc":{"\u00c9crit par":"Julien","Dur\u00e9e de lecture est.":"7 minutes"},"schema":{"@context":"https:\/\/schema.org","@graph":[{"@type":"Article","@id":"https:\/\/vieassociative.be\/actualites\/comment-enseigner-le-sexisme-aux-enfants\/#article","isPartOf":{"@id":"https:\/\/vieassociative.be\/actualites\/comment-enseigner-le-sexisme-aux-enfants\/"},"author":{"name":"Julien","@id":"https:\/\/vieassociative.be\/actualites\/#\/schema\/person\/b87ac4f82f9d4e7b7cec7395b679edc4"},"headline":"Comment enseigner le sexisme aux enfants","datePublished":"2024-10-24T17:21:52+00:00","dateModified":"2024-10-24T17:21:52+00:00","mainEntityOfPage":{"@id":"https:\/\/vieassociative.be\/actualites\/comment-enseigner-le-sexisme-aux-enfants\/"},"wordCount":1462,"publisher":{"@id":"https:\/\/vieassociative.be\/actualites\/#organization"},"image":{"@id":"https:\/\/vieassociative.be\/actualites\/comment-enseigner-le-sexisme-aux-enfants\/#primaryimage"},"thumbnailUrl":"https:\/\/vieassociative.be\/actualites\/wp-content\/uploads\/2024\/10\/Comment-enseigner-le-sexisme-aux-enfants.png","keywords":["aux","Comment","enfants","enseigner","sexisme"],"articleSection":["Famille"],"inLanguage":"fr-BE"},{"@type":"WebPage","@id":"https:\/\/vieassociative.be\/actualites\/comment-enseigner-le-sexisme-aux-enfants\/","url":"https:\/\/vieassociative.be\/actualites\/comment-enseigner-le-sexisme-aux-enfants\/","name":"Comment enseigner le sexisme aux enfants | Vie Associative","isPartOf":{"@id":"https:\/\/vieassociative.be\/actualites\/#website"},"primaryImageOfPage":{"@id":"https:\/\/vieassociative.be\/actualites\/comment-enseigner-le-sexisme-aux-enfants\/#primaryimage"},"image":{"@id":"https:\/\/vieassociative.be\/actualites\/comment-enseigner-le-sexisme-aux-enfants\/#primaryimage"},"thumbnailUrl":"https:\/\/vieassociative.be\/actualites\/wp-content\/uploads\/2024\/10\/Comment-enseigner-le-sexisme-aux-enfants.png","datePublished":"2024-10-24T17:21:52+00:00","dateModified":"2024-10-24T17:21:52+00:00","breadcrumb":{"@id":"https:\/\/vieassociative.be\/actualites\/comment-enseigner-le-sexisme-aux-enfants\/#breadcrumb"},"inLanguage":"fr-BE","potentialAction":[{"@type":"ReadAction","target":["https:\/\/vieassociative.be\/actualites\/comment-enseigner-le-sexisme-aux-enfants\/"]}]},{"@type":"ImageObject","inLanguage":"fr-BE","@id":"https:\/\/vieassociative.be\/actualites\/comment-enseigner-le-sexisme-aux-enfants\/#primaryimage","url":"https:\/\/vieassociative.be\/actualites\/wp-content\/uploads\/2024\/10\/Comment-enseigner-le-sexisme-aux-enfants.png","contentUrl":"https:\/\/vieassociative.be\/actualites\/wp-content\/uploads\/2024\/10\/Comment-enseigner-le-sexisme-aux-enfants.png","width":1200,"height":675,"caption":"Comment enseigner le sexisme aux enfants"},{"@type":"BreadcrumbList","@id":"https:\/\/vieassociative.be\/actualites\/comment-enseigner-le-sexisme-aux-enfants\/#breadcrumb","itemListElement":[{"@type":"ListItem","position":1,"name":"Accueil","item":"https:\/\/vieassociative.be\/actualites\/"},{"@type":"ListItem","position":2,"name":"Comment enseigner le sexisme aux enfants"}]},{"@type":"WebSite","@id":"https:\/\/vieassociative.be\/actualites\/#website","url":"https:\/\/vieassociative.be\/actualites\/","name":"Vie Associative","description":"","publisher":{"@id":"https:\/\/vieassociative.be\/actualites\/#organization"},"potentialAction":[{"@type":"SearchAction","target":{"@type":"EntryPoint","urlTemplate":"https:\/\/vieassociative.be\/actualites\/?s={search_term_string}"},"query-input":{"@type":"PropertyValueSpecification","valueRequired":true,"valueName":"search_term_string"}}],"inLanguage":"fr-BE"},{"@type":"Organization","@id":"https:\/\/vieassociative.be\/actualites\/#organization","name":"Vie Associative","url":"https:\/\/vieassociative.be\/actualites\/","logo":{"@type":"ImageObject","inLanguage":"fr-BE","@id":"https:\/\/vieassociative.be\/actualites\/#\/schema\/logo\/image\/","url":"https:\/\/vieassociative.be\/actualites\/wp-content\/uploads\/2024\/09\/cropped-vieassociative_favicon.ico.png","contentUrl":"https:\/\/vieassociative.be\/actualites\/wp-content\/uploads\/2024\/09\/cropped-vieassociative_favicon.ico.png","width":512,"height":512,"caption":"Vie Associative"},"image":{"@id":"https:\/\/vieassociative.be\/actualites\/#\/schema\/logo\/image\/"}},{"@type":"Person","@id":"https:\/\/vieassociative.be\/actualites\/#\/schema\/person\/b87ac4f82f9d4e7b7cec7395b679edc4","name":"Julien","image":{"@type":"ImageObject","inLanguage":"fr-BE","@id":"https:\/\/vieassociative.be\/actualites\/#\/schema\/person\/image\/","url":"https:\/\/vieassociative.be\/actualites\/wp-content\/uploads\/2024\/09\/vie-associative-1-150x150.jpg","contentUrl":"https:\/\/vieassociative.be\/actualites\/wp-content\/uploads\/2024\/09\/vie-associative-1-150x150.jpg","caption":"Julien"},"description":"Je suis Julien, r\u00e9dacteur pour Vie Associative. Passionn\u00e9 par le monde associatif depuis plus de 10 ans, j'ai \u00e0 c\u0153ur de partager des histoires inspirantes et de mettre en lumi\u00e8re les initiatives locales. Mon objectif est de sensibiliser et d'encourager l'engagement communautaire \u00e0 travers mes articles.","sameAs":["https:\/\/vieassociative.be\/"]}]}},"_links":{"self":[{"href":"https:\/\/vieassociative.be\/actualites\/wp-json\/wp\/v2\/posts\/1597"}],"collection":[{"href":"https:\/\/vieassociative.be\/actualites\/wp-json\/wp\/v2\/posts"}],"about":[{"href":"https:\/\/vieassociative.be\/actualites\/wp-json\/wp\/v2\/types\/post"}],"author":[{"embeddable":true,"href":"https:\/\/vieassociative.be\/actualites\/wp-json\/wp\/v2\/users\/1"}],"replies":[{"embeddable":true,"href":"https:\/\/vieassociative.be\/actualites\/wp-json\/wp\/v2\/comments?post=1597"}],"version-history":[{"count":0,"href":"https:\/\/vieassociative.be\/actualites\/wp-json\/wp\/v2\/posts\/1597\/revisions"}],"wp:featuredmedia":[{"embeddable":true,"href":"https:\/\/vieassociative.be\/actualites\/wp-json\/wp\/v2\/media\/1598"}],"wp:attachment":[{"href":"https:\/\/vieassociative.be\/actualites\/wp-json\/wp\/v2\/media?parent=1597"}],"wp:term":[{"taxonomy":"category","embeddable":true,"href":"https:\/\/vieassociative.be\/actualites\/wp-json\/wp\/v2\/categories?post=1597"},{"taxonomy":"post_tag","embeddable":true,"href":"https:\/\/vieassociative.be\/actualites\/wp-json\/wp\/v2\/tags?post=1597"}],"curies":[{"name":"wp","href":"https:\/\/api.w.org\/{rel}","templated":true}]}}