{"id":1595,"date":"2024-10-24T18:28:11","date_gmt":"2024-10-24T16:28:11","guid":{"rendered":"https:\/\/vieassociative.be\/actualites\/ne-payez-pas-trop-cher-pour-votre-photo-didentite\/"},"modified":"2024-10-24T18:28:11","modified_gmt":"2024-10-24T16:28:11","slug":"ne-payez-pas-trop-cher-pour-votre-photo-didentite","status":"publish","type":"post","link":"https:\/\/vieassociative.be\/actualites\/ne-payez-pas-trop-cher-pour-votre-photo-didentite\/","title":{"rendered":"Ne payez pas trop cher pour votre photo d&rsquo;identit\u00e9"},"content":{"rendered":"<div class=\"mt-4 leading-6 md:mb-8\">Tout ce dont vous avez besoin est un smartphone et une paire de ciseaux.<\/div>\n<p><\/p>\n<p>Alors que les d\u00e9penses de voyage atteignent de nouveaux sommets li\u00e9s \u00e0 la pand\u00e9mie, vous avez probablement commenc\u00e9 \u00e0 r\u00eaver vous-m\u00eame de vacances internationales. Mais avant de commencer \u00e0 r\u00e9server, vous devez vous assurer que votre passeport n&rsquo;a pas expir\u00e9 au cours de la pand\u00e9mie.<\/p>\n<p>Renouveler votre passeport n&rsquo;est pas seulement une corv\u00e9e, mais ce n&rsquo;est pas non plus bon march\u00e9. Le processus de demande \u00e0 lui seul vous co\u00fbtera 130 $, et c&rsquo;est avant de payer les frais de votre photo d&rsquo;identit\u00e9. Le service postal des \u00c9tats-Unis facture 15\u00a0$ pour ses services de photos d&rsquo;identit\u00e9\u00a0; Walgreens facture 15,99 $ et CVS facture 16,99 $. Mais saviez-vous que vous pouvez contourner ce co\u00fbt avec un smartphone et une paire de ciseaux ?<\/p>\n<p>Selon le D\u00e9partement d&rsquo;\u00c9tat am\u00e9ricain, vous devez fournir une photo avec votre demande de passeport. La photo doit \u00eatre prise au cours des six derniers mois, utiliser une image claire de votre visage (pas de lunettes), \u00eatre devant un fond blanc uni et ne peut pas \u00eatre un \u00ab selfie \u00bb. De plus, la photo doit \u00eatre imprim\u00e9e avec des dimensions de 2 pouces sur 2 pouces. Si vous pensez pouvoir prendre une photo comme celle-ci sans faire appel \u00e0 un photographe professionnel, vous avez raison. Au lieu de prendre rendez-vous dans l&rsquo;un des endroits mentionn\u00e9s ci-dessus et de payer des frais de 15 dollars, prenez simplement un ami (ou un tr\u00e9pied flexible) et prenez la photo vous-m\u00eame.<\/p>\n<p>Une fois que vous avez une photo que vous aimez, ex\u00e9cutez-la via l&rsquo;outil photo fourni par le D\u00e9partement d&rsquo;\u00c9tat pour vous assurer qu&rsquo;elle r\u00e9pond \u00e0 tous leurs crit\u00e8res. L&rsquo;argument avanc\u00e9 par ceux-ci concernant l&rsquo;utilisation d&rsquo;un service professionnel comme USPS plut\u00f4t que de prendre la photo vous-m\u00eame est qu&rsquo;ils sont moins susceptibles de prendre une photo qui finit par \u00eatre rejet\u00e9e au cours du processus de candidature, mais cet outil en fait un point discutable. En faisant passer votre photo via leur outil, vous aurez l&rsquo;esprit tranquille en sachant que votre photo est pr\u00eate \u00e0 \u00eatre utilis\u00e9e avant m\u00eame de l&rsquo;envoyer.<\/p>\n<p>Une fois que vous avez votre photo approuv\u00e9e par le D\u00e9partement d&rsquo;\u00c9tat, utilisez simplement l&rsquo;un des nombreux sites Web gratuits de Passport Photo (j&rsquo;ai un faible pour 123passportphoto.com) pour la transformer en un collage deux par trois et obtenez <em>que<\/em> image imprim\u00e9e sur une photo 4 x 6 (vous pouvez le faire chez Walgreens pour 37 cents, ou CVS pour 39 cents). Une fois que vous avez votre photo, d\u00e9coupez simplement votre collage en six photos de 2 pouces sur 2 pouces, choisissez votre photo pr\u00e9f\u00e9r\u00e9e et vous \u00eates pr\u00eat. Vous avez contourn\u00e9 le prix de 15 $ et acquis une photo pour votre demande de passeport pour moins d&rsquo;un dollar. Il ne vous reste plus qu&rsquo;\u00e0 vous assurer que vous ne visitez aucune destination touristique surfaite. <\/p>\n","protected":false},"excerpt":{"rendered":"<p>Tout ce dont vous avez besoin est un smartphone et une paire de ciseaux. Alors que les d\u00e9penses de voyage atteignent de nouveaux sommets li\u00e9s<\/p>\n","protected":false},"author":1,"featured_media":1596,"comment_status":"","ping_status":"","sticky":false,"template":"","format":"standard","meta":{"footnotes":""},"categories":[12],"tags":[657,2197,126,2196,2013,81,656,8],"class_list":["post-1595","post","type-post","status-publish","format-standard","has-post-thumbnail","hentry","category-voyage","tag-cher","tag-didentite","tag-pas","tag-payez","tag-photo","tag-pour","tag-trop","tag-votre","generate-columns","tablet-grid-50","mobile-grid-100","grid-parent","grid-33"],"yoast_head":"<!-- This site is optimized with the Yoast SEO plugin v24.0 - https:\/\/yoast.com\/wordpress\/plugins\/seo\/ -->\n<title>Ne payez pas trop cher pour votre photo d&#039;identit\u00e9 | Vie Associative<\/title>\n<meta name=\"robots\" content=\"index, follow, max-snippet:-1, max-image-preview:large, max-video-preview:-1\" \/>\n<link rel=\"canonical\" href=\"https:\/\/vieassociative.be\/actualites\/ne-payez-pas-trop-cher-pour-votre-photo-didentite\/\" \/>\n<meta property=\"og:locale\" content=\"fr_FR\" \/>\n<meta property=\"og:type\" content=\"article\" \/>\n<meta property=\"og:title\" content=\"Ne payez pas trop cher pour votre photo d&#039;identit\u00e9 | Vie Associative\" \/>\n<meta property=\"og:description\" content=\"Tout ce dont vous avez besoin est un smartphone et une paire de ciseaux. Alors que les d\u00e9penses de voyage atteignent de nouveaux sommets li\u00e9s\" \/>\n<meta property=\"og:url\" content=\"https:\/\/vieassociative.be\/actualites\/ne-payez-pas-trop-cher-pour-votre-photo-didentite\/\" \/>\n<meta property=\"og:site_name\" content=\"Vie Associative\" \/>\n<meta property=\"article:published_time\" content=\"2024-10-24T16:28:11+00:00\" \/>\n<meta property=\"og:image\" content=\"https:\/\/vieassociative.be\/actualites\/wp-content\/uploads\/2024\/09\/header_backgroundk-01-e1726694325946.png\" \/>\n\t<meta property=\"og:image:width\" content=\"279\" \/>\n\t<meta property=\"og:image:height\" content=\"92\" \/>\n\t<meta property=\"og:image:type\" content=\"image\/png\" \/>\n<meta name=\"author\" content=\"Julien\" \/>\n<meta name=\"twitter:card\" content=\"summary_large_image\" \/>\n<meta name=\"twitter:label1\" content=\"\u00c9crit par\" \/>\n\t<meta name=\"twitter:data1\" content=\"Julien\" \/>\n\t<meta name=\"twitter:label2\" content=\"Dur\u00e9e de lecture est.\" \/>\n\t<meta name=\"twitter:data2\" content=\"2 minutes\" \/>\n<script type=\"application\/ld+json\" class=\"yoast-schema-graph\">{\"@context\":\"https:\/\/schema.org\",\"@graph\":[{\"@type\":\"Article\",\"@id\":\"https:\/\/vieassociative.be\/actualites\/ne-payez-pas-trop-cher-pour-votre-photo-didentite\/#article\",\"isPartOf\":{\"@id\":\"https:\/\/vieassociative.be\/actualites\/ne-payez-pas-trop-cher-pour-votre-photo-didentite\/\"},\"author\":{\"name\":\"Julien\",\"@id\":\"https:\/\/vieassociative.be\/actualites\/#\/schema\/person\/b87ac4f82f9d4e7b7cec7395b679edc4\"},\"headline\":\"Ne payez pas trop cher pour votre photo d&rsquo;identit\u00e9\",\"datePublished\":\"2024-10-24T16:28:11+00:00\",\"dateModified\":\"2024-10-24T16:28:11+00:00\",\"mainEntityOfPage\":{\"@id\":\"https:\/\/vieassociative.be\/actualites\/ne-payez-pas-trop-cher-pour-votre-photo-didentite\/\"},\"wordCount\":519,\"publisher\":{\"@id\":\"https:\/\/vieassociative.be\/actualites\/#organization\"},\"image\":{\"@id\":\"https:\/\/vieassociative.be\/actualites\/ne-payez-pas-trop-cher-pour-votre-photo-didentite\/#primaryimage\"},\"thumbnailUrl\":\"https:\/\/vieassociative.be\/actualites\/wp-content\/uploads\/2024\/10\/Ne-payez-pas-trop-cher-pour-votre-photo-didentite.jpg\",\"keywords\":[\"cher\",\"didentit\u00e9\",\"pas\",\"payez\",\"photo\",\"pour\",\"trop\",\"votre\"],\"articleSection\":[\"Voyage\"],\"inLanguage\":\"fr-BE\"},{\"@type\":\"WebPage\",\"@id\":\"https:\/\/vieassociative.be\/actualites\/ne-payez-pas-trop-cher-pour-votre-photo-didentite\/\",\"url\":\"https:\/\/vieassociative.be\/actualites\/ne-payez-pas-trop-cher-pour-votre-photo-didentite\/\",\"name\":\"Ne payez pas trop cher pour votre photo d'identit\u00e9 | Vie Associative\",\"isPartOf\":{\"@id\":\"https:\/\/vieassociative.be\/actualites\/#website\"},\"primaryImageOfPage\":{\"@id\":\"https:\/\/vieassociative.be\/actualites\/ne-payez-pas-trop-cher-pour-votre-photo-didentite\/#primaryimage\"},\"image\":{\"@id\":\"https:\/\/vieassociative.be\/actualites\/ne-payez-pas-trop-cher-pour-votre-photo-didentite\/#primaryimage\"},\"thumbnailUrl\":\"https:\/\/vieassociative.be\/actualites\/wp-content\/uploads\/2024\/10\/Ne-payez-pas-trop-cher-pour-votre-photo-didentite.jpg\",\"datePublished\":\"2024-10-24T16:28:11+00:00\",\"dateModified\":\"2024-10-24T16:28:11+00:00\",\"breadcrumb\":{\"@id\":\"https:\/\/vieassociative.be\/actualites\/ne-payez-pas-trop-cher-pour-votre-photo-didentite\/#breadcrumb\"},\"inLanguage\":\"fr-BE\",\"potentialAction\":[{\"@type\":\"ReadAction\",\"target\":[\"https:\/\/vieassociative.be\/actualites\/ne-payez-pas-trop-cher-pour-votre-photo-didentite\/\"]}]},{\"@type\":\"ImageObject\",\"inLanguage\":\"fr-BE\",\"@id\":\"https:\/\/vieassociative.be\/actualites\/ne-payez-pas-trop-cher-pour-votre-photo-didentite\/#primaryimage\",\"url\":\"https:\/\/vieassociative.be\/actualites\/wp-content\/uploads\/2024\/10\/Ne-payez-pas-trop-cher-pour-votre-photo-didentite.jpg\",\"contentUrl\":\"https:\/\/vieassociative.be\/actualites\/wp-content\/uploads\/2024\/10\/Ne-payez-pas-trop-cher-pour-votre-photo-didentite.jpg\",\"width\":1200,\"height\":675,\"caption\":\"Ne payez pas trop cher pour votre photo d'identit\u00e9\"},{\"@type\":\"BreadcrumbList\",\"@id\":\"https:\/\/vieassociative.be\/actualites\/ne-payez-pas-trop-cher-pour-votre-photo-didentite\/#breadcrumb\",\"itemListElement\":[{\"@type\":\"ListItem\",\"position\":1,\"name\":\"Accueil\",\"item\":\"https:\/\/vieassociative.be\/actualites\/\"},{\"@type\":\"ListItem\",\"position\":2,\"name\":\"Ne payez pas trop cher pour votre photo d&rsquo;identit\u00e9\"}]},{\"@type\":\"WebSite\",\"@id\":\"https:\/\/vieassociative.be\/actualites\/#website\",\"url\":\"https:\/\/vieassociative.be\/actualites\/\",\"name\":\"Vie Associative\",\"description\":\"\",\"publisher\":{\"@id\":\"https:\/\/vieassociative.be\/actualites\/#organization\"},\"potentialAction\":[{\"@type\":\"SearchAction\",\"target\":{\"@type\":\"EntryPoint\",\"urlTemplate\":\"https:\/\/vieassociative.be\/actualites\/?s={search_term_string}\"},\"query-input\":{\"@type\":\"PropertyValueSpecification\",\"valueRequired\":true,\"valueName\":\"search_term_string\"}}],\"inLanguage\":\"fr-BE\"},{\"@type\":\"Organization\",\"@id\":\"https:\/\/vieassociative.be\/actualites\/#organization\",\"name\":\"Vie Associative\",\"url\":\"https:\/\/vieassociative.be\/actualites\/\",\"logo\":{\"@type\":\"ImageObject\",\"inLanguage\":\"fr-BE\",\"@id\":\"https:\/\/vieassociative.be\/actualites\/#\/schema\/logo\/image\/\",\"url\":\"https:\/\/vieassociative.be\/actualites\/wp-content\/uploads\/2024\/09\/cropped-vieassociative_favicon.ico.png\",\"contentUrl\":\"https:\/\/vieassociative.be\/actualites\/wp-content\/uploads\/2024\/09\/cropped-vieassociative_favicon.ico.png\",\"width\":512,\"height\":512,\"caption\":\"Vie Associative\"},\"image\":{\"@id\":\"https:\/\/vieassociative.be\/actualites\/#\/schema\/logo\/image\/\"}},{\"@type\":\"Person\",\"@id\":\"https:\/\/vieassociative.be\/actualites\/#\/schema\/person\/b87ac4f82f9d4e7b7cec7395b679edc4\",\"name\":\"Julien\",\"image\":{\"@type\":\"ImageObject\",\"inLanguage\":\"fr-BE\",\"@id\":\"https:\/\/vieassociative.be\/actualites\/#\/schema\/person\/image\/\",\"url\":\"https:\/\/vieassociative.be\/actualites\/wp-content\/uploads\/2024\/09\/vie-associative-1-150x150.jpg\",\"contentUrl\":\"https:\/\/vieassociative.be\/actualites\/wp-content\/uploads\/2024\/09\/vie-associative-1-150x150.jpg\",\"caption\":\"Julien\"},\"description\":\"Je suis Julien, r\u00e9dacteur pour Vie Associative. Passionn\u00e9 par le monde associatif depuis plus de 10 ans, j'ai \u00e0 c\u0153ur de partager des histoires inspirantes et de mettre en lumi\u00e8re les initiatives locales. Mon objectif est de sensibiliser et d'encourager l'engagement communautaire \u00e0 travers mes articles.\",\"sameAs\":[\"https:\/\/vieassociative.be\/\"]}]}<\/script>\n<!-- \/ Yoast SEO plugin. -->","yoast_head_json":{"title":"Ne payez pas trop cher pour votre photo d'identit\u00e9 | Vie Associative","robots":{"index":"index","follow":"follow","max-snippet":"max-snippet:-1","max-image-preview":"max-image-preview:large","max-video-preview":"max-video-preview:-1"},"canonical":"https:\/\/vieassociative.be\/actualites\/ne-payez-pas-trop-cher-pour-votre-photo-didentite\/","og_locale":"fr_FR","og_type":"article","og_title":"Ne payez pas trop cher pour votre photo d'identit\u00e9 | Vie Associative","og_description":"Tout ce dont vous avez besoin est un smartphone et une paire de ciseaux. Alors que les d\u00e9penses de voyage atteignent de nouveaux sommets li\u00e9s","og_url":"https:\/\/vieassociative.be\/actualites\/ne-payez-pas-trop-cher-pour-votre-photo-didentite\/","og_site_name":"Vie Associative","article_published_time":"2024-10-24T16:28:11+00:00","og_image":[{"width":279,"height":92,"url":"https:\/\/vieassociative.be\/actualites\/wp-content\/uploads\/2024\/09\/header_backgroundk-01-e1726694325946.png","type":"image\/png"}],"author":"Julien","twitter_card":"summary_large_image","twitter_misc":{"\u00c9crit par":"Julien","Dur\u00e9e de lecture est.":"2 minutes"},"schema":{"@context":"https:\/\/schema.org","@graph":[{"@type":"Article","@id":"https:\/\/vieassociative.be\/actualites\/ne-payez-pas-trop-cher-pour-votre-photo-didentite\/#article","isPartOf":{"@id":"https:\/\/vieassociative.be\/actualites\/ne-payez-pas-trop-cher-pour-votre-photo-didentite\/"},"author":{"name":"Julien","@id":"https:\/\/vieassociative.be\/actualites\/#\/schema\/person\/b87ac4f82f9d4e7b7cec7395b679edc4"},"headline":"Ne payez pas trop cher pour votre photo d&rsquo;identit\u00e9","datePublished":"2024-10-24T16:28:11+00:00","dateModified":"2024-10-24T16:28:11+00:00","mainEntityOfPage":{"@id":"https:\/\/vieassociative.be\/actualites\/ne-payez-pas-trop-cher-pour-votre-photo-didentite\/"},"wordCount":519,"publisher":{"@id":"https:\/\/vieassociative.be\/actualites\/#organization"},"image":{"@id":"https:\/\/vieassociative.be\/actualites\/ne-payez-pas-trop-cher-pour-votre-photo-didentite\/#primaryimage"},"thumbnailUrl":"https:\/\/vieassociative.be\/actualites\/wp-content\/uploads\/2024\/10\/Ne-payez-pas-trop-cher-pour-votre-photo-didentite.jpg","keywords":["cher","didentit\u00e9","pas","payez","photo","pour","trop","votre"],"articleSection":["Voyage"],"inLanguage":"fr-BE"},{"@type":"WebPage","@id":"https:\/\/vieassociative.be\/actualites\/ne-payez-pas-trop-cher-pour-votre-photo-didentite\/","url":"https:\/\/vieassociative.be\/actualites\/ne-payez-pas-trop-cher-pour-votre-photo-didentite\/","name":"Ne payez pas trop cher pour votre photo d'identit\u00e9 | Vie Associative","isPartOf":{"@id":"https:\/\/vieassociative.be\/actualites\/#website"},"primaryImageOfPage":{"@id":"https:\/\/vieassociative.be\/actualites\/ne-payez-pas-trop-cher-pour-votre-photo-didentite\/#primaryimage"},"image":{"@id":"https:\/\/vieassociative.be\/actualites\/ne-payez-pas-trop-cher-pour-votre-photo-didentite\/#primaryimage"},"thumbnailUrl":"https:\/\/vieassociative.be\/actualites\/wp-content\/uploads\/2024\/10\/Ne-payez-pas-trop-cher-pour-votre-photo-didentite.jpg","datePublished":"2024-10-24T16:28:11+00:00","dateModified":"2024-10-24T16:28:11+00:00","breadcrumb":{"@id":"https:\/\/vieassociative.be\/actualites\/ne-payez-pas-trop-cher-pour-votre-photo-didentite\/#breadcrumb"},"inLanguage":"fr-BE","potentialAction":[{"@type":"ReadAction","target":["https:\/\/vieassociative.be\/actualites\/ne-payez-pas-trop-cher-pour-votre-photo-didentite\/"]}]},{"@type":"ImageObject","inLanguage":"fr-BE","@id":"https:\/\/vieassociative.be\/actualites\/ne-payez-pas-trop-cher-pour-votre-photo-didentite\/#primaryimage","url":"https:\/\/vieassociative.be\/actualites\/wp-content\/uploads\/2024\/10\/Ne-payez-pas-trop-cher-pour-votre-photo-didentite.jpg","contentUrl":"https:\/\/vieassociative.be\/actualites\/wp-content\/uploads\/2024\/10\/Ne-payez-pas-trop-cher-pour-votre-photo-didentite.jpg","width":1200,"height":675,"caption":"Ne payez pas trop cher pour votre photo d'identit\u00e9"},{"@type":"BreadcrumbList","@id":"https:\/\/vieassociative.be\/actualites\/ne-payez-pas-trop-cher-pour-votre-photo-didentite\/#breadcrumb","itemListElement":[{"@type":"ListItem","position":1,"name":"Accueil","item":"https:\/\/vieassociative.be\/actualites\/"},{"@type":"ListItem","position":2,"name":"Ne payez pas trop cher pour votre photo d&rsquo;identit\u00e9"}]},{"@type":"WebSite","@id":"https:\/\/vieassociative.be\/actualites\/#website","url":"https:\/\/vieassociative.be\/actualites\/","name":"Vie Associative","description":"","publisher":{"@id":"https:\/\/vieassociative.be\/actualites\/#organization"},"potentialAction":[{"@type":"SearchAction","target":{"@type":"EntryPoint","urlTemplate":"https:\/\/vieassociative.be\/actualites\/?s={search_term_string}"},"query-input":{"@type":"PropertyValueSpecification","valueRequired":true,"valueName":"search_term_string"}}],"inLanguage":"fr-BE"},{"@type":"Organization","@id":"https:\/\/vieassociative.be\/actualites\/#organization","name":"Vie Associative","url":"https:\/\/vieassociative.be\/actualites\/","logo":{"@type":"ImageObject","inLanguage":"fr-BE","@id":"https:\/\/vieassociative.be\/actualites\/#\/schema\/logo\/image\/","url":"https:\/\/vieassociative.be\/actualites\/wp-content\/uploads\/2024\/09\/cropped-vieassociative_favicon.ico.png","contentUrl":"https:\/\/vieassociative.be\/actualites\/wp-content\/uploads\/2024\/09\/cropped-vieassociative_favicon.ico.png","width":512,"height":512,"caption":"Vie Associative"},"image":{"@id":"https:\/\/vieassociative.be\/actualites\/#\/schema\/logo\/image\/"}},{"@type":"Person","@id":"https:\/\/vieassociative.be\/actualites\/#\/schema\/person\/b87ac4f82f9d4e7b7cec7395b679edc4","name":"Julien","image":{"@type":"ImageObject","inLanguage":"fr-BE","@id":"https:\/\/vieassociative.be\/actualites\/#\/schema\/person\/image\/","url":"https:\/\/vieassociative.be\/actualites\/wp-content\/uploads\/2024\/09\/vie-associative-1-150x150.jpg","contentUrl":"https:\/\/vieassociative.be\/actualites\/wp-content\/uploads\/2024\/09\/vie-associative-1-150x150.jpg","caption":"Julien"},"description":"Je suis Julien, r\u00e9dacteur pour Vie Associative. Passionn\u00e9 par le monde associatif depuis plus de 10 ans, j'ai \u00e0 c\u0153ur de partager des histoires inspirantes et de mettre en lumi\u00e8re les initiatives locales. Mon objectif est de sensibiliser et d'encourager l'engagement communautaire \u00e0 travers mes articles.","sameAs":["https:\/\/vieassociative.be\/"]}]}},"_links":{"self":[{"href":"https:\/\/vieassociative.be\/actualites\/wp-json\/wp\/v2\/posts\/1595"}],"collection":[{"href":"https:\/\/vieassociative.be\/actualites\/wp-json\/wp\/v2\/posts"}],"about":[{"href":"https:\/\/vieassociative.be\/actualites\/wp-json\/wp\/v2\/types\/post"}],"author":[{"embeddable":true,"href":"https:\/\/vieassociative.be\/actualites\/wp-json\/wp\/v2\/users\/1"}],"replies":[{"embeddable":true,"href":"https:\/\/vieassociative.be\/actualites\/wp-json\/wp\/v2\/comments?post=1595"}],"version-history":[{"count":0,"href":"https:\/\/vieassociative.be\/actualites\/wp-json\/wp\/v2\/posts\/1595\/revisions"}],"wp:featuredmedia":[{"embeddable":true,"href":"https:\/\/vieassociative.be\/actualites\/wp-json\/wp\/v2\/media\/1596"}],"wp:attachment":[{"href":"https:\/\/vieassociative.be\/actualites\/wp-json\/wp\/v2\/media?parent=1595"}],"wp:term":[{"taxonomy":"category","embeddable":true,"href":"https:\/\/vieassociative.be\/actualites\/wp-json\/wp\/v2\/categories?post=1595"},{"taxonomy":"post_tag","embeddable":true,"href":"https:\/\/vieassociative.be\/actualites\/wp-json\/wp\/v2\/tags?post=1595"}],"curies":[{"name":"wp","href":"https:\/\/api.w.org\/{rel}","templated":true}]}}