{"id":1593,"date":"2024-10-24T16:17:08","date_gmt":"2024-10-24T14:17:08","guid":{"rendered":"https:\/\/vieassociative.be\/actualites\/cette-banque-dalimentation-et-chargeur-mural-ne-coute-que-60-en-ce-moment\/"},"modified":"2024-10-24T16:17:08","modified_gmt":"2024-10-24T14:17:08","slug":"cette-banque-dalimentation-et-chargeur-mural-ne-coute-que-60-en-ce-moment","status":"publish","type":"post","link":"https:\/\/vieassociative.be\/actualites\/cette-banque-dalimentation-et-chargeur-mural-ne-coute-que-60-en-ce-moment\/","title":{"rendered":"Cette banque d&rsquo;alimentation (et chargeur mural) ne co\u00fbte que 60 $ en ce moment"},"content":{"rendered":"<div class=\"mt-4 leading-6 md:mb-8\">C&rsquo;est une solution pratique si vous recherchez un appareil portable qui soit plus qu&rsquo;une simple banque d&rsquo;alimentation.<\/div>\n<p><\/p>\n<p>Si vous \u00eates comme moi et que vous craignez de voir votre batterie mourir pendant votre absence, le chargeur hybride Anker GaNPrime 2-en-1 vaut peut-\u00eatre la peine d&rsquo;\u00eatre v\u00e9rifi\u00e9, d&rsquo;autant plus qu&rsquo;il est d\u00e9sormais r\u00e9duit \u00e0 58,99 $ (au lieu de 99,99 $). Il s&rsquo;agit essentiellement d&rsquo;un chargeur mural de 65 W et d&rsquo;une banque d&rsquo;alimentation de 10 000 mAh r\u00e9unis dans un seul appareil, pour ceux d&rsquo;entre nous qui en ont assez de transporter plusieurs chargeurs. <\/p>\n<p>Il est disponible en noir ou en or et alimenterait tout, des t\u00e9l\u00e9phones aux ordinateurs portables (que vous soyez sous Android ou Apple), chargeant jusqu&rsquo;\u00e0 trois appareils \u00e0 la fois gr\u00e2ce \u00e0 ses deux ports USB-C et un port USB-A. Son utilisation de la technologie GaN (nitrure de gallium) promet une charge plus rapide, et son ActiveShield 2.0 int\u00e9gr\u00e9 pour une surveillance intelligente de la temp\u00e9rature offre une protection suppl\u00e9mentaire contre la surchauffe et les courts-circuits. Cependant, avec un peu plus de 11 onces, il pourrait \u00eatre un peu encombrant pour un transport de poche et il n&rsquo;est pas compatible avec le chargement sans fil, ce qui pourrait \u00eatre un probl\u00e8me pour certains.<\/p>\n<p>Si vous avez besoin d&rsquo;encore plus de jus, la banque d&rsquo;alimentation Anker Prime, avec une capacit\u00e9 massive de 27 650 mAh, pourrait \u00eatre une meilleure solution, m\u00eame si son prix est plus \u00e9lev\u00e9 (129,99 $, contre 179,99 $).<\/p>\n","protected":false},"excerpt":{"rendered":"<p>C&rsquo;est une solution pratique si vous recherchez un appareil portable qui soit plus qu&rsquo;une simple banque d&rsquo;alimentation. Si vous \u00eates comme moi et que vous<\/p>\n","protected":false},"author":1,"featured_media":1594,"comment_status":"","ping_status":"","sticky":false,"template":"","format":"standard","meta":{"footnotes":""},"categories":[13],"tags":[1784,206,2194,1122,2193,1429,2195],"class_list":["post-1593","post","type-post","status-publish","format-standard","has-post-thumbnail","hentry","category-technologie","tag-banque","tag-cette","tag-chargeur","tag-coute","tag-dalimentation","tag-moment","tag-mural","generate-columns","tablet-grid-50","mobile-grid-100","grid-parent","grid-33"],"yoast_head":"<!-- This site is optimized with the Yoast SEO plugin v24.0 - https:\/\/yoast.com\/wordpress\/plugins\/seo\/ -->\n<title>Cette banque d&#039;alimentation (et chargeur mural) ne co\u00fbte que 60 $ en ce moment | Vie Associative<\/title>\n<meta name=\"robots\" content=\"index, follow, max-snippet:-1, max-image-preview:large, max-video-preview:-1\" \/>\n<link rel=\"canonical\" href=\"https:\/\/vieassociative.be\/actualites\/cette-banque-dalimentation-et-chargeur-mural-ne-coute-que-60-en-ce-moment\/\" \/>\n<meta property=\"og:locale\" content=\"fr_FR\" \/>\n<meta property=\"og:type\" content=\"article\" \/>\n<meta property=\"og:title\" content=\"Cette banque d&#039;alimentation (et chargeur mural) ne co\u00fbte que 60 $ en ce moment | Vie Associative\" \/>\n<meta property=\"og:description\" content=\"C&rsquo;est une solution pratique si vous recherchez un appareil portable qui soit plus qu&rsquo;une simple banque d&rsquo;alimentation. Si vous \u00eates comme moi et que vous\" \/>\n<meta property=\"og:url\" content=\"https:\/\/vieassociative.be\/actualites\/cette-banque-dalimentation-et-chargeur-mural-ne-coute-que-60-en-ce-moment\/\" \/>\n<meta property=\"og:site_name\" content=\"Vie Associative\" \/>\n<meta property=\"article:published_time\" content=\"2024-10-24T14:17:08+00:00\" \/>\n<meta property=\"og:image\" content=\"https:\/\/vieassociative.be\/actualites\/wp-content\/uploads\/2024\/09\/header_backgroundk-01-e1726694325946.png\" \/>\n\t<meta property=\"og:image:width\" content=\"279\" \/>\n\t<meta property=\"og:image:height\" content=\"92\" \/>\n\t<meta property=\"og:image:type\" content=\"image\/png\" \/>\n<meta name=\"author\" content=\"Julien\" \/>\n<meta name=\"twitter:card\" content=\"summary_large_image\" \/>\n<meta name=\"twitter:label1\" content=\"\u00c9crit par\" \/>\n\t<meta name=\"twitter:data1\" content=\"Julien\" \/>\n\t<meta name=\"twitter:label2\" content=\"Dur\u00e9e de lecture est.\" \/>\n\t<meta name=\"twitter:data2\" content=\"1 minute\" \/>\n<script type=\"application\/ld+json\" class=\"yoast-schema-graph\">{\"@context\":\"https:\/\/schema.org\",\"@graph\":[{\"@type\":\"Article\",\"@id\":\"https:\/\/vieassociative.be\/actualites\/cette-banque-dalimentation-et-chargeur-mural-ne-coute-que-60-en-ce-moment\/#article\",\"isPartOf\":{\"@id\":\"https:\/\/vieassociative.be\/actualites\/cette-banque-dalimentation-et-chargeur-mural-ne-coute-que-60-en-ce-moment\/\"},\"author\":{\"name\":\"Julien\",\"@id\":\"https:\/\/vieassociative.be\/actualites\/#\/schema\/person\/b87ac4f82f9d4e7b7cec7395b679edc4\"},\"headline\":\"Cette banque d&rsquo;alimentation (et chargeur mural) ne co\u00fbte que 60 $ en ce moment\",\"datePublished\":\"2024-10-24T14:17:08+00:00\",\"dateModified\":\"2024-10-24T14:17:08+00:00\",\"mainEntityOfPage\":{\"@id\":\"https:\/\/vieassociative.be\/actualites\/cette-banque-dalimentation-et-chargeur-mural-ne-coute-que-60-en-ce-moment\/\"},\"wordCount\":268,\"publisher\":{\"@id\":\"https:\/\/vieassociative.be\/actualites\/#organization\"},\"image\":{\"@id\":\"https:\/\/vieassociative.be\/actualites\/cette-banque-dalimentation-et-chargeur-mural-ne-coute-que-60-en-ce-moment\/#primaryimage\"},\"thumbnailUrl\":\"https:\/\/vieassociative.be\/actualites\/wp-content\/uploads\/2024\/10\/Cette-banque-dalimentation-et-chargeur-mural-ne-coute-que-60.png\",\"keywords\":[\"banque\",\"cette\",\"chargeur\",\"co\u00fbte\",\"dalimentation\",\"moment\",\"mural\"],\"articleSection\":[\"Technologie\"],\"inLanguage\":\"fr-BE\"},{\"@type\":\"WebPage\",\"@id\":\"https:\/\/vieassociative.be\/actualites\/cette-banque-dalimentation-et-chargeur-mural-ne-coute-que-60-en-ce-moment\/\",\"url\":\"https:\/\/vieassociative.be\/actualites\/cette-banque-dalimentation-et-chargeur-mural-ne-coute-que-60-en-ce-moment\/\",\"name\":\"Cette banque d'alimentation (et chargeur mural) ne co\u00fbte que 60 $ en ce moment | Vie Associative\",\"isPartOf\":{\"@id\":\"https:\/\/vieassociative.be\/actualites\/#website\"},\"primaryImageOfPage\":{\"@id\":\"https:\/\/vieassociative.be\/actualites\/cette-banque-dalimentation-et-chargeur-mural-ne-coute-que-60-en-ce-moment\/#primaryimage\"},\"image\":{\"@id\":\"https:\/\/vieassociative.be\/actualites\/cette-banque-dalimentation-et-chargeur-mural-ne-coute-que-60-en-ce-moment\/#primaryimage\"},\"thumbnailUrl\":\"https:\/\/vieassociative.be\/actualites\/wp-content\/uploads\/2024\/10\/Cette-banque-dalimentation-et-chargeur-mural-ne-coute-que-60.png\",\"datePublished\":\"2024-10-24T14:17:08+00:00\",\"dateModified\":\"2024-10-24T14:17:08+00:00\",\"breadcrumb\":{\"@id\":\"https:\/\/vieassociative.be\/actualites\/cette-banque-dalimentation-et-chargeur-mural-ne-coute-que-60-en-ce-moment\/#breadcrumb\"},\"inLanguage\":\"fr-BE\",\"potentialAction\":[{\"@type\":\"ReadAction\",\"target\":[\"https:\/\/vieassociative.be\/actualites\/cette-banque-dalimentation-et-chargeur-mural-ne-coute-que-60-en-ce-moment\/\"]}]},{\"@type\":\"ImageObject\",\"inLanguage\":\"fr-BE\",\"@id\":\"https:\/\/vieassociative.be\/actualites\/cette-banque-dalimentation-et-chargeur-mural-ne-coute-que-60-en-ce-moment\/#primaryimage\",\"url\":\"https:\/\/vieassociative.be\/actualites\/wp-content\/uploads\/2024\/10\/Cette-banque-dalimentation-et-chargeur-mural-ne-coute-que-60.png\",\"contentUrl\":\"https:\/\/vieassociative.be\/actualites\/wp-content\/uploads\/2024\/10\/Cette-banque-dalimentation-et-chargeur-mural-ne-coute-que-60.png\",\"width\":1200,\"height\":675,\"caption\":\"Cette banque d'alimentation (et chargeur mural) ne co\u00fbte que 60 $ en ce moment\"},{\"@type\":\"BreadcrumbList\",\"@id\":\"https:\/\/vieassociative.be\/actualites\/cette-banque-dalimentation-et-chargeur-mural-ne-coute-que-60-en-ce-moment\/#breadcrumb\",\"itemListElement\":[{\"@type\":\"ListItem\",\"position\":1,\"name\":\"Accueil\",\"item\":\"https:\/\/vieassociative.be\/actualites\/\"},{\"@type\":\"ListItem\",\"position\":2,\"name\":\"Cette banque d&rsquo;alimentation (et chargeur mural) ne co\u00fbte que 60 $ en ce moment\"}]},{\"@type\":\"WebSite\",\"@id\":\"https:\/\/vieassociative.be\/actualites\/#website\",\"url\":\"https:\/\/vieassociative.be\/actualites\/\",\"name\":\"Vie Associative\",\"description\":\"\",\"publisher\":{\"@id\":\"https:\/\/vieassociative.be\/actualites\/#organization\"},\"potentialAction\":[{\"@type\":\"SearchAction\",\"target\":{\"@type\":\"EntryPoint\",\"urlTemplate\":\"https:\/\/vieassociative.be\/actualites\/?s={search_term_string}\"},\"query-input\":{\"@type\":\"PropertyValueSpecification\",\"valueRequired\":true,\"valueName\":\"search_term_string\"}}],\"inLanguage\":\"fr-BE\"},{\"@type\":\"Organization\",\"@id\":\"https:\/\/vieassociative.be\/actualites\/#organization\",\"name\":\"Vie Associative\",\"url\":\"https:\/\/vieassociative.be\/actualites\/\",\"logo\":{\"@type\":\"ImageObject\",\"inLanguage\":\"fr-BE\",\"@id\":\"https:\/\/vieassociative.be\/actualites\/#\/schema\/logo\/image\/\",\"url\":\"https:\/\/vieassociative.be\/actualites\/wp-content\/uploads\/2024\/09\/cropped-vieassociative_favicon.ico.png\",\"contentUrl\":\"https:\/\/vieassociative.be\/actualites\/wp-content\/uploads\/2024\/09\/cropped-vieassociative_favicon.ico.png\",\"width\":512,\"height\":512,\"caption\":\"Vie Associative\"},\"image\":{\"@id\":\"https:\/\/vieassociative.be\/actualites\/#\/schema\/logo\/image\/\"}},{\"@type\":\"Person\",\"@id\":\"https:\/\/vieassociative.be\/actualites\/#\/schema\/person\/b87ac4f82f9d4e7b7cec7395b679edc4\",\"name\":\"Julien\",\"image\":{\"@type\":\"ImageObject\",\"inLanguage\":\"fr-BE\",\"@id\":\"https:\/\/vieassociative.be\/actualites\/#\/schema\/person\/image\/\",\"url\":\"https:\/\/vieassociative.be\/actualites\/wp-content\/uploads\/2024\/09\/vie-associative-1-150x150.jpg\",\"contentUrl\":\"https:\/\/vieassociative.be\/actualites\/wp-content\/uploads\/2024\/09\/vie-associative-1-150x150.jpg\",\"caption\":\"Julien\"},\"description\":\"Je suis Julien, r\u00e9dacteur pour Vie Associative. Passionn\u00e9 par le monde associatif depuis plus de 10 ans, j'ai \u00e0 c\u0153ur de partager des histoires inspirantes et de mettre en lumi\u00e8re les initiatives locales. Mon objectif est de sensibiliser et d'encourager l'engagement communautaire \u00e0 travers mes articles.\",\"sameAs\":[\"https:\/\/vieassociative.be\/\"]}]}<\/script>\n<!-- \/ Yoast SEO plugin. -->","yoast_head_json":{"title":"Cette banque d'alimentation (et chargeur mural) ne co\u00fbte que 60 $ en ce moment | Vie Associative","robots":{"index":"index","follow":"follow","max-snippet":"max-snippet:-1","max-image-preview":"max-image-preview:large","max-video-preview":"max-video-preview:-1"},"canonical":"https:\/\/vieassociative.be\/actualites\/cette-banque-dalimentation-et-chargeur-mural-ne-coute-que-60-en-ce-moment\/","og_locale":"fr_FR","og_type":"article","og_title":"Cette banque d'alimentation (et chargeur mural) ne co\u00fbte que 60 $ en ce moment | Vie Associative","og_description":"C&rsquo;est une solution pratique si vous recherchez un appareil portable qui soit plus qu&rsquo;une simple banque d&rsquo;alimentation. Si vous \u00eates comme moi et que vous","og_url":"https:\/\/vieassociative.be\/actualites\/cette-banque-dalimentation-et-chargeur-mural-ne-coute-que-60-en-ce-moment\/","og_site_name":"Vie Associative","article_published_time":"2024-10-24T14:17:08+00:00","og_image":[{"width":279,"height":92,"url":"https:\/\/vieassociative.be\/actualites\/wp-content\/uploads\/2024\/09\/header_backgroundk-01-e1726694325946.png","type":"image\/png"}],"author":"Julien","twitter_card":"summary_large_image","twitter_misc":{"\u00c9crit par":"Julien","Dur\u00e9e de lecture est.":"1 minute"},"schema":{"@context":"https:\/\/schema.org","@graph":[{"@type":"Article","@id":"https:\/\/vieassociative.be\/actualites\/cette-banque-dalimentation-et-chargeur-mural-ne-coute-que-60-en-ce-moment\/#article","isPartOf":{"@id":"https:\/\/vieassociative.be\/actualites\/cette-banque-dalimentation-et-chargeur-mural-ne-coute-que-60-en-ce-moment\/"},"author":{"name":"Julien","@id":"https:\/\/vieassociative.be\/actualites\/#\/schema\/person\/b87ac4f82f9d4e7b7cec7395b679edc4"},"headline":"Cette banque d&rsquo;alimentation (et chargeur mural) ne co\u00fbte que 60 $ en ce moment","datePublished":"2024-10-24T14:17:08+00:00","dateModified":"2024-10-24T14:17:08+00:00","mainEntityOfPage":{"@id":"https:\/\/vieassociative.be\/actualites\/cette-banque-dalimentation-et-chargeur-mural-ne-coute-que-60-en-ce-moment\/"},"wordCount":268,"publisher":{"@id":"https:\/\/vieassociative.be\/actualites\/#organization"},"image":{"@id":"https:\/\/vieassociative.be\/actualites\/cette-banque-dalimentation-et-chargeur-mural-ne-coute-que-60-en-ce-moment\/#primaryimage"},"thumbnailUrl":"https:\/\/vieassociative.be\/actualites\/wp-content\/uploads\/2024\/10\/Cette-banque-dalimentation-et-chargeur-mural-ne-coute-que-60.png","keywords":["banque","cette","chargeur","co\u00fbte","dalimentation","moment","mural"],"articleSection":["Technologie"],"inLanguage":"fr-BE"},{"@type":"WebPage","@id":"https:\/\/vieassociative.be\/actualites\/cette-banque-dalimentation-et-chargeur-mural-ne-coute-que-60-en-ce-moment\/","url":"https:\/\/vieassociative.be\/actualites\/cette-banque-dalimentation-et-chargeur-mural-ne-coute-que-60-en-ce-moment\/","name":"Cette banque d'alimentation (et chargeur mural) ne co\u00fbte que 60 $ en ce moment | Vie Associative","isPartOf":{"@id":"https:\/\/vieassociative.be\/actualites\/#website"},"primaryImageOfPage":{"@id":"https:\/\/vieassociative.be\/actualites\/cette-banque-dalimentation-et-chargeur-mural-ne-coute-que-60-en-ce-moment\/#primaryimage"},"image":{"@id":"https:\/\/vieassociative.be\/actualites\/cette-banque-dalimentation-et-chargeur-mural-ne-coute-que-60-en-ce-moment\/#primaryimage"},"thumbnailUrl":"https:\/\/vieassociative.be\/actualites\/wp-content\/uploads\/2024\/10\/Cette-banque-dalimentation-et-chargeur-mural-ne-coute-que-60.png","datePublished":"2024-10-24T14:17:08+00:00","dateModified":"2024-10-24T14:17:08+00:00","breadcrumb":{"@id":"https:\/\/vieassociative.be\/actualites\/cette-banque-dalimentation-et-chargeur-mural-ne-coute-que-60-en-ce-moment\/#breadcrumb"},"inLanguage":"fr-BE","potentialAction":[{"@type":"ReadAction","target":["https:\/\/vieassociative.be\/actualites\/cette-banque-dalimentation-et-chargeur-mural-ne-coute-que-60-en-ce-moment\/"]}]},{"@type":"ImageObject","inLanguage":"fr-BE","@id":"https:\/\/vieassociative.be\/actualites\/cette-banque-dalimentation-et-chargeur-mural-ne-coute-que-60-en-ce-moment\/#primaryimage","url":"https:\/\/vieassociative.be\/actualites\/wp-content\/uploads\/2024\/10\/Cette-banque-dalimentation-et-chargeur-mural-ne-coute-que-60.png","contentUrl":"https:\/\/vieassociative.be\/actualites\/wp-content\/uploads\/2024\/10\/Cette-banque-dalimentation-et-chargeur-mural-ne-coute-que-60.png","width":1200,"height":675,"caption":"Cette banque d'alimentation (et chargeur mural) ne co\u00fbte que 60 $ en ce moment"},{"@type":"BreadcrumbList","@id":"https:\/\/vieassociative.be\/actualites\/cette-banque-dalimentation-et-chargeur-mural-ne-coute-que-60-en-ce-moment\/#breadcrumb","itemListElement":[{"@type":"ListItem","position":1,"name":"Accueil","item":"https:\/\/vieassociative.be\/actualites\/"},{"@type":"ListItem","position":2,"name":"Cette banque d&rsquo;alimentation (et chargeur mural) ne co\u00fbte que 60 $ en ce moment"}]},{"@type":"WebSite","@id":"https:\/\/vieassociative.be\/actualites\/#website","url":"https:\/\/vieassociative.be\/actualites\/","name":"Vie Associative","description":"","publisher":{"@id":"https:\/\/vieassociative.be\/actualites\/#organization"},"potentialAction":[{"@type":"SearchAction","target":{"@type":"EntryPoint","urlTemplate":"https:\/\/vieassociative.be\/actualites\/?s={search_term_string}"},"query-input":{"@type":"PropertyValueSpecification","valueRequired":true,"valueName":"search_term_string"}}],"inLanguage":"fr-BE"},{"@type":"Organization","@id":"https:\/\/vieassociative.be\/actualites\/#organization","name":"Vie Associative","url":"https:\/\/vieassociative.be\/actualites\/","logo":{"@type":"ImageObject","inLanguage":"fr-BE","@id":"https:\/\/vieassociative.be\/actualites\/#\/schema\/logo\/image\/","url":"https:\/\/vieassociative.be\/actualites\/wp-content\/uploads\/2024\/09\/cropped-vieassociative_favicon.ico.png","contentUrl":"https:\/\/vieassociative.be\/actualites\/wp-content\/uploads\/2024\/09\/cropped-vieassociative_favicon.ico.png","width":512,"height":512,"caption":"Vie Associative"},"image":{"@id":"https:\/\/vieassociative.be\/actualites\/#\/schema\/logo\/image\/"}},{"@type":"Person","@id":"https:\/\/vieassociative.be\/actualites\/#\/schema\/person\/b87ac4f82f9d4e7b7cec7395b679edc4","name":"Julien","image":{"@type":"ImageObject","inLanguage":"fr-BE","@id":"https:\/\/vieassociative.be\/actualites\/#\/schema\/person\/image\/","url":"https:\/\/vieassociative.be\/actualites\/wp-content\/uploads\/2024\/09\/vie-associative-1-150x150.jpg","contentUrl":"https:\/\/vieassociative.be\/actualites\/wp-content\/uploads\/2024\/09\/vie-associative-1-150x150.jpg","caption":"Julien"},"description":"Je suis Julien, r\u00e9dacteur pour Vie Associative. Passionn\u00e9 par le monde associatif depuis plus de 10 ans, j'ai \u00e0 c\u0153ur de partager des histoires inspirantes et de mettre en lumi\u00e8re les initiatives locales. Mon objectif est de sensibiliser et d'encourager l'engagement communautaire \u00e0 travers mes articles.","sameAs":["https:\/\/vieassociative.be\/"]}]}},"_links":{"self":[{"href":"https:\/\/vieassociative.be\/actualites\/wp-json\/wp\/v2\/posts\/1593"}],"collection":[{"href":"https:\/\/vieassociative.be\/actualites\/wp-json\/wp\/v2\/posts"}],"about":[{"href":"https:\/\/vieassociative.be\/actualites\/wp-json\/wp\/v2\/types\/post"}],"author":[{"embeddable":true,"href":"https:\/\/vieassociative.be\/actualites\/wp-json\/wp\/v2\/users\/1"}],"replies":[{"embeddable":true,"href":"https:\/\/vieassociative.be\/actualites\/wp-json\/wp\/v2\/comments?post=1593"}],"version-history":[{"count":0,"href":"https:\/\/vieassociative.be\/actualites\/wp-json\/wp\/v2\/posts\/1593\/revisions"}],"wp:featuredmedia":[{"embeddable":true,"href":"https:\/\/vieassociative.be\/actualites\/wp-json\/wp\/v2\/media\/1594"}],"wp:attachment":[{"href":"https:\/\/vieassociative.be\/actualites\/wp-json\/wp\/v2\/media?parent=1593"}],"wp:term":[{"taxonomy":"category","embeddable":true,"href":"https:\/\/vieassociative.be\/actualites\/wp-json\/wp\/v2\/categories?post=1593"},{"taxonomy":"post_tag","embeddable":true,"href":"https:\/\/vieassociative.be\/actualites\/wp-json\/wp\/v2\/tags?post=1593"}],"curies":[{"name":"wp","href":"https:\/\/api.w.org\/{rel}","templated":true}]}}