{"id":1591,"date":"2024-10-24T15:17:12","date_gmt":"2024-10-24T13:17:12","guid":{"rendered":"https:\/\/vieassociative.be\/actualites\/allez-y-planez-le-jour-de-votre-mariage\/"},"modified":"2024-10-24T15:17:12","modified_gmt":"2024-10-24T13:17:12","slug":"allez-y-planez-le-jour-de-votre-mariage","status":"publish","type":"post","link":"https:\/\/vieassociative.be\/actualites\/allez-y-planez-le-jour-de-votre-mariage\/","title":{"rendered":"Allez-y, planez le jour de votre mariage"},"content":{"rendered":"<div class=\"mt-4 leading-6 md:mb-8\">C&rsquo;est votre mariage\u00a0; si vous pr\u00e9f\u00e9rez une bouff\u00e9e plut\u00f4t qu\u2019une gorg\u00e9e, ne laissez personne vous arr\u00eater.<\/div>\n<p><\/p>\n<p>Votre mariage comprendra d\u00e9j\u00e0 un toast, alors pourquoi ne pas \u00e9galement inclure une bouff\u00e9e ? Selon une enqu\u00eate r\u00e9cente de The Knot, 93 % des personnes servent de l&rsquo;alcool lors de leur mariage, le couple moyen d\u00e9pensant 2 300 $ pour approvisionner le bar en bi\u00e8re, vin et spiritueux. Si tous ces gens veulent frapper \u00e0 la sauce le jour du saint mariage, pourquoi ne devriez-vous pas aller de l&rsquo;avant et frapper la plume ?<\/p>\n<p>Peut-\u00eatre vous inqui\u00e9tez-vous de ce que les autres penseront. Peut-\u00eatre que vos parents sont de vieux fuddy-duddy qui pensent que \u00ab Mary Jane \u00bb ruine la jeunesse d&rsquo;aujourd&rsquo;hui et que votre mariage sera vou\u00e9 \u00e0 l&rsquo;\u00e9chec d\u00e8s le d\u00e9but si vous mangez votre g\u00e2teau de mariage avec un l\u00e9ger effet au lieu d&rsquo;un l\u00e9ger bourdonnement. Rappelez-leur simplement que nous savons depuis des ann\u00e9es que le cannabis n\u2019est pas plus dangereux que l\u2019alcool ou le tabac. De plus, l\u2019herbe est l\u00e9gale dans 37 \u00c9tats \u2013 elle ne va pas dispara\u00eetre de si t\u00f4t.<\/p>\n<p>Peut-\u00eatre que vous ne savez pas si se d\u00e9foncer lors de votre propre mariage serait une exp\u00e9rience agr\u00e9able. C&rsquo;est compr\u00e9hensible. Si vous devenez parano\u00efaque lorsque vous fumez ou si cela affecte votre m\u00e9moire, vous devez certainement en tenir compte dans l\u2019\u00e9quation. Mais selon certains utilisateurs de Reddit, il est possible que l&rsquo;herbe am\u00e9liore votre exp\u00e9rience le jour de votre mariage. Prenez-le de u\/jasmine-the-flower\u00a0:<\/p>\n<blockquote>\n<p>Je souffrais de d\u00e9pression et d&rsquo;anxi\u00e9t\u00e9 depuis des mois avant le jour de notre mariage, c&rsquo;\u00e9tait donc un changement bienvenu.<\/p>\n<\/blockquote>\n<p>Ils ne sont pas seuls ; u\/tbone-not-tbag s&rsquo;est \u00e9galement port\u00e9 garant de cette pratique.<\/p>\n<blockquote>\n<p>J&rsquo;avais 4 heures pour moi avant le grand moment, alors je suis descendu au lac, j&rsquo;ai fum\u00e9 quelques bols, je suis all\u00e9 nager, j&rsquo;ai trouv\u00e9 un peu de paix int\u00e9rieure. C&rsquo;\u00e9tait magnifique !<\/p>\n<\/blockquote>\n<p>Peut-\u00eatre que vous avez l&rsquo;id\u00e9e de vous d\u00e9foncer lors de votre propre mariage, mais que vous \u00eates d\u00e9courag\u00e9 par les probl\u00e8mes logistiques. Heureusement pour vous, il existe des soci\u00e9t\u00e9s d\u2019organisation d\u2019\u00e9v\u00e9nements sp\u00e9cialis\u00e9es dans les mariages respectueux du cannabis. Irie Weddings and Events mettra en place un bar \u00e0 cannabis personnalis\u00e9 avec un barman pour prendre soin de vous et de vos invit\u00e9s. Les services de Le Festin Events incluent non seulement l&rsquo;offre d&rsquo;alternatives substantielles aux invit\u00e9s qui ne souhaitent pas participer, mais aussi la garantie que votre f\u00eate respecte la loi. Pas besoin de vous inqui\u00e9ter des flics qui enfoncent votre porte et g\u00e2chent votre bon temps\u00a0!<\/p>\n<p>Id\u00e9alement, vous ne vous marierez qu\u2019une seule fois. Pour cette raison, vous devez organiser la journ\u00e9e exactement comme vous le souhaitez. C&rsquo;est <em>ton <\/em>mariage. Si vous pr\u00e9f\u00e9rez une bouff\u00e9e plut\u00f4t qu\u2019une gorg\u00e9e, ne laissez personne vous arr\u00eater. Attendez peut-\u00eatre la fin de la c\u00e9r\u00e9monie pour ne pas vous laisser surprendre lorsque vous \u00eates cens\u00e9 dire \u00aboui\u00bb.<\/p>\n<p><\/p>\n","protected":false},"excerpt":{"rendered":"<p>C&rsquo;est votre mariage\u00a0; si vous pr\u00e9f\u00e9rez une bouff\u00e9e plut\u00f4t qu\u2019une gorg\u00e9e, ne laissez personne vous arr\u00eater. Votre mariage comprendra d\u00e9j\u00e0 un toast, alors pourquoi ne<\/p>\n","protected":false},"author":1,"featured_media":1592,"comment_status":"","ping_status":"","sticky":false,"template":"","format":"standard","meta":{"footnotes":""},"categories":[42],"tags":[2191,53,2039,2192,8],"class_list":["post-1591","post","type-post","status-publish","format-standard","has-post-thumbnail","hentry","category-relations","tag-allezy","tag-jour","tag-mariage","tag-planez","tag-votre","generate-columns","tablet-grid-50","mobile-grid-100","grid-parent","grid-33"],"yoast_head":"<!-- This site is optimized with the Yoast SEO plugin v24.0 - https:\/\/yoast.com\/wordpress\/plugins\/seo\/ -->\n<title>Allez-y, planez le jour de votre mariage | Vie Associative<\/title>\n<meta name=\"robots\" content=\"index, follow, max-snippet:-1, max-image-preview:large, max-video-preview:-1\" \/>\n<link rel=\"canonical\" href=\"https:\/\/vieassociative.be\/actualites\/allez-y-planez-le-jour-de-votre-mariage\/\" \/>\n<meta property=\"og:locale\" content=\"fr_FR\" \/>\n<meta property=\"og:type\" content=\"article\" \/>\n<meta property=\"og:title\" content=\"Allez-y, planez le jour de votre mariage | Vie Associative\" \/>\n<meta property=\"og:description\" content=\"C&rsquo;est votre mariage\u00a0; si vous pr\u00e9f\u00e9rez une bouff\u00e9e plut\u00f4t qu\u2019une gorg\u00e9e, ne laissez personne vous arr\u00eater. Votre mariage comprendra d\u00e9j\u00e0 un toast, alors pourquoi ne\" \/>\n<meta property=\"og:url\" content=\"https:\/\/vieassociative.be\/actualites\/allez-y-planez-le-jour-de-votre-mariage\/\" \/>\n<meta property=\"og:site_name\" content=\"Vie Associative\" \/>\n<meta property=\"article:published_time\" content=\"2024-10-24T13:17:12+00:00\" \/>\n<meta property=\"og:image\" content=\"https:\/\/vieassociative.be\/actualites\/wp-content\/uploads\/2024\/09\/header_backgroundk-01-e1726694325946.png\" \/>\n\t<meta property=\"og:image:width\" content=\"279\" \/>\n\t<meta property=\"og:image:height\" content=\"92\" \/>\n\t<meta property=\"og:image:type\" content=\"image\/png\" \/>\n<meta name=\"author\" content=\"Julien\" \/>\n<meta name=\"twitter:card\" content=\"summary_large_image\" \/>\n<meta name=\"twitter:label1\" content=\"\u00c9crit par\" \/>\n\t<meta name=\"twitter:data1\" content=\"Julien\" \/>\n\t<meta name=\"twitter:label2\" content=\"Dur\u00e9e de lecture est.\" \/>\n\t<meta name=\"twitter:data2\" content=\"3 minutes\" \/>\n<script type=\"application\/ld+json\" class=\"yoast-schema-graph\">{\"@context\":\"https:\/\/schema.org\",\"@graph\":[{\"@type\":\"Article\",\"@id\":\"https:\/\/vieassociative.be\/actualites\/allez-y-planez-le-jour-de-votre-mariage\/#article\",\"isPartOf\":{\"@id\":\"https:\/\/vieassociative.be\/actualites\/allez-y-planez-le-jour-de-votre-mariage\/\"},\"author\":{\"name\":\"Julien\",\"@id\":\"https:\/\/vieassociative.be\/actualites\/#\/schema\/person\/b87ac4f82f9d4e7b7cec7395b679edc4\"},\"headline\":\"Allez-y, planez le jour de votre mariage\",\"datePublished\":\"2024-10-24T13:17:12+00:00\",\"dateModified\":\"2024-10-24T13:17:12+00:00\",\"mainEntityOfPage\":{\"@id\":\"https:\/\/vieassociative.be\/actualites\/allez-y-planez-le-jour-de-votre-mariage\/\"},\"wordCount\":559,\"publisher\":{\"@id\":\"https:\/\/vieassociative.be\/actualites\/#organization\"},\"image\":{\"@id\":\"https:\/\/vieassociative.be\/actualites\/allez-y-planez-le-jour-de-votre-mariage\/#primaryimage\"},\"thumbnailUrl\":\"https:\/\/vieassociative.be\/actualites\/wp-content\/uploads\/2024\/10\/Allez-y-planez-le-jour-de-votre-mariage.jpg\",\"keywords\":[\"Allezy\",\"jour\",\"mariage\",\"planez\",\"votre\"],\"articleSection\":[\"Relations\"],\"inLanguage\":\"fr-BE\"},{\"@type\":\"WebPage\",\"@id\":\"https:\/\/vieassociative.be\/actualites\/allez-y-planez-le-jour-de-votre-mariage\/\",\"url\":\"https:\/\/vieassociative.be\/actualites\/allez-y-planez-le-jour-de-votre-mariage\/\",\"name\":\"Allez-y, planez le jour de votre mariage | Vie Associative\",\"isPartOf\":{\"@id\":\"https:\/\/vieassociative.be\/actualites\/#website\"},\"primaryImageOfPage\":{\"@id\":\"https:\/\/vieassociative.be\/actualites\/allez-y-planez-le-jour-de-votre-mariage\/#primaryimage\"},\"image\":{\"@id\":\"https:\/\/vieassociative.be\/actualites\/allez-y-planez-le-jour-de-votre-mariage\/#primaryimage\"},\"thumbnailUrl\":\"https:\/\/vieassociative.be\/actualites\/wp-content\/uploads\/2024\/10\/Allez-y-planez-le-jour-de-votre-mariage.jpg\",\"datePublished\":\"2024-10-24T13:17:12+00:00\",\"dateModified\":\"2024-10-24T13:17:12+00:00\",\"breadcrumb\":{\"@id\":\"https:\/\/vieassociative.be\/actualites\/allez-y-planez-le-jour-de-votre-mariage\/#breadcrumb\"},\"inLanguage\":\"fr-BE\",\"potentialAction\":[{\"@type\":\"ReadAction\",\"target\":[\"https:\/\/vieassociative.be\/actualites\/allez-y-planez-le-jour-de-votre-mariage\/\"]}]},{\"@type\":\"ImageObject\",\"inLanguage\":\"fr-BE\",\"@id\":\"https:\/\/vieassociative.be\/actualites\/allez-y-planez-le-jour-de-votre-mariage\/#primaryimage\",\"url\":\"https:\/\/vieassociative.be\/actualites\/wp-content\/uploads\/2024\/10\/Allez-y-planez-le-jour-de-votre-mariage.jpg\",\"contentUrl\":\"https:\/\/vieassociative.be\/actualites\/wp-content\/uploads\/2024\/10\/Allez-y-planez-le-jour-de-votre-mariage.jpg\",\"width\":1200,\"height\":675,\"caption\":\"Allez-y, planez le jour de votre mariage\"},{\"@type\":\"BreadcrumbList\",\"@id\":\"https:\/\/vieassociative.be\/actualites\/allez-y-planez-le-jour-de-votre-mariage\/#breadcrumb\",\"itemListElement\":[{\"@type\":\"ListItem\",\"position\":1,\"name\":\"Accueil\",\"item\":\"https:\/\/vieassociative.be\/actualites\/\"},{\"@type\":\"ListItem\",\"position\":2,\"name\":\"Allez-y, planez le jour de votre mariage\"}]},{\"@type\":\"WebSite\",\"@id\":\"https:\/\/vieassociative.be\/actualites\/#website\",\"url\":\"https:\/\/vieassociative.be\/actualites\/\",\"name\":\"Vie Associative\",\"description\":\"\",\"publisher\":{\"@id\":\"https:\/\/vieassociative.be\/actualites\/#organization\"},\"potentialAction\":[{\"@type\":\"SearchAction\",\"target\":{\"@type\":\"EntryPoint\",\"urlTemplate\":\"https:\/\/vieassociative.be\/actualites\/?s={search_term_string}\"},\"query-input\":{\"@type\":\"PropertyValueSpecification\",\"valueRequired\":true,\"valueName\":\"search_term_string\"}}],\"inLanguage\":\"fr-BE\"},{\"@type\":\"Organization\",\"@id\":\"https:\/\/vieassociative.be\/actualites\/#organization\",\"name\":\"Vie Associative\",\"url\":\"https:\/\/vieassociative.be\/actualites\/\",\"logo\":{\"@type\":\"ImageObject\",\"inLanguage\":\"fr-BE\",\"@id\":\"https:\/\/vieassociative.be\/actualites\/#\/schema\/logo\/image\/\",\"url\":\"https:\/\/vieassociative.be\/actualites\/wp-content\/uploads\/2024\/09\/cropped-vieassociative_favicon.ico.png\",\"contentUrl\":\"https:\/\/vieassociative.be\/actualites\/wp-content\/uploads\/2024\/09\/cropped-vieassociative_favicon.ico.png\",\"width\":512,\"height\":512,\"caption\":\"Vie Associative\"},\"image\":{\"@id\":\"https:\/\/vieassociative.be\/actualites\/#\/schema\/logo\/image\/\"}},{\"@type\":\"Person\",\"@id\":\"https:\/\/vieassociative.be\/actualites\/#\/schema\/person\/b87ac4f82f9d4e7b7cec7395b679edc4\",\"name\":\"Julien\",\"image\":{\"@type\":\"ImageObject\",\"inLanguage\":\"fr-BE\",\"@id\":\"https:\/\/vieassociative.be\/actualites\/#\/schema\/person\/image\/\",\"url\":\"https:\/\/vieassociative.be\/actualites\/wp-content\/uploads\/2024\/09\/vie-associative-1-150x150.jpg\",\"contentUrl\":\"https:\/\/vieassociative.be\/actualites\/wp-content\/uploads\/2024\/09\/vie-associative-1-150x150.jpg\",\"caption\":\"Julien\"},\"description\":\"Je suis Julien, r\u00e9dacteur pour Vie Associative. Passionn\u00e9 par le monde associatif depuis plus de 10 ans, j'ai \u00e0 c\u0153ur de partager des histoires inspirantes et de mettre en lumi\u00e8re les initiatives locales. Mon objectif est de sensibiliser et d'encourager l'engagement communautaire \u00e0 travers mes articles.\",\"sameAs\":[\"https:\/\/vieassociative.be\/\"]}]}<\/script>\n<!-- \/ Yoast SEO plugin. -->","yoast_head_json":{"title":"Allez-y, planez le jour de votre mariage | Vie Associative","robots":{"index":"index","follow":"follow","max-snippet":"max-snippet:-1","max-image-preview":"max-image-preview:large","max-video-preview":"max-video-preview:-1"},"canonical":"https:\/\/vieassociative.be\/actualites\/allez-y-planez-le-jour-de-votre-mariage\/","og_locale":"fr_FR","og_type":"article","og_title":"Allez-y, planez le jour de votre mariage | Vie Associative","og_description":"C&rsquo;est votre mariage\u00a0; si vous pr\u00e9f\u00e9rez une bouff\u00e9e plut\u00f4t qu\u2019une gorg\u00e9e, ne laissez personne vous arr\u00eater. Votre mariage comprendra d\u00e9j\u00e0 un toast, alors pourquoi ne","og_url":"https:\/\/vieassociative.be\/actualites\/allez-y-planez-le-jour-de-votre-mariage\/","og_site_name":"Vie Associative","article_published_time":"2024-10-24T13:17:12+00:00","og_image":[{"width":279,"height":92,"url":"https:\/\/vieassociative.be\/actualites\/wp-content\/uploads\/2024\/09\/header_backgroundk-01-e1726694325946.png","type":"image\/png"}],"author":"Julien","twitter_card":"summary_large_image","twitter_misc":{"\u00c9crit par":"Julien","Dur\u00e9e de lecture est.":"3 minutes"},"schema":{"@context":"https:\/\/schema.org","@graph":[{"@type":"Article","@id":"https:\/\/vieassociative.be\/actualites\/allez-y-planez-le-jour-de-votre-mariage\/#article","isPartOf":{"@id":"https:\/\/vieassociative.be\/actualites\/allez-y-planez-le-jour-de-votre-mariage\/"},"author":{"name":"Julien","@id":"https:\/\/vieassociative.be\/actualites\/#\/schema\/person\/b87ac4f82f9d4e7b7cec7395b679edc4"},"headline":"Allez-y, planez le jour de votre mariage","datePublished":"2024-10-24T13:17:12+00:00","dateModified":"2024-10-24T13:17:12+00:00","mainEntityOfPage":{"@id":"https:\/\/vieassociative.be\/actualites\/allez-y-planez-le-jour-de-votre-mariage\/"},"wordCount":559,"publisher":{"@id":"https:\/\/vieassociative.be\/actualites\/#organization"},"image":{"@id":"https:\/\/vieassociative.be\/actualites\/allez-y-planez-le-jour-de-votre-mariage\/#primaryimage"},"thumbnailUrl":"https:\/\/vieassociative.be\/actualites\/wp-content\/uploads\/2024\/10\/Allez-y-planez-le-jour-de-votre-mariage.jpg","keywords":["Allezy","jour","mariage","planez","votre"],"articleSection":["Relations"],"inLanguage":"fr-BE"},{"@type":"WebPage","@id":"https:\/\/vieassociative.be\/actualites\/allez-y-planez-le-jour-de-votre-mariage\/","url":"https:\/\/vieassociative.be\/actualites\/allez-y-planez-le-jour-de-votre-mariage\/","name":"Allez-y, planez le jour de votre mariage | Vie Associative","isPartOf":{"@id":"https:\/\/vieassociative.be\/actualites\/#website"},"primaryImageOfPage":{"@id":"https:\/\/vieassociative.be\/actualites\/allez-y-planez-le-jour-de-votre-mariage\/#primaryimage"},"image":{"@id":"https:\/\/vieassociative.be\/actualites\/allez-y-planez-le-jour-de-votre-mariage\/#primaryimage"},"thumbnailUrl":"https:\/\/vieassociative.be\/actualites\/wp-content\/uploads\/2024\/10\/Allez-y-planez-le-jour-de-votre-mariage.jpg","datePublished":"2024-10-24T13:17:12+00:00","dateModified":"2024-10-24T13:17:12+00:00","breadcrumb":{"@id":"https:\/\/vieassociative.be\/actualites\/allez-y-planez-le-jour-de-votre-mariage\/#breadcrumb"},"inLanguage":"fr-BE","potentialAction":[{"@type":"ReadAction","target":["https:\/\/vieassociative.be\/actualites\/allez-y-planez-le-jour-de-votre-mariage\/"]}]},{"@type":"ImageObject","inLanguage":"fr-BE","@id":"https:\/\/vieassociative.be\/actualites\/allez-y-planez-le-jour-de-votre-mariage\/#primaryimage","url":"https:\/\/vieassociative.be\/actualites\/wp-content\/uploads\/2024\/10\/Allez-y-planez-le-jour-de-votre-mariage.jpg","contentUrl":"https:\/\/vieassociative.be\/actualites\/wp-content\/uploads\/2024\/10\/Allez-y-planez-le-jour-de-votre-mariage.jpg","width":1200,"height":675,"caption":"Allez-y, planez le jour de votre mariage"},{"@type":"BreadcrumbList","@id":"https:\/\/vieassociative.be\/actualites\/allez-y-planez-le-jour-de-votre-mariage\/#breadcrumb","itemListElement":[{"@type":"ListItem","position":1,"name":"Accueil","item":"https:\/\/vieassociative.be\/actualites\/"},{"@type":"ListItem","position":2,"name":"Allez-y, planez le jour de votre mariage"}]},{"@type":"WebSite","@id":"https:\/\/vieassociative.be\/actualites\/#website","url":"https:\/\/vieassociative.be\/actualites\/","name":"Vie Associative","description":"","publisher":{"@id":"https:\/\/vieassociative.be\/actualites\/#organization"},"potentialAction":[{"@type":"SearchAction","target":{"@type":"EntryPoint","urlTemplate":"https:\/\/vieassociative.be\/actualites\/?s={search_term_string}"},"query-input":{"@type":"PropertyValueSpecification","valueRequired":true,"valueName":"search_term_string"}}],"inLanguage":"fr-BE"},{"@type":"Organization","@id":"https:\/\/vieassociative.be\/actualites\/#organization","name":"Vie Associative","url":"https:\/\/vieassociative.be\/actualites\/","logo":{"@type":"ImageObject","inLanguage":"fr-BE","@id":"https:\/\/vieassociative.be\/actualites\/#\/schema\/logo\/image\/","url":"https:\/\/vieassociative.be\/actualites\/wp-content\/uploads\/2024\/09\/cropped-vieassociative_favicon.ico.png","contentUrl":"https:\/\/vieassociative.be\/actualites\/wp-content\/uploads\/2024\/09\/cropped-vieassociative_favicon.ico.png","width":512,"height":512,"caption":"Vie Associative"},"image":{"@id":"https:\/\/vieassociative.be\/actualites\/#\/schema\/logo\/image\/"}},{"@type":"Person","@id":"https:\/\/vieassociative.be\/actualites\/#\/schema\/person\/b87ac4f82f9d4e7b7cec7395b679edc4","name":"Julien","image":{"@type":"ImageObject","inLanguage":"fr-BE","@id":"https:\/\/vieassociative.be\/actualites\/#\/schema\/person\/image\/","url":"https:\/\/vieassociative.be\/actualites\/wp-content\/uploads\/2024\/09\/vie-associative-1-150x150.jpg","contentUrl":"https:\/\/vieassociative.be\/actualites\/wp-content\/uploads\/2024\/09\/vie-associative-1-150x150.jpg","caption":"Julien"},"description":"Je suis Julien, r\u00e9dacteur pour Vie Associative. Passionn\u00e9 par le monde associatif depuis plus de 10 ans, j'ai \u00e0 c\u0153ur de partager des histoires inspirantes et de mettre en lumi\u00e8re les initiatives locales. Mon objectif est de sensibiliser et d'encourager l'engagement communautaire \u00e0 travers mes articles.","sameAs":["https:\/\/vieassociative.be\/"]}]}},"_links":{"self":[{"href":"https:\/\/vieassociative.be\/actualites\/wp-json\/wp\/v2\/posts\/1591"}],"collection":[{"href":"https:\/\/vieassociative.be\/actualites\/wp-json\/wp\/v2\/posts"}],"about":[{"href":"https:\/\/vieassociative.be\/actualites\/wp-json\/wp\/v2\/types\/post"}],"author":[{"embeddable":true,"href":"https:\/\/vieassociative.be\/actualites\/wp-json\/wp\/v2\/users\/1"}],"replies":[{"embeddable":true,"href":"https:\/\/vieassociative.be\/actualites\/wp-json\/wp\/v2\/comments?post=1591"}],"version-history":[{"count":0,"href":"https:\/\/vieassociative.be\/actualites\/wp-json\/wp\/v2\/posts\/1591\/revisions"}],"wp:featuredmedia":[{"embeddable":true,"href":"https:\/\/vieassociative.be\/actualites\/wp-json\/wp\/v2\/media\/1592"}],"wp:attachment":[{"href":"https:\/\/vieassociative.be\/actualites\/wp-json\/wp\/v2\/media?parent=1591"}],"wp:term":[{"taxonomy":"category","embeddable":true,"href":"https:\/\/vieassociative.be\/actualites\/wp-json\/wp\/v2\/categories?post=1591"},{"taxonomy":"post_tag","embeddable":true,"href":"https:\/\/vieassociative.be\/actualites\/wp-json\/wp\/v2\/tags?post=1591"}],"curies":[{"name":"wp","href":"https:\/\/api.w.org\/{rel}","templated":true}]}}