{"id":1579,"date":"2024-10-24T08:17:04","date_gmt":"2024-10-24T06:17:04","guid":{"rendered":"https:\/\/vieassociative.be\/actualites\/ne-supprimez-pas-votre-compte-twitter-faites-le-a-la-place\/"},"modified":"2024-10-24T08:17:04","modified_gmt":"2024-10-24T06:17:04","slug":"ne-supprimez-pas-votre-compte-twitter-faites-le-a-la-place","status":"publish","type":"post","link":"https:\/\/vieassociative.be\/actualites\/ne-supprimez-pas-votre-compte-twitter-faites-le-a-la-place\/","title":{"rendered":"Ne supprimez pas votre compte Twitter (faites-le \u00e0 la place)"},"content":{"rendered":"<div class=\"mt-4 leading-6 md:mb-8\">Supprimer votre compte Twitter n&rsquo;est pas la meilleure solution pour votre s\u00e9curit\u00e9.<\/div>\n<p><\/p>\n<p>Si vous envisagez de supprimer votre Twitter, je ne vous en voudrai pas (je vous demanderais seulement ce qui vous a pris si longtemps). Les choses sont <em>sauvage<\/em> l\u00e0-bas en ce moment, et la stabilit\u00e9 n&rsquo;est certainement pas \u00e0 l&rsquo;horizon. Cependant, avant de choisir l\u2019option nucl\u00e9aire et de dire au revoir \u00e0 Elon Musk et \u00e0 ses semblables, r\u00e9fl\u00e9chissez <em>pas <\/em>supprimer votre compte\u00a0: ne restez pas, faites attention, partez simplement de mani\u00e8re plus s\u00fbre.<\/p>\n<h2 id=\"why-deleting-your-twitter-is-dangerous\">Pourquoi supprimer votre Twitter est dangereux<\/h2>\n<p>Lorsque vous lancez le processus de d\u00e9sactivation de votre compte Twitter, il faut 30 jours avant que votre compte soit d\u00e9finitivement supprim\u00e9, tweets et tout. Cependant, une fois ces 30 jours \u00e9coul\u00e9s, votre nom d\u2019utilisateur est un jeu \u00e9quitable. Apr\u00e8s tout, vous avez supprim\u00e9 votre compte et, par cons\u00e9quent, avez renonc\u00e9 \u00e0 votre droit sur le nom. Il revient d\u00e9sormais au \u00ab peuple \u00bb, ou du moins \u00e0 la premi\u00e8re personne \u00e0 remarquer sa disponibilit\u00e9, o\u00f9 il peut \u00eatre utilis\u00e9 dans un nouveau compte aussi longtemps que cet utilisateur le souhaite.<\/p>\n<p>C&rsquo;est la nature d&rsquo;Internet : abandonnez un nom d&rsquo;utilisateur et quelqu&rsquo;un d&rsquo;autre le r\u00e9cup\u00e9rera. Mais ce n\u2019est pas quelque chose \u00e0 consid\u00e9rer comme probable. Bien s\u00fbr, cela n&rsquo;a pas d&rsquo;importance si personne ne veut reprendre votre compte de nouveaut\u00e9 \u00ab\u00a0MarvelRocksDCSucks2012\u00a0\u00bb, puisque vos jours de bataille pour les films de bandes dessin\u00e9es sur Internet sont derri\u00e8re vous. Mais si votre pseudo Twitter est votre vrai nom, le risque de probl\u00e8mes augmente.<\/p>\n<p>De toute \u00e9vidence, cette question est plus urgente pour ceux qui ont des personnalit\u00e9s publiques. Si vous supprimez votre Twitter et que quelqu&rsquo;un prend votre pseudo, il peut tweeter <em>comme s&rsquo;ils \u00e9taient toi<\/em>. Pire encore, une fois que Twitter Blue reviendra, ils auront la possibilit\u00e9 de se \u00ab v\u00e9rifier \u00bb avec un ch\u00e8que bleu. Pour l\u2019utilisateur moyen de Twitter, les tweets de ce compte semblent provenir de vous, peu importe ce que tweete le nouveau propri\u00e9taire du compte. \u00ab DC is cinema \u00bb pourrait \u00eatre rattach\u00e9 \u00e0 <em>ton<\/em> marque. <\/p>\n<p>Mais vous n\u2019avez pas besoin d\u2019\u00eatre une c\u00e9l\u00e9brit\u00e9 ou une personne de premier plan pour vous inqui\u00e9ter de cette \u00e9ventuelle usurpation d\u2019identit\u00e9. Pour le meilleur ou pour le pire, nos identit\u00e9s sont de nos jours li\u00e9es aux m\u00e9dias sociaux. Lorsque votre nom est recherch\u00e9 en ligne, les gens trouveront ce compte Twitter et tout ce qu&rsquo;ils auraient pu tweeter sous votre \u00ab nom \u00bb. <\/p>\n<p>M\u00eame si cela est d\u00e9j\u00e0 assez grave, cela peut avoir un impact sur des opportunit\u00e9s importantes dans votre vie. Tout le monde, des admissions \u00e0 l&rsquo;universit\u00e9 aux recruteurs, parcourt Internet \u00e0 la recherche de votre empreinte num\u00e9rique afin d&rsquo;\u00e9valuer si vous \u00eates ou non un bon candidat pour le poste pour lequel vous postulez. Ils ne prendront pas le temps de v\u00e9rifier si ce compte Twitter est le v\u00f4tre ou non : ils vont associer ces tweets \u00e0 vous.<\/p>\n<p>M\u00eame si le pire des cas ne se produit pas, vous ne voulez pas que quelqu&rsquo;un puisse utiliser votre image contre vous, surtout lorsque ce nom d&rsquo;utilisateur vous appartenait r\u00e9ellement dans le pass\u00e9. <a rel=\"nofollow noopener\" href=\"https:\/\/twitter.com\/iridienne\/status\/1591139156310523904\" target=\"_blank\" title=\"open in a new window\">Comme soulign\u00e9 dans ce tweet<\/a> par Adrienne Travis, la meilleure solution consiste donc \u00e0 abandonner votre compte sans le supprimer compl\u00e8tement.<\/p>\n<blockquote class=\"twitterEmbed twitter-tweet\"><p>\n<a rel=\"nofollow noopener\" class=\"text-gray-600\" href=\"https:\/\/twitter.com\/iridienne\/status\/1591139156310523904\" title=\"open in a new window\" target=\"_blank\"><\/p>\n<p>Ce Tweet est actuellement indisponible. Il est peut-\u00eatre en cours de chargement ou a \u00e9t\u00e9 supprim\u00e9.<br \/>\n<\/a>\n<\/p><\/blockquote>\n<h2 id=\"how-to-safely-leave-twitter\">Comment quitter Twitter en toute s\u00e9curit\u00e9<\/h2>\n<p>La premi\u00e8re \u00e9tape consiste \u00e0 supprimer tous vos tweets. De toute fa\u00e7on, cela se produirait automatiquement 30 jours apr\u00e8s avoir cliqu\u00e9 sur le bouton \u00ab\u00a0d\u00e9sactiver\u00a0\u00bb officiel de Twitter, ce n&rsquo;est donc pas diff\u00e9rent de le faire vous-m\u00eame. Toi <em>pourrait<\/em> parcourez et supprimez vos tweets un par un, mais selon la dur\u00e9e de votre compte et votre niveau d&rsquo;activit\u00e9, cela peut prendre beaucoup trop de temps. Au lieu de cela, utilisez un service de suppression de tweets comme Tweet Deleter, bien nomm\u00e9. Vous pouvez vous connecter avec vos identifiants Twitter et le service effacera votre compte. Il supprime m\u00eame les likes\u00a0!<\/p>\n<p>Tweet Deleter enregistrera vos tweets supprim\u00e9s dans son application, mais vous pouvez \u00e9galement t\u00e9l\u00e9charger une archive de votre compte via Twitter lui-m\u00eame si vous le souhaitez.<\/p>\n<p>Une fois vos tweets (et likes) trait\u00e9s, il est temps de fermer boutique. Commencez par vous diriger vers <strong>Param\u00e8tres et confidentialit\u00e9 > Confidentialit\u00e9 et s\u00e9curit\u00e9 > Audience et marquage<\/strong>puis choisissez<strong> \u00ab\u00a0<\/strong>Prot\u00e9gez vos tweets. Si des informations publiques sont attach\u00e9es \u00e0 votre compte, telles que des likes, la privatisation du compte emp\u00eachera les non-abonn\u00e9s de les voir. <\/p>\n<p>Ensuite, acc\u00e9dez \u00e0 votre profil, puis \u00ab\u00a0Modifier le profil\u00a0\u00bb pour supprimer toutes les informations personnelles de votre biographie et remplacez votre photo de profil par, eh bien, n&rsquo;importe quoi d&rsquo;autre. Enfin, remplacez votre mot de passe par quelque chose d&rsquo;impossible \u00e0 deviner. C&rsquo;est la version num\u00e9rique du verrouillage de votre porte et du rejet de la cl\u00e9.<\/p>\n<p><\/p>\n<p><script async src=\"https:\/\/platform.twitter.com\/widgets.js\" charset=\"utf-8\"><\/script><\/p>\n","protected":false},"excerpt":{"rendered":"<p>Supprimer votre compte Twitter n&rsquo;est pas la meilleure solution pour votre s\u00e9curit\u00e9. Si vous envisagez de supprimer votre Twitter, je ne vous en voudrai pas<\/p>\n","protected":false},"author":1,"featured_media":1580,"comment_status":"","ping_status":"","sticky":false,"template":"","format":"standard","meta":{"footnotes":""},"categories":[13],"tags":[962,2181,126,204,1509,2180,8],"class_list":["post-1579","post","type-post","status-publish","format-standard","has-post-thumbnail","hentry","category-technologie","tag-compte","tag-faitesle","tag-pas","tag-place","tag-supprimez","tag-twitter","tag-votre","generate-columns","tablet-grid-50","mobile-grid-100","grid-parent","grid-33"],"yoast_head":"<!-- This site is optimized with the Yoast SEO plugin v24.0 - https:\/\/yoast.com\/wordpress\/plugins\/seo\/ -->\n<title>Ne supprimez pas votre compte Twitter (faites-le \u00e0 la place) | Vie Associative<\/title>\n<meta name=\"robots\" content=\"index, follow, max-snippet:-1, max-image-preview:large, max-video-preview:-1\" \/>\n<link rel=\"canonical\" href=\"https:\/\/vieassociative.be\/actualites\/ne-supprimez-pas-votre-compte-twitter-faites-le-a-la-place\/\" \/>\n<meta property=\"og:locale\" content=\"fr_FR\" \/>\n<meta property=\"og:type\" content=\"article\" \/>\n<meta property=\"og:title\" content=\"Ne supprimez pas votre compte Twitter (faites-le \u00e0 la place) | Vie Associative\" \/>\n<meta property=\"og:description\" content=\"Supprimer votre compte Twitter n&rsquo;est pas la meilleure solution pour votre s\u00e9curit\u00e9. Si vous envisagez de supprimer votre Twitter, je ne vous en voudrai pas\" \/>\n<meta property=\"og:url\" content=\"https:\/\/vieassociative.be\/actualites\/ne-supprimez-pas-votre-compte-twitter-faites-le-a-la-place\/\" \/>\n<meta property=\"og:site_name\" content=\"Vie Associative\" \/>\n<meta property=\"article:published_time\" content=\"2024-10-24T06:17:04+00:00\" \/>\n<meta property=\"og:image\" content=\"https:\/\/vieassociative.be\/actualites\/wp-content\/uploads\/2024\/09\/header_backgroundk-01-e1726694325946.png\" \/>\n\t<meta property=\"og:image:width\" content=\"279\" \/>\n\t<meta property=\"og:image:height\" content=\"92\" \/>\n\t<meta property=\"og:image:type\" content=\"image\/png\" \/>\n<meta name=\"author\" content=\"Julien\" \/>\n<meta name=\"twitter:card\" content=\"summary_large_image\" \/>\n<meta name=\"twitter:label1\" content=\"\u00c9crit par\" \/>\n\t<meta name=\"twitter:data1\" content=\"Julien\" \/>\n\t<meta name=\"twitter:label2\" content=\"Dur\u00e9e de lecture est.\" \/>\n\t<meta name=\"twitter:data2\" content=\"4 minutes\" \/>\n<script type=\"application\/ld+json\" class=\"yoast-schema-graph\">{\"@context\":\"https:\/\/schema.org\",\"@graph\":[{\"@type\":\"Article\",\"@id\":\"https:\/\/vieassociative.be\/actualites\/ne-supprimez-pas-votre-compte-twitter-faites-le-a-la-place\/#article\",\"isPartOf\":{\"@id\":\"https:\/\/vieassociative.be\/actualites\/ne-supprimez-pas-votre-compte-twitter-faites-le-a-la-place\/\"},\"author\":{\"name\":\"Julien\",\"@id\":\"https:\/\/vieassociative.be\/actualites\/#\/schema\/person\/b87ac4f82f9d4e7b7cec7395b679edc4\"},\"headline\":\"Ne supprimez pas votre compte Twitter (faites-le \u00e0 la place)\",\"datePublished\":\"2024-10-24T06:17:04+00:00\",\"dateModified\":\"2024-10-24T06:17:04+00:00\",\"mainEntityOfPage\":{\"@id\":\"https:\/\/vieassociative.be\/actualites\/ne-supprimez-pas-votre-compte-twitter-faites-le-a-la-place\/\"},\"wordCount\":871,\"publisher\":{\"@id\":\"https:\/\/vieassociative.be\/actualites\/#organization\"},\"image\":{\"@id\":\"https:\/\/vieassociative.be\/actualites\/ne-supprimez-pas-votre-compte-twitter-faites-le-a-la-place\/#primaryimage\"},\"thumbnailUrl\":\"https:\/\/vieassociative.be\/actualites\/wp-content\/uploads\/2024\/10\/Ne-supprimez-pas-votre-compte-Twitter-faites-le-a-la-place.jpg\",\"keywords\":[\"compte\",\"faitesle\",\"pas\",\"place\",\"supprimez\",\"Twitter\",\"votre\"],\"articleSection\":[\"Technologie\"],\"inLanguage\":\"fr-BE\"},{\"@type\":\"WebPage\",\"@id\":\"https:\/\/vieassociative.be\/actualites\/ne-supprimez-pas-votre-compte-twitter-faites-le-a-la-place\/\",\"url\":\"https:\/\/vieassociative.be\/actualites\/ne-supprimez-pas-votre-compte-twitter-faites-le-a-la-place\/\",\"name\":\"Ne supprimez pas votre compte Twitter (faites-le \u00e0 la place) | Vie Associative\",\"isPartOf\":{\"@id\":\"https:\/\/vieassociative.be\/actualites\/#website\"},\"primaryImageOfPage\":{\"@id\":\"https:\/\/vieassociative.be\/actualites\/ne-supprimez-pas-votre-compte-twitter-faites-le-a-la-place\/#primaryimage\"},\"image\":{\"@id\":\"https:\/\/vieassociative.be\/actualites\/ne-supprimez-pas-votre-compte-twitter-faites-le-a-la-place\/#primaryimage\"},\"thumbnailUrl\":\"https:\/\/vieassociative.be\/actualites\/wp-content\/uploads\/2024\/10\/Ne-supprimez-pas-votre-compte-Twitter-faites-le-a-la-place.jpg\",\"datePublished\":\"2024-10-24T06:17:04+00:00\",\"dateModified\":\"2024-10-24T06:17:04+00:00\",\"breadcrumb\":{\"@id\":\"https:\/\/vieassociative.be\/actualites\/ne-supprimez-pas-votre-compte-twitter-faites-le-a-la-place\/#breadcrumb\"},\"inLanguage\":\"fr-BE\",\"potentialAction\":[{\"@type\":\"ReadAction\",\"target\":[\"https:\/\/vieassociative.be\/actualites\/ne-supprimez-pas-votre-compte-twitter-faites-le-a-la-place\/\"]}]},{\"@type\":\"ImageObject\",\"inLanguage\":\"fr-BE\",\"@id\":\"https:\/\/vieassociative.be\/actualites\/ne-supprimez-pas-votre-compte-twitter-faites-le-a-la-place\/#primaryimage\",\"url\":\"https:\/\/vieassociative.be\/actualites\/wp-content\/uploads\/2024\/10\/Ne-supprimez-pas-votre-compte-Twitter-faites-le-a-la-place.jpg\",\"contentUrl\":\"https:\/\/vieassociative.be\/actualites\/wp-content\/uploads\/2024\/10\/Ne-supprimez-pas-votre-compte-Twitter-faites-le-a-la-place.jpg\",\"width\":1200,\"height\":675,\"caption\":\"Ne supprimez pas votre compte Twitter (faites-le \u00e0 la place)\"},{\"@type\":\"BreadcrumbList\",\"@id\":\"https:\/\/vieassociative.be\/actualites\/ne-supprimez-pas-votre-compte-twitter-faites-le-a-la-place\/#breadcrumb\",\"itemListElement\":[{\"@type\":\"ListItem\",\"position\":1,\"name\":\"Accueil\",\"item\":\"https:\/\/vieassociative.be\/actualites\/\"},{\"@type\":\"ListItem\",\"position\":2,\"name\":\"Ne supprimez pas votre compte Twitter (faites-le \u00e0 la place)\"}]},{\"@type\":\"WebSite\",\"@id\":\"https:\/\/vieassociative.be\/actualites\/#website\",\"url\":\"https:\/\/vieassociative.be\/actualites\/\",\"name\":\"Vie Associative\",\"description\":\"\",\"publisher\":{\"@id\":\"https:\/\/vieassociative.be\/actualites\/#organization\"},\"potentialAction\":[{\"@type\":\"SearchAction\",\"target\":{\"@type\":\"EntryPoint\",\"urlTemplate\":\"https:\/\/vieassociative.be\/actualites\/?s={search_term_string}\"},\"query-input\":{\"@type\":\"PropertyValueSpecification\",\"valueRequired\":true,\"valueName\":\"search_term_string\"}}],\"inLanguage\":\"fr-BE\"},{\"@type\":\"Organization\",\"@id\":\"https:\/\/vieassociative.be\/actualites\/#organization\",\"name\":\"Vie Associative\",\"url\":\"https:\/\/vieassociative.be\/actualites\/\",\"logo\":{\"@type\":\"ImageObject\",\"inLanguage\":\"fr-BE\",\"@id\":\"https:\/\/vieassociative.be\/actualites\/#\/schema\/logo\/image\/\",\"url\":\"https:\/\/vieassociative.be\/actualites\/wp-content\/uploads\/2024\/09\/cropped-vieassociative_favicon.ico.png\",\"contentUrl\":\"https:\/\/vieassociative.be\/actualites\/wp-content\/uploads\/2024\/09\/cropped-vieassociative_favicon.ico.png\",\"width\":512,\"height\":512,\"caption\":\"Vie Associative\"},\"image\":{\"@id\":\"https:\/\/vieassociative.be\/actualites\/#\/schema\/logo\/image\/\"}},{\"@type\":\"Person\",\"@id\":\"https:\/\/vieassociative.be\/actualites\/#\/schema\/person\/b87ac4f82f9d4e7b7cec7395b679edc4\",\"name\":\"Julien\",\"image\":{\"@type\":\"ImageObject\",\"inLanguage\":\"fr-BE\",\"@id\":\"https:\/\/vieassociative.be\/actualites\/#\/schema\/person\/image\/\",\"url\":\"https:\/\/vieassociative.be\/actualites\/wp-content\/uploads\/2024\/09\/vie-associative-1-150x150.jpg\",\"contentUrl\":\"https:\/\/vieassociative.be\/actualites\/wp-content\/uploads\/2024\/09\/vie-associative-1-150x150.jpg\",\"caption\":\"Julien\"},\"description\":\"Je suis Julien, r\u00e9dacteur pour Vie Associative. Passionn\u00e9 par le monde associatif depuis plus de 10 ans, j'ai \u00e0 c\u0153ur de partager des histoires inspirantes et de mettre en lumi\u00e8re les initiatives locales. Mon objectif est de sensibiliser et d'encourager l'engagement communautaire \u00e0 travers mes articles.\",\"sameAs\":[\"https:\/\/vieassociative.be\/\"]}]}<\/script>\n<!-- \/ Yoast SEO plugin. -->","yoast_head_json":{"title":"Ne supprimez pas votre compte Twitter (faites-le \u00e0 la place) | Vie Associative","robots":{"index":"index","follow":"follow","max-snippet":"max-snippet:-1","max-image-preview":"max-image-preview:large","max-video-preview":"max-video-preview:-1"},"canonical":"https:\/\/vieassociative.be\/actualites\/ne-supprimez-pas-votre-compte-twitter-faites-le-a-la-place\/","og_locale":"fr_FR","og_type":"article","og_title":"Ne supprimez pas votre compte Twitter (faites-le \u00e0 la place) | Vie Associative","og_description":"Supprimer votre compte Twitter n&rsquo;est pas la meilleure solution pour votre s\u00e9curit\u00e9. Si vous envisagez de supprimer votre Twitter, je ne vous en voudrai pas","og_url":"https:\/\/vieassociative.be\/actualites\/ne-supprimez-pas-votre-compte-twitter-faites-le-a-la-place\/","og_site_name":"Vie Associative","article_published_time":"2024-10-24T06:17:04+00:00","og_image":[{"width":279,"height":92,"url":"https:\/\/vieassociative.be\/actualites\/wp-content\/uploads\/2024\/09\/header_backgroundk-01-e1726694325946.png","type":"image\/png"}],"author":"Julien","twitter_card":"summary_large_image","twitter_misc":{"\u00c9crit par":"Julien","Dur\u00e9e de lecture est.":"4 minutes"},"schema":{"@context":"https:\/\/schema.org","@graph":[{"@type":"Article","@id":"https:\/\/vieassociative.be\/actualites\/ne-supprimez-pas-votre-compte-twitter-faites-le-a-la-place\/#article","isPartOf":{"@id":"https:\/\/vieassociative.be\/actualites\/ne-supprimez-pas-votre-compte-twitter-faites-le-a-la-place\/"},"author":{"name":"Julien","@id":"https:\/\/vieassociative.be\/actualites\/#\/schema\/person\/b87ac4f82f9d4e7b7cec7395b679edc4"},"headline":"Ne supprimez pas votre compte Twitter (faites-le \u00e0 la place)","datePublished":"2024-10-24T06:17:04+00:00","dateModified":"2024-10-24T06:17:04+00:00","mainEntityOfPage":{"@id":"https:\/\/vieassociative.be\/actualites\/ne-supprimez-pas-votre-compte-twitter-faites-le-a-la-place\/"},"wordCount":871,"publisher":{"@id":"https:\/\/vieassociative.be\/actualites\/#organization"},"image":{"@id":"https:\/\/vieassociative.be\/actualites\/ne-supprimez-pas-votre-compte-twitter-faites-le-a-la-place\/#primaryimage"},"thumbnailUrl":"https:\/\/vieassociative.be\/actualites\/wp-content\/uploads\/2024\/10\/Ne-supprimez-pas-votre-compte-Twitter-faites-le-a-la-place.jpg","keywords":["compte","faitesle","pas","place","supprimez","Twitter","votre"],"articleSection":["Technologie"],"inLanguage":"fr-BE"},{"@type":"WebPage","@id":"https:\/\/vieassociative.be\/actualites\/ne-supprimez-pas-votre-compte-twitter-faites-le-a-la-place\/","url":"https:\/\/vieassociative.be\/actualites\/ne-supprimez-pas-votre-compte-twitter-faites-le-a-la-place\/","name":"Ne supprimez pas votre compte Twitter (faites-le \u00e0 la place) | Vie Associative","isPartOf":{"@id":"https:\/\/vieassociative.be\/actualites\/#website"},"primaryImageOfPage":{"@id":"https:\/\/vieassociative.be\/actualites\/ne-supprimez-pas-votre-compte-twitter-faites-le-a-la-place\/#primaryimage"},"image":{"@id":"https:\/\/vieassociative.be\/actualites\/ne-supprimez-pas-votre-compte-twitter-faites-le-a-la-place\/#primaryimage"},"thumbnailUrl":"https:\/\/vieassociative.be\/actualites\/wp-content\/uploads\/2024\/10\/Ne-supprimez-pas-votre-compte-Twitter-faites-le-a-la-place.jpg","datePublished":"2024-10-24T06:17:04+00:00","dateModified":"2024-10-24T06:17:04+00:00","breadcrumb":{"@id":"https:\/\/vieassociative.be\/actualites\/ne-supprimez-pas-votre-compte-twitter-faites-le-a-la-place\/#breadcrumb"},"inLanguage":"fr-BE","potentialAction":[{"@type":"ReadAction","target":["https:\/\/vieassociative.be\/actualites\/ne-supprimez-pas-votre-compte-twitter-faites-le-a-la-place\/"]}]},{"@type":"ImageObject","inLanguage":"fr-BE","@id":"https:\/\/vieassociative.be\/actualites\/ne-supprimez-pas-votre-compte-twitter-faites-le-a-la-place\/#primaryimage","url":"https:\/\/vieassociative.be\/actualites\/wp-content\/uploads\/2024\/10\/Ne-supprimez-pas-votre-compte-Twitter-faites-le-a-la-place.jpg","contentUrl":"https:\/\/vieassociative.be\/actualites\/wp-content\/uploads\/2024\/10\/Ne-supprimez-pas-votre-compte-Twitter-faites-le-a-la-place.jpg","width":1200,"height":675,"caption":"Ne supprimez pas votre compte Twitter (faites-le \u00e0 la place)"},{"@type":"BreadcrumbList","@id":"https:\/\/vieassociative.be\/actualites\/ne-supprimez-pas-votre-compte-twitter-faites-le-a-la-place\/#breadcrumb","itemListElement":[{"@type":"ListItem","position":1,"name":"Accueil","item":"https:\/\/vieassociative.be\/actualites\/"},{"@type":"ListItem","position":2,"name":"Ne supprimez pas votre compte Twitter (faites-le \u00e0 la place)"}]},{"@type":"WebSite","@id":"https:\/\/vieassociative.be\/actualites\/#website","url":"https:\/\/vieassociative.be\/actualites\/","name":"Vie Associative","description":"","publisher":{"@id":"https:\/\/vieassociative.be\/actualites\/#organization"},"potentialAction":[{"@type":"SearchAction","target":{"@type":"EntryPoint","urlTemplate":"https:\/\/vieassociative.be\/actualites\/?s={search_term_string}"},"query-input":{"@type":"PropertyValueSpecification","valueRequired":true,"valueName":"search_term_string"}}],"inLanguage":"fr-BE"},{"@type":"Organization","@id":"https:\/\/vieassociative.be\/actualites\/#organization","name":"Vie Associative","url":"https:\/\/vieassociative.be\/actualites\/","logo":{"@type":"ImageObject","inLanguage":"fr-BE","@id":"https:\/\/vieassociative.be\/actualites\/#\/schema\/logo\/image\/","url":"https:\/\/vieassociative.be\/actualites\/wp-content\/uploads\/2024\/09\/cropped-vieassociative_favicon.ico.png","contentUrl":"https:\/\/vieassociative.be\/actualites\/wp-content\/uploads\/2024\/09\/cropped-vieassociative_favicon.ico.png","width":512,"height":512,"caption":"Vie Associative"},"image":{"@id":"https:\/\/vieassociative.be\/actualites\/#\/schema\/logo\/image\/"}},{"@type":"Person","@id":"https:\/\/vieassociative.be\/actualites\/#\/schema\/person\/b87ac4f82f9d4e7b7cec7395b679edc4","name":"Julien","image":{"@type":"ImageObject","inLanguage":"fr-BE","@id":"https:\/\/vieassociative.be\/actualites\/#\/schema\/person\/image\/","url":"https:\/\/vieassociative.be\/actualites\/wp-content\/uploads\/2024\/09\/vie-associative-1-150x150.jpg","contentUrl":"https:\/\/vieassociative.be\/actualites\/wp-content\/uploads\/2024\/09\/vie-associative-1-150x150.jpg","caption":"Julien"},"description":"Je suis Julien, r\u00e9dacteur pour Vie Associative. Passionn\u00e9 par le monde associatif depuis plus de 10 ans, j'ai \u00e0 c\u0153ur de partager des histoires inspirantes et de mettre en lumi\u00e8re les initiatives locales. Mon objectif est de sensibiliser et d'encourager l'engagement communautaire \u00e0 travers mes articles.","sameAs":["https:\/\/vieassociative.be\/"]}]}},"_links":{"self":[{"href":"https:\/\/vieassociative.be\/actualites\/wp-json\/wp\/v2\/posts\/1579"}],"collection":[{"href":"https:\/\/vieassociative.be\/actualites\/wp-json\/wp\/v2\/posts"}],"about":[{"href":"https:\/\/vieassociative.be\/actualites\/wp-json\/wp\/v2\/types\/post"}],"author":[{"embeddable":true,"href":"https:\/\/vieassociative.be\/actualites\/wp-json\/wp\/v2\/users\/1"}],"replies":[{"embeddable":true,"href":"https:\/\/vieassociative.be\/actualites\/wp-json\/wp\/v2\/comments?post=1579"}],"version-history":[{"count":0,"href":"https:\/\/vieassociative.be\/actualites\/wp-json\/wp\/v2\/posts\/1579\/revisions"}],"wp:featuredmedia":[{"embeddable":true,"href":"https:\/\/vieassociative.be\/actualites\/wp-json\/wp\/v2\/media\/1580"}],"wp:attachment":[{"href":"https:\/\/vieassociative.be\/actualites\/wp-json\/wp\/v2\/media?parent=1579"}],"wp:term":[{"taxonomy":"category","embeddable":true,"href":"https:\/\/vieassociative.be\/actualites\/wp-json\/wp\/v2\/categories?post=1579"},{"taxonomy":"post_tag","embeddable":true,"href":"https:\/\/vieassociative.be\/actualites\/wp-json\/wp\/v2\/tags?post=1579"}],"curies":[{"name":"wp","href":"https:\/\/api.w.org\/{rel}","templated":true}]}}