{"id":1577,"date":"2024-10-24T06:30:08","date_gmt":"2024-10-24T04:30:08","guid":{"rendered":"https:\/\/vieassociative.be\/actualites\/cette-application-mac-affichera-les-fuseaux-horaires-de-vos-collegues-dans-la-barre-de-menus\/"},"modified":"2024-10-24T06:30:08","modified_gmt":"2024-10-24T04:30:08","slug":"cette-application-mac-affichera-les-fuseaux-horaires-de-vos-collegues-dans-la-barre-de-menus","status":"publish","type":"post","link":"https:\/\/vieassociative.be\/actualites\/cette-application-mac-affichera-les-fuseaux-horaires-de-vos-collegues-dans-la-barre-de-menus\/","title":{"rendered":"Cette application Mac affichera les fuseaux horaires de vos coll\u00e8gues dans la barre de menus"},"content":{"rendered":"<div class=\"mt-4 leading-6 md:mb-8\">Cette application gratuite indique l&rsquo;heure qu&rsquo;il est aux gens, et non l&rsquo;endroit o\u00f9 ils vivent.<\/div>\n<p><\/p>\n<p>Les fuseaux horaires sont le fl\u00e9au de l&rsquo;existence du travailleur \u00e0 distance, surtout si votre \u00e9quipe est internationale. Vous pouvez essayer de savoir qui vit o\u00f9 et quelle heure il est et \u00e0 quel endroit, mais mon cerveau n&rsquo;est pas programm\u00e9 pour cela et je sais que je ne suis pas seul.<\/p>\n<p>Il existe une application gratuite et open source (il y a le nom de l&rsquo;application, je ne vous dis pas seulement qu&rsquo;une application existe) du d\u00e9veloppeur Dena Sohrabi qui permet de savoir facilement l&rsquo;heure qu&rsquo;il est l\u00e0 o\u00f9 vivent vos collaborateurs. Vous pouvez ajouter des fuseaux horaires, puis ajouter une image et un nom personnalis\u00e9s. Cela permet aux membres de votre \u00e9quipe de voir tr\u00e8s facilement l\u2019heure qu\u2019il est. Il existe de nombreuses applications pour suivre les fuseaux horaires, oui, mais elles se distinguent par l&rsquo;accent mis sur les personnes plut\u00f4t que sur les lieux.<\/p>\n<p>Pour commencer, lancez simplement l&rsquo;application, cliquez sur l&rsquo;ic\u00f4ne de la barre de menu, puis cliquez sur l&rsquo;ic\u00f4ne <strong>Ajouter<\/strong> bouton. De l\u00e0, vous pouvez ajouter un nom, un emplacement et \u00e9ventuellement une image. Vous pouvez ajouter manuellement une image, si vous le souhaitez, ou vous pouvez simplement saisir un nom d&rsquo;utilisateur X\/Twitter ou Telegram et l&rsquo;image se remplira automatiquement.<\/p>\n<div class=\"eloquent-imagery-image\">\n<div class=\"flex justify-center\">\n<img decoding=\"async\" class=\"border border-gray-100\" src=\"https:\/\/vieassociative.be\/actualites\/wp-content\/uploads\/2024\/10\/Cette-application-Mac-affichera-les-fuseaux-horaires-de-vos-collegues.png\" alt=\"Ajouter une nouvelle personne \u00e0 la liste des fuseaux horaires\" width=\"2000\" height=\"1099\" loading=\"lazy\"  >\n<\/div>\n<\/div>\n<p>R\u00e9p\u00e9tez ce processus pour toutes les personnes avec lesquelles vous travaillez r\u00e9guli\u00e8rement et vous aurez une r\u00e9f\u00e9rence pratique de l&rsquo;heure qu&rsquo;il est partout o\u00f9 votre \u00e9quipe travaille. Des \u00e9l\u00e9ments tels que l&rsquo;heure d&rsquo;\u00e9t\u00e9 seront pris en compte, ce qui est particuli\u00e8rement utile si vous travaillez avec des personnes dans des endroits o\u00f9 l&rsquo;heure d&rsquo;\u00e9t\u00e9 n&rsquo;est pas appliqu\u00e9e ou si vous vivez dans un h\u00e9misph\u00e8re qui change dans la direction oppos\u00e9e \u00e0 la v\u00f4tre (comme je l&rsquo;ai dit\u00a0: les fuseaux horaires pr\u00eatent \u00e0 confusion). ).<\/p>\n<p>Il n&rsquo;offre pas beaucoup de param\u00e8tres. Vous pouvez d\u00e9cider si les personnes sont affich\u00e9es par ordre croissant ou d\u00e9croissant ; vous pouvez \u00e9galement configurer l&rsquo;application pour qu&rsquo;elle s&rsquo;ouvre au d\u00e9marrage de votre Mac. Il n\u2019y a pas grand-chose d\u2019autre propos\u00e9, et ce n\u2019est pas n\u00e9cessaire. La seule chose que j&rsquo;ajouterais, personnellement, est un widget de bureau, que le d\u00e9veloppeur note qu&rsquo;elle pourrait ajouter plus tard.<\/p>\n","protected":false},"excerpt":{"rendered":"<p>Cette application gratuite indique l&rsquo;heure qu&rsquo;il est aux gens, et non l&rsquo;endroit o\u00f9 ils vivent. Les fuseaux horaires sont le fl\u00e9au de l&rsquo;existence du travailleur<\/p>\n","protected":false},"author":1,"featured_media":1578,"comment_status":"","ping_status":"","sticky":false,"template":"","format":"standard","meta":{"footnotes":""},"categories":[13],"tags":[2175,1277,2178,206,2177,166,2176,619,14,1112,2179,27],"class_list":["post-1577","post","type-post","status-publish","format-standard","has-post-thumbnail","hentry","category-technologie","tag-affichera","tag-application","tag-barre","tag-cette","tag-collegues","tag-dans","tag-fuseaux","tag-horaires","tag-les","tag-mac","tag-menus","tag-vos","generate-columns","tablet-grid-50","mobile-grid-100","grid-parent","grid-33"],"yoast_head":"<!-- This site is optimized with the Yoast SEO plugin v24.0 - https:\/\/yoast.com\/wordpress\/plugins\/seo\/ -->\n<title>Cette application Mac affichera les fuseaux horaires de vos coll\u00e8gues dans la barre de menus | Vie Associative<\/title>\n<meta name=\"robots\" content=\"index, follow, max-snippet:-1, max-image-preview:large, max-video-preview:-1\" \/>\n<link rel=\"canonical\" href=\"https:\/\/vieassociative.be\/actualites\/cette-application-mac-affichera-les-fuseaux-horaires-de-vos-collegues-dans-la-barre-de-menus\/\" \/>\n<meta property=\"og:locale\" content=\"fr_FR\" \/>\n<meta property=\"og:type\" content=\"article\" \/>\n<meta property=\"og:title\" content=\"Cette application Mac affichera les fuseaux horaires de vos coll\u00e8gues dans la barre de menus | Vie Associative\" \/>\n<meta property=\"og:description\" content=\"Cette application gratuite indique l&rsquo;heure qu&rsquo;il est aux gens, et non l&rsquo;endroit o\u00f9 ils vivent. Les fuseaux horaires sont le fl\u00e9au de l&rsquo;existence du travailleur\" \/>\n<meta property=\"og:url\" content=\"https:\/\/vieassociative.be\/actualites\/cette-application-mac-affichera-les-fuseaux-horaires-de-vos-collegues-dans-la-barre-de-menus\/\" \/>\n<meta property=\"og:site_name\" content=\"Vie Associative\" \/>\n<meta property=\"article:published_time\" content=\"2024-10-24T04:30:08+00:00\" \/>\n<meta property=\"og:image\" content=\"https:\/\/vieassociative.be\/actualites\/wp-content\/uploads\/2024\/10\/Cette-application-Mac-affichera-les-fuseaux-horaires-de-vos-collegues.png\" \/>\n<meta name=\"author\" content=\"Julien\" \/>\n<meta name=\"twitter:card\" content=\"summary_large_image\" \/>\n<meta name=\"twitter:label1\" content=\"\u00c9crit par\" \/>\n\t<meta name=\"twitter:data1\" content=\"Julien\" \/>\n\t<meta name=\"twitter:label2\" content=\"Dur\u00e9e de lecture est.\" \/>\n\t<meta name=\"twitter:data2\" content=\"2 minutes\" \/>\n<script type=\"application\/ld+json\" class=\"yoast-schema-graph\">{\"@context\":\"https:\/\/schema.org\",\"@graph\":[{\"@type\":\"Article\",\"@id\":\"https:\/\/vieassociative.be\/actualites\/cette-application-mac-affichera-les-fuseaux-horaires-de-vos-collegues-dans-la-barre-de-menus\/#article\",\"isPartOf\":{\"@id\":\"https:\/\/vieassociative.be\/actualites\/cette-application-mac-affichera-les-fuseaux-horaires-de-vos-collegues-dans-la-barre-de-menus\/\"},\"author\":{\"name\":\"Julien\",\"@id\":\"https:\/\/vieassociative.be\/actualites\/#\/schema\/person\/b87ac4f82f9d4e7b7cec7395b679edc4\"},\"headline\":\"Cette application Mac affichera les fuseaux horaires de vos coll\u00e8gues dans la barre de menus\",\"datePublished\":\"2024-10-24T04:30:08+00:00\",\"dateModified\":\"2024-10-24T04:30:08+00:00\",\"mainEntityOfPage\":{\"@id\":\"https:\/\/vieassociative.be\/actualites\/cette-application-mac-affichera-les-fuseaux-horaires-de-vos-collegues-dans-la-barre-de-menus\/\"},\"wordCount\":442,\"publisher\":{\"@id\":\"https:\/\/vieassociative.be\/actualites\/#organization\"},\"image\":{\"@id\":\"https:\/\/vieassociative.be\/actualites\/cette-application-mac-affichera-les-fuseaux-horaires-de-vos-collegues-dans-la-barre-de-menus\/#primaryimage\"},\"thumbnailUrl\":\"https:\/\/vieassociative.be\/actualites\/wp-content\/uploads\/2024\/10\/1729744208_Cette-application-Mac-affichera-les-fuseaux-horaires-de-vos-collegues.png\",\"keywords\":[\"affichera\",\"application\",\"barre\",\"cette\",\"coll\u00e8gues\",\"dans\",\"fuseaux\",\"Horaires\",\"Les\",\"Mac\",\"menus\",\"vos\"],\"articleSection\":[\"Technologie\"],\"inLanguage\":\"fr-BE\"},{\"@type\":\"WebPage\",\"@id\":\"https:\/\/vieassociative.be\/actualites\/cette-application-mac-affichera-les-fuseaux-horaires-de-vos-collegues-dans-la-barre-de-menus\/\",\"url\":\"https:\/\/vieassociative.be\/actualites\/cette-application-mac-affichera-les-fuseaux-horaires-de-vos-collegues-dans-la-barre-de-menus\/\",\"name\":\"Cette application Mac affichera les fuseaux horaires de vos coll\u00e8gues dans la barre de menus | Vie Associative\",\"isPartOf\":{\"@id\":\"https:\/\/vieassociative.be\/actualites\/#website\"},\"primaryImageOfPage\":{\"@id\":\"https:\/\/vieassociative.be\/actualites\/cette-application-mac-affichera-les-fuseaux-horaires-de-vos-collegues-dans-la-barre-de-menus\/#primaryimage\"},\"image\":{\"@id\":\"https:\/\/vieassociative.be\/actualites\/cette-application-mac-affichera-les-fuseaux-horaires-de-vos-collegues-dans-la-barre-de-menus\/#primaryimage\"},\"thumbnailUrl\":\"https:\/\/vieassociative.be\/actualites\/wp-content\/uploads\/2024\/10\/1729744208_Cette-application-Mac-affichera-les-fuseaux-horaires-de-vos-collegues.png\",\"datePublished\":\"2024-10-24T04:30:08+00:00\",\"dateModified\":\"2024-10-24T04:30:08+00:00\",\"breadcrumb\":{\"@id\":\"https:\/\/vieassociative.be\/actualites\/cette-application-mac-affichera-les-fuseaux-horaires-de-vos-collegues-dans-la-barre-de-menus\/#breadcrumb\"},\"inLanguage\":\"fr-BE\",\"potentialAction\":[{\"@type\":\"ReadAction\",\"target\":[\"https:\/\/vieassociative.be\/actualites\/cette-application-mac-affichera-les-fuseaux-horaires-de-vos-collegues-dans-la-barre-de-menus\/\"]}]},{\"@type\":\"ImageObject\",\"inLanguage\":\"fr-BE\",\"@id\":\"https:\/\/vieassociative.be\/actualites\/cette-application-mac-affichera-les-fuseaux-horaires-de-vos-collegues-dans-la-barre-de-menus\/#primaryimage\",\"url\":\"https:\/\/vieassociative.be\/actualites\/wp-content\/uploads\/2024\/10\/1729744208_Cette-application-Mac-affichera-les-fuseaux-horaires-de-vos-collegues.png\",\"contentUrl\":\"https:\/\/vieassociative.be\/actualites\/wp-content\/uploads\/2024\/10\/1729744208_Cette-application-Mac-affichera-les-fuseaux-horaires-de-vos-collegues.png\",\"width\":1200,\"height\":675,\"caption\":\"Cette application Mac affichera les fuseaux horaires de vos coll\u00e8gues dans la barre de menus\"},{\"@type\":\"BreadcrumbList\",\"@id\":\"https:\/\/vieassociative.be\/actualites\/cette-application-mac-affichera-les-fuseaux-horaires-de-vos-collegues-dans-la-barre-de-menus\/#breadcrumb\",\"itemListElement\":[{\"@type\":\"ListItem\",\"position\":1,\"name\":\"Accueil\",\"item\":\"https:\/\/vieassociative.be\/actualites\/\"},{\"@type\":\"ListItem\",\"position\":2,\"name\":\"Cette application Mac affichera les fuseaux horaires de vos coll\u00e8gues dans la barre de menus\"}]},{\"@type\":\"WebSite\",\"@id\":\"https:\/\/vieassociative.be\/actualites\/#website\",\"url\":\"https:\/\/vieassociative.be\/actualites\/\",\"name\":\"Vie Associative\",\"description\":\"\",\"publisher\":{\"@id\":\"https:\/\/vieassociative.be\/actualites\/#organization\"},\"potentialAction\":[{\"@type\":\"SearchAction\",\"target\":{\"@type\":\"EntryPoint\",\"urlTemplate\":\"https:\/\/vieassociative.be\/actualites\/?s={search_term_string}\"},\"query-input\":{\"@type\":\"PropertyValueSpecification\",\"valueRequired\":true,\"valueName\":\"search_term_string\"}}],\"inLanguage\":\"fr-BE\"},{\"@type\":\"Organization\",\"@id\":\"https:\/\/vieassociative.be\/actualites\/#organization\",\"name\":\"Vie Associative\",\"url\":\"https:\/\/vieassociative.be\/actualites\/\",\"logo\":{\"@type\":\"ImageObject\",\"inLanguage\":\"fr-BE\",\"@id\":\"https:\/\/vieassociative.be\/actualites\/#\/schema\/logo\/image\/\",\"url\":\"https:\/\/vieassociative.be\/actualites\/wp-content\/uploads\/2024\/09\/cropped-vieassociative_favicon.ico.png\",\"contentUrl\":\"https:\/\/vieassociative.be\/actualites\/wp-content\/uploads\/2024\/09\/cropped-vieassociative_favicon.ico.png\",\"width\":512,\"height\":512,\"caption\":\"Vie Associative\"},\"image\":{\"@id\":\"https:\/\/vieassociative.be\/actualites\/#\/schema\/logo\/image\/\"}},{\"@type\":\"Person\",\"@id\":\"https:\/\/vieassociative.be\/actualites\/#\/schema\/person\/b87ac4f82f9d4e7b7cec7395b679edc4\",\"name\":\"Julien\",\"image\":{\"@type\":\"ImageObject\",\"inLanguage\":\"fr-BE\",\"@id\":\"https:\/\/vieassociative.be\/actualites\/#\/schema\/person\/image\/\",\"url\":\"https:\/\/vieassociative.be\/actualites\/wp-content\/uploads\/2024\/09\/vie-associative-1-150x150.jpg\",\"contentUrl\":\"https:\/\/vieassociative.be\/actualites\/wp-content\/uploads\/2024\/09\/vie-associative-1-150x150.jpg\",\"caption\":\"Julien\"},\"description\":\"Je suis Julien, r\u00e9dacteur pour Vie Associative. Passionn\u00e9 par le monde associatif depuis plus de 10 ans, j'ai \u00e0 c\u0153ur de partager des histoires inspirantes et de mettre en lumi\u00e8re les initiatives locales. Mon objectif est de sensibiliser et d'encourager l'engagement communautaire \u00e0 travers mes articles.\",\"sameAs\":[\"https:\/\/vieassociative.be\/\"]}]}<\/script>\n<!-- \/ Yoast SEO plugin. -->","yoast_head_json":{"title":"Cette application Mac affichera les fuseaux horaires de vos coll\u00e8gues dans la barre de menus | Vie Associative","robots":{"index":"index","follow":"follow","max-snippet":"max-snippet:-1","max-image-preview":"max-image-preview:large","max-video-preview":"max-video-preview:-1"},"canonical":"https:\/\/vieassociative.be\/actualites\/cette-application-mac-affichera-les-fuseaux-horaires-de-vos-collegues-dans-la-barre-de-menus\/","og_locale":"fr_FR","og_type":"article","og_title":"Cette application Mac affichera les fuseaux horaires de vos coll\u00e8gues dans la barre de menus | Vie Associative","og_description":"Cette application gratuite indique l&rsquo;heure qu&rsquo;il est aux gens, et non l&rsquo;endroit o\u00f9 ils vivent. Les fuseaux horaires sont le fl\u00e9au de l&rsquo;existence du travailleur","og_url":"https:\/\/vieassociative.be\/actualites\/cette-application-mac-affichera-les-fuseaux-horaires-de-vos-collegues-dans-la-barre-de-menus\/","og_site_name":"Vie Associative","article_published_time":"2024-10-24T04:30:08+00:00","og_image":[{"url":"https:\/\/vieassociative.be\/actualites\/wp-content\/uploads\/2024\/10\/Cette-application-Mac-affichera-les-fuseaux-horaires-de-vos-collegues.png","type":"","width":"","height":""}],"author":"Julien","twitter_card":"summary_large_image","twitter_misc":{"\u00c9crit par":"Julien","Dur\u00e9e de lecture est.":"2 minutes"},"schema":{"@context":"https:\/\/schema.org","@graph":[{"@type":"Article","@id":"https:\/\/vieassociative.be\/actualites\/cette-application-mac-affichera-les-fuseaux-horaires-de-vos-collegues-dans-la-barre-de-menus\/#article","isPartOf":{"@id":"https:\/\/vieassociative.be\/actualites\/cette-application-mac-affichera-les-fuseaux-horaires-de-vos-collegues-dans-la-barre-de-menus\/"},"author":{"name":"Julien","@id":"https:\/\/vieassociative.be\/actualites\/#\/schema\/person\/b87ac4f82f9d4e7b7cec7395b679edc4"},"headline":"Cette application Mac affichera les fuseaux horaires de vos coll\u00e8gues dans la barre de menus","datePublished":"2024-10-24T04:30:08+00:00","dateModified":"2024-10-24T04:30:08+00:00","mainEntityOfPage":{"@id":"https:\/\/vieassociative.be\/actualites\/cette-application-mac-affichera-les-fuseaux-horaires-de-vos-collegues-dans-la-barre-de-menus\/"},"wordCount":442,"publisher":{"@id":"https:\/\/vieassociative.be\/actualites\/#organization"},"image":{"@id":"https:\/\/vieassociative.be\/actualites\/cette-application-mac-affichera-les-fuseaux-horaires-de-vos-collegues-dans-la-barre-de-menus\/#primaryimage"},"thumbnailUrl":"https:\/\/vieassociative.be\/actualites\/wp-content\/uploads\/2024\/10\/1729744208_Cette-application-Mac-affichera-les-fuseaux-horaires-de-vos-collegues.png","keywords":["affichera","application","barre","cette","coll\u00e8gues","dans","fuseaux","Horaires","Les","Mac","menus","vos"],"articleSection":["Technologie"],"inLanguage":"fr-BE"},{"@type":"WebPage","@id":"https:\/\/vieassociative.be\/actualites\/cette-application-mac-affichera-les-fuseaux-horaires-de-vos-collegues-dans-la-barre-de-menus\/","url":"https:\/\/vieassociative.be\/actualites\/cette-application-mac-affichera-les-fuseaux-horaires-de-vos-collegues-dans-la-barre-de-menus\/","name":"Cette application Mac affichera les fuseaux horaires de vos coll\u00e8gues dans la barre de menus | Vie Associative","isPartOf":{"@id":"https:\/\/vieassociative.be\/actualites\/#website"},"primaryImageOfPage":{"@id":"https:\/\/vieassociative.be\/actualites\/cette-application-mac-affichera-les-fuseaux-horaires-de-vos-collegues-dans-la-barre-de-menus\/#primaryimage"},"image":{"@id":"https:\/\/vieassociative.be\/actualites\/cette-application-mac-affichera-les-fuseaux-horaires-de-vos-collegues-dans-la-barre-de-menus\/#primaryimage"},"thumbnailUrl":"https:\/\/vieassociative.be\/actualites\/wp-content\/uploads\/2024\/10\/1729744208_Cette-application-Mac-affichera-les-fuseaux-horaires-de-vos-collegues.png","datePublished":"2024-10-24T04:30:08+00:00","dateModified":"2024-10-24T04:30:08+00:00","breadcrumb":{"@id":"https:\/\/vieassociative.be\/actualites\/cette-application-mac-affichera-les-fuseaux-horaires-de-vos-collegues-dans-la-barre-de-menus\/#breadcrumb"},"inLanguage":"fr-BE","potentialAction":[{"@type":"ReadAction","target":["https:\/\/vieassociative.be\/actualites\/cette-application-mac-affichera-les-fuseaux-horaires-de-vos-collegues-dans-la-barre-de-menus\/"]}]},{"@type":"ImageObject","inLanguage":"fr-BE","@id":"https:\/\/vieassociative.be\/actualites\/cette-application-mac-affichera-les-fuseaux-horaires-de-vos-collegues-dans-la-barre-de-menus\/#primaryimage","url":"https:\/\/vieassociative.be\/actualites\/wp-content\/uploads\/2024\/10\/1729744208_Cette-application-Mac-affichera-les-fuseaux-horaires-de-vos-collegues.png","contentUrl":"https:\/\/vieassociative.be\/actualites\/wp-content\/uploads\/2024\/10\/1729744208_Cette-application-Mac-affichera-les-fuseaux-horaires-de-vos-collegues.png","width":1200,"height":675,"caption":"Cette application Mac affichera les fuseaux horaires de vos coll\u00e8gues dans la barre de menus"},{"@type":"BreadcrumbList","@id":"https:\/\/vieassociative.be\/actualites\/cette-application-mac-affichera-les-fuseaux-horaires-de-vos-collegues-dans-la-barre-de-menus\/#breadcrumb","itemListElement":[{"@type":"ListItem","position":1,"name":"Accueil","item":"https:\/\/vieassociative.be\/actualites\/"},{"@type":"ListItem","position":2,"name":"Cette application Mac affichera les fuseaux horaires de vos coll\u00e8gues dans la barre de menus"}]},{"@type":"WebSite","@id":"https:\/\/vieassociative.be\/actualites\/#website","url":"https:\/\/vieassociative.be\/actualites\/","name":"Vie Associative","description":"","publisher":{"@id":"https:\/\/vieassociative.be\/actualites\/#organization"},"potentialAction":[{"@type":"SearchAction","target":{"@type":"EntryPoint","urlTemplate":"https:\/\/vieassociative.be\/actualites\/?s={search_term_string}"},"query-input":{"@type":"PropertyValueSpecification","valueRequired":true,"valueName":"search_term_string"}}],"inLanguage":"fr-BE"},{"@type":"Organization","@id":"https:\/\/vieassociative.be\/actualites\/#organization","name":"Vie Associative","url":"https:\/\/vieassociative.be\/actualites\/","logo":{"@type":"ImageObject","inLanguage":"fr-BE","@id":"https:\/\/vieassociative.be\/actualites\/#\/schema\/logo\/image\/","url":"https:\/\/vieassociative.be\/actualites\/wp-content\/uploads\/2024\/09\/cropped-vieassociative_favicon.ico.png","contentUrl":"https:\/\/vieassociative.be\/actualites\/wp-content\/uploads\/2024\/09\/cropped-vieassociative_favicon.ico.png","width":512,"height":512,"caption":"Vie Associative"},"image":{"@id":"https:\/\/vieassociative.be\/actualites\/#\/schema\/logo\/image\/"}},{"@type":"Person","@id":"https:\/\/vieassociative.be\/actualites\/#\/schema\/person\/b87ac4f82f9d4e7b7cec7395b679edc4","name":"Julien","image":{"@type":"ImageObject","inLanguage":"fr-BE","@id":"https:\/\/vieassociative.be\/actualites\/#\/schema\/person\/image\/","url":"https:\/\/vieassociative.be\/actualites\/wp-content\/uploads\/2024\/09\/vie-associative-1-150x150.jpg","contentUrl":"https:\/\/vieassociative.be\/actualites\/wp-content\/uploads\/2024\/09\/vie-associative-1-150x150.jpg","caption":"Julien"},"description":"Je suis Julien, r\u00e9dacteur pour Vie Associative. Passionn\u00e9 par le monde associatif depuis plus de 10 ans, j'ai \u00e0 c\u0153ur de partager des histoires inspirantes et de mettre en lumi\u00e8re les initiatives locales. Mon objectif est de sensibiliser et d'encourager l'engagement communautaire \u00e0 travers mes articles.","sameAs":["https:\/\/vieassociative.be\/"]}]}},"_links":{"self":[{"href":"https:\/\/vieassociative.be\/actualites\/wp-json\/wp\/v2\/posts\/1577"}],"collection":[{"href":"https:\/\/vieassociative.be\/actualites\/wp-json\/wp\/v2\/posts"}],"about":[{"href":"https:\/\/vieassociative.be\/actualites\/wp-json\/wp\/v2\/types\/post"}],"author":[{"embeddable":true,"href":"https:\/\/vieassociative.be\/actualites\/wp-json\/wp\/v2\/users\/1"}],"replies":[{"embeddable":true,"href":"https:\/\/vieassociative.be\/actualites\/wp-json\/wp\/v2\/comments?post=1577"}],"version-history":[{"count":0,"href":"https:\/\/vieassociative.be\/actualites\/wp-json\/wp\/v2\/posts\/1577\/revisions"}],"wp:featuredmedia":[{"embeddable":true,"href":"https:\/\/vieassociative.be\/actualites\/wp-json\/wp\/v2\/media\/1578"}],"wp:attachment":[{"href":"https:\/\/vieassociative.be\/actualites\/wp-json\/wp\/v2\/media?parent=1577"}],"wp:term":[{"taxonomy":"category","embeddable":true,"href":"https:\/\/vieassociative.be\/actualites\/wp-json\/wp\/v2\/categories?post=1577"},{"taxonomy":"post_tag","embeddable":true,"href":"https:\/\/vieassociative.be\/actualites\/wp-json\/wp\/v2\/tags?post=1577"}],"curies":[{"name":"wp","href":"https:\/\/api.w.org\/{rel}","templated":true}]}}