{"id":1535,"date":"2024-10-23T04:17:34","date_gmt":"2024-10-23T02:17:34","guid":{"rendered":"https:\/\/vieassociative.be\/actualites\/comment-savoir-si-vous-avez-peur-de-labandon-et-que-faire-a-ce-sujet\/"},"modified":"2024-10-23T04:17:34","modified_gmt":"2024-10-23T02:17:34","slug":"comment-savoir-si-vous-avez-peur-de-labandon-et-que-faire-a-ce-sujet","status":"publish","type":"post","link":"https:\/\/vieassociative.be\/actualites\/comment-savoir-si-vous-avez-peur-de-labandon-et-que-faire-a-ce-sujet\/","title":{"rendered":"Comment savoir si vous avez peur de l&rsquo;abandon (et que faire \u00e0 ce sujet)"},"content":{"rendered":"<div class=\"mt-4 leading-6 md:mb-8\">\u00cates-vous constamment pr\u00e9occup\u00e9 par le fait que les autres vous laissent derri\u00e8re vous\u00a0? Vous pourriez avoir peur de l&rsquo;abandon.<\/div>\n<p><\/p>\n<p>Il est normal de se sentir un peu mal \u00e0 l&rsquo;aise ou incertain face \u00e0 un nouvel int\u00e9r\u00eat romantique ou un nouvel ami. Mais si vous craignez trop d\u2019\u00eatre abandonn\u00e9 et laiss\u00e9 pour compte par les autres, vous pourriez avoir peur de l\u2019abandon. <\/p>\n<p>\u00abLa peur de l&rsquo;abandon est une peur d\u00e9vorante que vos proches puissent vous quitter\u00bb, explique le Dr Nereida Gonzalez-Berrios, psychiatre agr\u00e9\u00e9e. \u00ab\u00a0Vous \u00eates dans un \u00e9tat d&rsquo;anxi\u00e9t\u00e9 constant \u00e0 l&rsquo;id\u00e9e que les gens autour de vous s&rsquo;en vont ou que vous soyez laiss\u00e9 seul ou isol\u00e9 dans une structure sociale.\u00a0\u00bb<\/p>\n<p>Par exemple, dit Gonzalez-Berrios, vous pouvez avoir l&rsquo;impression que quelqu&rsquo;un que vous aimez profond\u00e9ment vous quittera et ne reviendra jamais. Vous pourriez ressentir des sentiments d&rsquo;isolement et d&rsquo;incapacit\u00e9 \u00e0 \u00e9tablir des liens \u00e9motionnels avec les autres parce que vous \u00eates toujours submerg\u00e9 par la peur d&rsquo;\u00eatre laiss\u00e9 seul, ou vous pourriez vous sentir \u00e9motionnellement n\u00e9glig\u00e9 et non entendu par les personnes qui comptent le plus dans votre vie.<\/p>\n<p>La peur de l&rsquo;abandon symbolise \u00e9galement l&rsquo;ins\u00e9curit\u00e9, une mauvaise image de soi et un sentiment d&rsquo;inutilit\u00e9, explique le Dr Gonzalez-Berrios. Bien que cette maladie ne soit pas class\u00e9e comme phobie officielle, elle note que \u00ab l&rsquo;inqui\u00e9tude semble s&rsquo;aggraver avec le temps \u00bb lorsqu&rsquo;elle n&rsquo;est pas trait\u00e9e.<\/p>\n<p>Alors d\u2019o\u00f9 vient la peur de l\u2019abandon, quels en sont les signes et que pouvez-vous faire pour y rem\u00e9dier ? <\/p>\n<h2 id=\"where-does-fear-of-abandonment-come-from\"><strong>D\u2019o\u00f9 vient la peur de l\u2019abandon ?<\/strong><\/h2>\n<p>La peur de l\u2019abandon est souvent enracin\u00e9e dans une sorte de traumatisme d\u2019attachement qui vous emp\u00eache de faire confiance aux autres.<\/p>\n<p>\u00ab\u00a0(La peur de l&rsquo;abandon vient) du moment o\u00f9 quelqu&rsquo;un \u00e0 qui vous \u00eates attach\u00e9, g\u00e9n\u00e9ralement un parent pendant votre petite enfance, mais pas toujours, vous abandonne d&rsquo;une mani\u00e8re ou d&rsquo;une autre\u00a0\u00bb, explique Brianna Sanders, conseill\u00e8re professionnelle agr\u00e9\u00e9e. \u00ab Qu&rsquo;ils vous abandonnent physiquement, qu&rsquo;ils vous n\u00e9gligent \u00e9motionnellement, qu&rsquo;ils soient pr\u00e9sents mais nuisibles d&rsquo;une mani\u00e8re qui trahit votre s\u00e9curit\u00e9, ou m\u00eame s&rsquo;ils meurent de fa\u00e7on inattendue, tout cela peut \u00eatre une forme de traumatisme d&rsquo;attachement. \u00c0 partir de cet \u00e9v\u00e9nement traumatisant, votre syst\u00e8me nerveux se r\u00e9\u00e9crit de mani\u00e8re \u00e0 vous permettre de minimiser les dommages caus\u00e9s par un \u00e9ventuel abandon futur.<\/p>\n<p>Ces \u00e9v\u00e9nements traumatisants peuvent survenir \u00e0 la suite de la perte d&rsquo;un parent ou d&rsquo;un partenaire suite au d\u00e9c\u00e8s ou au divorce, ou \u00e0 la souffrance d&rsquo;une sorte de trahison de la part d&rsquo;une personne en qui vous aviez confiance, entra\u00eenant la peur d&rsquo;\u00eatre abandonn\u00e9.<\/p>\n<h2 id=\"how-does-fear-of-abandonment-manifest\"><strong>Comment se manifeste la peur de l\u2019abandon ?<\/strong><\/h2>\n<p>La peur de l\u2019abandon peut prendre diverses formes et est g\u00e9n\u00e9ralement li\u00e9e \u00e0 votre style d\u2019attachement dans les relations. Sanders dit que cette peur se manifeste g\u00e9n\u00e9ralement de trois mani\u00e8res\u00a0: l\u2019attachement anxieux, l\u2019attachement \u00e9vitant et l\u2019attachement craintif. <\/p>\n<p>Les attachants anxieux \u00ab sont soucieux de s\u2019assurer que leurs besoins d\u2019attachement seront satisfaits \u00bb, explique Sanders. \u00abCela revient \u00e0 v\u00e9rifier constamment que quelqu&rsquo;un vous aime toujours, \u00e0 remarquer facilement si les modes de communication de quelqu&rsquo;un changent ou diminuent et \u00e0 avoir le sentiment qu&rsquo;il est de votre responsabilit\u00e9 de vous assurer que les autres ne partent pas \u00e0 tout prix. Sans faire ces choses, vous ressentez beaucoup d\u2019anxi\u00e9t\u00e9. Le but des attachants anxieux est de maintenir la proximit\u00e9, car la proximit\u00e9 (\u00e9quivaut \u00e0) la s\u00e9curit\u00e9.<\/p>\n<p>Ceux qui ont un attachement \u00e9vitant \u00ab \u00e9vitent de s\u2019attacher aux autres par peur de l\u2019abandon \u00bb, explique Sanders. \u00abCela revient \u00e0 s&rsquo;\u00e9loigner des gens lorsque l&rsquo;on commence \u00e0 se sentir plus proche d&rsquo;eux, \u00e0 \u00e9viter la vuln\u00e9rabilit\u00e9 et \u00e0 garder les choses \u00e0 la surface, et \u00e0 avoir besoin de beaucoup d&rsquo;espace, en particulier dans les relations amoureuses. L\u2019objectif des attacheurs \u00e9vitants est de conserver leur ind\u00e9pendance, car l\u2019ind\u00e9pendance est synonyme de s\u00e9curit\u00e9.<\/p>\n<p>Les personnes ayant un attachement craintif \u00ab veulent faire l\u2019exp\u00e9rience de la proximit\u00e9 et conserver leur ind\u00e9pendance, mais ont peur des deux \u00bb, explique Sanders. \u00ab\u00a0Habituellement, les soignants des attacheurs craintifs \u00e9taient tr\u00e8s impr\u00e9visibles, il leur est donc difficile de se sentir en s\u00e9curit\u00e9 dans des relations \u00e9troites, mais ils se sentent \u00e9galement anxieux. <em>sans<\/em> relations \u00e9troites. Leurs actions peuvent sembler tr\u00e8s d\u00e9routantes de l\u2019ext\u00e9rieur parce qu\u2019ils ne savent pas comment apaiser leur peur d\u2019\u00eatre abandonn\u00e9s \u00e0 l\u2019int\u00e9rieur. <\/p>\n<p>Selon le Dr Gonzalez-Berrios, d&rsquo;autres signes de peur de l&rsquo;abandon comprennent\u00a0:<\/p>\n<ul>\n<li>\n<p>essaie de se connecter rapidement avec des inconnus<\/p>\n<\/li>\n<li>\n<p>tendances \u00e0 rechercher l&rsquo;attention<\/p>\n<\/li>\n<li>\n<p>pas de relations saines \u00e0 long terme<\/p>\n<\/li>\n<li>\n<p>tendances pointilleuses et accusatrices<\/p>\n<\/li>\n<li>\n<p>ne prend jamais la responsabilit\u00e9 d&rsquo;un mauvais comportement<\/p>\n<\/li>\n<li>\n<p>se sent bless\u00e9 et angoiss\u00e9 si on le laisse seul<\/p>\n<\/li>\n<li>\n<p>se sent jaloux si quelqu&rsquo;un d&rsquo;autre parle \u00e0 ses proches<\/p>\n<\/li>\n<li>\n<p>manque de confiance envers les autres<\/p>\n<\/li>\n<li>\n<p>recherche un sens cach\u00e9 dans le comportement de ses proches<\/p>\n<\/li>\n<li>\n<p>manque de contr\u00f4le \u00e9motionnel<\/p>\n<\/li>\n<li>\n<p>doute constamment de l&rsquo;\u00e9tat de la relation<\/p>\n<\/li>\n<li>\n<p>anxi\u00e9t\u00e9 constante \u00e0 l&rsquo;id\u00e9e de perdre potentiellement un partenaire, un parent, un ami ou un enfant<\/p>\n<\/li>\n<\/ul>\n<h2 id=\"how-to-deal-with-a-fear-of-abandonment\"><strong>Comment g\u00e9rer la peur de l&rsquo;abandon<\/strong><\/h2>\n<p>Parce que la peur de l&rsquo;abandon d\u00e9coule g\u00e9n\u00e9ralement d&rsquo;ins\u00e9curit\u00e9s profond\u00e9ment ancr\u00e9es et de traumatismes infantiles, le Dr Gonzalez-Berrios dit qu&rsquo;il est essentiel d&rsquo;essayer de comprendre les racines de votre traumatisme, de pr\u00e9f\u00e9rence avec l&rsquo;aide d&rsquo;un th\u00e9rapeute ou d&rsquo;un conseiller. Demandez-vous \u00ab\u00a0pourquoi&#8230; vous sentez-vous en d\u00e9tresse, ou que se passera-t-il si les gens vous quittent\u00a0?\u00a0\u00bb dit-elle. \u00ab\u00a0Lorsque vous serez en mesure d&rsquo;identifier les pires sc\u00e9narios, vous serez en mesure d&rsquo;affronter vos peurs avec audace.\u00a0\u00bb<\/p>\n<p>Sanders dit qu&rsquo;il est \u00e9galement important de reconna\u00eetre que les choses que vous faisiez autrefois assuraient votre s\u00e9curit\u00e9. \u00ab\u00a0Exprimez votre gratitude envers vos m\u00e9canismes de d\u00e9fense et donnez-leur la permission de vous quitter alors que vous commencez \u00e0 cr\u00e9er une s\u00e9curit\u00e9 int\u00e9rieure.\u00a0\u00bb<\/p>\n<p>Autre exercice \u00e0 consid\u00e9rer : Connectez-vous avec la partie de vous-m\u00eame qui a peur. \u00ab\u00a0Remarquez comment vous vous parlez maintenant\u00a0\u00bb, dit Sanders. \u00ab\u00a0Remarquez \u00e0 quel point cela enracine vos sch\u00e9mas actuels et votre peur de l&rsquo;abandon. Remarquez d\u2019o\u00f9 cela vient et quel \u00e2ge vous aviez lorsque vous avez appris \u00e0 craindre que les gens vous quittent ou vous n\u00e9gligent \u00e9motionnellement.<\/p>\n<p>Et enfin, il est crucial de cr\u00e9er une s\u00e9curit\u00e9 int\u00e9rieure. \u00ab\u00a0Cr\u00e9ez la voix int\u00e9rieure de la personne dont vous aviez besoin quand vous \u00e9tiez enfant pour ne pas vous abandonner\u00a0\u00bb, explique Sanders. \u00ab Parlez-vous en tant que cette personne chaque fois que vous ressentez des peurs d&rsquo;abandon. Une fois que vous \u00eates capable de vous attacher en toute s\u00e9curit\u00e9, (vous pouvez) gu\u00e9rir la peur de l&rsquo;abandon avec coh\u00e9rence au fil du temps. <\/p>\n<p>Selon Sanders, la meilleure fa\u00e7on de faire toutes ces choses est de pratiquer r\u00e9guli\u00e8rement la m\u00e9ditation. \u00ab Commen\u00e7ons simplement par cinq minutes par jour et augmentons jusqu&rsquo;\u00e0 15 minutes par jour. Si vous d\u00e9butez en m\u00e9ditation, il n\u2019y a aucune honte \u00e0 utiliser la m\u00e9ditation guid\u00e9e. En fait, je le recommande.<\/p>\n","protected":false},"excerpt":{"rendered":"<p>\u00cates-vous constamment pr\u00e9occup\u00e9 par le fait que les autres vous laissent derri\u00e8re vous\u00a0? Vous pourriez avoir peur de l&rsquo;abandon. Il est normal de se sentir<\/p>\n","protected":false},"author":1,"featured_media":1536,"comment_status":"","ping_status":"","sticky":false,"template":"","format":"standard","meta":{"footnotes":""},"categories":[42],"tags":[258,44,127,2130,1923,183,526,4],"class_list":["post-1535","post","type-post","status-publish","format-standard","has-post-thumbnail","hentry","category-relations","tag-avez","tag-comment","tag-faire","tag-labandon","tag-peur","tag-savoir","tag-sujet","tag-vous","generate-columns","tablet-grid-50","mobile-grid-100","grid-parent","grid-33"],"yoast_head":"<!-- This site is optimized with the Yoast SEO plugin v24.0 - https:\/\/yoast.com\/wordpress\/plugins\/seo\/ -->\n<title>Comment savoir si vous avez peur de l&#039;abandon (et que faire \u00e0 ce sujet) | Vie Associative<\/title>\n<meta name=\"robots\" content=\"index, follow, max-snippet:-1, max-image-preview:large, max-video-preview:-1\" \/>\n<link rel=\"canonical\" href=\"https:\/\/vieassociative.be\/actualites\/comment-savoir-si-vous-avez-peur-de-labandon-et-que-faire-a-ce-sujet\/\" \/>\n<meta property=\"og:locale\" content=\"fr_FR\" \/>\n<meta property=\"og:type\" content=\"article\" \/>\n<meta property=\"og:title\" content=\"Comment savoir si vous avez peur de l&#039;abandon (et que faire \u00e0 ce sujet) | Vie Associative\" \/>\n<meta property=\"og:description\" content=\"\u00cates-vous constamment pr\u00e9occup\u00e9 par le fait que les autres vous laissent derri\u00e8re vous\u00a0? Vous pourriez avoir peur de l&rsquo;abandon. Il est normal de se sentir\" \/>\n<meta property=\"og:url\" content=\"https:\/\/vieassociative.be\/actualites\/comment-savoir-si-vous-avez-peur-de-labandon-et-que-faire-a-ce-sujet\/\" \/>\n<meta property=\"og:site_name\" content=\"Vie Associative\" \/>\n<meta property=\"article:published_time\" content=\"2024-10-23T02:17:34+00:00\" \/>\n<meta property=\"og:image\" content=\"https:\/\/vieassociative.be\/actualites\/wp-content\/uploads\/2024\/09\/header_backgroundk-01-e1726694325946.png\" \/>\n\t<meta property=\"og:image:width\" content=\"279\" \/>\n\t<meta property=\"og:image:height\" content=\"92\" \/>\n\t<meta property=\"og:image:type\" content=\"image\/png\" \/>\n<meta name=\"author\" content=\"Julien\" \/>\n<meta name=\"twitter:card\" content=\"summary_large_image\" \/>\n<meta name=\"twitter:label1\" content=\"\u00c9crit par\" \/>\n\t<meta name=\"twitter:data1\" content=\"Julien\" \/>\n\t<meta name=\"twitter:label2\" content=\"Dur\u00e9e de lecture est.\" \/>\n\t<meta name=\"twitter:data2\" content=\"6 minutes\" \/>\n<script type=\"application\/ld+json\" class=\"yoast-schema-graph\">{\"@context\":\"https:\/\/schema.org\",\"@graph\":[{\"@type\":\"Article\",\"@id\":\"https:\/\/vieassociative.be\/actualites\/comment-savoir-si-vous-avez-peur-de-labandon-et-que-faire-a-ce-sujet\/#article\",\"isPartOf\":{\"@id\":\"https:\/\/vieassociative.be\/actualites\/comment-savoir-si-vous-avez-peur-de-labandon-et-que-faire-a-ce-sujet\/\"},\"author\":{\"name\":\"Julien\",\"@id\":\"https:\/\/vieassociative.be\/actualites\/#\/schema\/person\/b87ac4f82f9d4e7b7cec7395b679edc4\"},\"headline\":\"Comment savoir si vous avez peur de l&rsquo;abandon (et que faire \u00e0 ce sujet)\",\"datePublished\":\"2024-10-23T02:17:34+00:00\",\"dateModified\":\"2024-10-23T02:17:34+00:00\",\"mainEntityOfPage\":{\"@id\":\"https:\/\/vieassociative.be\/actualites\/comment-savoir-si-vous-avez-peur-de-labandon-et-que-faire-a-ce-sujet\/\"},\"wordCount\":1272,\"publisher\":{\"@id\":\"https:\/\/vieassociative.be\/actualites\/#organization\"},\"image\":{\"@id\":\"https:\/\/vieassociative.be\/actualites\/comment-savoir-si-vous-avez-peur-de-labandon-et-que-faire-a-ce-sujet\/#primaryimage\"},\"thumbnailUrl\":\"https:\/\/vieassociative.be\/actualites\/wp-content\/uploads\/2024\/10\/Comment-savoir-si-vous-avez-peur-de-labandon-et-que.jpg\",\"keywords\":[\"avez\",\"Comment\",\"faire\",\"labandon\",\"peur\",\"savoir\",\"sujet\",\"Vous\"],\"articleSection\":[\"Relations\"],\"inLanguage\":\"fr-BE\"},{\"@type\":\"WebPage\",\"@id\":\"https:\/\/vieassociative.be\/actualites\/comment-savoir-si-vous-avez-peur-de-labandon-et-que-faire-a-ce-sujet\/\",\"url\":\"https:\/\/vieassociative.be\/actualites\/comment-savoir-si-vous-avez-peur-de-labandon-et-que-faire-a-ce-sujet\/\",\"name\":\"Comment savoir si vous avez peur de l'abandon (et que faire \u00e0 ce sujet) | Vie Associative\",\"isPartOf\":{\"@id\":\"https:\/\/vieassociative.be\/actualites\/#website\"},\"primaryImageOfPage\":{\"@id\":\"https:\/\/vieassociative.be\/actualites\/comment-savoir-si-vous-avez-peur-de-labandon-et-que-faire-a-ce-sujet\/#primaryimage\"},\"image\":{\"@id\":\"https:\/\/vieassociative.be\/actualites\/comment-savoir-si-vous-avez-peur-de-labandon-et-que-faire-a-ce-sujet\/#primaryimage\"},\"thumbnailUrl\":\"https:\/\/vieassociative.be\/actualites\/wp-content\/uploads\/2024\/10\/Comment-savoir-si-vous-avez-peur-de-labandon-et-que.jpg\",\"datePublished\":\"2024-10-23T02:17:34+00:00\",\"dateModified\":\"2024-10-23T02:17:34+00:00\",\"breadcrumb\":{\"@id\":\"https:\/\/vieassociative.be\/actualites\/comment-savoir-si-vous-avez-peur-de-labandon-et-que-faire-a-ce-sujet\/#breadcrumb\"},\"inLanguage\":\"fr-BE\",\"potentialAction\":[{\"@type\":\"ReadAction\",\"target\":[\"https:\/\/vieassociative.be\/actualites\/comment-savoir-si-vous-avez-peur-de-labandon-et-que-faire-a-ce-sujet\/\"]}]},{\"@type\":\"ImageObject\",\"inLanguage\":\"fr-BE\",\"@id\":\"https:\/\/vieassociative.be\/actualites\/comment-savoir-si-vous-avez-peur-de-labandon-et-que-faire-a-ce-sujet\/#primaryimage\",\"url\":\"https:\/\/vieassociative.be\/actualites\/wp-content\/uploads\/2024\/10\/Comment-savoir-si-vous-avez-peur-de-labandon-et-que.jpg\",\"contentUrl\":\"https:\/\/vieassociative.be\/actualites\/wp-content\/uploads\/2024\/10\/Comment-savoir-si-vous-avez-peur-de-labandon-et-que.jpg\",\"width\":1200,\"height\":675,\"caption\":\"Comment savoir si vous avez peur de l'abandon (et que faire \u00e0 ce sujet)\"},{\"@type\":\"BreadcrumbList\",\"@id\":\"https:\/\/vieassociative.be\/actualites\/comment-savoir-si-vous-avez-peur-de-labandon-et-que-faire-a-ce-sujet\/#breadcrumb\",\"itemListElement\":[{\"@type\":\"ListItem\",\"position\":1,\"name\":\"Accueil\",\"item\":\"https:\/\/vieassociative.be\/actualites\/\"},{\"@type\":\"ListItem\",\"position\":2,\"name\":\"Comment savoir si vous avez peur de l&rsquo;abandon (et que faire \u00e0 ce sujet)\"}]},{\"@type\":\"WebSite\",\"@id\":\"https:\/\/vieassociative.be\/actualites\/#website\",\"url\":\"https:\/\/vieassociative.be\/actualites\/\",\"name\":\"Vie Associative\",\"description\":\"\",\"publisher\":{\"@id\":\"https:\/\/vieassociative.be\/actualites\/#organization\"},\"potentialAction\":[{\"@type\":\"SearchAction\",\"target\":{\"@type\":\"EntryPoint\",\"urlTemplate\":\"https:\/\/vieassociative.be\/actualites\/?s={search_term_string}\"},\"query-input\":{\"@type\":\"PropertyValueSpecification\",\"valueRequired\":true,\"valueName\":\"search_term_string\"}}],\"inLanguage\":\"fr-BE\"},{\"@type\":\"Organization\",\"@id\":\"https:\/\/vieassociative.be\/actualites\/#organization\",\"name\":\"Vie Associative\",\"url\":\"https:\/\/vieassociative.be\/actualites\/\",\"logo\":{\"@type\":\"ImageObject\",\"inLanguage\":\"fr-BE\",\"@id\":\"https:\/\/vieassociative.be\/actualites\/#\/schema\/logo\/image\/\",\"url\":\"https:\/\/vieassociative.be\/actualites\/wp-content\/uploads\/2024\/09\/cropped-vieassociative_favicon.ico.png\",\"contentUrl\":\"https:\/\/vieassociative.be\/actualites\/wp-content\/uploads\/2024\/09\/cropped-vieassociative_favicon.ico.png\",\"width\":512,\"height\":512,\"caption\":\"Vie Associative\"},\"image\":{\"@id\":\"https:\/\/vieassociative.be\/actualites\/#\/schema\/logo\/image\/\"}},{\"@type\":\"Person\",\"@id\":\"https:\/\/vieassociative.be\/actualites\/#\/schema\/person\/b87ac4f82f9d4e7b7cec7395b679edc4\",\"name\":\"Julien\",\"image\":{\"@type\":\"ImageObject\",\"inLanguage\":\"fr-BE\",\"@id\":\"https:\/\/vieassociative.be\/actualites\/#\/schema\/person\/image\/\",\"url\":\"https:\/\/vieassociative.be\/actualites\/wp-content\/uploads\/2024\/09\/vie-associative-1-150x150.jpg\",\"contentUrl\":\"https:\/\/vieassociative.be\/actualites\/wp-content\/uploads\/2024\/09\/vie-associative-1-150x150.jpg\",\"caption\":\"Julien\"},\"description\":\"Je suis Julien, r\u00e9dacteur pour Vie Associative. Passionn\u00e9 par le monde associatif depuis plus de 10 ans, j'ai \u00e0 c\u0153ur de partager des histoires inspirantes et de mettre en lumi\u00e8re les initiatives locales. Mon objectif est de sensibiliser et d'encourager l'engagement communautaire \u00e0 travers mes articles.\",\"sameAs\":[\"https:\/\/vieassociative.be\/\"]}]}<\/script>\n<!-- \/ Yoast SEO plugin. -->","yoast_head_json":{"title":"Comment savoir si vous avez peur de l'abandon (et que faire \u00e0 ce sujet) | Vie Associative","robots":{"index":"index","follow":"follow","max-snippet":"max-snippet:-1","max-image-preview":"max-image-preview:large","max-video-preview":"max-video-preview:-1"},"canonical":"https:\/\/vieassociative.be\/actualites\/comment-savoir-si-vous-avez-peur-de-labandon-et-que-faire-a-ce-sujet\/","og_locale":"fr_FR","og_type":"article","og_title":"Comment savoir si vous avez peur de l'abandon (et que faire \u00e0 ce sujet) | Vie Associative","og_description":"\u00cates-vous constamment pr\u00e9occup\u00e9 par le fait que les autres vous laissent derri\u00e8re vous\u00a0? Vous pourriez avoir peur de l&rsquo;abandon. Il est normal de se sentir","og_url":"https:\/\/vieassociative.be\/actualites\/comment-savoir-si-vous-avez-peur-de-labandon-et-que-faire-a-ce-sujet\/","og_site_name":"Vie Associative","article_published_time":"2024-10-23T02:17:34+00:00","og_image":[{"width":279,"height":92,"url":"https:\/\/vieassociative.be\/actualites\/wp-content\/uploads\/2024\/09\/header_backgroundk-01-e1726694325946.png","type":"image\/png"}],"author":"Julien","twitter_card":"summary_large_image","twitter_misc":{"\u00c9crit par":"Julien","Dur\u00e9e de lecture est.":"6 minutes"},"schema":{"@context":"https:\/\/schema.org","@graph":[{"@type":"Article","@id":"https:\/\/vieassociative.be\/actualites\/comment-savoir-si-vous-avez-peur-de-labandon-et-que-faire-a-ce-sujet\/#article","isPartOf":{"@id":"https:\/\/vieassociative.be\/actualites\/comment-savoir-si-vous-avez-peur-de-labandon-et-que-faire-a-ce-sujet\/"},"author":{"name":"Julien","@id":"https:\/\/vieassociative.be\/actualites\/#\/schema\/person\/b87ac4f82f9d4e7b7cec7395b679edc4"},"headline":"Comment savoir si vous avez peur de l&rsquo;abandon (et que faire \u00e0 ce sujet)","datePublished":"2024-10-23T02:17:34+00:00","dateModified":"2024-10-23T02:17:34+00:00","mainEntityOfPage":{"@id":"https:\/\/vieassociative.be\/actualites\/comment-savoir-si-vous-avez-peur-de-labandon-et-que-faire-a-ce-sujet\/"},"wordCount":1272,"publisher":{"@id":"https:\/\/vieassociative.be\/actualites\/#organization"},"image":{"@id":"https:\/\/vieassociative.be\/actualites\/comment-savoir-si-vous-avez-peur-de-labandon-et-que-faire-a-ce-sujet\/#primaryimage"},"thumbnailUrl":"https:\/\/vieassociative.be\/actualites\/wp-content\/uploads\/2024\/10\/Comment-savoir-si-vous-avez-peur-de-labandon-et-que.jpg","keywords":["avez","Comment","faire","labandon","peur","savoir","sujet","Vous"],"articleSection":["Relations"],"inLanguage":"fr-BE"},{"@type":"WebPage","@id":"https:\/\/vieassociative.be\/actualites\/comment-savoir-si-vous-avez-peur-de-labandon-et-que-faire-a-ce-sujet\/","url":"https:\/\/vieassociative.be\/actualites\/comment-savoir-si-vous-avez-peur-de-labandon-et-que-faire-a-ce-sujet\/","name":"Comment savoir si vous avez peur de l'abandon (et que faire \u00e0 ce sujet) | Vie Associative","isPartOf":{"@id":"https:\/\/vieassociative.be\/actualites\/#website"},"primaryImageOfPage":{"@id":"https:\/\/vieassociative.be\/actualites\/comment-savoir-si-vous-avez-peur-de-labandon-et-que-faire-a-ce-sujet\/#primaryimage"},"image":{"@id":"https:\/\/vieassociative.be\/actualites\/comment-savoir-si-vous-avez-peur-de-labandon-et-que-faire-a-ce-sujet\/#primaryimage"},"thumbnailUrl":"https:\/\/vieassociative.be\/actualites\/wp-content\/uploads\/2024\/10\/Comment-savoir-si-vous-avez-peur-de-labandon-et-que.jpg","datePublished":"2024-10-23T02:17:34+00:00","dateModified":"2024-10-23T02:17:34+00:00","breadcrumb":{"@id":"https:\/\/vieassociative.be\/actualites\/comment-savoir-si-vous-avez-peur-de-labandon-et-que-faire-a-ce-sujet\/#breadcrumb"},"inLanguage":"fr-BE","potentialAction":[{"@type":"ReadAction","target":["https:\/\/vieassociative.be\/actualites\/comment-savoir-si-vous-avez-peur-de-labandon-et-que-faire-a-ce-sujet\/"]}]},{"@type":"ImageObject","inLanguage":"fr-BE","@id":"https:\/\/vieassociative.be\/actualites\/comment-savoir-si-vous-avez-peur-de-labandon-et-que-faire-a-ce-sujet\/#primaryimage","url":"https:\/\/vieassociative.be\/actualites\/wp-content\/uploads\/2024\/10\/Comment-savoir-si-vous-avez-peur-de-labandon-et-que.jpg","contentUrl":"https:\/\/vieassociative.be\/actualites\/wp-content\/uploads\/2024\/10\/Comment-savoir-si-vous-avez-peur-de-labandon-et-que.jpg","width":1200,"height":675,"caption":"Comment savoir si vous avez peur de l'abandon (et que faire \u00e0 ce sujet)"},{"@type":"BreadcrumbList","@id":"https:\/\/vieassociative.be\/actualites\/comment-savoir-si-vous-avez-peur-de-labandon-et-que-faire-a-ce-sujet\/#breadcrumb","itemListElement":[{"@type":"ListItem","position":1,"name":"Accueil","item":"https:\/\/vieassociative.be\/actualites\/"},{"@type":"ListItem","position":2,"name":"Comment savoir si vous avez peur de l&rsquo;abandon (et que faire \u00e0 ce sujet)"}]},{"@type":"WebSite","@id":"https:\/\/vieassociative.be\/actualites\/#website","url":"https:\/\/vieassociative.be\/actualites\/","name":"Vie Associative","description":"","publisher":{"@id":"https:\/\/vieassociative.be\/actualites\/#organization"},"potentialAction":[{"@type":"SearchAction","target":{"@type":"EntryPoint","urlTemplate":"https:\/\/vieassociative.be\/actualites\/?s={search_term_string}"},"query-input":{"@type":"PropertyValueSpecification","valueRequired":true,"valueName":"search_term_string"}}],"inLanguage":"fr-BE"},{"@type":"Organization","@id":"https:\/\/vieassociative.be\/actualites\/#organization","name":"Vie Associative","url":"https:\/\/vieassociative.be\/actualites\/","logo":{"@type":"ImageObject","inLanguage":"fr-BE","@id":"https:\/\/vieassociative.be\/actualites\/#\/schema\/logo\/image\/","url":"https:\/\/vieassociative.be\/actualites\/wp-content\/uploads\/2024\/09\/cropped-vieassociative_favicon.ico.png","contentUrl":"https:\/\/vieassociative.be\/actualites\/wp-content\/uploads\/2024\/09\/cropped-vieassociative_favicon.ico.png","width":512,"height":512,"caption":"Vie Associative"},"image":{"@id":"https:\/\/vieassociative.be\/actualites\/#\/schema\/logo\/image\/"}},{"@type":"Person","@id":"https:\/\/vieassociative.be\/actualites\/#\/schema\/person\/b87ac4f82f9d4e7b7cec7395b679edc4","name":"Julien","image":{"@type":"ImageObject","inLanguage":"fr-BE","@id":"https:\/\/vieassociative.be\/actualites\/#\/schema\/person\/image\/","url":"https:\/\/vieassociative.be\/actualites\/wp-content\/uploads\/2024\/09\/vie-associative-1-150x150.jpg","contentUrl":"https:\/\/vieassociative.be\/actualites\/wp-content\/uploads\/2024\/09\/vie-associative-1-150x150.jpg","caption":"Julien"},"description":"Je suis Julien, r\u00e9dacteur pour Vie Associative. Passionn\u00e9 par le monde associatif depuis plus de 10 ans, j'ai \u00e0 c\u0153ur de partager des histoires inspirantes et de mettre en lumi\u00e8re les initiatives locales. Mon objectif est de sensibiliser et d'encourager l'engagement communautaire \u00e0 travers mes articles.","sameAs":["https:\/\/vieassociative.be\/"]}]}},"_links":{"self":[{"href":"https:\/\/vieassociative.be\/actualites\/wp-json\/wp\/v2\/posts\/1535"}],"collection":[{"href":"https:\/\/vieassociative.be\/actualites\/wp-json\/wp\/v2\/posts"}],"about":[{"href":"https:\/\/vieassociative.be\/actualites\/wp-json\/wp\/v2\/types\/post"}],"author":[{"embeddable":true,"href":"https:\/\/vieassociative.be\/actualites\/wp-json\/wp\/v2\/users\/1"}],"replies":[{"embeddable":true,"href":"https:\/\/vieassociative.be\/actualites\/wp-json\/wp\/v2\/comments?post=1535"}],"version-history":[{"count":0,"href":"https:\/\/vieassociative.be\/actualites\/wp-json\/wp\/v2\/posts\/1535\/revisions"}],"wp:featuredmedia":[{"embeddable":true,"href":"https:\/\/vieassociative.be\/actualites\/wp-json\/wp\/v2\/media\/1536"}],"wp:attachment":[{"href":"https:\/\/vieassociative.be\/actualites\/wp-json\/wp\/v2\/media?parent=1535"}],"wp:term":[{"taxonomy":"category","embeddable":true,"href":"https:\/\/vieassociative.be\/actualites\/wp-json\/wp\/v2\/categories?post=1535"},{"taxonomy":"post_tag","embeddable":true,"href":"https:\/\/vieassociative.be\/actualites\/wp-json\/wp\/v2\/tags?post=1535"}],"curies":[{"name":"wp","href":"https:\/\/api.w.org\/{rel}","templated":true}]}}