{"id":1533,"date":"2024-10-23T02:17:59","date_gmt":"2024-10-23T00:17:59","guid":{"rendered":"https:\/\/vieassociative.be\/actualites\/ne-faites-pas-ces-erreurs-lors-de-lachat-dune-nouvelle-secheuse\/"},"modified":"2024-10-23T02:17:59","modified_gmt":"2024-10-23T00:17:59","slug":"ne-faites-pas-ces-erreurs-lors-de-lachat-dune-nouvelle-secheuse","status":"publish","type":"post","link":"https:\/\/vieassociative.be\/actualites\/ne-faites-pas-ces-erreurs-lors-de-lachat-dune-nouvelle-secheuse\/","title":{"rendered":"Ne faites pas ces erreurs lors de l&rsquo;achat d&rsquo;une nouvelle s\u00e9cheuse"},"content":{"rendered":"<div class=\"mt-4 leading-6 md:mb-8\">Les machines \u00e0 laver sont disponibles en diff\u00e9rentes tailles et couleurs, ainsi que dans des configurations compl\u00e8tement diff\u00e9rentes.<\/div>\n<p><\/p>\n<p>Lorsque ma femme et moi avons achet\u00e9 notre premi\u00e8re maison, l\u2019\u00e9l\u00e9ment qui nous int\u00e9ressait le plus \u00e9tait la lessive. Les machines de la maison \u00e9taient anciennes, mais apr\u00e8s des ann\u00e9es pass\u00e9es \u00e0 aller \u00e0 la laverie chaque semaine, la chose la plus luxueuse \u00e0 laquelle nous pouvions penser \u00e9tait la perspective d&rsquo;une lessive \u00e0 la maison et \u00e0 la demande.<\/p>\n<p>Naturellement, la laveuse et la s\u00e9cheuse sont tomb\u00e9es en panne environ une semaine apr\u00e8s notre emm\u00e9nagement. J&rsquo;ai saut\u00e9 sur Internet pour acheter des remplacements, me sentant comme un vrai adulte&#8230; un vrai adulte incapable d&rsquo;acheter la bonne s\u00e9cheuse, apparemment. <\/p>\n<p>C&rsquo;est ce que j&rsquo;ai appris quelques jours plus tard, lorsque mes toutes nouvelles machines \u00e0 laver sont arriv\u00e9es et ont \u00e9t\u00e9 mises en place par des installateurs sans humour, qui ont rapidement d\u00e9couvert que j&rsquo;avais achet\u00e9 le mauvais article. Il s&rsquo;av\u00e8re qu&rsquo;il y a bien plus \u00e0 savoir sur les installations de buanderie de votre maison que de s&rsquo;assurer que vos machines tiennent dans l&rsquo;espace pr\u00e9vu. Voici ce qu&rsquo;il faut savoir pour \u00e9viter mon sort (\u00e0 savoir offrir un pourboire suppl\u00e9mentaire aux livreurs pour ramener le truc dans le camion).<\/p>\n<h2 id=\"gas-versus-electric-dryers\">S\u00e9cheuses \u00e0 gaz ou \u00e9lectriques<\/h2>\n<p>Lorsque j\u2019ai commenc\u00e9 \u00e0 chercher des machines \u00e0 laver de remplacement, la premi\u00e8re question \u00e0 laquelle je devais r\u00e9pondre \u00e9tait de savoir si je voulais une s\u00e9cheuse \u00e0 gaz ou une s\u00e9cheuse \u00e9lectrique. C\u2019\u00e9tait une nouvelle information pour moi et je n\u2019avais aucune id\u00e9e de l\u2019existence des s\u00e9choirs \u00e0 gaz. J&rsquo;ai utilis\u00e9 la logique pour r\u00e9soudre le probl\u00e8me\u00a0: notre nouvelle maison \u00e9tait chauff\u00e9e au gaz et \u00e9quip\u00e9e d&rsquo;une cuisini\u00e8re \u00e0 gaz. Nous \u00e9tions une maison \u00e0 gaz. J&rsquo;ai donc achet\u00e9 un s\u00e8che-linge \u00e0 gaz. Il s\u2019est av\u00e9r\u00e9 que c\u2019\u00e9tait exactement le mauvais type de s\u00e8che-linge \u00e0 acheter.<\/p>\n<p>Ce qui peut \u00eatre un peu d\u00e9routant, c&rsquo;est le fait que les s\u00e9cheuses \u00e0 gaz, qui utilisent du gaz naturel ou du propane dans leur \u00e9l\u00e9ment chauffant, sont \u00e9galement branch\u00e9es au mur pour alimenter tout le reste. Le moyen le plus simple de d\u00e9terminer le type de s\u00e8che-linge dont vous avez besoin est de regarder \u00e0 l\u2019arri\u00e8re de celui que vous poss\u00e9dez d\u00e9j\u00e0. Il y aura une conduite de gaz et une vanne assez \u00e9videntes si vous avez besoin d&rsquo;une unit\u00e9 \u00e0 gaz, vous devriez donc acheter en cons\u00e9quence, \u00e0 moins que vous n&rsquo;ayez \u00e9galement pr\u00e9vu un budget pour r\u00e9nover vos installations existantes. <\/p>\n<h2 id=\"voltage\">Tension<\/h2>\n<p>Si vous avez besoin d&rsquo;une s\u00e9cheuse \u00e9lectrique, la prochaine information dont vous aurez besoin est la tension. <strong>Gaz<\/strong> les s\u00e8che-linge ont presque toujours besoin d&rsquo;une norme <strong>120 volts<\/strong> prise, qui utilise une prise d&rsquo;appareil standard, du type \u00e0 trois broches que vous trouverez sur la plupart de vos appareils.<\/p>\n<p>La plupart <strong>\u00e9lectrique<\/strong> utilisation des s\u00e8che-linge<strong> 240 volts<\/strong> les branchements, cependant, qui ont une fiche plus grande avec trois ou quatre broches, g\u00e9n\u00e9ralement inclin\u00e9es.<\/p>\n<p>Cependant, certaines s\u00e9cheuses \u00e9lectriques compactes n&rsquo;ont besoin que de branchements de 120 volts, vous ne pouvez donc pas simplement <em>supposer<\/em> vous avez besoin d&rsquo;un mod\u00e8le 240 volts. Si vous n&rsquo;\u00eates pas s\u00fbr, le mieux est encore une fois d&rsquo;\u00e9loigner l&rsquo;ancienne machine du mur et de jeter un \u0153il \u00e0 la prise. Si votre panneau \u00e9lectrique est bien marqu\u00e9, vous pouvez \u00e9galement jeter un \u0153il pour voir s&rsquo;il y a un double disjoncteur install\u00e9 pour votre s\u00e9cheuse, qui indiquerait un service de 240 volts.<\/p>\n<p>Une derni\u00e8re complication si vous avez besoin d\u2019une s\u00e9cheuse de 240 volts est le type de cordon. Les fiches \u00e0 trois broches de 240 volts ont \u00e9t\u00e9 officiellement remplac\u00e9es par des fiches \u00e0 quatre broches il y a quelques ann\u00e9es, mais il n&rsquo;est pas obligatoire que les gens changent les prises existantes, de sorte que les fabricants d&rsquo;appareils \u00e9lectrom\u00e9nagers ne peuvent pas \u00eatre s\u00fbrs du type de prise que vous avez dans votre maison. En cons\u00e9quence, ils n&rsquo;incluent souvent m\u00eame plus de cordon avec leur s\u00e9cheuse : vous devrez en acheter un s\u00e9par\u00e9ment et le c\u00e2bler, ou demander \u00e0 un installateur de le faire.<\/p>\n<h2 id=\"vented-or-unvented\">Ventil\u00e9 ou non<\/h2>\n<p>Une difficult\u00e9 relativement nouvelle dans le jeu des s\u00e8che-linge domestiques est la ventilation. Traditionnellement, <em>tous<\/em> les s\u00e9cheuses \u00e9taient ventil\u00e9es pour pomper l&rsquo;air chaud et charg\u00e9 de peluches hors de la maison pendant que vos v\u00eatements s\u00e9chaient. Plus r\u00e9cemment, cependant, les s\u00e9choirs sans ventilation (parfois appel\u00e9s s\u00e9choirs \u00e0 pompe \u00e0 chaleur) ont envahi le march\u00e9.<\/p>\n<p>Si vous choisissez une s\u00e9cheuse ventil\u00e9e, assurez-vous que votre maison dispose, vous savez, <em>un \u00e9vent<\/em>. Si vous installez une buanderie dans un nouvel endroit, ou si votre maison n&rsquo;avait pas de buanderie auparavant et que vous installez une nouvelle buanderie, vous n&rsquo;aurez peut-\u00eatre pas d&rsquo;\u00e9vent. Dans ce cas, vous devrez en installer un ou choisir un s\u00e8che-linge sans ventilation. Ces s\u00e9cheuses offrent leurs propres avantages et inconv\u00e9nients par rapport aux mod\u00e8les traditionnels, mais il ne fait aucun doute qu&rsquo;elles peuvent \u00eatre plus faciles \u00e0 installer, \u00e0 condition que vous disposiez du bon type de prise. Mais quoi que vous fassiez, n\u2019achetez pas de s\u00e9cheuse ventil\u00e9e si vous n\u2019avez pas d\u2019\u00e9vent et ne pr\u00e9voyez pas d\u2019en installer un, car \u00e9vacuer un tas d\u2019\u00e9chappement de s\u00e9cheuse dans votre maison est une tr\u00e8s mauvaise id\u00e9e.<\/p>\n","protected":false},"excerpt":{"rendered":"<p>Les machines \u00e0 laver sont disponibles en diff\u00e9rentes tailles et couleurs, ainsi que dans des configurations compl\u00e8tement diff\u00e9rentes. Lorsque ma femme et moi avons achet\u00e9<\/p>\n","protected":false},"author":1,"featured_media":1534,"comment_status":"","ping_status":"","sticky":false,"template":"","format":"standard","meta":{"footnotes":""},"categories":[40],"tags":[248,698,947,600,2128,353,491,126,2129],"class_list":["post-1533","post","type-post","status-publish","format-standard","has-post-thumbnail","hentry","category-maison","tag-ces","tag-dune","tag-erreurs","tag-faites","tag-lachat","tag-lors","tag-nouvelle","tag-pas","tag-secheuse","generate-columns","tablet-grid-50","mobile-grid-100","grid-parent","grid-33"],"yoast_head":"<!-- This site is optimized with the Yoast SEO plugin v24.0 - https:\/\/yoast.com\/wordpress\/plugins\/seo\/ -->\n<title>Ne faites pas ces erreurs lors de l&#039;achat d&#039;une nouvelle s\u00e9cheuse | Vie Associative<\/title>\n<meta name=\"robots\" content=\"index, follow, max-snippet:-1, max-image-preview:large, max-video-preview:-1\" \/>\n<link rel=\"canonical\" href=\"https:\/\/vieassociative.be\/actualites\/ne-faites-pas-ces-erreurs-lors-de-lachat-dune-nouvelle-secheuse\/\" \/>\n<meta property=\"og:locale\" content=\"fr_FR\" \/>\n<meta property=\"og:type\" content=\"article\" \/>\n<meta property=\"og:title\" content=\"Ne faites pas ces erreurs lors de l&#039;achat d&#039;une nouvelle s\u00e9cheuse | Vie Associative\" \/>\n<meta property=\"og:description\" content=\"Les machines \u00e0 laver sont disponibles en diff\u00e9rentes tailles et couleurs, ainsi que dans des configurations compl\u00e8tement diff\u00e9rentes. Lorsque ma femme et moi avons achet\u00e9\" \/>\n<meta property=\"og:url\" content=\"https:\/\/vieassociative.be\/actualites\/ne-faites-pas-ces-erreurs-lors-de-lachat-dune-nouvelle-secheuse\/\" \/>\n<meta property=\"og:site_name\" content=\"Vie Associative\" \/>\n<meta property=\"article:published_time\" content=\"2024-10-23T00:17:59+00:00\" \/>\n<meta property=\"og:image\" content=\"https:\/\/vieassociative.be\/actualites\/wp-content\/uploads\/2024\/09\/header_backgroundk-01-e1726694325946.png\" \/>\n\t<meta property=\"og:image:width\" content=\"279\" \/>\n\t<meta property=\"og:image:height\" content=\"92\" \/>\n\t<meta property=\"og:image:type\" content=\"image\/png\" \/>\n<meta name=\"author\" content=\"Julien\" \/>\n<meta name=\"twitter:card\" content=\"summary_large_image\" \/>\n<meta name=\"twitter:label1\" content=\"\u00c9crit par\" \/>\n\t<meta name=\"twitter:data1\" content=\"Julien\" \/>\n\t<meta name=\"twitter:label2\" content=\"Dur\u00e9e de lecture est.\" \/>\n\t<meta name=\"twitter:data2\" content=\"5 minutes\" \/>\n<script type=\"application\/ld+json\" class=\"yoast-schema-graph\">{\"@context\":\"https:\/\/schema.org\",\"@graph\":[{\"@type\":\"Article\",\"@id\":\"https:\/\/vieassociative.be\/actualites\/ne-faites-pas-ces-erreurs-lors-de-lachat-dune-nouvelle-secheuse\/#article\",\"isPartOf\":{\"@id\":\"https:\/\/vieassociative.be\/actualites\/ne-faites-pas-ces-erreurs-lors-de-lachat-dune-nouvelle-secheuse\/\"},\"author\":{\"name\":\"Julien\",\"@id\":\"https:\/\/vieassociative.be\/actualites\/#\/schema\/person\/b87ac4f82f9d4e7b7cec7395b679edc4\"},\"headline\":\"Ne faites pas ces erreurs lors de l&rsquo;achat d&rsquo;une nouvelle s\u00e9cheuse\",\"datePublished\":\"2024-10-23T00:17:59+00:00\",\"dateModified\":\"2024-10-23T00:17:59+00:00\",\"mainEntityOfPage\":{\"@id\":\"https:\/\/vieassociative.be\/actualites\/ne-faites-pas-ces-erreurs-lors-de-lachat-dune-nouvelle-secheuse\/\"},\"wordCount\":974,\"publisher\":{\"@id\":\"https:\/\/vieassociative.be\/actualites\/#organization\"},\"image\":{\"@id\":\"https:\/\/vieassociative.be\/actualites\/ne-faites-pas-ces-erreurs-lors-de-lachat-dune-nouvelle-secheuse\/#primaryimage\"},\"thumbnailUrl\":\"https:\/\/vieassociative.be\/actualites\/wp-content\/uploads\/2024\/10\/Ne-faites-pas-ces-erreurs-lors-de-lachat-dune-nouvelle.jpg\",\"keywords\":[\"ces\",\"dune\",\"erreurs\",\"faites\",\"lachat\",\"lors\",\"nouvelle\",\"pas\",\"s\u00e9cheuse\"],\"articleSection\":[\"Maison\"],\"inLanguage\":\"fr-BE\"},{\"@type\":\"WebPage\",\"@id\":\"https:\/\/vieassociative.be\/actualites\/ne-faites-pas-ces-erreurs-lors-de-lachat-dune-nouvelle-secheuse\/\",\"url\":\"https:\/\/vieassociative.be\/actualites\/ne-faites-pas-ces-erreurs-lors-de-lachat-dune-nouvelle-secheuse\/\",\"name\":\"Ne faites pas ces erreurs lors de l'achat d'une nouvelle s\u00e9cheuse | Vie Associative\",\"isPartOf\":{\"@id\":\"https:\/\/vieassociative.be\/actualites\/#website\"},\"primaryImageOfPage\":{\"@id\":\"https:\/\/vieassociative.be\/actualites\/ne-faites-pas-ces-erreurs-lors-de-lachat-dune-nouvelle-secheuse\/#primaryimage\"},\"image\":{\"@id\":\"https:\/\/vieassociative.be\/actualites\/ne-faites-pas-ces-erreurs-lors-de-lachat-dune-nouvelle-secheuse\/#primaryimage\"},\"thumbnailUrl\":\"https:\/\/vieassociative.be\/actualites\/wp-content\/uploads\/2024\/10\/Ne-faites-pas-ces-erreurs-lors-de-lachat-dune-nouvelle.jpg\",\"datePublished\":\"2024-10-23T00:17:59+00:00\",\"dateModified\":\"2024-10-23T00:17:59+00:00\",\"breadcrumb\":{\"@id\":\"https:\/\/vieassociative.be\/actualites\/ne-faites-pas-ces-erreurs-lors-de-lachat-dune-nouvelle-secheuse\/#breadcrumb\"},\"inLanguage\":\"fr-BE\",\"potentialAction\":[{\"@type\":\"ReadAction\",\"target\":[\"https:\/\/vieassociative.be\/actualites\/ne-faites-pas-ces-erreurs-lors-de-lachat-dune-nouvelle-secheuse\/\"]}]},{\"@type\":\"ImageObject\",\"inLanguage\":\"fr-BE\",\"@id\":\"https:\/\/vieassociative.be\/actualites\/ne-faites-pas-ces-erreurs-lors-de-lachat-dune-nouvelle-secheuse\/#primaryimage\",\"url\":\"https:\/\/vieassociative.be\/actualites\/wp-content\/uploads\/2024\/10\/Ne-faites-pas-ces-erreurs-lors-de-lachat-dune-nouvelle.jpg\",\"contentUrl\":\"https:\/\/vieassociative.be\/actualites\/wp-content\/uploads\/2024\/10\/Ne-faites-pas-ces-erreurs-lors-de-lachat-dune-nouvelle.jpg\",\"width\":1200,\"height\":675,\"caption\":\"Ne faites pas ces erreurs lors de l'achat d'une nouvelle s\u00e9cheuse\"},{\"@type\":\"BreadcrumbList\",\"@id\":\"https:\/\/vieassociative.be\/actualites\/ne-faites-pas-ces-erreurs-lors-de-lachat-dune-nouvelle-secheuse\/#breadcrumb\",\"itemListElement\":[{\"@type\":\"ListItem\",\"position\":1,\"name\":\"Accueil\",\"item\":\"https:\/\/vieassociative.be\/actualites\/\"},{\"@type\":\"ListItem\",\"position\":2,\"name\":\"Ne faites pas ces erreurs lors de l&rsquo;achat d&rsquo;une nouvelle s\u00e9cheuse\"}]},{\"@type\":\"WebSite\",\"@id\":\"https:\/\/vieassociative.be\/actualites\/#website\",\"url\":\"https:\/\/vieassociative.be\/actualites\/\",\"name\":\"Vie Associative\",\"description\":\"\",\"publisher\":{\"@id\":\"https:\/\/vieassociative.be\/actualites\/#organization\"},\"potentialAction\":[{\"@type\":\"SearchAction\",\"target\":{\"@type\":\"EntryPoint\",\"urlTemplate\":\"https:\/\/vieassociative.be\/actualites\/?s={search_term_string}\"},\"query-input\":{\"@type\":\"PropertyValueSpecification\",\"valueRequired\":true,\"valueName\":\"search_term_string\"}}],\"inLanguage\":\"fr-BE\"},{\"@type\":\"Organization\",\"@id\":\"https:\/\/vieassociative.be\/actualites\/#organization\",\"name\":\"Vie Associative\",\"url\":\"https:\/\/vieassociative.be\/actualites\/\",\"logo\":{\"@type\":\"ImageObject\",\"inLanguage\":\"fr-BE\",\"@id\":\"https:\/\/vieassociative.be\/actualites\/#\/schema\/logo\/image\/\",\"url\":\"https:\/\/vieassociative.be\/actualites\/wp-content\/uploads\/2024\/09\/cropped-vieassociative_favicon.ico.png\",\"contentUrl\":\"https:\/\/vieassociative.be\/actualites\/wp-content\/uploads\/2024\/09\/cropped-vieassociative_favicon.ico.png\",\"width\":512,\"height\":512,\"caption\":\"Vie Associative\"},\"image\":{\"@id\":\"https:\/\/vieassociative.be\/actualites\/#\/schema\/logo\/image\/\"}},{\"@type\":\"Person\",\"@id\":\"https:\/\/vieassociative.be\/actualites\/#\/schema\/person\/b87ac4f82f9d4e7b7cec7395b679edc4\",\"name\":\"Julien\",\"image\":{\"@type\":\"ImageObject\",\"inLanguage\":\"fr-BE\",\"@id\":\"https:\/\/vieassociative.be\/actualites\/#\/schema\/person\/image\/\",\"url\":\"https:\/\/vieassociative.be\/actualites\/wp-content\/uploads\/2024\/09\/vie-associative-1-150x150.jpg\",\"contentUrl\":\"https:\/\/vieassociative.be\/actualites\/wp-content\/uploads\/2024\/09\/vie-associative-1-150x150.jpg\",\"caption\":\"Julien\"},\"description\":\"Je suis Julien, r\u00e9dacteur pour Vie Associative. Passionn\u00e9 par le monde associatif depuis plus de 10 ans, j'ai \u00e0 c\u0153ur de partager des histoires inspirantes et de mettre en lumi\u00e8re les initiatives locales. Mon objectif est de sensibiliser et d'encourager l'engagement communautaire \u00e0 travers mes articles.\",\"sameAs\":[\"https:\/\/vieassociative.be\/\"]}]}<\/script>\n<!-- \/ Yoast SEO plugin. -->","yoast_head_json":{"title":"Ne faites pas ces erreurs lors de l'achat d'une nouvelle s\u00e9cheuse | Vie Associative","robots":{"index":"index","follow":"follow","max-snippet":"max-snippet:-1","max-image-preview":"max-image-preview:large","max-video-preview":"max-video-preview:-1"},"canonical":"https:\/\/vieassociative.be\/actualites\/ne-faites-pas-ces-erreurs-lors-de-lachat-dune-nouvelle-secheuse\/","og_locale":"fr_FR","og_type":"article","og_title":"Ne faites pas ces erreurs lors de l'achat d'une nouvelle s\u00e9cheuse | Vie Associative","og_description":"Les machines \u00e0 laver sont disponibles en diff\u00e9rentes tailles et couleurs, ainsi que dans des configurations compl\u00e8tement diff\u00e9rentes. Lorsque ma femme et moi avons achet\u00e9","og_url":"https:\/\/vieassociative.be\/actualites\/ne-faites-pas-ces-erreurs-lors-de-lachat-dune-nouvelle-secheuse\/","og_site_name":"Vie Associative","article_published_time":"2024-10-23T00:17:59+00:00","og_image":[{"width":279,"height":92,"url":"https:\/\/vieassociative.be\/actualites\/wp-content\/uploads\/2024\/09\/header_backgroundk-01-e1726694325946.png","type":"image\/png"}],"author":"Julien","twitter_card":"summary_large_image","twitter_misc":{"\u00c9crit par":"Julien","Dur\u00e9e de lecture est.":"5 minutes"},"schema":{"@context":"https:\/\/schema.org","@graph":[{"@type":"Article","@id":"https:\/\/vieassociative.be\/actualites\/ne-faites-pas-ces-erreurs-lors-de-lachat-dune-nouvelle-secheuse\/#article","isPartOf":{"@id":"https:\/\/vieassociative.be\/actualites\/ne-faites-pas-ces-erreurs-lors-de-lachat-dune-nouvelle-secheuse\/"},"author":{"name":"Julien","@id":"https:\/\/vieassociative.be\/actualites\/#\/schema\/person\/b87ac4f82f9d4e7b7cec7395b679edc4"},"headline":"Ne faites pas ces erreurs lors de l&rsquo;achat d&rsquo;une nouvelle s\u00e9cheuse","datePublished":"2024-10-23T00:17:59+00:00","dateModified":"2024-10-23T00:17:59+00:00","mainEntityOfPage":{"@id":"https:\/\/vieassociative.be\/actualites\/ne-faites-pas-ces-erreurs-lors-de-lachat-dune-nouvelle-secheuse\/"},"wordCount":974,"publisher":{"@id":"https:\/\/vieassociative.be\/actualites\/#organization"},"image":{"@id":"https:\/\/vieassociative.be\/actualites\/ne-faites-pas-ces-erreurs-lors-de-lachat-dune-nouvelle-secheuse\/#primaryimage"},"thumbnailUrl":"https:\/\/vieassociative.be\/actualites\/wp-content\/uploads\/2024\/10\/Ne-faites-pas-ces-erreurs-lors-de-lachat-dune-nouvelle.jpg","keywords":["ces","dune","erreurs","faites","lachat","lors","nouvelle","pas","s\u00e9cheuse"],"articleSection":["Maison"],"inLanguage":"fr-BE"},{"@type":"WebPage","@id":"https:\/\/vieassociative.be\/actualites\/ne-faites-pas-ces-erreurs-lors-de-lachat-dune-nouvelle-secheuse\/","url":"https:\/\/vieassociative.be\/actualites\/ne-faites-pas-ces-erreurs-lors-de-lachat-dune-nouvelle-secheuse\/","name":"Ne faites pas ces erreurs lors de l'achat d'une nouvelle s\u00e9cheuse | Vie Associative","isPartOf":{"@id":"https:\/\/vieassociative.be\/actualites\/#website"},"primaryImageOfPage":{"@id":"https:\/\/vieassociative.be\/actualites\/ne-faites-pas-ces-erreurs-lors-de-lachat-dune-nouvelle-secheuse\/#primaryimage"},"image":{"@id":"https:\/\/vieassociative.be\/actualites\/ne-faites-pas-ces-erreurs-lors-de-lachat-dune-nouvelle-secheuse\/#primaryimage"},"thumbnailUrl":"https:\/\/vieassociative.be\/actualites\/wp-content\/uploads\/2024\/10\/Ne-faites-pas-ces-erreurs-lors-de-lachat-dune-nouvelle.jpg","datePublished":"2024-10-23T00:17:59+00:00","dateModified":"2024-10-23T00:17:59+00:00","breadcrumb":{"@id":"https:\/\/vieassociative.be\/actualites\/ne-faites-pas-ces-erreurs-lors-de-lachat-dune-nouvelle-secheuse\/#breadcrumb"},"inLanguage":"fr-BE","potentialAction":[{"@type":"ReadAction","target":["https:\/\/vieassociative.be\/actualites\/ne-faites-pas-ces-erreurs-lors-de-lachat-dune-nouvelle-secheuse\/"]}]},{"@type":"ImageObject","inLanguage":"fr-BE","@id":"https:\/\/vieassociative.be\/actualites\/ne-faites-pas-ces-erreurs-lors-de-lachat-dune-nouvelle-secheuse\/#primaryimage","url":"https:\/\/vieassociative.be\/actualites\/wp-content\/uploads\/2024\/10\/Ne-faites-pas-ces-erreurs-lors-de-lachat-dune-nouvelle.jpg","contentUrl":"https:\/\/vieassociative.be\/actualites\/wp-content\/uploads\/2024\/10\/Ne-faites-pas-ces-erreurs-lors-de-lachat-dune-nouvelle.jpg","width":1200,"height":675,"caption":"Ne faites pas ces erreurs lors de l'achat d'une nouvelle s\u00e9cheuse"},{"@type":"BreadcrumbList","@id":"https:\/\/vieassociative.be\/actualites\/ne-faites-pas-ces-erreurs-lors-de-lachat-dune-nouvelle-secheuse\/#breadcrumb","itemListElement":[{"@type":"ListItem","position":1,"name":"Accueil","item":"https:\/\/vieassociative.be\/actualites\/"},{"@type":"ListItem","position":2,"name":"Ne faites pas ces erreurs lors de l&rsquo;achat d&rsquo;une nouvelle s\u00e9cheuse"}]},{"@type":"WebSite","@id":"https:\/\/vieassociative.be\/actualites\/#website","url":"https:\/\/vieassociative.be\/actualites\/","name":"Vie Associative","description":"","publisher":{"@id":"https:\/\/vieassociative.be\/actualites\/#organization"},"potentialAction":[{"@type":"SearchAction","target":{"@type":"EntryPoint","urlTemplate":"https:\/\/vieassociative.be\/actualites\/?s={search_term_string}"},"query-input":{"@type":"PropertyValueSpecification","valueRequired":true,"valueName":"search_term_string"}}],"inLanguage":"fr-BE"},{"@type":"Organization","@id":"https:\/\/vieassociative.be\/actualites\/#organization","name":"Vie Associative","url":"https:\/\/vieassociative.be\/actualites\/","logo":{"@type":"ImageObject","inLanguage":"fr-BE","@id":"https:\/\/vieassociative.be\/actualites\/#\/schema\/logo\/image\/","url":"https:\/\/vieassociative.be\/actualites\/wp-content\/uploads\/2024\/09\/cropped-vieassociative_favicon.ico.png","contentUrl":"https:\/\/vieassociative.be\/actualites\/wp-content\/uploads\/2024\/09\/cropped-vieassociative_favicon.ico.png","width":512,"height":512,"caption":"Vie Associative"},"image":{"@id":"https:\/\/vieassociative.be\/actualites\/#\/schema\/logo\/image\/"}},{"@type":"Person","@id":"https:\/\/vieassociative.be\/actualites\/#\/schema\/person\/b87ac4f82f9d4e7b7cec7395b679edc4","name":"Julien","image":{"@type":"ImageObject","inLanguage":"fr-BE","@id":"https:\/\/vieassociative.be\/actualites\/#\/schema\/person\/image\/","url":"https:\/\/vieassociative.be\/actualites\/wp-content\/uploads\/2024\/09\/vie-associative-1-150x150.jpg","contentUrl":"https:\/\/vieassociative.be\/actualites\/wp-content\/uploads\/2024\/09\/vie-associative-1-150x150.jpg","caption":"Julien"},"description":"Je suis Julien, r\u00e9dacteur pour Vie Associative. Passionn\u00e9 par le monde associatif depuis plus de 10 ans, j'ai \u00e0 c\u0153ur de partager des histoires inspirantes et de mettre en lumi\u00e8re les initiatives locales. Mon objectif est de sensibiliser et d'encourager l'engagement communautaire \u00e0 travers mes articles.","sameAs":["https:\/\/vieassociative.be\/"]}]}},"_links":{"self":[{"href":"https:\/\/vieassociative.be\/actualites\/wp-json\/wp\/v2\/posts\/1533"}],"collection":[{"href":"https:\/\/vieassociative.be\/actualites\/wp-json\/wp\/v2\/posts"}],"about":[{"href":"https:\/\/vieassociative.be\/actualites\/wp-json\/wp\/v2\/types\/post"}],"author":[{"embeddable":true,"href":"https:\/\/vieassociative.be\/actualites\/wp-json\/wp\/v2\/users\/1"}],"replies":[{"embeddable":true,"href":"https:\/\/vieassociative.be\/actualites\/wp-json\/wp\/v2\/comments?post=1533"}],"version-history":[{"count":0,"href":"https:\/\/vieassociative.be\/actualites\/wp-json\/wp\/v2\/posts\/1533\/revisions"}],"wp:featuredmedia":[{"embeddable":true,"href":"https:\/\/vieassociative.be\/actualites\/wp-json\/wp\/v2\/media\/1534"}],"wp:attachment":[{"href":"https:\/\/vieassociative.be\/actualites\/wp-json\/wp\/v2\/media?parent=1533"}],"wp:term":[{"taxonomy":"category","embeddable":true,"href":"https:\/\/vieassociative.be\/actualites\/wp-json\/wp\/v2\/categories?post=1533"},{"taxonomy":"post_tag","embeddable":true,"href":"https:\/\/vieassociative.be\/actualites\/wp-json\/wp\/v2\/tags?post=1533"}],"curies":[{"name":"wp","href":"https:\/\/api.w.org\/{rel}","templated":true}]}}