{"id":1531,"date":"2024-10-23T00:17:31","date_gmt":"2024-10-22T22:17:31","guid":{"rendered":"https:\/\/vieassociative.be\/actualites\/ma-facon-preferee-de-me-motiver-a-nettoyer-un-peu-chaque-jour\/"},"modified":"2024-10-23T00:17:31","modified_gmt":"2024-10-22T22:17:31","slug":"ma-facon-preferee-de-me-motiver-a-nettoyer-un-peu-chaque-jour","status":"publish","type":"post","link":"https:\/\/vieassociative.be\/actualites\/ma-facon-preferee-de-me-motiver-a-nettoyer-un-peu-chaque-jour\/","title":{"rendered":"Ma fa\u00e7on pr\u00e9f\u00e9r\u00e9e de me motiver \u00e0 nettoyer un peu chaque jour"},"content":{"rendered":"<div class=\"mt-4 leading-6 md:mb-8\">C\u2019est mon astuce personnelle pour ne pas me laisser submerger par une maison en d\u00e9sordre.<\/div>\n<p><\/p>\n<p>J&rsquo;ai besoin de beaucoup de motivation pour nettoyer ; Je ne termine certainement pas une journ\u00e9e de travail en me disant : \u00ab Ce serait relaxant de passer l&rsquo;aspirateur et de faire la lessive en ce moment \u00bb. Parfois, je peux me plonger dans l&rsquo;esprit en suivant des techniques ou en utilisant un syst\u00e8me de r\u00e9compense, comme regarder une \u00e9mission pr\u00e9f\u00e9r\u00e9e pendant que je le fais. D&rsquo;autres fois, la motivation totale m&rsquo;\u00e9chappe, mais m\u00eame dans ce cas, il y a une chose que je fais pour en garder certains en vie. <\/p>\n<h2 id=\"my-trick-for-maintaining-the-motivation-to-clean\">Mon astuce pour maintenir la motivation \u00e0 nettoyer<\/h2>\n<p>Je suis d&rsquo;avis que le nettoyage doit \u00eatre fait par rafales, afin de ne pas devenir \u00e9crasant. Quelle que soit la mani\u00e8re dont vous choisissez de planifier, cela d\u00e9pend de vous, mais j&rsquo;ai constat\u00e9 que m\u00eame si je ne veux pas nettoyer tout un d\u00e9sordre, comme m&rsquo;attaquer au salon ou \u00e0 la cuisine, j&rsquo;ai quand m\u00eame int\u00e9r\u00eat \u00e0 choisir simplement <em>un<\/em> chose \u00e0 nettoyer tous les soirs. <\/p>\n<p>Pour moi, c&rsquo;est ma table de salle \u00e0 manger. En le nettoyant tous les soirs, il n&rsquo;a pas la chance de s&rsquo;encombrer, m\u00eame s&rsquo;il essaie certainement, en accumulant du courrier, tout ce que je tiens lorsque j&rsquo;entre dans mon appartement, et toutes sortes d&rsquo;autres objets au cours d&rsquo;une journ\u00e9e moyenne. Mais peu importe \u2013 \u00e0 quel point je suis occup\u00e9, \u00e0 quel point je suis fatigu\u00e9, peu importe \u2013 je nettoie la table pendant la soir\u00e9e pour pouvoir m&rsquo;endormir en me sentant un peu accompli et me r\u00e9veiller avec quelque chose qui semble en ordre, m\u00eame s&rsquo;il y a encore d&rsquo;autres choses \u00e0 ranger plus tard. <\/p>\n<h2 id=\"why-this-cleaning-approach-works\">Pourquoi cette approche de nettoyage fonctionne<\/h2>\n<p>Tout d&rsquo;abord, pendant que je r\u00e9pare la table, je finis g\u00e9n\u00e9ralement par nettoyer ou organiser autre chose par d\u00e9faut, que ce soit la lessive, le courrier ou autre chose, puisque c&rsquo;est <em>sur<\/em> le tableau. Parfois, nettoyer la table me met davantage d\u2019humeur \u00e0 nettoyer, alors je finis par embellir d\u2019autres zones \u00e9galement. C&rsquo;est un boost de motivation et, comme c&rsquo;est quelque chose auquel je suis habitu\u00e9, je peux le faire un peu en pilote automatique et partir de l\u00e0. <\/p>\n<p>M\u00eame si je n&rsquo;ai pas envie de nettoyer autre chose, je me sens bien d&rsquo;avoir abord\u00e9 ne serait-ce qu&rsquo;une seule chose. Les sentiments d\u2019accomplissement sont essentiels pour \u00e9viter l\u2019\u00e9puisement professionnel et le sentiment d\u2019\u00eatre d\u00e9pass\u00e9. Quand je me r\u00e9veille et vois qu&rsquo;au moins quelque chose semble mis en place, je me souviens \u00e9galement que je peux aussi faire en sorte que tout le reste ressemble de cette fa\u00e7on, donc m\u00eame si la journ\u00e9e pr\u00e9c\u00e9dente n&rsquo;\u00e9tait pas une journ\u00e9e o\u00f9 j&rsquo;avais envie de faire un plus grand nettoyage- debout, ce jour peut certainement \u00eatre. <\/p>\n<p>Si vous avez du mal \u00e0 vous concentrer et \u00e0 \u00eatre motiv\u00e9 lorsque vous souhaitez faire le m\u00e9nage, identifiez un endroit de votre maison qui est fr\u00e9quemment encombr\u00e9 et mettez-vous au d\u00e9fi d&rsquo;en prendre soin tous les jours, quoi qu&rsquo;il arrive. Il peut s&rsquo;agir du bureau o\u00f9 vous travaillez \u00e0 la maison, d&rsquo;une table d&rsquo;appoint, du comptoir de la cuisine ou de tout autre endroit o\u00f9 beaucoup de choses s&rsquo;entassent. Apr\u00e8s quelques semaines, vous devriez remarquer l\u2019impact positif et, dans l\u2019ensemble, vous vous retrouverez avec un meilleur programme de nettoyage.<\/p>\n","protected":false},"excerpt":{"rendered":"<p>C\u2019est mon astuce personnelle pour ne pas me laisser submerger par une maison en d\u00e9sordre. J&rsquo;ai besoin de beaucoup de motivation pour nettoyer ; Je<\/p>\n","protected":false},"author":1,"featured_media":1532,"comment_status":"","ping_status":"","sticky":false,"template":"","format":"standard","meta":{"footnotes":""},"categories":[40],"tags":[90,531,53,2127,532,302,52],"class_list":["post-1531","post","type-post","status-publish","format-standard","has-post-thumbnail","hentry","category-maison","tag-chaque","tag-facon","tag-jour","tag-motiver","tag-nettoyer","tag-peu","tag-preferee","generate-columns","tablet-grid-50","mobile-grid-100","grid-parent","grid-33"],"yoast_head":"<!-- This site is optimized with the Yoast SEO plugin v24.0 - https:\/\/yoast.com\/wordpress\/plugins\/seo\/ -->\n<title>Ma fa\u00e7on pr\u00e9f\u00e9r\u00e9e de me motiver \u00e0 nettoyer un peu chaque jour | Vie Associative<\/title>\n<meta name=\"robots\" content=\"index, follow, max-snippet:-1, max-image-preview:large, max-video-preview:-1\" \/>\n<link rel=\"canonical\" href=\"https:\/\/vieassociative.be\/actualites\/ma-facon-preferee-de-me-motiver-a-nettoyer-un-peu-chaque-jour\/\" \/>\n<meta property=\"og:locale\" content=\"fr_FR\" \/>\n<meta property=\"og:type\" content=\"article\" \/>\n<meta property=\"og:title\" content=\"Ma fa\u00e7on pr\u00e9f\u00e9r\u00e9e de me motiver \u00e0 nettoyer un peu chaque jour | Vie Associative\" \/>\n<meta property=\"og:description\" content=\"C\u2019est mon astuce personnelle pour ne pas me laisser submerger par une maison en d\u00e9sordre. J&rsquo;ai besoin de beaucoup de motivation pour nettoyer ; Je\" \/>\n<meta property=\"og:url\" content=\"https:\/\/vieassociative.be\/actualites\/ma-facon-preferee-de-me-motiver-a-nettoyer-un-peu-chaque-jour\/\" \/>\n<meta property=\"og:site_name\" content=\"Vie Associative\" \/>\n<meta property=\"article:published_time\" content=\"2024-10-22T22:17:31+00:00\" \/>\n<meta property=\"og:image\" content=\"https:\/\/vieassociative.be\/actualites\/wp-content\/uploads\/2024\/09\/header_backgroundk-01-e1726694325946.png\" \/>\n\t<meta property=\"og:image:width\" content=\"279\" \/>\n\t<meta property=\"og:image:height\" content=\"92\" \/>\n\t<meta property=\"og:image:type\" content=\"image\/png\" \/>\n<meta name=\"author\" content=\"Julien\" \/>\n<meta name=\"twitter:card\" content=\"summary_large_image\" \/>\n<meta name=\"twitter:label1\" content=\"\u00c9crit par\" \/>\n\t<meta name=\"twitter:data1\" content=\"Julien\" \/>\n\t<meta name=\"twitter:label2\" content=\"Dur\u00e9e de lecture est.\" \/>\n\t<meta name=\"twitter:data2\" content=\"3 minutes\" \/>\n<script type=\"application\/ld+json\" class=\"yoast-schema-graph\">{\"@context\":\"https:\/\/schema.org\",\"@graph\":[{\"@type\":\"Article\",\"@id\":\"https:\/\/vieassociative.be\/actualites\/ma-facon-preferee-de-me-motiver-a-nettoyer-un-peu-chaque-jour\/#article\",\"isPartOf\":{\"@id\":\"https:\/\/vieassociative.be\/actualites\/ma-facon-preferee-de-me-motiver-a-nettoyer-un-peu-chaque-jour\/\"},\"author\":{\"name\":\"Julien\",\"@id\":\"https:\/\/vieassociative.be\/actualites\/#\/schema\/person\/b87ac4f82f9d4e7b7cec7395b679edc4\"},\"headline\":\"Ma fa\u00e7on pr\u00e9f\u00e9r\u00e9e de me motiver \u00e0 nettoyer un peu chaque jour\",\"datePublished\":\"2024-10-22T22:17:31+00:00\",\"dateModified\":\"2024-10-22T22:17:31+00:00\",\"mainEntityOfPage\":{\"@id\":\"https:\/\/vieassociative.be\/actualites\/ma-facon-preferee-de-me-motiver-a-nettoyer-un-peu-chaque-jour\/\"},\"wordCount\":632,\"publisher\":{\"@id\":\"https:\/\/vieassociative.be\/actualites\/#organization\"},\"image\":{\"@id\":\"https:\/\/vieassociative.be\/actualites\/ma-facon-preferee-de-me-motiver-a-nettoyer-un-peu-chaque-jour\/#primaryimage\"},\"thumbnailUrl\":\"https:\/\/vieassociative.be\/actualites\/wp-content\/uploads\/2024\/10\/Ma-facon-preferee-de-me-motiver-a-nettoyer-un-peu.png\",\"keywords\":[\"chaque\",\"fa\u00e7on\",\"jour\",\"motiver\",\"nettoyer\",\"peu\",\"pr\u00e9f\u00e9r\u00e9e\"],\"articleSection\":[\"Maison\"],\"inLanguage\":\"fr-BE\"},{\"@type\":\"WebPage\",\"@id\":\"https:\/\/vieassociative.be\/actualites\/ma-facon-preferee-de-me-motiver-a-nettoyer-un-peu-chaque-jour\/\",\"url\":\"https:\/\/vieassociative.be\/actualites\/ma-facon-preferee-de-me-motiver-a-nettoyer-un-peu-chaque-jour\/\",\"name\":\"Ma fa\u00e7on pr\u00e9f\u00e9r\u00e9e de me motiver \u00e0 nettoyer un peu chaque jour | Vie Associative\",\"isPartOf\":{\"@id\":\"https:\/\/vieassociative.be\/actualites\/#website\"},\"primaryImageOfPage\":{\"@id\":\"https:\/\/vieassociative.be\/actualites\/ma-facon-preferee-de-me-motiver-a-nettoyer-un-peu-chaque-jour\/#primaryimage\"},\"image\":{\"@id\":\"https:\/\/vieassociative.be\/actualites\/ma-facon-preferee-de-me-motiver-a-nettoyer-un-peu-chaque-jour\/#primaryimage\"},\"thumbnailUrl\":\"https:\/\/vieassociative.be\/actualites\/wp-content\/uploads\/2024\/10\/Ma-facon-preferee-de-me-motiver-a-nettoyer-un-peu.png\",\"datePublished\":\"2024-10-22T22:17:31+00:00\",\"dateModified\":\"2024-10-22T22:17:31+00:00\",\"breadcrumb\":{\"@id\":\"https:\/\/vieassociative.be\/actualites\/ma-facon-preferee-de-me-motiver-a-nettoyer-un-peu-chaque-jour\/#breadcrumb\"},\"inLanguage\":\"fr-BE\",\"potentialAction\":[{\"@type\":\"ReadAction\",\"target\":[\"https:\/\/vieassociative.be\/actualites\/ma-facon-preferee-de-me-motiver-a-nettoyer-un-peu-chaque-jour\/\"]}]},{\"@type\":\"ImageObject\",\"inLanguage\":\"fr-BE\",\"@id\":\"https:\/\/vieassociative.be\/actualites\/ma-facon-preferee-de-me-motiver-a-nettoyer-un-peu-chaque-jour\/#primaryimage\",\"url\":\"https:\/\/vieassociative.be\/actualites\/wp-content\/uploads\/2024\/10\/Ma-facon-preferee-de-me-motiver-a-nettoyer-un-peu.png\",\"contentUrl\":\"https:\/\/vieassociative.be\/actualites\/wp-content\/uploads\/2024\/10\/Ma-facon-preferee-de-me-motiver-a-nettoyer-un-peu.png\",\"width\":1200,\"height\":675,\"caption\":\"Ma fa\u00e7on pr\u00e9f\u00e9r\u00e9e de me motiver \u00e0 nettoyer un peu chaque jour\"},{\"@type\":\"BreadcrumbList\",\"@id\":\"https:\/\/vieassociative.be\/actualites\/ma-facon-preferee-de-me-motiver-a-nettoyer-un-peu-chaque-jour\/#breadcrumb\",\"itemListElement\":[{\"@type\":\"ListItem\",\"position\":1,\"name\":\"Accueil\",\"item\":\"https:\/\/vieassociative.be\/actualites\/\"},{\"@type\":\"ListItem\",\"position\":2,\"name\":\"Ma fa\u00e7on pr\u00e9f\u00e9r\u00e9e de me motiver \u00e0 nettoyer un peu chaque jour\"}]},{\"@type\":\"WebSite\",\"@id\":\"https:\/\/vieassociative.be\/actualites\/#website\",\"url\":\"https:\/\/vieassociative.be\/actualites\/\",\"name\":\"Vie Associative\",\"description\":\"\",\"publisher\":{\"@id\":\"https:\/\/vieassociative.be\/actualites\/#organization\"},\"potentialAction\":[{\"@type\":\"SearchAction\",\"target\":{\"@type\":\"EntryPoint\",\"urlTemplate\":\"https:\/\/vieassociative.be\/actualites\/?s={search_term_string}\"},\"query-input\":{\"@type\":\"PropertyValueSpecification\",\"valueRequired\":true,\"valueName\":\"search_term_string\"}}],\"inLanguage\":\"fr-BE\"},{\"@type\":\"Organization\",\"@id\":\"https:\/\/vieassociative.be\/actualites\/#organization\",\"name\":\"Vie Associative\",\"url\":\"https:\/\/vieassociative.be\/actualites\/\",\"logo\":{\"@type\":\"ImageObject\",\"inLanguage\":\"fr-BE\",\"@id\":\"https:\/\/vieassociative.be\/actualites\/#\/schema\/logo\/image\/\",\"url\":\"https:\/\/vieassociative.be\/actualites\/wp-content\/uploads\/2024\/09\/cropped-vieassociative_favicon.ico.png\",\"contentUrl\":\"https:\/\/vieassociative.be\/actualites\/wp-content\/uploads\/2024\/09\/cropped-vieassociative_favicon.ico.png\",\"width\":512,\"height\":512,\"caption\":\"Vie Associative\"},\"image\":{\"@id\":\"https:\/\/vieassociative.be\/actualites\/#\/schema\/logo\/image\/\"}},{\"@type\":\"Person\",\"@id\":\"https:\/\/vieassociative.be\/actualites\/#\/schema\/person\/b87ac4f82f9d4e7b7cec7395b679edc4\",\"name\":\"Julien\",\"image\":{\"@type\":\"ImageObject\",\"inLanguage\":\"fr-BE\",\"@id\":\"https:\/\/vieassociative.be\/actualites\/#\/schema\/person\/image\/\",\"url\":\"https:\/\/vieassociative.be\/actualites\/wp-content\/uploads\/2024\/09\/vie-associative-1-150x150.jpg\",\"contentUrl\":\"https:\/\/vieassociative.be\/actualites\/wp-content\/uploads\/2024\/09\/vie-associative-1-150x150.jpg\",\"caption\":\"Julien\"},\"description\":\"Je suis Julien, r\u00e9dacteur pour Vie Associative. Passionn\u00e9 par le monde associatif depuis plus de 10 ans, j'ai \u00e0 c\u0153ur de partager des histoires inspirantes et de mettre en lumi\u00e8re les initiatives locales. Mon objectif est de sensibiliser et d'encourager l'engagement communautaire \u00e0 travers mes articles.\",\"sameAs\":[\"https:\/\/vieassociative.be\/\"]}]}<\/script>\n<!-- \/ Yoast SEO plugin. -->","yoast_head_json":{"title":"Ma fa\u00e7on pr\u00e9f\u00e9r\u00e9e de me motiver \u00e0 nettoyer un peu chaque jour | Vie Associative","robots":{"index":"index","follow":"follow","max-snippet":"max-snippet:-1","max-image-preview":"max-image-preview:large","max-video-preview":"max-video-preview:-1"},"canonical":"https:\/\/vieassociative.be\/actualites\/ma-facon-preferee-de-me-motiver-a-nettoyer-un-peu-chaque-jour\/","og_locale":"fr_FR","og_type":"article","og_title":"Ma fa\u00e7on pr\u00e9f\u00e9r\u00e9e de me motiver \u00e0 nettoyer un peu chaque jour | Vie Associative","og_description":"C\u2019est mon astuce personnelle pour ne pas me laisser submerger par une maison en d\u00e9sordre. J&rsquo;ai besoin de beaucoup de motivation pour nettoyer ; Je","og_url":"https:\/\/vieassociative.be\/actualites\/ma-facon-preferee-de-me-motiver-a-nettoyer-un-peu-chaque-jour\/","og_site_name":"Vie Associative","article_published_time":"2024-10-22T22:17:31+00:00","og_image":[{"width":279,"height":92,"url":"https:\/\/vieassociative.be\/actualites\/wp-content\/uploads\/2024\/09\/header_backgroundk-01-e1726694325946.png","type":"image\/png"}],"author":"Julien","twitter_card":"summary_large_image","twitter_misc":{"\u00c9crit par":"Julien","Dur\u00e9e de lecture est.":"3 minutes"},"schema":{"@context":"https:\/\/schema.org","@graph":[{"@type":"Article","@id":"https:\/\/vieassociative.be\/actualites\/ma-facon-preferee-de-me-motiver-a-nettoyer-un-peu-chaque-jour\/#article","isPartOf":{"@id":"https:\/\/vieassociative.be\/actualites\/ma-facon-preferee-de-me-motiver-a-nettoyer-un-peu-chaque-jour\/"},"author":{"name":"Julien","@id":"https:\/\/vieassociative.be\/actualites\/#\/schema\/person\/b87ac4f82f9d4e7b7cec7395b679edc4"},"headline":"Ma fa\u00e7on pr\u00e9f\u00e9r\u00e9e de me motiver \u00e0 nettoyer un peu chaque jour","datePublished":"2024-10-22T22:17:31+00:00","dateModified":"2024-10-22T22:17:31+00:00","mainEntityOfPage":{"@id":"https:\/\/vieassociative.be\/actualites\/ma-facon-preferee-de-me-motiver-a-nettoyer-un-peu-chaque-jour\/"},"wordCount":632,"publisher":{"@id":"https:\/\/vieassociative.be\/actualites\/#organization"},"image":{"@id":"https:\/\/vieassociative.be\/actualites\/ma-facon-preferee-de-me-motiver-a-nettoyer-un-peu-chaque-jour\/#primaryimage"},"thumbnailUrl":"https:\/\/vieassociative.be\/actualites\/wp-content\/uploads\/2024\/10\/Ma-facon-preferee-de-me-motiver-a-nettoyer-un-peu.png","keywords":["chaque","fa\u00e7on","jour","motiver","nettoyer","peu","pr\u00e9f\u00e9r\u00e9e"],"articleSection":["Maison"],"inLanguage":"fr-BE"},{"@type":"WebPage","@id":"https:\/\/vieassociative.be\/actualites\/ma-facon-preferee-de-me-motiver-a-nettoyer-un-peu-chaque-jour\/","url":"https:\/\/vieassociative.be\/actualites\/ma-facon-preferee-de-me-motiver-a-nettoyer-un-peu-chaque-jour\/","name":"Ma fa\u00e7on pr\u00e9f\u00e9r\u00e9e de me motiver \u00e0 nettoyer un peu chaque jour | Vie Associative","isPartOf":{"@id":"https:\/\/vieassociative.be\/actualites\/#website"},"primaryImageOfPage":{"@id":"https:\/\/vieassociative.be\/actualites\/ma-facon-preferee-de-me-motiver-a-nettoyer-un-peu-chaque-jour\/#primaryimage"},"image":{"@id":"https:\/\/vieassociative.be\/actualites\/ma-facon-preferee-de-me-motiver-a-nettoyer-un-peu-chaque-jour\/#primaryimage"},"thumbnailUrl":"https:\/\/vieassociative.be\/actualites\/wp-content\/uploads\/2024\/10\/Ma-facon-preferee-de-me-motiver-a-nettoyer-un-peu.png","datePublished":"2024-10-22T22:17:31+00:00","dateModified":"2024-10-22T22:17:31+00:00","breadcrumb":{"@id":"https:\/\/vieassociative.be\/actualites\/ma-facon-preferee-de-me-motiver-a-nettoyer-un-peu-chaque-jour\/#breadcrumb"},"inLanguage":"fr-BE","potentialAction":[{"@type":"ReadAction","target":["https:\/\/vieassociative.be\/actualites\/ma-facon-preferee-de-me-motiver-a-nettoyer-un-peu-chaque-jour\/"]}]},{"@type":"ImageObject","inLanguage":"fr-BE","@id":"https:\/\/vieassociative.be\/actualites\/ma-facon-preferee-de-me-motiver-a-nettoyer-un-peu-chaque-jour\/#primaryimage","url":"https:\/\/vieassociative.be\/actualites\/wp-content\/uploads\/2024\/10\/Ma-facon-preferee-de-me-motiver-a-nettoyer-un-peu.png","contentUrl":"https:\/\/vieassociative.be\/actualites\/wp-content\/uploads\/2024\/10\/Ma-facon-preferee-de-me-motiver-a-nettoyer-un-peu.png","width":1200,"height":675,"caption":"Ma fa\u00e7on pr\u00e9f\u00e9r\u00e9e de me motiver \u00e0 nettoyer un peu chaque jour"},{"@type":"BreadcrumbList","@id":"https:\/\/vieassociative.be\/actualites\/ma-facon-preferee-de-me-motiver-a-nettoyer-un-peu-chaque-jour\/#breadcrumb","itemListElement":[{"@type":"ListItem","position":1,"name":"Accueil","item":"https:\/\/vieassociative.be\/actualites\/"},{"@type":"ListItem","position":2,"name":"Ma fa\u00e7on pr\u00e9f\u00e9r\u00e9e de me motiver \u00e0 nettoyer un peu chaque jour"}]},{"@type":"WebSite","@id":"https:\/\/vieassociative.be\/actualites\/#website","url":"https:\/\/vieassociative.be\/actualites\/","name":"Vie Associative","description":"","publisher":{"@id":"https:\/\/vieassociative.be\/actualites\/#organization"},"potentialAction":[{"@type":"SearchAction","target":{"@type":"EntryPoint","urlTemplate":"https:\/\/vieassociative.be\/actualites\/?s={search_term_string}"},"query-input":{"@type":"PropertyValueSpecification","valueRequired":true,"valueName":"search_term_string"}}],"inLanguage":"fr-BE"},{"@type":"Organization","@id":"https:\/\/vieassociative.be\/actualites\/#organization","name":"Vie Associative","url":"https:\/\/vieassociative.be\/actualites\/","logo":{"@type":"ImageObject","inLanguage":"fr-BE","@id":"https:\/\/vieassociative.be\/actualites\/#\/schema\/logo\/image\/","url":"https:\/\/vieassociative.be\/actualites\/wp-content\/uploads\/2024\/09\/cropped-vieassociative_favicon.ico.png","contentUrl":"https:\/\/vieassociative.be\/actualites\/wp-content\/uploads\/2024\/09\/cropped-vieassociative_favicon.ico.png","width":512,"height":512,"caption":"Vie Associative"},"image":{"@id":"https:\/\/vieassociative.be\/actualites\/#\/schema\/logo\/image\/"}},{"@type":"Person","@id":"https:\/\/vieassociative.be\/actualites\/#\/schema\/person\/b87ac4f82f9d4e7b7cec7395b679edc4","name":"Julien","image":{"@type":"ImageObject","inLanguage":"fr-BE","@id":"https:\/\/vieassociative.be\/actualites\/#\/schema\/person\/image\/","url":"https:\/\/vieassociative.be\/actualites\/wp-content\/uploads\/2024\/09\/vie-associative-1-150x150.jpg","contentUrl":"https:\/\/vieassociative.be\/actualites\/wp-content\/uploads\/2024\/09\/vie-associative-1-150x150.jpg","caption":"Julien"},"description":"Je suis Julien, r\u00e9dacteur pour Vie Associative. Passionn\u00e9 par le monde associatif depuis plus de 10 ans, j'ai \u00e0 c\u0153ur de partager des histoires inspirantes et de mettre en lumi\u00e8re les initiatives locales. Mon objectif est de sensibiliser et d'encourager l'engagement communautaire \u00e0 travers mes articles.","sameAs":["https:\/\/vieassociative.be\/"]}]}},"_links":{"self":[{"href":"https:\/\/vieassociative.be\/actualites\/wp-json\/wp\/v2\/posts\/1531"}],"collection":[{"href":"https:\/\/vieassociative.be\/actualites\/wp-json\/wp\/v2\/posts"}],"about":[{"href":"https:\/\/vieassociative.be\/actualites\/wp-json\/wp\/v2\/types\/post"}],"author":[{"embeddable":true,"href":"https:\/\/vieassociative.be\/actualites\/wp-json\/wp\/v2\/users\/1"}],"replies":[{"embeddable":true,"href":"https:\/\/vieassociative.be\/actualites\/wp-json\/wp\/v2\/comments?post=1531"}],"version-history":[{"count":0,"href":"https:\/\/vieassociative.be\/actualites\/wp-json\/wp\/v2\/posts\/1531\/revisions"}],"wp:featuredmedia":[{"embeddable":true,"href":"https:\/\/vieassociative.be\/actualites\/wp-json\/wp\/v2\/media\/1532"}],"wp:attachment":[{"href":"https:\/\/vieassociative.be\/actualites\/wp-json\/wp\/v2\/media?parent=1531"}],"wp:term":[{"taxonomy":"category","embeddable":true,"href":"https:\/\/vieassociative.be\/actualites\/wp-json\/wp\/v2\/categories?post=1531"},{"taxonomy":"post_tag","embeddable":true,"href":"https:\/\/vieassociative.be\/actualites\/wp-json\/wp\/v2\/tags?post=1531"}],"curies":[{"name":"wp","href":"https:\/\/api.w.org\/{rel}","templated":true}]}}