{"id":1529,"date":"2024-10-22T23:17:27","date_gmt":"2024-10-22T21:17:27","guid":{"rendered":"https:\/\/vieassociative.be\/actualites\/comment-reperer-un-vampire-emotionnel-et-savoir-si-vous-en-etes-un\/"},"modified":"2024-10-22T23:17:27","modified_gmt":"2024-10-22T21:17:27","slug":"comment-reperer-un-vampire-emotionnel-et-savoir-si-vous-en-etes-un","status":"publish","type":"post","link":"https:\/\/vieassociative.be\/actualites\/comment-reperer-un-vampire-emotionnel-et-savoir-si-vous-en-etes-un\/","title":{"rendered":"Comment rep\u00e9rer un \u00ab vampire \u00e9motionnel \u00bb (et savoir si vous en \u00eates un)"},"content":{"rendered":"<div class=\"mt-4 leading-6 md:mb-8\">Si un ami vous draine r\u00e9guli\u00e8rement de votre \u00e9nergie, vous \u00eates peut-\u00eatre en train d&rsquo;en \u00eatre un.<\/div>\n<p><\/p>\n<p>Vous n&rsquo;avez pas besoin de savoir ce qu&rsquo;est un \u00ab vampire \u00e9motionnel \u00bb pour savoir vraiment de quoi il s&rsquo;agit. Que font les vampires ? Ils sucent le sang des gens. Alors, que pouvons-nous raisonnablement supposer <em>\u00e9motionnel <\/em>les vampires le font ? C&rsquo;est vrai : ils aspirent l&rsquo;\u00e9nergie des gens. Cependant, il est un peu plus difficile de savoir si vous \u00eates entour\u00e9 de ces sangsues tueuses d&rsquo;ambiance ou si vous en \u00eates une vous-m\u00eame que de d\u00e9duire ce qu&rsquo;elles sont. Voici comment reconna\u00eetre les vampires \u00e9motionnels et sociaux et \u00eatre s\u00fbr que vous n\u2019en faites pas partie.<\/p>\n<h2 id=\"how-to-identify-an-emotional-vampires\"><strong>Comment identifier un vampire \u00e9motionnel<\/strong><\/h2>\n<p>Vous saurez que vous avez c\u00f4toy\u00e9 un vampire \u00e9motionnel lorsque vous rentrerez chez vous et que vous pousserez un soupir de soulagement d&rsquo;\u00eatre loin d&rsquo;eux &#8211; et que vous pourrez toujours sentir leurs crocs m\u00e9taphoriques. Et ils peuvent \u00eatre n&rsquo;importe o\u00f9 : vous pourriez les rencontrer dans votre propre famille, parmi votre groupe d&rsquo;amis ou au travail.<\/p>\n<p>\u00ab\u00a0Les vampires \u00e9motionnels sont appel\u00e9s ainsi parce qu&rsquo;ils aspirent l&rsquo;\u00e9nergie \u00e9motionnelle de presque tout le monde dans leur vie\u00a0\u00bb, a expliqu\u00e9 le Dr Marni Feuerman, psychoth\u00e9rapeute \u00e0 Boca Raton, en Floride, et auteur de <em>Fant\u00f4me et fil d&rsquo;Ariane\u00a0: arr\u00eatez de tomber amoureux des hommes indisponibles et soyez intelligent en mati\u00e8re de relations saines. \u00ab\u00a0<\/em>Ces personnes sont souvent d\u00e9crites comme \u00ab \u00e9puisantes \u00bb ou \u00ab accablantes \u00bb car elles n\u00e9cessitent une validation et une attention constantes. Ils semblent souvent vivre une crise grave, une litanie de plaintes et une attitude de type \u00ab\u00a0pourquoi la vie est-elle injuste pour moi\u00a0\u00bb. La relation n\u2019est pas r\u00e9ciproque. <\/p>\n<p>Vous pouvez \u00e9galement rencontrer des vampires \u00e9motionnels ou sociaux dans votre vie amoureuse. <\/p>\n<p>\u00ab\u00a0Je veux que vous pensiez \u00e0 la personne dans votre vie qui vous dynamise, qui vous rend heureux, qui vous donne confiance\u00a0\u00bb, a d\u00e9clar\u00e9 Logan Ury, directeur de la science des relations chez Hinge. \u00abC&rsquo;est votre gars du penthouse. Ils vous \u00e9l\u00e8vent. Maintenant, je veux que vous pensiez \u00e0 quelqu\u2019un qui vous fait vous sentir petit, d\u00e9prim\u00e9, sans \u00e9nergie. C&rsquo;est votre homme du sous-sol. Ils vous rabaissent. Un autre mot pour d\u00e9signer la personne du sous-sol est \u00ab\u00a0vampire social\u00a0\u00bb, quelqu&rsquo;un qui vous suce la vie. Lorsque vous avez un rendez-vous, demandez-vous\u00a0: \u00ab\u00a0Est-ce une personne qui habite dans un penthouse ou une personne qui habite au sous-sol\u00a0?\u00a0\u00bb Cette question vous aidera \u00e0 pr\u00eater attention \u00e0 ce qui compte vraiment et \u00e0 moins vous soucier de ce qui ne compte pas.<\/p>\n<p>Bref, vous remarquerez si vous avez affaire \u00e0 quelqu&rsquo;un qui aspire votre \u00e9nergie \u00e9motionnelle, \u00e0 condition que vous soyez attentif aux signes.<\/p>\n<h2 id=\"how-do-you-know-if-youre-the-emotional-vampire\"><strong>Comment savoir si <em>tu es<\/em> le vampire \u00e9motionnel ?<\/strong><\/h2>\n<p>Reconna\u00eetre les vampires \u00e9motionnels dans votre vie demande un peu de pratique et de perspicacit\u00e9, mais ce n&rsquo;est rien compar\u00e9 \u00e0 ce qui est n\u00e9cessaire pour d\u00e9terminer si c&rsquo;est vous qui drainez l&rsquo;\u00e9nergie de vos amis et coll\u00e8gues.<\/p>\n<p>\u00ab\u00a0Du point de vue du vampire \u00e9motionnel, ils ont le sentiment que les autres ne les comprennent pas, que la vie est injuste, que les autres ne leur fournissent pas suffisamment d&rsquo;aide, de temps et d&rsquo;attention\u00a0\u00bb, a d\u00e9clar\u00e9 Feuerman. \u00abIls se retrouvent \u00e9galement souvent en conflit avec leurs amis et leur famille ou se font soudainement abandonner sans explication apparente. La meilleure fa\u00e7on pour un vampire \u00e9motionnel de reconna\u00eetre cela est de regarder en arri\u00e8re au fil des ann\u00e9es ses relations \u00e9troites pass\u00e9es et actuelles et de discerner si cela semble \u00eatre un mod\u00e8le de longue date ou un th\u00e8me commun tout au long de sa vie.<\/p>\n<p>\u00ab\u00a0L&rsquo;un des principaux \u00e9l\u00e9ments du fait d&rsquo;\u00eatre un vampire \u00e9nerg\u00e9tique est d&rsquo;avoir de mauvaises limites et de compter sur vos interactions avec les autres pour vous sentir bien dans votre peau\u00a0\u00bb, a ajout\u00e9 Brooke Sprowl, directrice clinique et fondatrice de My LA Therapy et auteur du livre \u00e0 para\u00eetre, <em>Pourquoi devriez-vous sortir avec des hommes \u00e9motionnellement indisponibles<\/em>. \u00ab\u00a0(Cela) peut \u00eatre tr\u00e8s \u00e9puisant et d\u00e9courager les gens.\u00a0\u00bb <\/p>\n<p>Demandez-vous\u00a0: faites<em> <\/em>tu as de mauvaises limites ? Sont<em> <\/em>comptez-vous sur vos interactions avec les autres pour vous apaiser, plut\u00f4t que de compter sur eux pour une connexion mutuellement b\u00e9n\u00e9fique\u00a0? <\/p>\n<h2 id=\"what-to-do-about-emotional-vampirism\"><strong>Que faire en cas de vampirisme \u00e9motionnel<\/strong><\/h2>\n<p>Si vous \u00eates le vampire \u00e9motionnel ici, prenez des mesures pour \u00eatre plus conscient de vos interactions avec les autres : parlez moins, \u00e9coutez davantage et assurez-vous que vos interactions et conversations sont plus \u00e9quilibr\u00e9es. Travaillez activement pour interagir davantage avec vos coll\u00e8gues et amis sur leur vie. Et lorsque vous abordez le sujet, soyez ouvert aux commentaires.<\/p>\n<p>Si tu as affaire \u00e0 quelqu&rsquo;un qui est nul <em>ton<\/em> l&rsquo;\u00e9nergie, tout d&rsquo;abord, comprenez que ce n&rsquo;est pas quelque chose que vous devez simplement \u2013 \u200b\u200bou devriez \u2013 g\u00e9rer. Il peut \u00eatre pr\u00e9judiciable pour vous de laisser cela continuer. <\/p>\n<p>\u00ab\u00a0Un vampire \u00e9motionnel n\u00e9cessite tellement de concentration, d&rsquo;attention et d&rsquo;\u00e9nergie \u00e9motionnelle qu&rsquo;il n&rsquo;en restera plus pour vous\u00a0\u00bb, a d\u00e9clar\u00e9 Feuerman. \u00ab En fait, ils semblent s\u2019\u00e9panouir gr\u00e2ce aux r\u00e9actions \u00e9motionnelles des autres.<em> <\/em>\u00e0 leur r\u00e9cit de vie. Leur estime de soi est faible. Le facteur d\u00e9terminant est le manque de conscience de soi quant \u00e0 la fa\u00e7on dont ils se pr\u00e9sentent aux autres membres de leur entourage.<\/p>\n<p>Le fait qu&rsquo;\u00ab il n&rsquo;en restera plus pour vous \u00bb est une pr\u00e9occupation majeure. Vous m\u00e9ritez d\u2019\u00eatre heureux, \u00e9panoui et en bonne sant\u00e9, donc si quelqu\u2019un vous aspire cela, cela doit cesser. Feuerman a recommand\u00e9 trois mesures que vous pouvez prendre pour progresser progressivement vers la coupure de contact avec la personne\u00a0: r\u00e9duire vos attentes, garder les choses superficielles et, enfin, limiter les contacts. <\/p>\n<p>Mais avant tout, communiquez. Dites clairement que cette personne vous vide de votre \u00e9nergie et que vous aimeriez que la relation soit plus r\u00e9ciproque. S&rsquo;ils n&rsquo;apportent pas de changements, r\u00e9duisez vos attentes. \u00c0 partir de l\u00e0, a d\u00e9clar\u00e9 Feuerman, vous pouvez conserver la relation, mais vous avez \u00e9galement le pouvoir d\u2019emp\u00eacher toute conversation de devenir trop profonde. Les \u00e9changes superficiels sont moins exigeants sur le plan \u00e9motionnel. En fin de compte, m\u00eame limiter les contacts n\u00e9cessitera une certaine communication de votre part, si vous le faites de mani\u00e8re responsable. <\/p>\n<p>\u00ab Vous pouvez fixer des limites aux plaintes en disant : &lsquo;J&rsquo;entends ce que vous dites.&rsquo; Voulez-vous parler de solutions maintenant ? \u00bb, a d\u00e9clar\u00e9 Feuerman. \u00ab Vous devriez \u00e9galement planifier vos strat\u00e9gies de sortie \u00e0 l\u2019avance pour les moments o\u00f9 vous pourriez vous sentir coinc\u00e9. Vous pouvez \u00e9galement dire : \u00ab Je suis d\u00e9sol\u00e9 de ce qui vous arrive \u00bb lorsqu&rsquo;ils parlent de leur dernier drame. Pas besoin d\u2019offrir de l\u2019aide, des conseils ou des suggestions.<\/p>\n<p>Ne plus s&rsquo;engager dans un comportement qui sape <em>ton <\/em>l\u2019\u00e9nergie peut leur montrer qu\u2019ils doivent faire un changement. <\/p>\n<p><\/p>\n","protected":false},"excerpt":{"rendered":"<p>Si un ami vous draine r\u00e9guli\u00e8rement de votre \u00e9nergie, vous \u00eates peut-\u00eatre en train d&rsquo;en \u00eatre un. Vous n&rsquo;avez pas besoin de savoir ce qu&rsquo;est<\/p>\n","protected":false},"author":1,"featured_media":1530,"comment_status":"","ping_status":"","sticky":false,"template":"","format":"standard","meta":{"footnotes":""},"categories":[42],"tags":[44,2126,184,604,183,2125,4],"class_list":["post-1529","post","type-post","status-publish","format-standard","has-post-thumbnail","hentry","category-relations","tag-comment","tag-emotionnel","tag-etes","tag-reperer","tag-savoir","tag-vampire","tag-vous","generate-columns","tablet-grid-50","mobile-grid-100","grid-parent","grid-33"],"yoast_head":"<!-- This site is optimized with the Yoast SEO plugin v24.0 - https:\/\/yoast.com\/wordpress\/plugins\/seo\/ -->\n<title>Comment rep\u00e9rer un \u00ab vampire \u00e9motionnel \u00bb (et savoir si vous en \u00eates un) | Vie Associative<\/title>\n<meta name=\"robots\" content=\"index, follow, max-snippet:-1, max-image-preview:large, max-video-preview:-1\" \/>\n<link rel=\"canonical\" href=\"https:\/\/vieassociative.be\/actualites\/comment-reperer-un-vampire-emotionnel-et-savoir-si-vous-en-etes-un\/\" \/>\n<meta property=\"og:locale\" content=\"fr_FR\" \/>\n<meta property=\"og:type\" content=\"article\" \/>\n<meta property=\"og:title\" content=\"Comment rep\u00e9rer un \u00ab vampire \u00e9motionnel \u00bb (et savoir si vous en \u00eates un) | Vie Associative\" \/>\n<meta property=\"og:description\" content=\"Si un ami vous draine r\u00e9guli\u00e8rement de votre \u00e9nergie, vous \u00eates peut-\u00eatre en train d&rsquo;en \u00eatre un. Vous n&rsquo;avez pas besoin de savoir ce qu&rsquo;est\" \/>\n<meta property=\"og:url\" content=\"https:\/\/vieassociative.be\/actualites\/comment-reperer-un-vampire-emotionnel-et-savoir-si-vous-en-etes-un\/\" \/>\n<meta property=\"og:site_name\" content=\"Vie Associative\" \/>\n<meta property=\"article:published_time\" content=\"2024-10-22T21:17:27+00:00\" \/>\n<meta property=\"og:image\" content=\"https:\/\/vieassociative.be\/actualites\/wp-content\/uploads\/2024\/09\/header_backgroundk-01-e1726694325946.png\" \/>\n\t<meta property=\"og:image:width\" content=\"279\" \/>\n\t<meta property=\"og:image:height\" content=\"92\" \/>\n\t<meta property=\"og:image:type\" content=\"image\/png\" \/>\n<meta name=\"author\" content=\"Julien\" \/>\n<meta name=\"twitter:card\" content=\"summary_large_image\" \/>\n<meta name=\"twitter:label1\" content=\"\u00c9crit par\" \/>\n\t<meta name=\"twitter:data1\" content=\"Julien\" \/>\n\t<meta name=\"twitter:label2\" content=\"Dur\u00e9e de lecture est.\" \/>\n\t<meta name=\"twitter:data2\" content=\"6 minutes\" \/>\n<script type=\"application\/ld+json\" class=\"yoast-schema-graph\">{\"@context\":\"https:\/\/schema.org\",\"@graph\":[{\"@type\":\"Article\",\"@id\":\"https:\/\/vieassociative.be\/actualites\/comment-reperer-un-vampire-emotionnel-et-savoir-si-vous-en-etes-un\/#article\",\"isPartOf\":{\"@id\":\"https:\/\/vieassociative.be\/actualites\/comment-reperer-un-vampire-emotionnel-et-savoir-si-vous-en-etes-un\/\"},\"author\":{\"name\":\"Julien\",\"@id\":\"https:\/\/vieassociative.be\/actualites\/#\/schema\/person\/b87ac4f82f9d4e7b7cec7395b679edc4\"},\"headline\":\"Comment rep\u00e9rer un \u00ab vampire \u00e9motionnel \u00bb (et savoir si vous en \u00eates un)\",\"datePublished\":\"2024-10-22T21:17:27+00:00\",\"dateModified\":\"2024-10-22T21:17:27+00:00\",\"mainEntityOfPage\":{\"@id\":\"https:\/\/vieassociative.be\/actualites\/comment-reperer-un-vampire-emotionnel-et-savoir-si-vous-en-etes-un\/\"},\"wordCount\":1206,\"publisher\":{\"@id\":\"https:\/\/vieassociative.be\/actualites\/#organization\"},\"image\":{\"@id\":\"https:\/\/vieassociative.be\/actualites\/comment-reperer-un-vampire-emotionnel-et-savoir-si-vous-en-etes-un\/#primaryimage\"},\"thumbnailUrl\":\"https:\/\/vieassociative.be\/actualites\/wp-content\/uploads\/2024\/10\/Comment-reperer-un-vampire-emotionnel-et-savoir-si.jpg\",\"keywords\":[\"Comment\",\"\u00e9motionnel\",\"\u00eates\",\"rep\u00e9rer\",\"savoir\",\"vampire\",\"Vous\"],\"articleSection\":[\"Relations\"],\"inLanguage\":\"fr-BE\"},{\"@type\":\"WebPage\",\"@id\":\"https:\/\/vieassociative.be\/actualites\/comment-reperer-un-vampire-emotionnel-et-savoir-si-vous-en-etes-un\/\",\"url\":\"https:\/\/vieassociative.be\/actualites\/comment-reperer-un-vampire-emotionnel-et-savoir-si-vous-en-etes-un\/\",\"name\":\"Comment rep\u00e9rer un \u00ab vampire \u00e9motionnel \u00bb (et savoir si vous en \u00eates un) | Vie Associative\",\"isPartOf\":{\"@id\":\"https:\/\/vieassociative.be\/actualites\/#website\"},\"primaryImageOfPage\":{\"@id\":\"https:\/\/vieassociative.be\/actualites\/comment-reperer-un-vampire-emotionnel-et-savoir-si-vous-en-etes-un\/#primaryimage\"},\"image\":{\"@id\":\"https:\/\/vieassociative.be\/actualites\/comment-reperer-un-vampire-emotionnel-et-savoir-si-vous-en-etes-un\/#primaryimage\"},\"thumbnailUrl\":\"https:\/\/vieassociative.be\/actualites\/wp-content\/uploads\/2024\/10\/Comment-reperer-un-vampire-emotionnel-et-savoir-si.jpg\",\"datePublished\":\"2024-10-22T21:17:27+00:00\",\"dateModified\":\"2024-10-22T21:17:27+00:00\",\"breadcrumb\":{\"@id\":\"https:\/\/vieassociative.be\/actualites\/comment-reperer-un-vampire-emotionnel-et-savoir-si-vous-en-etes-un\/#breadcrumb\"},\"inLanguage\":\"fr-BE\",\"potentialAction\":[{\"@type\":\"ReadAction\",\"target\":[\"https:\/\/vieassociative.be\/actualites\/comment-reperer-un-vampire-emotionnel-et-savoir-si-vous-en-etes-un\/\"]}]},{\"@type\":\"ImageObject\",\"inLanguage\":\"fr-BE\",\"@id\":\"https:\/\/vieassociative.be\/actualites\/comment-reperer-un-vampire-emotionnel-et-savoir-si-vous-en-etes-un\/#primaryimage\",\"url\":\"https:\/\/vieassociative.be\/actualites\/wp-content\/uploads\/2024\/10\/Comment-reperer-un-vampire-emotionnel-et-savoir-si.jpg\",\"contentUrl\":\"https:\/\/vieassociative.be\/actualites\/wp-content\/uploads\/2024\/10\/Comment-reperer-un-vampire-emotionnel-et-savoir-si.jpg\",\"width\":1200,\"height\":675,\"caption\":\"Comment rep\u00e9rer un \u00ab vampire \u00e9motionnel \u00bb (et savoir si vous en \u00eates un)\"},{\"@type\":\"BreadcrumbList\",\"@id\":\"https:\/\/vieassociative.be\/actualites\/comment-reperer-un-vampire-emotionnel-et-savoir-si-vous-en-etes-un\/#breadcrumb\",\"itemListElement\":[{\"@type\":\"ListItem\",\"position\":1,\"name\":\"Accueil\",\"item\":\"https:\/\/vieassociative.be\/actualites\/\"},{\"@type\":\"ListItem\",\"position\":2,\"name\":\"Comment rep\u00e9rer un \u00ab vampire \u00e9motionnel \u00bb (et savoir si vous en \u00eates un)\"}]},{\"@type\":\"WebSite\",\"@id\":\"https:\/\/vieassociative.be\/actualites\/#website\",\"url\":\"https:\/\/vieassociative.be\/actualites\/\",\"name\":\"Vie Associative\",\"description\":\"\",\"publisher\":{\"@id\":\"https:\/\/vieassociative.be\/actualites\/#organization\"},\"potentialAction\":[{\"@type\":\"SearchAction\",\"target\":{\"@type\":\"EntryPoint\",\"urlTemplate\":\"https:\/\/vieassociative.be\/actualites\/?s={search_term_string}\"},\"query-input\":{\"@type\":\"PropertyValueSpecification\",\"valueRequired\":true,\"valueName\":\"search_term_string\"}}],\"inLanguage\":\"fr-BE\"},{\"@type\":\"Organization\",\"@id\":\"https:\/\/vieassociative.be\/actualites\/#organization\",\"name\":\"Vie Associative\",\"url\":\"https:\/\/vieassociative.be\/actualites\/\",\"logo\":{\"@type\":\"ImageObject\",\"inLanguage\":\"fr-BE\",\"@id\":\"https:\/\/vieassociative.be\/actualites\/#\/schema\/logo\/image\/\",\"url\":\"https:\/\/vieassociative.be\/actualites\/wp-content\/uploads\/2024\/09\/cropped-vieassociative_favicon.ico.png\",\"contentUrl\":\"https:\/\/vieassociative.be\/actualites\/wp-content\/uploads\/2024\/09\/cropped-vieassociative_favicon.ico.png\",\"width\":512,\"height\":512,\"caption\":\"Vie Associative\"},\"image\":{\"@id\":\"https:\/\/vieassociative.be\/actualites\/#\/schema\/logo\/image\/\"}},{\"@type\":\"Person\",\"@id\":\"https:\/\/vieassociative.be\/actualites\/#\/schema\/person\/b87ac4f82f9d4e7b7cec7395b679edc4\",\"name\":\"Julien\",\"image\":{\"@type\":\"ImageObject\",\"inLanguage\":\"fr-BE\",\"@id\":\"https:\/\/vieassociative.be\/actualites\/#\/schema\/person\/image\/\",\"url\":\"https:\/\/vieassociative.be\/actualites\/wp-content\/uploads\/2024\/09\/vie-associative-1-150x150.jpg\",\"contentUrl\":\"https:\/\/vieassociative.be\/actualites\/wp-content\/uploads\/2024\/09\/vie-associative-1-150x150.jpg\",\"caption\":\"Julien\"},\"description\":\"Je suis Julien, r\u00e9dacteur pour Vie Associative. Passionn\u00e9 par le monde associatif depuis plus de 10 ans, j'ai \u00e0 c\u0153ur de partager des histoires inspirantes et de mettre en lumi\u00e8re les initiatives locales. Mon objectif est de sensibiliser et d'encourager l'engagement communautaire \u00e0 travers mes articles.\",\"sameAs\":[\"https:\/\/vieassociative.be\/\"]}]}<\/script>\n<!-- \/ Yoast SEO plugin. -->","yoast_head_json":{"title":"Comment rep\u00e9rer un \u00ab vampire \u00e9motionnel \u00bb (et savoir si vous en \u00eates un) | Vie Associative","robots":{"index":"index","follow":"follow","max-snippet":"max-snippet:-1","max-image-preview":"max-image-preview:large","max-video-preview":"max-video-preview:-1"},"canonical":"https:\/\/vieassociative.be\/actualites\/comment-reperer-un-vampire-emotionnel-et-savoir-si-vous-en-etes-un\/","og_locale":"fr_FR","og_type":"article","og_title":"Comment rep\u00e9rer un \u00ab vampire \u00e9motionnel \u00bb (et savoir si vous en \u00eates un) | Vie Associative","og_description":"Si un ami vous draine r\u00e9guli\u00e8rement de votre \u00e9nergie, vous \u00eates peut-\u00eatre en train d&rsquo;en \u00eatre un. Vous n&rsquo;avez pas besoin de savoir ce qu&rsquo;est","og_url":"https:\/\/vieassociative.be\/actualites\/comment-reperer-un-vampire-emotionnel-et-savoir-si-vous-en-etes-un\/","og_site_name":"Vie Associative","article_published_time":"2024-10-22T21:17:27+00:00","og_image":[{"width":279,"height":92,"url":"https:\/\/vieassociative.be\/actualites\/wp-content\/uploads\/2024\/09\/header_backgroundk-01-e1726694325946.png","type":"image\/png"}],"author":"Julien","twitter_card":"summary_large_image","twitter_misc":{"\u00c9crit par":"Julien","Dur\u00e9e de lecture est.":"6 minutes"},"schema":{"@context":"https:\/\/schema.org","@graph":[{"@type":"Article","@id":"https:\/\/vieassociative.be\/actualites\/comment-reperer-un-vampire-emotionnel-et-savoir-si-vous-en-etes-un\/#article","isPartOf":{"@id":"https:\/\/vieassociative.be\/actualites\/comment-reperer-un-vampire-emotionnel-et-savoir-si-vous-en-etes-un\/"},"author":{"name":"Julien","@id":"https:\/\/vieassociative.be\/actualites\/#\/schema\/person\/b87ac4f82f9d4e7b7cec7395b679edc4"},"headline":"Comment rep\u00e9rer un \u00ab vampire \u00e9motionnel \u00bb (et savoir si vous en \u00eates un)","datePublished":"2024-10-22T21:17:27+00:00","dateModified":"2024-10-22T21:17:27+00:00","mainEntityOfPage":{"@id":"https:\/\/vieassociative.be\/actualites\/comment-reperer-un-vampire-emotionnel-et-savoir-si-vous-en-etes-un\/"},"wordCount":1206,"publisher":{"@id":"https:\/\/vieassociative.be\/actualites\/#organization"},"image":{"@id":"https:\/\/vieassociative.be\/actualites\/comment-reperer-un-vampire-emotionnel-et-savoir-si-vous-en-etes-un\/#primaryimage"},"thumbnailUrl":"https:\/\/vieassociative.be\/actualites\/wp-content\/uploads\/2024\/10\/Comment-reperer-un-vampire-emotionnel-et-savoir-si.jpg","keywords":["Comment","\u00e9motionnel","\u00eates","rep\u00e9rer","savoir","vampire","Vous"],"articleSection":["Relations"],"inLanguage":"fr-BE"},{"@type":"WebPage","@id":"https:\/\/vieassociative.be\/actualites\/comment-reperer-un-vampire-emotionnel-et-savoir-si-vous-en-etes-un\/","url":"https:\/\/vieassociative.be\/actualites\/comment-reperer-un-vampire-emotionnel-et-savoir-si-vous-en-etes-un\/","name":"Comment rep\u00e9rer un \u00ab vampire \u00e9motionnel \u00bb (et savoir si vous en \u00eates un) | Vie Associative","isPartOf":{"@id":"https:\/\/vieassociative.be\/actualites\/#website"},"primaryImageOfPage":{"@id":"https:\/\/vieassociative.be\/actualites\/comment-reperer-un-vampire-emotionnel-et-savoir-si-vous-en-etes-un\/#primaryimage"},"image":{"@id":"https:\/\/vieassociative.be\/actualites\/comment-reperer-un-vampire-emotionnel-et-savoir-si-vous-en-etes-un\/#primaryimage"},"thumbnailUrl":"https:\/\/vieassociative.be\/actualites\/wp-content\/uploads\/2024\/10\/Comment-reperer-un-vampire-emotionnel-et-savoir-si.jpg","datePublished":"2024-10-22T21:17:27+00:00","dateModified":"2024-10-22T21:17:27+00:00","breadcrumb":{"@id":"https:\/\/vieassociative.be\/actualites\/comment-reperer-un-vampire-emotionnel-et-savoir-si-vous-en-etes-un\/#breadcrumb"},"inLanguage":"fr-BE","potentialAction":[{"@type":"ReadAction","target":["https:\/\/vieassociative.be\/actualites\/comment-reperer-un-vampire-emotionnel-et-savoir-si-vous-en-etes-un\/"]}]},{"@type":"ImageObject","inLanguage":"fr-BE","@id":"https:\/\/vieassociative.be\/actualites\/comment-reperer-un-vampire-emotionnel-et-savoir-si-vous-en-etes-un\/#primaryimage","url":"https:\/\/vieassociative.be\/actualites\/wp-content\/uploads\/2024\/10\/Comment-reperer-un-vampire-emotionnel-et-savoir-si.jpg","contentUrl":"https:\/\/vieassociative.be\/actualites\/wp-content\/uploads\/2024\/10\/Comment-reperer-un-vampire-emotionnel-et-savoir-si.jpg","width":1200,"height":675,"caption":"Comment rep\u00e9rer un \u00ab vampire \u00e9motionnel \u00bb (et savoir si vous en \u00eates un)"},{"@type":"BreadcrumbList","@id":"https:\/\/vieassociative.be\/actualites\/comment-reperer-un-vampire-emotionnel-et-savoir-si-vous-en-etes-un\/#breadcrumb","itemListElement":[{"@type":"ListItem","position":1,"name":"Accueil","item":"https:\/\/vieassociative.be\/actualites\/"},{"@type":"ListItem","position":2,"name":"Comment rep\u00e9rer un \u00ab vampire \u00e9motionnel \u00bb (et savoir si vous en \u00eates un)"}]},{"@type":"WebSite","@id":"https:\/\/vieassociative.be\/actualites\/#website","url":"https:\/\/vieassociative.be\/actualites\/","name":"Vie Associative","description":"","publisher":{"@id":"https:\/\/vieassociative.be\/actualites\/#organization"},"potentialAction":[{"@type":"SearchAction","target":{"@type":"EntryPoint","urlTemplate":"https:\/\/vieassociative.be\/actualites\/?s={search_term_string}"},"query-input":{"@type":"PropertyValueSpecification","valueRequired":true,"valueName":"search_term_string"}}],"inLanguage":"fr-BE"},{"@type":"Organization","@id":"https:\/\/vieassociative.be\/actualites\/#organization","name":"Vie Associative","url":"https:\/\/vieassociative.be\/actualites\/","logo":{"@type":"ImageObject","inLanguage":"fr-BE","@id":"https:\/\/vieassociative.be\/actualites\/#\/schema\/logo\/image\/","url":"https:\/\/vieassociative.be\/actualites\/wp-content\/uploads\/2024\/09\/cropped-vieassociative_favicon.ico.png","contentUrl":"https:\/\/vieassociative.be\/actualites\/wp-content\/uploads\/2024\/09\/cropped-vieassociative_favicon.ico.png","width":512,"height":512,"caption":"Vie Associative"},"image":{"@id":"https:\/\/vieassociative.be\/actualites\/#\/schema\/logo\/image\/"}},{"@type":"Person","@id":"https:\/\/vieassociative.be\/actualites\/#\/schema\/person\/b87ac4f82f9d4e7b7cec7395b679edc4","name":"Julien","image":{"@type":"ImageObject","inLanguage":"fr-BE","@id":"https:\/\/vieassociative.be\/actualites\/#\/schema\/person\/image\/","url":"https:\/\/vieassociative.be\/actualites\/wp-content\/uploads\/2024\/09\/vie-associative-1-150x150.jpg","contentUrl":"https:\/\/vieassociative.be\/actualites\/wp-content\/uploads\/2024\/09\/vie-associative-1-150x150.jpg","caption":"Julien"},"description":"Je suis Julien, r\u00e9dacteur pour Vie Associative. Passionn\u00e9 par le monde associatif depuis plus de 10 ans, j'ai \u00e0 c\u0153ur de partager des histoires inspirantes et de mettre en lumi\u00e8re les initiatives locales. Mon objectif est de sensibiliser et d'encourager l'engagement communautaire \u00e0 travers mes articles.","sameAs":["https:\/\/vieassociative.be\/"]}]}},"_links":{"self":[{"href":"https:\/\/vieassociative.be\/actualites\/wp-json\/wp\/v2\/posts\/1529"}],"collection":[{"href":"https:\/\/vieassociative.be\/actualites\/wp-json\/wp\/v2\/posts"}],"about":[{"href":"https:\/\/vieassociative.be\/actualites\/wp-json\/wp\/v2\/types\/post"}],"author":[{"embeddable":true,"href":"https:\/\/vieassociative.be\/actualites\/wp-json\/wp\/v2\/users\/1"}],"replies":[{"embeddable":true,"href":"https:\/\/vieassociative.be\/actualites\/wp-json\/wp\/v2\/comments?post=1529"}],"version-history":[{"count":0,"href":"https:\/\/vieassociative.be\/actualites\/wp-json\/wp\/v2\/posts\/1529\/revisions"}],"wp:featuredmedia":[{"embeddable":true,"href":"https:\/\/vieassociative.be\/actualites\/wp-json\/wp\/v2\/media\/1530"}],"wp:attachment":[{"href":"https:\/\/vieassociative.be\/actualites\/wp-json\/wp\/v2\/media?parent=1529"}],"wp:term":[{"taxonomy":"category","embeddable":true,"href":"https:\/\/vieassociative.be\/actualites\/wp-json\/wp\/v2\/categories?post=1529"},{"taxonomy":"post_tag","embeddable":true,"href":"https:\/\/vieassociative.be\/actualites\/wp-json\/wp\/v2\/tags?post=1529"}],"curies":[{"name":"wp","href":"https:\/\/api.w.org\/{rel}","templated":true}]}}