{"id":1527,"date":"2024-10-22T22:18:09","date_gmt":"2024-10-22T20:18:09","guid":{"rendered":"https:\/\/vieassociative.be\/actualites\/comment-parler-a-vos-enfants-des-problemes-lgbtq\/"},"modified":"2024-10-22T22:18:09","modified_gmt":"2024-10-22T20:18:09","slug":"comment-parler-a-vos-enfants-des-problemes-lgbtq","status":"publish","type":"post","link":"https:\/\/vieassociative.be\/actualites\/comment-parler-a-vos-enfants-des-problemes-lgbtq\/","title":{"rendered":"Comment parler \u00e0 vos enfants des probl\u00e8mes LGBTQ+"},"content":{"rendered":"<div class=\"mt-4 leading-6 md:mb-8\">\u00c9levez des enfants qui sont des alli\u00e9s LGBTQ et qui sont s\u00fbrs de leur propre identit\u00e9.<\/div>\n<p><\/p>\n<p><em>Cet article fait partie de notre s\u00e9rie \u00ab Big Talks \u00bb, un guide pour aider les parents \u00e0 naviguer dans les conversations les plus importantes qu&rsquo;ils auront avec leurs enfants. En savoir plus ici.<\/em><\/p>\n<p>Si vous souhaitez \u00e9lever des enfants qui soient des alli\u00e9s solidaires de la communaut\u00e9 LGBTQ, qui soient sensibles aux d\u00e9fis auxquels ils sont confront\u00e9s et qui se sentent en s\u00e9curit\u00e9 pour exprimer leur propre identit\u00e9, normalisez le fait de parler de ces sujets \u00e0 tout \u00e2ge.<\/p>\n<p>J&rsquo;ai parl\u00e9 \u00e0 John Sovec, th\u00e9rapeute et auteur de <em>Out\u00a0: Guide du parent pour soutenir votre enfant LGBTQIA+ tout au long de son coming-out et au-del\u00e0<\/em>sur le fait d&rsquo;avoir de grandes (et petites) conversations sur ces probl\u00e8mes avec les enfants. Voici ses trois principaux conseils pour \u00e9lever des enfants solidaires et s\u00fbrs de leur orientation sexuelle et de leur identit\u00e9 de genre\u00a0:<\/p>\n<p>1. Parlez ouvertement et souvent de l\u2019exp\u00e9rience des personnes LGBTQIA+.<\/p>\n<p>2. Soyez conscient de la mani\u00e8re dont l\u2019expression de pens\u00e9es, d\u2019actions et de langages de soutien LGBTQIA+ influence et fa\u00e7onne la fa\u00e7on dont les enfants d\u00e9velopperont cette m\u00eame approche inclusive pour eux-m\u00eames et leurs amis.<\/p>\n<p>3. Sachez qu&rsquo;il s&rsquo;agit d&rsquo;une conversation continue et, en tant que parents, soyez disponibles lorsque ces questions et curiosit\u00e9s surviennent.<\/p>\n<h2 id=\"understanding-terms-and-acronyms\">Comprendre les termes et les acronymes<\/h2>\n<p>Si vous sentez que vous avez besoin de votre propre rappel sur le jargon LGBTQ, c&rsquo;est une bonne ressource. N&rsquo;oubliez pas que la langue grandit et \u00e9volue constamment. Si vous ou votre enfant entendez un terme que vous ne connaissez pas, recherchez-le et apprenez ensemble. De plus, les termes lesbienne, gay, bi, trans, queer, en questionnement, intersexu\u00e9 et asexuel peuvent signifier diff\u00e9rentes choses selon les personnes.<\/p>\n<p>\u00ab\u00a0Mon plus grand conseil si les enfants se posent des questions sur le genre et l&rsquo;identit\u00e9 est de ne pas les faire taire\u00a0\u00bb, a d\u00e9clar\u00e9 Andy Passchier, auteur de <em>Identit\u00e9 de genre pour les enfants\u00a0: un livre sur la d\u00e9couverte de soi, la compr\u00e9hension des autres et le respect de tout le monde\u00a0!<\/em> \u00ab\u00a0Et si vous n&rsquo;avez pas les r\u00e9ponses, allez les chercher ensemble.\u00a0\u00bb<\/p>\n<p>D\u00e8s la naissance, les enfants sont expos\u00e9s \u00e0 des st\u00e9r\u00e9otypes de genre et \u00e0 des messages selon lesquels les relations h\u00e9t\u00e9rosexuelles sont la \u00ab norme \u00bb. Vous pouvez contrecarrer cela en vous assurant que les livres et les m\u00e9dias que votre famille consomme repr\u00e9sentent la diversit\u00e9 dans la pr\u00e9sentation et les relations entre les sexes.<\/p>\n<p>Dans sa s\u00e9rie sur la fa\u00e7on de parler d&rsquo;identit\u00e9 aux enfants, Planned Parenthood sugg\u00e8re de commencer \u00e0 parler aux enfants d&rsquo;\u00e2ge pr\u00e9scolaire de diff\u00e9rents types de familles, comme les enfants \u00e9lev\u00e9s par des grands-parents, les familles avec un seul parent, les familles d&rsquo;origines ethniques diff\u00e9rentes ou les familles de m\u00eame sexe. parents. Faire valoir que les familles et les relations varient beaucoup aidera les enfants \u00e0 accepter les personnes diff\u00e9rentes d&rsquo;eux.<\/p>\n<p>M\u00e9fiez-vous des st\u00e9r\u00e9otypes de genre comme \u00ab les filles aiment le rose \u00bb ou \u00ab les gar\u00e7ons ne portent pas de vernis \u00e0 ongles \u00bb. Ce que je pr\u00e9f\u00e8re lorsque j&rsquo;entends l&rsquo;une de ces hypoth\u00e8ses de la part de mon enfant, c&rsquo;est : \u00ab Certains gar\u00e7ons le font ; certaines filles ne le font pas. Rien n\u2019est vraiment r\u00e9serv\u00e9 aux gar\u00e7ons ou aux filles.<\/p>\n<p>\u00ab\u00a0Je pense qu&rsquo;il est tr\u00e8s utile de remettre en question ces id\u00e9es lorsqu&rsquo;elles surviennent et de parler aux enfants du genre juste pour qu&rsquo;ils sachent que les options qui leur sont pr\u00e9sent\u00e9es ne sont pas les seules disponibles\u00a0\u00bb, a d\u00e9clar\u00e9 Passchier. \u00abJe pense que souvent les parents pensent que les sujets li\u00e9s \u00e0 l&rsquo;identit\u00e9 de genre ne doivent \u00eatre abord\u00e9s que lorsqu&rsquo;un membre de la famille est transgenre, mais je ne pense pas du tout que ce soit le cas. Les st\u00e9r\u00e9otypes de genre sont n\u00e9fastes aussi bien pour les personnes cisgenres que transgenres, car ils nous poussent tous dans des cases dans lesquelles nous ne sommes pas n\u00e9cessairement \u00e0 l\u2019aise.<\/p>\n<h2 id=\"talking-with-tweens-and-teens\">Parler avec des pr\u00e9adolescents et des adolescents<\/h2>\n<p>Les enfants plus \u00e2g\u00e9s sont plus susceptibles d\u2019\u00eatre conscients des probl\u00e8mes LGBTQ (comme la l\u00e9gislation, les manifestations et la discrimination) par le biais des informations ou des r\u00e9seaux sociaux.<\/p>\n<p>\u00ab M\u00eame s\u2019ils sont conscients de ces probl\u00e8mes difficiles, les adolescents et les pr\u00e9adolescents n\u2019ont peut-\u00eatre pas d\u00e9velopp\u00e9 la capacit\u00e9 de les traiter, et il est essentiel que les parents entretiennent un environnement familial o\u00f9 ces peurs et ces anxi\u00e9t\u00e9s peuvent \u00eatre ouvertement discut\u00e9es \u00bb, a d\u00e9clar\u00e9 Sovec. \u00ab \u00c0 mesure que ces probl\u00e8mes difficiles se r\u00e9v\u00e8lent, les parents peuvent les utiliser comme catalyseur pour entamer des conversations avec leurs enfants en leur demandant simplement ce qu\u2019ils pensent et ressentent sur ces sujets. \u00c9coutez et d\u00e9couvrez leur conceptualisation de ces probl\u00e8mes et intervenez pour att\u00e9nuer les craintes ou les anxi\u00e9t\u00e9s qui auraient pu na\u00eetre de ces pens\u00e9es.<\/p>\n<p>\u00c0 tout moment de l\u2019enfance ou de l\u2019adolescence, les enfants peuvent ressentir le coming-out d\u2019un ami ou d\u2019un membre de leur famille. La meilleure fa\u00e7on d\u2019apprendre \u00e0 votre enfant \u00e0 \u00eatre un alli\u00e9 solidaire est de lui montrer que <em>toi<\/em> sont un alli\u00e9 solidaire.<\/p>\n<p>\u00ab Un parent peut montrer comment apporter son soutien en cr\u00e9ant un environnement familial o\u00f9 parler des identit\u00e9s LGBTQIA+ fait simplement partie du vocabulaire familial \u00bb, a d\u00e9clar\u00e9 Sovec. \u00ab \u00c0 mesure que les parents cr\u00e9ent un foyer o\u00f9 les aspects de l\u2019identit\u00e9 de genre et de l\u2019orientation sexuelle sont ouvertement \u00e9voqu\u00e9s, cela aidera les enfants \u00e0 soutenir le parcours de leurs amis et pairs LGBTQIA+. \u00bb<\/p>\n<h2 id=\"how-to-respond-if-your-kid-is-questioning-or-comes-out\">Comment r\u00e9agir si votre enfant pose des questions ou sort<\/h2>\n<p>La recommandation de Sovec sur la fa\u00e7on de r\u00e9pondre \u00e0 un enfant qui s&rsquo;interroge ou qui fait son coming-out est un processus simple en deux \u00e9tapes\u00a0:<\/p>\n<ul>\n<li>\n<p>\u00c9tape 1 : Embrassez votre enfant (ou exprimez une expression d\u2019affection avec laquelle vous \u00eates tous les deux \u00e0 l\u2019aise).<\/p>\n<\/li>\n<li>\n<p>\u00c9tape 2 : Dites-leur que vous les aimez exactement pour qui ils sont.<\/p>\n<\/li>\n<\/ul>\n<p>\u00ab Ce moment charni\u00e8re peut \u00e9tablir une base solide de soutien, afin qu\u2019un enfant LGBTQIA+ sache que son parent est l\u00e0 pour lui alors qu\u2019il explore son identit\u00e9 de genre et son orientation sexuelle \u00bb, a-t-il d\u00e9clar\u00e9. \u00ab\u00a0Une prochaine \u00e9tape importante consiste pour les parents \u00e0 se renseigner sur l&rsquo;exp\u00e9rience LGBTQIA+ afin qu&rsquo;ils puissent \u00eatre une ressource instruite lorsqu&rsquo;ils soutiennent leur enfant.\u00a0\u00bb<\/p>\n<p>Il y aura de nombreuses occasions d\u2019en parler \u00e0 mesure que votre enfant d\u00e9couvrira comment il s\u2019identifie et souhaite s\u2019exprimer. Votre ouverture \u00e0 l\u2019\u00e9coute et \u00e0 l\u2019acceptation seront vos meilleurs outils de conversation.<\/p>\n<p>\u00ab\u00a0Je pense qu&rsquo;\u00eatre parent consiste en fin de compte \u00e0 d\u00e9couvrir ce qui est bon pour vous et vos enfants en particulier, en encourageant l&rsquo;ouverture et l&#8217;empathie chaque fois que nous le pouvons\u00a0\u00bb, a d\u00e9clar\u00e9 Passchier.<\/p>\n<p>Consultez la liste ci-dessous pour d\u00e9couvrir des ressources qui vous aideront, vous et votre enfant, \u00e0 en apprendre davantage sur les questions LGBTQ.<\/p>\n<h2 id=\"lgbtq-resources-for-parents-and-children\">Ressources LGBTQ pour les parents et les enfants<\/h2>\n<ul>\n<li>\n<p>PFLAG<\/p>\n<\/li>\n<li>\n<p>Le manuel du coming-out<\/p>\n<\/li>\n<li>\n<p>Guide pour \u00eatre un alli\u00e9 des jeunes transgenres et non binaires<\/p>\n<\/li>\n<li>\n<p><em>C&rsquo;est tout \u00e0 fait normal\u00a0: changer de corps, grandir, sexe, genre et sant\u00e9 sexuelle<\/em><\/p>\n<\/li>\n<li>\n<p><em>Le livre de famille<\/em><\/p>\n<\/li>\n<li>\n<p>Guide de l&rsquo;enseignant sur les ressources pour les jeunes LGBTQ<\/p>\n<\/li>\n<li>\n<p>Les mercredis des \u00e9coles accueillantes\u00a0: activit\u00e9s et ressources pour un apprentissage inclusif \u00e0 la maison<\/p>\n<\/li>\n<\/ul>\n","protected":false},"excerpt":{"rendered":"<p>\u00c9levez des enfants qui sont des alli\u00e9s LGBTQ et qui sont s\u00fbrs de leur propre identit\u00e9. Cet article fait partie de notre s\u00e9rie \u00ab Big<\/p>\n","protected":false},"author":1,"featured_media":1528,"comment_status":"","ping_status":"","sticky":false,"template":"","format":"standard","meta":{"footnotes":""},"categories":[37],"tags":[44,29,324,2124,438,977,27],"class_list":["post-1527","post","type-post","status-publish","format-standard","has-post-thumbnail","hentry","category-famille","tag-comment","tag-des","tag-enfants","tag-lgbtq","tag-parler","tag-problemes","tag-vos","generate-columns","tablet-grid-50","mobile-grid-100","grid-parent","grid-33"],"yoast_head":"<!-- This site is optimized with the Yoast SEO plugin v24.0 - https:\/\/yoast.com\/wordpress\/plugins\/seo\/ -->\n<title>Comment parler \u00e0 vos enfants des probl\u00e8mes LGBTQ+ | Vie Associative<\/title>\n<meta name=\"robots\" content=\"index, follow, max-snippet:-1, max-image-preview:large, max-video-preview:-1\" \/>\n<link rel=\"canonical\" href=\"https:\/\/vieassociative.be\/actualites\/comment-parler-a-vos-enfants-des-problemes-lgbtq\/\" \/>\n<meta property=\"og:locale\" content=\"fr_FR\" \/>\n<meta property=\"og:type\" content=\"article\" \/>\n<meta property=\"og:title\" content=\"Comment parler \u00e0 vos enfants des probl\u00e8mes LGBTQ+ | Vie Associative\" \/>\n<meta property=\"og:description\" content=\"\u00c9levez des enfants qui sont des alli\u00e9s LGBTQ et qui sont s\u00fbrs de leur propre identit\u00e9. Cet article fait partie de notre s\u00e9rie \u00ab Big\" \/>\n<meta property=\"og:url\" content=\"https:\/\/vieassociative.be\/actualites\/comment-parler-a-vos-enfants-des-problemes-lgbtq\/\" \/>\n<meta property=\"og:site_name\" content=\"Vie Associative\" \/>\n<meta property=\"article:published_time\" content=\"2024-10-22T20:18:09+00:00\" \/>\n<meta property=\"og:image\" content=\"https:\/\/vieassociative.be\/actualites\/wp-content\/uploads\/2024\/09\/header_backgroundk-01-e1726694325946.png\" \/>\n\t<meta property=\"og:image:width\" content=\"279\" \/>\n\t<meta property=\"og:image:height\" content=\"92\" \/>\n\t<meta property=\"og:image:type\" content=\"image\/png\" \/>\n<meta name=\"author\" content=\"Julien\" \/>\n<meta name=\"twitter:card\" content=\"summary_large_image\" \/>\n<meta name=\"twitter:label1\" content=\"\u00c9crit par\" \/>\n\t<meta name=\"twitter:data1\" content=\"Julien\" \/>\n\t<meta name=\"twitter:label2\" content=\"Dur\u00e9e de lecture est.\" \/>\n\t<meta name=\"twitter:data2\" content=\"6 minutes\" \/>\n<script type=\"application\/ld+json\" class=\"yoast-schema-graph\">{\"@context\":\"https:\/\/schema.org\",\"@graph\":[{\"@type\":\"Article\",\"@id\":\"https:\/\/vieassociative.be\/actualites\/comment-parler-a-vos-enfants-des-problemes-lgbtq\/#article\",\"isPartOf\":{\"@id\":\"https:\/\/vieassociative.be\/actualites\/comment-parler-a-vos-enfants-des-problemes-lgbtq\/\"},\"author\":{\"name\":\"Julien\",\"@id\":\"https:\/\/vieassociative.be\/actualites\/#\/schema\/person\/b87ac4f82f9d4e7b7cec7395b679edc4\"},\"headline\":\"Comment parler \u00e0 vos enfants des probl\u00e8mes LGBTQ+\",\"datePublished\":\"2024-10-22T20:18:09+00:00\",\"dateModified\":\"2024-10-22T20:18:09+00:00\",\"mainEntityOfPage\":{\"@id\":\"https:\/\/vieassociative.be\/actualites\/comment-parler-a-vos-enfants-des-problemes-lgbtq\/\"},\"wordCount\":1320,\"publisher\":{\"@id\":\"https:\/\/vieassociative.be\/actualites\/#organization\"},\"image\":{\"@id\":\"https:\/\/vieassociative.be\/actualites\/comment-parler-a-vos-enfants-des-problemes-lgbtq\/#primaryimage\"},\"thumbnailUrl\":\"https:\/\/vieassociative.be\/actualites\/wp-content\/uploads\/2024\/10\/Comment-parler-a-vos-enfants-des-problemes-LGBTQ.png\",\"keywords\":[\"Comment\",\"Des\",\"enfants\",\"LGBTQ\",\"parler\",\"probl\u00e8mes\",\"vos\"],\"articleSection\":[\"Famille\"],\"inLanguage\":\"fr-BE\"},{\"@type\":\"WebPage\",\"@id\":\"https:\/\/vieassociative.be\/actualites\/comment-parler-a-vos-enfants-des-problemes-lgbtq\/\",\"url\":\"https:\/\/vieassociative.be\/actualites\/comment-parler-a-vos-enfants-des-problemes-lgbtq\/\",\"name\":\"Comment parler \u00e0 vos enfants des probl\u00e8mes LGBTQ+ | Vie Associative\",\"isPartOf\":{\"@id\":\"https:\/\/vieassociative.be\/actualites\/#website\"},\"primaryImageOfPage\":{\"@id\":\"https:\/\/vieassociative.be\/actualites\/comment-parler-a-vos-enfants-des-problemes-lgbtq\/#primaryimage\"},\"image\":{\"@id\":\"https:\/\/vieassociative.be\/actualites\/comment-parler-a-vos-enfants-des-problemes-lgbtq\/#primaryimage\"},\"thumbnailUrl\":\"https:\/\/vieassociative.be\/actualites\/wp-content\/uploads\/2024\/10\/Comment-parler-a-vos-enfants-des-problemes-LGBTQ.png\",\"datePublished\":\"2024-10-22T20:18:09+00:00\",\"dateModified\":\"2024-10-22T20:18:09+00:00\",\"breadcrumb\":{\"@id\":\"https:\/\/vieassociative.be\/actualites\/comment-parler-a-vos-enfants-des-problemes-lgbtq\/#breadcrumb\"},\"inLanguage\":\"fr-BE\",\"potentialAction\":[{\"@type\":\"ReadAction\",\"target\":[\"https:\/\/vieassociative.be\/actualites\/comment-parler-a-vos-enfants-des-problemes-lgbtq\/\"]}]},{\"@type\":\"ImageObject\",\"inLanguage\":\"fr-BE\",\"@id\":\"https:\/\/vieassociative.be\/actualites\/comment-parler-a-vos-enfants-des-problemes-lgbtq\/#primaryimage\",\"url\":\"https:\/\/vieassociative.be\/actualites\/wp-content\/uploads\/2024\/10\/Comment-parler-a-vos-enfants-des-problemes-LGBTQ.png\",\"contentUrl\":\"https:\/\/vieassociative.be\/actualites\/wp-content\/uploads\/2024\/10\/Comment-parler-a-vos-enfants-des-problemes-LGBTQ.png\",\"width\":1200,\"height\":675,\"caption\":\"Comment parler \u00e0 vos enfants des probl\u00e8mes LGBTQ+\"},{\"@type\":\"BreadcrumbList\",\"@id\":\"https:\/\/vieassociative.be\/actualites\/comment-parler-a-vos-enfants-des-problemes-lgbtq\/#breadcrumb\",\"itemListElement\":[{\"@type\":\"ListItem\",\"position\":1,\"name\":\"Accueil\",\"item\":\"https:\/\/vieassociative.be\/actualites\/\"},{\"@type\":\"ListItem\",\"position\":2,\"name\":\"Comment parler \u00e0 vos enfants des probl\u00e8mes LGBTQ+\"}]},{\"@type\":\"WebSite\",\"@id\":\"https:\/\/vieassociative.be\/actualites\/#website\",\"url\":\"https:\/\/vieassociative.be\/actualites\/\",\"name\":\"Vie Associative\",\"description\":\"\",\"publisher\":{\"@id\":\"https:\/\/vieassociative.be\/actualites\/#organization\"},\"potentialAction\":[{\"@type\":\"SearchAction\",\"target\":{\"@type\":\"EntryPoint\",\"urlTemplate\":\"https:\/\/vieassociative.be\/actualites\/?s={search_term_string}\"},\"query-input\":{\"@type\":\"PropertyValueSpecification\",\"valueRequired\":true,\"valueName\":\"search_term_string\"}}],\"inLanguage\":\"fr-BE\"},{\"@type\":\"Organization\",\"@id\":\"https:\/\/vieassociative.be\/actualites\/#organization\",\"name\":\"Vie Associative\",\"url\":\"https:\/\/vieassociative.be\/actualites\/\",\"logo\":{\"@type\":\"ImageObject\",\"inLanguage\":\"fr-BE\",\"@id\":\"https:\/\/vieassociative.be\/actualites\/#\/schema\/logo\/image\/\",\"url\":\"https:\/\/vieassociative.be\/actualites\/wp-content\/uploads\/2024\/09\/cropped-vieassociative_favicon.ico.png\",\"contentUrl\":\"https:\/\/vieassociative.be\/actualites\/wp-content\/uploads\/2024\/09\/cropped-vieassociative_favicon.ico.png\",\"width\":512,\"height\":512,\"caption\":\"Vie Associative\"},\"image\":{\"@id\":\"https:\/\/vieassociative.be\/actualites\/#\/schema\/logo\/image\/\"}},{\"@type\":\"Person\",\"@id\":\"https:\/\/vieassociative.be\/actualites\/#\/schema\/person\/b87ac4f82f9d4e7b7cec7395b679edc4\",\"name\":\"Julien\",\"image\":{\"@type\":\"ImageObject\",\"inLanguage\":\"fr-BE\",\"@id\":\"https:\/\/vieassociative.be\/actualites\/#\/schema\/person\/image\/\",\"url\":\"https:\/\/vieassociative.be\/actualites\/wp-content\/uploads\/2024\/09\/vie-associative-1-150x150.jpg\",\"contentUrl\":\"https:\/\/vieassociative.be\/actualites\/wp-content\/uploads\/2024\/09\/vie-associative-1-150x150.jpg\",\"caption\":\"Julien\"},\"description\":\"Je suis Julien, r\u00e9dacteur pour Vie Associative. Passionn\u00e9 par le monde associatif depuis plus de 10 ans, j'ai \u00e0 c\u0153ur de partager des histoires inspirantes et de mettre en lumi\u00e8re les initiatives locales. Mon objectif est de sensibiliser et d'encourager l'engagement communautaire \u00e0 travers mes articles.\",\"sameAs\":[\"https:\/\/vieassociative.be\/\"]}]}<\/script>\n<!-- \/ Yoast SEO plugin. -->","yoast_head_json":{"title":"Comment parler \u00e0 vos enfants des probl\u00e8mes LGBTQ+ | Vie Associative","robots":{"index":"index","follow":"follow","max-snippet":"max-snippet:-1","max-image-preview":"max-image-preview:large","max-video-preview":"max-video-preview:-1"},"canonical":"https:\/\/vieassociative.be\/actualites\/comment-parler-a-vos-enfants-des-problemes-lgbtq\/","og_locale":"fr_FR","og_type":"article","og_title":"Comment parler \u00e0 vos enfants des probl\u00e8mes LGBTQ+ | Vie Associative","og_description":"\u00c9levez des enfants qui sont des alli\u00e9s LGBTQ et qui sont s\u00fbrs de leur propre identit\u00e9. Cet article fait partie de notre s\u00e9rie \u00ab Big","og_url":"https:\/\/vieassociative.be\/actualites\/comment-parler-a-vos-enfants-des-problemes-lgbtq\/","og_site_name":"Vie Associative","article_published_time":"2024-10-22T20:18:09+00:00","og_image":[{"width":279,"height":92,"url":"https:\/\/vieassociative.be\/actualites\/wp-content\/uploads\/2024\/09\/header_backgroundk-01-e1726694325946.png","type":"image\/png"}],"author":"Julien","twitter_card":"summary_large_image","twitter_misc":{"\u00c9crit par":"Julien","Dur\u00e9e de lecture est.":"6 minutes"},"schema":{"@context":"https:\/\/schema.org","@graph":[{"@type":"Article","@id":"https:\/\/vieassociative.be\/actualites\/comment-parler-a-vos-enfants-des-problemes-lgbtq\/#article","isPartOf":{"@id":"https:\/\/vieassociative.be\/actualites\/comment-parler-a-vos-enfants-des-problemes-lgbtq\/"},"author":{"name":"Julien","@id":"https:\/\/vieassociative.be\/actualites\/#\/schema\/person\/b87ac4f82f9d4e7b7cec7395b679edc4"},"headline":"Comment parler \u00e0 vos enfants des probl\u00e8mes LGBTQ+","datePublished":"2024-10-22T20:18:09+00:00","dateModified":"2024-10-22T20:18:09+00:00","mainEntityOfPage":{"@id":"https:\/\/vieassociative.be\/actualites\/comment-parler-a-vos-enfants-des-problemes-lgbtq\/"},"wordCount":1320,"publisher":{"@id":"https:\/\/vieassociative.be\/actualites\/#organization"},"image":{"@id":"https:\/\/vieassociative.be\/actualites\/comment-parler-a-vos-enfants-des-problemes-lgbtq\/#primaryimage"},"thumbnailUrl":"https:\/\/vieassociative.be\/actualites\/wp-content\/uploads\/2024\/10\/Comment-parler-a-vos-enfants-des-problemes-LGBTQ.png","keywords":["Comment","Des","enfants","LGBTQ","parler","probl\u00e8mes","vos"],"articleSection":["Famille"],"inLanguage":"fr-BE"},{"@type":"WebPage","@id":"https:\/\/vieassociative.be\/actualites\/comment-parler-a-vos-enfants-des-problemes-lgbtq\/","url":"https:\/\/vieassociative.be\/actualites\/comment-parler-a-vos-enfants-des-problemes-lgbtq\/","name":"Comment parler \u00e0 vos enfants des probl\u00e8mes LGBTQ+ | Vie Associative","isPartOf":{"@id":"https:\/\/vieassociative.be\/actualites\/#website"},"primaryImageOfPage":{"@id":"https:\/\/vieassociative.be\/actualites\/comment-parler-a-vos-enfants-des-problemes-lgbtq\/#primaryimage"},"image":{"@id":"https:\/\/vieassociative.be\/actualites\/comment-parler-a-vos-enfants-des-problemes-lgbtq\/#primaryimage"},"thumbnailUrl":"https:\/\/vieassociative.be\/actualites\/wp-content\/uploads\/2024\/10\/Comment-parler-a-vos-enfants-des-problemes-LGBTQ.png","datePublished":"2024-10-22T20:18:09+00:00","dateModified":"2024-10-22T20:18:09+00:00","breadcrumb":{"@id":"https:\/\/vieassociative.be\/actualites\/comment-parler-a-vos-enfants-des-problemes-lgbtq\/#breadcrumb"},"inLanguage":"fr-BE","potentialAction":[{"@type":"ReadAction","target":["https:\/\/vieassociative.be\/actualites\/comment-parler-a-vos-enfants-des-problemes-lgbtq\/"]}]},{"@type":"ImageObject","inLanguage":"fr-BE","@id":"https:\/\/vieassociative.be\/actualites\/comment-parler-a-vos-enfants-des-problemes-lgbtq\/#primaryimage","url":"https:\/\/vieassociative.be\/actualites\/wp-content\/uploads\/2024\/10\/Comment-parler-a-vos-enfants-des-problemes-LGBTQ.png","contentUrl":"https:\/\/vieassociative.be\/actualites\/wp-content\/uploads\/2024\/10\/Comment-parler-a-vos-enfants-des-problemes-LGBTQ.png","width":1200,"height":675,"caption":"Comment parler \u00e0 vos enfants des probl\u00e8mes LGBTQ+"},{"@type":"BreadcrumbList","@id":"https:\/\/vieassociative.be\/actualites\/comment-parler-a-vos-enfants-des-problemes-lgbtq\/#breadcrumb","itemListElement":[{"@type":"ListItem","position":1,"name":"Accueil","item":"https:\/\/vieassociative.be\/actualites\/"},{"@type":"ListItem","position":2,"name":"Comment parler \u00e0 vos enfants des probl\u00e8mes LGBTQ+"}]},{"@type":"WebSite","@id":"https:\/\/vieassociative.be\/actualites\/#website","url":"https:\/\/vieassociative.be\/actualites\/","name":"Vie Associative","description":"","publisher":{"@id":"https:\/\/vieassociative.be\/actualites\/#organization"},"potentialAction":[{"@type":"SearchAction","target":{"@type":"EntryPoint","urlTemplate":"https:\/\/vieassociative.be\/actualites\/?s={search_term_string}"},"query-input":{"@type":"PropertyValueSpecification","valueRequired":true,"valueName":"search_term_string"}}],"inLanguage":"fr-BE"},{"@type":"Organization","@id":"https:\/\/vieassociative.be\/actualites\/#organization","name":"Vie Associative","url":"https:\/\/vieassociative.be\/actualites\/","logo":{"@type":"ImageObject","inLanguage":"fr-BE","@id":"https:\/\/vieassociative.be\/actualites\/#\/schema\/logo\/image\/","url":"https:\/\/vieassociative.be\/actualites\/wp-content\/uploads\/2024\/09\/cropped-vieassociative_favicon.ico.png","contentUrl":"https:\/\/vieassociative.be\/actualites\/wp-content\/uploads\/2024\/09\/cropped-vieassociative_favicon.ico.png","width":512,"height":512,"caption":"Vie Associative"},"image":{"@id":"https:\/\/vieassociative.be\/actualites\/#\/schema\/logo\/image\/"}},{"@type":"Person","@id":"https:\/\/vieassociative.be\/actualites\/#\/schema\/person\/b87ac4f82f9d4e7b7cec7395b679edc4","name":"Julien","image":{"@type":"ImageObject","inLanguage":"fr-BE","@id":"https:\/\/vieassociative.be\/actualites\/#\/schema\/person\/image\/","url":"https:\/\/vieassociative.be\/actualites\/wp-content\/uploads\/2024\/09\/vie-associative-1-150x150.jpg","contentUrl":"https:\/\/vieassociative.be\/actualites\/wp-content\/uploads\/2024\/09\/vie-associative-1-150x150.jpg","caption":"Julien"},"description":"Je suis Julien, r\u00e9dacteur pour Vie Associative. Passionn\u00e9 par le monde associatif depuis plus de 10 ans, j'ai \u00e0 c\u0153ur de partager des histoires inspirantes et de mettre en lumi\u00e8re les initiatives locales. Mon objectif est de sensibiliser et d'encourager l'engagement communautaire \u00e0 travers mes articles.","sameAs":["https:\/\/vieassociative.be\/"]}]}},"_links":{"self":[{"href":"https:\/\/vieassociative.be\/actualites\/wp-json\/wp\/v2\/posts\/1527"}],"collection":[{"href":"https:\/\/vieassociative.be\/actualites\/wp-json\/wp\/v2\/posts"}],"about":[{"href":"https:\/\/vieassociative.be\/actualites\/wp-json\/wp\/v2\/types\/post"}],"author":[{"embeddable":true,"href":"https:\/\/vieassociative.be\/actualites\/wp-json\/wp\/v2\/users\/1"}],"replies":[{"embeddable":true,"href":"https:\/\/vieassociative.be\/actualites\/wp-json\/wp\/v2\/comments?post=1527"}],"version-history":[{"count":0,"href":"https:\/\/vieassociative.be\/actualites\/wp-json\/wp\/v2\/posts\/1527\/revisions"}],"wp:featuredmedia":[{"embeddable":true,"href":"https:\/\/vieassociative.be\/actualites\/wp-json\/wp\/v2\/media\/1528"}],"wp:attachment":[{"href":"https:\/\/vieassociative.be\/actualites\/wp-json\/wp\/v2\/media?parent=1527"}],"wp:term":[{"taxonomy":"category","embeddable":true,"href":"https:\/\/vieassociative.be\/actualites\/wp-json\/wp\/v2\/categories?post=1527"},{"taxonomy":"post_tag","embeddable":true,"href":"https:\/\/vieassociative.be\/actualites\/wp-json\/wp\/v2\/tags?post=1527"}],"curies":[{"name":"wp","href":"https:\/\/api.w.org\/{rel}","templated":true}]}}