{"id":15213,"date":"2026-09-04T23:17:35","date_gmt":"2026-09-04T21:17:35","guid":{"rendered":"https:\/\/vieassociative.be\/actualites\/journee-des-echappes-van-aert-remporte-la-13e-etape-de-la-vuelta\/"},"modified":"2026-09-04T23:17:35","modified_gmt":"2026-09-04T21:17:35","slug":"journee-des-echappes-van-aert-remporte-la-13e-etape-de-la-vuelta","status":"publish","type":"post","link":"https:\/\/vieassociative.be\/actualites\/journee-des-echappes-van-aert-remporte-la-13e-etape-de-la-vuelta\/","title":{"rendered":"Journ\u00e9e des \u00e9chapp\u00e9s : Van Aert remporte la 13e \u00e9tape de la Vuelta"},"content":{"rendered":"<p><strong>Avant l&rsquo;arriv\u00e9e suivante en montagne, les \u00e9chapp\u00e9s ont eu leur chance sur le Tour d&rsquo;Espagne. Wout van Aert en a profit\u00e9.<\/strong><\/p>\n<p><span id=\"more-441834\"><\/span>La star du cyclisme belge Wout van Aert a remport\u00e9 sa premi\u00e8re \u00e9tape du Tour d&rsquo;Espagne de cette ann\u00e9e lors de la journ\u00e9e d&rsquo;\u00e9chapp\u00e9e. Le sp\u00e9cialiste des classiques s&rsquo;est impos\u00e9 devant le Fran\u00e7ais Valentin Paret-Peintre apr\u00e8s les 192,8 kilom\u00e8tres d&rsquo;Almunecar \u00e0 Loja.<\/p>\n<p>Le duo s&rsquo;est d\u00e9tach\u00e9 d&rsquo;un groupe d&rsquo;\u00e9chapp\u00e9e de neuf hommes \u00e0 environ quatre kilom\u00e8tres de l&rsquo;arriv\u00e9e. Le co\u00e9quipier britannique de Van Aert, Matthew Brennan, qui avait d\u00e9j\u00e0 remport\u00e9 trois \u00e9tapes, est arriv\u00e9 troisi\u00e8me.<\/p>\n<p>Il n&rsquo;y a eu aucun changement dans les premi\u00e8res positions du classement g\u00e9n\u00e9ral. L&rsquo;Espagnol Enric Mas, qui a pris la t\u00eate apr\u00e8s l&rsquo;abandon de Tadej Pogacar, compte toujours 1 min 45 s d&rsquo;avance sur Primoz Roglic, quadruple vainqueur de la Vuelta. L&rsquo;Autrichien Felix Gall est troisi\u00e8me, \u00e0 2:06 minutes de Mas.<\/p>\n<p>Demain, la prochaine arriv\u00e9e difficile en montagne est au programme. Le leader du classement g\u00e9n\u00e9ral, Mas, est le favori sur le parcours de 154,9 kilom\u00e8tres jusqu&rsquo;\u00e0 la Sierra de La Pandera. La mont\u00e9e finale, longue de 11,8 kilom\u00e8tres, a une pente moyenne de 7,5 pour cent. Le capitaine de Red Bull, Roglic, ne peut pas vraiment se permettre de perdre davantage de temps si l&rsquo;on veut que la cinqui\u00e8me victoire sur la Vuelta reste \u00e0 sa port\u00e9e. (dpa)<\/p>\n","protected":false},"excerpt":{"rendered":"<p>Avant l&rsquo;arriv\u00e9e suivante en montagne, les \u00e9chapp\u00e9s ont eu leur chance sur le Tour d&rsquo;Espagne. Wout van Aert en a profit\u00e9. La star du cyclisme<\/p>\n","protected":false},"author":1,"featured_media":15214,"comment_status":"","ping_status":"","sticky":false,"template":"","format":"standard","meta":{"footnotes":""},"categories":[298],"tags":[11351,6144,29,11350,3763,2877,2809,4100,8281],"class_list":["post-15213","post","type-post","status-publish","format-standard","has-post-thumbnail","hentry","category-belgique","tag-13e","tag-aert","tag-des","tag-echappes","tag-etape","tag-journee","tag-remporte","tag-van","tag-vuelta","generate-columns","tablet-grid-50","mobile-grid-100","grid-parent","grid-33"],"yoast_head":"<!-- This site is optimized with the Yoast SEO plugin v24.0 - https:\/\/yoast.com\/wordpress\/plugins\/seo\/ -->\n<title>Journ\u00e9e des \u00e9chapp\u00e9s : Van Aert remporte la 13e \u00e9tape de la Vuelta | Vie Associative<\/title>\n<meta name=\"robots\" content=\"index, follow, max-snippet:-1, max-image-preview:large, max-video-preview:-1\" \/>\n<link rel=\"canonical\" href=\"https:\/\/vieassociative.be\/actualites\/journee-des-echappes-van-aert-remporte-la-13e-etape-de-la-vuelta\/\" \/>\n<meta property=\"og:locale\" content=\"fr_FR\" \/>\n<meta property=\"og:type\" content=\"article\" \/>\n<meta property=\"og:title\" content=\"Journ\u00e9e des \u00e9chapp\u00e9s : Van Aert remporte la 13e \u00e9tape de la Vuelta | Vie Associative\" \/>\n<meta property=\"og:description\" content=\"Avant l&rsquo;arriv\u00e9e suivante en montagne, les \u00e9chapp\u00e9s ont eu leur chance sur le Tour d&rsquo;Espagne. Wout van Aert en a profit\u00e9. La star du cyclisme\" \/>\n<meta property=\"og:url\" content=\"https:\/\/vieassociative.be\/actualites\/journee-des-echappes-van-aert-remporte-la-13e-etape-de-la-vuelta\/\" \/>\n<meta property=\"og:site_name\" content=\"Vie Associative\" \/>\n<meta property=\"article:published_time\" content=\"2026-09-04T21:17:35+00:00\" \/>\n<meta property=\"og:image\" content=\"https:\/\/vieassociative.be\/actualites\/wp-content\/uploads\/2024\/09\/header_backgroundk-01-e1726694325946.png\" \/>\n\t<meta property=\"og:image:width\" content=\"279\" \/>\n\t<meta property=\"og:image:height\" content=\"92\" \/>\n\t<meta property=\"og:image:type\" content=\"image\/png\" \/>\n<meta name=\"author\" content=\"Julien\" \/>\n<meta name=\"twitter:card\" content=\"summary_large_image\" \/>\n<meta name=\"twitter:label1\" content=\"\u00c9crit par\" \/>\n\t<meta name=\"twitter:data1\" content=\"Julien\" \/>\n\t<meta name=\"twitter:label2\" content=\"Dur\u00e9e de lecture est.\" \/>\n\t<meta name=\"twitter:data2\" content=\"1 minute\" \/>\n<script type=\"application\/ld+json\" class=\"yoast-schema-graph\">{\"@context\":\"https:\/\/schema.org\",\"@graph\":[{\"@type\":\"Article\",\"@id\":\"https:\/\/vieassociative.be\/actualites\/journee-des-echappes-van-aert-remporte-la-13e-etape-de-la-vuelta\/#article\",\"isPartOf\":{\"@id\":\"https:\/\/vieassociative.be\/actualites\/journee-des-echappes-van-aert-remporte-la-13e-etape-de-la-vuelta\/\"},\"author\":{\"name\":\"Julien\",\"@id\":\"https:\/\/vieassociative.be\/actualites\/#\/schema\/person\/b87ac4f82f9d4e7b7cec7395b679edc4\"},\"headline\":\"Journ\u00e9e des \u00e9chapp\u00e9s : Van Aert remporte la 13e \u00e9tape de la Vuelta\",\"datePublished\":\"2026-09-04T21:17:35+00:00\",\"dateModified\":\"2026-09-04T21:17:35+00:00\",\"mainEntityOfPage\":{\"@id\":\"https:\/\/vieassociative.be\/actualites\/journee-des-echappes-van-aert-remporte-la-13e-etape-de-la-vuelta\/\"},\"wordCount\":275,\"publisher\":{\"@id\":\"https:\/\/vieassociative.be\/actualites\/#organization\"},\"image\":{\"@id\":\"https:\/\/vieassociative.be\/actualites\/journee-des-echappes-van-aert-remporte-la-13e-etape-de-la-vuelta\/#primaryimage\"},\"thumbnailUrl\":\"https:\/\/vieassociative.be\/actualites\/wp-content\/uploads\/2026\/09\/Journee-des-echappes-Van-Aert-remporte-la-13e-etape.jpg\",\"keywords\":[\"13e\",\"aert\",\"Des\",\"\u00e9chapp\u00e9s\",\"\u00e9tape\",\"journ\u00e9e\",\"remport\u00e9\",\"Van\",\"Vuelta\"],\"articleSection\":[\"Belgique\"],\"inLanguage\":\"fr-BE\"},{\"@type\":\"WebPage\",\"@id\":\"https:\/\/vieassociative.be\/actualites\/journee-des-echappes-van-aert-remporte-la-13e-etape-de-la-vuelta\/\",\"url\":\"https:\/\/vieassociative.be\/actualites\/journee-des-echappes-van-aert-remporte-la-13e-etape-de-la-vuelta\/\",\"name\":\"Journ\u00e9e des \u00e9chapp\u00e9s : Van Aert remporte la 13e \u00e9tape de la Vuelta | Vie Associative\",\"isPartOf\":{\"@id\":\"https:\/\/vieassociative.be\/actualites\/#website\"},\"primaryImageOfPage\":{\"@id\":\"https:\/\/vieassociative.be\/actualites\/journee-des-echappes-van-aert-remporte-la-13e-etape-de-la-vuelta\/#primaryimage\"},\"image\":{\"@id\":\"https:\/\/vieassociative.be\/actualites\/journee-des-echappes-van-aert-remporte-la-13e-etape-de-la-vuelta\/#primaryimage\"},\"thumbnailUrl\":\"https:\/\/vieassociative.be\/actualites\/wp-content\/uploads\/2026\/09\/Journee-des-echappes-Van-Aert-remporte-la-13e-etape.jpg\",\"datePublished\":\"2026-09-04T21:17:35+00:00\",\"dateModified\":\"2026-09-04T21:17:35+00:00\",\"breadcrumb\":{\"@id\":\"https:\/\/vieassociative.be\/actualites\/journee-des-echappes-van-aert-remporte-la-13e-etape-de-la-vuelta\/#breadcrumb\"},\"inLanguage\":\"fr-BE\",\"potentialAction\":[{\"@type\":\"ReadAction\",\"target\":[\"https:\/\/vieassociative.be\/actualites\/journee-des-echappes-van-aert-remporte-la-13e-etape-de-la-vuelta\/\"]}]},{\"@type\":\"ImageObject\",\"inLanguage\":\"fr-BE\",\"@id\":\"https:\/\/vieassociative.be\/actualites\/journee-des-echappes-van-aert-remporte-la-13e-etape-de-la-vuelta\/#primaryimage\",\"url\":\"https:\/\/vieassociative.be\/actualites\/wp-content\/uploads\/2026\/09\/Journee-des-echappes-Van-Aert-remporte-la-13e-etape.jpg\",\"contentUrl\":\"https:\/\/vieassociative.be\/actualites\/wp-content\/uploads\/2026\/09\/Journee-des-echappes-Van-Aert-remporte-la-13e-etape.jpg\",\"width\":1200,\"height\":800,\"caption\":\"Journ\u00e9e des \u00e9chapp\u00e9s : Van Aert remporte la 13e \u00e9tape de la Vuelta\"},{\"@type\":\"BreadcrumbList\",\"@id\":\"https:\/\/vieassociative.be\/actualites\/journee-des-echappes-van-aert-remporte-la-13e-etape-de-la-vuelta\/#breadcrumb\",\"itemListElement\":[{\"@type\":\"ListItem\",\"position\":1,\"name\":\"Accueil\",\"item\":\"https:\/\/vieassociative.be\/actualites\/\"},{\"@type\":\"ListItem\",\"position\":2,\"name\":\"Journ\u00e9e des \u00e9chapp\u00e9s : Van Aert remporte la 13e \u00e9tape de la Vuelta\"}]},{\"@type\":\"WebSite\",\"@id\":\"https:\/\/vieassociative.be\/actualites\/#website\",\"url\":\"https:\/\/vieassociative.be\/actualites\/\",\"name\":\"Vie Associative\",\"description\":\"\",\"publisher\":{\"@id\":\"https:\/\/vieassociative.be\/actualites\/#organization\"},\"potentialAction\":[{\"@type\":\"SearchAction\",\"target\":{\"@type\":\"EntryPoint\",\"urlTemplate\":\"https:\/\/vieassociative.be\/actualites\/?s={search_term_string}\"},\"query-input\":{\"@type\":\"PropertyValueSpecification\",\"valueRequired\":true,\"valueName\":\"search_term_string\"}}],\"inLanguage\":\"fr-BE\"},{\"@type\":\"Organization\",\"@id\":\"https:\/\/vieassociative.be\/actualites\/#organization\",\"name\":\"Vie Associative\",\"url\":\"https:\/\/vieassociative.be\/actualites\/\",\"logo\":{\"@type\":\"ImageObject\",\"inLanguage\":\"fr-BE\",\"@id\":\"https:\/\/vieassociative.be\/actualites\/#\/schema\/logo\/image\/\",\"url\":\"https:\/\/vieassociative.be\/actualites\/wp-content\/uploads\/2024\/09\/cropped-vieassociative_favicon.ico.png\",\"contentUrl\":\"https:\/\/vieassociative.be\/actualites\/wp-content\/uploads\/2024\/09\/cropped-vieassociative_favicon.ico.png\",\"width\":512,\"height\":512,\"caption\":\"Vie Associative\"},\"image\":{\"@id\":\"https:\/\/vieassociative.be\/actualites\/#\/schema\/logo\/image\/\"}},{\"@type\":\"Person\",\"@id\":\"https:\/\/vieassociative.be\/actualites\/#\/schema\/person\/b87ac4f82f9d4e7b7cec7395b679edc4\",\"name\":\"Julien\",\"image\":{\"@type\":\"ImageObject\",\"inLanguage\":\"fr-BE\",\"@id\":\"https:\/\/vieassociative.be\/actualites\/#\/schema\/person\/image\/\",\"url\":\"https:\/\/vieassociative.be\/actualites\/wp-content\/uploads\/2024\/09\/vie-associative-1-150x150.jpg\",\"contentUrl\":\"https:\/\/vieassociative.be\/actualites\/wp-content\/uploads\/2024\/09\/vie-associative-1-150x150.jpg\",\"caption\":\"Julien\"},\"description\":\"Je suis Julien, r\u00e9dacteur pour Vie Associative. Passionn\u00e9 par le monde associatif depuis plus de 10 ans, j'ai \u00e0 c\u0153ur de partager des histoires inspirantes et de mettre en lumi\u00e8re les initiatives locales. Mon objectif est de sensibiliser et d'encourager l'engagement communautaire \u00e0 travers mes articles.\",\"sameAs\":[\"https:\/\/vieassociative.be\/\"]}]}<\/script>\n<!-- \/ Yoast SEO plugin. -->","yoast_head_json":{"title":"Journ\u00e9e des \u00e9chapp\u00e9s : Van Aert remporte la 13e \u00e9tape de la Vuelta | Vie Associative","robots":{"index":"index","follow":"follow","max-snippet":"max-snippet:-1","max-image-preview":"max-image-preview:large","max-video-preview":"max-video-preview:-1"},"canonical":"https:\/\/vieassociative.be\/actualites\/journee-des-echappes-van-aert-remporte-la-13e-etape-de-la-vuelta\/","og_locale":"fr_FR","og_type":"article","og_title":"Journ\u00e9e des \u00e9chapp\u00e9s : Van Aert remporte la 13e \u00e9tape de la Vuelta | Vie Associative","og_description":"Avant l&rsquo;arriv\u00e9e suivante en montagne, les \u00e9chapp\u00e9s ont eu leur chance sur le Tour d&rsquo;Espagne. Wout van Aert en a profit\u00e9. La star du cyclisme","og_url":"https:\/\/vieassociative.be\/actualites\/journee-des-echappes-van-aert-remporte-la-13e-etape-de-la-vuelta\/","og_site_name":"Vie Associative","article_published_time":"2026-09-04T21:17:35+00:00","og_image":[{"width":279,"height":92,"url":"https:\/\/vieassociative.be\/actualites\/wp-content\/uploads\/2024\/09\/header_backgroundk-01-e1726694325946.png","type":"image\/png"}],"author":"Julien","twitter_card":"summary_large_image","twitter_misc":{"\u00c9crit par":"Julien","Dur\u00e9e de lecture est.":"1 minute"},"schema":{"@context":"https:\/\/schema.org","@graph":[{"@type":"Article","@id":"https:\/\/vieassociative.be\/actualites\/journee-des-echappes-van-aert-remporte-la-13e-etape-de-la-vuelta\/#article","isPartOf":{"@id":"https:\/\/vieassociative.be\/actualites\/journee-des-echappes-van-aert-remporte-la-13e-etape-de-la-vuelta\/"},"author":{"name":"Julien","@id":"https:\/\/vieassociative.be\/actualites\/#\/schema\/person\/b87ac4f82f9d4e7b7cec7395b679edc4"},"headline":"Journ\u00e9e des \u00e9chapp\u00e9s : Van Aert remporte la 13e \u00e9tape de la Vuelta","datePublished":"2026-09-04T21:17:35+00:00","dateModified":"2026-09-04T21:17:35+00:00","mainEntityOfPage":{"@id":"https:\/\/vieassociative.be\/actualites\/journee-des-echappes-van-aert-remporte-la-13e-etape-de-la-vuelta\/"},"wordCount":275,"publisher":{"@id":"https:\/\/vieassociative.be\/actualites\/#organization"},"image":{"@id":"https:\/\/vieassociative.be\/actualites\/journee-des-echappes-van-aert-remporte-la-13e-etape-de-la-vuelta\/#primaryimage"},"thumbnailUrl":"https:\/\/vieassociative.be\/actualites\/wp-content\/uploads\/2026\/09\/Journee-des-echappes-Van-Aert-remporte-la-13e-etape.jpg","keywords":["13e","aert","Des","\u00e9chapp\u00e9s","\u00e9tape","journ\u00e9e","remport\u00e9","Van","Vuelta"],"articleSection":["Belgique"],"inLanguage":"fr-BE"},{"@type":"WebPage","@id":"https:\/\/vieassociative.be\/actualites\/journee-des-echappes-van-aert-remporte-la-13e-etape-de-la-vuelta\/","url":"https:\/\/vieassociative.be\/actualites\/journee-des-echappes-van-aert-remporte-la-13e-etape-de-la-vuelta\/","name":"Journ\u00e9e des \u00e9chapp\u00e9s : Van Aert remporte la 13e \u00e9tape de la Vuelta | Vie Associative","isPartOf":{"@id":"https:\/\/vieassociative.be\/actualites\/#website"},"primaryImageOfPage":{"@id":"https:\/\/vieassociative.be\/actualites\/journee-des-echappes-van-aert-remporte-la-13e-etape-de-la-vuelta\/#primaryimage"},"image":{"@id":"https:\/\/vieassociative.be\/actualites\/journee-des-echappes-van-aert-remporte-la-13e-etape-de-la-vuelta\/#primaryimage"},"thumbnailUrl":"https:\/\/vieassociative.be\/actualites\/wp-content\/uploads\/2026\/09\/Journee-des-echappes-Van-Aert-remporte-la-13e-etape.jpg","datePublished":"2026-09-04T21:17:35+00:00","dateModified":"2026-09-04T21:17:35+00:00","breadcrumb":{"@id":"https:\/\/vieassociative.be\/actualites\/journee-des-echappes-van-aert-remporte-la-13e-etape-de-la-vuelta\/#breadcrumb"},"inLanguage":"fr-BE","potentialAction":[{"@type":"ReadAction","target":["https:\/\/vieassociative.be\/actualites\/journee-des-echappes-van-aert-remporte-la-13e-etape-de-la-vuelta\/"]}]},{"@type":"ImageObject","inLanguage":"fr-BE","@id":"https:\/\/vieassociative.be\/actualites\/journee-des-echappes-van-aert-remporte-la-13e-etape-de-la-vuelta\/#primaryimage","url":"https:\/\/vieassociative.be\/actualites\/wp-content\/uploads\/2026\/09\/Journee-des-echappes-Van-Aert-remporte-la-13e-etape.jpg","contentUrl":"https:\/\/vieassociative.be\/actualites\/wp-content\/uploads\/2026\/09\/Journee-des-echappes-Van-Aert-remporte-la-13e-etape.jpg","width":1200,"height":800,"caption":"Journ\u00e9e des \u00e9chapp\u00e9s : Van Aert remporte la 13e \u00e9tape de la Vuelta"},{"@type":"BreadcrumbList","@id":"https:\/\/vieassociative.be\/actualites\/journee-des-echappes-van-aert-remporte-la-13e-etape-de-la-vuelta\/#breadcrumb","itemListElement":[{"@type":"ListItem","position":1,"name":"Accueil","item":"https:\/\/vieassociative.be\/actualites\/"},{"@type":"ListItem","position":2,"name":"Journ\u00e9e des \u00e9chapp\u00e9s : Van Aert remporte la 13e \u00e9tape de la Vuelta"}]},{"@type":"WebSite","@id":"https:\/\/vieassociative.be\/actualites\/#website","url":"https:\/\/vieassociative.be\/actualites\/","name":"Vie Associative","description":"","publisher":{"@id":"https:\/\/vieassociative.be\/actualites\/#organization"},"potentialAction":[{"@type":"SearchAction","target":{"@type":"EntryPoint","urlTemplate":"https:\/\/vieassociative.be\/actualites\/?s={search_term_string}"},"query-input":{"@type":"PropertyValueSpecification","valueRequired":true,"valueName":"search_term_string"}}],"inLanguage":"fr-BE"},{"@type":"Organization","@id":"https:\/\/vieassociative.be\/actualites\/#organization","name":"Vie Associative","url":"https:\/\/vieassociative.be\/actualites\/","logo":{"@type":"ImageObject","inLanguage":"fr-BE","@id":"https:\/\/vieassociative.be\/actualites\/#\/schema\/logo\/image\/","url":"https:\/\/vieassociative.be\/actualites\/wp-content\/uploads\/2024\/09\/cropped-vieassociative_favicon.ico.png","contentUrl":"https:\/\/vieassociative.be\/actualites\/wp-content\/uploads\/2024\/09\/cropped-vieassociative_favicon.ico.png","width":512,"height":512,"caption":"Vie Associative"},"image":{"@id":"https:\/\/vieassociative.be\/actualites\/#\/schema\/logo\/image\/"}},{"@type":"Person","@id":"https:\/\/vieassociative.be\/actualites\/#\/schema\/person\/b87ac4f82f9d4e7b7cec7395b679edc4","name":"Julien","image":{"@type":"ImageObject","inLanguage":"fr-BE","@id":"https:\/\/vieassociative.be\/actualites\/#\/schema\/person\/image\/","url":"https:\/\/vieassociative.be\/actualites\/wp-content\/uploads\/2024\/09\/vie-associative-1-150x150.jpg","contentUrl":"https:\/\/vieassociative.be\/actualites\/wp-content\/uploads\/2024\/09\/vie-associative-1-150x150.jpg","caption":"Julien"},"description":"Je suis Julien, r\u00e9dacteur pour Vie Associative. Passionn\u00e9 par le monde associatif depuis plus de 10 ans, j'ai \u00e0 c\u0153ur de partager des histoires inspirantes et de mettre en lumi\u00e8re les initiatives locales. Mon objectif est de sensibiliser et d'encourager l'engagement communautaire \u00e0 travers mes articles.","sameAs":["https:\/\/vieassociative.be\/"]}]}},"_links":{"self":[{"href":"https:\/\/vieassociative.be\/actualites\/wp-json\/wp\/v2\/posts\/15213"}],"collection":[{"href":"https:\/\/vieassociative.be\/actualites\/wp-json\/wp\/v2\/posts"}],"about":[{"href":"https:\/\/vieassociative.be\/actualites\/wp-json\/wp\/v2\/types\/post"}],"author":[{"embeddable":true,"href":"https:\/\/vieassociative.be\/actualites\/wp-json\/wp\/v2\/users\/1"}],"replies":[{"embeddable":true,"href":"https:\/\/vieassociative.be\/actualites\/wp-json\/wp\/v2\/comments?post=15213"}],"version-history":[{"count":0,"href":"https:\/\/vieassociative.be\/actualites\/wp-json\/wp\/v2\/posts\/15213\/revisions"}],"wp:featuredmedia":[{"embeddable":true,"href":"https:\/\/vieassociative.be\/actualites\/wp-json\/wp\/v2\/media\/15214"}],"wp:attachment":[{"href":"https:\/\/vieassociative.be\/actualites\/wp-json\/wp\/v2\/media?parent=15213"}],"wp:term":[{"taxonomy":"category","embeddable":true,"href":"https:\/\/vieassociative.be\/actualites\/wp-json\/wp\/v2\/categories?post=15213"},{"taxonomy":"post_tag","embeddable":true,"href":"https:\/\/vieassociative.be\/actualites\/wp-json\/wp\/v2\/tags?post=15213"}],"curies":[{"name":"wp","href":"https:\/\/api.w.org\/{rel}","templated":true}]}}