{"id":15210,"date":"2026-09-04T17:17:13","date_gmt":"2026-09-04T15:17:13","guid":{"rendered":"https:\/\/vieassociative.be\/actualites\/giorgia-meloni-bat-le-record-du-gouvernement-italien-la-femme-la-plus-dangereuse-deurope-est-au-pouvoir-depuis-1-413-jours\/"},"modified":"2026-09-04T17:17:13","modified_gmt":"2026-09-04T15:17:13","slug":"giorgia-meloni-bat-le-record-du-gouvernement-italien-la-femme-la-plus-dangereuse-deurope-est-au-pouvoir-depuis-1-413-jours","status":"publish","type":"post","link":"https:\/\/vieassociative.be\/actualites\/giorgia-meloni-bat-le-record-du-gouvernement-italien-la-femme-la-plus-dangereuse-deurope-est-au-pouvoir-depuis-1-413-jours\/","title":{"rendered":"Giorgia Meloni bat le record du gouvernement italien : la \u00ab\u00a0femme la plus dangereuse d&rsquo;Europe\u00a0\u00bb est au pouvoir depuis 1 413 jours"},"content":{"rendered":"<p><strong>Elle est d\u00e9sormais chef du gouvernement depuis 1 413 jours cons\u00e9cutifs, une p\u00e9riode inhabituellement longue pour l&rsquo;Italie. Le politicien de droite dispose d\u2019un gouvernement stable, mais il y a des premi\u00e8res fissures. Va-t-elle bient\u00f4t franchir une nouvelle \u00e9tape ?<\/strong><\/p>\n<p><span id=\"more-441823\"><\/span>Au maximum six mois et ce serait fini : selon les propres souvenirs de Giorgia Meloni, telles \u00e9taient les pr\u00e9visions de son gouvernement de droite. La crise financi\u00e8re viendra et l&rsquo;Italie sera compl\u00e8tement isol\u00e9e sur la sc\u00e8ne internationale. \u00ab Et puis ils se sont tous r\u00e9veill\u00e9s en sueur \u00bb, a d\u00e9clar\u00e9 le Premier ministre italien il y a pr\u00e8s de deux ans, se moquant de ceux qui pr\u00e9disaient une fin rapide \u00e0 son gouvernement.<\/p>\n<p>Suit maintenant une conclusion historique : ce vendredi, le gouvernement de Meloni sera en fonction plus longtemps sans interruption que tout autre cabinet depuis la fondation de la r\u00e9publique en 1946.<\/p>\n<p>1\u00a0413 jours se sont \u00e9coul\u00e9s depuis que sa coalition de centre-droit a pr\u00eat\u00e9 serment le 22 octobre 2022. Cela signifie qu&rsquo;elle remplace le deuxi\u00e8me gouvernement de Silvio Berlusconi comme le plus ancien \u00e0 ce jour. Berlusconi a gouvern\u00e9 pendant 1\u00a0412 jours au total, de 2001 \u00e0 2005.<\/p>\n<div id=\"attachment_439802\" class=\"wp-caption alignleft\" style=\"max-width: 300px\"><img fetchpriority=\"high\" decoding=\"async\" class=\"wp-image-439802 size-medium\" src=\"https:\/\/vieassociative.be\/actualites\/wp-content\/uploads\/2026\/09\/Giorgia-Meloni-bat-le-record-du-gouvernement-italien-la.jpg\" alt=\"\" width=\"300\" height=\"208\"><\/div>\n<p>Meloni, 49 ans, et sa coalition de trois partis de droite et conservateurs ont r\u00e9ussi ce que leurs pr\u00e9d\u00e9cesseurs ont rarement r\u00e9ussi : assurer la stabilit\u00e9. Il y a eu 68 gouvernements depuis 1946 et ils n\u2019ont dur\u00e9 en moyenne que 13 mois.<\/p>\n<p>Cependant, le bilan de Meloni ne concerne que le mandat continu d&rsquo;un seul cabinet. Si l\u2019on additionne plusieurs gouvernements dirig\u00e9s par le m\u00eame Premier ministre, Berlusconi reste au sommet pendant plus de neuf ans. Meloni est actuellement class\u00e9 septi\u00e8me dans ce classement.<\/p>\n<p>La politicienne et son parti Fratelli d&rsquo;Italia pr\u00e9sentent cela comme un grand succ\u00e8s. Un rassemblement est pr\u00e9vu vendredi \u00e0 Bari, dans le sud de l&rsquo;Italie, o\u00f9 le chef du parti Meloni prononcera \u00e9galement un discours dans la soir\u00e9e.<\/p>\n<p>Et Meloni peut en effet citer ce qu&rsquo;elle consid\u00e8re comme un bilan correct : ses Fratelli avec la Lega et Forza Italia r\u00e8gnent de mani\u00e8re stable depuis pr\u00e8s de quatre ans. Malgr\u00e9 les frictions, notamment entre les deux partenaires juniors, la coalition tient. Dans les sondages, Meloni et ses Fratelli obtiennent environ 27 pour cent, nettement devant tous les autres partis.<\/p>\n<p>Hors d\u2019Italie, leur gouvernement n\u2019est en aucun cas isol\u00e9. Les craintes correspondantes ne se sont pas r\u00e9alis\u00e9es. Peu avant les \u00e9lections de l\u2019automne 2022, le magazine \u00ab Stern \u00bb titrait en r\u00e9f\u00e9rence \u00e0 Meloni : \u00ab La femme la plus dangereuse d\u2019Europe \u00bb. La pr\u00e9sidente de la Commission europ\u00e9enne, Ursula von der Leyen, avait \u00e9galement d\u00e9clar\u00e9 \u00e0 l\u2019\u00e9poque que si les choses allaient \u00ab dans une direction difficile \u00bb, l\u2019UE disposait de \u00ab outils \u00bb.<\/p>\n<p>Les racines de son parti ont \u00e9t\u00e9 \u00e9voqu\u00e9es \u00e0 maintes reprises \u00e0 l\u2019\u00e9poque, et Meloni elle-m\u00eame a \u00e9t\u00e9 d\u00e9crite comme une post-fasciste. Les Fratelli sont un parti successeur du n\u00e9o-fasciste MSI (Movimento Sociale Italiano), fond\u00e9 en 1946 par des loyalistes du dictateur fasciste Benito Mussolini (1883-1945).<\/p>\n<div id=\"attachment_334948\" class=\"wp-caption alignleft\" style=\"max-width: 300px\"><img decoding=\"async\" class=\"wp-image-334948 size-medium\" src=\"https:\/\/vieassociative.be\/actualites\/wp-content\/uploads\/2026\/09\/Giorgia-Meloni-bat-le-record-du-gouvernement-italien-la.jpeg\" alt=\"\" width=\"300\" height=\"188\"><\/div>\n<p><strong>\u2013 Cinq premiers ministres fran\u00e7ais et quatre britanniques, deux chanceliers :<\/strong> Pendant la campagne \u00e9lectorale, Meloni s&rsquo;est montr\u00e9 radical et a critiqu\u00e9 l&rsquo;UE, a cherch\u00e9 \u00e0 se rapprocher de l&rsquo;extr\u00eame droite europ\u00e9enne et a agi en traditionaliste. \u00ab Je suis Giorgia, je suis une femme, je suis une m\u00e8re, je suis italienne, je suis chr\u00e9tienne \u00bb, est son dicton le plus c\u00e9l\u00e8bre. Apr\u00e8s s&rsquo;\u00eatre s\u00e9par\u00e9e de son partenaire de longue date, elle \u00e9l\u00e8ve seule sa fille de neuf ans.<\/p>\n<p>Cependant, Meloni a adopt\u00e9 une approche pragmatique apr\u00e8s son entr\u00e9e en fonction. En Europe, elle se positionne comme un partenaire fiable et suit un cap clair aux c\u00f4t\u00e9s de l\u2019Ukraine. Le magazine \u00ab Politico \u00bb l\u2019a depuis d\u00e9sign\u00e9e comme la personnalit\u00e9 la plus puissante d\u2019Europe.<\/p>\n<p>Autrefois ridiculis\u00e9e par ses partenaires europ\u00e9ens comme un pays aux gouvernements instables et \u00e9ph\u00e9m\u00e8res, l&rsquo;Italie de Meloni et son gouvernement sont d\u00e9sormais consid\u00e9r\u00e9s comme un havre de stabilit\u00e9 par rapport aux autres pays de l&rsquo;UE. Depuis son entr\u00e9e en fonction, l&rsquo;homme politique a connu cinq premiers ministres fran\u00e7ais et quatre premiers ministres britanniques, ainsi que deux chanceliers allemands.<\/p>\n<p><strong>\u2013 Premi\u00e8res fissures et pressions de l\u2019ext\u00e9rieur droit :<\/strong> Mais des fissures ont commenc\u00e9 \u00e0 appara\u00eetre dans les semaines pr\u00e9c\u00e9dant le record. En termes de politique \u00e9trang\u00e8re, les relations autrefois \u00e9troites de Meloni avec le pr\u00e9sident am\u00e9ricain Donald Trump ont subi un s\u00e9rieux revers. Les deux hommes se sont disput\u00e9s ouvertement.<\/p>\n<p>Meloni a \u00e9galement r\u00e9cemment subi des revers en mati\u00e8re de politique int\u00e9rieure. L&rsquo;un de leurs projets de prestige a \u00e9chou\u00e9 en mars : les Italiens ont rejet\u00e9 leur r\u00e9forme judiciaire lors d&rsquo;un r\u00e9f\u00e9rendum. C&rsquo;\u00e9tait la premi\u00e8re d\u00e9faite politique majeure de Meloni. Le deuxi\u00e8me revers est survenu quelques mois plus tard : elle a perdu un vote au Parlement pour une r\u00e9forme de la loi \u00e9lectorale qu&rsquo;elle avait fait avancer.<\/p>\n<div id=\"attachment_343103\" class=\"wp-caption alignleft\" style=\"max-width: 300px\"><img decoding=\"async\" class=\"wp-image-343103 size-medium\" src=\"https:\/\/vieassociative.be\/actualites\/wp-content\/uploads\/2026\/09\/1788535033_563_Giorgia-Meloni-bat-le-record-du-gouvernement-italien-la.jpeg\" alt=\"\" width=\"300\" height=\"200\"><\/div>\n<p><strong>\u2013 Meloni atteindra-t-il le prochain record ?<\/strong> Il y a d\u00e9sormais un opposant encore plus \u00e0 droite : l&rsquo;ex-g\u00e9n\u00e9ral Roberto Vannacci et son parti Futuro Nazionale d\u00e9fient ouvertement le gouvernement. Vannacci a attir\u00e9 l&rsquo;attention avec des commentaires homophobes et racistes. Dans les sondages, le parti atteint d\u00e9sormais un bon sept pour cent &#8211; et donc devant les plus petits partenaires de coalition de Meloni, Lega et Forza Italia. Le nouveau parti pourrait devenir un \u00e9l\u00e9ment d\u00e9cisif dans le camp de droite lors des prochaines \u00e9lections.<\/p>\n<p>Meloni r\u00e9agit nerveusement \u00e0 la concurrence. Elle a profit\u00e9 de l&rsquo;arriv\u00e9e de dizaines de milliers de migrants dans l&rsquo;enclave espagnole de Ceuta en Afrique du Nord en ao\u00fbt pour se faire conna\u00eetre sur le sujet de la migration et a annonc\u00e9 des \u00ab\u00a0contr\u00f4les cibl\u00e9s aux fronti\u00e8res\u00a0\u00bb.<\/p>\n<p>Cependant, en ce qui concerne Vannacci, les critiques y voient une politique symbolique motiv\u00e9e par la politique int\u00e9rieure. \u00c0 aucun moment, rien n\u2019indique que les migrants de Ceuta souhaitent poursuivre leur voyage vers l\u2019Italie. Afin de se faire mieux conna\u00eetre, Meloni a accept\u00e9 les tensions avec son partenaire europ\u00e9en, l&rsquo;Espagne.<\/p>\n<p>Reste \u00e0 savoir si les derni\u00e8res fissures constitueront r\u00e9ellement une menace pour le gouvernement de Meloni. Mais son prochain grand objectif est d\u00e9j\u00e0 devant elle : si la coalition tient jusqu&rsquo;aux \u00e9lections l\u00e9gislatives pr\u00e9vues l&rsquo;ann\u00e9e prochaine, Meloni serait le premier chef de gouvernement depuis 1946 \u00e0 durer toute une l\u00e9gislature sans changement de gouvernement. (dpa)<\/p>\n","protected":false},"excerpt":{"rendered":"<p>Elle est d\u00e9sormais chef du gouvernement depuis 1 413 jours cons\u00e9cutifs, une p\u00e9riode inhabituellement longue pour l&rsquo;Italie. Le politicien de droite dispose d\u2019un gouvernement stable,<\/p>\n","protected":false},"author":1,"featured_media":15211,"comment_status":"","ping_status":"","sticky":false,"template":"","format":"standard","meta":{"footnotes":""},"categories":[298],"tags":[3775,5838,1824,3976,76,4918,10227,615,6816,937,4797,3860,2568],"class_list":["post-15210","post","type-post","status-publish","format-standard","has-post-thumbnail","hentry","category-belgique","tag-bat","tag-dangereuse","tag-depuis","tag-deurope","tag-est","tag-femme","tag-giorgia","tag-gouvernement","tag-italien","tag-jours","tag-meloni","tag-pouvoir","tag-record","generate-columns","tablet-grid-50","mobile-grid-100","grid-parent","grid-33"],"yoast_head":"<!-- This site is optimized with the Yoast SEO plugin v24.0 - https:\/\/yoast.com\/wordpress\/plugins\/seo\/ -->\n<title>Giorgia Meloni bat le record du gouvernement italien : la &quot;femme la plus dangereuse d&#039;Europe&quot; est au pouvoir depuis 1 413 jours | Vie Associative<\/title>\n<meta name=\"robots\" content=\"index, follow, max-snippet:-1, max-image-preview:large, max-video-preview:-1\" \/>\n<link rel=\"canonical\" href=\"https:\/\/vieassociative.be\/actualites\/giorgia-meloni-bat-le-record-du-gouvernement-italien-la-femme-la-plus-dangereuse-deurope-est-au-pouvoir-depuis-1-413-jours\/\" \/>\n<meta property=\"og:locale\" content=\"fr_FR\" \/>\n<meta property=\"og:type\" content=\"article\" \/>\n<meta property=\"og:title\" content=\"Giorgia Meloni bat le record du gouvernement italien : la &quot;femme la plus dangereuse d&#039;Europe&quot; est au pouvoir depuis 1 413 jours | Vie Associative\" \/>\n<meta property=\"og:description\" content=\"Elle est d\u00e9sormais chef du gouvernement depuis 1 413 jours cons\u00e9cutifs, une p\u00e9riode inhabituellement longue pour l&rsquo;Italie. Le politicien de droite dispose d\u2019un gouvernement stable,\" \/>\n<meta property=\"og:url\" content=\"https:\/\/vieassociative.be\/actualites\/giorgia-meloni-bat-le-record-du-gouvernement-italien-la-femme-la-plus-dangereuse-deurope-est-au-pouvoir-depuis-1-413-jours\/\" \/>\n<meta property=\"og:site_name\" content=\"Vie Associative\" \/>\n<meta property=\"article:published_time\" content=\"2026-09-04T15:17:13+00:00\" \/>\n<meta property=\"og:image\" content=\"https:\/\/vieassociative.be\/actualites\/wp-content\/uploads\/2024\/09\/header_backgroundk-01-e1726694325946.png\" \/>\n\t<meta property=\"og:image:width\" content=\"279\" \/>\n\t<meta property=\"og:image:height\" content=\"92\" \/>\n\t<meta property=\"og:image:type\" content=\"image\/png\" \/>\n<meta name=\"author\" content=\"Julien\" \/>\n<meta name=\"twitter:card\" content=\"summary_large_image\" \/>\n<meta name=\"twitter:label1\" content=\"\u00c9crit par\" \/>\n\t<meta name=\"twitter:data1\" content=\"Julien\" \/>\n\t<meta name=\"twitter:label2\" content=\"Dur\u00e9e de lecture est.\" \/>\n\t<meta name=\"twitter:data2\" content=\"6 minutes\" \/>\n<script type=\"application\/ld+json\" class=\"yoast-schema-graph\">{\"@context\":\"https:\/\/schema.org\",\"@graph\":[{\"@type\":\"Article\",\"@id\":\"https:\/\/vieassociative.be\/actualites\/giorgia-meloni-bat-le-record-du-gouvernement-italien-la-femme-la-plus-dangereuse-deurope-est-au-pouvoir-depuis-1-413-jours\/#article\",\"isPartOf\":{\"@id\":\"https:\/\/vieassociative.be\/actualites\/giorgia-meloni-bat-le-record-du-gouvernement-italien-la-femme-la-plus-dangereuse-deurope-est-au-pouvoir-depuis-1-413-jours\/\"},\"author\":{\"name\":\"Julien\",\"@id\":\"https:\/\/vieassociative.be\/actualites\/#\/schema\/person\/b87ac4f82f9d4e7b7cec7395b679edc4\"},\"headline\":\"Giorgia Meloni bat le record du gouvernement italien : la \u00ab\u00a0femme la plus dangereuse d&rsquo;Europe\u00a0\u00bb est au pouvoir depuis 1 413 jours\",\"datePublished\":\"2026-09-04T15:17:13+00:00\",\"dateModified\":\"2026-09-04T15:17:13+00:00\",\"mainEntityOfPage\":{\"@id\":\"https:\/\/vieassociative.be\/actualites\/giorgia-meloni-bat-le-record-du-gouvernement-italien-la-femme-la-plus-dangereuse-deurope-est-au-pouvoir-depuis-1-413-jours\/\"},\"wordCount\":1149,\"publisher\":{\"@id\":\"https:\/\/vieassociative.be\/actualites\/#organization\"},\"image\":{\"@id\":\"https:\/\/vieassociative.be\/actualites\/giorgia-meloni-bat-le-record-du-gouvernement-italien-la-femme-la-plus-dangereuse-deurope-est-au-pouvoir-depuis-1-413-jours\/#primaryimage\"},\"thumbnailUrl\":\"https:\/\/vieassociative.be\/actualites\/wp-content\/uploads\/2026\/09\/1788535035_Giorgia-Meloni-bat-le-record-du-gouvernement-italien-la.jpeg\",\"keywords\":[\"bat\",\"dangereuse\",\"depuis\",\"dEurope\",\"est\",\"femme\",\"Giorgia\",\"gouvernement\",\"italien\",\"jours\",\"Meloni\",\"pouvoir\",\"record\"],\"articleSection\":[\"Belgique\"],\"inLanguage\":\"fr-BE\"},{\"@type\":\"WebPage\",\"@id\":\"https:\/\/vieassociative.be\/actualites\/giorgia-meloni-bat-le-record-du-gouvernement-italien-la-femme-la-plus-dangereuse-deurope-est-au-pouvoir-depuis-1-413-jours\/\",\"url\":\"https:\/\/vieassociative.be\/actualites\/giorgia-meloni-bat-le-record-du-gouvernement-italien-la-femme-la-plus-dangereuse-deurope-est-au-pouvoir-depuis-1-413-jours\/\",\"name\":\"Giorgia Meloni bat le record du gouvernement italien : la \\\"femme la plus dangereuse d'Europe\\\" est au pouvoir depuis 1 413 jours | Vie Associative\",\"isPartOf\":{\"@id\":\"https:\/\/vieassociative.be\/actualites\/#website\"},\"primaryImageOfPage\":{\"@id\":\"https:\/\/vieassociative.be\/actualites\/giorgia-meloni-bat-le-record-du-gouvernement-italien-la-femme-la-plus-dangereuse-deurope-est-au-pouvoir-depuis-1-413-jours\/#primaryimage\"},\"image\":{\"@id\":\"https:\/\/vieassociative.be\/actualites\/giorgia-meloni-bat-le-record-du-gouvernement-italien-la-femme-la-plus-dangereuse-deurope-est-au-pouvoir-depuis-1-413-jours\/#primaryimage\"},\"thumbnailUrl\":\"https:\/\/vieassociative.be\/actualites\/wp-content\/uploads\/2026\/09\/1788535035_Giorgia-Meloni-bat-le-record-du-gouvernement-italien-la.jpeg\",\"datePublished\":\"2026-09-04T15:17:13+00:00\",\"dateModified\":\"2026-09-04T15:17:13+00:00\",\"breadcrumb\":{\"@id\":\"https:\/\/vieassociative.be\/actualites\/giorgia-meloni-bat-le-record-du-gouvernement-italien-la-femme-la-plus-dangereuse-deurope-est-au-pouvoir-depuis-1-413-jours\/#breadcrumb\"},\"inLanguage\":\"fr-BE\",\"potentialAction\":[{\"@type\":\"ReadAction\",\"target\":[\"https:\/\/vieassociative.be\/actualites\/giorgia-meloni-bat-le-record-du-gouvernement-italien-la-femme-la-plus-dangereuse-deurope-est-au-pouvoir-depuis-1-413-jours\/\"]}]},{\"@type\":\"ImageObject\",\"inLanguage\":\"fr-BE\",\"@id\":\"https:\/\/vieassociative.be\/actualites\/giorgia-meloni-bat-le-record-du-gouvernement-italien-la-femme-la-plus-dangereuse-deurope-est-au-pouvoir-depuis-1-413-jours\/#primaryimage\",\"url\":\"https:\/\/vieassociative.be\/actualites\/wp-content\/uploads\/2026\/09\/1788535035_Giorgia-Meloni-bat-le-record-du-gouvernement-italien-la.jpeg\",\"contentUrl\":\"https:\/\/vieassociative.be\/actualites\/wp-content\/uploads\/2026\/09\/1788535035_Giorgia-Meloni-bat-le-record-du-gouvernement-italien-la.jpeg\",\"width\":1200,\"height\":800,\"caption\":\"Giorgia Meloni bat le record du gouvernement italien : la \\\"femme la plus dangereuse d'Europe\\\" est au pouvoir depuis 1 413 jours\"},{\"@type\":\"BreadcrumbList\",\"@id\":\"https:\/\/vieassociative.be\/actualites\/giorgia-meloni-bat-le-record-du-gouvernement-italien-la-femme-la-plus-dangereuse-deurope-est-au-pouvoir-depuis-1-413-jours\/#breadcrumb\",\"itemListElement\":[{\"@type\":\"ListItem\",\"position\":1,\"name\":\"Accueil\",\"item\":\"https:\/\/vieassociative.be\/actualites\/\"},{\"@type\":\"ListItem\",\"position\":2,\"name\":\"Giorgia Meloni bat le record du gouvernement italien : la \u00ab\u00a0femme la plus dangereuse d&rsquo;Europe\u00a0\u00bb est au pouvoir depuis 1 413 jours\"}]},{\"@type\":\"WebSite\",\"@id\":\"https:\/\/vieassociative.be\/actualites\/#website\",\"url\":\"https:\/\/vieassociative.be\/actualites\/\",\"name\":\"Vie Associative\",\"description\":\"\",\"publisher\":{\"@id\":\"https:\/\/vieassociative.be\/actualites\/#organization\"},\"potentialAction\":[{\"@type\":\"SearchAction\",\"target\":{\"@type\":\"EntryPoint\",\"urlTemplate\":\"https:\/\/vieassociative.be\/actualites\/?s={search_term_string}\"},\"query-input\":{\"@type\":\"PropertyValueSpecification\",\"valueRequired\":true,\"valueName\":\"search_term_string\"}}],\"inLanguage\":\"fr-BE\"},{\"@type\":\"Organization\",\"@id\":\"https:\/\/vieassociative.be\/actualites\/#organization\",\"name\":\"Vie Associative\",\"url\":\"https:\/\/vieassociative.be\/actualites\/\",\"logo\":{\"@type\":\"ImageObject\",\"inLanguage\":\"fr-BE\",\"@id\":\"https:\/\/vieassociative.be\/actualites\/#\/schema\/logo\/image\/\",\"url\":\"https:\/\/vieassociative.be\/actualites\/wp-content\/uploads\/2024\/09\/cropped-vieassociative_favicon.ico.png\",\"contentUrl\":\"https:\/\/vieassociative.be\/actualites\/wp-content\/uploads\/2024\/09\/cropped-vieassociative_favicon.ico.png\",\"width\":512,\"height\":512,\"caption\":\"Vie Associative\"},\"image\":{\"@id\":\"https:\/\/vieassociative.be\/actualites\/#\/schema\/logo\/image\/\"}},{\"@type\":\"Person\",\"@id\":\"https:\/\/vieassociative.be\/actualites\/#\/schema\/person\/b87ac4f82f9d4e7b7cec7395b679edc4\",\"name\":\"Julien\",\"image\":{\"@type\":\"ImageObject\",\"inLanguage\":\"fr-BE\",\"@id\":\"https:\/\/vieassociative.be\/actualites\/#\/schema\/person\/image\/\",\"url\":\"https:\/\/vieassociative.be\/actualites\/wp-content\/uploads\/2024\/09\/vie-associative-1-150x150.jpg\",\"contentUrl\":\"https:\/\/vieassociative.be\/actualites\/wp-content\/uploads\/2024\/09\/vie-associative-1-150x150.jpg\",\"caption\":\"Julien\"},\"description\":\"Je suis Julien, r\u00e9dacteur pour Vie Associative. Passionn\u00e9 par le monde associatif depuis plus de 10 ans, j'ai \u00e0 c\u0153ur de partager des histoires inspirantes et de mettre en lumi\u00e8re les initiatives locales. Mon objectif est de sensibiliser et d'encourager l'engagement communautaire \u00e0 travers mes articles.\",\"sameAs\":[\"https:\/\/vieassociative.be\/\"]}]}<\/script>\n<!-- \/ Yoast SEO plugin. -->","yoast_head_json":{"title":"Giorgia Meloni bat le record du gouvernement italien : la \"femme la plus dangereuse d'Europe\" est au pouvoir depuis 1 413 jours | Vie Associative","robots":{"index":"index","follow":"follow","max-snippet":"max-snippet:-1","max-image-preview":"max-image-preview:large","max-video-preview":"max-video-preview:-1"},"canonical":"https:\/\/vieassociative.be\/actualites\/giorgia-meloni-bat-le-record-du-gouvernement-italien-la-femme-la-plus-dangereuse-deurope-est-au-pouvoir-depuis-1-413-jours\/","og_locale":"fr_FR","og_type":"article","og_title":"Giorgia Meloni bat le record du gouvernement italien : la \"femme la plus dangereuse d'Europe\" est au pouvoir depuis 1 413 jours | Vie Associative","og_description":"Elle est d\u00e9sormais chef du gouvernement depuis 1 413 jours cons\u00e9cutifs, une p\u00e9riode inhabituellement longue pour l&rsquo;Italie. Le politicien de droite dispose d\u2019un gouvernement stable,","og_url":"https:\/\/vieassociative.be\/actualites\/giorgia-meloni-bat-le-record-du-gouvernement-italien-la-femme-la-plus-dangereuse-deurope-est-au-pouvoir-depuis-1-413-jours\/","og_site_name":"Vie Associative","article_published_time":"2026-09-04T15:17:13+00:00","og_image":[{"width":279,"height":92,"url":"https:\/\/vieassociative.be\/actualites\/wp-content\/uploads\/2024\/09\/header_backgroundk-01-e1726694325946.png","type":"image\/png"}],"author":"Julien","twitter_card":"summary_large_image","twitter_misc":{"\u00c9crit par":"Julien","Dur\u00e9e de lecture est.":"6 minutes"},"schema":{"@context":"https:\/\/schema.org","@graph":[{"@type":"Article","@id":"https:\/\/vieassociative.be\/actualites\/giorgia-meloni-bat-le-record-du-gouvernement-italien-la-femme-la-plus-dangereuse-deurope-est-au-pouvoir-depuis-1-413-jours\/#article","isPartOf":{"@id":"https:\/\/vieassociative.be\/actualites\/giorgia-meloni-bat-le-record-du-gouvernement-italien-la-femme-la-plus-dangereuse-deurope-est-au-pouvoir-depuis-1-413-jours\/"},"author":{"name":"Julien","@id":"https:\/\/vieassociative.be\/actualites\/#\/schema\/person\/b87ac4f82f9d4e7b7cec7395b679edc4"},"headline":"Giorgia Meloni bat le record du gouvernement italien : la \u00ab\u00a0femme la plus dangereuse d&rsquo;Europe\u00a0\u00bb est au pouvoir depuis 1 413 jours","datePublished":"2026-09-04T15:17:13+00:00","dateModified":"2026-09-04T15:17:13+00:00","mainEntityOfPage":{"@id":"https:\/\/vieassociative.be\/actualites\/giorgia-meloni-bat-le-record-du-gouvernement-italien-la-femme-la-plus-dangereuse-deurope-est-au-pouvoir-depuis-1-413-jours\/"},"wordCount":1149,"publisher":{"@id":"https:\/\/vieassociative.be\/actualites\/#organization"},"image":{"@id":"https:\/\/vieassociative.be\/actualites\/giorgia-meloni-bat-le-record-du-gouvernement-italien-la-femme-la-plus-dangereuse-deurope-est-au-pouvoir-depuis-1-413-jours\/#primaryimage"},"thumbnailUrl":"https:\/\/vieassociative.be\/actualites\/wp-content\/uploads\/2026\/09\/1788535035_Giorgia-Meloni-bat-le-record-du-gouvernement-italien-la.jpeg","keywords":["bat","dangereuse","depuis","dEurope","est","femme","Giorgia","gouvernement","italien","jours","Meloni","pouvoir","record"],"articleSection":["Belgique"],"inLanguage":"fr-BE"},{"@type":"WebPage","@id":"https:\/\/vieassociative.be\/actualites\/giorgia-meloni-bat-le-record-du-gouvernement-italien-la-femme-la-plus-dangereuse-deurope-est-au-pouvoir-depuis-1-413-jours\/","url":"https:\/\/vieassociative.be\/actualites\/giorgia-meloni-bat-le-record-du-gouvernement-italien-la-femme-la-plus-dangereuse-deurope-est-au-pouvoir-depuis-1-413-jours\/","name":"Giorgia Meloni bat le record du gouvernement italien : la \"femme la plus dangereuse d'Europe\" est au pouvoir depuis 1 413 jours | Vie Associative","isPartOf":{"@id":"https:\/\/vieassociative.be\/actualites\/#website"},"primaryImageOfPage":{"@id":"https:\/\/vieassociative.be\/actualites\/giorgia-meloni-bat-le-record-du-gouvernement-italien-la-femme-la-plus-dangereuse-deurope-est-au-pouvoir-depuis-1-413-jours\/#primaryimage"},"image":{"@id":"https:\/\/vieassociative.be\/actualites\/giorgia-meloni-bat-le-record-du-gouvernement-italien-la-femme-la-plus-dangereuse-deurope-est-au-pouvoir-depuis-1-413-jours\/#primaryimage"},"thumbnailUrl":"https:\/\/vieassociative.be\/actualites\/wp-content\/uploads\/2026\/09\/1788535035_Giorgia-Meloni-bat-le-record-du-gouvernement-italien-la.jpeg","datePublished":"2026-09-04T15:17:13+00:00","dateModified":"2026-09-04T15:17:13+00:00","breadcrumb":{"@id":"https:\/\/vieassociative.be\/actualites\/giorgia-meloni-bat-le-record-du-gouvernement-italien-la-femme-la-plus-dangereuse-deurope-est-au-pouvoir-depuis-1-413-jours\/#breadcrumb"},"inLanguage":"fr-BE","potentialAction":[{"@type":"ReadAction","target":["https:\/\/vieassociative.be\/actualites\/giorgia-meloni-bat-le-record-du-gouvernement-italien-la-femme-la-plus-dangereuse-deurope-est-au-pouvoir-depuis-1-413-jours\/"]}]},{"@type":"ImageObject","inLanguage":"fr-BE","@id":"https:\/\/vieassociative.be\/actualites\/giorgia-meloni-bat-le-record-du-gouvernement-italien-la-femme-la-plus-dangereuse-deurope-est-au-pouvoir-depuis-1-413-jours\/#primaryimage","url":"https:\/\/vieassociative.be\/actualites\/wp-content\/uploads\/2026\/09\/1788535035_Giorgia-Meloni-bat-le-record-du-gouvernement-italien-la.jpeg","contentUrl":"https:\/\/vieassociative.be\/actualites\/wp-content\/uploads\/2026\/09\/1788535035_Giorgia-Meloni-bat-le-record-du-gouvernement-italien-la.jpeg","width":1200,"height":800,"caption":"Giorgia Meloni bat le record du gouvernement italien : la \"femme la plus dangereuse d'Europe\" est au pouvoir depuis 1 413 jours"},{"@type":"BreadcrumbList","@id":"https:\/\/vieassociative.be\/actualites\/giorgia-meloni-bat-le-record-du-gouvernement-italien-la-femme-la-plus-dangereuse-deurope-est-au-pouvoir-depuis-1-413-jours\/#breadcrumb","itemListElement":[{"@type":"ListItem","position":1,"name":"Accueil","item":"https:\/\/vieassociative.be\/actualites\/"},{"@type":"ListItem","position":2,"name":"Giorgia Meloni bat le record du gouvernement italien : la \u00ab\u00a0femme la plus dangereuse d&rsquo;Europe\u00a0\u00bb est au pouvoir depuis 1 413 jours"}]},{"@type":"WebSite","@id":"https:\/\/vieassociative.be\/actualites\/#website","url":"https:\/\/vieassociative.be\/actualites\/","name":"Vie Associative","description":"","publisher":{"@id":"https:\/\/vieassociative.be\/actualites\/#organization"},"potentialAction":[{"@type":"SearchAction","target":{"@type":"EntryPoint","urlTemplate":"https:\/\/vieassociative.be\/actualites\/?s={search_term_string}"},"query-input":{"@type":"PropertyValueSpecification","valueRequired":true,"valueName":"search_term_string"}}],"inLanguage":"fr-BE"},{"@type":"Organization","@id":"https:\/\/vieassociative.be\/actualites\/#organization","name":"Vie Associative","url":"https:\/\/vieassociative.be\/actualites\/","logo":{"@type":"ImageObject","inLanguage":"fr-BE","@id":"https:\/\/vieassociative.be\/actualites\/#\/schema\/logo\/image\/","url":"https:\/\/vieassociative.be\/actualites\/wp-content\/uploads\/2024\/09\/cropped-vieassociative_favicon.ico.png","contentUrl":"https:\/\/vieassociative.be\/actualites\/wp-content\/uploads\/2024\/09\/cropped-vieassociative_favicon.ico.png","width":512,"height":512,"caption":"Vie Associative"},"image":{"@id":"https:\/\/vieassociative.be\/actualites\/#\/schema\/logo\/image\/"}},{"@type":"Person","@id":"https:\/\/vieassociative.be\/actualites\/#\/schema\/person\/b87ac4f82f9d4e7b7cec7395b679edc4","name":"Julien","image":{"@type":"ImageObject","inLanguage":"fr-BE","@id":"https:\/\/vieassociative.be\/actualites\/#\/schema\/person\/image\/","url":"https:\/\/vieassociative.be\/actualites\/wp-content\/uploads\/2024\/09\/vie-associative-1-150x150.jpg","contentUrl":"https:\/\/vieassociative.be\/actualites\/wp-content\/uploads\/2024\/09\/vie-associative-1-150x150.jpg","caption":"Julien"},"description":"Je suis Julien, r\u00e9dacteur pour Vie Associative. Passionn\u00e9 par le monde associatif depuis plus de 10 ans, j'ai \u00e0 c\u0153ur de partager des histoires inspirantes et de mettre en lumi\u00e8re les initiatives locales. Mon objectif est de sensibiliser et d'encourager l'engagement communautaire \u00e0 travers mes articles.","sameAs":["https:\/\/vieassociative.be\/"]}]}},"_links":{"self":[{"href":"https:\/\/vieassociative.be\/actualites\/wp-json\/wp\/v2\/posts\/15210"}],"collection":[{"href":"https:\/\/vieassociative.be\/actualites\/wp-json\/wp\/v2\/posts"}],"about":[{"href":"https:\/\/vieassociative.be\/actualites\/wp-json\/wp\/v2\/types\/post"}],"author":[{"embeddable":true,"href":"https:\/\/vieassociative.be\/actualites\/wp-json\/wp\/v2\/users\/1"}],"replies":[{"embeddable":true,"href":"https:\/\/vieassociative.be\/actualites\/wp-json\/wp\/v2\/comments?post=15210"}],"version-history":[{"count":0,"href":"https:\/\/vieassociative.be\/actualites\/wp-json\/wp\/v2\/posts\/15210\/revisions"}],"wp:featuredmedia":[{"embeddable":true,"href":"https:\/\/vieassociative.be\/actualites\/wp-json\/wp\/v2\/media\/15211"}],"wp:attachment":[{"href":"https:\/\/vieassociative.be\/actualites\/wp-json\/wp\/v2\/media?parent=15210"}],"wp:term":[{"taxonomy":"category","embeddable":true,"href":"https:\/\/vieassociative.be\/actualites\/wp-json\/wp\/v2\/categories?post=15210"},{"taxonomy":"post_tag","embeddable":true,"href":"https:\/\/vieassociative.be\/actualites\/wp-json\/wp\/v2\/tags?post=15210"}],"curies":[{"name":"wp","href":"https:\/\/api.w.org\/{rel}","templated":true}]}}