{"id":15205,"date":"2026-09-04T04:18:20","date_gmt":"2026-09-04T02:18:20","guid":{"rendered":"https:\/\/vieassociative.be\/actualites\/les-meilleures-offres-de-la-vente-de-la-fete-du-travail-de-best-buy-2026\/"},"modified":"2026-09-04T04:18:20","modified_gmt":"2026-09-04T02:18:20","slug":"les-meilleures-offres-de-la-vente-de-la-fete-du-travail-de-best-buy-2026","status":"publish","type":"post","link":"https:\/\/vieassociative.be\/actualites\/les-meilleures-offres-de-la-vente-de-la-fete-du-travail-de-best-buy-2026\/","title":{"rendered":"Les meilleures offres de la vente de la f\u00eate du Travail de Best Buy 2026"},"content":{"rendered":"<p>Nous pouvons gagner une commission sur les liens sur cette page. Les prix et la disponibilit\u00e9 de l&rsquo;offre sont sujets \u00e0 changement apr\u00e8s la publication.<\/p>\n<p>Cette ann\u00e9e, la f\u00eate du Travail a \u00e9t\u00e9 marqu\u00e9e par d&rsquo;excellentes ventes chez Amazon, Home Depot et Lowe&rsquo;s, mais si vous recherchez de grosses r\u00e9ductions sur la technologie, vous ne voulez pas manquer ce qui se passe chez Best Buy. Sa vente pour la f\u00eate du Travail se d\u00e9roule jusqu&rsquo;au 7 septembre \u00e0 minuit et comprend des r\u00e9ductions sur les appareils Apple, les \u00e9couteurs Bose, les t\u00e9l\u00e9viseurs Samsung, les moniteurs de jeu, les ordinateurs portables, les tablettes, les bo\u00eetiers de streaming et bien plus encore. <\/p>\n<p>D\u00e9couvrez les meilleures offres ci-dessous et suivez notre blog en direct de la f\u00eate du Travail pour garder un \u0153il sur toutes les meilleures ventes, ou effectuez une recherche par cat\u00e9gorie, des VPN aux \u00e9quipements de fitness. <\/p>\n<h2 id=\"the-best-labor-day-deals-on-headphones-at-best-buy\">Les meilleures offres de la f\u00eate du Travail sur les \u00e9couteurs chez Best Buy<\/h2>\n<div class=\"pogoClear mb-12 mt-10 rounded-md border-2 border-gray-100 py-7 shadow-xl md:py-6\">\n<div class=\"flex flex-wrap justify-between px-7 text-black no-underline md:flex-nowrap md:px-8\">\n<div class=\"order-1 mx-auto flex flex-col justify-center md:order-2 md:ml-4 md:w-full md:grow\">\n<div class=\"block cursor-pointer text-center font-akshar text-2xl font-medium leading-7 text-brand-green duration-200 ease-in-out hover:text-brand-green-700 md:text-left md:text-xl md:leading-6\">Sony &#8211; Casque supra-auriculaire sans fil \u00e0 r\u00e9duction de bruit WH-1000XM5 &#8211; Noir\n                <\/div>\n<div class=\"mt-4 hidden md:flex md:justify-between\">\n<div class=\"self-end\">\n<div class=\"mb-0 h-11 md:flex md:flex-col md:justify-center\">\n<div class=\" font-sans leading-4 text-black\">\n<div class=\"flex flex-wrap items-center justify-center gap-1 md:justify-start\">\n        <span class=\"font-bold\"><\/p>\n<p>            198,00\u00a0$<br \/>\n                            <span class=\"font-medium\">chez Best Buy<\/span><br \/>\n                    <\/span>\n            <\/div>\n<div class=\"flex items-center justify-center gap-x-1 font-bold md:justify-start\">\n            <span class=\"text-sm line-through\">398,00\u00a0$<\/span><br \/>\n            <span class=\"text-sm text-brand-green\">\u00c9conomisez 200,00\u00a0$<\/span>\n        <\/div>\n<\/p><\/div>\n<\/p><\/div>\n<\/p><\/div>\n<div class=\"w-44 self-end\">\n                            <button class=\"flex justify-center items-center w-full bg-brand-green text-white text-base font-sans font-medium rounded-md hover:bg-brand-green-700 hover:cursor-pointer md:text-sm h-11\"><\/p>\n<p>    Obtenez une offre<br \/>\n<\/button>\n                        <\/div>\n<\/p><\/div>\n<\/p><\/div>\n<div class=\"order-2 mt-5 h-auto w-full md:order-1 md:mt-0 md:hidden\">\n<div class=\"flex aspect-video items-center justify-center\">\n                                            <img decoding=\"async\" class=\"m-0 max-h-full max-w-full rounded-md\" src=\"https:\/\/vieassociative.be\/actualites\/wp-content\/uploads\/2026\/09\/Les-meilleures-offres-de-la-vente-anticipee-de-la-fete.png\" alt=\"Sony - Casque supra-auriculaire sans fil \u00e0 r\u00e9duction de bruit WH-1000XM5 - Noir\" width=\"auto\" height=\"auto\" loading=\"lazy\">\n                                    <\/div>\n<\/p><\/div>\n<div class=\"order-2 ml-2 hidden w-32 shrink-0 items-center md:order-1 md:ml-0 md:flex\">\n<div class=\"flex aspect-video items-center justify-center\">\n                                            <img decoding=\"async\" class=\"m-0 max-h-full max-w-full rounded-md\" src=\"https:\/\/vieassociative.be\/actualites\/wp-content\/uploads\/2026\/09\/Les-meilleures-offres-de-la-vente-anticipee-de-la-fete.png\" alt=\"Sony - Casque supra-auriculaire sans fil \u00e0 r\u00e9duction de bruit WH-1000XM5 - Noir\" width=\"auto\" height=\"auto\" loading=\"lazy\">\n                                    <\/div>\n<\/p><\/div>\n<div class=\"order-3 flex grow flex-wrap md:hidden md:grow-0\">\n<div class=\"mt-4 w-full\">\n                        <button class=\"flex justify-center items-center w-full bg-brand-green text-white text-base font-sans font-medium rounded-md hover:bg-brand-green-700 hover:cursor-pointer md:text-sm h-11\"><\/p>\n<p>    Obtenez une offre<br \/>\n<\/button>\n                    <\/div>\n<div class=\"mx-2 mt-4 w-full\">\n<div class=\" font-sans leading-4 text-black\">\n<div class=\"flex flex-wrap items-center justify-center gap-1 md:justify-start\">\n        <span class=\"font-bold\"><\/p>\n<p>            198,00\u00a0$<br \/>\n                            <span class=\"font-medium\">chez Best Buy<\/span><br \/>\n                    <\/span>\n            <\/div>\n<div class=\"flex items-center justify-center gap-x-1 font-bold md:justify-start\">\n            <span class=\"text-sm line-through\">398,00\u00a0$<\/span><br \/>\n            <span class=\"text-sm text-brand-green\">\u00c9conomisez 200,00\u00a0$<\/span>\n        <\/div>\n<\/p><\/div>\n<\/p><\/div>\n<\/p><\/div>\n<\/p><\/div>\n<\/div>\n<p>Les WH-1000XM5 appartiennent \u00e0 une g\u00e9n\u00e9ration et \u00e9taient au sommet de leur cat\u00e9gorie jusqu&rsquo;\u00e0 ce qu&rsquo;ils soient supplant\u00e9s par le XM6. En raison de leur \u00e2ge, ils sont actuellement r\u00e9duits \u00e0 198 $ (initialement 399,99 $) lors de la vente de la f\u00eate du Travail. Cette r\u00e9duction de 50 % le ram\u00e8ne au prix le plus bas jamais atteint, une bonne affaire pour des \u00e9couteurs haut de gamme qui sonnent toujours incroyablement, m\u00eame en 2026.<\/p>\n<h3>Autres offres de casques Best Buy pour la f\u00eate du Travail\u00a0:<\/h3>\n<ul>\n<li>\n<p>JBL Tune 245NC \u2013 49,95 $ (\u00e0 l\u2019origine 109,95 $)<\/p>\n<\/li>\n<li>\n<p>JBL Tune Flex 2 \u2013 69,95 $ (\u00e0 l\u2019origine 109,95 $)<\/p>\n<\/li>\n<li>\n<p>Sony WF-C710N\u00a0: 89,99\u00a0$ (\u00e0 l&rsquo;origine 129,99\u00a0$)<\/p>\n<\/li>\n<li>\n<p>Sony WH-1000XM6 399,99 $ (\u00e0 l&rsquo;origine 459,99 $)<\/p>\n<\/li>\n<li>\n<p>Sennheiser MOMENTUM 4 214,99 $ (\u00e0 l&rsquo;origine 299,99 $)<\/p>\n<\/li>\n<li>\n<p>Sony WHCH720N 98 $ (\u00e0 l&rsquo;origine 178 $)<\/p>\n<\/li>\n<li>\n<p>Apple AirPods Max 2 (USB-C) 479 $ (\u00e0 l&rsquo;origine 549 $)<\/p>\n<\/li>\n<\/ul>\n<h2 id=\"the-best-labor-day-deals-on-tvs-at-best-buy\">Les meilleures offres de la f\u00eate du Travail sur les t\u00e9l\u00e9viseurs chez Best Buy<\/h2>\n<div class=\"pogoClear mb-12 mt-10 rounded-md border-2 border-gray-100 py-7 shadow-xl md:py-6\">\n<div class=\"flex flex-wrap justify-between px-7 text-black no-underline md:flex-nowrap md:px-8\">\n<div class=\"order-1 mx-auto flex flex-col justify-center md:order-2 md:ml-4 md:w-full md:grow\">\n<div class=\"block cursor-pointer text-center font-akshar text-2xl font-medium leading-7 text-brand-green duration-200 ease-in-out hover:text-brand-green-700 md:text-left md:text-xl md:leading-6\">Hisense 65&Prime; Classe U7 MiniLED QLED\n                <\/div>\n<div class=\"mt-4 block font-sans text-sm font-medium leading-4 text-gray-900 md:mx-0 md:mt-2\">T\u00e9l\u00e9viseur intelligent Google\u00a0TV UHD 4K HDR sans reflets avec Gemini (2026)\n                    <\/div>\n<div class=\"mt-4 hidden md:flex md:justify-between\">\n<div class=\"self-end\">\n<div class=\"mb-0 h-11 md:flex md:flex-col md:justify-center\">\n<div class=\" font-sans leading-4 text-black\">\n<div class=\"flex flex-wrap items-center justify-center gap-1 md:justify-start\">\n        <span class=\"font-bold\"><\/p>\n<p>            849,99\u00a0$<br \/>\n                            <span class=\"font-medium\">chez Best Buy<\/span><br \/>\n                    <\/span>\n            <\/div>\n<div class=\"flex items-center justify-center gap-x-1 font-bold md:justify-start\">\n            <span class=\"text-sm line-through\">1\u00a0499,99\u00a0$<\/span><br \/>\n            <span class=\"text-sm text-brand-green\">\u00c9conomisez 650,00\u00a0$<\/span>\n        <\/div>\n<\/p><\/div>\n<\/p><\/div>\n<\/p><\/div>\n<div class=\"w-44 self-end\">\n                            <button class=\"flex justify-center items-center w-full bg-brand-green text-white text-base font-sans font-medium rounded-md hover:bg-brand-green-700 hover:cursor-pointer md:text-sm h-11\"><\/p>\n<p>    Obtenez une offre<br \/>\n<\/button>\n                        <\/div>\n<\/p><\/div>\n<\/p><\/div>\n<div class=\"order-2 mt-5 h-auto w-full md:order-1 md:mt-0 md:hidden\">\n<div class=\"flex aspect-video items-center justify-center\">\n                                            <img decoding=\"async\" class=\"m-0 max-h-full max-w-full rounded-md\" src=\"https:\/\/vieassociative.be\/actualites\/wp-content\/uploads\/2026\/09\/Les-meilleures-offres-de-la-vente-de-la-fete-du.png\" alt=\"Hisense-65\" Class U7 MiniLED QLED\" width=\"auto\" height=\"auto\" loading=\"lazy\">\n                                    <\/div>\n<\/p><\/div>\n<div class=\"order-2 ml-2 hidden w-32 shrink-0 items-center md:order-1 md:ml-0 md:flex\">\n<div class=\"flex aspect-video items-center justify-center\">\n                                            <img decoding=\"async\" class=\"m-0 max-h-full max-w-full rounded-md\" src=\"https:\/\/vieassociative.be\/actualites\/wp-content\/uploads\/2026\/09\/Les-meilleures-offres-de-la-vente-de-la-fete-du.png\" alt=\"Hisense-65\" Class U7 MiniLED QLED\" width=\"auto\" height=\"auto\" loading=\"lazy\">\n                                    <\/div>\n<\/p><\/div>\n<div class=\"order-3 flex grow flex-wrap md:hidden md:grow-0\">\n<div class=\"mt-4 w-full\">\n                        <button class=\"flex justify-center items-center w-full bg-brand-green text-white text-base font-sans font-medium rounded-md hover:bg-brand-green-700 hover:cursor-pointer md:text-sm h-11\"><\/p>\n<p>    Obtenez une offre<br \/>\n<\/button>\n                    <\/div>\n<div class=\"mx-2 mt-4 w-full\">\n<div class=\" font-sans leading-4 text-black\">\n<div class=\"flex flex-wrap items-center justify-center gap-1 md:justify-start\">\n        <span class=\"font-bold\"><\/p>\n<p>            849,99\u00a0$<br \/>\n                            <span class=\"font-medium\">chez Best Buy<\/span><br \/>\n                    <\/span>\n            <\/div>\n<div class=\"flex items-center justify-center gap-x-1 font-bold md:justify-start\">\n            <span class=\"text-sm line-through\">1\u00a0499,99\u00a0$<\/span><br \/>\n            <span class=\"text-sm text-brand-green\">\u00c9conomisez 650,00\u00a0$<\/span>\n        <\/div>\n<\/p><\/div>\n<\/p><\/div>\n<\/p><\/div>\n<\/p><\/div>\n<\/div>\n<p>Le t\u00e9l\u00e9viseur Hisense U7SG QLED de 65 pouces se vend \u00e0 849,99 $, soit 600 $ de moins que le prix catalogue initial de 1\u00a0499,99 $. Cette remise est particuli\u00e8rement impressionnante \u00e9tant donn\u00e9 que le t\u00e9l\u00e9viseur vient de sortir en mars 2026. Il offre une r\u00e9solution 4K, une compatibilit\u00e9 Dolby Vision (y compris HDR10+, HDR10 et HDR10+ Adaptive), une prise en charge Dolby Vision IQ et une gradation locale compl\u00e8te. Ce t\u00e9l\u00e9viseur a \u00e9t\u00e9 initialement annonc\u00e9 au CES 2024, mais une nouvelle version est sortie en mars 2026 et inclut le syst\u00e8me d&rsquo;exploitation Fire TV. Il convient aux jeux, avec des taux de rafra\u00eechissement de 120 Hz ou 144 Hz, y compris les jeux FreeSync Premium Pro et Dolby Vision.<\/p>\n<h3>Autres offres t\u00e9l\u00e9vis\u00e9es Best Buy pour la f\u00eate du Travail\u00a0:<\/h3>\n<ul>\n<li>\n<p>T\u00e9l\u00e9viseur Hisense QD50 Hi-QLED 4K 58 pouces \u2013 189,99 $ (\u00e0 l&rsquo;origine 399,99 $)<\/p>\n<\/li>\n<li>\n<p>T\u00e9l\u00e9viseur LED 4K F50 Insignia 55 pouces \u2013 189,99 $ (\u00e0 l&rsquo;origine 349,99 $)<\/p>\n<\/li>\n<li>\n<p>T\u00e9l\u00e9viseur Fire TV Hisense QD6 QLED 4K 43 pouces \u2013 209,99 $ (\u00e0 l&rsquo;origine 299,99 $)<\/p>\n<\/li>\n<li>\n<p>T\u00e9l\u00e9viseur Samsung M70H Mini LED 4K 55 pouces \u2013 349,99 $ (\u00e0 l&rsquo;origine 449,99 $)<\/p>\n<\/li>\n<li>\n<p>T\u00e9l\u00e9viseur LG 55 pouces 75B QNED 4K \u2013 379,99 $ (\u00e0 l&rsquo;origine 599,99 $)<\/p>\n<\/li>\n<li>\n<p>T\u00e9l\u00e9viseur artistique Hisense S7 Canvas QLED 4K de 55 pouces \u2013 799,99\u00a0$ (\u00e0 l&rsquo;origine 1\u00a0499,99\u00a0$)<\/p>\n<\/li>\n<li>\n<p>T\u00e9l\u00e9viseur Hisense UR8 RGB Mini LED 4K de 55 pouces \u2013 899,99 $ (\u00e0 l&rsquo;origine 1\u00a0499,99 $)<\/p>\n<\/li>\n<li>\n<p>T\u00e9l\u00e9viseur Sony Bravia 7 II RGB 4K 55 pouces \u2013 1\u00a0499,99\u00a0$ (\u00e0 l&rsquo;origine 2\u00a0099,99\u00a0$)<\/p>\n<\/li>\n<\/ul>\n<h3>Offres Best Buy pour la f\u00eate du Travail sur les t\u00e9l\u00e9viseurs 65 pouces<\/h3>\n<ul>\n<li>\n<p>T\u00e9l\u00e9viseur LG 65 pouces 75B QNED 4K \u2013 479,99 $ (\u00e0 l&rsquo;origine 699,99 $)<\/p>\n<\/li>\n<li>\n<p>T\u00e9l\u00e9viseur TCL QM6K QD-Mini LED 4K 65 pouces \u2013 649,99 $ (\u00e0 l&rsquo;origine 999,99 $)<\/p>\n<\/li>\n<li>\n<p>T\u00e9l\u00e9viseur Hisense U7 Mini LED QLED 4K de 65 pouces \u2013 849,99 $ (\u00e0 l&rsquo;origine 1\u00a0499,99 $)<\/p>\n<\/li>\n<li>\n<p>T\u00e9l\u00e9viseur LG B6 OLED 4K 65 pouces \u2013 1\u00a0399,99\u00a0$ (\u00e0 l&rsquo;origine 1\u00a0999,99\u00a0$)<\/p>\n<\/li>\n<li>\n<p>T\u00e9l\u00e9viseur Samsung S90F OLED 4K 65 pouces \u2013 1\u00a0399,99\u00a0$ (\u00e0 l&rsquo;origine 2\u00a0499,99\u00a0$)<\/p>\n<\/li>\n<li>\n<p>T\u00e9l\u00e9viseur TCL 65 pouces QM8L SQD-Mini LED 4K \u2013 1 399,99 $ (\u00e0 l&rsquo;origine 2 499,99 $)<\/p>\n<\/li>\n<li>\n<p>T\u00e9l\u00e9viseur Hisense UR8 RGB Mini LED 4K de 65 pouces \u2013 1\u00a0199,99\u00a0$ (\u00e0 l&rsquo;origine 1\u00a0999,99\u00a0$)<\/p>\n<\/li>\n<li>\n<p>T\u00e9l\u00e9viseur Samsung S85H OLED 4K 65 pouces \u2013 1\u00a0399,99\u00a0$ (\u00e0 l&rsquo;origine 1\u00a0999,99\u00a0$) <\/p>\n<\/li>\n<li>\n<p>T\u00e9l\u00e9viseur LG C6 OLED 4K 65 pouces \u2013 1\u00a0499,99\u00a0$ (\u00e0 l&rsquo;origine 2\u00a0699,99\u00a0$)<\/p>\n<\/li>\n<li>\n<p>T\u00e9l\u00e9viseur Sony Bravia 7 II RGB 4K 65 pouces \u2013 1 799,99 $ (\u00e0 l&rsquo;origine 2 599,99 $)<\/p>\n<\/li>\n<\/ul>\n<h3>Offres Best Buy pour la f\u00eate du Travail sur les t\u00e9l\u00e9viseurs de 75 pouces et plus<\/h3>\n<ul>\n<li>\n<p>T\u00e9l\u00e9viseur LG 75B QNED 4K 75 pouces \u2013 649,99\u00a0$ (\u00e0 l&rsquo;origine 999,99\u00a0$) <\/p>\n<\/li>\n<li>\n<p>T\u00e9l\u00e9viseur Hisense U7 Mini LED 4K de 75 pouces \u2013 1\u00a0199,99\u00a0$ (\u00e0 l&rsquo;origine 1\u00a0999,99\u00a0$)<\/p>\n<\/li>\n<li>\n<p>T\u00e9l\u00e9viseur LED 4K TCL QM7L SQD-Mini 75 pouces \u2013 1 299,99 $ (\u00e0 l&rsquo;origine 1 999,99 $) <\/p>\n<\/li>\n<li>\n<p>T\u00e9l\u00e9viseur LG B5 OLED 4K 77 pouces \u2013 1\u00a0499,99\u00a0$ (\u00e0 l&rsquo;origine 2\u00a0999,99\u00a0$) <\/p>\n<\/li>\n<li>\n<p>T\u00e9l\u00e9viseur Hisense UR8 RGB Mini LED 4K de 75 pouces \u2013 1 699,99 $ (\u00e0 l&rsquo;origine 2 499,99 $) <\/p>\n<\/li>\n<li>\n<p>T\u00e9l\u00e9viseur Samsung S90F OLED 4K 77 pouces \u2013 1\u00a0899,99\u00a0$ (\u00e0 l&rsquo;origine 3\u00a0499,99\u00a0$)<\/p>\n<\/li>\n<li>\n<p>T\u00e9l\u00e9viseur Samsung R85H Micro RGB 4K 75 pouces \u2013 1 999,99 $ (\u00e0 l&rsquo;origine 2 799,99 $)<\/p>\n<\/li>\n<li>\n<p>T\u00e9l\u00e9viseur Fire 4K Insignia s\u00e9rie F50 de 85 pouces \u2013 599,99 $ (\u00e0 l&rsquo;origine 899,99 $)<\/p>\n<\/li>\n<li>\n<p>T\u00e9l\u00e9viseur Insignia QF QLED 4K 85 pouces \u2013 659,99 $ (\u00e0 l&rsquo;origine 1 099,99 $)<\/p>\n<\/li>\n<li>\n<p>T\u00e9l\u00e9viseur Hisense UR9 RGB Mini LED 4K de 85 pouces \u2013 3 499,99 $ (\u00e0 l&rsquo;origine 4 499,99 $)<\/p>\n<\/li>\n<\/ul>\n<h2 id=\"the-best-labor-day-deals-on-laptops-at-best-buy\">Les meilleures offres de la f\u00eate du Travail sur les ordinateurs portables chez Best Buy<\/h2>\n<div class=\"pogoClear mb-12 mt-10 rounded-md border-2 border-gray-100 py-7 shadow-xl md:py-6\">\n<div class=\"flex flex-wrap justify-between px-7 text-black no-underline md:flex-nowrap md:px-8\">\n<div class=\"order-1 mx-auto flex flex-col justify-center md:order-2 md:ml-4 md:w-full md:grow\">\n<div class=\"block cursor-pointer text-center font-akshar text-2xl font-medium leading-7 text-brand-green duration-200 ease-in-out hover:text-brand-green-700 md:text-left md:text-xl md:leading-6\">Lenovo &#8211; Ordinateur portable Yoga 7i 2-en-1 \u00e0 \u00e9cran tactile 16&Prime; 2K\n                <\/div>\n<div class=\"mt-4 block font-sans text-sm font-medium leading-4 text-gray-900 md:mx-0 md:mt-2\">Processeur Core Ultra 7 256V 2024 &#8211; M\u00e9moire 16 Go &#8211; SSD 512 Go &#8211; Copilot+ PC\n                    <\/div>\n<div class=\"mt-4 hidden md:flex md:justify-between\">\n<div class=\"self-end\">\n<div class=\"mb-0 h-11 md:flex md:flex-col md:justify-center\">\n<div class=\" font-sans leading-4 text-black\">\n<div class=\"flex flex-wrap items-center justify-center gap-1 md:justify-start\">\n        <span class=\"font-bold\"><\/p>\n<p>            749,99\u00a0$<br \/>\n                            <span class=\"font-medium\">chez Best Buy<\/span><br \/>\n                    <\/span>\n            <\/div>\n<div class=\"flex items-center justify-center gap-x-1 font-bold md:justify-start\">\n            <span class=\"text-sm line-through\">1\u00a0199,99\u00a0$<\/span><br \/>\n            <span class=\"text-sm text-brand-green\">\u00c9conomisez 450,00\u00a0$<\/span>\n        <\/div>\n<\/p><\/div>\n<\/p><\/div>\n<\/p><\/div>\n<div class=\"w-44 self-end\">\n                            <button class=\"flex justify-center items-center w-full bg-brand-green text-white text-base font-sans font-medium rounded-md hover:bg-brand-green-700 hover:cursor-pointer md:text-sm h-11\"><\/p>\n<p>    Obtenez une offre<br \/>\n<\/button>\n                        <\/div>\n<\/p><\/div>\n<\/p><\/div>\n<div class=\"order-2 mt-5 h-auto w-full md:order-1 md:mt-0 md:hidden\">\n<div class=\"flex aspect-video items-center justify-center\">\n                                            <img decoding=\"async\" class=\"m-0 max-h-full max-w-full rounded-md\" src=\"https:\/\/vieassociative.be\/actualites\/wp-content\/uploads\/2026\/09\/1788315451_922_Les-meilleures-offres-de-la-vente-anticipee-de-la-fete.png\" alt=\"Lenovo-Yoga 7i 2-en-1 16\" 2K Touchscreen Laptop - Core Ultra 7 Processor 256V 2024 - 16GB Memory - 512GB SSD- Copilot+ PC\" width=\"auto\" height=\"auto\" loading=\"lazy\">\n                                    <\/div>\n<\/p><\/div>\n<div class=\"order-2 ml-2 hidden w-32 shrink-0 items-center md:order-1 md:ml-0 md:flex\">\n<div class=\"flex aspect-video items-center justify-center\">\n                                            <img decoding=\"async\" class=\"m-0 max-h-full max-w-full rounded-md\" src=\"https:\/\/vieassociative.be\/actualites\/wp-content\/uploads\/2026\/09\/1788315451_922_Les-meilleures-offres-de-la-vente-anticipee-de-la-fete.png\" alt=\"Lenovo-Yoga 7i 2-en-1 16\" 2K Touchscreen Laptop - Core Ultra 7 Processor 256V 2024 - 16GB Memory - 512GB SSD- Copilot+ PC\" width=\"auto\" height=\"auto\" loading=\"lazy\">\n                                    <\/div>\n<\/p><\/div>\n<div class=\"order-3 flex grow flex-wrap md:hidden md:grow-0\">\n<div class=\"mt-4 w-full\">\n                        <button class=\"flex justify-center items-center w-full bg-brand-green text-white text-base font-sans font-medium rounded-md hover:bg-brand-green-700 hover:cursor-pointer md:text-sm h-11\"><\/p>\n<p>    Obtenez une offre<br \/>\n<\/button>\n                    <\/div>\n<div class=\"mx-2 mt-4 w-full\">\n<div class=\" font-sans leading-4 text-black\">\n<div class=\"flex flex-wrap items-center justify-center gap-1 md:justify-start\">\n        <span class=\"font-bold\"><\/p>\n<p>            749,99\u00a0$<br \/>\n                            <span class=\"font-medium\">chez Best Buy<\/span><br \/>\n                    <\/span>\n            <\/div>\n<div class=\"flex items-center justify-center gap-x-1 font-bold md:justify-start\">\n            <span class=\"text-sm line-through\">1\u00a0199,99\u00a0$<\/span><br \/>\n            <span class=\"text-sm text-brand-green\">\u00c9conomisez 450,00\u00a0$<\/span>\n        <\/div>\n<\/p><\/div>\n<\/p><\/div>\n<\/p><\/div>\n<\/p><\/div>\n<\/div>\n<p>Si vous \u00eates un utilisateur de PC \u00e0 la recherche d&rsquo;un ordinateur portable fiable, le Lenovo Yoga 7i est une excellente option \u00e0 consid\u00e9rer \u00e0 749,99 $ (au lieu de 1\u00a0199 $). Il est livr\u00e9 avec un puissant processeur Core Ultra 7, 16 Go de RAM et 512 Go de stockage pour moins de 800 $. Cet ordinateur portable de 16 pouces est \u00e9galement tactile et est livr\u00e9 avec Copilot+. Si cela ne vous enthousiasme pas, voici d\u2019autres r\u00e9ductions en cours\u00a0: <\/p>\n<h3>Autres offres d\u2019ordinateurs portables pour la f\u00eate du Travail\u00a0:<\/h3>\n<ul>\n<li>\n<p>Chromebook HP 14 179\u00a0$ (\u00e0 l&rsquo;origine 399\u00a0$)<\/p>\n<\/li>\n<li>\n<p>Chromebook Lenovo IdeaPad Slim 3 399 $ (\u00e0 l&rsquo;origine 529 $)<\/p>\n<\/li>\n<li>\n<p>Microsoft Surface Pro, 12 pouces (Snapdragon X Plus, 8 Go de RAM, 256 Go UFS) 849,99 $ (\u00e0 l&rsquo;origine 849,99 $)<\/p>\n<\/li>\n<li>\n<p>Microsoft &#8211; Surface Pro &#8211; Copilot+ PC &#8211; \u00c9cran tactile OLED 13&Prime; 1\u00a0499,99 $ (1\u00a0799,99 $)<\/p>\n<\/li>\n<li>\n<p>Microsoft &#8211; Surface Laptop &#8211; \u00c9cran tactile 2K 13,8&Prime; 1\u00a0399,99\u00a0$ (\u00e0 l&rsquo;origine 1\u00a0699,99\u00a0$)<\/p>\n<\/li>\n<li>\n<p>HP &#8211; OmniBook X Flip 2-en-1 &#8211; Ordinateur portable \u00e0 \u00e9cran tactile OLED 2K 16&Prime; 1 099,99 $ (\u00e0 l&rsquo;origine 1 849,99 $)<\/p>\n<\/li>\n<li>\n<p>Acer &#8211; Swift Go 16 AI &#8211; Copilot+ PC &#8211; Ordinateur portable \u00e0 \u00e9cran tactile WUXGA 16&Prime; 999,99 $ (\u00e0 l&rsquo;origine 1\u00a0499,99 $)<\/p>\n<\/li>\n<li>\n<p>Lenovo &#8211; Ordinateur portable IdeaPad Slim 3 15,3&Prime; \u00e0 \u00e9cran tactile 2k 649,99 $ (\u00e0 l&rsquo;origine 999,99 $)<\/p>\n<\/li>\n<li>\n<p>ASUS &#8211; \u00c9cran tactile Zenbook S14 14&Prime; OLED 3K 1\u00a0499,99\u00a0$ (\u00e0 l&rsquo;origine 1\u00a0899,99\u00a0$)<\/p>\n<\/li>\n<\/ul>\n<h3>Offres d\u2019ordinateurs portables de jeu Best Buy pour la f\u00eate du Travail\u00a0:<\/h3>\n<ul>\n<li>\n<p>Ordinateur portable de jeu ASUS TUF Gaming A16 16 pouces 165 Hz FHD+ 1 599,99 $ (\u00e0 l&rsquo;origine 2 224,99 $)<\/p>\n<\/li>\n<li>\n<p>Ordinateur portable de jeu Lenovo LOQ 15,6&Prime; 2K 1\u00a0149,99\u00a0$ (\u00e0 l&rsquo;origine 1\u00a0849,99\u00a0$)<\/p>\n<\/li>\n<li>\n<p>Ordinateur portable de jeu HP Victus 15,6&Prime; Full HD 144 Hz 699,99\u00a0$ (\u00e0 l&rsquo;origine 1\u00a0124,99\u00a0$)<\/p>\n<\/li>\n<li>\n<p>Ordinateur portable de jeu Acer Predator Helios Neo 16S AI 1 899,99 $ (\u00e0 l&rsquo;origine 2 199,99 $)<\/p>\n<\/li>\n<li>\n<p>Ordinateur portable de jeu ASUS ROG Strix G16 16&Prime; FHD 165 Hz 1\u00a0749,99\u00a0$ (\u00e0 l&rsquo;origine 2\u00a0299,99\u00a0$)<\/p>\n<\/li>\n<li>\n<p>Ordinateur portable de jeu Alienware 15,3&Prime; 2K 1\u00a0299,99\u00a0$ (\u00e0 l&rsquo;origine 1\u00a0924,99\u00a0$)<\/p>\n<\/li>\n<\/ul>\n<h2 id=\"the-best-labor-day-deals-on-robot-vacuums-at-best-buy\">Les meilleures offres de la f\u00eate du Travail sur les aspirateurs robots chez Best Buy<\/h2>\n<div class=\"pogoClear mb-12 mt-10 rounded-md border-2 border-gray-100 py-7 shadow-xl md:py-6\">\n<div class=\"flex flex-wrap justify-between px-7 text-black no-underline md:flex-nowrap md:px-8\">\n<div class=\"order-1 mx-auto flex flex-col justify-center md:order-2 md:ml-4 md:w-full md:grow\">\n<div class=\"block cursor-pointer text-center font-akshar text-2xl font-medium leading-7 text-brand-green duration-200 ease-in-out hover:text-brand-green-700 md:text-left md:text-xl md:leading-6\">Shark &#8211; Robot aspirateur et vadrouille Matrix Plus 2-en-1\n                <\/div>\n<div class=\"mt-4 block font-sans text-sm font-medium leading-4 text-gray-900 md:mx-0 md:mt-2\">  Vadrouille sonique, nettoyage matriciel, cartographie domestique, vidage automatique sans sac HEPA, WiFi\n                    <\/div>\n<div class=\"mt-4 hidden md:flex md:justify-between\">\n<div class=\"self-end\">\n<div class=\"mb-0 h-11 md:flex md:flex-col md:justify-center\">\n<div class=\" font-sans leading-4 text-black\">\n<div class=\"flex flex-wrap items-center justify-center gap-1 md:justify-start\">\n        <span class=\"font-bold\"><\/p>\n<p>            299,98\u00a0$<br \/>\n                            <span class=\"font-medium\">chez Best Buy<\/span><br \/>\n                    <\/span>\n            <\/div>\n<div class=\"flex items-center justify-center gap-x-1 font-bold md:justify-start\">\n            <span class=\"text-sm line-through\">699,99\u00a0$<\/span><br \/>\n            <span class=\"text-sm text-brand-green\">\u00c9conomisez 400,01 $<\/span>\n        <\/div>\n<\/p><\/div>\n<\/p><\/div>\n<\/p><\/div>\n<div class=\"w-44 self-end\">\n                            <button class=\"flex justify-center items-center w-full bg-brand-green text-white text-base font-sans font-medium rounded-md hover:bg-brand-green-700 hover:cursor-pointer md:text-sm h-11\"><\/p>\n<p>    Obtenez une offre<br \/>\n<\/button>\n                        <\/div>\n<\/p><\/div>\n<\/p><\/div>\n<div class=\"order-2 mt-5 h-auto w-full md:order-1 md:mt-0 md:hidden\">\n<div class=\"flex aspect-video items-center justify-center\">\n                                            <img decoding=\"async\" class=\"m-0 max-h-full max-w-full rounded-md\" src=\"https:\/\/vieassociative.be\/actualites\/wp-content\/uploads\/2026\/09\/1788315452_522_Les-meilleures-offres-de-la-vente-anticipee-de-la-fete.png\" alt=\"Shark - Robot aspirateur et vadrouille Matrix Plus 2-en-1 avec vadrouille sonique, Matrix Clean, cartographie domestique, auto-vidage HEPA sans sac, WiFi\" width=\"auto\" height=\"auto\" loading=\"lazy\">\n                                    <\/div>\n<\/p><\/div>\n<div class=\"order-2 ml-2 hidden w-32 shrink-0 items-center md:order-1 md:ml-0 md:flex\">\n<div class=\"flex aspect-video items-center justify-center\">\n                                            <img decoding=\"async\" class=\"m-0 max-h-full max-w-full rounded-md\" src=\"https:\/\/vieassociative.be\/actualites\/wp-content\/uploads\/2026\/09\/1788315452_522_Les-meilleures-offres-de-la-vente-anticipee-de-la-fete.png\" alt=\"Shark - Robot aspirateur et vadrouille Matrix Plus 2-en-1 avec vadrouille sonique, Matrix Clean, cartographie domestique, auto-vidage HEPA sans sac, WiFi\" width=\"auto\" height=\"auto\" loading=\"lazy\">\n                                    <\/div>\n<\/p><\/div>\n<div class=\"order-3 flex grow flex-wrap md:hidden md:grow-0\">\n<div class=\"mt-4 w-full\">\n                        <button class=\"flex justify-center items-center w-full bg-brand-green text-white text-base font-sans font-medium rounded-md hover:bg-brand-green-700 hover:cursor-pointer md:text-sm h-11\"><\/p>\n<p>    Obtenez une offre<br \/>\n<\/button>\n                    <\/div>\n<div class=\"mx-2 mt-4 w-full\">\n<div class=\" font-sans leading-4 text-black\">\n<div class=\"flex flex-wrap items-center justify-center gap-1 md:justify-start\">\n        <span class=\"font-bold\"><\/p>\n<p>            299,98\u00a0$<br \/>\n                            <span class=\"font-medium\">chez Best Buy<\/span><br \/>\n                    <\/span>\n            <\/div>\n<div class=\"flex items-center justify-center gap-x-1 font-bold md:justify-start\">\n            <span class=\"text-sm line-through\">699,99\u00a0$<\/span><br \/>\n            <span class=\"text-sm text-brand-green\">\u00c9conomisez 400,01 $<\/span>\n        <\/div>\n<\/p><\/div>\n<\/p><\/div>\n<\/p><\/div>\n<\/p><\/div>\n<\/div>\n<p>Les robots aspirateurs ont parcouru un long chemin depuis l\u2019\u00e9poque o\u00f9 Roombas \u00e9tait la seule marque r\u00e9put\u00e9e. D\u00e9sormais, des entreprises comme Shark proposent des robots aspirateurs comme le Matrix Plus pour 299,99 $ (\u00e0 l&rsquo;origine 699,99 $) qui peuvent faire tout ce que vous attendez d&rsquo;un robot aspirateur et laveur. <\/p>\n<h3>Autres offres d\u2019aspirateurs robots pour la f\u00eate du Travail\u00a0:<\/h3>\n<ul>\n<li>\n<p>S\u00e9rie Roborock Q10 \u2013 259,99 $ (\u00e0 l\u2019origine 399,99 $)<\/p>\n<\/li>\n<li>\n<p>S\u00e9rie Roborock Qrevo \u2013 499,99 $ (\u00e0 l\u2019origine 629,99 $)<\/p>\n<\/li>\n<li>\n<p>Roborock Saros Z70 \u2013 1\u00a0299,99 $ (\u00e0 l\u2019origine 1\u00a0999,99 $)<\/p>\n<\/li>\n<li>\n<p>Shark &#8211; Aspirateur et vadrouille 2 en 1 PowerDetect UV Reveal 749,99 $ (\u00e0 l&rsquo;origine 1 299,99 $)<\/p>\n<\/li>\n<li>\n<p>eufy &#8211; Robot aspirateur et vadrouille Combo E25+ 599,99 $ (\u00e0 l&rsquo;origine 1 099,99 $)<\/p>\n<\/li>\n<\/ul>\n<h2 id=\"the-best-labor-day-apple-deals-at-best-buy\">Les meilleures offres Apple pour la f\u00eate du Travail chez Best Buy<\/h2>\n<div class=\"pogoClear mb-12 mt-10 rounded-md border-2 border-gray-100 py-7 shadow-xl md:py-6\">\n<div class=\"flex flex-wrap justify-between px-7 text-black no-underline md:flex-nowrap md:px-8\">\n<div class=\"order-1 mx-auto flex flex-col justify-center md:order-2 md:ml-4 md:w-full md:grow\">\n<div class=\"block cursor-pointer text-center font-akshar text-2xl font-medium leading-7 text-brand-green duration-200 ease-in-out hover:text-brand-green-700 md:text-left md:text-xl md:leading-6\">Apple &#8211; AirPods Max 2 (USB-C) &#8211; Bleu\n                <\/div>\n<div class=\"mt-4 hidden md:flex md:justify-between\">\n<div class=\"self-end\">\n<div class=\"mb-0 h-11 md:flex md:flex-col md:justify-center\">\n<div class=\" font-sans leading-4 text-black\">\n<div class=\"flex flex-wrap items-center justify-center gap-1 md:justify-start\">\n        <span class=\"font-bold\"><\/p>\n<p>            479,99\u00a0$<br \/>\n                            <span class=\"font-medium\">chez Best Buy<\/span><br \/>\n                    <\/span>\n            <\/div>\n<div class=\"flex items-center justify-center gap-x-1 font-bold md:justify-start\">\n            <span class=\"text-sm line-through\">549,99\u00a0$<\/span><br \/>\n            <span class=\"text-sm text-brand-green\">\u00c9conomisez 70,00\u00a0$<\/span>\n        <\/div>\n<\/p><\/div>\n<\/p><\/div>\n<\/p><\/div>\n<div class=\"w-44 self-end\">\n                            <button class=\"flex justify-center items-center w-full bg-brand-green text-white text-base font-sans font-medium rounded-md hover:bg-brand-green-700 hover:cursor-pointer md:text-sm h-11\"><\/p>\n<p>    Obtenez une offre<br \/>\n<\/button>\n                        <\/div>\n<\/p><\/div>\n<\/p><\/div>\n<div class=\"order-2 mt-5 h-auto w-full md:order-1 md:mt-0 md:hidden\">\n<div class=\"flex aspect-video items-center justify-center\">\n                                            <img decoding=\"async\" class=\"m-0 max-h-full max-w-full rounded-md\" src=\"https:\/\/vieassociative.be\/actualites\/wp-content\/uploads\/2026\/09\/1788488300_743_Les-meilleures-offres-de-la-vente-de-la-fete-du.png\" alt=\"Apple - AirPods Max 2 (USB-C) - Bleu\" width=\"auto\" height=\"auto\" loading=\"lazy\">\n                                    <\/div>\n<\/p><\/div>\n<div class=\"order-2 ml-2 hidden w-32 shrink-0 items-center md:order-1 md:ml-0 md:flex\">\n<div class=\"flex aspect-video items-center justify-center\">\n                                            <img decoding=\"async\" class=\"m-0 max-h-full max-w-full rounded-md\" src=\"https:\/\/vieassociative.be\/actualites\/wp-content\/uploads\/2026\/09\/1788488300_743_Les-meilleures-offres-de-la-vente-de-la-fete-du.png\" alt=\"Apple - AirPods Max 2 (USB-C) - Bleu\" width=\"auto\" height=\"auto\" loading=\"lazy\">\n                                    <\/div>\n<\/p><\/div>\n<div class=\"order-3 flex grow flex-wrap md:hidden md:grow-0\">\n<div class=\"mt-4 w-full\">\n                        <button class=\"flex justify-center items-center w-full bg-brand-green text-white text-base font-sans font-medium rounded-md hover:bg-brand-green-700 hover:cursor-pointer md:text-sm h-11\"><\/p>\n<p>    Obtenez une offre<br \/>\n<\/button>\n                    <\/div>\n<div class=\"mx-2 mt-4 w-full\">\n<div class=\" font-sans leading-4 text-black\">\n<div class=\"flex flex-wrap items-center justify-center gap-1 md:justify-start\">\n        <span class=\"font-bold\"><\/p>\n<p>            479,99\u00a0$<br \/>\n                            <span class=\"font-medium\">chez Best Buy<\/span><br \/>\n                    <\/span>\n            <\/div>\n<div class=\"flex items-center justify-center gap-x-1 font-bold md:justify-start\">\n            <span class=\"text-sm line-through\">549,99\u00a0$<\/span><br \/>\n            <span class=\"text-sm text-brand-green\">\u00c9conomisez 70,00\u00a0$<\/span>\n        <\/div>\n<\/p><\/div>\n<\/p><\/div>\n<\/p><\/div>\n<\/p><\/div>\n<\/div>\n<p>Les \u00e9couteurs haut de gamme d&rsquo;Apple, les AirPods Max 2, sont r\u00e9duits \u00e0 479 $ (549 $ \u00e0 l&rsquo;origine), le troisi\u00e8me prix le plus bas jamais atteint. Les plus grandes am\u00e9liorations qu&rsquo;ils offrent par rapport aux AirPods Max d&rsquo;origine sont le nouvel amplificateur \u00ab plage dynamique \u00bb et la puce H2 d&rsquo;Apple. Ils prennent \u00e9galement en charge des fonctionnalit\u00e9s int\u00e9ressantes telles que Live Translation, qui vous permet d&rsquo;entendre la traduction en temps r\u00e9el de ce que quelqu&rsquo;un dit dans une autre langue, directement via vos \u00e9couteurs (\u00e0 condition qu&rsquo;ils soient connect\u00e9s \u00e0 un appareil ex\u00e9cutant Apple Intelligence). Voici d\u2019autres r\u00e9ductions Apple \u00e0 noter :<\/p>\n<h3>\u00c9tiquettes a\u00e9riennes<\/h3>\n<ul>\n<li>\n<p>Apple AirTag, pack de 4 (2e g\u00e9n\u00e9ration) \u2013 89 $ (99 $ \u00e0 l&rsquo;origine)<\/p>\n<\/li>\n<\/ul>\n<h3>iPad<\/h3>\n<ul>\n<li>\n<p>iPad Apple A16, 11 pouces (WiFi, 128 Go) \u2013 399 $ (449 $ \u00e0 l\u2019origine)<\/p>\n<\/li>\n<li>\n<p>Apple M4 iPad Air, 11 pouces (WiFi, 256 Go) \u2013 749 $ (\u00e0 l&rsquo;origine 849 $)<\/p>\n<\/li>\n<li>\n<p>Apple M5 iPad Pro, 13 pouces (WiFi, 512 Go) \u2013 1\u00a0599 $ (\u00e0 l\u2019origine 1\u00a0699 $)<\/p>\n<\/li>\n<\/ul>\n<h3>iPhone<\/h3>\n<ul>\n<li>\n<p>Apple iPhone 16e (128 Go, d\u00e9bloqu\u00e9) \u2013 499,99 $ (initialement 599,99 $)<\/p>\n<\/li>\n<li>\n<p>Apple iPhone Air (512 Go, d\u00e9bloqu\u00e9) \u2013 1\u00a0049,99 $ (\u00e0 l\u2019origine 1\u00a0199,99 $)<\/p>\n<\/li>\n<li>\n<p>Apple iPhone Air (1 To, d\u00e9bloqu\u00e9) \u2013 1\u00a0249,99\u00a0$ (\u00e0 l&rsquo;origine 1\u00a0399,99\u00a0$)<\/p>\n<\/li>\n<\/ul>\n<h3>MacBook<\/h3>\n<ul>\n<li>\n<p>Apple MacBook Pro, 16 pouces (M4 Max, 36 Go de RAM, 1 To SSD) \u2013 2 999 $ (\u00e0 l&rsquo;origine 3 399 $)<\/p>\n<\/li>\n<li>\n<p>Apple MacBook Pro, 16 pouces (M4 Max, 48 Go de RAM, 1 To SSD) \u2013 3 399 $ (\u00e0 l&rsquo;origine 3 899 $)<\/p>\n<\/li>\n<\/ul>\n<hr>\n<h2 id=\"when-do-labor-day-sales-start\">Quand commencent les soldes de la F\u00eate du Travail ?<\/h2>\n<p>Les soldes de la F\u00eate du Travail ont d\u00e9j\u00e0 commenc\u00e9. De plus en plus de d\u00e9taillants devraient lancer leurs propres ventes avant les vacances du lundi 7 septembre.<\/p>\n<h2 id=\"are-labor-day-sales-worth-it\">Les soldes de la f\u00eate du Travail en valent-ils la peine ?<\/h2>\n<p>La f\u00eate du Travail est traditionnellement un bon moment pour trouver des offres dans de nombreuses cat\u00e9gories, mais qu&rsquo;elles en valent la peine ou non d\u00e9pend enti\u00e8rement de ce que vous recherchez. Par rapport aux soldes comme le Black Friday ou le Prime Day, la f\u00eate du Travail n&rsquo;est pas \u00e0 la hauteur en termes de volume et de qualit\u00e9 des remises, mais vous pouvez toujours trouver un bon prix sur des appareils technologiques ou de cuisine qui correspondront \u00e0 ces prix de vacances, voire les d\u00e9passeront. (Nous utilisons des outils de suivi des prix pour vous indiquer si une offre en vaut la peine ou non.)<\/p>\n<h2 id=\"what-other-stores-have-labor-day-sales\">Quels autres magasins proposent des soldes pour la f\u00eate du Travail\u00a0?<\/h2>\n<p>Amazon, Home Depot, Lowe&rsquo;s, Wayfair et Target organisent tous des ventes pour la f\u00eate du Travail. (Vie Associative rassemblera des offres pour toutes ces ventes.)<\/p>\n<h2 id=\"do-you-need-to-be-a-member-to-shop-best-buys-sale\">Devez-vous \u00eatre membre pour profiter des soldes Best Buy\u00a0?<\/h2>\n<p>Vous n&rsquo;avez pas besoin d&rsquo;\u00eatre membre pour profiter des soldes de la f\u00eate du Travail de Best Buy\u00a0; cependant, il est gratuit de souscrire \u00e0 un abonnement My Best Buy, qui vous offrira la livraison gratuite. Si vous souscrivez \u00e0 l&rsquo;un de leurs abonnements payants (My Best Buy Plus pour 49,99 $ par an ou My Best Buy Total pour 179,99 $ par an), vous b\u00e9n\u00e9ficierez d&rsquo;une livraison gratuite plus rapide, de prix et d&rsquo;offres exclusifs, d&rsquo;une fen\u00eatre de retour prolong\u00e9e de 60 jours sur la plupart des produits et d&rsquo;un acc\u00e8s anticip\u00e9 \u00e0 certaines ventes. Les membres payants gagneront \u00e9galement des r\u00e9compenses suppl\u00e9mentaires gr\u00e2ce \u00e0 la vente en cours et aux ventes \u00e0 venir.<\/p>\n","protected":false},"excerpt":{"rendered":"<p>Nous pouvons gagner une commission sur les liens sur cette page. Les prix et la disponibilit\u00e9 de l&rsquo;offre sont sujets \u00e0 changement apr\u00e8s la publication.<\/p>\n","protected":false},"author":1,"featured_media":15179,"comment_status":"","ping_status":"","sticky":false,"template":"","format":"standard","meta":{"footnotes":""},"categories":[13],"tags":[1256,1485,14,79,345,504,223],"class_list":["post-15205","post","type-post","status-publish","format-standard","has-post-thumbnail","hentry","category-technologie","tag-buy","tag-fete","tag-les","tag-meilleures","tag-offres","tag-travail","tag-vente","generate-columns","tablet-grid-50","mobile-grid-100","grid-parent","grid-33"],"yoast_head":"<!-- This site is optimized with the Yoast SEO plugin v24.0 - https:\/\/yoast.com\/wordpress\/plugins\/seo\/ -->\n<title>Les meilleures offres de la vente de la f\u00eate du Travail de Best Buy 2026 | Vie Associative<\/title>\n<meta name=\"robots\" content=\"index, follow, max-snippet:-1, max-image-preview:large, max-video-preview:-1\" \/>\n<link rel=\"canonical\" href=\"https:\/\/vieassociative.be\/actualites\/les-meilleures-offres-de-la-vente-de-la-fete-du-travail-de-best-buy-2026\/\" \/>\n<meta property=\"og:locale\" content=\"fr_FR\" \/>\n<meta property=\"og:type\" content=\"article\" \/>\n<meta property=\"og:title\" content=\"Les meilleures offres de la vente de la f\u00eate du Travail de Best Buy 2026 | Vie Associative\" \/>\n<meta property=\"og:description\" content=\"Nous pouvons gagner une commission sur les liens sur cette page. Les prix et la disponibilit\u00e9 de l&rsquo;offre sont sujets \u00e0 changement apr\u00e8s la publication.\" \/>\n<meta property=\"og:url\" content=\"https:\/\/vieassociative.be\/actualites\/les-meilleures-offres-de-la-vente-de-la-fete-du-travail-de-best-buy-2026\/\" \/>\n<meta property=\"og:site_name\" content=\"Vie Associative\" \/>\n<meta property=\"article:published_time\" content=\"2026-09-04T02:18:20+00:00\" \/>\n<meta property=\"og:image\" content=\"https:\/\/vieassociative.be\/actualites\/wp-content\/uploads\/2026\/09\/Les-meilleures-offres-de-la-vente-anticipee-de-la-fete.png\" \/>\n<meta name=\"author\" content=\"Julien\" \/>\n<meta name=\"twitter:card\" content=\"summary_large_image\" \/>\n<meta name=\"twitter:label1\" content=\"\u00c9crit par\" \/>\n\t<meta name=\"twitter:data1\" content=\"Julien\" \/>\n\t<meta name=\"twitter:label2\" content=\"Dur\u00e9e de lecture est.\" \/>\n\t<meta name=\"twitter:data2\" content=\"9 minutes\" \/>\n<script type=\"application\/ld+json\" class=\"yoast-schema-graph\">{\"@context\":\"https:\/\/schema.org\",\"@graph\":[{\"@type\":\"Article\",\"@id\":\"https:\/\/vieassociative.be\/actualites\/les-meilleures-offres-de-la-vente-de-la-fete-du-travail-de-best-buy-2026\/#article\",\"isPartOf\":{\"@id\":\"https:\/\/vieassociative.be\/actualites\/les-meilleures-offres-de-la-vente-de-la-fete-du-travail-de-best-buy-2026\/\"},\"author\":{\"name\":\"Julien\",\"@id\":\"https:\/\/vieassociative.be\/actualites\/#\/schema\/person\/b87ac4f82f9d4e7b7cec7395b679edc4\"},\"headline\":\"Les meilleures offres de la vente de la f\u00eate du Travail de Best Buy 2026\",\"datePublished\":\"2026-09-04T02:18:20+00:00\",\"dateModified\":\"2026-09-04T02:18:20+00:00\",\"mainEntityOfPage\":{\"@id\":\"https:\/\/vieassociative.be\/actualites\/les-meilleures-offres-de-la-vente-de-la-fete-du-travail-de-best-buy-2026\/\"},\"wordCount\":1912,\"publisher\":{\"@id\":\"https:\/\/vieassociative.be\/actualites\/#organization\"},\"image\":{\"@id\":\"https:\/\/vieassociative.be\/actualites\/les-meilleures-offres-de-la-vente-de-la-fete-du-travail-de-best-buy-2026\/#primaryimage\"},\"thumbnailUrl\":\"https:\/\/vieassociative.be\/actualites\/wp-content\/uploads\/2026\/09\/Les-meilleures-offres-de-la-vente-anticipee-de-la-fete.webp\",\"keywords\":[\"Buy\",\"f\u00eate\",\"Les\",\"meilleures\",\"offres\",\"travail\",\"vente\"],\"articleSection\":[\"Technologie\"],\"inLanguage\":\"fr-BE\"},{\"@type\":\"WebPage\",\"@id\":\"https:\/\/vieassociative.be\/actualites\/les-meilleures-offres-de-la-vente-de-la-fete-du-travail-de-best-buy-2026\/\",\"url\":\"https:\/\/vieassociative.be\/actualites\/les-meilleures-offres-de-la-vente-de-la-fete-du-travail-de-best-buy-2026\/\",\"name\":\"Les meilleures offres de la vente de la f\u00eate du Travail de Best Buy 2026 | Vie Associative\",\"isPartOf\":{\"@id\":\"https:\/\/vieassociative.be\/actualites\/#website\"},\"primaryImageOfPage\":{\"@id\":\"https:\/\/vieassociative.be\/actualites\/les-meilleures-offres-de-la-vente-de-la-fete-du-travail-de-best-buy-2026\/#primaryimage\"},\"image\":{\"@id\":\"https:\/\/vieassociative.be\/actualites\/les-meilleures-offres-de-la-vente-de-la-fete-du-travail-de-best-buy-2026\/#primaryimage\"},\"thumbnailUrl\":\"https:\/\/vieassociative.be\/actualites\/wp-content\/uploads\/2026\/09\/Les-meilleures-offres-de-la-vente-anticipee-de-la-fete.webp\",\"datePublished\":\"2026-09-04T02:18:20+00:00\",\"dateModified\":\"2026-09-04T02:18:20+00:00\",\"breadcrumb\":{\"@id\":\"https:\/\/vieassociative.be\/actualites\/les-meilleures-offres-de-la-vente-de-la-fete-du-travail-de-best-buy-2026\/#breadcrumb\"},\"inLanguage\":\"fr-BE\",\"potentialAction\":[{\"@type\":\"ReadAction\",\"target\":[\"https:\/\/vieassociative.be\/actualites\/les-meilleures-offres-de-la-vente-de-la-fete-du-travail-de-best-buy-2026\/\"]}]},{\"@type\":\"ImageObject\",\"inLanguage\":\"fr-BE\",\"@id\":\"https:\/\/vieassociative.be\/actualites\/les-meilleures-offres-de-la-vente-de-la-fete-du-travail-de-best-buy-2026\/#primaryimage\",\"url\":\"https:\/\/vieassociative.be\/actualites\/wp-content\/uploads\/2026\/09\/Les-meilleures-offres-de-la-vente-anticipee-de-la-fete.webp\",\"contentUrl\":\"https:\/\/vieassociative.be\/actualites\/wp-content\/uploads\/2026\/09\/Les-meilleures-offres-de-la-vente-anticipee-de-la-fete.webp\",\"width\":1200,\"height\":675,\"caption\":\"Les meilleures offres de la vente anticip\u00e9e de la f\u00eate du Travail de Best Buy 2026\"},{\"@type\":\"BreadcrumbList\",\"@id\":\"https:\/\/vieassociative.be\/actualites\/les-meilleures-offres-de-la-vente-de-la-fete-du-travail-de-best-buy-2026\/#breadcrumb\",\"itemListElement\":[{\"@type\":\"ListItem\",\"position\":1,\"name\":\"Accueil\",\"item\":\"https:\/\/vieassociative.be\/actualites\/\"},{\"@type\":\"ListItem\",\"position\":2,\"name\":\"Les meilleures offres de la vente de la f\u00eate du Travail de Best Buy 2026\"}]},{\"@type\":\"WebSite\",\"@id\":\"https:\/\/vieassociative.be\/actualites\/#website\",\"url\":\"https:\/\/vieassociative.be\/actualites\/\",\"name\":\"Vie Associative\",\"description\":\"\",\"publisher\":{\"@id\":\"https:\/\/vieassociative.be\/actualites\/#organization\"},\"potentialAction\":[{\"@type\":\"SearchAction\",\"target\":{\"@type\":\"EntryPoint\",\"urlTemplate\":\"https:\/\/vieassociative.be\/actualites\/?s={search_term_string}\"},\"query-input\":{\"@type\":\"PropertyValueSpecification\",\"valueRequired\":true,\"valueName\":\"search_term_string\"}}],\"inLanguage\":\"fr-BE\"},{\"@type\":\"Organization\",\"@id\":\"https:\/\/vieassociative.be\/actualites\/#organization\",\"name\":\"Vie Associative\",\"url\":\"https:\/\/vieassociative.be\/actualites\/\",\"logo\":{\"@type\":\"ImageObject\",\"inLanguage\":\"fr-BE\",\"@id\":\"https:\/\/vieassociative.be\/actualites\/#\/schema\/logo\/image\/\",\"url\":\"https:\/\/vieassociative.be\/actualites\/wp-content\/uploads\/2024\/09\/cropped-vieassociative_favicon.ico.png\",\"contentUrl\":\"https:\/\/vieassociative.be\/actualites\/wp-content\/uploads\/2024\/09\/cropped-vieassociative_favicon.ico.png\",\"width\":512,\"height\":512,\"caption\":\"Vie Associative\"},\"image\":{\"@id\":\"https:\/\/vieassociative.be\/actualites\/#\/schema\/logo\/image\/\"}},{\"@type\":\"Person\",\"@id\":\"https:\/\/vieassociative.be\/actualites\/#\/schema\/person\/b87ac4f82f9d4e7b7cec7395b679edc4\",\"name\":\"Julien\",\"image\":{\"@type\":\"ImageObject\",\"inLanguage\":\"fr-BE\",\"@id\":\"https:\/\/vieassociative.be\/actualites\/#\/schema\/person\/image\/\",\"url\":\"https:\/\/vieassociative.be\/actualites\/wp-content\/uploads\/2024\/09\/vie-associative-1-150x150.jpg\",\"contentUrl\":\"https:\/\/vieassociative.be\/actualites\/wp-content\/uploads\/2024\/09\/vie-associative-1-150x150.jpg\",\"caption\":\"Julien\"},\"description\":\"Je suis Julien, r\u00e9dacteur pour Vie Associative. Passionn\u00e9 par le monde associatif depuis plus de 10 ans, j'ai \u00e0 c\u0153ur de partager des histoires inspirantes et de mettre en lumi\u00e8re les initiatives locales. Mon objectif est de sensibiliser et d'encourager l'engagement communautaire \u00e0 travers mes articles.\",\"sameAs\":[\"https:\/\/vieassociative.be\/\"]}]}<\/script>\n<!-- \/ Yoast SEO plugin. -->","yoast_head_json":{"title":"Les meilleures offres de la vente de la f\u00eate du Travail de Best Buy 2026 | Vie Associative","robots":{"index":"index","follow":"follow","max-snippet":"max-snippet:-1","max-image-preview":"max-image-preview:large","max-video-preview":"max-video-preview:-1"},"canonical":"https:\/\/vieassociative.be\/actualites\/les-meilleures-offres-de-la-vente-de-la-fete-du-travail-de-best-buy-2026\/","og_locale":"fr_FR","og_type":"article","og_title":"Les meilleures offres de la vente de la f\u00eate du Travail de Best Buy 2026 | Vie Associative","og_description":"Nous pouvons gagner une commission sur les liens sur cette page. Les prix et la disponibilit\u00e9 de l&rsquo;offre sont sujets \u00e0 changement apr\u00e8s la publication.","og_url":"https:\/\/vieassociative.be\/actualites\/les-meilleures-offres-de-la-vente-de-la-fete-du-travail-de-best-buy-2026\/","og_site_name":"Vie Associative","article_published_time":"2026-09-04T02:18:20+00:00","og_image":[{"url":"https:\/\/vieassociative.be\/actualites\/wp-content\/uploads\/2026\/09\/Les-meilleures-offres-de-la-vente-anticipee-de-la-fete.png","type":"","width":"","height":""}],"author":"Julien","twitter_card":"summary_large_image","twitter_misc":{"\u00c9crit par":"Julien","Dur\u00e9e de lecture est.":"9 minutes"},"schema":{"@context":"https:\/\/schema.org","@graph":[{"@type":"Article","@id":"https:\/\/vieassociative.be\/actualites\/les-meilleures-offres-de-la-vente-de-la-fete-du-travail-de-best-buy-2026\/#article","isPartOf":{"@id":"https:\/\/vieassociative.be\/actualites\/les-meilleures-offres-de-la-vente-de-la-fete-du-travail-de-best-buy-2026\/"},"author":{"name":"Julien","@id":"https:\/\/vieassociative.be\/actualites\/#\/schema\/person\/b87ac4f82f9d4e7b7cec7395b679edc4"},"headline":"Les meilleures offres de la vente de la f\u00eate du Travail de Best Buy 2026","datePublished":"2026-09-04T02:18:20+00:00","dateModified":"2026-09-04T02:18:20+00:00","mainEntityOfPage":{"@id":"https:\/\/vieassociative.be\/actualites\/les-meilleures-offres-de-la-vente-de-la-fete-du-travail-de-best-buy-2026\/"},"wordCount":1912,"publisher":{"@id":"https:\/\/vieassociative.be\/actualites\/#organization"},"image":{"@id":"https:\/\/vieassociative.be\/actualites\/les-meilleures-offres-de-la-vente-de-la-fete-du-travail-de-best-buy-2026\/#primaryimage"},"thumbnailUrl":"https:\/\/vieassociative.be\/actualites\/wp-content\/uploads\/2026\/09\/Les-meilleures-offres-de-la-vente-anticipee-de-la-fete.webp","keywords":["Buy","f\u00eate","Les","meilleures","offres","travail","vente"],"articleSection":["Technologie"],"inLanguage":"fr-BE"},{"@type":"WebPage","@id":"https:\/\/vieassociative.be\/actualites\/les-meilleures-offres-de-la-vente-de-la-fete-du-travail-de-best-buy-2026\/","url":"https:\/\/vieassociative.be\/actualites\/les-meilleures-offres-de-la-vente-de-la-fete-du-travail-de-best-buy-2026\/","name":"Les meilleures offres de la vente de la f\u00eate du Travail de Best Buy 2026 | Vie Associative","isPartOf":{"@id":"https:\/\/vieassociative.be\/actualites\/#website"},"primaryImageOfPage":{"@id":"https:\/\/vieassociative.be\/actualites\/les-meilleures-offres-de-la-vente-de-la-fete-du-travail-de-best-buy-2026\/#primaryimage"},"image":{"@id":"https:\/\/vieassociative.be\/actualites\/les-meilleures-offres-de-la-vente-de-la-fete-du-travail-de-best-buy-2026\/#primaryimage"},"thumbnailUrl":"https:\/\/vieassociative.be\/actualites\/wp-content\/uploads\/2026\/09\/Les-meilleures-offres-de-la-vente-anticipee-de-la-fete.webp","datePublished":"2026-09-04T02:18:20+00:00","dateModified":"2026-09-04T02:18:20+00:00","breadcrumb":{"@id":"https:\/\/vieassociative.be\/actualites\/les-meilleures-offres-de-la-vente-de-la-fete-du-travail-de-best-buy-2026\/#breadcrumb"},"inLanguage":"fr-BE","potentialAction":[{"@type":"ReadAction","target":["https:\/\/vieassociative.be\/actualites\/les-meilleures-offres-de-la-vente-de-la-fete-du-travail-de-best-buy-2026\/"]}]},{"@type":"ImageObject","inLanguage":"fr-BE","@id":"https:\/\/vieassociative.be\/actualites\/les-meilleures-offres-de-la-vente-de-la-fete-du-travail-de-best-buy-2026\/#primaryimage","url":"https:\/\/vieassociative.be\/actualites\/wp-content\/uploads\/2026\/09\/Les-meilleures-offres-de-la-vente-anticipee-de-la-fete.webp","contentUrl":"https:\/\/vieassociative.be\/actualites\/wp-content\/uploads\/2026\/09\/Les-meilleures-offres-de-la-vente-anticipee-de-la-fete.webp","width":1200,"height":675,"caption":"Les meilleures offres de la vente anticip\u00e9e de la f\u00eate du Travail de Best Buy 2026"},{"@type":"BreadcrumbList","@id":"https:\/\/vieassociative.be\/actualites\/les-meilleures-offres-de-la-vente-de-la-fete-du-travail-de-best-buy-2026\/#breadcrumb","itemListElement":[{"@type":"ListItem","position":1,"name":"Accueil","item":"https:\/\/vieassociative.be\/actualites\/"},{"@type":"ListItem","position":2,"name":"Les meilleures offres de la vente de la f\u00eate du Travail de Best Buy 2026"}]},{"@type":"WebSite","@id":"https:\/\/vieassociative.be\/actualites\/#website","url":"https:\/\/vieassociative.be\/actualites\/","name":"Vie Associative","description":"","publisher":{"@id":"https:\/\/vieassociative.be\/actualites\/#organization"},"potentialAction":[{"@type":"SearchAction","target":{"@type":"EntryPoint","urlTemplate":"https:\/\/vieassociative.be\/actualites\/?s={search_term_string}"},"query-input":{"@type":"PropertyValueSpecification","valueRequired":true,"valueName":"search_term_string"}}],"inLanguage":"fr-BE"},{"@type":"Organization","@id":"https:\/\/vieassociative.be\/actualites\/#organization","name":"Vie Associative","url":"https:\/\/vieassociative.be\/actualites\/","logo":{"@type":"ImageObject","inLanguage":"fr-BE","@id":"https:\/\/vieassociative.be\/actualites\/#\/schema\/logo\/image\/","url":"https:\/\/vieassociative.be\/actualites\/wp-content\/uploads\/2024\/09\/cropped-vieassociative_favicon.ico.png","contentUrl":"https:\/\/vieassociative.be\/actualites\/wp-content\/uploads\/2024\/09\/cropped-vieassociative_favicon.ico.png","width":512,"height":512,"caption":"Vie Associative"},"image":{"@id":"https:\/\/vieassociative.be\/actualites\/#\/schema\/logo\/image\/"}},{"@type":"Person","@id":"https:\/\/vieassociative.be\/actualites\/#\/schema\/person\/b87ac4f82f9d4e7b7cec7395b679edc4","name":"Julien","image":{"@type":"ImageObject","inLanguage":"fr-BE","@id":"https:\/\/vieassociative.be\/actualites\/#\/schema\/person\/image\/","url":"https:\/\/vieassociative.be\/actualites\/wp-content\/uploads\/2024\/09\/vie-associative-1-150x150.jpg","contentUrl":"https:\/\/vieassociative.be\/actualites\/wp-content\/uploads\/2024\/09\/vie-associative-1-150x150.jpg","caption":"Julien"},"description":"Je suis Julien, r\u00e9dacteur pour Vie Associative. Passionn\u00e9 par le monde associatif depuis plus de 10 ans, j'ai \u00e0 c\u0153ur de partager des histoires inspirantes et de mettre en lumi\u00e8re les initiatives locales. Mon objectif est de sensibiliser et d'encourager l'engagement communautaire \u00e0 travers mes articles.","sameAs":["https:\/\/vieassociative.be\/"]}]}},"_links":{"self":[{"href":"https:\/\/vieassociative.be\/actualites\/wp-json\/wp\/v2\/posts\/15205"}],"collection":[{"href":"https:\/\/vieassociative.be\/actualites\/wp-json\/wp\/v2\/posts"}],"about":[{"href":"https:\/\/vieassociative.be\/actualites\/wp-json\/wp\/v2\/types\/post"}],"author":[{"embeddable":true,"href":"https:\/\/vieassociative.be\/actualites\/wp-json\/wp\/v2\/users\/1"}],"replies":[{"embeddable":true,"href":"https:\/\/vieassociative.be\/actualites\/wp-json\/wp\/v2\/comments?post=15205"}],"version-history":[{"count":0,"href":"https:\/\/vieassociative.be\/actualites\/wp-json\/wp\/v2\/posts\/15205\/revisions"}],"wp:featuredmedia":[{"embeddable":true,"href":"https:\/\/vieassociative.be\/actualites\/wp-json\/wp\/v2\/media\/15179"}],"wp:attachment":[{"href":"https:\/\/vieassociative.be\/actualites\/wp-json\/wp\/v2\/media?parent=15205"}],"wp:term":[{"taxonomy":"category","embeddable":true,"href":"https:\/\/vieassociative.be\/actualites\/wp-json\/wp\/v2\/categories?post=15205"},{"taxonomy":"post_tag","embeddable":true,"href":"https:\/\/vieassociative.be\/actualites\/wp-json\/wp\/v2\/tags?post=15205"}],"curies":[{"name":"wp","href":"https:\/\/api.w.org\/{rel}","templated":true}]}}