{"id":15202,"date":"2026-09-03T17:17:25","date_gmt":"2026-09-03T15:17:25","guid":{"rendered":"https:\/\/vieassociative.be\/actualites\/harcelement-et-insultes-dans-un-bus-a-la-calamine\/"},"modified":"2026-09-03T17:17:25","modified_gmt":"2026-09-03T15:17:25","slug":"harcelement-et-insultes-dans-un-bus-a-la-calamine","status":"publish","type":"post","link":"https:\/\/vieassociative.be\/actualites\/harcelement-et-insultes-dans-un-bus-a-la-calamine\/","title":{"rendered":"Harc\u00e8lement et insultes dans un bus \u00e0 La Calamine"},"content":{"rendered":"<p><strong>Le mercredi 2 septembre 2026, les services de la zone de police Weser-G\u00f6hl ont \u00e9t\u00e9 appel\u00e9s \u00e0 intervenir \u00e0 Eupen et \u00e0 Calamine.<\/strong><\/p>\n<p><span id=\"more-441816\"><\/span><strong>\u2013 Arnaque \u00e0 la cryptomonnaie :<\/strong> Le 2 septembre 2026, une jeune femme se pr\u00e9sente au commissariat d&rsquo;Eupen et d\u00e9pose une plainte pour suspicion d&rsquo;escroquerie. La femme a pris connaissance d\u2019une publicit\u00e9 concernant l\u2019achat de crypto-monnaies via TikTok. Apr\u00e8s avoir cliqu\u00e9 sur l\u2019annonce, elle a \u00e9t\u00e9 redirig\u00e9e vers un autre site Web et a re\u00e7u des instructions pour l\u2019ouvrir. Plus tard, la victime a d\u00e9couvert que de l\u2019argent avait \u00e9t\u00e9 ill\u00e9galement d\u00e9duit de son compte bancaire. Les autres circonstances font l&rsquo;objet d&rsquo;enqu\u00eates plus approfondies.<\/p>\n<p><strong>\u2013 Harc\u00e8lement et insultes dans un bus public :<\/strong> Le 2 septembre 2026 vers 13h20, une femme est mont\u00e9e \u00e0 bord d&rsquo;un bus \u00e0 Vaals en direction de La Calamine. Alors que le bus se trouvait dans la L\u00fctticher Stra\u00dfe \u00e0 Kelmis, la femme a \u00e9t\u00e9 bouscul\u00e9e par un homme. L&rsquo;homme a ensuite insult\u00e9 le chauffeur du bus. Peu de temps apr\u00e8s, il a de nouveau crois\u00e9 la femme et a \u00e9galement harcel\u00e9 un couple plus \u00e2g\u00e9. La femme a alors demand\u00e9 \u00e0 l\u2019homme de se comporter avec plus de respect. Il a ensuite insult\u00e9 la femme et lui a demand\u00e9 de descendre du bus avec lui au prochain arr\u00eat. La femme est descendue \u00e0 l\u2019arr\u00eat suivant parce que c\u2019\u00e9tait son arr\u00eat de destination. L&rsquo;homme est toutefois rest\u00e9 dans le bus.<\/p>\n<p><strong>\u2013 Bijoux vol\u00e9s en vitrine :<\/strong> Le 2 septembre 2026 vers 18h07, un homme se trouve dans une bijouterie de la Paveestrasse \u00e0 Eupen. On a montr\u00e9 \u00e0 l&rsquo;homme plusieurs bagues provenant d&rsquo;une vitrine. Pendant ce temps, il tenait un t\u00e9l\u00e9phone portable dans une main. Il a ensuite fouill\u00e9 la vitrine et cach\u00e9 plusieurs bijoux \u00e0 l\u2019aide de son t\u00e9l\u00e9phone portable. L\u2019homme a ainsi vol\u00e9 au total trois bijoux. La police a ouvert une enqu\u00eate.<\/p>\n","protected":false},"excerpt":{"rendered":"<p>Le mercredi 2 septembre 2026, les services de la zone de police Weser-G\u00f6hl ont \u00e9t\u00e9 appel\u00e9s \u00e0 intervenir \u00e0 Eupen et \u00e0 Calamine. \u2013 Arnaque<\/p>\n","protected":false},"author":1,"featured_media":1939,"comment_status":"","ping_status":"","sticky":false,"template":"","format":"standard","meta":{"footnotes":""},"categories":[298],"tags":[2913,10882,166,2738,11349],"class_list":["post-15202","post","type-post","status-publish","format-standard","has-post-thumbnail","hentry","category-belgique","tag-bus","tag-calamine","tag-dans","tag-harcelement","tag-insultes","generate-columns","tablet-grid-50","mobile-grid-100","grid-parent","grid-33"],"yoast_head":"<!-- This site is optimized with the Yoast SEO plugin v24.0 - https:\/\/yoast.com\/wordpress\/plugins\/seo\/ -->\n<title>Harc\u00e8lement et insultes dans un bus \u00e0 La Calamine | Vie Associative<\/title>\n<meta name=\"robots\" content=\"index, follow, max-snippet:-1, max-image-preview:large, max-video-preview:-1\" \/>\n<link rel=\"canonical\" href=\"https:\/\/vieassociative.be\/actualites\/harcelement-et-insultes-dans-un-bus-a-la-calamine\/\" \/>\n<meta property=\"og:locale\" content=\"fr_FR\" \/>\n<meta property=\"og:type\" content=\"article\" \/>\n<meta property=\"og:title\" content=\"Harc\u00e8lement et insultes dans un bus \u00e0 La Calamine | Vie Associative\" \/>\n<meta property=\"og:description\" content=\"Le mercredi 2 septembre 2026, les services de la zone de police Weser-G\u00f6hl ont \u00e9t\u00e9 appel\u00e9s \u00e0 intervenir \u00e0 Eupen et \u00e0 Calamine. \u2013 Arnaque\" \/>\n<meta property=\"og:url\" content=\"https:\/\/vieassociative.be\/actualites\/harcelement-et-insultes-dans-un-bus-a-la-calamine\/\" \/>\n<meta property=\"og:site_name\" content=\"Vie Associative\" \/>\n<meta property=\"article:published_time\" content=\"2026-09-03T15:17:25+00:00\" \/>\n<meta property=\"og:image\" content=\"https:\/\/vieassociative.be\/actualites\/wp-content\/uploads\/2024\/09\/header_backgroundk-01-e1726694325946.png\" \/>\n\t<meta property=\"og:image:width\" content=\"279\" \/>\n\t<meta property=\"og:image:height\" content=\"92\" \/>\n\t<meta property=\"og:image:type\" content=\"image\/png\" \/>\n<meta name=\"author\" content=\"Julien\" \/>\n<meta name=\"twitter:card\" content=\"summary_large_image\" \/>\n<meta name=\"twitter:label1\" content=\"\u00c9crit par\" \/>\n\t<meta name=\"twitter:data1\" content=\"Julien\" \/>\n\t<meta name=\"twitter:label2\" content=\"Dur\u00e9e de lecture est.\" \/>\n\t<meta name=\"twitter:data2\" content=\"2 minutes\" \/>\n<script type=\"application\/ld+json\" class=\"yoast-schema-graph\">{\"@context\":\"https:\/\/schema.org\",\"@graph\":[{\"@type\":\"Article\",\"@id\":\"https:\/\/vieassociative.be\/actualites\/harcelement-et-insultes-dans-un-bus-a-la-calamine\/#article\",\"isPartOf\":{\"@id\":\"https:\/\/vieassociative.be\/actualites\/harcelement-et-insultes-dans-un-bus-a-la-calamine\/\"},\"author\":{\"name\":\"Julien\",\"@id\":\"https:\/\/vieassociative.be\/actualites\/#\/schema\/person\/b87ac4f82f9d4e7b7cec7395b679edc4\"},\"headline\":\"Harc\u00e8lement et insultes dans un bus \u00e0 La Calamine\",\"datePublished\":\"2026-09-03T15:17:25+00:00\",\"dateModified\":\"2026-09-03T15:17:25+00:00\",\"mainEntityOfPage\":{\"@id\":\"https:\/\/vieassociative.be\/actualites\/harcelement-et-insultes-dans-un-bus-a-la-calamine\/\"},\"wordCount\":341,\"publisher\":{\"@id\":\"https:\/\/vieassociative.be\/actualites\/#organization\"},\"image\":{\"@id\":\"https:\/\/vieassociative.be\/actualites\/harcelement-et-insultes-dans-un-bus-a-la-calamine\/#primaryimage\"},\"thumbnailUrl\":\"https:\/\/vieassociative.be\/actualites\/wp-content\/uploads\/2024\/11\/Raeren-Le-conducteur-tombe-dans-un-micro-sommeil-a-midi.jpeg\",\"keywords\":[\"bus\",\"Calamine\",\"dans\",\"harc\u00e8lement\",\"insultes\"],\"articleSection\":[\"Belgique\"],\"inLanguage\":\"fr-BE\"},{\"@type\":\"WebPage\",\"@id\":\"https:\/\/vieassociative.be\/actualites\/harcelement-et-insultes-dans-un-bus-a-la-calamine\/\",\"url\":\"https:\/\/vieassociative.be\/actualites\/harcelement-et-insultes-dans-un-bus-a-la-calamine\/\",\"name\":\"Harc\u00e8lement et insultes dans un bus \u00e0 La Calamine | Vie Associative\",\"isPartOf\":{\"@id\":\"https:\/\/vieassociative.be\/actualites\/#website\"},\"primaryImageOfPage\":{\"@id\":\"https:\/\/vieassociative.be\/actualites\/harcelement-et-insultes-dans-un-bus-a-la-calamine\/#primaryimage\"},\"image\":{\"@id\":\"https:\/\/vieassociative.be\/actualites\/harcelement-et-insultes-dans-un-bus-a-la-calamine\/#primaryimage\"},\"thumbnailUrl\":\"https:\/\/vieassociative.be\/actualites\/wp-content\/uploads\/2024\/11\/Raeren-Le-conducteur-tombe-dans-un-micro-sommeil-a-midi.jpeg\",\"datePublished\":\"2026-09-03T15:17:25+00:00\",\"dateModified\":\"2026-09-03T15:17:25+00:00\",\"breadcrumb\":{\"@id\":\"https:\/\/vieassociative.be\/actualites\/harcelement-et-insultes-dans-un-bus-a-la-calamine\/#breadcrumb\"},\"inLanguage\":\"fr-BE\",\"potentialAction\":[{\"@type\":\"ReadAction\",\"target\":[\"https:\/\/vieassociative.be\/actualites\/harcelement-et-insultes-dans-un-bus-a-la-calamine\/\"]}]},{\"@type\":\"ImageObject\",\"inLanguage\":\"fr-BE\",\"@id\":\"https:\/\/vieassociative.be\/actualites\/harcelement-et-insultes-dans-un-bus-a-la-calamine\/#primaryimage\",\"url\":\"https:\/\/vieassociative.be\/actualites\/wp-content\/uploads\/2024\/11\/Raeren-Le-conducteur-tombe-dans-un-micro-sommeil-a-midi.jpeg\",\"contentUrl\":\"https:\/\/vieassociative.be\/actualites\/wp-content\/uploads\/2024\/11\/Raeren-Le-conducteur-tombe-dans-un-micro-sommeil-a-midi.jpeg\",\"width\":1200,\"height\":800,\"caption\":\"Raeren : Le conducteur tombe dans un micro-sommeil \u00e0 midi\"},{\"@type\":\"BreadcrumbList\",\"@id\":\"https:\/\/vieassociative.be\/actualites\/harcelement-et-insultes-dans-un-bus-a-la-calamine\/#breadcrumb\",\"itemListElement\":[{\"@type\":\"ListItem\",\"position\":1,\"name\":\"Accueil\",\"item\":\"https:\/\/vieassociative.be\/actualites\/\"},{\"@type\":\"ListItem\",\"position\":2,\"name\":\"Harc\u00e8lement et insultes dans un bus \u00e0 La Calamine\"}]},{\"@type\":\"WebSite\",\"@id\":\"https:\/\/vieassociative.be\/actualites\/#website\",\"url\":\"https:\/\/vieassociative.be\/actualites\/\",\"name\":\"Vie Associative\",\"description\":\"\",\"publisher\":{\"@id\":\"https:\/\/vieassociative.be\/actualites\/#organization\"},\"potentialAction\":[{\"@type\":\"SearchAction\",\"target\":{\"@type\":\"EntryPoint\",\"urlTemplate\":\"https:\/\/vieassociative.be\/actualites\/?s={search_term_string}\"},\"query-input\":{\"@type\":\"PropertyValueSpecification\",\"valueRequired\":true,\"valueName\":\"search_term_string\"}}],\"inLanguage\":\"fr-BE\"},{\"@type\":\"Organization\",\"@id\":\"https:\/\/vieassociative.be\/actualites\/#organization\",\"name\":\"Vie Associative\",\"url\":\"https:\/\/vieassociative.be\/actualites\/\",\"logo\":{\"@type\":\"ImageObject\",\"inLanguage\":\"fr-BE\",\"@id\":\"https:\/\/vieassociative.be\/actualites\/#\/schema\/logo\/image\/\",\"url\":\"https:\/\/vieassociative.be\/actualites\/wp-content\/uploads\/2024\/09\/cropped-vieassociative_favicon.ico.png\",\"contentUrl\":\"https:\/\/vieassociative.be\/actualites\/wp-content\/uploads\/2024\/09\/cropped-vieassociative_favicon.ico.png\",\"width\":512,\"height\":512,\"caption\":\"Vie Associative\"},\"image\":{\"@id\":\"https:\/\/vieassociative.be\/actualites\/#\/schema\/logo\/image\/\"}},{\"@type\":\"Person\",\"@id\":\"https:\/\/vieassociative.be\/actualites\/#\/schema\/person\/b87ac4f82f9d4e7b7cec7395b679edc4\",\"name\":\"Julien\",\"image\":{\"@type\":\"ImageObject\",\"inLanguage\":\"fr-BE\",\"@id\":\"https:\/\/vieassociative.be\/actualites\/#\/schema\/person\/image\/\",\"url\":\"https:\/\/vieassociative.be\/actualites\/wp-content\/uploads\/2024\/09\/vie-associative-1-150x150.jpg\",\"contentUrl\":\"https:\/\/vieassociative.be\/actualites\/wp-content\/uploads\/2024\/09\/vie-associative-1-150x150.jpg\",\"caption\":\"Julien\"},\"description\":\"Je suis Julien, r\u00e9dacteur pour Vie Associative. Passionn\u00e9 par le monde associatif depuis plus de 10 ans, j'ai \u00e0 c\u0153ur de partager des histoires inspirantes et de mettre en lumi\u00e8re les initiatives locales. Mon objectif est de sensibiliser et d'encourager l'engagement communautaire \u00e0 travers mes articles.\",\"sameAs\":[\"https:\/\/vieassociative.be\/\"]}]}<\/script>\n<!-- \/ Yoast SEO plugin. -->","yoast_head_json":{"title":"Harc\u00e8lement et insultes dans un bus \u00e0 La Calamine | Vie Associative","robots":{"index":"index","follow":"follow","max-snippet":"max-snippet:-1","max-image-preview":"max-image-preview:large","max-video-preview":"max-video-preview:-1"},"canonical":"https:\/\/vieassociative.be\/actualites\/harcelement-et-insultes-dans-un-bus-a-la-calamine\/","og_locale":"fr_FR","og_type":"article","og_title":"Harc\u00e8lement et insultes dans un bus \u00e0 La Calamine | Vie Associative","og_description":"Le mercredi 2 septembre 2026, les services de la zone de police Weser-G\u00f6hl ont \u00e9t\u00e9 appel\u00e9s \u00e0 intervenir \u00e0 Eupen et \u00e0 Calamine. \u2013 Arnaque","og_url":"https:\/\/vieassociative.be\/actualites\/harcelement-et-insultes-dans-un-bus-a-la-calamine\/","og_site_name":"Vie Associative","article_published_time":"2026-09-03T15:17:25+00:00","og_image":[{"width":279,"height":92,"url":"https:\/\/vieassociative.be\/actualites\/wp-content\/uploads\/2024\/09\/header_backgroundk-01-e1726694325946.png","type":"image\/png"}],"author":"Julien","twitter_card":"summary_large_image","twitter_misc":{"\u00c9crit par":"Julien","Dur\u00e9e de lecture est.":"2 minutes"},"schema":{"@context":"https:\/\/schema.org","@graph":[{"@type":"Article","@id":"https:\/\/vieassociative.be\/actualites\/harcelement-et-insultes-dans-un-bus-a-la-calamine\/#article","isPartOf":{"@id":"https:\/\/vieassociative.be\/actualites\/harcelement-et-insultes-dans-un-bus-a-la-calamine\/"},"author":{"name":"Julien","@id":"https:\/\/vieassociative.be\/actualites\/#\/schema\/person\/b87ac4f82f9d4e7b7cec7395b679edc4"},"headline":"Harc\u00e8lement et insultes dans un bus \u00e0 La Calamine","datePublished":"2026-09-03T15:17:25+00:00","dateModified":"2026-09-03T15:17:25+00:00","mainEntityOfPage":{"@id":"https:\/\/vieassociative.be\/actualites\/harcelement-et-insultes-dans-un-bus-a-la-calamine\/"},"wordCount":341,"publisher":{"@id":"https:\/\/vieassociative.be\/actualites\/#organization"},"image":{"@id":"https:\/\/vieassociative.be\/actualites\/harcelement-et-insultes-dans-un-bus-a-la-calamine\/#primaryimage"},"thumbnailUrl":"https:\/\/vieassociative.be\/actualites\/wp-content\/uploads\/2024\/11\/Raeren-Le-conducteur-tombe-dans-un-micro-sommeil-a-midi.jpeg","keywords":["bus","Calamine","dans","harc\u00e8lement","insultes"],"articleSection":["Belgique"],"inLanguage":"fr-BE"},{"@type":"WebPage","@id":"https:\/\/vieassociative.be\/actualites\/harcelement-et-insultes-dans-un-bus-a-la-calamine\/","url":"https:\/\/vieassociative.be\/actualites\/harcelement-et-insultes-dans-un-bus-a-la-calamine\/","name":"Harc\u00e8lement et insultes dans un bus \u00e0 La Calamine | Vie Associative","isPartOf":{"@id":"https:\/\/vieassociative.be\/actualites\/#website"},"primaryImageOfPage":{"@id":"https:\/\/vieassociative.be\/actualites\/harcelement-et-insultes-dans-un-bus-a-la-calamine\/#primaryimage"},"image":{"@id":"https:\/\/vieassociative.be\/actualites\/harcelement-et-insultes-dans-un-bus-a-la-calamine\/#primaryimage"},"thumbnailUrl":"https:\/\/vieassociative.be\/actualites\/wp-content\/uploads\/2024\/11\/Raeren-Le-conducteur-tombe-dans-un-micro-sommeil-a-midi.jpeg","datePublished":"2026-09-03T15:17:25+00:00","dateModified":"2026-09-03T15:17:25+00:00","breadcrumb":{"@id":"https:\/\/vieassociative.be\/actualites\/harcelement-et-insultes-dans-un-bus-a-la-calamine\/#breadcrumb"},"inLanguage":"fr-BE","potentialAction":[{"@type":"ReadAction","target":["https:\/\/vieassociative.be\/actualites\/harcelement-et-insultes-dans-un-bus-a-la-calamine\/"]}]},{"@type":"ImageObject","inLanguage":"fr-BE","@id":"https:\/\/vieassociative.be\/actualites\/harcelement-et-insultes-dans-un-bus-a-la-calamine\/#primaryimage","url":"https:\/\/vieassociative.be\/actualites\/wp-content\/uploads\/2024\/11\/Raeren-Le-conducteur-tombe-dans-un-micro-sommeil-a-midi.jpeg","contentUrl":"https:\/\/vieassociative.be\/actualites\/wp-content\/uploads\/2024\/11\/Raeren-Le-conducteur-tombe-dans-un-micro-sommeil-a-midi.jpeg","width":1200,"height":800,"caption":"Raeren : Le conducteur tombe dans un micro-sommeil \u00e0 midi"},{"@type":"BreadcrumbList","@id":"https:\/\/vieassociative.be\/actualites\/harcelement-et-insultes-dans-un-bus-a-la-calamine\/#breadcrumb","itemListElement":[{"@type":"ListItem","position":1,"name":"Accueil","item":"https:\/\/vieassociative.be\/actualites\/"},{"@type":"ListItem","position":2,"name":"Harc\u00e8lement et insultes dans un bus \u00e0 La Calamine"}]},{"@type":"WebSite","@id":"https:\/\/vieassociative.be\/actualites\/#website","url":"https:\/\/vieassociative.be\/actualites\/","name":"Vie Associative","description":"","publisher":{"@id":"https:\/\/vieassociative.be\/actualites\/#organization"},"potentialAction":[{"@type":"SearchAction","target":{"@type":"EntryPoint","urlTemplate":"https:\/\/vieassociative.be\/actualites\/?s={search_term_string}"},"query-input":{"@type":"PropertyValueSpecification","valueRequired":true,"valueName":"search_term_string"}}],"inLanguage":"fr-BE"},{"@type":"Organization","@id":"https:\/\/vieassociative.be\/actualites\/#organization","name":"Vie Associative","url":"https:\/\/vieassociative.be\/actualites\/","logo":{"@type":"ImageObject","inLanguage":"fr-BE","@id":"https:\/\/vieassociative.be\/actualites\/#\/schema\/logo\/image\/","url":"https:\/\/vieassociative.be\/actualites\/wp-content\/uploads\/2024\/09\/cropped-vieassociative_favicon.ico.png","contentUrl":"https:\/\/vieassociative.be\/actualites\/wp-content\/uploads\/2024\/09\/cropped-vieassociative_favicon.ico.png","width":512,"height":512,"caption":"Vie Associative"},"image":{"@id":"https:\/\/vieassociative.be\/actualites\/#\/schema\/logo\/image\/"}},{"@type":"Person","@id":"https:\/\/vieassociative.be\/actualites\/#\/schema\/person\/b87ac4f82f9d4e7b7cec7395b679edc4","name":"Julien","image":{"@type":"ImageObject","inLanguage":"fr-BE","@id":"https:\/\/vieassociative.be\/actualites\/#\/schema\/person\/image\/","url":"https:\/\/vieassociative.be\/actualites\/wp-content\/uploads\/2024\/09\/vie-associative-1-150x150.jpg","contentUrl":"https:\/\/vieassociative.be\/actualites\/wp-content\/uploads\/2024\/09\/vie-associative-1-150x150.jpg","caption":"Julien"},"description":"Je suis Julien, r\u00e9dacteur pour Vie Associative. Passionn\u00e9 par le monde associatif depuis plus de 10 ans, j'ai \u00e0 c\u0153ur de partager des histoires inspirantes et de mettre en lumi\u00e8re les initiatives locales. Mon objectif est de sensibiliser et d'encourager l'engagement communautaire \u00e0 travers mes articles.","sameAs":["https:\/\/vieassociative.be\/"]}]}},"_links":{"self":[{"href":"https:\/\/vieassociative.be\/actualites\/wp-json\/wp\/v2\/posts\/15202"}],"collection":[{"href":"https:\/\/vieassociative.be\/actualites\/wp-json\/wp\/v2\/posts"}],"about":[{"href":"https:\/\/vieassociative.be\/actualites\/wp-json\/wp\/v2\/types\/post"}],"author":[{"embeddable":true,"href":"https:\/\/vieassociative.be\/actualites\/wp-json\/wp\/v2\/users\/1"}],"replies":[{"embeddable":true,"href":"https:\/\/vieassociative.be\/actualites\/wp-json\/wp\/v2\/comments?post=15202"}],"version-history":[{"count":0,"href":"https:\/\/vieassociative.be\/actualites\/wp-json\/wp\/v2\/posts\/15202\/revisions"}],"wp:featuredmedia":[{"embeddable":true,"href":"https:\/\/vieassociative.be\/actualites\/wp-json\/wp\/v2\/media\/1939"}],"wp:attachment":[{"href":"https:\/\/vieassociative.be\/actualites\/wp-json\/wp\/v2\/media?parent=15202"}],"wp:term":[{"taxonomy":"category","embeddable":true,"href":"https:\/\/vieassociative.be\/actualites\/wp-json\/wp\/v2\/categories?post=15202"},{"taxonomy":"post_tag","embeddable":true,"href":"https:\/\/vieassociative.be\/actualites\/wp-json\/wp\/v2\/tags?post=15202"}],"curies":[{"name":"wp","href":"https:\/\/api.w.org\/{rel}","templated":true}]}}