{"id":15198,"date":"2026-09-03T11:17:49","date_gmt":"2026-09-03T09:17:49","guid":{"rendered":"https:\/\/vieassociative.be\/actualites\/la-tva-va-t-elle-passer-de-21-a-22-pour-cent\/"},"modified":"2026-09-03T11:17:49","modified_gmt":"2026-09-03T09:17:49","slug":"la-tva-va-t-elle-passer-de-21-a-22-pour-cent","status":"publish","type":"post","link":"https:\/\/vieassociative.be\/actualites\/la-tva-va-t-elle-passer-de-21-a-22-pour-cent\/","title":{"rendered":"La TVA va-t-elle passer de 21 \u00e0 22 pour cent ?"},"content":{"rendered":"<p><strong>Le gouvernement f\u00e9d\u00e9ral belge est confront\u00e9 \u00e0 une nouvelle s\u00e9rie d&rsquo;\u00e9conomies de plusieurs milliards : un effort budg\u00e9taire suppl\u00e9mentaire d&rsquo;environ 10 milliards d&rsquo;euros devrait \u00eatre r\u00e9alis\u00e9 d&rsquo;ici 2029. En toile de fond, des d\u00e9ficits toujours \u00e9lev\u00e9s et la pression que ressent la Belgique en raison des r\u00e8gles budg\u00e9taires europ\u00e9ennes et de la hausse des co\u00fbts d&rsquo;int\u00e9r\u00eat sur les finances publiques.<\/strong><\/p>\n<p><span id=\"more-441812\"><\/span>Le taux de TVA actuel de 21 pour cent est en vigueur en Belgique depuis 1996. \u00c0 cette \u00e9poque, il a \u00e9t\u00e9 augment\u00e9 de 20,5 \u00e0 21 pour cent et est rest\u00e9 inchang\u00e9 depuis. Une augmentation \u00e0 22 pour cent serait la premi\u00e8re augmentation du taux normal de TVA depuis trois d\u00e9cennies.<\/p>\n<p>A titre de comparaison : lorsque la TVA a \u00e9t\u00e9 introduite en Belgique en 1971, le taux standard \u00e9tait encore de 18 pour cent. Au cours des d\u00e9cennies suivantes, ce chiffre a \u00e9t\u00e9 modifi\u00e9 \u00e0 plusieurs reprises avant d&rsquo;atteindre 21 pour cent en 1996.<\/p>\n<p>Fin juillet, le gouvernement du Premier ministre Bart De Wever (N-VA) a accept\u00e9 le principe de lever ces 10 milliards d&rsquo;euros suppl\u00e9mentaires ; Les n\u00e9gociations proprement dites sur les mesures concr\u00e8tes vont maintenant s&rsquo;intensifier en septembre et octobre.<\/p>\n<div id=\"attachment_441815\" class=\"wp-caption alignleft\" style=\"max-width: 300px\"><img fetchpriority=\"high\" decoding=\"async\" class=\"wp-image-441815 size-medium\" src=\"https:\/\/vieassociative.be\/actualites\/wp-content\/uploads\/2026\/09\/La-TVA-va-t-elle-passer-de-21-a-22-pour-cent.jpg\" alt=\"\" width=\"300\" height=\"199\"  ><\/div>\n<p>L&rsquo;une des mesures qui reviennent sur la table est une augmentation du taux normal de TVA de 21 \u00e0 22 pour cent actuellement. Selon de pr\u00e9c\u00e9dents calculs, cela pourrait rapporter environ 1,5 milliard d&rsquo;euros de revenus suppl\u00e9mentaires.<\/p>\n<p>L&rsquo;id\u00e9e vient avant tout du milieu de la N-VA : la pr\u00e9sidente de la N-VA, Val\u00e9rie Van Peel, avait propos\u00e9 d&rsquo;augmenter le taux normal \u00e0 22 pour cent et en \u00e9change, par exemple, de r\u00e9duire la TVA sur les nouvelles constructions. Une uniformisation des taux r\u00e9duits de 6 et 12 pour cent \u00e0 9 pour cent faisait \u00e9galement parfois partie des consid\u00e9rations.<\/p>\n<p>L&rsquo;opposant politique le plus d\u00e9termin\u00e9 est cependant le MR, le parti lib\u00e9ral de Georges-Louis Bouchez. Bouchez a r\u00e9cemment r\u00e9affirm\u00e9 que son parti ne voulait pas accepter une augmentation de la TVA ou une taxe suppl\u00e9mentaire sur les gros patrimoines.<\/p>\n<p>L&rsquo;argument de Bouchez est que la Belgique a d\u00e9j\u00e0 une pression fiscale tr\u00e8s \u00e9lev\u00e9e ; Selon lui, le v\u00e9ritable probl\u00e8me r\u00e9side dans le fait que les d\u00e9penses publiques sont trop \u00e9lev\u00e9es et que les recettes ne sont pas trop faibles. Une augmentation de la TVA annulerait \u00e9galement une partie de l\u2019aide aux travailleurs promise par le gouvernement.<\/p>\n<p>Le Vooruit est \u00e9galement tr\u00e8s sceptique quant \u00e0 une augmentation g\u00e9n\u00e9rale de la TVA. Les sociaux-d\u00e9mocrates flamands rejettent fondamentalement des charges de TVA suppl\u00e9mentaires car elles affectent en premier lieu les consommateurs.<\/p>\n<\/p>\n<div id=\"attachment_322935\" class=\"wp-caption alignleft\" style=\"max-width: 300px\"><img decoding=\"async\" class=\"wp-image-322935 size-medium\" src=\"https:\/\/vieassociative.be\/actualites\/wp-content\/uploads\/2024\/12\/AS-Eupen-pour-la-troisieme-fois-contre-le-bas-de.jpeg\" alt=\"\" width=\"300\" height=\"200\"  ><\/div>\n<p>Cependant, dans des cas extr\u00eames, le Vooruit pourrait accepter une augmentation du soi-disant \u00ab taux de luxe \u00bb de 21 \u00e0 22 pour cent comme un mal n\u00e9cessaire. Dans le m\u00eame temps, le parti exige que les lacunes d\u00e9j\u00e0 apparues dans le budget actuel soient combl\u00e9es et insiste pour imposer des charges plus lourdes \u00e0 ceux qui en ont les moyens financiers.<\/p>\n<p>Les Engag\u00e9s se positionnent un peu plus ouvertement. Le chef du parti, Yvan Verougstraete, a d\u00e9clar\u00e9 que son parti pourrait envisager d&rsquo;augmenter la TVA, mais seulement si cela r\u00e9duisait \u00e9galement la pression fiscale sur le travail.<\/p>\n<p>Les anciens d\u00e9mocrates-chr\u00e9tiens francophones de la coalition gouvernementale adoptent donc une ligne beaucoup plus favorable au compromis : une taxe \u00e0 la consommation plus \u00e9lev\u00e9e serait pour eux envisageable si elle s&rsquo;inscrivait dans le cadre d&rsquo;un d\u00e9placement plus large de la pression fiscale du travail vers la consommation.<\/p>\n<p>Du c\u00f4t\u00e9 des associations professionnelles, la situation est plus contrast\u00e9e. L&rsquo;UNIZO, l&rsquo;association des ind\u00e9pendants et des petites et moyennes entreprises (PME) flamandes, s&rsquo;est prononc\u00e9e contre la r\u00e9forme compliqu\u00e9e de la TVA, d\u00e9j\u00e0 pr\u00e9vue pour d\u00e9but 2026. L&rsquo;UNIZO s&rsquo;est express\u00e9ment f\u00e9licit\u00e9e du fait que cette r\u00e9forme ait \u00e9t\u00e9 temporairement abandonn\u00e9e \u00e0 la suite du rapport critique du Conseil d&rsquo;Etat. Dans le m\u00eame temps, l\u2019association pr\u00e9vient que le gouvernement reviendra tr\u00e8s probablement bient\u00f4t avec un nouveau variant en raison du trou d\u2019un milliard de dollars.<\/p>\n<p>Testachats se prononce particuli\u00e8rement contre une TVA plus \u00e9lev\u00e9e. Dans de pr\u00e9c\u00e9dents projets de r\u00e9forme, l&rsquo;association de consommateurs avait averti qu&rsquo;un taux de TVA plus \u00e9lev\u00e9 rendrait les paniers d&rsquo;achat plus chers et affecterait particuli\u00e8rement les m\u00e9nages aux revenus les plus faibles.<\/p>\n<\/p>\n<div id=\"attachment_420581\" class=\"wp-caption alignleft\" style=\"max-width: 300px\"><img decoding=\"async\" class=\"wp-image-420581 size-medium\" src=\"https:\/\/vieassociative.be\/actualites\/wp-content\/uploads\/2026\/09\/1788427069_109_La-TVA-va-t-elle-passer-de-21-a-22-pour-cent.jpg\" alt=\"\" width=\"300\" height=\"200\"><\/div>\n<p>Testachats argumente essentiellement sur le pouvoir d&rsquo;achat : les consommateurs viennent tout juste de se remettre de la p\u00e9riode d&rsquo;inflation et ne peuvent plus \u00eatre accabl\u00e9s par des prix plus \u00e9lev\u00e9s. L&rsquo;organisation s&rsquo;est donc express\u00e9ment f\u00e9licit\u00e9e du fait qu&rsquo;il n&rsquo;y ait pas d&rsquo;augmentation g\u00e9n\u00e9rale de la TVA.<\/p>\n<p>Bref, pour ses partisans &#8211; notamment les forces de la N-VA et en partie les Engag\u00e9s -, cette mesure pr\u00e9sente l&rsquo;avantage d&rsquo;\u00eatre transparente et relativement facile \u00e0 mettre en \u0153uvre par rapport \u00e0 des r\u00e9glementations sp\u00e9ciales compliqu\u00e9es. Les critiques du MR, du Vooruit, des organisations de consommateurs et des secteurs \u00e9conomiques concern\u00e9s craignent cependant une perte imm\u00e9diate du pouvoir d&rsquo;achat et une charge suppl\u00e9mentaire sur la consommation.<\/p>\n<p>Il existe \u00e9galement une objection fondamentale \u00e0 la TVA : elle est consid\u00e9r\u00e9e comme un imp\u00f4t r\u00e9gressif car les m\u00e9nages \u00e0 revenus faibles et moyens doivent consacrer une part plus importante de leur revenu disponible \u00e0 la consommation que les m\u00e9nages plus riches. Une augmentation de la TVA a donc tendance \u00e0 avoir un impact plus important sur le pouvoir d\u2019achat des groupes \u00e0 revenus faibles et moyens, tandis que les personnes aux revenus \u00e9lev\u00e9s peuvent \u00e9pargner ou investir une plus grande proportion de leur argent. Les critiques d\u2019une augmentation de la TVA y voient un d\u00e9s\u00e9quilibre social : l\u2019\u00c9tat g\u00e9n\u00e9rerait des revenus suppl\u00e9mentaires en rendant la consommation plus ch\u00e8re pour tous les m\u00e9nages, m\u00eame si la charge est plus \u00e9lev\u00e9e par rapport au revenu pour les personnes les moins riches. (cr\u00e9er)<\/p>\n","protected":false},"excerpt":{"rendered":"<p>Le gouvernement f\u00e9d\u00e9ral belge est confront\u00e9 \u00e0 une nouvelle s\u00e9rie d&rsquo;\u00e9conomies de plusieurs milliards : un effort budg\u00e9taire suppl\u00e9mentaire d&rsquo;environ 10 milliards d&rsquo;euros devrait \u00eatre<\/p>\n","protected":false},"author":1,"featured_media":15199,"comment_status":"","ping_status":"","sticky":false,"template":"","format":"standard","meta":{"footnotes":""},"categories":[298],"tags":[8921,789,81,9343,9662],"class_list":["post-15198","post","type-post","status-publish","format-standard","has-post-thumbnail","hentry","category-belgique","tag-cent","tag-passer","tag-pour","tag-tva","tag-vatelle","generate-columns","tablet-grid-50","mobile-grid-100","grid-parent","grid-33"],"yoast_head":"<!-- This site is optimized with the Yoast SEO plugin v24.0 - https:\/\/yoast.com\/wordpress\/plugins\/seo\/ -->\n<title>La TVA va-t-elle passer de 21 \u00e0 22 pour cent ? | Vie Associative<\/title>\n<meta name=\"robots\" content=\"index, follow, max-snippet:-1, max-image-preview:large, max-video-preview:-1\" \/>\n<link rel=\"canonical\" href=\"https:\/\/vieassociative.be\/actualites\/la-tva-va-t-elle-passer-de-21-a-22-pour-cent\/\" \/>\n<meta property=\"og:locale\" content=\"fr_FR\" \/>\n<meta property=\"og:type\" content=\"article\" \/>\n<meta property=\"og:title\" content=\"La TVA va-t-elle passer de 21 \u00e0 22 pour cent ? | Vie Associative\" \/>\n<meta property=\"og:description\" content=\"Le gouvernement f\u00e9d\u00e9ral belge est confront\u00e9 \u00e0 une nouvelle s\u00e9rie d&rsquo;\u00e9conomies de plusieurs milliards : un effort budg\u00e9taire suppl\u00e9mentaire d&rsquo;environ 10 milliards d&rsquo;euros devrait \u00eatre\" \/>\n<meta property=\"og:url\" content=\"https:\/\/vieassociative.be\/actualites\/la-tva-va-t-elle-passer-de-21-a-22-pour-cent\/\" \/>\n<meta property=\"og:site_name\" content=\"Vie Associative\" \/>\n<meta property=\"article:published_time\" content=\"2026-09-03T09:17:49+00:00\" \/>\n<meta property=\"og:image\" content=\"https:\/\/vieassociative.be\/actualites\/wp-content\/uploads\/2024\/09\/header_backgroundk-01-e1726694325946.png\" \/>\n\t<meta property=\"og:image:width\" content=\"279\" \/>\n\t<meta property=\"og:image:height\" content=\"92\" \/>\n\t<meta property=\"og:image:type\" content=\"image\/png\" \/>\n<meta name=\"author\" content=\"Julien\" \/>\n<meta name=\"twitter:card\" content=\"summary_large_image\" \/>\n<meta name=\"twitter:label1\" content=\"\u00c9crit par\" \/>\n\t<meta name=\"twitter:data1\" content=\"Julien\" \/>\n\t<meta name=\"twitter:label2\" content=\"Dur\u00e9e de lecture est.\" \/>\n\t<meta name=\"twitter:data2\" content=\"5 minutes\" \/>\n<script type=\"application\/ld+json\" class=\"yoast-schema-graph\">{\"@context\":\"https:\/\/schema.org\",\"@graph\":[{\"@type\":\"Article\",\"@id\":\"https:\/\/vieassociative.be\/actualites\/la-tva-va-t-elle-passer-de-21-a-22-pour-cent\/#article\",\"isPartOf\":{\"@id\":\"https:\/\/vieassociative.be\/actualites\/la-tva-va-t-elle-passer-de-21-a-22-pour-cent\/\"},\"author\":{\"name\":\"Julien\",\"@id\":\"https:\/\/vieassociative.be\/actualites\/#\/schema\/person\/b87ac4f82f9d4e7b7cec7395b679edc4\"},\"headline\":\"La TVA va-t-elle passer de 21 \u00e0 22 pour cent ?\",\"datePublished\":\"2026-09-03T09:17:49+00:00\",\"dateModified\":\"2026-09-03T09:17:49+00:00\",\"mainEntityOfPage\":{\"@id\":\"https:\/\/vieassociative.be\/actualites\/la-tva-va-t-elle-passer-de-21-a-22-pour-cent\/\"},\"wordCount\":1051,\"publisher\":{\"@id\":\"https:\/\/vieassociative.be\/actualites\/#organization\"},\"image\":{\"@id\":\"https:\/\/vieassociative.be\/actualites\/la-tva-va-t-elle-passer-de-21-a-22-pour-cent\/#primaryimage\"},\"thumbnailUrl\":\"https:\/\/vieassociative.be\/actualites\/wp-content\/uploads\/2026\/09\/1788427090_La-TVA-va-t-elle-passer-de-21-a-22-pour-cent.jpg\",\"keywords\":[\"cent\",\"passer\",\"pour\",\"TVA\",\"vatelle\"],\"articleSection\":[\"Belgique\"],\"inLanguage\":\"fr-BE\"},{\"@type\":\"WebPage\",\"@id\":\"https:\/\/vieassociative.be\/actualites\/la-tva-va-t-elle-passer-de-21-a-22-pour-cent\/\",\"url\":\"https:\/\/vieassociative.be\/actualites\/la-tva-va-t-elle-passer-de-21-a-22-pour-cent\/\",\"name\":\"La TVA va-t-elle passer de 21 \u00e0 22 pour cent ? | Vie Associative\",\"isPartOf\":{\"@id\":\"https:\/\/vieassociative.be\/actualites\/#website\"},\"primaryImageOfPage\":{\"@id\":\"https:\/\/vieassociative.be\/actualites\/la-tva-va-t-elle-passer-de-21-a-22-pour-cent\/#primaryimage\"},\"image\":{\"@id\":\"https:\/\/vieassociative.be\/actualites\/la-tva-va-t-elle-passer-de-21-a-22-pour-cent\/#primaryimage\"},\"thumbnailUrl\":\"https:\/\/vieassociative.be\/actualites\/wp-content\/uploads\/2026\/09\/1788427090_La-TVA-va-t-elle-passer-de-21-a-22-pour-cent.jpg\",\"datePublished\":\"2026-09-03T09:17:49+00:00\",\"dateModified\":\"2026-09-03T09:17:49+00:00\",\"breadcrumb\":{\"@id\":\"https:\/\/vieassociative.be\/actualites\/la-tva-va-t-elle-passer-de-21-a-22-pour-cent\/#breadcrumb\"},\"inLanguage\":\"fr-BE\",\"potentialAction\":[{\"@type\":\"ReadAction\",\"target\":[\"https:\/\/vieassociative.be\/actualites\/la-tva-va-t-elle-passer-de-21-a-22-pour-cent\/\"]}]},{\"@type\":\"ImageObject\",\"inLanguage\":\"fr-BE\",\"@id\":\"https:\/\/vieassociative.be\/actualites\/la-tva-va-t-elle-passer-de-21-a-22-pour-cent\/#primaryimage\",\"url\":\"https:\/\/vieassociative.be\/actualites\/wp-content\/uploads\/2026\/09\/1788427090_La-TVA-va-t-elle-passer-de-21-a-22-pour-cent.jpg\",\"contentUrl\":\"https:\/\/vieassociative.be\/actualites\/wp-content\/uploads\/2026\/09\/1788427090_La-TVA-va-t-elle-passer-de-21-a-22-pour-cent.jpg\",\"width\":1200,\"height\":800,\"caption\":\"La TVA va-t-elle passer de 21 \u00e0 22 pour cent ?\"},{\"@type\":\"BreadcrumbList\",\"@id\":\"https:\/\/vieassociative.be\/actualites\/la-tva-va-t-elle-passer-de-21-a-22-pour-cent\/#breadcrumb\",\"itemListElement\":[{\"@type\":\"ListItem\",\"position\":1,\"name\":\"Accueil\",\"item\":\"https:\/\/vieassociative.be\/actualites\/\"},{\"@type\":\"ListItem\",\"position\":2,\"name\":\"La TVA va-t-elle passer de 21 \u00e0 22 pour cent ?\"}]},{\"@type\":\"WebSite\",\"@id\":\"https:\/\/vieassociative.be\/actualites\/#website\",\"url\":\"https:\/\/vieassociative.be\/actualites\/\",\"name\":\"Vie Associative\",\"description\":\"\",\"publisher\":{\"@id\":\"https:\/\/vieassociative.be\/actualites\/#organization\"},\"potentialAction\":[{\"@type\":\"SearchAction\",\"target\":{\"@type\":\"EntryPoint\",\"urlTemplate\":\"https:\/\/vieassociative.be\/actualites\/?s={search_term_string}\"},\"query-input\":{\"@type\":\"PropertyValueSpecification\",\"valueRequired\":true,\"valueName\":\"search_term_string\"}}],\"inLanguage\":\"fr-BE\"},{\"@type\":\"Organization\",\"@id\":\"https:\/\/vieassociative.be\/actualites\/#organization\",\"name\":\"Vie Associative\",\"url\":\"https:\/\/vieassociative.be\/actualites\/\",\"logo\":{\"@type\":\"ImageObject\",\"inLanguage\":\"fr-BE\",\"@id\":\"https:\/\/vieassociative.be\/actualites\/#\/schema\/logo\/image\/\",\"url\":\"https:\/\/vieassociative.be\/actualites\/wp-content\/uploads\/2024\/09\/cropped-vieassociative_favicon.ico.png\",\"contentUrl\":\"https:\/\/vieassociative.be\/actualites\/wp-content\/uploads\/2024\/09\/cropped-vieassociative_favicon.ico.png\",\"width\":512,\"height\":512,\"caption\":\"Vie Associative\"},\"image\":{\"@id\":\"https:\/\/vieassociative.be\/actualites\/#\/schema\/logo\/image\/\"}},{\"@type\":\"Person\",\"@id\":\"https:\/\/vieassociative.be\/actualites\/#\/schema\/person\/b87ac4f82f9d4e7b7cec7395b679edc4\",\"name\":\"Julien\",\"image\":{\"@type\":\"ImageObject\",\"inLanguage\":\"fr-BE\",\"@id\":\"https:\/\/vieassociative.be\/actualites\/#\/schema\/person\/image\/\",\"url\":\"https:\/\/vieassociative.be\/actualites\/wp-content\/uploads\/2024\/09\/vie-associative-1-150x150.jpg\",\"contentUrl\":\"https:\/\/vieassociative.be\/actualites\/wp-content\/uploads\/2024\/09\/vie-associative-1-150x150.jpg\",\"caption\":\"Julien\"},\"description\":\"Je suis Julien, r\u00e9dacteur pour Vie Associative. Passionn\u00e9 par le monde associatif depuis plus de 10 ans, j'ai \u00e0 c\u0153ur de partager des histoires inspirantes et de mettre en lumi\u00e8re les initiatives locales. Mon objectif est de sensibiliser et d'encourager l'engagement communautaire \u00e0 travers mes articles.\",\"sameAs\":[\"https:\/\/vieassociative.be\/\"]}]}<\/script>\n<!-- \/ Yoast SEO plugin. -->","yoast_head_json":{"title":"La TVA va-t-elle passer de 21 \u00e0 22 pour cent ? | Vie Associative","robots":{"index":"index","follow":"follow","max-snippet":"max-snippet:-1","max-image-preview":"max-image-preview:large","max-video-preview":"max-video-preview:-1"},"canonical":"https:\/\/vieassociative.be\/actualites\/la-tva-va-t-elle-passer-de-21-a-22-pour-cent\/","og_locale":"fr_FR","og_type":"article","og_title":"La TVA va-t-elle passer de 21 \u00e0 22 pour cent ? | Vie Associative","og_description":"Le gouvernement f\u00e9d\u00e9ral belge est confront\u00e9 \u00e0 une nouvelle s\u00e9rie d&rsquo;\u00e9conomies de plusieurs milliards : un effort budg\u00e9taire suppl\u00e9mentaire d&rsquo;environ 10 milliards d&rsquo;euros devrait \u00eatre","og_url":"https:\/\/vieassociative.be\/actualites\/la-tva-va-t-elle-passer-de-21-a-22-pour-cent\/","og_site_name":"Vie Associative","article_published_time":"2026-09-03T09:17:49+00:00","og_image":[{"width":279,"height":92,"url":"https:\/\/vieassociative.be\/actualites\/wp-content\/uploads\/2024\/09\/header_backgroundk-01-e1726694325946.png","type":"image\/png"}],"author":"Julien","twitter_card":"summary_large_image","twitter_misc":{"\u00c9crit par":"Julien","Dur\u00e9e de lecture est.":"5 minutes"},"schema":{"@context":"https:\/\/schema.org","@graph":[{"@type":"Article","@id":"https:\/\/vieassociative.be\/actualites\/la-tva-va-t-elle-passer-de-21-a-22-pour-cent\/#article","isPartOf":{"@id":"https:\/\/vieassociative.be\/actualites\/la-tva-va-t-elle-passer-de-21-a-22-pour-cent\/"},"author":{"name":"Julien","@id":"https:\/\/vieassociative.be\/actualites\/#\/schema\/person\/b87ac4f82f9d4e7b7cec7395b679edc4"},"headline":"La TVA va-t-elle passer de 21 \u00e0 22 pour cent ?","datePublished":"2026-09-03T09:17:49+00:00","dateModified":"2026-09-03T09:17:49+00:00","mainEntityOfPage":{"@id":"https:\/\/vieassociative.be\/actualites\/la-tva-va-t-elle-passer-de-21-a-22-pour-cent\/"},"wordCount":1051,"publisher":{"@id":"https:\/\/vieassociative.be\/actualites\/#organization"},"image":{"@id":"https:\/\/vieassociative.be\/actualites\/la-tva-va-t-elle-passer-de-21-a-22-pour-cent\/#primaryimage"},"thumbnailUrl":"https:\/\/vieassociative.be\/actualites\/wp-content\/uploads\/2026\/09\/1788427090_La-TVA-va-t-elle-passer-de-21-a-22-pour-cent.jpg","keywords":["cent","passer","pour","TVA","vatelle"],"articleSection":["Belgique"],"inLanguage":"fr-BE"},{"@type":"WebPage","@id":"https:\/\/vieassociative.be\/actualites\/la-tva-va-t-elle-passer-de-21-a-22-pour-cent\/","url":"https:\/\/vieassociative.be\/actualites\/la-tva-va-t-elle-passer-de-21-a-22-pour-cent\/","name":"La TVA va-t-elle passer de 21 \u00e0 22 pour cent ? | Vie Associative","isPartOf":{"@id":"https:\/\/vieassociative.be\/actualites\/#website"},"primaryImageOfPage":{"@id":"https:\/\/vieassociative.be\/actualites\/la-tva-va-t-elle-passer-de-21-a-22-pour-cent\/#primaryimage"},"image":{"@id":"https:\/\/vieassociative.be\/actualites\/la-tva-va-t-elle-passer-de-21-a-22-pour-cent\/#primaryimage"},"thumbnailUrl":"https:\/\/vieassociative.be\/actualites\/wp-content\/uploads\/2026\/09\/1788427090_La-TVA-va-t-elle-passer-de-21-a-22-pour-cent.jpg","datePublished":"2026-09-03T09:17:49+00:00","dateModified":"2026-09-03T09:17:49+00:00","breadcrumb":{"@id":"https:\/\/vieassociative.be\/actualites\/la-tva-va-t-elle-passer-de-21-a-22-pour-cent\/#breadcrumb"},"inLanguage":"fr-BE","potentialAction":[{"@type":"ReadAction","target":["https:\/\/vieassociative.be\/actualites\/la-tva-va-t-elle-passer-de-21-a-22-pour-cent\/"]}]},{"@type":"ImageObject","inLanguage":"fr-BE","@id":"https:\/\/vieassociative.be\/actualites\/la-tva-va-t-elle-passer-de-21-a-22-pour-cent\/#primaryimage","url":"https:\/\/vieassociative.be\/actualites\/wp-content\/uploads\/2026\/09\/1788427090_La-TVA-va-t-elle-passer-de-21-a-22-pour-cent.jpg","contentUrl":"https:\/\/vieassociative.be\/actualites\/wp-content\/uploads\/2026\/09\/1788427090_La-TVA-va-t-elle-passer-de-21-a-22-pour-cent.jpg","width":1200,"height":800,"caption":"La TVA va-t-elle passer de 21 \u00e0 22 pour cent ?"},{"@type":"BreadcrumbList","@id":"https:\/\/vieassociative.be\/actualites\/la-tva-va-t-elle-passer-de-21-a-22-pour-cent\/#breadcrumb","itemListElement":[{"@type":"ListItem","position":1,"name":"Accueil","item":"https:\/\/vieassociative.be\/actualites\/"},{"@type":"ListItem","position":2,"name":"La TVA va-t-elle passer de 21 \u00e0 22 pour cent ?"}]},{"@type":"WebSite","@id":"https:\/\/vieassociative.be\/actualites\/#website","url":"https:\/\/vieassociative.be\/actualites\/","name":"Vie Associative","description":"","publisher":{"@id":"https:\/\/vieassociative.be\/actualites\/#organization"},"potentialAction":[{"@type":"SearchAction","target":{"@type":"EntryPoint","urlTemplate":"https:\/\/vieassociative.be\/actualites\/?s={search_term_string}"},"query-input":{"@type":"PropertyValueSpecification","valueRequired":true,"valueName":"search_term_string"}}],"inLanguage":"fr-BE"},{"@type":"Organization","@id":"https:\/\/vieassociative.be\/actualites\/#organization","name":"Vie Associative","url":"https:\/\/vieassociative.be\/actualites\/","logo":{"@type":"ImageObject","inLanguage":"fr-BE","@id":"https:\/\/vieassociative.be\/actualites\/#\/schema\/logo\/image\/","url":"https:\/\/vieassociative.be\/actualites\/wp-content\/uploads\/2024\/09\/cropped-vieassociative_favicon.ico.png","contentUrl":"https:\/\/vieassociative.be\/actualites\/wp-content\/uploads\/2024\/09\/cropped-vieassociative_favicon.ico.png","width":512,"height":512,"caption":"Vie Associative"},"image":{"@id":"https:\/\/vieassociative.be\/actualites\/#\/schema\/logo\/image\/"}},{"@type":"Person","@id":"https:\/\/vieassociative.be\/actualites\/#\/schema\/person\/b87ac4f82f9d4e7b7cec7395b679edc4","name":"Julien","image":{"@type":"ImageObject","inLanguage":"fr-BE","@id":"https:\/\/vieassociative.be\/actualites\/#\/schema\/person\/image\/","url":"https:\/\/vieassociative.be\/actualites\/wp-content\/uploads\/2024\/09\/vie-associative-1-150x150.jpg","contentUrl":"https:\/\/vieassociative.be\/actualites\/wp-content\/uploads\/2024\/09\/vie-associative-1-150x150.jpg","caption":"Julien"},"description":"Je suis Julien, r\u00e9dacteur pour Vie Associative. Passionn\u00e9 par le monde associatif depuis plus de 10 ans, j'ai \u00e0 c\u0153ur de partager des histoires inspirantes et de mettre en lumi\u00e8re les initiatives locales. Mon objectif est de sensibiliser et d'encourager l'engagement communautaire \u00e0 travers mes articles.","sameAs":["https:\/\/vieassociative.be\/"]}]}},"_links":{"self":[{"href":"https:\/\/vieassociative.be\/actualites\/wp-json\/wp\/v2\/posts\/15198"}],"collection":[{"href":"https:\/\/vieassociative.be\/actualites\/wp-json\/wp\/v2\/posts"}],"about":[{"href":"https:\/\/vieassociative.be\/actualites\/wp-json\/wp\/v2\/types\/post"}],"author":[{"embeddable":true,"href":"https:\/\/vieassociative.be\/actualites\/wp-json\/wp\/v2\/users\/1"}],"replies":[{"embeddable":true,"href":"https:\/\/vieassociative.be\/actualites\/wp-json\/wp\/v2\/comments?post=15198"}],"version-history":[{"count":0,"href":"https:\/\/vieassociative.be\/actualites\/wp-json\/wp\/v2\/posts\/15198\/revisions"}],"wp:featuredmedia":[{"embeddable":true,"href":"https:\/\/vieassociative.be\/actualites\/wp-json\/wp\/v2\/media\/15199"}],"wp:attachment":[{"href":"https:\/\/vieassociative.be\/actualites\/wp-json\/wp\/v2\/media?parent=15198"}],"wp:term":[{"taxonomy":"category","embeddable":true,"href":"https:\/\/vieassociative.be\/actualites\/wp-json\/wp\/v2\/categories?post=15198"},{"taxonomy":"post_tag","embeddable":true,"href":"https:\/\/vieassociative.be\/actualites\/wp-json\/wp\/v2\/tags?post=15198"}],"curies":[{"name":"wp","href":"https:\/\/api.w.org\/{rel}","templated":true}]}}