{"id":15196,"date":"2026-09-03T10:18:47","date_gmt":"2026-09-03T08:18:47","guid":{"rendered":"https:\/\/vieassociative.be\/actualites\/les-meilleures-offres-sur-les-outils-et-appareils-electromenagers-de-la-vente-anticipee-de-la-fete-du-travail-2026-de-home-depot\/"},"modified":"2026-09-03T10:18:47","modified_gmt":"2026-09-03T08:18:47","slug":"les-meilleures-offres-sur-les-outils-et-appareils-electromenagers-de-la-vente-anticipee-de-la-fete-du-travail-2026-de-home-depot","status":"publish","type":"post","link":"https:\/\/vieassociative.be\/actualites\/les-meilleures-offres-sur-les-outils-et-appareils-electromenagers-de-la-vente-anticipee-de-la-fete-du-travail-2026-de-home-depot\/","title":{"rendered":"Les meilleures offres sur les outils et appareils \u00e9lectrom\u00e9nagers de la vente anticip\u00e9e de la f\u00eate du Travail 2026 de Home Depot"},"content":{"rendered":"<p>Nous pouvons gagner une commission sur les liens sur cette page. Les prix et la disponibilit\u00e9 de l&rsquo;offre sont sujets \u00e0 changement apr\u00e8s la publication.<\/p>\n<p>Home Depot est l&rsquo;un des premiers grands d\u00e9taillants \u00e0 lancer ses soldes anticip\u00e9es pour la f\u00eate du Travail, et si vous recherchez des offres sur les gros appareils \u00e9lectrom\u00e9nagers, les outils ou le mat\u00e9riel de jardinage, c&rsquo;est l&rsquo;endroit o\u00f9 chercher. Les r\u00e9ductions sont d\u00e9j\u00e0 en vigueur et la vente se poursuivra jusqu&rsquo;au 9 septembre, m\u00eame si certaines bonnes affaires pourraient dispara\u00eetre plus t\u00f4t. Ci-dessous, j\u2019ai rassembl\u00e9 certaines des meilleures offres d\u2019outils et d\u2019appareils que j\u2019ai trouv\u00e9es jusqu\u2019\u00e0 pr\u00e9sent. (Et j&rsquo;ai utilis\u00e9 des outils de suivi des prix pour m&rsquo;assurer que ces \u00ab ventes \u00bb constituent r\u00e9ellement une bonne affaire.)<\/p>\n<h2 id=\"the-best-deals-on-appliances-in-best-buys-early-labor-day-sale\">Les meilleures offres sur les appareils \u00e9lectrom\u00e9nagers lors des premi\u00e8res ventes de Best Buy pour la f\u00eate du Travail<\/h2>\n<div class=\"pogoClear mb-12 mt-10 rounded-md border-2 border-gray-100 py-7 shadow-xl md:py-6\">\n<div class=\"flex flex-wrap justify-between px-7 text-black no-underline md:flex-nowrap md:px-8\">\n<div class=\"order-1 mx-auto flex flex-col justify-center md:order-2 md:ml-4 md:w-full md:grow\">\n<div class=\"block cursor-pointer text-center font-akshar text-2xl font-medium leading-7 text-brand-green duration-200 ease-in-out hover:text-brand-green-700 md:text-left md:text-xl md:leading-6\">LG 30 po. 6,3 cu. Four intelligent de 1,7 pi3\n                <\/div>\n<div class=\"mt-4 block font-sans text-sm font-medium leading-4 text-gray-900 md:mx-0 md:mt-2\">Cuisini\u00e8re \u00e0 gaz \u00e0 5 br\u00fbleurs en acier inoxydable avec convection ProBake, Instaview, Air Fry<\/p><\/div>\n<div class=\"mt-4 hidden md:flex md:justify-between\">\n<div class=\"self-end\">\n<div class=\"mb-0 h-11 md:flex md:flex-col md:justify-center\">\n<div class=\" font-sans leading-4 text-black\">\n<div class=\"flex flex-wrap items-center justify-center gap-1 md:justify-start\">\n        <span class=\"font-bold\"><\/p>\n<p>            1\u00a0499,00\u00a0$<br \/>\n                            <span class=\"font-medium\">chez Home D\u00e9p\u00f4t<\/span><br \/>\n                    <\/span>\n            <\/div>\n<div class=\"flex items-center justify-center gap-x-1 font-bold md:justify-start\">\n            <span class=\"text-sm line-through\">2\u00a0499,00\u00a0$<\/span><br \/>\n            <span class=\"text-sm text-brand-green\">\u00c9conomisez 1\u00a0000,00\u00a0$<\/span>\n        <\/div>\n<\/p><\/div>\n<\/p><\/div>\n<\/p><\/div>\n<div class=\"w-44 self-end\">\n                            <button class=\"flex justify-center items-center w-full bg-brand-green text-white text-base font-sans font-medium rounded-md hover:bg-brand-green-700 hover:cursor-pointer md:text-sm h-11\"><\/p>\n<p>    Obtenez une offre<br \/>\n<\/button>\n                        <\/div>\n<\/p><\/div>\n<\/p><\/div>\n<div class=\"order-2 mt-5 h-auto w-full md:order-1 md:mt-0 md:hidden\">\n<div class=\"flex aspect-video items-center justify-center\">\n                                            <img decoding=\"async\" class=\"m-0 max-h-full max-w-full rounded-md\" src=\"https:\/\/vieassociative.be\/actualites\/wp-content\/uploads\/2026\/09\/Les-meilleures-offres-sur-les-outils-et-appareils-electromenagers-de.png\" alt=\"LG 30 po. 6,3 cu. Four intelligent de 1,7 pi3\" width=\"auto\" height=\"auto\" loading=\"lazy\">\n                                    <\/div>\n<\/p><\/div>\n<div class=\"order-2 ml-2 hidden w-32 shrink-0 items-center md:order-1 md:ml-0 md:flex\">\n<div class=\"flex aspect-video items-center justify-center\">\n                                            <img decoding=\"async\" class=\"m-0 max-h-full max-w-full rounded-md\" src=\"https:\/\/vieassociative.be\/actualites\/wp-content\/uploads\/2026\/09\/Les-meilleures-offres-sur-les-outils-et-appareils-electromenagers-de.png\" alt=\"LG 30 po. 6,3 cu. Four intelligent de 1,7 pi3\" width=\"auto\" height=\"auto\" loading=\"lazy\">\n                                    <\/div>\n<\/p><\/div>\n<div class=\"order-3 flex grow flex-wrap md:hidden md:grow-0\">\n<div class=\"mt-4 w-full\">\n                        <button class=\"flex justify-center items-center w-full bg-brand-green text-white text-base font-sans font-medium rounded-md hover:bg-brand-green-700 hover:cursor-pointer md:text-sm h-11\"><\/p>\n<p>    Obtenez une offre<br \/>\n<\/button>\n                    <\/div>\n<div class=\"mx-2 mt-4 w-full\">\n<div class=\" font-sans leading-4 text-black\">\n<div class=\"flex flex-wrap items-center justify-center gap-1 md:justify-start\">\n        <span class=\"font-bold\"><\/p>\n<p>            1\u00a0499,00\u00a0$<br \/>\n                            <span class=\"font-medium\">chez Home D\u00e9p\u00f4t<\/span><br \/>\n                    <\/span>\n            <\/div>\n<div class=\"flex items-center justify-center gap-x-1 font-bold md:justify-start\">\n            <span class=\"text-sm line-through\">2\u00a0499,00\u00a0$<\/span><br \/>\n            <span class=\"text-sm text-brand-green\">\u00c9conomisez 1\u00a0000,00\u00a0$<\/span>\n        <\/div>\n<\/p><\/div>\n<\/p><\/div>\n<\/p><\/div>\n<\/p><\/div>\n<\/div>\n<p>\u00c0 l\u2019heure actuelle, Home Depot propose \u00e9galement une r\u00e9duction suppl\u00e9mentaire en plus de ses offres pour la f\u00eate du Travail. Pour certains appareils \u00e9lectrom\u00e9nagers (r\u00e9frig\u00e9rateurs, laveuses et s\u00e9cheuses, cong\u00e9lateurs, cuisini\u00e8res, fours muraux, tables de cuisson, lave-vaisselle et micro-ondes \u00e0 hotte int\u00e9gr\u00e9e), vous pouvez obtenir un rabais suppl\u00e9mentaire de 50\u00a0$ lorsque vous d\u00e9pensez 698\u00a0$\u00a0; 100\u00a0$ de rabais lorsque vous d\u00e9pensez 998\u00a0$\u00a0; 150\u00a0$ de rabais lorsque vous d\u00e9pensez 1\u00a0298\u00a0$\u00a0; et 250\u00a0$ de rabais lorsque vous d\u00e9pensez 1\u00a0498\u00a0$ ou plus. Vous saurez que l&rsquo;appareil est \u00e9ligible lorsque vous verrez la banni\u00e8re \u00ab Achetez plus, \u00e9conomisez plus \u00bb sous le prix. Voici quelques-unes des meilleures fa\u00e7ons de b\u00e9n\u00e9ficier de cette double remise\u00a0:<\/p>\n<ul>\n<li>\n<p><strong>Un four \u00e0 micro-ondes en acier inoxydable<\/strong>: \u00c0 l&rsquo;heure actuelle, le Whirlpool 1,7 cu. ft. Over-the-Range Microwave co\u00fbte 229 $ (\u00e0 l\u2019origine 410 $) apr\u00e8s une r\u00e9duction de 44 %. Ce micro-ondes est dot\u00e9 de deux ventilateurs qui aident \u00e0 masquer l&rsquo;odeur de tout ce que vous cuisinez.<\/p>\n<\/li>\n<li>\n<p><strong>Une cuisini\u00e8re \u00e0 gaz LG<\/strong>: Si vous \u00eates \u00e0 la recherche d&rsquo;une nouvelle cuisini\u00e8re \u00e0 gaz, la LG 30 po. 6,3 cu. ft. Smart Oven co\u00fbte maintenant 1 499 $ (\u00e0 l&rsquo;origine 2 499 $), soit une r\u00e9duction de 40 %. (Cette offre anticip\u00e9e expire \u00e0 3 h HE le vendredi 28 ao\u00fbt.)<\/p>\n<\/li>\n<li>\n<p><strong>Un r\u00e9frig\u00e9rateur Whirlpool \u00e0 portes fran\u00e7aises<\/strong>: La meilleure offre actuellement sur un r\u00e9frig\u00e9rateur de 33 pouces chez Home Depot est le Whirlpool 22 cu. R\u00e9frig\u00e9rateur \u00e0 portes fran\u00e7aises de 1,3 pi3, actuellement en cours de <strong>1 799 $<\/strong> (\u00e0 l&rsquo;origine 2 599 $). C\u2019est le r\u00e9frig\u00e9rateur le moins cher depuis des mois. <\/p>\n<\/li>\n<li>\n<p><strong>Ce r\u00e9frig\u00e9rateur sur mesure surdimensionn\u00e9<\/strong>: Pour ceux qui ont besoin d&rsquo;un r\u00e9frig\u00e9rateur plus grand, le r\u00e9frig\u00e9rateur sur mesure de 36 pouces est \u00e9galement <strong>1 799 $<\/strong> (\u00e0 l&rsquo;origine 3 199 $) apr\u00e8s une remise de 44 %. Il contient 29 cu. pi \u00e0 l&rsquo;int\u00e9rieur avec une conception \u00e0 quatre portes fran\u00e7aises.<\/p>\n<\/li>\n<\/ul>\n<h2 id=\"the-best-deals-on-grills-in-best-buys-early-labor-day-sale\">Les meilleures offres sur les grils lors des premi\u00e8res ventes de Best Buy pour la f\u00eate du Travail<\/h2>\n<div class=\"pogoClear mb-12 mt-10 rounded-md border-2 border-gray-100 py-7 shadow-xl md:py-6\">\n<div class=\"flex flex-wrap justify-between px-7 text-black no-underline md:flex-nowrap md:px-8\">\n<div class=\"order-1 mx-auto flex flex-col justify-center md:order-2 md:ml-4 md:w-full md:grow\">\n<div class=\"block cursor-pointer text-center font-akshar text-2xl font-medium leading-7 text-brand-green duration-200 ease-in-out hover:text-brand-green-700 md:text-left md:text-xl md:leading-6\">Gril \u00e0 granul\u00e9s de bois Traeger Pro Series 22\n                <\/div>\n<div class=\"mt-4 block font-sans text-sm font-medium leading-4 text-gray-900 md:mx-0 md:mt-2\">Aliment\u00e9 par des granul\u00e9s de bois dur\n                    <\/div>\n<div class=\"mt-4 hidden md:flex md:justify-between\">\n<div class=\"self-end\">\n<div class=\"mb-0 h-11 md:flex md:flex-col md:justify-center\">\n<div class=\" font-sans leading-4 text-black\">\n<div class=\"flex flex-wrap items-center justify-center gap-1 md:justify-start\">\n        <span class=\"font-bold\"><\/p>\n<p>            389,99\u00a0$<br \/>\n                            <span class=\"font-medium\">chez Home D\u00e9p\u00f4t<\/span><br \/>\n                    <\/span>\n            <\/div>\n<div class=\"flex items-center justify-center gap-x-1 font-bold md:justify-start\">\n            <span class=\"text-sm line-through\">549,99\u00a0$<\/span><br \/>\n            <span class=\"text-sm text-brand-green\">\u00c9conomisez 160,00\u00a0$<\/span>\n        <\/div>\n<\/p><\/div>\n<\/p><\/div>\n<\/p><\/div>\n<div class=\"w-44 self-end\">\n                            <button class=\"flex justify-center items-center w-full bg-brand-green text-white text-base font-sans font-medium rounded-md hover:bg-brand-green-700 hover:cursor-pointer md:text-sm h-11\"><\/p>\n<p>    Obtenez une offre<br \/>\n<\/button>\n                        <\/div>\n<\/p><\/div>\n<\/p><\/div>\n<div class=\"order-2 mt-5 h-auto w-full md:order-1 md:mt-0 md:hidden\">\n<div class=\"flex aspect-video items-center justify-center\">\n                                            <img decoding=\"async\" class=\"m-0 max-h-full max-w-full rounded-md\" src=\"https:\/\/vieassociative.be\/actualites\/wp-content\/uploads\/2026\/09\/1788423526_980_Les-meilleures-offres-sur-les-outils-et-appareils-electromenagers-de.png\" alt=\"Gril \u00e0 granul\u00e9s de bois Traeger Pro Series 22\" width=\"auto\" height=\"auto\" loading=\"lazy\">\n                                    <\/div>\n<\/p><\/div>\n<div class=\"order-2 ml-2 hidden w-32 shrink-0 items-center md:order-1 md:ml-0 md:flex\">\n<div class=\"flex aspect-video items-center justify-center\">\n                                            <img decoding=\"async\" class=\"m-0 max-h-full max-w-full rounded-md\" src=\"https:\/\/vieassociative.be\/actualites\/wp-content\/uploads\/2026\/09\/1788423526_980_Les-meilleures-offres-sur-les-outils-et-appareils-electromenagers-de.png\" alt=\"Gril \u00e0 granul\u00e9s de bois Traeger Pro Series 22\" width=\"auto\" height=\"auto\" loading=\"lazy\">\n                                    <\/div>\n<\/p><\/div>\n<div class=\"order-3 flex grow flex-wrap md:hidden md:grow-0\">\n<div class=\"mt-4 w-full\">\n                        <button class=\"flex justify-center items-center w-full bg-brand-green text-white text-base font-sans font-medium rounded-md hover:bg-brand-green-700 hover:cursor-pointer md:text-sm h-11\"><\/p>\n<p>    Obtenez une offre<br \/>\n<\/button>\n                    <\/div>\n<div class=\"mx-2 mt-4 w-full\">\n<div class=\" font-sans leading-4 text-black\">\n<div class=\"flex flex-wrap items-center justify-center gap-1 md:justify-start\">\n        <span class=\"font-bold\"><\/p>\n<p>            389,99\u00a0$<br \/>\n                            <span class=\"font-medium\">chez Home D\u00e9p\u00f4t<\/span><br \/>\n                    <\/span>\n            <\/div>\n<div class=\"flex items-center justify-center gap-x-1 font-bold md:justify-start\">\n            <span class=\"text-sm line-through\">549,99\u00a0$<\/span><br \/>\n            <span class=\"text-sm text-brand-green\">\u00c9conomisez 160,00\u00a0$<\/span>\n        <\/div>\n<\/p><\/div>\n<\/p><\/div>\n<\/p><\/div>\n<\/p><\/div>\n<\/div>\n<p>Les grils \u00e0 granul\u00e9s de bois peuvent produire un go\u00fbt de feu de bois plus l\u00e9ger que les grils au charbon de bois ou au gaz ne peuvent \u00e9galer. Ce gril \u00e0 granul\u00e9s de bois Traeger Pro peut accueillir environ quatre poulets, cinq supports de c\u00f4tes lev\u00e9es ou environ 28 galettes de hamburger avec ses 27 pouces de profondeur. Vous pouvez l&rsquo;obtenir pour <strong>389,99\u00a0$<\/strong> (\u00e0 l&rsquo;origine 549,99 $) en ce moment.<\/p>\n<h3>Autres offres de grillades pour la f\u00eate du Travail<\/h3>\n<ul>\n<li>\n<p>Z Grills Gril \u00e0 granul\u00e9s de 697 pouces carr\u00e9s 509,99 $ (\u00e0 l&rsquo;origine 609 $)<\/p>\n<\/li>\n<li>\n<p>Gril \u00e0 gaz portable \u00e0 dessus plat et plaque chauffante \u00e0 4 br\u00fbleurs de 48 000 BTU 229,99 $ (\u00e0 l&rsquo;origine 359,99 $)<\/p>\n<\/li>\n<li>\n<p>Barbecue au gaz propane liquide \u00e0 6 br\u00fbleurs avec saisie et br\u00fbleur lat\u00e9ral 399,99 $ (\u00e0 l&rsquo;origine 597,50 $)<\/p>\n<\/li>\n<li>\n<p>Gril \u00e0 granul\u00e9s de bois Pit Boss 850 Navigator Series 699,99 $ (\u00e0 l&rsquo;origine 799,99 $)<\/p>\n<\/li>\n<\/ul>\n<h2 id=\"the-best-deals-on-leaf-blowers-in-best-buys-early-labor-day-sale\">Les meilleures offres sur les souffleurs de feuilles lors des premi\u00e8res ventes de Best Buy pour la f\u00eate du Travail<\/h2>\n<div class=\"pogoClear mb-12 mt-10 rounded-md border-2 border-gray-100 py-7 shadow-xl md:py-6\">\n<div class=\"flex flex-wrap justify-between px-7 text-black no-underline md:flex-nowrap md:px-8\">\n<div class=\"order-1 mx-auto flex flex-col justify-center md:order-2 md:ml-4 md:w-full md:grow\">\n<div class=\"block cursor-pointer text-center font-akshar text-2xl font-medium leading-7 text-brand-green duration-200 ease-in-out hover:text-brand-green-700 md:text-left md:text-xl md:leading-6\">Souffleur \u00e0 main sans fil Milwaukee M18\n                <\/div>\n<div class=\"mt-4 block font-sans text-sm font-medium leading-4 text-gray-900 md:mx-0 md:mt-2\">CARBURANT 120 MPH 500 CFM 18V Lithium-Ion\n                    <\/div>\n<div class=\"mt-4 hidden md:flex md:justify-between\">\n<div class=\"self-end\">\n<div class=\"mb-0 h-11 md:flex md:flex-col md:justify-center\">\n<div class=\" font-sans leading-4 text-black\">\n<div class=\"flex flex-wrap items-center justify-center gap-1 md:justify-start\">\n        <span class=\"font-bold\"><\/p>\n<p>            149,00\u00a0$<br \/>\n                            <span class=\"font-medium\">chez Home D\u00e9p\u00f4t<\/span><br \/>\n                    <\/span>\n            <\/div>\n<div class=\"flex items-center justify-center gap-x-1 font-bold md:justify-start\">\n            <span class=\"text-sm line-through\">199,00\u00a0$<\/span><br \/>\n            <span class=\"text-sm text-brand-green\">\u00c9conomisez 50,00\u00a0$<\/span>\n        <\/div>\n<\/p><\/div>\n<\/p><\/div>\n<\/p><\/div>\n<div class=\"w-44 self-end\">\n                            <button class=\"flex justify-center items-center w-full bg-brand-green text-white text-base font-sans font-medium rounded-md hover:bg-brand-green-700 hover:cursor-pointer md:text-sm h-11\"><\/p>\n<p>    Obtenez une offre<br \/>\n<\/button>\n                        <\/div>\n<\/p><\/div>\n<\/p><\/div>\n<div class=\"order-2 mt-5 h-auto w-full md:order-1 md:mt-0 md:hidden\">\n<div class=\"flex aspect-video items-center justify-center\">\n                                            <img decoding=\"async\" class=\"m-0 max-h-full max-w-full rounded-md\" src=\"https:\/\/vieassociative.be\/actualites\/wp-content\/uploads\/2026\/09\/1788423526_492_Les-meilleures-offres-sur-les-outils-et-appareils-electromenagers-de.png\" alt=\"Souffleur \u00e0 main sans fil Milwaukee M18 FUEL 120 MPH 500 CFM 18 V Lithium-Ion sans balais\" width=\"auto\" height=\"auto\" loading=\"lazy\">\n                                    <\/div>\n<\/p><\/div>\n<div class=\"order-2 ml-2 hidden w-32 shrink-0 items-center md:order-1 md:ml-0 md:flex\">\n<div class=\"flex aspect-video items-center justify-center\">\n                                            <img decoding=\"async\" class=\"m-0 max-h-full max-w-full rounded-md\" src=\"https:\/\/vieassociative.be\/actualites\/wp-content\/uploads\/2026\/09\/1788423526_492_Les-meilleures-offres-sur-les-outils-et-appareils-electromenagers-de.png\" alt=\"Souffleur \u00e0 main sans fil Milwaukee M18 FUEL 120 MPH 500 CFM 18 V Lithium-Ion sans balais\" width=\"auto\" height=\"auto\" loading=\"lazy\">\n                                    <\/div>\n<\/p><\/div>\n<div class=\"order-3 flex grow flex-wrap md:hidden md:grow-0\">\n<div class=\"mt-4 w-full\">\n                        <button class=\"flex justify-center items-center w-full bg-brand-green text-white text-base font-sans font-medium rounded-md hover:bg-brand-green-700 hover:cursor-pointer md:text-sm h-11\"><\/p>\n<p>    Obtenez une offre<br \/>\n<\/button>\n                    <\/div>\n<div class=\"mx-2 mt-4 w-full\">\n<div class=\" font-sans leading-4 text-black\">\n<div class=\"flex flex-wrap items-center justify-center gap-1 md:justify-start\">\n        <span class=\"font-bold\"><\/p>\n<p>            149,00\u00a0$<br \/>\n                            <span class=\"font-medium\">chez Home D\u00e9p\u00f4t<\/span><br \/>\n                    <\/span>\n            <\/div>\n<div class=\"flex items-center justify-center gap-x-1 font-bold md:justify-start\">\n            <span class=\"text-sm line-through\">199,00\u00a0$<\/span><br \/>\n            <span class=\"text-sm text-brand-green\">\u00c9conomisez 50,00\u00a0$<\/span>\n        <\/div>\n<\/p><\/div>\n<\/p><\/div>\n<\/p><\/div>\n<\/p><\/div>\n<\/div>\n<p>L&rsquo;automne approche \u00e0 grands pas, et si vous recherchez un souffleur de feuilles pour vous aider \u00e0 g\u00e9rer votre jardin, vous pouvez vous procurer ce souffleur \u00e0 main sans fil Milwaukee M18 FUEL pour <strong>149\u00a0$<\/strong> (\u00e0 l&rsquo;origine 199 $).<\/p>\n<h3>Autres offres de souffleurs de feuilles pour la f\u00eate du Travail<\/h3>\n<ul>\n<li>\n<p>Souffleur de feuilles \u00e0 dos sans fil Ryobi 40 V HP s\u00e9rie Whisper sans fil 180 MPH 850 CFM avec batterie de 8,0 Ah et chargeur 499 $ (\u00e0 l&rsquo;origine 629 $)<\/p>\n<\/li>\n<li>\n<p>Souffleur de feuilles sans fil Ryobi 40 V HP s\u00e9rie Whisper sans balais 180 MPH 800 CFM avec batterie de 8,0 Ah et chargeur 279 $ (\u00e0 l&rsquo;origine 349 $)<\/p>\n<\/li>\n<li>\n<p>Souffleur \u00e0 batterie sans fil Homelite 12 V au lithium 90 MPH 160 CFM avec batterie interne de 2,5 Ah et chargeur 39 $ (\u00e0 l&rsquo;origine 79 $)<\/p>\n<\/li>\n<\/ul>\n<h2 id=\"the-best-deals-on-tools-in-best-buys-early-labor-day-sale\">Les meilleures offres sur les outils lors des premi\u00e8res ventes de Best Buy pour la f\u00eate du Travail<\/h2>\n<div class=\"pogoClear mb-12 mt-10 rounded-md border-2 border-gray-100 py-7 shadow-xl md:py-6\">\n<div class=\"flex flex-wrap justify-between px-7 text-black no-underline md:flex-nowrap md:px-8\">\n<div class=\"order-1 mx-auto flex flex-col justify-center md:order-2 md:ml-4 md:w-full md:grow\">\n<div class=\"block cursor-pointer text-center font-akshar text-2xl font-medium leading-7 text-brand-green duration-200 ease-in-out hover:text-brand-green-700 md:text-left md:text-xl md:leading-6\">Kit combin\u00e9 de 3 outils ONE+ 18 V\n                <\/div>\n<div class=\"mt-4 block font-sans text-sm font-medium leading-4 text-gray-900 md:mx-0 md:mt-2\">Avec perceuse\/visseuse 1\/2&Prime;, scie circulaire 5 1\/2&Prime;, scie alternative, batteries 1,5 Ah et chargeur.\n                    <\/div>\n<div class=\"mt-4 hidden md:flex md:justify-between\">\n<div class=\"self-end\">\n<div class=\"mb-0 h-11 md:flex md:flex-col md:justify-center\">\n<div class=\" font-sans leading-4 text-black\">\n<div class=\"flex flex-wrap items-center justify-center gap-1 md:justify-start\">\n        <span class=\"font-bold\"><\/p>\n<p>            199,00\u00a0$<br \/>\n                            <span class=\"font-medium\">chez Home D\u00e9p\u00f4t<\/span><br \/>\n                    <\/span>\n            <\/div>\n<div class=\"flex items-center justify-center gap-x-1 font-bold md:justify-start\">\n            <span class=\"text-sm line-through\">268,00\u00a0$<\/span><br \/>\n            <span class=\"text-sm text-brand-green\">\u00c9conomisez 69,00\u00a0$<\/span>\n        <\/div>\n<\/p><\/div>\n<\/p><\/div>\n<\/p><\/div>\n<div class=\"w-44 self-end\">\n                            <button class=\"flex justify-center items-center w-full bg-brand-green text-white text-base font-sans font-medium rounded-md hover:bg-brand-green-700 hover:cursor-pointer md:text-sm h-11\"><\/p>\n<p>    Obtenez une offre<br \/>\n<\/button>\n                        <\/div>\n<\/p><\/div>\n<\/p><\/div>\n<div class=\"order-2 mt-5 h-auto w-full md:order-1 md:mt-0 md:hidden\">\n<div class=\"flex aspect-video items-center justify-center\">\n                                            <img decoding=\"async\" class=\"m-0 max-h-full max-w-full rounded-md\" src=\"https:\/\/vieassociative.be\/actualites\/wp-content\/uploads\/2026\/09\/1788423527_889_Les-meilleures-offres-sur-les-outils-et-appareils-electromenagers-de.png\" alt=\"ONE+ Kit combin\u00e9 3 outils 18 V avec 1\/2\" Drill\/Driver, 5 1\/2\" Circular Saw, Reciprocating Saw, 1.5ah Batteries &amp; Charger\" width=\"auto\" height=\"auto\" loading=\"lazy\">\n                                    <\/div>\n<\/p><\/div>\n<div class=\"order-2 ml-2 hidden w-32 shrink-0 items-center md:order-1 md:ml-0 md:flex\">\n<div class=\"flex aspect-video items-center justify-center\">\n                                            <img decoding=\"async\" class=\"m-0 max-h-full max-w-full rounded-md\" src=\"https:\/\/vieassociative.be\/actualites\/wp-content\/uploads\/2026\/09\/1788423527_889_Les-meilleures-offres-sur-les-outils-et-appareils-electromenagers-de.png\" alt=\"ONE+ Kit combin\u00e9 3 outils 18 V avec 1\/2\" Drill\/Driver, 5 1\/2\" Circular Saw, Reciprocating Saw, 1.5ah Batteries &amp; Charger\" width=\"auto\" height=\"auto\" loading=\"lazy\">\n                                    <\/div>\n<\/p><\/div>\n<div class=\"order-3 flex grow flex-wrap md:hidden md:grow-0\">\n<div class=\"mt-4 w-full\">\n                        <button class=\"flex justify-center items-center w-full bg-brand-green text-white text-base font-sans font-medium rounded-md hover:bg-brand-green-700 hover:cursor-pointer md:text-sm h-11\"><\/p>\n<p>    Obtenez une offre<br \/>\n<\/button>\n                    <\/div>\n<div class=\"mx-2 mt-4 w-full\">\n<div class=\" font-sans leading-4 text-black\">\n<div class=\"flex flex-wrap items-center justify-center gap-1 md:justify-start\">\n        <span class=\"font-bold\"><\/p>\n<p>            199,00\u00a0$<br \/>\n                            <span class=\"font-medium\">chez Home D\u00e9p\u00f4t<\/span><br \/>\n                    <\/span>\n            <\/div>\n<div class=\"flex items-center justify-center gap-x-1 font-bold md:justify-start\">\n            <span class=\"text-sm line-through\">268,00\u00a0$<\/span><br \/>\n            <span class=\"text-sm text-brand-green\">\u00c9conomisez 69,00\u00a0$<\/span>\n        <\/div>\n<\/p><\/div>\n<\/p><\/div>\n<\/p><\/div>\n<\/p><\/div>\n<\/div>\n<p>Ce kit combin\u00e9 de 3 outils sans fil Ryobi ONE+ 18 V est parfait pour ceux qui ont besoin d&rsquo;une base solide d&rsquo;outils pour se lancer dans des projets de bricolage. Cet ensemble comprend une perceuse, une scie alternative, une scie circulaire, des piles, un chargeur et un sac. Il se vend 199 $ (initialement 268 $) apr\u00e8s une remise de 26 %.<\/p>\n<h3>Autres offres d&rsquo;outils pour la f\u00eate du Travail<\/h3>\n<ul>\n<li>\n<p>Milwaukee M18 Fuel 18 V sans fil \u00e0 couple moyen 1\/2 po. Cl\u00e9 \u00e0 chocs avec M12 FUEL 3\/8 po. Kit combin\u00e9 cliquet et batterie\/chargeur 399 $ (\u00e0 l&rsquo;origine 549 $)<\/p>\n<\/li>\n<li>\n<p>Kit combin\u00e9 sans fil Milwaukee M18 18 volts lithium-ion (8 outils) avec (2) chargeurs de batteries 649 $ (\u00e0 l&rsquo;origine 1 298 $)<\/p>\n<\/li>\n<li>\n<p>Kit combin\u00e9 de 12 outils sans fil Ryobi ONE+18V avec (3) batteries et chargeur 679 $ (829 $)<\/p>\n<\/li>\n<li>\n<p>Kit combin\u00e9 de 12 outils sans fil ONE+ 18 V 798\u00a0$ (\u00e0 l&rsquo;origine 898\u00a0$)<\/p>\n<\/li>\n<li>\n<p>Kit combin\u00e9 de 8 outils sans fil 18 V 399 $ (\u00e0 l&rsquo;origine 699 $)<\/p>\n<\/li>\n<\/ul>\n<h2 id=\"the-best-deals-on-security-cameras-in-best-buys-early-labor-day-sale\">Les meilleures offres sur les cam\u00e9ras de s\u00e9curit\u00e9 lors des premi\u00e8res ventes de Best Buy pour la f\u00eate du Travail<\/h2>\n<p>Cette Ring Outdoor Floodlight Security Cam Plus est une cam\u00e9ra filaire de 2 000 lumens, suffisamment lumineuse pour \u00e9clairer la plupart des arri\u00e8re-cours, et dot\u00e9e d&rsquo;une alarme de 105 dB qui vous r\u00e9veillera (et probablement vos voisins aussi). Vous pouvez l&rsquo;obtenir pour 119,99 $ (initialement 199,99 $).<\/p>\n<h3>Autres offres de cam\u00e9ras de s\u00e9curit\u00e9 pour la f\u00eate du Travail<\/h3>\n<ul>\n<li>\n<p>Cam\u00e9ra de s\u00e9curit\u00e9 int\u00e9rieure\/ext\u00e9rieure Blink Mini 2K+ 21,99 $ (\u00e0 l&rsquo;origine 39,99 $)<\/p>\n<\/li>\n<li>\n<p>Wyze Bulb Cam Plug-In 39,98 $ (\u00e0 l&rsquo;origine 49,98 $)<\/p>\n<\/li>\n<li>\n<p>Syst\u00e8me de s\u00e9curit\u00e9 pour maison intelligente (7 pi\u00e8ces) 99,99 $ (\u00e0 l&rsquo;origine 229,99 $)<\/p>\n<\/li>\n<li>\n<p>Defender AI Powered Guard Pro 69,98 $ (\u00e0 l\u2019origine 119,99 $)<\/p>\n<\/li>\n<\/ul>\n<h2 id=\"home-depot-labor-day-deals-faqs\">FAQ sur les offres de la f\u00eate du Travail de Home Depot <\/h2>\n<h3>Quand se termine la vente de la f\u00eate du Travail de Home Depot ? <\/h3>\n<p>Les ventes anticip\u00e9es de la F\u00eate du Travail de Home Depot se poursuivront jusqu&rsquo;au 9 septembre\u00a0; sachez simplement que certaines offres se termineront avant cette date et que certains articles pourraient tout simplement \u00eatre \u00e9puis\u00e9s.<\/p>\n<h3>Les offres d&rsquo;\u00e9lectrom\u00e9nagers de Home Depot pour la f\u00eate du Travail en valent-elles la peine ? <\/h3>\n<p>La f\u00eate du Travail est traditionnellement un bon moment pour Home Depot pour trouver des offres dans de nombreuses cat\u00e9gories, mais qu&rsquo;elles en valent la peine ou non d\u00e9pend enti\u00e8rement de ce que vous recherchez. Par rapport aux soldes comme le Black Friday ou le Prime Day, la F\u00eate du Travail n&rsquo;est pas \u00e0 la hauteur en termes de volume et de qualit\u00e9 des remises, mais vous pouvez toujours trouver un bon prix sur des ensembles d&rsquo;outils ou des appareils de cuisine qui pourraient battre ou \u00e9galer ces prix de vacances. (Nous utilisons des outils de suivi des prix pour vous indiquer si une offre en vaut la peine ou non.)<\/p>\n<h3>Quels autres magasins proposent des soldes pour la f\u00eate du Travail\u00a0?<\/h3>\n<p>Jusqu&rsquo;\u00e0 pr\u00e9sent, Amazon, Best Buy, Lowe&rsquo;s, Wayfair et d&rsquo;autres d\u00e9taillants ont commenc\u00e9 leurs premi\u00e8res ventes pour la f\u00eate du Travail. Target et d\u2019autres d\u00e9taillants suivront probablement. (Vie Associative rassemblera des offres pour toutes ces ventes.)<\/p>\n<div class=\" relative flex justify-center py-16 md:left-1\/2 md:w-(780px) md:max-w-max md:-translate-x-1\/2\">\n<div class=\"w-max text-center sm:text-left\">\n<div class=\"custom-gradient-background mb-6 rounded-md p-(2px) sm:rounded-tl-none\">\n<div class=\"flex flex-col rounded bg-white sm:rounded-tl-none\">\n                    <span class=\"-mt-4 block w-fit max-w-(calc(100%-1rem)) self-center bg-white px-3 text-center font-akshar text-xl font-medium capitalize text-gray-800 sm:max-w-(calc(100%-2.5rem)) sm:self-start sm:px-10 sm:text-left sm:text-2xl\">Nos meilleures offres technologiques approuv\u00e9es par les \u00e9diteurs en ce moment<\/span><\/p>\n<div class=\"flex flex-col gap-3 p-3 pb-4 text-sm sm:p-10 sm:pt-6 sm:text-justify sm:text-base\">\n<div>\n<p>    \u00c9couteurs sans fil Apple AirPods Pro 3 \u00e0 r\u00e9duction de bruit et fr\u00e9quence cardiaque<\/p>\n<p>                                <span class=\"text-black\"><br \/>\n                                    \u2014<br \/>\n                                    <span class=\"font-bold\">199,00\u00a0$<\/span><br \/>\n                                    <span class=\"!text-xs italic sm:!text-sm\"><\/p>\n<p>                                        (Prix catalogue 249,00 $)<br \/>\n                                    <\/span><br \/>\n                                <\/span>\n                            <\/div>\n<div>\n<p>    Tablette Wi-Fi Apple iPad 11 po A16 128 Go (argent\u00e9, 2025)<\/p>\n<p>                                <span class=\"text-black\"><br \/>\n                                    \u2014<br \/>\n                                    <span class=\"font-bold\">399,99\u00a0$<\/span><br \/>\n                                    <span class=\"!text-xs italic sm:!text-sm\"><\/p>\n<p>                                        (Prix catalogue 449,00 $)<br \/>\n                                    <\/span><br \/>\n                                <\/span>\n                            <\/div>\n<div>\n<p>    Sony WH-1000XM5<\/p>\n<p>                                <span class=\"text-black\"><br \/>\n                                    \u2014<br \/>\n                                    <span class=\"font-bold\">198,00\u00a0$<\/span><br \/>\n                                    <span class=\"!text-xs italic sm:!text-sm\"><\/p>\n<p>                                        (Prix catalogue 399,99\u00a0$)<br \/>\n                                    <\/span><br \/>\n                                <\/span>\n                            <\/div>\n<div>\n<p>    T\u00e9l\u00e9phone d\u00e9bloqu\u00e9 Google Pixel 11 Pro 256 Go avec carte-cadeau Amazon de 200\u00a0$ (Obsidian)<\/p>\n<p>                                <span class=\"text-black\"><br \/>\n                                    \u2014<br \/>\n                                    <span class=\"font-bold\">1\u00a0299,00\u00a0$<\/span><br \/>\n                                    <span class=\"!text-xs italic sm:!text-sm\"><\/p>\n<p>                                        (Prix catalogue 1\u00a0299,00\u00a0$)<br \/>\n                                    <\/span><br \/>\n                                <\/span>\n                            <\/div>\n<div>\n<p>    Google Pixel\u00a0Watch\u00a05 (41\u00a0mm, Wi-Fi, obsidienne)<\/p>\n<p>                                <span class=\"text-black\"><br \/>\n                                    \u2014<br \/>\n                                    <span class=\"font-bold\">399,99\u00a0$<\/span><br \/>\n                                    <span class=\"!text-xs italic sm:!text-sm\"><\/p>\n<p>                                        (Prix catalogue 399,99\u00a0$)<br \/>\n                                    <\/span><br \/>\n                                <\/span>\n                            <\/div>\n<\/p><\/div>\n<\/p><\/div>\n<\/p><\/div>\n<div class=\"flex flex-col items-center justify-between text-black sm:flex-row sm:px-6\">\n                <span class=\"text-xs italic sm:ml-7 sm:text-sm\">Les offres sont s\u00e9lectionn\u00e9es par notre \u00e9quipe commerciale<\/span><\/p><\/div>\n<\/p><\/div>\n<\/p><\/div>\n","protected":false},"excerpt":{"rendered":"<p>Nous pouvons gagner une commission sur les liens sur cette page. Les prix et la disponibilit\u00e9 de l&rsquo;offre sont sujets \u00e0 changement apr\u00e8s la publication.<\/p>\n","protected":false},"author":1,"featured_media":15197,"comment_status":"","ping_status":"","sticky":false,"template":"","format":"standard","meta":{"footnotes":""},"categories":[13],"tags":[3275,451,1314,5308,1485,453,14,79,345,825,33,504,223],"class_list":["post-15196","post","type-post","status-publish","format-standard","has-post-thumbnail","hentry","category-technologie","tag-anticipee","tag-appareils","tag-depot","tag-electromenagers","tag-fete","tag-home","tag-les","tag-meilleures","tag-offres","tag-outils","tag-sur","tag-travail","tag-vente","generate-columns","tablet-grid-50","mobile-grid-100","grid-parent","grid-33"],"yoast_head":"<!-- This site is optimized with the Yoast SEO plugin v24.0 - https:\/\/yoast.com\/wordpress\/plugins\/seo\/ -->\n<title>Les meilleures offres sur les outils et appareils \u00e9lectrom\u00e9nagers de la vente anticip\u00e9e de la f\u00eate du Travail 2026 de Home Depot | Vie Associative<\/title>\n<meta name=\"robots\" content=\"index, follow, max-snippet:-1, max-image-preview:large, max-video-preview:-1\" \/>\n<link rel=\"canonical\" href=\"https:\/\/vieassociative.be\/actualites\/les-meilleures-offres-sur-les-outils-et-appareils-electromenagers-de-la-vente-anticipee-de-la-fete-du-travail-2026-de-home-depot\/\" \/>\n<meta property=\"og:locale\" content=\"fr_FR\" \/>\n<meta property=\"og:type\" content=\"article\" \/>\n<meta property=\"og:title\" content=\"Les meilleures offres sur les outils et appareils \u00e9lectrom\u00e9nagers de la vente anticip\u00e9e de la f\u00eate du Travail 2026 de Home Depot | Vie Associative\" \/>\n<meta property=\"og:description\" content=\"Nous pouvons gagner une commission sur les liens sur cette page. Les prix et la disponibilit\u00e9 de l&rsquo;offre sont sujets \u00e0 changement apr\u00e8s la publication.\" \/>\n<meta property=\"og:url\" content=\"https:\/\/vieassociative.be\/actualites\/les-meilleures-offres-sur-les-outils-et-appareils-electromenagers-de-la-vente-anticipee-de-la-fete-du-travail-2026-de-home-depot\/\" \/>\n<meta property=\"og:site_name\" content=\"Vie Associative\" \/>\n<meta property=\"article:published_time\" content=\"2026-09-03T08:18:47+00:00\" \/>\n<meta property=\"og:image\" content=\"https:\/\/vieassociative.be\/actualites\/wp-content\/uploads\/2026\/09\/Les-meilleures-offres-sur-les-outils-et-appareils-electromenagers-de.png\" \/>\n<meta name=\"author\" content=\"Julien\" \/>\n<meta name=\"twitter:card\" content=\"summary_large_image\" \/>\n<meta name=\"twitter:label1\" content=\"\u00c9crit par\" \/>\n\t<meta name=\"twitter:data1\" content=\"Julien\" \/>\n\t<meta name=\"twitter:label2\" content=\"Dur\u00e9e de lecture est.\" \/>\n\t<meta name=\"twitter:data2\" content=\"7 minutes\" \/>\n<script type=\"application\/ld+json\" class=\"yoast-schema-graph\">{\"@context\":\"https:\/\/schema.org\",\"@graph\":[{\"@type\":\"Article\",\"@id\":\"https:\/\/vieassociative.be\/actualites\/les-meilleures-offres-sur-les-outils-et-appareils-electromenagers-de-la-vente-anticipee-de-la-fete-du-travail-2026-de-home-depot\/#article\",\"isPartOf\":{\"@id\":\"https:\/\/vieassociative.be\/actualites\/les-meilleures-offres-sur-les-outils-et-appareils-electromenagers-de-la-vente-anticipee-de-la-fete-du-travail-2026-de-home-depot\/\"},\"author\":{\"name\":\"Julien\",\"@id\":\"https:\/\/vieassociative.be\/actualites\/#\/schema\/person\/b87ac4f82f9d4e7b7cec7395b679edc4\"},\"headline\":\"Les meilleures offres sur les outils et appareils \u00e9lectrom\u00e9nagers de la vente anticip\u00e9e de la f\u00eate du Travail 2026 de Home Depot\",\"datePublished\":\"2026-09-03T08:18:47+00:00\",\"dateModified\":\"2026-09-03T08:18:47+00:00\",\"mainEntityOfPage\":{\"@id\":\"https:\/\/vieassociative.be\/actualites\/les-meilleures-offres-sur-les-outils-et-appareils-electromenagers-de-la-vente-anticipee-de-la-fete-du-travail-2026-de-home-depot\/\"},\"wordCount\":1536,\"publisher\":{\"@id\":\"https:\/\/vieassociative.be\/actualites\/#organization\"},\"image\":{\"@id\":\"https:\/\/vieassociative.be\/actualites\/les-meilleures-offres-sur-les-outils-et-appareils-electromenagers-de-la-vente-anticipee-de-la-fete-du-travail-2026-de-home-depot\/#primaryimage\"},\"thumbnailUrl\":\"https:\/\/vieassociative.be\/actualites\/wp-content\/uploads\/2026\/09\/Les-meilleures-offres-sur-les-outils-et-appareils-electromenagers-de.webp\",\"keywords\":[\"anticip\u00e9e\",\"appareils\",\"Depot\",\"\u00e9lectrom\u00e9nagers\",\"f\u00eate\",\"Home\",\"Les\",\"meilleures\",\"offres\",\"outils\",\"sur\",\"travail\",\"vente\"],\"articleSection\":[\"Technologie\"],\"inLanguage\":\"fr-BE\"},{\"@type\":\"WebPage\",\"@id\":\"https:\/\/vieassociative.be\/actualites\/les-meilleures-offres-sur-les-outils-et-appareils-electromenagers-de-la-vente-anticipee-de-la-fete-du-travail-2026-de-home-depot\/\",\"url\":\"https:\/\/vieassociative.be\/actualites\/les-meilleures-offres-sur-les-outils-et-appareils-electromenagers-de-la-vente-anticipee-de-la-fete-du-travail-2026-de-home-depot\/\",\"name\":\"Les meilleures offres sur les outils et appareils \u00e9lectrom\u00e9nagers de la vente anticip\u00e9e de la f\u00eate du Travail 2026 de Home Depot | Vie Associative\",\"isPartOf\":{\"@id\":\"https:\/\/vieassociative.be\/actualites\/#website\"},\"primaryImageOfPage\":{\"@id\":\"https:\/\/vieassociative.be\/actualites\/les-meilleures-offres-sur-les-outils-et-appareils-electromenagers-de-la-vente-anticipee-de-la-fete-du-travail-2026-de-home-depot\/#primaryimage\"},\"image\":{\"@id\":\"https:\/\/vieassociative.be\/actualites\/les-meilleures-offres-sur-les-outils-et-appareils-electromenagers-de-la-vente-anticipee-de-la-fete-du-travail-2026-de-home-depot\/#primaryimage\"},\"thumbnailUrl\":\"https:\/\/vieassociative.be\/actualites\/wp-content\/uploads\/2026\/09\/Les-meilleures-offres-sur-les-outils-et-appareils-electromenagers-de.webp\",\"datePublished\":\"2026-09-03T08:18:47+00:00\",\"dateModified\":\"2026-09-03T08:18:47+00:00\",\"breadcrumb\":{\"@id\":\"https:\/\/vieassociative.be\/actualites\/les-meilleures-offres-sur-les-outils-et-appareils-electromenagers-de-la-vente-anticipee-de-la-fete-du-travail-2026-de-home-depot\/#breadcrumb\"},\"inLanguage\":\"fr-BE\",\"potentialAction\":[{\"@type\":\"ReadAction\",\"target\":[\"https:\/\/vieassociative.be\/actualites\/les-meilleures-offres-sur-les-outils-et-appareils-electromenagers-de-la-vente-anticipee-de-la-fete-du-travail-2026-de-home-depot\/\"]}]},{\"@type\":\"ImageObject\",\"inLanguage\":\"fr-BE\",\"@id\":\"https:\/\/vieassociative.be\/actualites\/les-meilleures-offres-sur-les-outils-et-appareils-electromenagers-de-la-vente-anticipee-de-la-fete-du-travail-2026-de-home-depot\/#primaryimage\",\"url\":\"https:\/\/vieassociative.be\/actualites\/wp-content\/uploads\/2026\/09\/Les-meilleures-offres-sur-les-outils-et-appareils-electromenagers-de.webp\",\"contentUrl\":\"https:\/\/vieassociative.be\/actualites\/wp-content\/uploads\/2026\/09\/Les-meilleures-offres-sur-les-outils-et-appareils-electromenagers-de.webp\",\"width\":1200,\"height\":675,\"caption\":\"Les meilleures offres sur les outils et appareils \u00e9lectrom\u00e9nagers de la vente anticip\u00e9e de la f\u00eate du Travail 2026 de Home Depot\"},{\"@type\":\"BreadcrumbList\",\"@id\":\"https:\/\/vieassociative.be\/actualites\/les-meilleures-offres-sur-les-outils-et-appareils-electromenagers-de-la-vente-anticipee-de-la-fete-du-travail-2026-de-home-depot\/#breadcrumb\",\"itemListElement\":[{\"@type\":\"ListItem\",\"position\":1,\"name\":\"Accueil\",\"item\":\"https:\/\/vieassociative.be\/actualites\/\"},{\"@type\":\"ListItem\",\"position\":2,\"name\":\"Les meilleures offres sur les outils et appareils \u00e9lectrom\u00e9nagers de la vente anticip\u00e9e de la f\u00eate du Travail 2026 de Home Depot\"}]},{\"@type\":\"WebSite\",\"@id\":\"https:\/\/vieassociative.be\/actualites\/#website\",\"url\":\"https:\/\/vieassociative.be\/actualites\/\",\"name\":\"Vie Associative\",\"description\":\"\",\"publisher\":{\"@id\":\"https:\/\/vieassociative.be\/actualites\/#organization\"},\"potentialAction\":[{\"@type\":\"SearchAction\",\"target\":{\"@type\":\"EntryPoint\",\"urlTemplate\":\"https:\/\/vieassociative.be\/actualites\/?s={search_term_string}\"},\"query-input\":{\"@type\":\"PropertyValueSpecification\",\"valueRequired\":true,\"valueName\":\"search_term_string\"}}],\"inLanguage\":\"fr-BE\"},{\"@type\":\"Organization\",\"@id\":\"https:\/\/vieassociative.be\/actualites\/#organization\",\"name\":\"Vie Associative\",\"url\":\"https:\/\/vieassociative.be\/actualites\/\",\"logo\":{\"@type\":\"ImageObject\",\"inLanguage\":\"fr-BE\",\"@id\":\"https:\/\/vieassociative.be\/actualites\/#\/schema\/logo\/image\/\",\"url\":\"https:\/\/vieassociative.be\/actualites\/wp-content\/uploads\/2024\/09\/cropped-vieassociative_favicon.ico.png\",\"contentUrl\":\"https:\/\/vieassociative.be\/actualites\/wp-content\/uploads\/2024\/09\/cropped-vieassociative_favicon.ico.png\",\"width\":512,\"height\":512,\"caption\":\"Vie Associative\"},\"image\":{\"@id\":\"https:\/\/vieassociative.be\/actualites\/#\/schema\/logo\/image\/\"}},{\"@type\":\"Person\",\"@id\":\"https:\/\/vieassociative.be\/actualites\/#\/schema\/person\/b87ac4f82f9d4e7b7cec7395b679edc4\",\"name\":\"Julien\",\"image\":{\"@type\":\"ImageObject\",\"inLanguage\":\"fr-BE\",\"@id\":\"https:\/\/vieassociative.be\/actualites\/#\/schema\/person\/image\/\",\"url\":\"https:\/\/vieassociative.be\/actualites\/wp-content\/uploads\/2024\/09\/vie-associative-1-150x150.jpg\",\"contentUrl\":\"https:\/\/vieassociative.be\/actualites\/wp-content\/uploads\/2024\/09\/vie-associative-1-150x150.jpg\",\"caption\":\"Julien\"},\"description\":\"Je suis Julien, r\u00e9dacteur pour Vie Associative. Passionn\u00e9 par le monde associatif depuis plus de 10 ans, j'ai \u00e0 c\u0153ur de partager des histoires inspirantes et de mettre en lumi\u00e8re les initiatives locales. Mon objectif est de sensibiliser et d'encourager l'engagement communautaire \u00e0 travers mes articles.\",\"sameAs\":[\"https:\/\/vieassociative.be\/\"]}]}<\/script>\n<!-- \/ Yoast SEO plugin. -->","yoast_head_json":{"title":"Les meilleures offres sur les outils et appareils \u00e9lectrom\u00e9nagers de la vente anticip\u00e9e de la f\u00eate du Travail 2026 de Home Depot | Vie Associative","robots":{"index":"index","follow":"follow","max-snippet":"max-snippet:-1","max-image-preview":"max-image-preview:large","max-video-preview":"max-video-preview:-1"},"canonical":"https:\/\/vieassociative.be\/actualites\/les-meilleures-offres-sur-les-outils-et-appareils-electromenagers-de-la-vente-anticipee-de-la-fete-du-travail-2026-de-home-depot\/","og_locale":"fr_FR","og_type":"article","og_title":"Les meilleures offres sur les outils et appareils \u00e9lectrom\u00e9nagers de la vente anticip\u00e9e de la f\u00eate du Travail 2026 de Home Depot | Vie Associative","og_description":"Nous pouvons gagner une commission sur les liens sur cette page. Les prix et la disponibilit\u00e9 de l&rsquo;offre sont sujets \u00e0 changement apr\u00e8s la publication.","og_url":"https:\/\/vieassociative.be\/actualites\/les-meilleures-offres-sur-les-outils-et-appareils-electromenagers-de-la-vente-anticipee-de-la-fete-du-travail-2026-de-home-depot\/","og_site_name":"Vie Associative","article_published_time":"2026-09-03T08:18:47+00:00","og_image":[{"url":"https:\/\/vieassociative.be\/actualites\/wp-content\/uploads\/2026\/09\/Les-meilleures-offres-sur-les-outils-et-appareils-electromenagers-de.png","type":"","width":"","height":""}],"author":"Julien","twitter_card":"summary_large_image","twitter_misc":{"\u00c9crit par":"Julien","Dur\u00e9e de lecture est.":"7 minutes"},"schema":{"@context":"https:\/\/schema.org","@graph":[{"@type":"Article","@id":"https:\/\/vieassociative.be\/actualites\/les-meilleures-offres-sur-les-outils-et-appareils-electromenagers-de-la-vente-anticipee-de-la-fete-du-travail-2026-de-home-depot\/#article","isPartOf":{"@id":"https:\/\/vieassociative.be\/actualites\/les-meilleures-offres-sur-les-outils-et-appareils-electromenagers-de-la-vente-anticipee-de-la-fete-du-travail-2026-de-home-depot\/"},"author":{"name":"Julien","@id":"https:\/\/vieassociative.be\/actualites\/#\/schema\/person\/b87ac4f82f9d4e7b7cec7395b679edc4"},"headline":"Les meilleures offres sur les outils et appareils \u00e9lectrom\u00e9nagers de la vente anticip\u00e9e de la f\u00eate du Travail 2026 de Home Depot","datePublished":"2026-09-03T08:18:47+00:00","dateModified":"2026-09-03T08:18:47+00:00","mainEntityOfPage":{"@id":"https:\/\/vieassociative.be\/actualites\/les-meilleures-offres-sur-les-outils-et-appareils-electromenagers-de-la-vente-anticipee-de-la-fete-du-travail-2026-de-home-depot\/"},"wordCount":1536,"publisher":{"@id":"https:\/\/vieassociative.be\/actualites\/#organization"},"image":{"@id":"https:\/\/vieassociative.be\/actualites\/les-meilleures-offres-sur-les-outils-et-appareils-electromenagers-de-la-vente-anticipee-de-la-fete-du-travail-2026-de-home-depot\/#primaryimage"},"thumbnailUrl":"https:\/\/vieassociative.be\/actualites\/wp-content\/uploads\/2026\/09\/Les-meilleures-offres-sur-les-outils-et-appareils-electromenagers-de.webp","keywords":["anticip\u00e9e","appareils","Depot","\u00e9lectrom\u00e9nagers","f\u00eate","Home","Les","meilleures","offres","outils","sur","travail","vente"],"articleSection":["Technologie"],"inLanguage":"fr-BE"},{"@type":"WebPage","@id":"https:\/\/vieassociative.be\/actualites\/les-meilleures-offres-sur-les-outils-et-appareils-electromenagers-de-la-vente-anticipee-de-la-fete-du-travail-2026-de-home-depot\/","url":"https:\/\/vieassociative.be\/actualites\/les-meilleures-offres-sur-les-outils-et-appareils-electromenagers-de-la-vente-anticipee-de-la-fete-du-travail-2026-de-home-depot\/","name":"Les meilleures offres sur les outils et appareils \u00e9lectrom\u00e9nagers de la vente anticip\u00e9e de la f\u00eate du Travail 2026 de Home Depot | Vie Associative","isPartOf":{"@id":"https:\/\/vieassociative.be\/actualites\/#website"},"primaryImageOfPage":{"@id":"https:\/\/vieassociative.be\/actualites\/les-meilleures-offres-sur-les-outils-et-appareils-electromenagers-de-la-vente-anticipee-de-la-fete-du-travail-2026-de-home-depot\/#primaryimage"},"image":{"@id":"https:\/\/vieassociative.be\/actualites\/les-meilleures-offres-sur-les-outils-et-appareils-electromenagers-de-la-vente-anticipee-de-la-fete-du-travail-2026-de-home-depot\/#primaryimage"},"thumbnailUrl":"https:\/\/vieassociative.be\/actualites\/wp-content\/uploads\/2026\/09\/Les-meilleures-offres-sur-les-outils-et-appareils-electromenagers-de.webp","datePublished":"2026-09-03T08:18:47+00:00","dateModified":"2026-09-03T08:18:47+00:00","breadcrumb":{"@id":"https:\/\/vieassociative.be\/actualites\/les-meilleures-offres-sur-les-outils-et-appareils-electromenagers-de-la-vente-anticipee-de-la-fete-du-travail-2026-de-home-depot\/#breadcrumb"},"inLanguage":"fr-BE","potentialAction":[{"@type":"ReadAction","target":["https:\/\/vieassociative.be\/actualites\/les-meilleures-offres-sur-les-outils-et-appareils-electromenagers-de-la-vente-anticipee-de-la-fete-du-travail-2026-de-home-depot\/"]}]},{"@type":"ImageObject","inLanguage":"fr-BE","@id":"https:\/\/vieassociative.be\/actualites\/les-meilleures-offres-sur-les-outils-et-appareils-electromenagers-de-la-vente-anticipee-de-la-fete-du-travail-2026-de-home-depot\/#primaryimage","url":"https:\/\/vieassociative.be\/actualites\/wp-content\/uploads\/2026\/09\/Les-meilleures-offres-sur-les-outils-et-appareils-electromenagers-de.webp","contentUrl":"https:\/\/vieassociative.be\/actualites\/wp-content\/uploads\/2026\/09\/Les-meilleures-offres-sur-les-outils-et-appareils-electromenagers-de.webp","width":1200,"height":675,"caption":"Les meilleures offres sur les outils et appareils \u00e9lectrom\u00e9nagers de la vente anticip\u00e9e de la f\u00eate du Travail 2026 de Home Depot"},{"@type":"BreadcrumbList","@id":"https:\/\/vieassociative.be\/actualites\/les-meilleures-offres-sur-les-outils-et-appareils-electromenagers-de-la-vente-anticipee-de-la-fete-du-travail-2026-de-home-depot\/#breadcrumb","itemListElement":[{"@type":"ListItem","position":1,"name":"Accueil","item":"https:\/\/vieassociative.be\/actualites\/"},{"@type":"ListItem","position":2,"name":"Les meilleures offres sur les outils et appareils \u00e9lectrom\u00e9nagers de la vente anticip\u00e9e de la f\u00eate du Travail 2026 de Home Depot"}]},{"@type":"WebSite","@id":"https:\/\/vieassociative.be\/actualites\/#website","url":"https:\/\/vieassociative.be\/actualites\/","name":"Vie Associative","description":"","publisher":{"@id":"https:\/\/vieassociative.be\/actualites\/#organization"},"potentialAction":[{"@type":"SearchAction","target":{"@type":"EntryPoint","urlTemplate":"https:\/\/vieassociative.be\/actualites\/?s={search_term_string}"},"query-input":{"@type":"PropertyValueSpecification","valueRequired":true,"valueName":"search_term_string"}}],"inLanguage":"fr-BE"},{"@type":"Organization","@id":"https:\/\/vieassociative.be\/actualites\/#organization","name":"Vie Associative","url":"https:\/\/vieassociative.be\/actualites\/","logo":{"@type":"ImageObject","inLanguage":"fr-BE","@id":"https:\/\/vieassociative.be\/actualites\/#\/schema\/logo\/image\/","url":"https:\/\/vieassociative.be\/actualites\/wp-content\/uploads\/2024\/09\/cropped-vieassociative_favicon.ico.png","contentUrl":"https:\/\/vieassociative.be\/actualites\/wp-content\/uploads\/2024\/09\/cropped-vieassociative_favicon.ico.png","width":512,"height":512,"caption":"Vie Associative"},"image":{"@id":"https:\/\/vieassociative.be\/actualites\/#\/schema\/logo\/image\/"}},{"@type":"Person","@id":"https:\/\/vieassociative.be\/actualites\/#\/schema\/person\/b87ac4f82f9d4e7b7cec7395b679edc4","name":"Julien","image":{"@type":"ImageObject","inLanguage":"fr-BE","@id":"https:\/\/vieassociative.be\/actualites\/#\/schema\/person\/image\/","url":"https:\/\/vieassociative.be\/actualites\/wp-content\/uploads\/2024\/09\/vie-associative-1-150x150.jpg","contentUrl":"https:\/\/vieassociative.be\/actualites\/wp-content\/uploads\/2024\/09\/vie-associative-1-150x150.jpg","caption":"Julien"},"description":"Je suis Julien, r\u00e9dacteur pour Vie Associative. Passionn\u00e9 par le monde associatif depuis plus de 10 ans, j'ai \u00e0 c\u0153ur de partager des histoires inspirantes et de mettre en lumi\u00e8re les initiatives locales. Mon objectif est de sensibiliser et d'encourager l'engagement communautaire \u00e0 travers mes articles.","sameAs":["https:\/\/vieassociative.be\/"]}]}},"_links":{"self":[{"href":"https:\/\/vieassociative.be\/actualites\/wp-json\/wp\/v2\/posts\/15196"}],"collection":[{"href":"https:\/\/vieassociative.be\/actualites\/wp-json\/wp\/v2\/posts"}],"about":[{"href":"https:\/\/vieassociative.be\/actualites\/wp-json\/wp\/v2\/types\/post"}],"author":[{"embeddable":true,"href":"https:\/\/vieassociative.be\/actualites\/wp-json\/wp\/v2\/users\/1"}],"replies":[{"embeddable":true,"href":"https:\/\/vieassociative.be\/actualites\/wp-json\/wp\/v2\/comments?post=15196"}],"version-history":[{"count":0,"href":"https:\/\/vieassociative.be\/actualites\/wp-json\/wp\/v2\/posts\/15196\/revisions"}],"wp:featuredmedia":[{"embeddable":true,"href":"https:\/\/vieassociative.be\/actualites\/wp-json\/wp\/v2\/media\/15197"}],"wp:attachment":[{"href":"https:\/\/vieassociative.be\/actualites\/wp-json\/wp\/v2\/media?parent=15196"}],"wp:term":[{"taxonomy":"category","embeddable":true,"href":"https:\/\/vieassociative.be\/actualites\/wp-json\/wp\/v2\/categories?post=15196"},{"taxonomy":"post_tag","embeddable":true,"href":"https:\/\/vieassociative.be\/actualites\/wp-json\/wp\/v2\/tags?post=15196"}],"curies":[{"name":"wp","href":"https:\/\/api.w.org\/{rel}","templated":true}]}}